{"id":20594,"date":"2017-01-21T10:37:37","date_gmt":"2017-01-21T15:37:37","guid":{"rendered":"https:\/\/martinluther.ca\/?p=20594"},"modified":"2017-02-25T13:54:00","modified_gmt":"2017-02-25T18:54:00","slug":"sommercamp-2017-fruehbucherrabatt-bis-28-februar","status":"publish","type":"post","link":"https:\/\/martinluther.ca\/de\/2017\/01\/sommercamp-2017-fruehbucherrabatt-bis-28-februar\/","title":{"rendered":"Sommercamp 2017\u2014Fr\u00fchbucherrabatt bis 28. Februar"},"content":{"rendered":"<figure id=\"attachment_20711\" aria-describedby=\"caption-attachment-20711\" style=\"width: 300px\" class=\"wp-caption alignright\"><img loading=\"lazy\" decoding=\"async\" class=\"wp-image-20711 size-medium\" src=\"https:\/\/martinluther.ca\/wp-content\/uploads\/2015\/01\/2014-MLC-at-Camp-Lutherlyn-grouplarge-300x199.jpg\" alt=\"2014 Martin Luther Church at Camp Lutherlyn\" width=\"300\" height=\"199\" srcset=\"https:\/\/martinluther.ca\/wp-content\/uploads\/2015\/01\/2014-MLC-at-Camp-Lutherlyn-grouplarge-300x199.jpg 300w, https:\/\/martinluther.ca\/wp-content\/uploads\/2015\/01\/2014-MLC-at-Camp-Lutherlyn-grouplarge-1024x682.jpg 1024w, https:\/\/martinluther.ca\/wp-content\/uploads\/2015\/01\/2014-MLC-at-Camp-Lutherlyn-grouplarge.jpg 1280w\" sizes=\"auto, (max-width: 300px) 100vw, 300px\" \/><figcaption id=\"caption-attachment-20711\" class=\"wp-caption-text\">Die Martin Luther Gemeinde im Camp Lutherlyn<\/figcaption><\/figure>\n<p>Die Vorbereitungen f\u00fcr das n\u00e4chste Sommercamp sind l\u00e4ngst im Gange. Wir hoffen, dass jeder sich den Termin vom <strong>Samstag den 19. bis Freitag den 25. August 2017\u00a0<\/strong>vorgemerkt hat.<\/p>\n<p>Anmeldeflyer liegen in der Kirche aus. Anmeldung ab sofort \u00fcber das Gemeindeb\u00fcro. Die Teilnehmerbeitrag betr\u00e4gt 410 $ f\u00fcr erwachsene und jugendliche Einzelteilnehmer.<\/p>\n<p>Wer bis zum 28. Februar 2017 bucht erh\u00e4lt einen Rabatt und zahlt nur 380 $. Kinder in Begleitung ihrer Familie zahlen 150 $ (\u00fcber 10 Jahre) bzw. 100 $ (unter 10 Jahren).<\/p>\n<p>Kontakt: <a href=\"mailto:churchoffice@martinluther.ca\">churchoffice@martinluther.ca<\/a>, Telefon:\u00a0 (416) 251-8293.<\/p>\n<p>Wer im Vorbereitungsteam mitarbeiten m\u00f6chte, ist jederzeit herzlich willkommen.<br \/>\nKontakt: Anna Lisa Wienecke, <a href=\"mailto:campdirector@martinluther.ca\">campdirector@martinluther.ca<\/a>,\u00a0Telefon: (416) 939-7441.<\/p>\n<p>In the meantime have a look at our <a href=\"https:\/\/martinluther.ca\/de\/sommercamp\/\">camp webpage<\/a> for photos of past years&#8216; enjoyment.<\/p>\n","protected":false},"excerpt":{"rendered":"<p>Die Vorbereitungen f\u00fcr das n\u00e4chste Sommercamp sind l\u00e4ngst im Gange. Wir hoffen, dass jeder sich den Termin vom Samstag den 19. bis Freitag den 25. August 2017\u00a0vorgemerkt hat. Anmeldeflyer liegen in der Kirche aus. Anmeldung ab sofort \u00fcber das Gemeindeb\u00fcro. Die Teilnehmerbeitrag betr\u00e4gt 410 $ f\u00fcr erwachsene und jugendliche Einzelteilnehmer. Wer bis zum 28. Februar&hellip;<\/p>\n","protected":false},"author":9,"featured_media":20739,"comment_status":"closed","ping_status":"closed","sticky":false,"template":"","format":"standard","meta":{"footnotes":""},"categories":[69],"tags":[],"post_series":[],"class_list":["post-20594","post","type-post","status-publish","format-standard","has-post-thumbnail","hentry","category-news-blog-german","entry","has-media"],"yoast_head":"<!-- This site is optimized with the Yoast SEO plugin v27.5 - https:\/\/yoast.com\/product\/yoast-seo-wordpress\/ -->\n<title>Sommercamp 2017\u2014Fr\u00fchbucherrabatt bis 28. Februar - Martin Luther Evangelische Kirche Toronto<\/title>\n<meta name=\"robots\" content=\"index, follow, max-snippet:-1, max-image-preview:large, max-video-preview:-1\" \/>\n<link rel=\"canonical\" href=\"https:\/\/martinluther.ca\/de\/2017\/01\/sommercamp-2017-fruehbucherrabatt-bis-28-februar\/\" \/>\n<meta property=\"og:locale\" content=\"de_DE\" \/>\n<meta property=\"og:type\" content=\"article\" \/>\n<meta property=\"og:title\" content=\"Sommercamp 2017\u2014Fr\u00fchbucherrabatt bis 28. Februar - Martin Luther Evangelische Kirche Toronto\" \/>\n<meta property=\"og:description\" content=\"Die Vorbereitungen f\u00fcr das n\u00e4chste Sommercamp sind l\u00e4ngst im Gange. Wir hoffen, dass jeder sich den Termin vom Samstag den 19. bis Freitag den 25. August 2017\u00a0vorgemerkt hat. Anmeldeflyer liegen in der Kirche aus. Anmeldung ab sofort \u00fcber das Gemeindeb\u00fcro. Die Teilnehmerbeitrag betr\u00e4gt 410 $ f\u00fcr erwachsene und jugendliche Einzelteilnehmer. Wer bis zum 28. Februar&hellip;\" \/>\n<meta property=\"og:url\" content=\"https:\/\/martinluther.ca\/de\/2017\/01\/sommercamp-2017-fruehbucherrabatt-bis-28-februar\/\" \/>\n<meta property=\"og:site_name\" content=\"Martin Luther Evangelische Kirche Toronto\" \/>\n<meta property=\"article:publisher\" content=\"https:\/\/www.facebook.com\/martinlutherchurchtoronto\" \/>\n<meta property=\"article:published_time\" content=\"2017-01-21T15:37:37+00:00\" \/>\n<meta property=\"article:modified_time\" content=\"2017-02-25T18:54:00+00:00\" \/>\n<meta property=\"og:image\" content=\"https:\/\/martinluther.ca\/wp-content\/uploads\/2015\/01\/2014-MLC-at-Camp-Lutherlyn-group1.jpg\" \/>\n\t<meta property=\"og:image:width\" content=\"1600\" \/>\n\t<meta property=\"og:image:height\" content=\"1200\" \/>\n\t<meta property=\"og:image:type\" content=\"image\/jpeg\" \/>\n<meta name=\"author\" content=\"Mona Kakoschke Frantzke\" \/>\n<meta name=\"twitter:card\" content=\"summary_large_image\" \/>\n<meta name=\"twitter:label1\" content=\"Verfasst von\" \/>\n\t<meta name=\"twitter:data1\" content=\"Mona Kakoschke Frantzke\" \/>\n\t<meta name=\"twitter:label2\" content=\"Gesch\u00e4tzte Lesezeit\" \/>\n\t<meta name=\"twitter:data2\" content=\"1\u00a0Minute\" \/>\n<script type=\"application\/ld+json\" class=\"yoast-schema-graph\">{\"@context\":\"https:\\\/\\\/schema.org\",\"@graph\":[{\"@type\":\"Article\",\"@id\":\"https:\\\/\\\/martinluther.ca\\\/de\\\/2017\\\/01\\\/sommercamp-2017-fruehbucherrabatt-bis-28-februar\\\/#article\",\"isPartOf\":{\"@id\":\"https:\\\/\\\/martinluther.ca\\\/de\\\/2017\\\/01\\\/sommercamp-2017-fruehbucherrabatt-bis-28-februar\\\/\"},\"author\":{\"name\":\"Mona Kakoschke Frantzke\",\"@id\":\"https:\\\/\\\/martinluther.ca\\\/de\\\/#\\\/schema\\\/person\\\/815c51710f70b050f0476f18da6b0c8f\"},\"headline\":\"Sommercamp 2017\u2014Fr\u00fchbucherrabatt bis 28. Februar\",\"datePublished\":\"2017-01-21T15:37:37+00:00\",\"dateModified\":\"2017-02-25T18:54:00+00:00\",\"mainEntityOfPage\":{\"@id\":\"https:\\\/\\\/martinluther.ca\\\/de\\\/2017\\\/01\\\/sommercamp-2017-fruehbucherrabatt-bis-28-februar\\\/\"},\"wordCount\":135,\"publisher\":{\"@id\":\"https:\\\/\\\/martinluther.ca\\\/de\\\/#organization\"},\"image\":{\"@id\":\"https:\\\/\\\/martinluther.ca\\\/de\\\/2017\\\/01\\\/sommercamp-2017-fruehbucherrabatt-bis-28-februar\\\/#primaryimage\"},\"thumbnailUrl\":\"https:\\\/\\\/martinluther.ca\\\/wp-content\\\/uploads\\\/2015\\\/01\\\/2014-MLC-at-Camp-Lutherlyn-group1.jpg\",\"articleSection\":[\"News Blog - German\"],\"inLanguage\":\"de\"},{\"@type\":\"WebPage\",\"@id\":\"https:\\\/\\\/martinluther.ca\\\/de\\\/2017\\\/01\\\/sommercamp-2017-fruehbucherrabatt-bis-28-februar\\\/\",\"url\":\"https:\\\/\\\/martinluther.ca\\\/de\\\/2017\\\/01\\\/sommercamp-2017-fruehbucherrabatt-bis-28-februar\\\/\",\"name\":\"Sommercamp 2017\u2014Fr\u00fchbucherrabatt bis 28. Februar - Martin Luther Evangelische Kirche Toronto\",\"isPartOf\":{\"@id\":\"https:\\\/\\\/martinluther.ca\\\/de\\\/#website\"},\"primaryImageOfPage\":{\"@id\":\"https:\\\/\\\/martinluther.ca\\\/de\\\/2017\\\/01\\\/sommercamp-2017-fruehbucherrabatt-bis-28-februar\\\/#primaryimage\"},\"image\":{\"@id\":\"https:\\\/\\\/martinluther.ca\\\/de\\\/2017\\\/01\\\/sommercamp-2017-fruehbucherrabatt-bis-28-februar\\\/#primaryimage\"},\"thumbnailUrl\":\"https:\\\/\\\/martinluther.ca\\\/wp-content\\\/uploads\\\/2015\\\/01\\\/2014-MLC-at-Camp-Lutherlyn-group1.jpg\",\"datePublished\":\"2017-01-21T15:37:37+00:00\",\"dateModified\":\"2017-02-25T18:54:00+00:00\",\"breadcrumb\":{\"@id\":\"https:\\\/\\\/martinluther.ca\\\/de\\\/2017\\\/01\\\/sommercamp-2017-fruehbucherrabatt-bis-28-februar\\\/#breadcrumb\"},\"inLanguage\":\"de\",\"potentialAction\":[{\"@type\":\"ReadAction\",\"target\":[\"https:\\\/\\\/martinluther.ca\\\/de\\\/2017\\\/01\\\/sommercamp-2017-fruehbucherrabatt-bis-28-februar\\\/\"]}]},{\"@type\":\"ImageObject\",\"inLanguage\":\"de\",\"@id\":\"https:\\\/\\\/martinluther.ca\\\/de\\\/2017\\\/01\\\/sommercamp-2017-fruehbucherrabatt-bis-28-februar\\\/#primaryimage\",\"url\":\"https:\\\/\\\/martinluther.ca\\\/wp-content\\\/uploads\\\/2015\\\/01\\\/2014-MLC-at-Camp-Lutherlyn-group1.jpg\",\"contentUrl\":\"https:\\\/\\\/martinluther.ca\\\/wp-content\\\/uploads\\\/2015\\\/01\\\/2014-MLC-at-Camp-Lutherlyn-group1.jpg\",\"width\":1600,\"height\":1200,\"caption\":\"2014 MLC at Camp Lutherlyn, group\"},{\"@type\":\"BreadcrumbList\",\"@id\":\"https:\\\/\\\/martinluther.ca\\\/de\\\/2017\\\/01\\\/sommercamp-2017-fruehbucherrabatt-bis-28-februar\\\/#breadcrumb\",\"itemListElement\":[{\"@type\":\"ListItem\",\"position\":1,\"name\":\"Home\",\"item\":\"https:\\\/\\\/martinluther.ca\\\/de\\\/\"},{\"@type\":\"ListItem\",\"position\":2,\"name\":\"Sommercamp 2017\u2014Fr\u00fchbucherrabatt bis 28. Februar\"}]},{\"@type\":\"WebSite\",\"@id\":\"https:\\\/\\\/martinluther.ca\\\/de\\\/#website\",\"url\":\"https:\\\/\\\/martinluther.ca\\\/de\\\/\",\"name\":\"Martin Luther Evangelical Church Toronto\",\"description\":\"Deutsch &amp; Englisch\",\"publisher\":{\"@id\":\"https:\\\/\\\/martinluther.ca\\\/de\\\/#organization\"},\"potentialAction\":[{\"@type\":\"SearchAction\",\"target\":{\"@type\":\"EntryPoint\",\"urlTemplate\":\"https:\\\/\\\/martinluther.ca\\\/de\\\/?s={search_term_string}\"},\"query-input\":{\"@type\":\"PropertyValueSpecification\",\"valueRequired\":true,\"valueName\":\"search_term_string\"}}],\"inLanguage\":\"de\"},{\"@type\":\"Organization\",\"@id\":\"https:\\\/\\\/martinluther.ca\\\/de\\\/#organization\",\"name\":\"Martin Luther Evangelical Church Toronto\",\"url\":\"https:\\\/\\\/martinluther.ca\\\/de\\\/\",\"logo\":{\"@type\":\"ImageObject\",\"inLanguage\":\"de\",\"@id\":\"https:\\\/\\\/martinluther.ca\\\/de\\\/#\\\/schema\\\/logo\\\/image\\\/\",\"url\":\"https:\\\/\\\/martinluther.ca\\\/wp-content\\\/uploads\\\/2016\\\/12\\\/ml-logo-300.png\",\"contentUrl\":\"https:\\\/\\\/martinluther.ca\\\/wp-content\\\/uploads\\\/2016\\\/12\\\/ml-logo-300.png\",\"width\":300,\"height\":150,\"caption\":\"Martin Luther Evangelical Church Toronto\"},\"image\":{\"@id\":\"https:\\\/\\\/martinluther.ca\\\/de\\\/#\\\/schema\\\/logo\\\/image\\\/\"},\"sameAs\":[\"https:\\\/\\\/www.facebook.com\\\/martinlutherchurchtoronto\",\"https:\\\/\\\/www.instagram.com\\\/lutheransbythelake\\\/\",\"https:\\\/\\\/www.youtube.com\\\/MartinLutherChurchToronto\"]},{\"@type\":\"Person\",\"@id\":\"https:\\\/\\\/martinluther.ca\\\/de\\\/#\\\/schema\\\/person\\\/815c51710f70b050f0476f18da6b0c8f\",\"name\":\"Mona Kakoschke Frantzke\",\"image\":{\"@type\":\"ImageObject\",\"inLanguage\":\"de\",\"@id\":\"https:\\\/\\\/secure.gravatar.com\\\/avatar\\\/0deb16854ca545cd2e9fc8001ca110d262b80d5c8317b38dc542265fbea0ed19?s=96&d=mm&r=g\",\"url\":\"https:\\\/\\\/secure.gravatar.com\\\/avatar\\\/0deb16854ca545cd2e9fc8001ca110d262b80d5c8317b38dc542265fbea0ed19?s=96&d=mm&r=g\",\"contentUrl\":\"https:\\\/\\\/secure.gravatar.com\\\/avatar\\\/0deb16854ca545cd2e9fc8001ca110d262b80d5c8317b38dc542265fbea0ed19?s=96&d=mm&r=g\",\"caption\":\"Mona Kakoschke Frantzke\"},\"url\":false}]}<\/script>\n<!-- \/ Yoast SEO plugin. -->","yoast_head_json":{"title":"Sommercamp 2017\u2014Fr\u00fchbucherrabatt bis 28. Februar - Martin Luther Evangelische Kirche Toronto","robots":{"index":"index","follow":"follow","max-snippet":"max-snippet:-1","max-image-preview":"max-image-preview:large","max-video-preview":"max-video-preview:-1"},"canonical":"https:\/\/martinluther.ca\/de\/2017\/01\/sommercamp-2017-fruehbucherrabatt-bis-28-februar\/","og_locale":"de_DE","og_type":"article","og_title":"Sommercamp 2017\u2014Fr\u00fchbucherrabatt bis 28. Februar - Martin Luther Evangelische Kirche Toronto","og_description":"Die Vorbereitungen f\u00fcr das n\u00e4chste Sommercamp sind l\u00e4ngst im Gange. Wir hoffen, dass jeder sich den Termin vom Samstag den 19. bis Freitag den 25. August 2017\u00a0vorgemerkt hat. Anmeldeflyer liegen in der Kirche aus. Anmeldung ab sofort \u00fcber das Gemeindeb\u00fcro. Die Teilnehmerbeitrag betr\u00e4gt 410 $ f\u00fcr erwachsene und jugendliche Einzelteilnehmer. Wer bis zum 28. Februar&hellip;","og_url":"https:\/\/martinluther.ca\/de\/2017\/01\/sommercamp-2017-fruehbucherrabatt-bis-28-februar\/","og_site_name":"Martin Luther Evangelische Kirche Toronto","article_publisher":"https:\/\/www.facebook.com\/martinlutherchurchtoronto","article_published_time":"2017-01-21T15:37:37+00:00","article_modified_time":"2017-02-25T18:54:00+00:00","og_image":[{"width":1600,"height":1200,"url":"https:\/\/martinluther.ca\/wp-content\/uploads\/2015\/01\/2014-MLC-at-Camp-Lutherlyn-group1.jpg","type":"image\/jpeg"}],"author":"Mona Kakoschke Frantzke","twitter_card":"summary_large_image","twitter_misc":{"Verfasst von":"Mona Kakoschke Frantzke","Gesch\u00e4tzte Lesezeit":"1\u00a0Minute"},"schema":{"@context":"https:\/\/schema.org","@graph":[{"@type":"Article","@id":"https:\/\/martinluther.ca\/de\/2017\/01\/sommercamp-2017-fruehbucherrabatt-bis-28-februar\/#article","isPartOf":{"@id":"https:\/\/martinluther.ca\/de\/2017\/01\/sommercamp-2017-fruehbucherrabatt-bis-28-februar\/"},"author":{"name":"Mona Kakoschke Frantzke","@id":"https:\/\/martinluther.ca\/de\/#\/schema\/person\/815c51710f70b050f0476f18da6b0c8f"},"headline":"Sommercamp 2017\u2014Fr\u00fchbucherrabatt bis 28. Februar","datePublished":"2017-01-21T15:37:37+00:00","dateModified":"2017-02-25T18:54:00+00:00","mainEntityOfPage":{"@id":"https:\/\/martinluther.ca\/de\/2017\/01\/sommercamp-2017-fruehbucherrabatt-bis-28-februar\/"},"wordCount":135,"publisher":{"@id":"https:\/\/martinluther.ca\/de\/#organization"},"image":{"@id":"https:\/\/martinluther.ca\/de\/2017\/01\/sommercamp-2017-fruehbucherrabatt-bis-28-februar\/#primaryimage"},"thumbnailUrl":"https:\/\/martinluther.ca\/wp-content\/uploads\/2015\/01\/2014-MLC-at-Camp-Lutherlyn-group1.jpg","articleSection":["News Blog - German"],"inLanguage":"de"},{"@type":"WebPage","@id":"https:\/\/martinluther.ca\/de\/2017\/01\/sommercamp-2017-fruehbucherrabatt-bis-28-februar\/","url":"https:\/\/martinluther.ca\/de\/2017\/01\/sommercamp-2017-fruehbucherrabatt-bis-28-februar\/","name":"Sommercamp 2017\u2014Fr\u00fchbucherrabatt bis 28. Februar - Martin Luther Evangelische Kirche Toronto","isPartOf":{"@id":"https:\/\/martinluther.ca\/de\/#website"},"primaryImageOfPage":{"@id":"https:\/\/martinluther.ca\/de\/2017\/01\/sommercamp-2017-fruehbucherrabatt-bis-28-februar\/#primaryimage"},"image":{"@id":"https:\/\/martinluther.ca\/de\/2017\/01\/sommercamp-2017-fruehbucherrabatt-bis-28-februar\/#primaryimage"},"thumbnailUrl":"https:\/\/martinluther.ca\/wp-content\/uploads\/2015\/01\/2014-MLC-at-Camp-Lutherlyn-group1.jpg","datePublished":"2017-01-21T15:37:37+00:00","dateModified":"2017-02-25T18:54:00+00:00","breadcrumb":{"@id":"https:\/\/martinluther.ca\/de\/2017\/01\/sommercamp-2017-fruehbucherrabatt-bis-28-februar\/#breadcrumb"},"inLanguage":"de","potentialAction":[{"@type":"ReadAction","target":["https:\/\/martinluther.ca\/de\/2017\/01\/sommercamp-2017-fruehbucherrabatt-bis-28-februar\/"]}]},{"@type":"ImageObject","inLanguage":"de","@id":"https:\/\/martinluther.ca\/de\/2017\/01\/sommercamp-2017-fruehbucherrabatt-bis-28-februar\/#primaryimage","url":"https:\/\/martinluther.ca\/wp-content\/uploads\/2015\/01\/2014-MLC-at-Camp-Lutherlyn-group1.jpg","contentUrl":"https:\/\/martinluther.ca\/wp-content\/uploads\/2015\/01\/2014-MLC-at-Camp-Lutherlyn-group1.jpg","width":1600,"height":1200,"caption":"2014 MLC at Camp Lutherlyn, group"},{"@type":"BreadcrumbList","@id":"https:\/\/martinluther.ca\/de\/2017\/01\/sommercamp-2017-fruehbucherrabatt-bis-28-februar\/#breadcrumb","itemListElement":[{"@type":"ListItem","position":1,"name":"Home","item":"https:\/\/martinluther.ca\/de\/"},{"@type":"ListItem","position":2,"name":"Sommercamp 2017\u2014Fr\u00fchbucherrabatt bis 28. Februar"}]},{"@type":"WebSite","@id":"https:\/\/martinluther.ca\/de\/#website","url":"https:\/\/martinluther.ca\/de\/","name":"Martin Luther Evangelical Church Toronto","description":"Deutsch &amp; Englisch","publisher":{"@id":"https:\/\/martinluther.ca\/de\/#organization"},"potentialAction":[{"@type":"SearchAction","target":{"@type":"EntryPoint","urlTemplate":"https:\/\/martinluther.ca\/de\/?s={search_term_string}"},"query-input":{"@type":"PropertyValueSpecification","valueRequired":true,"valueName":"search_term_string"}}],"inLanguage":"de"},{"@type":"Organization","@id":"https:\/\/martinluther.ca\/de\/#organization","name":"Martin Luther Evangelical Church Toronto","url":"https:\/\/martinluther.ca\/de\/","logo":{"@type":"ImageObject","inLanguage":"de","@id":"https:\/\/martinluther.ca\/de\/#\/schema\/logo\/image\/","url":"https:\/\/martinluther.ca\/wp-content\/uploads\/2016\/12\/ml-logo-300.png","contentUrl":"https:\/\/martinluther.ca\/wp-content\/uploads\/2016\/12\/ml-logo-300.png","width":300,"height":150,"caption":"Martin Luther Evangelical Church Toronto"},"image":{"@id":"https:\/\/martinluther.ca\/de\/#\/schema\/logo\/image\/"},"sameAs":["https:\/\/www.facebook.com\/martinlutherchurchtoronto","https:\/\/www.instagram.com\/lutheransbythelake\/","https:\/\/www.youtube.com\/MartinLutherChurchToronto"]},{"@type":"Person","@id":"https:\/\/martinluther.ca\/de\/#\/schema\/person\/815c51710f70b050f0476f18da6b0c8f","name":"Mona Kakoschke Frantzke","image":{"@type":"ImageObject","inLanguage":"de","@id":"https:\/\/secure.gravatar.com\/avatar\/0deb16854ca545cd2e9fc8001ca110d262b80d5c8317b38dc542265fbea0ed19?s=96&d=mm&r=g","url":"https:\/\/secure.gravatar.com\/avatar\/0deb16854ca545cd2e9fc8001ca110d262b80d5c8317b38dc542265fbea0ed19?s=96&d=mm&r=g","contentUrl":"https:\/\/secure.gravatar.com\/avatar\/0deb16854ca545cd2e9fc8001ca110d262b80d5c8317b38dc542265fbea0ed19?s=96&d=mm&r=g","caption":"Mona Kakoschke Frantzke"},"url":false}]}},"_links":{"self":[{"href":"https:\/\/martinluther.ca\/de\/wp-json\/wp\/v2\/posts\/20594","targetHints":{"allow":["GET"]}}],"collection":[{"href":"https:\/\/martinluther.ca\/de\/wp-json\/wp\/v2\/posts"}],"about":[{"href":"https:\/\/martinluther.ca\/de\/wp-json\/wp\/v2\/types\/post"}],"author":[{"embeddable":true,"href":"https:\/\/martinluther.ca\/de\/wp-json\/wp\/v2\/users\/9"}],"replies":[{"embeddable":true,"href":"https:\/\/martinluther.ca\/de\/wp-json\/wp\/v2\/comments?post=20594"}],"version-history":[{"count":23,"href":"https:\/\/martinluther.ca\/de\/wp-json\/wp\/v2\/posts\/20594\/revisions"}],"predecessor-version":[{"id":25698,"href":"https:\/\/martinluther.ca\/de\/wp-json\/wp\/v2\/posts\/20594\/revisions\/25698"}],"wp:featuredmedia":[{"embeddable":true,"href":"https:\/\/martinluther.ca\/de\/wp-json\/wp\/v2\/media\/20739"}],"wp:attachment":[{"href":"https:\/\/martinluther.ca\/de\/wp-json\/wp\/v2\/media?parent=20594"}],"wp:term":[{"taxonomy":"category","embeddable":true,"href":"https:\/\/martinluther.ca\/de\/wp-json\/wp\/v2\/categories?post=20594"},{"taxonomy":"post_tag","embeddable":true,"href":"https:\/\/martinluther.ca\/de\/wp-json\/wp\/v2\/tags?post=20594"},{"taxonomy":"post_series","embeddable":true,"href":"https:\/\/martinluther.ca\/de\/wp-json\/wp\/v2\/post_series?post=20594"}],"curies":[{"name":"wp","href":"https:\/\/api.w.org\/{rel}","templated":true}]}}