{"id":20686,"date":"2015-01-24T16:21:44","date_gmt":"2015-01-24T21:21:44","guid":{"rendered":"https:\/\/martinluther.ca\/?p=20686"},"modified":"2025-11-22T12:56:31","modified_gmt":"2025-11-22T17:56:31","slug":"weltgebetstag-2015-bahamas-in-der-martin-luther-kirche-am-freitag-6-maerz","status":"publish","type":"post","link":"https:\/\/martinluther.ca\/de\/2015\/01\/weltgebetstag-2015-bahamas-in-der-martin-luther-kirche-am-freitag-6-maerz\/","title":{"rendered":"Weltgebetstag 2015 (Bahamas) in der Martin Luther Kirche am Freitag 6. M\u00e4rz"},"content":{"rendered":"<figure id=\"attachment_20617\" aria-describedby=\"caption-attachment-20617\" style=\"width: 124px\" class=\"wp-caption alignright\"><img loading=\"lazy\" decoding=\"async\" class=\"size-medium wp-image-20617\" src=\"https:\/\/martinluther.ca\/wp-content\/uploads\/2015\/01\/Deutschsprachige-Evangelische-Kirchen-in-Toronto-124x300.png\" alt=\"Deutschsprachige Evangelische Kirchen in Toronto\" width=\"124\" height=\"300\" srcset=\"https:\/\/martinluther.ca\/wp-content\/uploads\/2015\/01\/Deutschsprachige-Evangelische-Kirchen-in-Toronto-124x300.png 124w, https:\/\/martinluther.ca\/wp-content\/uploads\/2015\/01\/Deutschsprachige-Evangelische-Kirchen-in-Toronto-424x1024.png 424w, https:\/\/martinluther.ca\/wp-content\/uploads\/2015\/01\/Deutschsprachige-Evangelische-Kirchen-in-Toronto.png 657w\" sizes=\"auto, (max-width: 124px) 100vw, 124px\" \/><figcaption id=\"caption-attachment-20617\" class=\"wp-caption-text\">Deutschsprachige Evangelische Kirchen in Toronto<\/figcaption><\/figure>\n<p><img loading=\"lazy\" decoding=\"async\" class=\"alignright size-full wp-image-20651\" src=\"https:\/\/martinluther.ca\/wp-content\/uploads\/2015\/01\/banner_wgt_2015_234x125_web.jpg\" alt=\"World Day of Prayer, 2015 Bahamas\" width=\"234\" height=\"125\" \/><\/p>\n<p>Bahamas Weltgebetstag 2015 in der Martin Luther Kirche am Freitag 6. M\u00e4rz um 12 Uhr mittags mit anschliessendem Lunch.<\/p>\n<p>Traumstr\u00e4nde, Korallenriffe, glasklares Wasser: das bieten die 700 Inseln der Bahamas. Sie machen den Inselstaat zwischen den USA, Kuba und Haiti zu einem touristischen Sehnsuchtsziel. Die Bahamas sind das reichste karibische Land und haben eine lebendige Vielfalt christlicher Konfessionen. Aber das Paradies hat mit Problemen zu k\u00e4mpfen: extreme Abh\u00e4ngigkeit vom Ausland, Arbeitslosigkeit und erschreckend verbreitete h\u00e4usliche und sexuelle Gewalt gegen Frauen und Kinder.<\/p>\n<p>Sonnen- und Schattenseiten ihrer Heimat \u2013 beides greifen Frauen der Bahamas in ihrem Gottesdienst zum Weltgebetstag 2015 auf. In dessen Zentrum steht die Lesung aus dem Johannesevangelium (13,1-17), in der Jesus seinen J\u00fcngern die F\u00fc\u00dfe w\u00e4scht. Hier wird f\u00fcr die Frauen der Bahamas Gottes Liebe erfahrbar, denn gerade in einem Alltag, der von Armut und Gewalt gepr\u00e4gt ist, braucht es tatkr\u00e4ftige N\u00e4chstenliebe auf den Spuren Jesu Christi.<\/p>\n<p>Rund um den Erdball gestalten Frauen am Freitag, den 6. M\u00e4rz 2015, Gottesdienste zum Weltgebetstag. In diesem Jahr ist die Martin Luther Kirche Gastgeberin f\u00fcr den Weltgebetstagsgottesdienst der deutschen lutherischen Gemeinden in der GTA. Um 12 Uhr mittags beginnt der Gottesdienst mit anschliessendem Lunch.<\/p>\n<div id=\"gallery-1\" class=\"wpex-gallery wpex-grid wpex-grid-cols-4 wpex-gap-20 wpex-lightbox-group wpex-mb-20\"><figure class=\"gallery-item\"><a href=\"https:\/\/martinluther.ca\/wp-content\/uploads\/2015\/03\/2015-MLC-Weltgebetstag-28.jpg\" class=\"wpex-lightbox-group-item\" data-caption=\"2015 Weltgebetstag in Martin Luther Church\"><img loading=\"lazy\" decoding=\"async\" src=\"https:\/\/martinluther.ca\/wp-content\/uploads\/2015\/03\/2015-MLC-Weltgebetstag-28-1024x768.jpg\" alt=\"\" srcset=\"https:\/\/martinluther.ca\/wp-content\/uploads\/2015\/03\/2015-MLC-Weltgebetstag-28-1024x768.jpg 1024w, https:\/\/martinluther.ca\/wp-content\/uploads\/2015\/03\/2015-MLC-Weltgebetstag-28-300x225.jpg 300w, https:\/\/martinluther.ca\/wp-content\/uploads\/2015\/03\/2015-MLC-Weltgebetstag-28.jpg 1280w\" width=\"1024\" height=\"768\"><\/a><figcaption class=\"gallery-caption wpex-last-mb-0\">2015 Weltgebetstag in Martin Luther Church<\/figcaption><\/figure><figure class=\"gallery-item\"><a href=\"https:\/\/martinluther.ca\/wp-content\/uploads\/2015\/03\/2015-MLC-Weltgebetstag-31.jpg\" class=\"wpex-lightbox-group-item\" data-caption=\"2015 Weltgebetstag -readi\"><img loading=\"lazy\" decoding=\"async\" src=\"https:\/\/martinluther.ca\/wp-content\/uploads\/2015\/03\/2015-MLC-Weltgebetstag-31-1024x768.jpg\" alt=\"\" srcset=\"https:\/\/martinluther.ca\/wp-content\/uploads\/2015\/03\/2015-MLC-Weltgebetstag-31-1024x768.jpg 1024w, https:\/\/martinluther.ca\/wp-content\/uploads\/2015\/03\/2015-MLC-Weltgebetstag-31-300x225.jpg 300w, https:\/\/martinluther.ca\/wp-content\/uploads\/2015\/03\/2015-MLC-Weltgebetstag-31.jpg 1280w\" width=\"1024\" height=\"768\"><\/a><figcaption class=\"gallery-caption wpex-last-mb-0\">2015 Weltgebetstag -readi<\/figcaption><\/figure><figure class=\"gallery-item\"><a href=\"https:\/\/martinluther.ca\/wp-content\/uploads\/2015\/03\/2015-MLC-Weltgebetstag-56BB.jpg\" class=\"wpex-lightbox-group-item\" data-caption=\"2015 Weltgebetstag - luncheon afterwards\"><img loading=\"lazy\" decoding=\"async\" src=\"https:\/\/martinluther.ca\/wp-content\/uploads\/2015\/03\/2015-MLC-Weltgebetstag-56BB-1024x489.jpg\" alt=\"\" srcset=\"https:\/\/martinluther.ca\/wp-content\/uploads\/2015\/03\/2015-MLC-Weltgebetstag-56BB-1024x489.jpg 1024w, https:\/\/martinluther.ca\/wp-content\/uploads\/2015\/03\/2015-MLC-Weltgebetstag-56BB-300x143.jpg 300w, https:\/\/martinluther.ca\/wp-content\/uploads\/2015\/03\/2015-MLC-Weltgebetstag-56BB.jpg 1280w\" width=\"1024\" height=\"489\"><\/a><figcaption class=\"gallery-caption wpex-last-mb-0\">2015 Weltgebetstag &#8211; luncheon afterwards<\/figcaption><\/figure><figure class=\"gallery-item\"><a href=\"https:\/\/martinluther.ca\/wp-content\/uploads\/2015\/03\/2015-MLC-Weltgebetstag-36BB.jpg\" class=\"wpex-lightbox-group-item\" data-caption=\"2015 Weltgebetstag -greeting each other\"><img loading=\"lazy\" decoding=\"async\" src=\"https:\/\/martinluther.ca\/wp-content\/uploads\/2015\/03\/2015-MLC-Weltgebetstag-36BB-1024x517.jpg\" alt=\"\" srcset=\"https:\/\/martinluther.ca\/wp-content\/uploads\/2015\/03\/2015-MLC-Weltgebetstag-36BB-1024x517.jpg 1024w, https:\/\/martinluther.ca\/wp-content\/uploads\/2015\/03\/2015-MLC-Weltgebetstag-36BB-300x151.jpg 300w, https:\/\/martinluther.ca\/wp-content\/uploads\/2015\/03\/2015-MLC-Weltgebetstag-36BB.jpg 1280w\" width=\"1024\" height=\"517\"><\/a><figcaption class=\"gallery-caption wpex-last-mb-0\">2015 Weltgebetstag -greeting each other<\/figcaption><\/figure><figure class=\"gallery-item\"><a href=\"https:\/\/martinluther.ca\/wp-content\/uploads\/2015\/03\/2015-MLC-Weltgebetstag-23.jpg\" class=\"wpex-lightbox-group-item\" data-caption=\"2015 Weltgebetstag in Martin Luther Church\"><img loading=\"lazy\" decoding=\"async\" src=\"https:\/\/martinluther.ca\/wp-content\/uploads\/2015\/03\/2015-MLC-Weltgebetstag-23-1024x768.jpg\" alt=\"\" srcset=\"https:\/\/martinluther.ca\/wp-content\/uploads\/2015\/03\/2015-MLC-Weltgebetstag-23-1024x768.jpg 1024w, https:\/\/martinluther.ca\/wp-content\/uploads\/2015\/03\/2015-MLC-Weltgebetstag-23-300x225.jpg 300w, https:\/\/martinluther.ca\/wp-content\/uploads\/2015\/03\/2015-MLC-Weltgebetstag-23.jpg 1280w\" width=\"1024\" height=\"768\"><\/a><figcaption class=\"gallery-caption wpex-last-mb-0\">2015 Weltgebetstag in Martin Luther Church<\/figcaption><\/figure><figure class=\"gallery-item\"><a href=\"https:\/\/martinluther.ca\/wp-content\/uploads\/2015\/03\/2015-MLC-Weltgebetstag-34.jpg\" class=\"wpex-lightbox-group-item\" data-caption=\"2015 Weltgebetstag in Martin Luther Church\"><img loading=\"lazy\" decoding=\"async\" src=\"https:\/\/martinluther.ca\/wp-content\/uploads\/2015\/03\/2015-MLC-Weltgebetstag-34-1024x768.jpg\" alt=\"\" srcset=\"https:\/\/martinluther.ca\/wp-content\/uploads\/2015\/03\/2015-MLC-Weltgebetstag-34-1024x768.jpg 1024w, https:\/\/martinluther.ca\/wp-content\/uploads\/2015\/03\/2015-MLC-Weltgebetstag-34-300x225.jpg 300w, https:\/\/martinluther.ca\/wp-content\/uploads\/2015\/03\/2015-MLC-Weltgebetstag-34.jpg 1280w\" width=\"1024\" height=\"768\"><\/a><figcaption class=\"gallery-caption wpex-last-mb-0\">2015 Weltgebetstag in Martin Luther Church<\/figcaption><\/figure><figure class=\"gallery-item\"><a href=\"https:\/\/martinluther.ca\/wp-content\/uploads\/2015\/03\/2015-MLC-Weltgebetstag-55BB.jpg\" class=\"wpex-lightbox-group-item\" data-caption=\"2015 Weltgebetstag in der Martin Luther Kirche\"><img loading=\"lazy\" decoding=\"async\" src=\"https:\/\/martinluther.ca\/wp-content\/uploads\/2015\/03\/2015-MLC-Weltgebetstag-55BB-1024x717.jpg\" alt=\"\" srcset=\"https:\/\/martinluther.ca\/wp-content\/uploads\/2015\/03\/2015-MLC-Weltgebetstag-55BB-1024x717.jpg 1024w, https:\/\/martinluther.ca\/wp-content\/uploads\/2015\/03\/2015-MLC-Weltgebetstag-55BB-300x210.jpg 300w, https:\/\/martinluther.ca\/wp-content\/uploads\/2015\/03\/2015-MLC-Weltgebetstag-55BB.jpg 1280w\" width=\"1024\" height=\"717\"><\/a><figcaption class=\"gallery-caption wpex-last-mb-0\">2015 Weltgebetstag in der Martin Luther Kirche<\/figcaption><\/figure><figure class=\"gallery-item\"><a href=\"https:\/\/martinluther.ca\/wp-content\/uploads\/2015\/03\/2015-MLC-Weltgebetstag-69.jpg\" class=\"wpex-lightbox-group-item\" data-caption=\"2015 Weltgebetstag in der Martin-Luther-Kirche\"><img loading=\"lazy\" decoding=\"async\" src=\"https:\/\/martinluther.ca\/wp-content\/uploads\/2015\/03\/2015-MLC-Weltgebetstag-69-1024x768.jpg\" alt=\"\" srcset=\"https:\/\/martinluther.ca\/wp-content\/uploads\/2015\/03\/2015-MLC-Weltgebetstag-69-1024x768.jpg 1024w, https:\/\/martinluther.ca\/wp-content\/uploads\/2015\/03\/2015-MLC-Weltgebetstag-69-300x225.jpg 300w, https:\/\/martinluther.ca\/wp-content\/uploads\/2015\/03\/2015-MLC-Weltgebetstag-69.jpg 1280w\" width=\"1024\" height=\"768\"><\/a><figcaption class=\"gallery-caption wpex-last-mb-0\">2015 Weltgebetstag in der Martin-Luther-Kirche<\/figcaption><\/figure><\/div>\n\n","protected":false},"excerpt":{"rendered":"<p>Bahamas Weltgebetstag 2015 in der Martin Luther Kirche am Freitag 6. M\u00e4rz um 12 Uhr mittags mit anschliessendem Lunch. Traumstr\u00e4nde, Korallenriffe, glasklares Wasser: das bieten die 700 Inseln der Bahamas. Sie machen den Inselstaat zwischen den USA, Kuba und Haiti zu einem touristischen Sehnsuchtsziel. Die Bahamas sind das reichste karibische Land und haben eine lebendige&hellip;<\/p>\n","protected":false},"author":9,"featured_media":20651,"comment_status":"closed","ping_status":"closed","sticky":false,"template":"","format":"standard","meta":{"footnotes":""},"categories":[69],"tags":[],"post_series":[],"class_list":["post-20686","post","type-post","status-publish","format-standard","has-post-thumbnail","hentry","category-news-blog-german","entry","has-media"],"yoast_head":"<!-- This site is optimized with the Yoast SEO plugin v27.5 - https:\/\/yoast.com\/product\/yoast-seo-wordpress\/ -->\n<title>Weltgebetstag 2015 (Bahamas) in der Martin Luther Kirche am Freitag 6. M\u00e4rz - Martin Luther Evangelische Kirche Toronto<\/title>\n<meta name=\"robots\" content=\"index, follow, max-snippet:-1, max-image-preview:large, max-video-preview:-1\" \/>\n<link rel=\"canonical\" href=\"https:\/\/martinluther.ca\/2015\/01\/world-day-of-prayer-2015-bahamas-will-be-at-martin-luther-church-on-friday-march-6th-2015-at-1200-noon-in-german\/\" \/>\n<meta property=\"og:locale\" content=\"de_DE\" \/>\n<meta property=\"og:type\" content=\"article\" \/>\n<meta property=\"og:title\" content=\"Weltgebetstag 2015 (Bahamas) in der Martin Luther Kirche am Freitag 6. M\u00e4rz - Martin Luther Evangelische Kirche Toronto\" \/>\n<meta property=\"og:description\" content=\"Bahamas Weltgebetstag 2015 in der Martin Luther Kirche am Freitag 6. M\u00e4rz um 12 Uhr mittags mit anschliessendem Lunch. Traumstr\u00e4nde, Korallenriffe, glasklares Wasser: das bieten die 700 Inseln der Bahamas. Sie machen den Inselstaat zwischen den USA, Kuba und Haiti zu einem touristischen Sehnsuchtsziel. Die Bahamas sind das reichste karibische Land und haben eine lebendige&hellip;\" \/>\n<meta property=\"og:url\" content=\"https:\/\/martinluther.ca\/2015\/01\/world-day-of-prayer-2015-bahamas-will-be-at-martin-luther-church-on-friday-march-6th-2015-at-1200-noon-in-german\/\" \/>\n<meta property=\"og:site_name\" content=\"Martin Luther Evangelische Kirche Toronto\" \/>\n<meta property=\"article:publisher\" content=\"https:\/\/www.facebook.com\/martinlutherchurchtoronto\" \/>\n<meta property=\"article:published_time\" content=\"2015-01-24T21:21:44+00:00\" \/>\n<meta property=\"article:modified_time\" content=\"2025-11-22T17:56:31+00:00\" \/>\n<meta property=\"og:image\" content=\"https:\/\/martinluther.ca\/wp-content\/uploads\/2015\/01\/banner_wgt_2015_234x125_web.jpg\" \/>\n\t<meta property=\"og:image:width\" content=\"234\" \/>\n\t<meta property=\"og:image:height\" content=\"125\" \/>\n\t<meta property=\"og:image:type\" content=\"image\/jpeg\" \/>\n<meta name=\"author\" content=\"Mona Kakoschke Frantzke\" \/>\n<meta name=\"twitter:card\" content=\"summary_large_image\" \/>\n<meta name=\"twitter:label1\" content=\"Verfasst von\" \/>\n\t<meta name=\"twitter:data1\" content=\"Mona Kakoschke Frantzke\" \/>\n\t<meta name=\"twitter:label2\" content=\"Gesch\u00e4tzte Lesezeit\" \/>\n\t<meta name=\"twitter:data2\" content=\"1\u00a0Minute\" \/>\n<script type=\"application\/ld+json\" class=\"yoast-schema-graph\">{\"@context\":\"https:\\\/\\\/schema.org\",\"@graph\":[{\"@type\":\"Article\",\"@id\":\"https:\\\/\\\/martinluther.ca\\\/2015\\\/01\\\/world-day-of-prayer-2015-bahamas-will-be-at-martin-luther-church-on-friday-march-6th-2015-at-1200-noon-in-german\\\/#article\",\"isPartOf\":{\"@id\":\"https:\\\/\\\/martinluther.ca\\\/2015\\\/01\\\/world-day-of-prayer-2015-bahamas-will-be-at-martin-luther-church-on-friday-march-6th-2015-at-1200-noon-in-german\\\/\"},\"author\":{\"name\":\"Mona Kakoschke Frantzke\",\"@id\":\"https:\\\/\\\/martinluther.ca\\\/de\\\/#\\\/schema\\\/person\\\/815c51710f70b050f0476f18da6b0c8f\"},\"headline\":\"Weltgebetstag 2015 (Bahamas) in der Martin Luther Kirche am Freitag 6. M\u00e4rz\",\"datePublished\":\"2015-01-24T21:21:44+00:00\",\"dateModified\":\"2025-11-22T17:56:31+00:00\",\"mainEntityOfPage\":{\"@id\":\"https:\\\/\\\/martinluther.ca\\\/2015\\\/01\\\/world-day-of-prayer-2015-bahamas-will-be-at-martin-luther-church-on-friday-march-6th-2015-at-1200-noon-in-german\\\/\"},\"wordCount\":226,\"publisher\":{\"@id\":\"https:\\\/\\\/martinluther.ca\\\/de\\\/#organization\"},\"image\":{\"@id\":\"https:\\\/\\\/martinluther.ca\\\/2015\\\/01\\\/world-day-of-prayer-2015-bahamas-will-be-at-martin-luther-church-on-friday-march-6th-2015-at-1200-noon-in-german\\\/#primaryimage\"},\"thumbnailUrl\":\"https:\\\/\\\/martinluther.ca\\\/wp-content\\\/uploads\\\/2015\\\/01\\\/banner_wgt_2015_234x125_web.jpg\",\"articleSection\":[\"News Blog - German\"],\"inLanguage\":\"de\"},{\"@type\":\"WebPage\",\"@id\":\"https:\\\/\\\/martinluther.ca\\\/2015\\\/01\\\/world-day-of-prayer-2015-bahamas-will-be-at-martin-luther-church-on-friday-march-6th-2015-at-1200-noon-in-german\\\/\",\"url\":\"https:\\\/\\\/martinluther.ca\\\/2015\\\/01\\\/world-day-of-prayer-2015-bahamas-will-be-at-martin-luther-church-on-friday-march-6th-2015-at-1200-noon-in-german\\\/\",\"name\":\"Weltgebetstag 2015 (Bahamas) in der Martin Luther Kirche am Freitag 6. M\u00e4rz - Martin Luther Evangelische Kirche Toronto\",\"isPartOf\":{\"@id\":\"https:\\\/\\\/martinluther.ca\\\/de\\\/#website\"},\"primaryImageOfPage\":{\"@id\":\"https:\\\/\\\/martinluther.ca\\\/2015\\\/01\\\/world-day-of-prayer-2015-bahamas-will-be-at-martin-luther-church-on-friday-march-6th-2015-at-1200-noon-in-german\\\/#primaryimage\"},\"image\":{\"@id\":\"https:\\\/\\\/martinluther.ca\\\/2015\\\/01\\\/world-day-of-prayer-2015-bahamas-will-be-at-martin-luther-church-on-friday-march-6th-2015-at-1200-noon-in-german\\\/#primaryimage\"},\"thumbnailUrl\":\"https:\\\/\\\/martinluther.ca\\\/wp-content\\\/uploads\\\/2015\\\/01\\\/banner_wgt_2015_234x125_web.jpg\",\"datePublished\":\"2015-01-24T21:21:44+00:00\",\"dateModified\":\"2025-11-22T17:56:31+00:00\",\"breadcrumb\":{\"@id\":\"https:\\\/\\\/martinluther.ca\\\/2015\\\/01\\\/world-day-of-prayer-2015-bahamas-will-be-at-martin-luther-church-on-friday-march-6th-2015-at-1200-noon-in-german\\\/#breadcrumb\"},\"inLanguage\":\"de\",\"potentialAction\":[{\"@type\":\"ReadAction\",\"target\":[\"https:\\\/\\\/martinluther.ca\\\/2015\\\/01\\\/world-day-of-prayer-2015-bahamas-will-be-at-martin-luther-church-on-friday-march-6th-2015-at-1200-noon-in-german\\\/\"]}]},{\"@type\":\"ImageObject\",\"inLanguage\":\"de\",\"@id\":\"https:\\\/\\\/martinluther.ca\\\/2015\\\/01\\\/world-day-of-prayer-2015-bahamas-will-be-at-martin-luther-church-on-friday-march-6th-2015-at-1200-noon-in-german\\\/#primaryimage\",\"url\":\"https:\\\/\\\/martinluther.ca\\\/wp-content\\\/uploads\\\/2015\\\/01\\\/banner_wgt_2015_234x125_web.jpg\",\"contentUrl\":\"https:\\\/\\\/martinluther.ca\\\/wp-content\\\/uploads\\\/2015\\\/01\\\/banner_wgt_2015_234x125_web.jpg\",\"width\":234,\"height\":125,\"caption\":\"World Day of Prayer, 2015 Bahamas\"},{\"@type\":\"BreadcrumbList\",\"@id\":\"https:\\\/\\\/martinluther.ca\\\/2015\\\/01\\\/world-day-of-prayer-2015-bahamas-will-be-at-martin-luther-church-on-friday-march-6th-2015-at-1200-noon-in-german\\\/#breadcrumb\",\"itemListElement\":[{\"@type\":\"ListItem\",\"position\":1,\"name\":\"Home\",\"item\":\"https:\\\/\\\/martinluther.ca\\\/de\\\/\"},{\"@type\":\"ListItem\",\"position\":2,\"name\":\"Weltgebetstag 2015 (Bahamas) in der Martin Luther Kirche am Freitag 6. M\u00e4rz\"}]},{\"@type\":\"WebSite\",\"@id\":\"https:\\\/\\\/martinluther.ca\\\/de\\\/#website\",\"url\":\"https:\\\/\\\/martinluther.ca\\\/de\\\/\",\"name\":\"Martin Luther Evangelical Church Toronto\",\"description\":\"Deutsch &amp; Englisch\",\"publisher\":{\"@id\":\"https:\\\/\\\/martinluther.ca\\\/de\\\/#organization\"},\"potentialAction\":[{\"@type\":\"SearchAction\",\"target\":{\"@type\":\"EntryPoint\",\"urlTemplate\":\"https:\\\/\\\/martinluther.ca\\\/de\\\/?s={search_term_string}\"},\"query-input\":{\"@type\":\"PropertyValueSpecification\",\"valueRequired\":true,\"valueName\":\"search_term_string\"}}],\"inLanguage\":\"de\"},{\"@type\":\"Organization\",\"@id\":\"https:\\\/\\\/martinluther.ca\\\/de\\\/#organization\",\"name\":\"Martin Luther Evangelical Church Toronto\",\"url\":\"https:\\\/\\\/martinluther.ca\\\/de\\\/\",\"logo\":{\"@type\":\"ImageObject\",\"inLanguage\":\"de\",\"@id\":\"https:\\\/\\\/martinluther.ca\\\/de\\\/#\\\/schema\\\/logo\\\/image\\\/\",\"url\":\"https:\\\/\\\/martinluther.ca\\\/wp-content\\\/uploads\\\/2016\\\/12\\\/ml-logo-300.png\",\"contentUrl\":\"https:\\\/\\\/martinluther.ca\\\/wp-content\\\/uploads\\\/2016\\\/12\\\/ml-logo-300.png\",\"width\":300,\"height\":150,\"caption\":\"Martin Luther Evangelical Church Toronto\"},\"image\":{\"@id\":\"https:\\\/\\\/martinluther.ca\\\/de\\\/#\\\/schema\\\/logo\\\/image\\\/\"},\"sameAs\":[\"https:\\\/\\\/www.facebook.com\\\/martinlutherchurchtoronto\",\"https:\\\/\\\/www.instagram.com\\\/lutheransbythelake\\\/\",\"https:\\\/\\\/www.youtube.com\\\/MartinLutherChurchToronto\"]},{\"@type\":\"Person\",\"@id\":\"https:\\\/\\\/martinluther.ca\\\/de\\\/#\\\/schema\\\/person\\\/815c51710f70b050f0476f18da6b0c8f\",\"name\":\"Mona Kakoschke Frantzke\",\"image\":{\"@type\":\"ImageObject\",\"inLanguage\":\"de\",\"@id\":\"https:\\\/\\\/secure.gravatar.com\\\/avatar\\\/0deb16854ca545cd2e9fc8001ca110d262b80d5c8317b38dc542265fbea0ed19?s=96&d=mm&r=g\",\"url\":\"https:\\\/\\\/secure.gravatar.com\\\/avatar\\\/0deb16854ca545cd2e9fc8001ca110d262b80d5c8317b38dc542265fbea0ed19?s=96&d=mm&r=g\",\"contentUrl\":\"https:\\\/\\\/secure.gravatar.com\\\/avatar\\\/0deb16854ca545cd2e9fc8001ca110d262b80d5c8317b38dc542265fbea0ed19?s=96&d=mm&r=g\",\"caption\":\"Mona Kakoschke Frantzke\"},\"url\":false}]}<\/script>\n<!-- \/ Yoast SEO plugin. -->","yoast_head_json":{"title":"Weltgebetstag 2015 (Bahamas) in der Martin Luther Kirche am Freitag 6. M\u00e4rz - Martin Luther Evangelische Kirche Toronto","robots":{"index":"index","follow":"follow","max-snippet":"max-snippet:-1","max-image-preview":"max-image-preview:large","max-video-preview":"max-video-preview:-1"},"canonical":"https:\/\/martinluther.ca\/2015\/01\/world-day-of-prayer-2015-bahamas-will-be-at-martin-luther-church-on-friday-march-6th-2015-at-1200-noon-in-german\/","og_locale":"de_DE","og_type":"article","og_title":"Weltgebetstag 2015 (Bahamas) in der Martin Luther Kirche am Freitag 6. M\u00e4rz - Martin Luther Evangelische Kirche Toronto","og_description":"Bahamas Weltgebetstag 2015 in der Martin Luther Kirche am Freitag 6. M\u00e4rz um 12 Uhr mittags mit anschliessendem Lunch. Traumstr\u00e4nde, Korallenriffe, glasklares Wasser: das bieten die 700 Inseln der Bahamas. Sie machen den Inselstaat zwischen den USA, Kuba und Haiti zu einem touristischen Sehnsuchtsziel. Die Bahamas sind das reichste karibische Land und haben eine lebendige&hellip;","og_url":"https:\/\/martinluther.ca\/2015\/01\/world-day-of-prayer-2015-bahamas-will-be-at-martin-luther-church-on-friday-march-6th-2015-at-1200-noon-in-german\/","og_site_name":"Martin Luther Evangelische Kirche Toronto","article_publisher":"https:\/\/www.facebook.com\/martinlutherchurchtoronto","article_published_time":"2015-01-24T21:21:44+00:00","article_modified_time":"2025-11-22T17:56:31+00:00","og_image":[{"width":234,"height":125,"url":"https:\/\/martinluther.ca\/wp-content\/uploads\/2015\/01\/banner_wgt_2015_234x125_web.jpg","type":"image\/jpeg"}],"author":"Mona Kakoschke Frantzke","twitter_card":"summary_large_image","twitter_misc":{"Verfasst von":"Mona Kakoschke Frantzke","Gesch\u00e4tzte Lesezeit":"1\u00a0Minute"},"schema":{"@context":"https:\/\/schema.org","@graph":[{"@type":"Article","@id":"https:\/\/martinluther.ca\/2015\/01\/world-day-of-prayer-2015-bahamas-will-be-at-martin-luther-church-on-friday-march-6th-2015-at-1200-noon-in-german\/#article","isPartOf":{"@id":"https:\/\/martinluther.ca\/2015\/01\/world-day-of-prayer-2015-bahamas-will-be-at-martin-luther-church-on-friday-march-6th-2015-at-1200-noon-in-german\/"},"author":{"name":"Mona Kakoschke Frantzke","@id":"https:\/\/martinluther.ca\/de\/#\/schema\/person\/815c51710f70b050f0476f18da6b0c8f"},"headline":"Weltgebetstag 2015 (Bahamas) in der Martin Luther Kirche am Freitag 6. M\u00e4rz","datePublished":"2015-01-24T21:21:44+00:00","dateModified":"2025-11-22T17:56:31+00:00","mainEntityOfPage":{"@id":"https:\/\/martinluther.ca\/2015\/01\/world-day-of-prayer-2015-bahamas-will-be-at-martin-luther-church-on-friday-march-6th-2015-at-1200-noon-in-german\/"},"wordCount":226,"publisher":{"@id":"https:\/\/martinluther.ca\/de\/#organization"},"image":{"@id":"https:\/\/martinluther.ca\/2015\/01\/world-day-of-prayer-2015-bahamas-will-be-at-martin-luther-church-on-friday-march-6th-2015-at-1200-noon-in-german\/#primaryimage"},"thumbnailUrl":"https:\/\/martinluther.ca\/wp-content\/uploads\/2015\/01\/banner_wgt_2015_234x125_web.jpg","articleSection":["News Blog - German"],"inLanguage":"de"},{"@type":"WebPage","@id":"https:\/\/martinluther.ca\/2015\/01\/world-day-of-prayer-2015-bahamas-will-be-at-martin-luther-church-on-friday-march-6th-2015-at-1200-noon-in-german\/","url":"https:\/\/martinluther.ca\/2015\/01\/world-day-of-prayer-2015-bahamas-will-be-at-martin-luther-church-on-friday-march-6th-2015-at-1200-noon-in-german\/","name":"Weltgebetstag 2015 (Bahamas) in der Martin Luther Kirche am Freitag 6. M\u00e4rz - Martin Luther Evangelische Kirche Toronto","isPartOf":{"@id":"https:\/\/martinluther.ca\/de\/#website"},"primaryImageOfPage":{"@id":"https:\/\/martinluther.ca\/2015\/01\/world-day-of-prayer-2015-bahamas-will-be-at-martin-luther-church-on-friday-march-6th-2015-at-1200-noon-in-german\/#primaryimage"},"image":{"@id":"https:\/\/martinluther.ca\/2015\/01\/world-day-of-prayer-2015-bahamas-will-be-at-martin-luther-church-on-friday-march-6th-2015-at-1200-noon-in-german\/#primaryimage"},"thumbnailUrl":"https:\/\/martinluther.ca\/wp-content\/uploads\/2015\/01\/banner_wgt_2015_234x125_web.jpg","datePublished":"2015-01-24T21:21:44+00:00","dateModified":"2025-11-22T17:56:31+00:00","breadcrumb":{"@id":"https:\/\/martinluther.ca\/2015\/01\/world-day-of-prayer-2015-bahamas-will-be-at-martin-luther-church-on-friday-march-6th-2015-at-1200-noon-in-german\/#breadcrumb"},"inLanguage":"de","potentialAction":[{"@type":"ReadAction","target":["https:\/\/martinluther.ca\/2015\/01\/world-day-of-prayer-2015-bahamas-will-be-at-martin-luther-church-on-friday-march-6th-2015-at-1200-noon-in-german\/"]}]},{"@type":"ImageObject","inLanguage":"de","@id":"https:\/\/martinluther.ca\/2015\/01\/world-day-of-prayer-2015-bahamas-will-be-at-martin-luther-church-on-friday-march-6th-2015-at-1200-noon-in-german\/#primaryimage","url":"https:\/\/martinluther.ca\/wp-content\/uploads\/2015\/01\/banner_wgt_2015_234x125_web.jpg","contentUrl":"https:\/\/martinluther.ca\/wp-content\/uploads\/2015\/01\/banner_wgt_2015_234x125_web.jpg","width":234,"height":125,"caption":"World Day of Prayer, 2015 Bahamas"},{"@type":"BreadcrumbList","@id":"https:\/\/martinluther.ca\/2015\/01\/world-day-of-prayer-2015-bahamas-will-be-at-martin-luther-church-on-friday-march-6th-2015-at-1200-noon-in-german\/#breadcrumb","itemListElement":[{"@type":"ListItem","position":1,"name":"Home","item":"https:\/\/martinluther.ca\/de\/"},{"@type":"ListItem","position":2,"name":"Weltgebetstag 2015 (Bahamas) in der Martin Luther Kirche am Freitag 6. M\u00e4rz"}]},{"@type":"WebSite","@id":"https:\/\/martinluther.ca\/de\/#website","url":"https:\/\/martinluther.ca\/de\/","name":"Martin Luther Evangelical Church Toronto","description":"Deutsch &amp; Englisch","publisher":{"@id":"https:\/\/martinluther.ca\/de\/#organization"},"potentialAction":[{"@type":"SearchAction","target":{"@type":"EntryPoint","urlTemplate":"https:\/\/martinluther.ca\/de\/?s={search_term_string}"},"query-input":{"@type":"PropertyValueSpecification","valueRequired":true,"valueName":"search_term_string"}}],"inLanguage":"de"},{"@type":"Organization","@id":"https:\/\/martinluther.ca\/de\/#organization","name":"Martin Luther Evangelical Church Toronto","url":"https:\/\/martinluther.ca\/de\/","logo":{"@type":"ImageObject","inLanguage":"de","@id":"https:\/\/martinluther.ca\/de\/#\/schema\/logo\/image\/","url":"https:\/\/martinluther.ca\/wp-content\/uploads\/2016\/12\/ml-logo-300.png","contentUrl":"https:\/\/martinluther.ca\/wp-content\/uploads\/2016\/12\/ml-logo-300.png","width":300,"height":150,"caption":"Martin Luther Evangelical Church Toronto"},"image":{"@id":"https:\/\/martinluther.ca\/de\/#\/schema\/logo\/image\/"},"sameAs":["https:\/\/www.facebook.com\/martinlutherchurchtoronto","https:\/\/www.instagram.com\/lutheransbythelake\/","https:\/\/www.youtube.com\/MartinLutherChurchToronto"]},{"@type":"Person","@id":"https:\/\/martinluther.ca\/de\/#\/schema\/person\/815c51710f70b050f0476f18da6b0c8f","name":"Mona Kakoschke Frantzke","image":{"@type":"ImageObject","inLanguage":"de","@id":"https:\/\/secure.gravatar.com\/avatar\/0deb16854ca545cd2e9fc8001ca110d262b80d5c8317b38dc542265fbea0ed19?s=96&d=mm&r=g","url":"https:\/\/secure.gravatar.com\/avatar\/0deb16854ca545cd2e9fc8001ca110d262b80d5c8317b38dc542265fbea0ed19?s=96&d=mm&r=g","contentUrl":"https:\/\/secure.gravatar.com\/avatar\/0deb16854ca545cd2e9fc8001ca110d262b80d5c8317b38dc542265fbea0ed19?s=96&d=mm&r=g","caption":"Mona Kakoschke Frantzke"},"url":false}]}},"_links":{"self":[{"href":"https:\/\/martinluther.ca\/de\/wp-json\/wp\/v2\/posts\/20686","targetHints":{"allow":["GET"]}}],"collection":[{"href":"https:\/\/martinluther.ca\/de\/wp-json\/wp\/v2\/posts"}],"about":[{"href":"https:\/\/martinluther.ca\/de\/wp-json\/wp\/v2\/types\/post"}],"author":[{"embeddable":true,"href":"https:\/\/martinluther.ca\/de\/wp-json\/wp\/v2\/users\/9"}],"replies":[{"embeddable":true,"href":"https:\/\/martinluther.ca\/de\/wp-json\/wp\/v2\/comments?post=20686"}],"version-history":[{"count":4,"href":"https:\/\/martinluther.ca\/de\/wp-json\/wp\/v2\/posts\/20686\/revisions"}],"predecessor-version":[{"id":56216,"href":"https:\/\/martinluther.ca\/de\/wp-json\/wp\/v2\/posts\/20686\/revisions\/56216"}],"wp:featuredmedia":[{"embeddable":true,"href":"https:\/\/martinluther.ca\/de\/wp-json\/wp\/v2\/media\/20651"}],"wp:attachment":[{"href":"https:\/\/martinluther.ca\/de\/wp-json\/wp\/v2\/media?parent=20686"}],"wp:term":[{"taxonomy":"category","embeddable":true,"href":"https:\/\/martinluther.ca\/de\/wp-json\/wp\/v2\/categories?post=20686"},{"taxonomy":"post_tag","embeddable":true,"href":"https:\/\/martinluther.ca\/de\/wp-json\/wp\/v2\/tags?post=20686"},{"taxonomy":"post_series","embeddable":true,"href":"https:\/\/martinluther.ca\/de\/wp-json\/wp\/v2\/post_series?post=20686"}],"curies":[{"name":"wp","href":"https:\/\/api.w.org\/{rel}","templated":true}]}}