{"id":20816,"date":"2015-02-14T12:40:34","date_gmt":"2015-02-14T17:40:34","guid":{"rendered":"https:\/\/martinluther.ca\/?p=20816"},"modified":"2025-11-22T13:24:02","modified_gmt":"2025-11-22T18:24:02","slug":"passionsgottesdienste-2015-beginnend-am-aschermittwoch-dem-18-februar","status":"publish","type":"post","link":"https:\/\/martinluther.ca\/de\/2015\/02\/passionsgottesdienste-2015-beginnend-am-aschermittwoch-dem-18-februar\/","title":{"rendered":"Passionsgottesdienste 2015, beginnend am Aschermittwoch, dem 18. Februar"},"content":{"rendered":"<figure id=\"attachment_20868\" aria-describedby=\"caption-attachment-20868\" style=\"width: 300px\" class=\"wp-caption alignright\"><img loading=\"lazy\" decoding=\"async\" class=\"wp-image-20868 size-medium\" src=\"https:\/\/martinluther.ca\/wp-content\/uploads\/2015\/02\/2015-Lent-Herzstueck-St-Bruno-e1424229584333-300x225.jpg\" alt=\"Herzst\u00fcck Kreuzweg St. Bruno, 2004, Oil on Canvas, artist Cynthia Tokaya\" width=\"300\" height=\"225\" srcset=\"https:\/\/martinluther.ca\/wp-content\/uploads\/2015\/02\/2015-Lent-Herzstueck-St-Bruno-e1424229584333-300x225.jpg 300w, https:\/\/martinluther.ca\/wp-content\/uploads\/2015\/02\/2015-Lent-Herzstueck-St-Bruno-e1424229584333.jpg 649w\" sizes=\"auto, (max-width: 300px) 100vw, 300px\" \/><figcaption id=\"caption-attachment-20868\" class=\"wp-caption-text\">Herzst\u00fcck Kreuzweg, 2004, Oil on Canvas, Cynthia Tokaya<\/figcaption><\/figure>\n<p>Die Passionsgottesdienste haben am Aschermittwoch, 18. Februar, gemeinsam mit den protestantischen Gemeinden aus der Nachbarschaft in Mimico begonnen.<\/p>\n<p>Wie muss ein zeitgem\u00e4\u00dfer Kreuzweg aussehen? Diese Frage diskutierte die K\u00fcnstlerin Cynthia Tokaya mit einer D\u00fcsseldorfer Kirchengemeinde und schuf anschlie\u00dfend ein Kunstwerk f\u00fcr deren Kirchraum.<\/p>\n<p>Mit den oftmals \u00fcberraschenden Bildern besch\u00e4ftigen wir uns in den diesj\u00e4hrigen Passionsgottesdiensten in der Martin Luther Kirche. Sie bestechen vor allem durch Ihre Farbigkeit und die Entdeckungen, die man oftmals erst beim zweiten Hinschauen macht. Grossformatige Drucke der Bilder werden die ganze Passionszeit hindurch in der Kirche pr\u00e4sentiert.<\/p>\n<figure id=\"attachment_20895\" aria-describedby=\"caption-attachment-20895\" style=\"width: 300px\" class=\"wp-caption alignright\"><img loading=\"lazy\" decoding=\"async\" class=\"size-medium wp-image-20895\" src=\"https:\/\/martinluther.ca\/wp-content\/uploads\/2015\/02\/Cynthia-Tokaya-artist-at-St-Brunos-Kirche-300x197.jpg\" alt=\"Cynthia Tokaya, the artist, St Brunos Kirche\" width=\"300\" height=\"197\" srcset=\"https:\/\/martinluther.ca\/wp-content\/uploads\/2015\/02\/Cynthia-Tokaya-artist-at-St-Brunos-Kirche-300x197.jpg 300w, https:\/\/martinluther.ca\/wp-content\/uploads\/2015\/02\/Cynthia-Tokaya-artist-at-St-Brunos-Kirche-1024x674.jpg 1024w\" sizes=\"auto, (max-width: 300px) 100vw, 300px\" \/><figcaption id=\"caption-attachment-20895\" class=\"wp-caption-text\">Cynthia Tokaya, the artist, St Brunos Kirche<\/figcaption><\/figure>\n<p>Unterlegt mit einem Lied der K\u00fcnstlerin k\u00f6nnen die Bilder in ihrer originalen Umgebung (St. Bruno&#8217;s Kirche in D\u00fcsseldorf) im Youtube-Video besichtigt werden:\u00a0<a href=\"http:\/\/youtu.be\/AsX2Orec5UE\" target=\"_blank\"> http:\/\/youtu.be\/AsX2Orec5UE<\/a><\/p>\n<p>Es gibt auch ein YouTube-Video von einem Interview mit Cynthia Tokayo, die eine sehr gute Erkl\u00e4rung hat der St. Bruno Kreuzweg-Serie von Gem\u00e4lden : <a href=\"http:\/\/youtu.be\/SWRzR8LQFxE\" target=\"_blank\">http:\/\/youtu.be\/SWRzR8LQFxE<\/a><\/p>\n<p>Weitere Informationen \u00fcber die K\u00fcnstlerin auf ihrer Website <a href=\"http:\/\/www.cynthia-tokaya.de%20\" target=\"_blank\">www.cynthia-tokaya.de <\/a><\/p>\n<p>&nbsp;<\/p>\n<p><strong>2015 Passionszeit und Karfreitag<\/strong><\/p>\n<div id=\"gallery-1\" class=\"wpex-gallery wpex-grid wpex-grid-cols-5 wpex-gap-20 wpex-lightbox-group wpex-mb-20\"><figure class=\"gallery-item\"><a href=\"https:\/\/martinluther.ca\/wp-content\/uploads\/2015\/04\/2015-Good-Friday-56BB.jpg\" class=\"wpex-lightbox-group-item\" data-caption=\"2015 Good Friday\"><img loading=\"lazy\" decoding=\"async\" src=\"https:\/\/martinluther.ca\/wp-content\/uploads\/2015\/04\/2015-Good-Friday-56BB.jpg\" alt=\"\" srcset=\"https:\/\/martinluther.ca\/wp-content\/uploads\/2015\/04\/2015-Good-Friday-56BB.jpg 878w, https:\/\/martinluther.ca\/wp-content\/uploads\/2015\/04\/2015-Good-Friday-56BB-300x225.jpg 300w\" width=\"878\" height=\"659\"><\/a><figcaption class=\"gallery-caption wpex-last-mb-0\">2015 Good Friday<\/figcaption><\/figure><figure class=\"gallery-item\"><a href=\"https:\/\/martinluther.ca\/wp-content\/uploads\/2015\/04\/2015-Good-Friday-49BB.jpg\" class=\"wpex-lightbox-group-item\" data-caption=\"2015 Good Friday\"><img loading=\"lazy\" decoding=\"async\" src=\"https:\/\/martinluther.ca\/wp-content\/uploads\/2015\/04\/2015-Good-Friday-49BB.jpg\" alt=\"\" srcset=\"https:\/\/martinluther.ca\/wp-content\/uploads\/2015\/04\/2015-Good-Friday-49BB.jpg 908w, https:\/\/martinluther.ca\/wp-content\/uploads\/2015\/04\/2015-Good-Friday-49BB-300x225.jpg 300w\" width=\"908\" height=\"681\"><\/a><figcaption class=\"gallery-caption wpex-last-mb-0\">2015 Good Friday<\/figcaption><\/figure><figure class=\"gallery-item\"><a href=\"https:\/\/martinluther.ca\/wp-content\/uploads\/2015\/04\/2015-Good-Friday-39BB.jpg\" class=\"wpex-lightbox-group-item\" data-caption=\"2015 Lenten\" data-title=\"2015 Lenten\"><img loading=\"lazy\" alt=\"2015 Lenten\" decoding=\"async\" src=\"https:\/\/martinluther.ca\/wp-content\/uploads\/2015\/04\/2015-Good-Friday-39BB.jpg\" srcset=\"https:\/\/martinluther.ca\/wp-content\/uploads\/2015\/04\/2015-Good-Friday-39BB.jpg 1024w, https:\/\/martinluther.ca\/wp-content\/uploads\/2015\/04\/2015-Good-Friday-39BB-300x225.jpg 300w\" width=\"1024\" height=\"768\"><\/a><figcaption class=\"gallery-caption wpex-last-mb-0\">2015 Lenten<\/figcaption><\/figure><figure class=\"gallery-item\"><a href=\"https:\/\/martinluther.ca\/wp-content\/uploads\/2015\/04\/2015-Good-Friday-59BB.jpg\" class=\"wpex-lightbox-group-item\" data-caption=\"2015 Good Friday\"><img loading=\"lazy\" decoding=\"async\" src=\"https:\/\/martinluther.ca\/wp-content\/uploads\/2015\/04\/2015-Good-Friday-59BB.jpg\" alt=\"\" srcset=\"https:\/\/martinluther.ca\/wp-content\/uploads\/2015\/04\/2015-Good-Friday-59BB.jpg 808w, https:\/\/martinluther.ca\/wp-content\/uploads\/2015\/04\/2015-Good-Friday-59BB-300x225.jpg 300w\" width=\"808\" height=\"606\"><\/a><figcaption class=\"gallery-caption wpex-last-mb-0\">2015 Good Friday<\/figcaption><\/figure><figure class=\"gallery-item\"><a href=\"https:\/\/martinluther.ca\/wp-content\/uploads\/2015\/03\/2015-Lenten-Kreuzweg-art4.jpg\" class=\"wpex-lightbox-group-item\" data-caption=\"2015 Lenten\" data-title=\"2015 Lenten\"><img loading=\"lazy\" alt=\"2015 Lenten\" decoding=\"async\" src=\"https:\/\/martinluther.ca\/wp-content\/uploads\/2015\/03\/2015-Lenten-Kreuzweg-art4-1024x768.jpg\" srcset=\"https:\/\/martinluther.ca\/wp-content\/uploads\/2015\/03\/2015-Lenten-Kreuzweg-art4-1024x768.jpg 1024w, https:\/\/martinluther.ca\/wp-content\/uploads\/2015\/03\/2015-Lenten-Kreuzweg-art4-300x225.jpg 300w\" width=\"1024\" height=\"768\"><\/a><figcaption class=\"gallery-caption wpex-last-mb-0\">2015 Lenten<\/figcaption><\/figure><figure class=\"gallery-item\"><a href=\"https:\/\/martinluther.ca\/wp-content\/uploads\/2015\/04\/2015-Good-Friday-18BB.jpg\" class=\"wpex-lightbox-group-item\" data-caption=\"2015 Good Friday\"><img loading=\"lazy\" decoding=\"async\" src=\"https:\/\/martinluther.ca\/wp-content\/uploads\/2015\/04\/2015-Good-Friday-18BB.jpg\" alt=\"\" srcset=\"https:\/\/martinluther.ca\/wp-content\/uploads\/2015\/04\/2015-Good-Friday-18BB.jpg 1024w, https:\/\/martinluther.ca\/wp-content\/uploads\/2015\/04\/2015-Good-Friday-18BB-300x225.jpg 300w\" width=\"1024\" height=\"768\"><\/a><figcaption class=\"gallery-caption wpex-last-mb-0\">2015 Good Friday<\/figcaption><\/figure><figure class=\"gallery-item\"><a href=\"https:\/\/martinluther.ca\/wp-content\/uploads\/2015\/04\/2015-Good-Friday-20BB.jpg\" class=\"wpex-lightbox-group-item\" data-caption=\"2015 Good Friday\"><img loading=\"lazy\" decoding=\"async\" src=\"https:\/\/martinluther.ca\/wp-content\/uploads\/2015\/04\/2015-Good-Friday-20BB.jpg\" alt=\"\" srcset=\"https:\/\/martinluther.ca\/wp-content\/uploads\/2015\/04\/2015-Good-Friday-20BB.jpg 1024w, https:\/\/martinluther.ca\/wp-content\/uploads\/2015\/04\/2015-Good-Friday-20BB-300x225.jpg 300w\" width=\"1024\" height=\"768\"><\/a><figcaption class=\"gallery-caption wpex-last-mb-0\">2015 Good Friday<\/figcaption><\/figure><figure class=\"gallery-item\"><a href=\"https:\/\/martinluther.ca\/wp-content\/uploads\/2015\/03\/2015-Lenten-Kreuzweg-art2.jpg\" class=\"wpex-lightbox-group-item\" data-caption=\"2015 Lenten - Kreuzweg Display \"><img loading=\"lazy\" decoding=\"async\" src=\"https:\/\/martinluther.ca\/wp-content\/uploads\/2015\/03\/2015-Lenten-Kreuzweg-art2-1024x768.jpg\" alt=\"\" srcset=\"https:\/\/martinluther.ca\/wp-content\/uploads\/2015\/03\/2015-Lenten-Kreuzweg-art2-1024x768.jpg 1024w, https:\/\/martinluther.ca\/wp-content\/uploads\/2015\/03\/2015-Lenten-Kreuzweg-art2-300x225.jpg 300w\" width=\"1024\" height=\"768\"><\/a><figcaption class=\"gallery-caption wpex-last-mb-0\">2015 Lenten &#8211; Kreuzweg Display <\/figcaption><\/figure><figure class=\"gallery-item\"><a href=\"https:\/\/martinluther.ca\/wp-content\/uploads\/2015\/04\/2015-Good-Friday-01BB.jpg\" class=\"wpex-lightbox-group-item\" data-caption=\"2015 Good Friday\"><img loading=\"lazy\" decoding=\"async\" src=\"https:\/\/martinluther.ca\/wp-content\/uploads\/2015\/04\/2015-Good-Friday-01BB.jpg\" alt=\"\" srcset=\"https:\/\/martinluther.ca\/wp-content\/uploads\/2015\/04\/2015-Good-Friday-01BB.jpg 946w, https:\/\/martinluther.ca\/wp-content\/uploads\/2015\/04\/2015-Good-Friday-01BB-300x225.jpg 300w\" width=\"946\" height=\"710\"><\/a><figcaption class=\"gallery-caption wpex-last-mb-0\">2015 Good Friday<\/figcaption><\/figure><figure class=\"gallery-item\"><a href=\"https:\/\/martinluther.ca\/wp-content\/uploads\/2015\/03\/2015-Lenten-Kreuzweg-art1.jpg\" class=\"wpex-lightbox-group-item\" data-caption=\"2015 Lenten\" data-title=\"2015 Lenten \"><img loading=\"lazy\" alt=\"2015 Lenten\" decoding=\"async\" src=\"https:\/\/martinluther.ca\/wp-content\/uploads\/2015\/03\/2015-Lenten-Kreuzweg-art1-1024x768.jpg\" srcset=\"https:\/\/martinluther.ca\/wp-content\/uploads\/2015\/03\/2015-Lenten-Kreuzweg-art1-1024x768.jpg 1024w, https:\/\/martinluther.ca\/wp-content\/uploads\/2015\/03\/2015-Lenten-Kreuzweg-art1-300x225.jpg 300w\" width=\"1024\" height=\"768\"><\/a><figcaption class=\"gallery-caption wpex-last-mb-0\">2015 Lenten<\/figcaption><\/figure><\/div>\n\n","protected":false},"excerpt":{"rendered":"<p>Die Passionsgottesdienste haben am Aschermittwoch, 18. Februar, gemeinsam mit den protestantischen Gemeinden aus der Nachbarschaft in Mimico begonnen. Wie muss ein zeitgem\u00e4\u00dfer Kreuzweg aussehen? Diese Frage diskutierte die K\u00fcnstlerin Cynthia Tokaya mit einer D\u00fcsseldorfer Kirchengemeinde und schuf anschlie\u00dfend ein Kunstwerk f\u00fcr deren Kirchraum. Mit den oftmals \u00fcberraschenden Bildern besch\u00e4ftigen wir uns in den diesj\u00e4hrigen Passionsgottesdiensten&hellip;<\/p>\n","protected":false},"author":9,"featured_media":20868,"comment_status":"closed","ping_status":"closed","sticky":false,"template":"","format":"standard","meta":{"footnotes":""},"categories":[69],"tags":[],"post_series":[],"class_list":["post-20816","post","type-post","status-publish","format-standard","has-post-thumbnail","hentry","category-news-blog-german","entry","has-media"],"yoast_head":"<!-- This site is optimized with the Yoast SEO plugin v27.5 - https:\/\/yoast.com\/product\/yoast-seo-wordpress\/ -->\n<title>Passionsgottesdienste 2015, beginnend am Aschermittwoch, dem 18. Februar - Martin Luther Evangelische Kirche Toronto<\/title>\n<meta name=\"robots\" content=\"index, follow, max-snippet:-1, max-image-preview:large, max-video-preview:-1\" \/>\n<link rel=\"canonical\" href=\"https:\/\/martinluther.ca\/2015\/02\/lenten-services-2015-beginning-on-ash-wednesdau-february-18th\/\" \/>\n<meta property=\"og:locale\" content=\"de_DE\" \/>\n<meta property=\"og:type\" content=\"article\" \/>\n<meta property=\"og:title\" content=\"Passionsgottesdienste 2015, beginnend am Aschermittwoch, dem 18. Februar - Martin Luther Evangelische Kirche Toronto\" \/>\n<meta property=\"og:description\" content=\"Die Passionsgottesdienste haben am Aschermittwoch, 18. Februar, gemeinsam mit den protestantischen Gemeinden aus der Nachbarschaft in Mimico begonnen. Wie muss ein zeitgem\u00e4\u00dfer Kreuzweg aussehen? Diese Frage diskutierte die K\u00fcnstlerin Cynthia Tokaya mit einer D\u00fcsseldorfer Kirchengemeinde und schuf anschlie\u00dfend ein Kunstwerk f\u00fcr deren Kirchraum. Mit den oftmals \u00fcberraschenden Bildern besch\u00e4ftigen wir uns in den diesj\u00e4hrigen Passionsgottesdiensten&hellip;\" \/>\n<meta property=\"og:url\" content=\"https:\/\/martinluther.ca\/2015\/02\/lenten-services-2015-beginning-on-ash-wednesdau-february-18th\/\" \/>\n<meta property=\"og:site_name\" content=\"Martin Luther Evangelische Kirche Toronto\" \/>\n<meta property=\"article:publisher\" content=\"https:\/\/www.facebook.com\/martinlutherchurchtoronto\" \/>\n<meta property=\"article:published_time\" content=\"2015-02-14T17:40:34+00:00\" \/>\n<meta property=\"article:modified_time\" content=\"2025-11-22T18:24:02+00:00\" \/>\n<meta property=\"og:image\" content=\"https:\/\/martinluther.ca\/wp-content\/uploads\/2015\/02\/2015-Lent-Herzstueck-St-Bruno-e1424229584333.jpg\" \/>\n\t<meta property=\"og:image:width\" content=\"649\" \/>\n\t<meta property=\"og:image:height\" content=\"488\" \/>\n\t<meta property=\"og:image:type\" content=\"image\/jpeg\" \/>\n<meta name=\"author\" content=\"Mona Kakoschke Frantzke\" \/>\n<meta name=\"twitter:card\" content=\"summary_large_image\" \/>\n<meta name=\"twitter:label1\" content=\"Verfasst von\" \/>\n\t<meta name=\"twitter:data1\" content=\"Mona Kakoschke Frantzke\" \/>\n\t<meta name=\"twitter:label2\" content=\"Gesch\u00e4tzte Lesezeit\" \/>\n\t<meta name=\"twitter:data2\" content=\"1\u00a0Minute\" \/>\n<script type=\"application\/ld+json\" class=\"yoast-schema-graph\">{\"@context\":\"https:\\\/\\\/schema.org\",\"@graph\":[{\"@type\":\"Article\",\"@id\":\"https:\\\/\\\/martinluther.ca\\\/2015\\\/02\\\/lenten-services-2015-beginning-on-ash-wednesdau-february-18th\\\/#article\",\"isPartOf\":{\"@id\":\"https:\\\/\\\/martinluther.ca\\\/2015\\\/02\\\/lenten-services-2015-beginning-on-ash-wednesdau-february-18th\\\/\"},\"author\":{\"name\":\"Mona Kakoschke Frantzke\",\"@id\":\"https:\\\/\\\/martinluther.ca\\\/de\\\/#\\\/schema\\\/person\\\/815c51710f70b050f0476f18da6b0c8f\"},\"headline\":\"Passionsgottesdienste 2015, beginnend am Aschermittwoch, dem 18. Februar\",\"datePublished\":\"2015-02-14T17:40:34+00:00\",\"dateModified\":\"2025-11-22T18:24:02+00:00\",\"mainEntityOfPage\":{\"@id\":\"https:\\\/\\\/martinluther.ca\\\/2015\\\/02\\\/lenten-services-2015-beginning-on-ash-wednesdau-february-18th\\\/\"},\"wordCount\":216,\"publisher\":{\"@id\":\"https:\\\/\\\/martinluther.ca\\\/de\\\/#organization\"},\"image\":{\"@id\":\"https:\\\/\\\/martinluther.ca\\\/2015\\\/02\\\/lenten-services-2015-beginning-on-ash-wednesdau-february-18th\\\/#primaryimage\"},\"thumbnailUrl\":\"https:\\\/\\\/martinluther.ca\\\/wp-content\\\/uploads\\\/2015\\\/02\\\/2015-Lent-Herzstueck-St-Bruno-e1424229584333.jpg\",\"articleSection\":[\"News Blog - German\"],\"inLanguage\":\"de\"},{\"@type\":\"WebPage\",\"@id\":\"https:\\\/\\\/martinluther.ca\\\/2015\\\/02\\\/lenten-services-2015-beginning-on-ash-wednesdau-february-18th\\\/\",\"url\":\"https:\\\/\\\/martinluther.ca\\\/2015\\\/02\\\/lenten-services-2015-beginning-on-ash-wednesdau-february-18th\\\/\",\"name\":\"Passionsgottesdienste 2015, beginnend am Aschermittwoch, dem 18. Februar - Martin Luther Evangelische Kirche Toronto\",\"isPartOf\":{\"@id\":\"https:\\\/\\\/martinluther.ca\\\/de\\\/#website\"},\"primaryImageOfPage\":{\"@id\":\"https:\\\/\\\/martinluther.ca\\\/2015\\\/02\\\/lenten-services-2015-beginning-on-ash-wednesdau-february-18th\\\/#primaryimage\"},\"image\":{\"@id\":\"https:\\\/\\\/martinluther.ca\\\/2015\\\/02\\\/lenten-services-2015-beginning-on-ash-wednesdau-february-18th\\\/#primaryimage\"},\"thumbnailUrl\":\"https:\\\/\\\/martinluther.ca\\\/wp-content\\\/uploads\\\/2015\\\/02\\\/2015-Lent-Herzstueck-St-Bruno-e1424229584333.jpg\",\"datePublished\":\"2015-02-14T17:40:34+00:00\",\"dateModified\":\"2025-11-22T18:24:02+00:00\",\"breadcrumb\":{\"@id\":\"https:\\\/\\\/martinluther.ca\\\/2015\\\/02\\\/lenten-services-2015-beginning-on-ash-wednesdau-february-18th\\\/#breadcrumb\"},\"inLanguage\":\"de\",\"potentialAction\":[{\"@type\":\"ReadAction\",\"target\":[\"https:\\\/\\\/martinluther.ca\\\/2015\\\/02\\\/lenten-services-2015-beginning-on-ash-wednesdau-february-18th\\\/\"]}]},{\"@type\":\"ImageObject\",\"inLanguage\":\"de\",\"@id\":\"https:\\\/\\\/martinluther.ca\\\/2015\\\/02\\\/lenten-services-2015-beginning-on-ash-wednesdau-february-18th\\\/#primaryimage\",\"url\":\"https:\\\/\\\/martinluther.ca\\\/wp-content\\\/uploads\\\/2015\\\/02\\\/2015-Lent-Herzstueck-St-Bruno-e1424229584333.jpg\",\"contentUrl\":\"https:\\\/\\\/martinluther.ca\\\/wp-content\\\/uploads\\\/2015\\\/02\\\/2015-Lent-Herzstueck-St-Bruno-e1424229584333.jpg\",\"width\":649,\"height\":488,\"caption\":\"Herzst\u00fcck Kreuzweg St. Bruno, 2004, Oil on Canvas, by artist Cynthia Tokaya\"},{\"@type\":\"BreadcrumbList\",\"@id\":\"https:\\\/\\\/martinluther.ca\\\/2015\\\/02\\\/lenten-services-2015-beginning-on-ash-wednesdau-february-18th\\\/#breadcrumb\",\"itemListElement\":[{\"@type\":\"ListItem\",\"position\":1,\"name\":\"Home\",\"item\":\"https:\\\/\\\/martinluther.ca\\\/de\\\/\"},{\"@type\":\"ListItem\",\"position\":2,\"name\":\"Passionsgottesdienste 2015, beginnend am Aschermittwoch, dem 18. Februar\"}]},{\"@type\":\"WebSite\",\"@id\":\"https:\\\/\\\/martinluther.ca\\\/de\\\/#website\",\"url\":\"https:\\\/\\\/martinluther.ca\\\/de\\\/\",\"name\":\"Martin Luther Evangelical Church Toronto\",\"description\":\"Deutsch &amp; Englisch\",\"publisher\":{\"@id\":\"https:\\\/\\\/martinluther.ca\\\/de\\\/#organization\"},\"potentialAction\":[{\"@type\":\"SearchAction\",\"target\":{\"@type\":\"EntryPoint\",\"urlTemplate\":\"https:\\\/\\\/martinluther.ca\\\/de\\\/?s={search_term_string}\"},\"query-input\":{\"@type\":\"PropertyValueSpecification\",\"valueRequired\":true,\"valueName\":\"search_term_string\"}}],\"inLanguage\":\"de\"},{\"@type\":\"Organization\",\"@id\":\"https:\\\/\\\/martinluther.ca\\\/de\\\/#organization\",\"name\":\"Martin Luther Evangelical Church Toronto\",\"url\":\"https:\\\/\\\/martinluther.ca\\\/de\\\/\",\"logo\":{\"@type\":\"ImageObject\",\"inLanguage\":\"de\",\"@id\":\"https:\\\/\\\/martinluther.ca\\\/de\\\/#\\\/schema\\\/logo\\\/image\\\/\",\"url\":\"https:\\\/\\\/martinluther.ca\\\/wp-content\\\/uploads\\\/2016\\\/12\\\/ml-logo-300.png\",\"contentUrl\":\"https:\\\/\\\/martinluther.ca\\\/wp-content\\\/uploads\\\/2016\\\/12\\\/ml-logo-300.png\",\"width\":300,\"height\":150,\"caption\":\"Martin Luther Evangelical Church Toronto\"},\"image\":{\"@id\":\"https:\\\/\\\/martinluther.ca\\\/de\\\/#\\\/schema\\\/logo\\\/image\\\/\"},\"sameAs\":[\"https:\\\/\\\/www.facebook.com\\\/martinlutherchurchtoronto\",\"https:\\\/\\\/www.instagram.com\\\/lutheransbythelake\\\/\",\"https:\\\/\\\/www.youtube.com\\\/MartinLutherChurchToronto\"]},{\"@type\":\"Person\",\"@id\":\"https:\\\/\\\/martinluther.ca\\\/de\\\/#\\\/schema\\\/person\\\/815c51710f70b050f0476f18da6b0c8f\",\"name\":\"Mona Kakoschke Frantzke\",\"image\":{\"@type\":\"ImageObject\",\"inLanguage\":\"de\",\"@id\":\"https:\\\/\\\/secure.gravatar.com\\\/avatar\\\/0deb16854ca545cd2e9fc8001ca110d262b80d5c8317b38dc542265fbea0ed19?s=96&d=mm&r=g\",\"url\":\"https:\\\/\\\/secure.gravatar.com\\\/avatar\\\/0deb16854ca545cd2e9fc8001ca110d262b80d5c8317b38dc542265fbea0ed19?s=96&d=mm&r=g\",\"contentUrl\":\"https:\\\/\\\/secure.gravatar.com\\\/avatar\\\/0deb16854ca545cd2e9fc8001ca110d262b80d5c8317b38dc542265fbea0ed19?s=96&d=mm&r=g\",\"caption\":\"Mona Kakoschke Frantzke\"},\"url\":false}]}<\/script>\n<!-- \/ Yoast SEO plugin. -->","yoast_head_json":{"title":"Passionsgottesdienste 2015, beginnend am Aschermittwoch, dem 18. Februar - Martin Luther Evangelische Kirche Toronto","robots":{"index":"index","follow":"follow","max-snippet":"max-snippet:-1","max-image-preview":"max-image-preview:large","max-video-preview":"max-video-preview:-1"},"canonical":"https:\/\/martinluther.ca\/2015\/02\/lenten-services-2015-beginning-on-ash-wednesdau-february-18th\/","og_locale":"de_DE","og_type":"article","og_title":"Passionsgottesdienste 2015, beginnend am Aschermittwoch, dem 18. Februar - Martin Luther Evangelische Kirche Toronto","og_description":"Die Passionsgottesdienste haben am Aschermittwoch, 18. Februar, gemeinsam mit den protestantischen Gemeinden aus der Nachbarschaft in Mimico begonnen. Wie muss ein zeitgem\u00e4\u00dfer Kreuzweg aussehen? Diese Frage diskutierte die K\u00fcnstlerin Cynthia Tokaya mit einer D\u00fcsseldorfer Kirchengemeinde und schuf anschlie\u00dfend ein Kunstwerk f\u00fcr deren Kirchraum. Mit den oftmals \u00fcberraschenden Bildern besch\u00e4ftigen wir uns in den diesj\u00e4hrigen Passionsgottesdiensten&hellip;","og_url":"https:\/\/martinluther.ca\/2015\/02\/lenten-services-2015-beginning-on-ash-wednesdau-february-18th\/","og_site_name":"Martin Luther Evangelische Kirche Toronto","article_publisher":"https:\/\/www.facebook.com\/martinlutherchurchtoronto","article_published_time":"2015-02-14T17:40:34+00:00","article_modified_time":"2025-11-22T18:24:02+00:00","og_image":[{"width":649,"height":488,"url":"https:\/\/martinluther.ca\/wp-content\/uploads\/2015\/02\/2015-Lent-Herzstueck-St-Bruno-e1424229584333.jpg","type":"image\/jpeg"}],"author":"Mona Kakoschke Frantzke","twitter_card":"summary_large_image","twitter_misc":{"Verfasst von":"Mona Kakoschke Frantzke","Gesch\u00e4tzte Lesezeit":"1\u00a0Minute"},"schema":{"@context":"https:\/\/schema.org","@graph":[{"@type":"Article","@id":"https:\/\/martinluther.ca\/2015\/02\/lenten-services-2015-beginning-on-ash-wednesdau-february-18th\/#article","isPartOf":{"@id":"https:\/\/martinluther.ca\/2015\/02\/lenten-services-2015-beginning-on-ash-wednesdau-february-18th\/"},"author":{"name":"Mona Kakoschke Frantzke","@id":"https:\/\/martinluther.ca\/de\/#\/schema\/person\/815c51710f70b050f0476f18da6b0c8f"},"headline":"Passionsgottesdienste 2015, beginnend am Aschermittwoch, dem 18. Februar","datePublished":"2015-02-14T17:40:34+00:00","dateModified":"2025-11-22T18:24:02+00:00","mainEntityOfPage":{"@id":"https:\/\/martinluther.ca\/2015\/02\/lenten-services-2015-beginning-on-ash-wednesdau-february-18th\/"},"wordCount":216,"publisher":{"@id":"https:\/\/martinluther.ca\/de\/#organization"},"image":{"@id":"https:\/\/martinluther.ca\/2015\/02\/lenten-services-2015-beginning-on-ash-wednesdau-february-18th\/#primaryimage"},"thumbnailUrl":"https:\/\/martinluther.ca\/wp-content\/uploads\/2015\/02\/2015-Lent-Herzstueck-St-Bruno-e1424229584333.jpg","articleSection":["News Blog - German"],"inLanguage":"de"},{"@type":"WebPage","@id":"https:\/\/martinluther.ca\/2015\/02\/lenten-services-2015-beginning-on-ash-wednesdau-february-18th\/","url":"https:\/\/martinluther.ca\/2015\/02\/lenten-services-2015-beginning-on-ash-wednesdau-february-18th\/","name":"Passionsgottesdienste 2015, beginnend am Aschermittwoch, dem 18. Februar - Martin Luther Evangelische Kirche Toronto","isPartOf":{"@id":"https:\/\/martinluther.ca\/de\/#website"},"primaryImageOfPage":{"@id":"https:\/\/martinluther.ca\/2015\/02\/lenten-services-2015-beginning-on-ash-wednesdau-february-18th\/#primaryimage"},"image":{"@id":"https:\/\/martinluther.ca\/2015\/02\/lenten-services-2015-beginning-on-ash-wednesdau-february-18th\/#primaryimage"},"thumbnailUrl":"https:\/\/martinluther.ca\/wp-content\/uploads\/2015\/02\/2015-Lent-Herzstueck-St-Bruno-e1424229584333.jpg","datePublished":"2015-02-14T17:40:34+00:00","dateModified":"2025-11-22T18:24:02+00:00","breadcrumb":{"@id":"https:\/\/martinluther.ca\/2015\/02\/lenten-services-2015-beginning-on-ash-wednesdau-february-18th\/#breadcrumb"},"inLanguage":"de","potentialAction":[{"@type":"ReadAction","target":["https:\/\/martinluther.ca\/2015\/02\/lenten-services-2015-beginning-on-ash-wednesdau-february-18th\/"]}]},{"@type":"ImageObject","inLanguage":"de","@id":"https:\/\/martinluther.ca\/2015\/02\/lenten-services-2015-beginning-on-ash-wednesdau-february-18th\/#primaryimage","url":"https:\/\/martinluther.ca\/wp-content\/uploads\/2015\/02\/2015-Lent-Herzstueck-St-Bruno-e1424229584333.jpg","contentUrl":"https:\/\/martinluther.ca\/wp-content\/uploads\/2015\/02\/2015-Lent-Herzstueck-St-Bruno-e1424229584333.jpg","width":649,"height":488,"caption":"Herzst\u00fcck Kreuzweg St. Bruno, 2004, Oil on Canvas, by artist Cynthia Tokaya"},{"@type":"BreadcrumbList","@id":"https:\/\/martinluther.ca\/2015\/02\/lenten-services-2015-beginning-on-ash-wednesdau-february-18th\/#breadcrumb","itemListElement":[{"@type":"ListItem","position":1,"name":"Home","item":"https:\/\/martinluther.ca\/de\/"},{"@type":"ListItem","position":2,"name":"Passionsgottesdienste 2015, beginnend am Aschermittwoch, dem 18. Februar"}]},{"@type":"WebSite","@id":"https:\/\/martinluther.ca\/de\/#website","url":"https:\/\/martinluther.ca\/de\/","name":"Martin Luther Evangelical Church Toronto","description":"Deutsch &amp; Englisch","publisher":{"@id":"https:\/\/martinluther.ca\/de\/#organization"},"potentialAction":[{"@type":"SearchAction","target":{"@type":"EntryPoint","urlTemplate":"https:\/\/martinluther.ca\/de\/?s={search_term_string}"},"query-input":{"@type":"PropertyValueSpecification","valueRequired":true,"valueName":"search_term_string"}}],"inLanguage":"de"},{"@type":"Organization","@id":"https:\/\/martinluther.ca\/de\/#organization","name":"Martin Luther Evangelical Church Toronto","url":"https:\/\/martinluther.ca\/de\/","logo":{"@type":"ImageObject","inLanguage":"de","@id":"https:\/\/martinluther.ca\/de\/#\/schema\/logo\/image\/","url":"https:\/\/martinluther.ca\/wp-content\/uploads\/2016\/12\/ml-logo-300.png","contentUrl":"https:\/\/martinluther.ca\/wp-content\/uploads\/2016\/12\/ml-logo-300.png","width":300,"height":150,"caption":"Martin Luther Evangelical Church Toronto"},"image":{"@id":"https:\/\/martinluther.ca\/de\/#\/schema\/logo\/image\/"},"sameAs":["https:\/\/www.facebook.com\/martinlutherchurchtoronto","https:\/\/www.instagram.com\/lutheransbythelake\/","https:\/\/www.youtube.com\/MartinLutherChurchToronto"]},{"@type":"Person","@id":"https:\/\/martinluther.ca\/de\/#\/schema\/person\/815c51710f70b050f0476f18da6b0c8f","name":"Mona Kakoschke Frantzke","image":{"@type":"ImageObject","inLanguage":"de","@id":"https:\/\/secure.gravatar.com\/avatar\/0deb16854ca545cd2e9fc8001ca110d262b80d5c8317b38dc542265fbea0ed19?s=96&d=mm&r=g","url":"https:\/\/secure.gravatar.com\/avatar\/0deb16854ca545cd2e9fc8001ca110d262b80d5c8317b38dc542265fbea0ed19?s=96&d=mm&r=g","contentUrl":"https:\/\/secure.gravatar.com\/avatar\/0deb16854ca545cd2e9fc8001ca110d262b80d5c8317b38dc542265fbea0ed19?s=96&d=mm&r=g","caption":"Mona Kakoschke Frantzke"},"url":false}]}},"_links":{"self":[{"href":"https:\/\/martinluther.ca\/de\/wp-json\/wp\/v2\/posts\/20816","targetHints":{"allow":["GET"]}}],"collection":[{"href":"https:\/\/martinluther.ca\/de\/wp-json\/wp\/v2\/posts"}],"about":[{"href":"https:\/\/martinluther.ca\/de\/wp-json\/wp\/v2\/types\/post"}],"author":[{"embeddable":true,"href":"https:\/\/martinluther.ca\/de\/wp-json\/wp\/v2\/users\/9"}],"replies":[{"embeddable":true,"href":"https:\/\/martinluther.ca\/de\/wp-json\/wp\/v2\/comments?post=20816"}],"version-history":[{"count":15,"href":"https:\/\/martinluther.ca\/de\/wp-json\/wp\/v2\/posts\/20816\/revisions"}],"predecessor-version":[{"id":56229,"href":"https:\/\/martinluther.ca\/de\/wp-json\/wp\/v2\/posts\/20816\/revisions\/56229"}],"wp:featuredmedia":[{"embeddable":true,"href":"https:\/\/martinluther.ca\/de\/wp-json\/wp\/v2\/media\/20868"}],"wp:attachment":[{"href":"https:\/\/martinluther.ca\/de\/wp-json\/wp\/v2\/media?parent=20816"}],"wp:term":[{"taxonomy":"category","embeddable":true,"href":"https:\/\/martinluther.ca\/de\/wp-json\/wp\/v2\/categories?post=20816"},{"taxonomy":"post_tag","embeddable":true,"href":"https:\/\/martinluther.ca\/de\/wp-json\/wp\/v2\/tags?post=20816"},{"taxonomy":"post_series","embeddable":true,"href":"https:\/\/martinluther.ca\/de\/wp-json\/wp\/v2\/post_series?post=20816"}],"curies":[{"name":"wp","href":"https:\/\/api.w.org\/{rel}","templated":true}]}}