{"id":20822,"date":"2015-04-28T07:36:47","date_gmt":"2015-04-28T11:36:47","guid":{"rendered":"https:\/\/martinluther.ca\/?p=20822"},"modified":"2025-11-22T13:44:18","modified_gmt":"2025-11-22T18:44:18","slug":"der-martin-luther-statue-besuchte-unseren-kindergarten","status":"publish","type":"post","link":"https:\/\/martinluther.ca\/de\/2015\/04\/der-martin-luther-statue-besuchte-unseren-kindergarten\/","title":{"rendered":"Der Martin Luther Statue besuchte unseren Kindergarten"},"content":{"rendered":"<figure id=\"attachment_20850\" aria-describedby=\"caption-attachment-20850\" style=\"width: 300px\" class=\"wp-caption alignright\"><img loading=\"lazy\" decoding=\"async\" class=\"size-medium wp-image-20850\" src=\"https:\/\/martinluther.ca\/wp-content\/uploads\/2015\/04\/2015-MLStatue-Visit-Daycare.jpg\" alt=\"Die Martin Luther Statue zu Besuch im Kindergarten der Martin Luther Kirche.\" width=\"300\" height=\"224\" \/><figcaption id=\"caption-attachment-20850\" class=\"wp-caption-text\">Die Martin Luther Statue zu Besuch im Kindergarten der Martin Luther Kirche.<\/figcaption><\/figure>\n<p>Es war eine wundervolle Erfahrung, den Martin Luther Statue im Kindergarten zu pr\u00e4sentieren und mit den Kindern zu arbeiten. Alle Kinder waren offen zu h\u00f6ren, was wir ihnen berichteten. Sie lasen begeistert, trugen ihre Ideen bei und arbeiteten flei\u00dfig mit an allem was wir f\u00fcr sie geplant hatten.<\/p>\n<p>Wir wurden positiv empfangen und waren angenehm \u00fcberrascht, wie selbstverst\u00e4ndlich die Kinder mit uns umgingen obwohl sie uns noch gar nicht kannten. Sie sprachen so nett mit uns als ob wir uns regelm\u00e4\u00dfig tr\u00e4fen und verbreiteten somit eine angenehme Atmosph\u00e4re.<\/p>\n<p>Mit ihren Kunstwerken zeigten die Kinder viel Kreativit\u00e4t und es war offensichtlich, dass sie gerne mit verschiedenen Medien arbeiten, einschlie\u00dflich Buntstiften, Filzstiften, Klebern und Wasserfarben. Insgesamt war es eine tolle Erfahrung und wir w\u00fcrden in jedem Fall gerne wieder kommen. Herzlichen Dank an Roxana und Teresa f\u00fcr die Gelegenheit zum Austausch und die wohltuende Erfahrung im Klassenzimmer. (Bericht: Iris Schweiger)<\/p>\n<h3>Hintergrund: Die Reise unseres Martin Luther Statue<\/h3>\n<p>Am 15. Dezember 2014 ist Martin Luther von Wittenberg \u00fcber Berlin nach Toronto gekommen. Zu ihrem 60-j\u00e4hrigen Gemeindejubil\u00e4um schickt die Martin Luther Kirche ihren Namenspatron in Gestalt einer Statue kreuz und quer durch Toronto. Jeden Sonntag wird Martin Luther in der Kirche am 2379 Lakeshore Boulevard West zu einem neuen Trip abgeholt. Wer ihn mitnimmt muss f\u00fcr ein Foto sorgen und den Reformator Menschen vorstellen, die ihn noch nicht kennen. Mit der ein Meter gro\u00dfen Statue unterm Arm geht das oft schneller als gedacht.<\/p>\n<figure id=\"attachment_20850\" aria-describedby=\"caption-attachment-20850\" style=\"width: 300px\" class=\"wp-caption alignright\"><img loading=\"lazy\" decoding=\"async\" class=\"size-medium wp-image-20850\" src=\"https:\/\/martinluther.ca\/wp-content\/uploads\/2015\/02\/ML-and-Toronto-Skyline-small-300x224.jpg\" alt=\"2015 Martin Luther ambassador on the Toronto skyline\" width=\"300\" height=\"224\" srcset=\"https:\/\/martinluther.ca\/wp-content\/uploads\/2015\/02\/ML-and-Toronto-Skyline-small-300x224.jpg 300w, https:\/\/martinluther.ca\/wp-content\/uploads\/2015\/02\/ML-and-Toronto-Skyline-small-1024x764.jpg 1024w, https:\/\/martinluther.ca\/wp-content\/uploads\/2015\/02\/ML-and-Toronto-Skyline-small.jpg 1280w\" sizes=\"auto, (max-width: 300px) 100vw, 300px\" \/><figcaption id=\"caption-attachment-20850\" class=\"wp-caption-text\">2015 Martin Luther statue at Toronto skyline<\/figcaption><\/figure>\n<p>Von der Ankunft am Pearson Airport an war die Skulptur Anlass f\u00fcr interessante Gespr\u00e4che rund um Leben und Wirken des deutschen Reformators, dessen Anschlag der 95 Thesen an der Schlosskirche zu Wittenberg zum Ausgangspunkt f\u00fcr die Entstehung der protestantischen Kirchen wurde. Bis heute wirken seine Gedanken fort, insbesondere die zentrale Entdeckung\u00a0 reformatorischer Theologie, dass Gottes liebevolle Zuwendung \u201eallein aus Gnade\u201c Menschen heilt und aufleben l\u00e4sst.<\/p>\n<p>Der Luther Botschafter\u00a0 war zuvor Teil der Installation \u201eMartin Luther: Hier stehe ich\u201c, die 2010 f\u00fcr einen Monat das Luther-Denkmal auf dem Marktplatz der Lutherstadt Wittenberg ersetzte. Vom 14. August bis 12. September 2010 stellte der K\u00fcnstler Ottmar H\u00f6rl statt des Denkmals eine Installation mit 800 Luther-Botschaftern auf. Anschlie\u00dfend setzten sich die Botschafter in Bewegung. Wie die reformatorische Idee sorgen sie weltweit f\u00fcr Diskussion. Eine interaktive Karte auf der Webseite <a href=\"http:\/\/www.luther2017.de\" target=\"_blank\" rel=\"noopener\">www.luther2017.de <\/a>zeichnet ihren Weg nach.<\/p>\n<p>Die Reise der Martin Luther Statue in Toronto ist sogar in der Evangelischen Kirche in Deutschland (EKD) bekannt. Das Projekt unserer Kirchengemeinde wird auf der folgenden EKD Seite vorgestellt: <a href=\"http:\/\/www.geistreich.de\/experience_reports\/2187http:\/\/\" target=\"_blank\" rel=\"noopener\">http:\/\/www.geistreich.de\/experience_reports\/2187<\/a><\/p>\n<p><strong>Kontakt:<\/strong><br \/>\nPastor Christian Ceconi, pastor@martinluther.ca<\/p>\n<p>Mehr Fotos von Martin Luther in Toronto auf unserer Facebook Seite: <strong>facebook.com\/martinlutherchurchtoron<\/strong>to<\/p>\n<p>Mehr Infos unter <a href=\"http:\/\/www.luther2017.de\/mitmachen\/weltweites-netz-der-lutherbotschafter\" target=\"_blank\" rel=\"noopener\">www.luther2017.de\/mitmachen\/weltweites-netz-der-lutherbotschafter<\/a><\/p>\n<p>&nbsp;<\/p>\n<figure id=\"attachment_20970\" aria-describedby=\"caption-attachment-20970\" style=\"width: 150px\" class=\"wp-caption alignleft\"><a href=\"https:\/\/martinluther.ca\/wp-content\/uploads\/2015\/03\/2015-Martin-Luther-ambassador-at-birthday-party1.jpg\"><img loading=\"lazy\" decoding=\"async\" class=\"wp-image-20970 size-thumbnail\" src=\"https:\/\/martinluther.ca\/wp-content\/uploads\/2015\/03\/2015-Martin-Luther-ambassador-at-birthday-party1-150x150.jpg\" alt=\"2015 Martin Luther ambassador at birthday party1\" width=\"150\" height=\"150\" \/><\/a><figcaption id=\"caption-attachment-20970\" class=\"wp-caption-text\">2015 Martin Luther ambassador at birthday party<\/figcaption><\/figure>\n<figure id=\"attachment_20971\" aria-describedby=\"caption-attachment-20971\" style=\"width: 150px\" class=\"wp-caption alignleft\"><a href=\"https:\/\/martinluther.ca\/wp-content\/uploads\/2015\/03\/2015-Martin-Luther-ambassador-at-Norseman-pool2.jpg\"><img loading=\"lazy\" decoding=\"async\" class=\"wp-image-20971 size-thumbnail\" src=\"https:\/\/martinluther.ca\/wp-content\/uploads\/2015\/03\/2015-Martin-Luther-ambassador-at-Norseman-pool2-150x150.jpg\" alt=\"2015 Martin Luther ambassador at Norseman pool2\" width=\"150\" height=\"150\" srcset=\"https:\/\/martinluther.ca\/wp-content\/uploads\/2015\/03\/2015-Martin-Luther-ambassador-at-Norseman-pool2-150x150.jpg 150w, https:\/\/martinluther.ca\/wp-content\/uploads\/2015\/03\/2015-Martin-Luther-ambassador-at-Norseman-pool2-125x125.jpg 125w\" sizes=\"auto, (max-width: 150px) 100vw, 150px\" \/><\/a><figcaption id=\"caption-attachment-20971\" class=\"wp-caption-text\">2015 Martin Luther ambassador at Norseman pool<\/figcaption><\/figure>\n<figure id=\"attachment_20973\" aria-describedby=\"caption-attachment-20973\" style=\"width: 150px\" class=\"wp-caption alignleft\"><a href=\"https:\/\/martinluther.ca\/wp-content\/uploads\/2015\/03\/2015-Martin-Luther-ambassador-at-the-Humber-bridge.jpg\"><img loading=\"lazy\" decoding=\"async\" class=\"wp-image-20973 size-thumbnail\" src=\"https:\/\/martinluther.ca\/wp-content\/uploads\/2015\/03\/2015-Martin-Luther-ambassador-at-the-Humber-bridge-150x150.jpg\" alt=\"2015 Martin Luther ambassador at the Humber bridge\" width=\"150\" height=\"150\" \/><\/a><figcaption id=\"caption-attachment-20973\" class=\"wp-caption-text\">2015 Martin Luther ambassador at Humber bridge<\/figcaption><\/figure>\n<figure id=\"attachment_20975\" aria-describedby=\"caption-attachment-20975\" style=\"width: 150px\" class=\"wp-caption alignleft\"><a href=\"https:\/\/martinluther.ca\/wp-content\/uploads\/2015\/03\/2015-Martin-Luther-ambassador-at-the-park3.jpg\"><img loading=\"lazy\" decoding=\"async\" class=\"wp-image-20975 size-thumbnail\" src=\"https:\/\/martinluther.ca\/wp-content\/uploads\/2015\/03\/2015-Martin-Luther-ambassador-at-the-park3-150x150.jpg\" alt=\"2015 Martin Luther ambassador at the park3\" width=\"150\" height=\"150\" \/><\/a><figcaption id=\"caption-attachment-20975\" class=\"wp-caption-text\">2015 Martin Luther ambassador at the park<\/figcaption><\/figure>\n<figure id=\"attachment_20972\" aria-describedby=\"caption-attachment-20972\" style=\"width: 150px\" class=\"wp-caption alignleft\"><img loading=\"lazy\" decoding=\"async\" class=\"wp-image-20972 size-thumbnail\" src=\"https:\/\/martinluther.ca\/wp-content\/uploads\/2015\/03\/2015-Martin-Luther-ambassador-at-the-hockey-rink2-150x150.jpg\" alt=\"2015 Martin Luther ambassador at the hockey rink2\" width=\"150\" height=\"150\" \/><figcaption id=\"caption-attachment-20972\" class=\"wp-caption-text\">2015 Martin Luther ambassador at the hockey rink<\/figcaption><\/figure>\n<figure id=\"attachment_20976\" aria-describedby=\"caption-attachment-20976\" style=\"width: 150px\" class=\"wp-caption alignleft\"><a href=\"https:\/\/martinluther.ca\/wp-content\/uploads\/2015\/03\/2015-Martin-Luther-ambassador-at-the-office.jpg\"><img loading=\"lazy\" decoding=\"async\" class=\"wp-image-20976 size-thumbnail\" src=\"https:\/\/martinluther.ca\/wp-content\/uploads\/2015\/03\/2015-Martin-Luther-ambassador-at-the-office-150x150.jpg\" alt=\"2015 Martin Luther ambassador at the office\" width=\"150\" height=\"150\" \/><\/a><figcaption id=\"caption-attachment-20976\" class=\"wp-caption-text\">2015 Martin Luther ambassador at the office<\/figcaption><\/figure>\n<figure id=\"attachment_20967\" aria-describedby=\"caption-attachment-20967\" style=\"width: 150px\" class=\"wp-caption alignleft\"><a href=\"https:\/\/martinluther.ca\/wp-content\/uploads\/2015\/03\/2015-Martin-Luther-ambassador-at-fitness-club.jpg\"><img loading=\"lazy\" decoding=\"async\" class=\"wp-image-20967 size-thumbnail\" src=\"https:\/\/martinluther.ca\/wp-content\/uploads\/2015\/03\/2015-Martin-Luther-ambassador-at-fitness-club-150x150.jpg\" alt=\"2015 Martin Luther ambassador at fitness club\" width=\"150\" height=\"150\" \/><\/a><figcaption id=\"caption-attachment-20967\" class=\"wp-caption-text\">2015 Martin Luther ambassador at the fitness club<\/figcaption><\/figure>\n<figure id=\"attachment_20969\" aria-describedby=\"caption-attachment-20969\" style=\"width: 150px\" class=\"wp-caption alignleft\"><a href=\"https:\/\/martinluther.ca\/wp-content\/uploads\/2015\/03\/2015-Martin-Luther-ambassador-at-a-baptism2.jpg\"><img loading=\"lazy\" decoding=\"async\" class=\"wp-image-20969 size-thumbnail\" src=\"https:\/\/martinluther.ca\/wp-content\/uploads\/2015\/03\/2015-Martin-Luther-ambassador-at-a-baptism2-150x150.jpg\" alt=\"2015 Martin Luther ambassador at a baptism2\" width=\"150\" height=\"150\" \/><\/a><figcaption id=\"caption-attachment-20969\" class=\"wp-caption-text\">2015 Martin Luther ambassador at a baptism in Martin Luther Church<\/figcaption><\/figure>\n<figure id=\"attachment_20979\" aria-describedby=\"caption-attachment-20979\" style=\"width: 150px\" class=\"wp-caption alignleft\"><img loading=\"lazy\" decoding=\"async\" class=\"size-thumbnail wp-image-20979\" src=\"https:\/\/martinluther.ca\/wp-content\/uploads\/2015\/03\/2015-Martin-Luther-ambassador-at-Chinese-New-Year-party-150x150.jpg\" alt=\"2015 Martin Luther ambassador at Chinese New Year party\" width=\"150\" height=\"150\" \/><figcaption id=\"caption-attachment-20979\" class=\"wp-caption-text\">2015 Martin Luther ambassador at Chinese New Year party<\/figcaption><\/figure>\n<figure id=\"attachment_20852\" aria-describedby=\"caption-attachment-20852\" style=\"width: 150px\" class=\"wp-caption alignleft\"><img loading=\"lazy\" decoding=\"async\" class=\"wp-image-20852 size-thumbnail\" src=\"https:\/\/martinluther.ca\/wp-content\/uploads\/2015\/02\/Sykes2-small-150x150.jpg\" alt=\"2015 Martin Luther ambassador at school\" width=\"150\" height=\"150\" \/><figcaption id=\"caption-attachment-20852\" class=\"wp-caption-text\">2015 Martin Luther ambassador at school<\/figcaption><\/figure>\n<figure id=\"attachment_20854\" aria-describedby=\"caption-attachment-20854\" style=\"width: 150px\" class=\"wp-caption alignleft\"><img loading=\"lazy\" decoding=\"async\" class=\"wp-image-20854 size-thumbnail\" src=\"https:\/\/martinluther.ca\/wp-content\/uploads\/2015\/02\/2015-Martin-Luther-Ambassador1DD-small-150x150.jpg\" alt=\"2015 Martin Luther Ambassador at a card party\" width=\"150\" height=\"150\" \/><figcaption id=\"caption-attachment-20854\" class=\"wp-caption-text\">2015 Martin Luther Ambassador at a scat card game<\/figcaption><\/figure>\n<figure id=\"attachment_20849\" aria-describedby=\"caption-attachment-20849\" style=\"width: 150px\" class=\"wp-caption alignleft\"><img loading=\"lazy\" decoding=\"async\" class=\"wp-image-20849 size-thumbnail\" src=\"https:\/\/martinluther.ca\/wp-content\/uploads\/2015\/02\/2015-Martin-Luther-Ambassador-Iris-unpacking-small-150x150.jpg\" alt=\"2015 Martin Luther Ambassador Iris unpacking the statue\" width=\"150\" height=\"150\" \/><figcaption id=\"caption-attachment-20849\" class=\"wp-caption-text\">2015 Martin Luther Ambassador unpacked<\/figcaption><\/figure>\n","protected":false},"excerpt":{"rendered":"<p>Es war eine wundervolle Erfahrung, den Martin Luther Statue im Kindergarten zu pr\u00e4sentieren und mit den Kindern zu arbeiten. Alle Kinder waren offen zu h\u00f6ren, was wir ihnen berichteten. Sie lasen begeistert, trugen ihre Ideen bei und arbeiteten flei\u00dfig mit an allem was wir f\u00fcr sie geplant hatten. Wir wurden positiv empfangen und waren angenehm&hellip;<\/p>\n","protected":false},"author":9,"featured_media":30121,"comment_status":"closed","ping_status":"closed","sticky":false,"template":"","format":"standard","meta":{"footnotes":""},"categories":[69],"tags":[],"post_series":[],"class_list":["post-20822","post","type-post","status-publish","format-standard","has-post-thumbnail","hentry","category-news-blog-german","entry","has-media"],"yoast_head":"<!-- This site is optimized with the Yoast SEO plugin v27.5 - https:\/\/yoast.com\/product\/yoast-seo-wordpress\/ -->\n<title>Der Martin Luther Statue besuchte unseren Kindergarten - Martin Luther Evangelische Kirche Toronto<\/title>\n<meta name=\"robots\" content=\"index, follow, max-snippet:-1, max-image-preview:large, max-video-preview:-1\" \/>\n<link rel=\"canonical\" href=\"https:\/\/martinluther.ca\/de\/2015\/04\/der-martin-luther-statue-besuchte-unseren-kindergarten\/\" \/>\n<meta property=\"og:locale\" content=\"de_DE\" \/>\n<meta property=\"og:type\" content=\"article\" \/>\n<meta property=\"og:title\" content=\"Der Martin Luther Statue besuchte unseren Kindergarten - Martin Luther Evangelische Kirche Toronto\" \/>\n<meta property=\"og:description\" content=\"Es war eine wundervolle Erfahrung, den Martin Luther Statue im Kindergarten zu pr\u00e4sentieren und mit den Kindern zu arbeiten. Alle Kinder waren offen zu h\u00f6ren, was wir ihnen berichteten. Sie lasen begeistert, trugen ihre Ideen bei und arbeiteten flei\u00dfig mit an allem was wir f\u00fcr sie geplant hatten. Wir wurden positiv empfangen und waren angenehm&hellip;\" \/>\n<meta property=\"og:url\" content=\"https:\/\/martinluther.ca\/de\/2015\/04\/der-martin-luther-statue-besuchte-unseren-kindergarten\/\" \/>\n<meta property=\"og:site_name\" content=\"Martin Luther Evangelische Kirche Toronto\" \/>\n<meta property=\"article:publisher\" content=\"https:\/\/www.facebook.com\/martinlutherchurchtoronto\" \/>\n<meta property=\"article:published_time\" content=\"2015-04-28T11:36:47+00:00\" \/>\n<meta property=\"article:modified_time\" content=\"2025-11-22T18:44:18+00:00\" \/>\n<meta property=\"og:image\" content=\"https:\/\/martinluther.ca\/wp-content\/uploads\/2015\/04\/2015-MLStatue-Visit-Daycare.jpg\" \/>\n\t<meta property=\"og:image:width\" content=\"624\" \/>\n\t<meta property=\"og:image:height\" content=\"468\" \/>\n\t<meta property=\"og:image:type\" content=\"image\/jpeg\" \/>\n<meta name=\"author\" content=\"Mona Kakoschke Frantzke\" \/>\n<meta name=\"twitter:card\" content=\"summary_large_image\" \/>\n<meta name=\"twitter:label1\" content=\"Verfasst von\" \/>\n\t<meta name=\"twitter:data1\" content=\"Mona Kakoschke Frantzke\" \/>\n\t<meta name=\"twitter:label2\" content=\"Gesch\u00e4tzte Lesezeit\" \/>\n\t<meta name=\"twitter:data2\" content=\"6\u00a0Minuten\" \/>\n<script type=\"application\/ld+json\" class=\"yoast-schema-graph\">{\"@context\":\"https:\\\/\\\/schema.org\",\"@graph\":[{\"@type\":\"Article\",\"@id\":\"https:\\\/\\\/martinluther.ca\\\/de\\\/2015\\\/04\\\/der-martin-luther-statue-besuchte-unseren-kindergarten\\\/#article\",\"isPartOf\":{\"@id\":\"https:\\\/\\\/martinluther.ca\\\/de\\\/2015\\\/04\\\/der-martin-luther-statue-besuchte-unseren-kindergarten\\\/\"},\"author\":{\"name\":\"Mona Kakoschke Frantzke\",\"@id\":\"https:\\\/\\\/martinluther.ca\\\/de\\\/#\\\/schema\\\/person\\\/815c51710f70b050f0476f18da6b0c8f\"},\"headline\":\"Der Martin Luther Statue besuchte unseren Kindergarten\",\"datePublished\":\"2015-04-28T11:36:47+00:00\",\"dateModified\":\"2025-11-22T18:44:18+00:00\",\"mainEntityOfPage\":{\"@id\":\"https:\\\/\\\/martinluther.ca\\\/de\\\/2015\\\/04\\\/der-martin-luther-statue-besuchte-unseren-kindergarten\\\/\"},\"wordCount\":664,\"publisher\":{\"@id\":\"https:\\\/\\\/martinluther.ca\\\/de\\\/#organization\"},\"image\":{\"@id\":\"https:\\\/\\\/martinluther.ca\\\/de\\\/2015\\\/04\\\/der-martin-luther-statue-besuchte-unseren-kindergarten\\\/#primaryimage\"},\"thumbnailUrl\":\"https:\\\/\\\/martinluther.ca\\\/wp-content\\\/uploads\\\/2015\\\/04\\\/2015-MLStatue-Visit-Daycare.jpg\",\"articleSection\":[\"News Blog - German\"],\"inLanguage\":\"de\"},{\"@type\":\"WebPage\",\"@id\":\"https:\\\/\\\/martinluther.ca\\\/de\\\/2015\\\/04\\\/der-martin-luther-statue-besuchte-unseren-kindergarten\\\/\",\"url\":\"https:\\\/\\\/martinluther.ca\\\/de\\\/2015\\\/04\\\/der-martin-luther-statue-besuchte-unseren-kindergarten\\\/\",\"name\":\"Der Martin Luther Statue besuchte unseren Kindergarten - Martin Luther Evangelische Kirche Toronto\",\"isPartOf\":{\"@id\":\"https:\\\/\\\/martinluther.ca\\\/de\\\/#website\"},\"primaryImageOfPage\":{\"@id\":\"https:\\\/\\\/martinluther.ca\\\/de\\\/2015\\\/04\\\/der-martin-luther-statue-besuchte-unseren-kindergarten\\\/#primaryimage\"},\"image\":{\"@id\":\"https:\\\/\\\/martinluther.ca\\\/de\\\/2015\\\/04\\\/der-martin-luther-statue-besuchte-unseren-kindergarten\\\/#primaryimage\"},\"thumbnailUrl\":\"https:\\\/\\\/martinluther.ca\\\/wp-content\\\/uploads\\\/2015\\\/04\\\/2015-MLStatue-Visit-Daycare.jpg\",\"datePublished\":\"2015-04-28T11:36:47+00:00\",\"dateModified\":\"2025-11-22T18:44:18+00:00\",\"breadcrumb\":{\"@id\":\"https:\\\/\\\/martinluther.ca\\\/de\\\/2015\\\/04\\\/der-martin-luther-statue-besuchte-unseren-kindergarten\\\/#breadcrumb\"},\"inLanguage\":\"de\",\"potentialAction\":[{\"@type\":\"ReadAction\",\"target\":[\"https:\\\/\\\/martinluther.ca\\\/de\\\/2015\\\/04\\\/der-martin-luther-statue-besuchte-unseren-kindergarten\\\/\"]}]},{\"@type\":\"ImageObject\",\"inLanguage\":\"de\",\"@id\":\"https:\\\/\\\/martinluther.ca\\\/de\\\/2015\\\/04\\\/der-martin-luther-statue-besuchte-unseren-kindergarten\\\/#primaryimage\",\"url\":\"https:\\\/\\\/martinluther.ca\\\/wp-content\\\/uploads\\\/2015\\\/04\\\/2015-MLStatue-Visit-Daycare.jpg\",\"contentUrl\":\"https:\\\/\\\/martinluther.ca\\\/wp-content\\\/uploads\\\/2015\\\/04\\\/2015-MLStatue-Visit-Daycare.jpg\",\"width\":624,\"height\":468,\"caption\":\"The Martin Luther ambassador visited the daycare of the Martin Luther Church.\"},{\"@type\":\"BreadcrumbList\",\"@id\":\"https:\\\/\\\/martinluther.ca\\\/de\\\/2015\\\/04\\\/der-martin-luther-statue-besuchte-unseren-kindergarten\\\/#breadcrumb\",\"itemListElement\":[{\"@type\":\"ListItem\",\"position\":1,\"name\":\"Home\",\"item\":\"https:\\\/\\\/martinluther.ca\\\/de\\\/\"},{\"@type\":\"ListItem\",\"position\":2,\"name\":\"Der Martin Luther Statue besuchte unseren Kindergarten\"}]},{\"@type\":\"WebSite\",\"@id\":\"https:\\\/\\\/martinluther.ca\\\/de\\\/#website\",\"url\":\"https:\\\/\\\/martinluther.ca\\\/de\\\/\",\"name\":\"Martin Luther Evangelical Church Toronto\",\"description\":\"Deutsch &amp; Englisch\",\"publisher\":{\"@id\":\"https:\\\/\\\/martinluther.ca\\\/de\\\/#organization\"},\"potentialAction\":[{\"@type\":\"SearchAction\",\"target\":{\"@type\":\"EntryPoint\",\"urlTemplate\":\"https:\\\/\\\/martinluther.ca\\\/de\\\/?s={search_term_string}\"},\"query-input\":{\"@type\":\"PropertyValueSpecification\",\"valueRequired\":true,\"valueName\":\"search_term_string\"}}],\"inLanguage\":\"de\"},{\"@type\":\"Organization\",\"@id\":\"https:\\\/\\\/martinluther.ca\\\/de\\\/#organization\",\"name\":\"Martin Luther Evangelical Church Toronto\",\"url\":\"https:\\\/\\\/martinluther.ca\\\/de\\\/\",\"logo\":{\"@type\":\"ImageObject\",\"inLanguage\":\"de\",\"@id\":\"https:\\\/\\\/martinluther.ca\\\/de\\\/#\\\/schema\\\/logo\\\/image\\\/\",\"url\":\"https:\\\/\\\/martinluther.ca\\\/wp-content\\\/uploads\\\/2016\\\/12\\\/ml-logo-300.png\",\"contentUrl\":\"https:\\\/\\\/martinluther.ca\\\/wp-content\\\/uploads\\\/2016\\\/12\\\/ml-logo-300.png\",\"width\":300,\"height\":150,\"caption\":\"Martin Luther Evangelical Church Toronto\"},\"image\":{\"@id\":\"https:\\\/\\\/martinluther.ca\\\/de\\\/#\\\/schema\\\/logo\\\/image\\\/\"},\"sameAs\":[\"https:\\\/\\\/www.facebook.com\\\/martinlutherchurchtoronto\",\"https:\\\/\\\/www.instagram.com\\\/lutheransbythelake\\\/\",\"https:\\\/\\\/www.youtube.com\\\/MartinLutherChurchToronto\"]},{\"@type\":\"Person\",\"@id\":\"https:\\\/\\\/martinluther.ca\\\/de\\\/#\\\/schema\\\/person\\\/815c51710f70b050f0476f18da6b0c8f\",\"name\":\"Mona Kakoschke Frantzke\",\"image\":{\"@type\":\"ImageObject\",\"inLanguage\":\"de\",\"@id\":\"https:\\\/\\\/secure.gravatar.com\\\/avatar\\\/0deb16854ca545cd2e9fc8001ca110d262b80d5c8317b38dc542265fbea0ed19?s=96&d=mm&r=g\",\"url\":\"https:\\\/\\\/secure.gravatar.com\\\/avatar\\\/0deb16854ca545cd2e9fc8001ca110d262b80d5c8317b38dc542265fbea0ed19?s=96&d=mm&r=g\",\"contentUrl\":\"https:\\\/\\\/secure.gravatar.com\\\/avatar\\\/0deb16854ca545cd2e9fc8001ca110d262b80d5c8317b38dc542265fbea0ed19?s=96&d=mm&r=g\",\"caption\":\"Mona Kakoschke Frantzke\"},\"url\":false}]}<\/script>\n<!-- \/ Yoast SEO plugin. -->","yoast_head_json":{"title":"Der Martin Luther Statue besuchte unseren Kindergarten - Martin Luther Evangelische Kirche Toronto","robots":{"index":"index","follow":"follow","max-snippet":"max-snippet:-1","max-image-preview":"max-image-preview:large","max-video-preview":"max-video-preview:-1"},"canonical":"https:\/\/martinluther.ca\/de\/2015\/04\/der-martin-luther-statue-besuchte-unseren-kindergarten\/","og_locale":"de_DE","og_type":"article","og_title":"Der Martin Luther Statue besuchte unseren Kindergarten - Martin Luther Evangelische Kirche Toronto","og_description":"Es war eine wundervolle Erfahrung, den Martin Luther Statue im Kindergarten zu pr\u00e4sentieren und mit den Kindern zu arbeiten. Alle Kinder waren offen zu h\u00f6ren, was wir ihnen berichteten. Sie lasen begeistert, trugen ihre Ideen bei und arbeiteten flei\u00dfig mit an allem was wir f\u00fcr sie geplant hatten. Wir wurden positiv empfangen und waren angenehm&hellip;","og_url":"https:\/\/martinluther.ca\/de\/2015\/04\/der-martin-luther-statue-besuchte-unseren-kindergarten\/","og_site_name":"Martin Luther Evangelische Kirche Toronto","article_publisher":"https:\/\/www.facebook.com\/martinlutherchurchtoronto","article_published_time":"2015-04-28T11:36:47+00:00","article_modified_time":"2025-11-22T18:44:18+00:00","og_image":[{"width":624,"height":468,"url":"https:\/\/martinluther.ca\/wp-content\/uploads\/2015\/04\/2015-MLStatue-Visit-Daycare.jpg","type":"image\/jpeg"}],"author":"Mona Kakoschke Frantzke","twitter_card":"summary_large_image","twitter_misc":{"Verfasst von":"Mona Kakoschke Frantzke","Gesch\u00e4tzte Lesezeit":"6\u00a0Minuten"},"schema":{"@context":"https:\/\/schema.org","@graph":[{"@type":"Article","@id":"https:\/\/martinluther.ca\/de\/2015\/04\/der-martin-luther-statue-besuchte-unseren-kindergarten\/#article","isPartOf":{"@id":"https:\/\/martinluther.ca\/de\/2015\/04\/der-martin-luther-statue-besuchte-unseren-kindergarten\/"},"author":{"name":"Mona Kakoschke Frantzke","@id":"https:\/\/martinluther.ca\/de\/#\/schema\/person\/815c51710f70b050f0476f18da6b0c8f"},"headline":"Der Martin Luther Statue besuchte unseren Kindergarten","datePublished":"2015-04-28T11:36:47+00:00","dateModified":"2025-11-22T18:44:18+00:00","mainEntityOfPage":{"@id":"https:\/\/martinluther.ca\/de\/2015\/04\/der-martin-luther-statue-besuchte-unseren-kindergarten\/"},"wordCount":664,"publisher":{"@id":"https:\/\/martinluther.ca\/de\/#organization"},"image":{"@id":"https:\/\/martinluther.ca\/de\/2015\/04\/der-martin-luther-statue-besuchte-unseren-kindergarten\/#primaryimage"},"thumbnailUrl":"https:\/\/martinluther.ca\/wp-content\/uploads\/2015\/04\/2015-MLStatue-Visit-Daycare.jpg","articleSection":["News Blog - German"],"inLanguage":"de"},{"@type":"WebPage","@id":"https:\/\/martinluther.ca\/de\/2015\/04\/der-martin-luther-statue-besuchte-unseren-kindergarten\/","url":"https:\/\/martinluther.ca\/de\/2015\/04\/der-martin-luther-statue-besuchte-unseren-kindergarten\/","name":"Der Martin Luther Statue besuchte unseren Kindergarten - Martin Luther Evangelische Kirche Toronto","isPartOf":{"@id":"https:\/\/martinluther.ca\/de\/#website"},"primaryImageOfPage":{"@id":"https:\/\/martinluther.ca\/de\/2015\/04\/der-martin-luther-statue-besuchte-unseren-kindergarten\/#primaryimage"},"image":{"@id":"https:\/\/martinluther.ca\/de\/2015\/04\/der-martin-luther-statue-besuchte-unseren-kindergarten\/#primaryimage"},"thumbnailUrl":"https:\/\/martinluther.ca\/wp-content\/uploads\/2015\/04\/2015-MLStatue-Visit-Daycare.jpg","datePublished":"2015-04-28T11:36:47+00:00","dateModified":"2025-11-22T18:44:18+00:00","breadcrumb":{"@id":"https:\/\/martinluther.ca\/de\/2015\/04\/der-martin-luther-statue-besuchte-unseren-kindergarten\/#breadcrumb"},"inLanguage":"de","potentialAction":[{"@type":"ReadAction","target":["https:\/\/martinluther.ca\/de\/2015\/04\/der-martin-luther-statue-besuchte-unseren-kindergarten\/"]}]},{"@type":"ImageObject","inLanguage":"de","@id":"https:\/\/martinluther.ca\/de\/2015\/04\/der-martin-luther-statue-besuchte-unseren-kindergarten\/#primaryimage","url":"https:\/\/martinluther.ca\/wp-content\/uploads\/2015\/04\/2015-MLStatue-Visit-Daycare.jpg","contentUrl":"https:\/\/martinluther.ca\/wp-content\/uploads\/2015\/04\/2015-MLStatue-Visit-Daycare.jpg","width":624,"height":468,"caption":"The Martin Luther ambassador visited the daycare of the Martin Luther Church."},{"@type":"BreadcrumbList","@id":"https:\/\/martinluther.ca\/de\/2015\/04\/der-martin-luther-statue-besuchte-unseren-kindergarten\/#breadcrumb","itemListElement":[{"@type":"ListItem","position":1,"name":"Home","item":"https:\/\/martinluther.ca\/de\/"},{"@type":"ListItem","position":2,"name":"Der Martin Luther Statue besuchte unseren Kindergarten"}]},{"@type":"WebSite","@id":"https:\/\/martinluther.ca\/de\/#website","url":"https:\/\/martinluther.ca\/de\/","name":"Martin Luther Evangelical Church Toronto","description":"Deutsch &amp; Englisch","publisher":{"@id":"https:\/\/martinluther.ca\/de\/#organization"},"potentialAction":[{"@type":"SearchAction","target":{"@type":"EntryPoint","urlTemplate":"https:\/\/martinluther.ca\/de\/?s={search_term_string}"},"query-input":{"@type":"PropertyValueSpecification","valueRequired":true,"valueName":"search_term_string"}}],"inLanguage":"de"},{"@type":"Organization","@id":"https:\/\/martinluther.ca\/de\/#organization","name":"Martin Luther Evangelical Church Toronto","url":"https:\/\/martinluther.ca\/de\/","logo":{"@type":"ImageObject","inLanguage":"de","@id":"https:\/\/martinluther.ca\/de\/#\/schema\/logo\/image\/","url":"https:\/\/martinluther.ca\/wp-content\/uploads\/2016\/12\/ml-logo-300.png","contentUrl":"https:\/\/martinluther.ca\/wp-content\/uploads\/2016\/12\/ml-logo-300.png","width":300,"height":150,"caption":"Martin Luther Evangelical Church Toronto"},"image":{"@id":"https:\/\/martinluther.ca\/de\/#\/schema\/logo\/image\/"},"sameAs":["https:\/\/www.facebook.com\/martinlutherchurchtoronto","https:\/\/www.instagram.com\/lutheransbythelake\/","https:\/\/www.youtube.com\/MartinLutherChurchToronto"]},{"@type":"Person","@id":"https:\/\/martinluther.ca\/de\/#\/schema\/person\/815c51710f70b050f0476f18da6b0c8f","name":"Mona Kakoschke Frantzke","image":{"@type":"ImageObject","inLanguage":"de","@id":"https:\/\/secure.gravatar.com\/avatar\/0deb16854ca545cd2e9fc8001ca110d262b80d5c8317b38dc542265fbea0ed19?s=96&d=mm&r=g","url":"https:\/\/secure.gravatar.com\/avatar\/0deb16854ca545cd2e9fc8001ca110d262b80d5c8317b38dc542265fbea0ed19?s=96&d=mm&r=g","contentUrl":"https:\/\/secure.gravatar.com\/avatar\/0deb16854ca545cd2e9fc8001ca110d262b80d5c8317b38dc542265fbea0ed19?s=96&d=mm&r=g","caption":"Mona Kakoschke Frantzke"},"url":false}]}},"_links":{"self":[{"href":"https:\/\/martinluther.ca\/de\/wp-json\/wp\/v2\/posts\/20822","targetHints":{"allow":["GET"]}}],"collection":[{"href":"https:\/\/martinluther.ca\/de\/wp-json\/wp\/v2\/posts"}],"about":[{"href":"https:\/\/martinluther.ca\/de\/wp-json\/wp\/v2\/types\/post"}],"author":[{"embeddable":true,"href":"https:\/\/martinluther.ca\/de\/wp-json\/wp\/v2\/users\/9"}],"replies":[{"embeddable":true,"href":"https:\/\/martinluther.ca\/de\/wp-json\/wp\/v2\/comments?post=20822"}],"version-history":[{"count":15,"href":"https:\/\/martinluther.ca\/de\/wp-json\/wp\/v2\/posts\/20822\/revisions"}],"predecessor-version":[{"id":56235,"href":"https:\/\/martinluther.ca\/de\/wp-json\/wp\/v2\/posts\/20822\/revisions\/56235"}],"wp:featuredmedia":[{"embeddable":true,"href":"https:\/\/martinluther.ca\/de\/wp-json\/wp\/v2\/media\/30121"}],"wp:attachment":[{"href":"https:\/\/martinluther.ca\/de\/wp-json\/wp\/v2\/media?parent=20822"}],"wp:term":[{"taxonomy":"category","embeddable":true,"href":"https:\/\/martinluther.ca\/de\/wp-json\/wp\/v2\/categories?post=20822"},{"taxonomy":"post_tag","embeddable":true,"href":"https:\/\/martinluther.ca\/de\/wp-json\/wp\/v2\/tags?post=20822"},{"taxonomy":"post_series","embeddable":true,"href":"https:\/\/martinluther.ca\/de\/wp-json\/wp\/v2\/post_series?post=20822"}],"curies":[{"name":"wp","href":"https:\/\/api.w.org\/{rel}","templated":true}]}}