{"id":21209,"date":"2015-05-28T15:37:33","date_gmt":"2015-05-28T19:37:33","guid":{"rendered":"https:\/\/martinluther.ca\/?p=21209"},"modified":"2015-08-06T19:05:06","modified_gmt":"2015-08-06T23:05:06","slug":"randalierer-brechen-erneut-in-kita-ein","status":"publish","type":"post","link":"https:\/\/martinluther.ca\/de\/2015\/05\/randalierer-brechen-erneut-in-kita-ein\/","title":{"rendered":"Neuigkeiten vom Wiederaufbau unserer Kindertagesst\u00e4tte"},"content":{"rendered":"[News, ver\u00f6ffentlicht auf unserem Blog 28. M\u00e4rz 2015 ]\n<figure id=\"attachment_21192\" aria-describedby=\"caption-attachment-21192\" style=\"width: 300px\" class=\"wp-caption alignright\"><img loading=\"lazy\" decoding=\"async\" class=\"size-medium wp-image-21192\" src=\"https:\/\/martinluther.ca\/wp-content\/uploads\/2015\/03\/2015-MLC-Daycre-Reno-45-300x225.jpg\" alt=\"Daycare building NOW\" width=\"300\" height=\"225\" \/><figcaption id=\"caption-attachment-21192\" class=\"wp-caption-text\">2015 Daycare building -renovations stalled<\/figcaption><\/figure>\n<p><strong>Die Martin Luther Kirche bittet Anwohner um Aufmerksamkeit, bereits zum dritten Mal sind Diebe in unsere Kindertagesst\u00e4tte eingebrochen.<\/strong><\/p>\n<p>Im Oktober 2013 brannte das Kita Geb\u00e4ude 5 Superior und das L\u00f6schwasser hinterlie\u00df gro\u00dfen Schaden. Die Kindertagesst\u00e4tte musste das Kleinkinder Programm schlie\u00dfen und mehrere Arbeitnehmer entlassen. Seitdem h\u00e4lt sie sich nur durch R\u00fccklagen finanziell \u00fcber Wasser.<\/p>\n<p><strong>Der Aufbau der Kindertagesst\u00e4tte kommt durch wiederholte R\u00fcckschl\u00e4ge nur schleppend voran.<\/strong><\/p>\n<p>Der Wiederaufbau erforderte Baugenehmigungen die auf Grund des Geb\u00e4udealters und der neuen Standards schwer zu erhalten waren. Seitdem kam es zu einer Serie von Einbr\u00fcchen. Die Versicherung tr\u00e4gt die Hauptkosten jedoch kommen mit jeder weiteren St\u00f6rung h\u00f6here Versicherungsgeb\u00fchren auf die Gemeinde zu. Zudem m\u00fcssen extra Sicherheitsvorkehrungen installiert werden.<\/p>\n<p>Gl\u00fccklicherweise reagierte die Polizei bei jedem Einbruch schnell. Sie will von nun an h\u00e4ufiger rund um die Kirche patrouillieren, bis die Kindertagesst\u00e4tte fertig gestellt ist.<\/p>\n<p>Jede weitere St\u00f6rung des Aufbaus verz\u00f6gert die f\u00fcr Mitte Sommer geplante Wiederer\u00f6ffnung der Martin Luther Kindertagesst\u00e4tten. Wir helfen Familien und ihren Kindern in Mimico seit 1970 und mit Ihrer Hilfe werden wir dieses auch bis weit in die Zukunft tun.<\/p>\n<p><strong>Spenden zur Beschleunigung des Wiederaufbaus nehmen wir gerne entgegen. Schecks k\u00f6nnen an die Martin-Luther-Kirche (PROJEKT: DAY CARE) ausgestellt werden.<\/strong><\/p>\n<p><strong>Arbeit beginnt<\/strong> am Mittwoch den 3. Juni mit dem Ausrei\u00dfen \u00fcberfl\u00fcssiger Heizrohre. Freitag 5. Juni: Einbau zus\u00e4tzlicher W\u00e4nde. Montag 8. Juni: Installation der Heizung laut Bauerlaubnis vom 7. Mai 2015. -[News, Laut E-Mail von Bauleiter Brad, 28. Mai 2015]\n<p><strong>Baugenehmigung erteilt 7. Mai 2015<\/strong>. Renovierung geht weiter. -[News, Laut E-Mail von Iris Schweiger, President, 5. Mai 2015]\n<p><strong>Die Krisensitzung um 10 Uhr am 20 April mit Ward 6 Stadtrat Mark Grimes im Geb\u00e4ude der Martin Luther Tagesst\u00e4tte ergab folgende Zusagen.<\/strong><br \/>\nVorzugsbehandlung f\u00fcr \u00fcberarbeitete Zeichnungen an die Stadt und w\u00f6chentliche Updates: Forensik Ingenieur Pfeffer.<br \/>\nBeschleunigtes \u00fcberpr\u00fcfen aller eingehenden Pl\u00e4ne und Plan\u00e4nderungen: Plan Review Manager f\u00fcr Etobicoke York Bezirk Veltman.<br \/>\nInspektion am n\u00e4chsten Arbeitstag: Manager Inspektionen Etobicoke Yorker Bezirks Salvati<br \/>\nPriorit\u00e4t Bau und w\u00f6chentliche Updates: Bauleiter Iron<br \/>\nFortzahlung f\u00fcr alle direkten Verluste: Teller O&#8217;Hearn<br \/>\n-[News, Laut E-Mail von Iris Schweiger, President, 20. April 2015]\n<p><strong>Stillstand der Renovierungsarbeiten in 5 Superior Ave<\/strong>. Geb\u00e4udeinspektion verfehlt. Notbesprechung f\u00fcr Montag den 20. April mit City Councillor Mark Grimes, Bauinspektor, Baubeauftragter, Ingenieur und Repr\u00e4sentant der Martin Luther Kirche einberufen. Updates folgen. -[News, Laut E-Mail von Iris Schweiger, President, 16. April 2015]\n<div id=\"gallery-1\" class=\"wpex-gallery wpex-grid wpex-grid-cols-5 wpex-gap-20 wpex-lightbox-group wpex-mb-20\"><figure class=\"gallery-item\"><a href=\"https:\/\/martinluther.ca\/wp-content\/uploads\/2015\/04\/2013-October-Fire-at-Daycare-34B.jpg\" class=\"wpex-lightbox-group-item\" data-caption=\"2013 October Fire at Daycare\"><img loading=\"lazy\" decoding=\"async\" src=\"https:\/\/martinluther.ca\/wp-content\/uploads\/2015\/04\/2013-October-Fire-at-Daycare-34B.jpg\" alt=\"\" srcset=\"https:\/\/martinluther.ca\/wp-content\/uploads\/2015\/04\/2013-October-Fire-at-Daycare-34B.jpg 786w, https:\/\/martinluther.ca\/wp-content\/uploads\/2015\/04\/2013-October-Fire-at-Daycare-34B-300x225.jpg 300w\" width=\"786\" height=\"590\"><\/a><figcaption class=\"gallery-caption wpex-last-mb-0\">2013 October Fire at Daycare<\/figcaption><\/figure><figure class=\"gallery-item\"><a href=\"https:\/\/martinluther.ca\/wp-content\/uploads\/2015\/04\/2013-October-Fire-at-Daycare-33B.jpg\" class=\"wpex-lightbox-group-item\" data-caption=\"2013 October Fire at Daycare building\"><img loading=\"lazy\" decoding=\"async\" src=\"https:\/\/martinluther.ca\/wp-content\/uploads\/2015\/04\/2013-October-Fire-at-Daycare-33B.jpg\" alt=\"\" srcset=\"https:\/\/martinluther.ca\/wp-content\/uploads\/2015\/04\/2013-October-Fire-at-Daycare-33B.jpg 548w, https:\/\/martinluther.ca\/wp-content\/uploads\/2015\/04\/2013-October-Fire-at-Daycare-33B-300x225.jpg 300w\" width=\"548\" height=\"411\"><\/a><figcaption class=\"gallery-caption wpex-last-mb-0\">2013 October Fire at Daycare building<\/figcaption><\/figure><figure class=\"gallery-item\"><a href=\"https:\/\/martinluther.ca\/wp-content\/uploads\/2015\/03\/2015-MLC-Daycre-Reno-51.jpg\" class=\"wpex-lightbox-group-item\" data-caption=\"2015 Daycare renovations stalled\"><img loading=\"lazy\" decoding=\"async\" src=\"https:\/\/martinluther.ca\/wp-content\/uploads\/2015\/03\/2015-MLC-Daycre-Reno-51-1024x768.jpg\" alt=\"\" srcset=\"https:\/\/martinluther.ca\/wp-content\/uploads\/2015\/03\/2015-MLC-Daycre-Reno-51-1024x768.jpg 1024w, https:\/\/martinluther.ca\/wp-content\/uploads\/2015\/03\/2015-MLC-Daycre-Reno-51-300x225.jpg 300w\" width=\"1024\" height=\"768\"><\/a><figcaption class=\"gallery-caption wpex-last-mb-0\">2015 Daycare renovations stalled<\/figcaption><\/figure><figure class=\"gallery-item\"><a href=\"https:\/\/martinluther.ca\/wp-content\/uploads\/2015\/03\/2015-MLC-Daycre-Reno-19.jpg\" class=\"wpex-lightbox-group-item\" data-caption=\"2015 Daycare renovations stalled\"><img loading=\"lazy\" decoding=\"async\" src=\"https:\/\/martinluther.ca\/wp-content\/uploads\/2015\/03\/2015-MLC-Daycre-Reno-19-1024x768.jpg\" alt=\"\" srcset=\"https:\/\/martinluther.ca\/wp-content\/uploads\/2015\/03\/2015-MLC-Daycre-Reno-19-1024x768.jpg 1024w, https:\/\/martinluther.ca\/wp-content\/uploads\/2015\/03\/2015-MLC-Daycre-Reno-19-300x225.jpg 300w\" width=\"1024\" height=\"768\"><\/a><figcaption class=\"gallery-caption wpex-last-mb-0\">2015 Daycare renovations stalled<\/figcaption><\/figure><\/div>\n\n<p>*****************************<\/p>\n","protected":false},"excerpt":{"rendered":"<p>[News, ver\u00f6ffentlicht auf unserem Blog 28. M\u00e4rz 2015 ] Die Martin Luther Kirche bittet Anwohner um Aufmerksamkeit, bereits zum dritten Mal sind Diebe in unsere Kindertagesst\u00e4tte eingebrochen. Im Oktober 2013 brannte das Kita Geb\u00e4ude 5 Superior und das L\u00f6schwasser hinterlie\u00df gro\u00dfen Schaden. Die Kindertagesst\u00e4tte musste das Kleinkinder Programm schlie\u00dfen und mehrere Arbeitnehmer entlassen. Seitdem h\u00e4lt&hellip;<\/p>\n","protected":false},"author":9,"featured_media":21192,"comment_status":"closed","ping_status":"closed","sticky":false,"template":"","format":"standard","meta":{"footnotes":""},"categories":[69],"tags":[],"post_series":[],"class_list":["post-21209","post","type-post","status-publish","format-standard","has-post-thumbnail","hentry","category-news-blog-german","entry","has-media"],"yoast_head":"<!-- This site is optimized with the Yoast SEO plugin v27.5 - https:\/\/yoast.com\/product\/yoast-seo-wordpress\/ -->\n<title>Neuigkeiten vom Wiederaufbau unserer Kindertagesst\u00e4tte - Martin Luther Evangelische Kirche Toronto<\/title>\n<meta name=\"robots\" content=\"index, follow, max-snippet:-1, max-image-preview:large, max-video-preview:-1\" \/>\n<link rel=\"canonical\" href=\"https:\/\/martinluther.ca\/de\/2015\/05\/randalierer-brechen-erneut-in-kita-ein\/\" \/>\n<meta property=\"og:locale\" content=\"de_DE\" \/>\n<meta property=\"og:type\" content=\"article\" \/>\n<meta property=\"og:title\" content=\"Neuigkeiten vom Wiederaufbau unserer Kindertagesst\u00e4tte - Martin Luther Evangelische Kirche Toronto\" \/>\n<meta property=\"og:description\" content=\"[News, ver\u00f6ffentlicht auf unserem Blog 28. M\u00e4rz 2015 ] Die Martin Luther Kirche bittet Anwohner um Aufmerksamkeit, bereits zum dritten Mal sind Diebe in unsere Kindertagesst\u00e4tte eingebrochen. Im Oktober 2013 brannte das Kita Geb\u00e4ude 5 Superior und das L\u00f6schwasser hinterlie\u00df gro\u00dfen Schaden. Die Kindertagesst\u00e4tte musste das Kleinkinder Programm schlie\u00dfen und mehrere Arbeitnehmer entlassen. Seitdem h\u00e4lt&hellip;\" \/>\n<meta property=\"og:url\" content=\"https:\/\/martinluther.ca\/de\/2015\/05\/randalierer-brechen-erneut-in-kita-ein\/\" \/>\n<meta property=\"og:site_name\" content=\"Martin Luther Evangelische Kirche Toronto\" \/>\n<meta property=\"article:publisher\" content=\"https:\/\/www.facebook.com\/martinlutherchurchtoronto\" \/>\n<meta property=\"article:published_time\" content=\"2015-05-28T19:37:33+00:00\" \/>\n<meta property=\"article:modified_time\" content=\"2015-08-06T23:05:06+00:00\" \/>\n<meta property=\"og:image\" content=\"https:\/\/martinluther.ca\/wp-content\/uploads\/2015\/03\/2015-MLC-Daycre-Reno-45-e1427572139298.jpg\" \/>\n\t<meta property=\"og:image:width\" content=\"1200\" \/>\n\t<meta property=\"og:image:height\" content=\"900\" \/>\n\t<meta property=\"og:image:type\" content=\"image\/jpeg\" \/>\n<meta name=\"author\" content=\"Mona Kakoschke Frantzke\" \/>\n<meta name=\"twitter:card\" content=\"summary_large_image\" \/>\n<meta name=\"twitter:label1\" content=\"Verfasst von\" \/>\n\t<meta name=\"twitter:data1\" content=\"Mona Kakoschke Frantzke\" \/>\n\t<meta name=\"twitter:label2\" content=\"Gesch\u00e4tzte Lesezeit\" \/>\n\t<meta name=\"twitter:data2\" content=\"2\u00a0Minuten\" \/>\n<script type=\"application\/ld+json\" class=\"yoast-schema-graph\">{\"@context\":\"https:\\\/\\\/schema.org\",\"@graph\":[{\"@type\":\"Article\",\"@id\":\"https:\\\/\\\/martinluther.ca\\\/de\\\/2015\\\/05\\\/randalierer-brechen-erneut-in-kita-ein\\\/#article\",\"isPartOf\":{\"@id\":\"https:\\\/\\\/martinluther.ca\\\/de\\\/2015\\\/05\\\/randalierer-brechen-erneut-in-kita-ein\\\/\"},\"author\":{\"name\":\"Mona Kakoschke Frantzke\",\"@id\":\"https:\\\/\\\/martinluther.ca\\\/de\\\/#\\\/schema\\\/person\\\/815c51710f70b050f0476f18da6b0c8f\"},\"headline\":\"Neuigkeiten vom Wiederaufbau unserer Kindertagesst\u00e4tte\",\"datePublished\":\"2015-05-28T19:37:33+00:00\",\"dateModified\":\"2015-08-06T23:05:06+00:00\",\"mainEntityOfPage\":{\"@id\":\"https:\\\/\\\/martinluther.ca\\\/de\\\/2015\\\/05\\\/randalierer-brechen-erneut-in-kita-ein\\\/\"},\"wordCount\":437,\"publisher\":{\"@id\":\"https:\\\/\\\/martinluther.ca\\\/de\\\/#organization\"},\"image\":{\"@id\":\"https:\\\/\\\/martinluther.ca\\\/de\\\/2015\\\/05\\\/randalierer-brechen-erneut-in-kita-ein\\\/#primaryimage\"},\"thumbnailUrl\":\"https:\\\/\\\/martinluther.ca\\\/wp-content\\\/uploads\\\/2015\\\/03\\\/2015-MLC-Daycre-Reno-45-e1427572139298.jpg\",\"articleSection\":[\"News Blog - German\"],\"inLanguage\":\"de\"},{\"@type\":\"WebPage\",\"@id\":\"https:\\\/\\\/martinluther.ca\\\/de\\\/2015\\\/05\\\/randalierer-brechen-erneut-in-kita-ein\\\/\",\"url\":\"https:\\\/\\\/martinluther.ca\\\/de\\\/2015\\\/05\\\/randalierer-brechen-erneut-in-kita-ein\\\/\",\"name\":\"Neuigkeiten vom Wiederaufbau unserer Kindertagesst\u00e4tte - Martin Luther Evangelische Kirche Toronto\",\"isPartOf\":{\"@id\":\"https:\\\/\\\/martinluther.ca\\\/de\\\/#website\"},\"primaryImageOfPage\":{\"@id\":\"https:\\\/\\\/martinluther.ca\\\/de\\\/2015\\\/05\\\/randalierer-brechen-erneut-in-kita-ein\\\/#primaryimage\"},\"image\":{\"@id\":\"https:\\\/\\\/martinluther.ca\\\/de\\\/2015\\\/05\\\/randalierer-brechen-erneut-in-kita-ein\\\/#primaryimage\"},\"thumbnailUrl\":\"https:\\\/\\\/martinluther.ca\\\/wp-content\\\/uploads\\\/2015\\\/03\\\/2015-MLC-Daycre-Reno-45-e1427572139298.jpg\",\"datePublished\":\"2015-05-28T19:37:33+00:00\",\"dateModified\":\"2015-08-06T23:05:06+00:00\",\"breadcrumb\":{\"@id\":\"https:\\\/\\\/martinluther.ca\\\/de\\\/2015\\\/05\\\/randalierer-brechen-erneut-in-kita-ein\\\/#breadcrumb\"},\"inLanguage\":\"de\",\"potentialAction\":[{\"@type\":\"ReadAction\",\"target\":[\"https:\\\/\\\/martinluther.ca\\\/de\\\/2015\\\/05\\\/randalierer-brechen-erneut-in-kita-ein\\\/\"]}]},{\"@type\":\"ImageObject\",\"inLanguage\":\"de\",\"@id\":\"https:\\\/\\\/martinluther.ca\\\/de\\\/2015\\\/05\\\/randalierer-brechen-erneut-in-kita-ein\\\/#primaryimage\",\"url\":\"https:\\\/\\\/martinluther.ca\\\/wp-content\\\/uploads\\\/2015\\\/03\\\/2015-MLC-Daycre-Reno-45-e1427572139298.jpg\",\"contentUrl\":\"https:\\\/\\\/martinluther.ca\\\/wp-content\\\/uploads\\\/2015\\\/03\\\/2015-MLC-Daycre-Reno-45-e1427572139298.jpg\",\"width\":1200,\"height\":900,\"caption\":\"2015 Daycare building -renovations stalled\"},{\"@type\":\"BreadcrumbList\",\"@id\":\"https:\\\/\\\/martinluther.ca\\\/de\\\/2015\\\/05\\\/randalierer-brechen-erneut-in-kita-ein\\\/#breadcrumb\",\"itemListElement\":[{\"@type\":\"ListItem\",\"position\":1,\"name\":\"Home\",\"item\":\"https:\\\/\\\/martinluther.ca\\\/de\\\/\"},{\"@type\":\"ListItem\",\"position\":2,\"name\":\"Neuigkeiten vom Wiederaufbau unserer Kindertagesst\u00e4tte\"}]},{\"@type\":\"WebSite\",\"@id\":\"https:\\\/\\\/martinluther.ca\\\/de\\\/#website\",\"url\":\"https:\\\/\\\/martinluther.ca\\\/de\\\/\",\"name\":\"Martin Luther Evangelical Church Toronto\",\"description\":\"Deutsch &amp; Englisch\",\"publisher\":{\"@id\":\"https:\\\/\\\/martinluther.ca\\\/de\\\/#organization\"},\"potentialAction\":[{\"@type\":\"SearchAction\",\"target\":{\"@type\":\"EntryPoint\",\"urlTemplate\":\"https:\\\/\\\/martinluther.ca\\\/de\\\/?s={search_term_string}\"},\"query-input\":{\"@type\":\"PropertyValueSpecification\",\"valueRequired\":true,\"valueName\":\"search_term_string\"}}],\"inLanguage\":\"de\"},{\"@type\":\"Organization\",\"@id\":\"https:\\\/\\\/martinluther.ca\\\/de\\\/#organization\",\"name\":\"Martin Luther Evangelical Church Toronto\",\"url\":\"https:\\\/\\\/martinluther.ca\\\/de\\\/\",\"logo\":{\"@type\":\"ImageObject\",\"inLanguage\":\"de\",\"@id\":\"https:\\\/\\\/martinluther.ca\\\/de\\\/#\\\/schema\\\/logo\\\/image\\\/\",\"url\":\"https:\\\/\\\/martinluther.ca\\\/wp-content\\\/uploads\\\/2016\\\/12\\\/ml-logo-300.png\",\"contentUrl\":\"https:\\\/\\\/martinluther.ca\\\/wp-content\\\/uploads\\\/2016\\\/12\\\/ml-logo-300.png\",\"width\":300,\"height\":150,\"caption\":\"Martin Luther Evangelical Church Toronto\"},\"image\":{\"@id\":\"https:\\\/\\\/martinluther.ca\\\/de\\\/#\\\/schema\\\/logo\\\/image\\\/\"},\"sameAs\":[\"https:\\\/\\\/www.facebook.com\\\/martinlutherchurchtoronto\",\"https:\\\/\\\/www.instagram.com\\\/lutheransbythelake\\\/\",\"https:\\\/\\\/www.youtube.com\\\/MartinLutherChurchToronto\"]},{\"@type\":\"Person\",\"@id\":\"https:\\\/\\\/martinluther.ca\\\/de\\\/#\\\/schema\\\/person\\\/815c51710f70b050f0476f18da6b0c8f\",\"name\":\"Mona Kakoschke Frantzke\",\"image\":{\"@type\":\"ImageObject\",\"inLanguage\":\"de\",\"@id\":\"https:\\\/\\\/secure.gravatar.com\\\/avatar\\\/0deb16854ca545cd2e9fc8001ca110d262b80d5c8317b38dc542265fbea0ed19?s=96&d=mm&r=g\",\"url\":\"https:\\\/\\\/secure.gravatar.com\\\/avatar\\\/0deb16854ca545cd2e9fc8001ca110d262b80d5c8317b38dc542265fbea0ed19?s=96&d=mm&r=g\",\"contentUrl\":\"https:\\\/\\\/secure.gravatar.com\\\/avatar\\\/0deb16854ca545cd2e9fc8001ca110d262b80d5c8317b38dc542265fbea0ed19?s=96&d=mm&r=g\",\"caption\":\"Mona Kakoschke Frantzke\"},\"url\":false}]}<\/script>\n<!-- \/ Yoast SEO plugin. -->","yoast_head_json":{"title":"Neuigkeiten vom Wiederaufbau unserer Kindertagesst\u00e4tte - Martin Luther Evangelische Kirche Toronto","robots":{"index":"index","follow":"follow","max-snippet":"max-snippet:-1","max-image-preview":"max-image-preview:large","max-video-preview":"max-video-preview:-1"},"canonical":"https:\/\/martinluther.ca\/de\/2015\/05\/randalierer-brechen-erneut-in-kita-ein\/","og_locale":"de_DE","og_type":"article","og_title":"Neuigkeiten vom Wiederaufbau unserer Kindertagesst\u00e4tte - Martin Luther Evangelische Kirche Toronto","og_description":"[News, ver\u00f6ffentlicht auf unserem Blog 28. M\u00e4rz 2015 ] Die Martin Luther Kirche bittet Anwohner um Aufmerksamkeit, bereits zum dritten Mal sind Diebe in unsere Kindertagesst\u00e4tte eingebrochen. Im Oktober 2013 brannte das Kita Geb\u00e4ude 5 Superior und das L\u00f6schwasser hinterlie\u00df gro\u00dfen Schaden. Die Kindertagesst\u00e4tte musste das Kleinkinder Programm schlie\u00dfen und mehrere Arbeitnehmer entlassen. Seitdem h\u00e4lt&hellip;","og_url":"https:\/\/martinluther.ca\/de\/2015\/05\/randalierer-brechen-erneut-in-kita-ein\/","og_site_name":"Martin Luther Evangelische Kirche Toronto","article_publisher":"https:\/\/www.facebook.com\/martinlutherchurchtoronto","article_published_time":"2015-05-28T19:37:33+00:00","article_modified_time":"2015-08-06T23:05:06+00:00","og_image":[{"width":1200,"height":900,"url":"https:\/\/martinluther.ca\/wp-content\/uploads\/2015\/03\/2015-MLC-Daycre-Reno-45-e1427572139298.jpg","type":"image\/jpeg"}],"author":"Mona Kakoschke Frantzke","twitter_card":"summary_large_image","twitter_misc":{"Verfasst von":"Mona Kakoschke Frantzke","Gesch\u00e4tzte Lesezeit":"2\u00a0Minuten"},"schema":{"@context":"https:\/\/schema.org","@graph":[{"@type":"Article","@id":"https:\/\/martinluther.ca\/de\/2015\/05\/randalierer-brechen-erneut-in-kita-ein\/#article","isPartOf":{"@id":"https:\/\/martinluther.ca\/de\/2015\/05\/randalierer-brechen-erneut-in-kita-ein\/"},"author":{"name":"Mona Kakoschke Frantzke","@id":"https:\/\/martinluther.ca\/de\/#\/schema\/person\/815c51710f70b050f0476f18da6b0c8f"},"headline":"Neuigkeiten vom Wiederaufbau unserer Kindertagesst\u00e4tte","datePublished":"2015-05-28T19:37:33+00:00","dateModified":"2015-08-06T23:05:06+00:00","mainEntityOfPage":{"@id":"https:\/\/martinluther.ca\/de\/2015\/05\/randalierer-brechen-erneut-in-kita-ein\/"},"wordCount":437,"publisher":{"@id":"https:\/\/martinluther.ca\/de\/#organization"},"image":{"@id":"https:\/\/martinluther.ca\/de\/2015\/05\/randalierer-brechen-erneut-in-kita-ein\/#primaryimage"},"thumbnailUrl":"https:\/\/martinluther.ca\/wp-content\/uploads\/2015\/03\/2015-MLC-Daycre-Reno-45-e1427572139298.jpg","articleSection":["News Blog - German"],"inLanguage":"de"},{"@type":"WebPage","@id":"https:\/\/martinluther.ca\/de\/2015\/05\/randalierer-brechen-erneut-in-kita-ein\/","url":"https:\/\/martinluther.ca\/de\/2015\/05\/randalierer-brechen-erneut-in-kita-ein\/","name":"Neuigkeiten vom Wiederaufbau unserer Kindertagesst\u00e4tte - Martin Luther Evangelische Kirche Toronto","isPartOf":{"@id":"https:\/\/martinluther.ca\/de\/#website"},"primaryImageOfPage":{"@id":"https:\/\/martinluther.ca\/de\/2015\/05\/randalierer-brechen-erneut-in-kita-ein\/#primaryimage"},"image":{"@id":"https:\/\/martinluther.ca\/de\/2015\/05\/randalierer-brechen-erneut-in-kita-ein\/#primaryimage"},"thumbnailUrl":"https:\/\/martinluther.ca\/wp-content\/uploads\/2015\/03\/2015-MLC-Daycre-Reno-45-e1427572139298.jpg","datePublished":"2015-05-28T19:37:33+00:00","dateModified":"2015-08-06T23:05:06+00:00","breadcrumb":{"@id":"https:\/\/martinluther.ca\/de\/2015\/05\/randalierer-brechen-erneut-in-kita-ein\/#breadcrumb"},"inLanguage":"de","potentialAction":[{"@type":"ReadAction","target":["https:\/\/martinluther.ca\/de\/2015\/05\/randalierer-brechen-erneut-in-kita-ein\/"]}]},{"@type":"ImageObject","inLanguage":"de","@id":"https:\/\/martinluther.ca\/de\/2015\/05\/randalierer-brechen-erneut-in-kita-ein\/#primaryimage","url":"https:\/\/martinluther.ca\/wp-content\/uploads\/2015\/03\/2015-MLC-Daycre-Reno-45-e1427572139298.jpg","contentUrl":"https:\/\/martinluther.ca\/wp-content\/uploads\/2015\/03\/2015-MLC-Daycre-Reno-45-e1427572139298.jpg","width":1200,"height":900,"caption":"2015 Daycare building -renovations stalled"},{"@type":"BreadcrumbList","@id":"https:\/\/martinluther.ca\/de\/2015\/05\/randalierer-brechen-erneut-in-kita-ein\/#breadcrumb","itemListElement":[{"@type":"ListItem","position":1,"name":"Home","item":"https:\/\/martinluther.ca\/de\/"},{"@type":"ListItem","position":2,"name":"Neuigkeiten vom Wiederaufbau unserer Kindertagesst\u00e4tte"}]},{"@type":"WebSite","@id":"https:\/\/martinluther.ca\/de\/#website","url":"https:\/\/martinluther.ca\/de\/","name":"Martin Luther Evangelical Church Toronto","description":"Deutsch &amp; Englisch","publisher":{"@id":"https:\/\/martinluther.ca\/de\/#organization"},"potentialAction":[{"@type":"SearchAction","target":{"@type":"EntryPoint","urlTemplate":"https:\/\/martinluther.ca\/de\/?s={search_term_string}"},"query-input":{"@type":"PropertyValueSpecification","valueRequired":true,"valueName":"search_term_string"}}],"inLanguage":"de"},{"@type":"Organization","@id":"https:\/\/martinluther.ca\/de\/#organization","name":"Martin Luther Evangelical Church Toronto","url":"https:\/\/martinluther.ca\/de\/","logo":{"@type":"ImageObject","inLanguage":"de","@id":"https:\/\/martinluther.ca\/de\/#\/schema\/logo\/image\/","url":"https:\/\/martinluther.ca\/wp-content\/uploads\/2016\/12\/ml-logo-300.png","contentUrl":"https:\/\/martinluther.ca\/wp-content\/uploads\/2016\/12\/ml-logo-300.png","width":300,"height":150,"caption":"Martin Luther Evangelical Church Toronto"},"image":{"@id":"https:\/\/martinluther.ca\/de\/#\/schema\/logo\/image\/"},"sameAs":["https:\/\/www.facebook.com\/martinlutherchurchtoronto","https:\/\/www.instagram.com\/lutheransbythelake\/","https:\/\/www.youtube.com\/MartinLutherChurchToronto"]},{"@type":"Person","@id":"https:\/\/martinluther.ca\/de\/#\/schema\/person\/815c51710f70b050f0476f18da6b0c8f","name":"Mona Kakoschke Frantzke","image":{"@type":"ImageObject","inLanguage":"de","@id":"https:\/\/secure.gravatar.com\/avatar\/0deb16854ca545cd2e9fc8001ca110d262b80d5c8317b38dc542265fbea0ed19?s=96&d=mm&r=g","url":"https:\/\/secure.gravatar.com\/avatar\/0deb16854ca545cd2e9fc8001ca110d262b80d5c8317b38dc542265fbea0ed19?s=96&d=mm&r=g","contentUrl":"https:\/\/secure.gravatar.com\/avatar\/0deb16854ca545cd2e9fc8001ca110d262b80d5c8317b38dc542265fbea0ed19?s=96&d=mm&r=g","caption":"Mona Kakoschke Frantzke"},"url":false}]}},"_links":{"self":[{"href":"https:\/\/martinluther.ca\/de\/wp-json\/wp\/v2\/posts\/21209","targetHints":{"allow":["GET"]}}],"collection":[{"href":"https:\/\/martinluther.ca\/de\/wp-json\/wp\/v2\/posts"}],"about":[{"href":"https:\/\/martinluther.ca\/de\/wp-json\/wp\/v2\/types\/post"}],"author":[{"embeddable":true,"href":"https:\/\/martinluther.ca\/de\/wp-json\/wp\/v2\/users\/9"}],"replies":[{"embeddable":true,"href":"https:\/\/martinluther.ca\/de\/wp-json\/wp\/v2\/comments?post=21209"}],"version-history":[{"count":12,"href":"https:\/\/martinluther.ca\/de\/wp-json\/wp\/v2\/posts\/21209\/revisions"}],"predecessor-version":[{"id":22497,"href":"https:\/\/martinluther.ca\/de\/wp-json\/wp\/v2\/posts\/21209\/revisions\/22497"}],"wp:featuredmedia":[{"embeddable":true,"href":"https:\/\/martinluther.ca\/de\/wp-json\/wp\/v2\/media\/21192"}],"wp:attachment":[{"href":"https:\/\/martinluther.ca\/de\/wp-json\/wp\/v2\/media?parent=21209"}],"wp:term":[{"taxonomy":"category","embeddable":true,"href":"https:\/\/martinluther.ca\/de\/wp-json\/wp\/v2\/categories?post=21209"},{"taxonomy":"post_tag","embeddable":true,"href":"https:\/\/martinluther.ca\/de\/wp-json\/wp\/v2\/tags?post=21209"},{"taxonomy":"post_series","embeddable":true,"href":"https:\/\/martinluther.ca\/de\/wp-json\/wp\/v2\/post_series?post=21209"}],"curies":[{"name":"wp","href":"https:\/\/api.w.org\/{rel}","templated":true}]}}