{"id":21321,"date":"2015-04-09T20:28:40","date_gmt":"2015-04-10T00:28:40","guid":{"rendered":"https:\/\/martinluther.ca\/?p=21321"},"modified":"2016-04-02T10:01:31","modified_gmt":"2016-04-02T14:01:31","slug":"qa-session-doppelte-staatsangehorigkeit-mit-deutschem-generalkonsulat","status":"publish","type":"post","link":"https:\/\/martinluther.ca\/de\/2015\/04\/qa-session-doppelte-staatsangehorigkeit-mit-deutschem-generalkonsulat\/","title":{"rendered":"Q&#038;A Session doppelte Staatsangeh\u00f6rigkeit mit deutschem Generalkonsulat 2015"},"content":{"rendered":"<p>Die Frage, wie kann ich Kanadier werden ohne meine deutsche Staatsb\u00fcrgerschaft zu verlieren, qu\u00e4lt die Deutschen von jung bis alt.\u00a0 160 Personen best\u00e4tigten mit Ihrer Teilnahme die Wichtigkeit des Beibehaltungsseminars.<\/p>\n<p>Wir danken Herrn Nickel vom Ausw\u00e4rtigen Amt f\u00fcr seinen Sachverstand, den Teilnehmern f\u00fcr ihre Fragen und Spenden und den Freiwilligen der Martin Luther Kirche f\u00fcr einen reibungslosen Ablauf.<\/p>\n<p>&#8211; Iris Schweiger, by email, April 19, 2015<\/p>\n<div id=\"gallery-1\" class=\"wpex-gallery wpex-grid wpex-grid-cols-5 wpex-gap-20 wpex-lightbox-group wpex-mb-20\"><figure class=\"gallery-item\"><a href=\"https:\/\/martinluther.ca\/wp-content\/uploads\/2015\/04\/2015-Apr-18-Dual-Citizenship-QA-73BB.jpg\" class=\"wpex-lightbox-group-item\" data-caption=\"2015 Apr 18 Dual Citizenship Q&amp;A\"><img loading=\"lazy\" decoding=\"async\" src=\"https:\/\/martinluther.ca\/wp-content\/uploads\/2015\/04\/2015-Apr-18-Dual-Citizenship-QA-73BB.jpg\" alt=\"\" srcset=\"https:\/\/martinluther.ca\/wp-content\/uploads\/2015\/04\/2015-Apr-18-Dual-Citizenship-QA-73BB.jpg 1024w, https:\/\/martinluther.ca\/wp-content\/uploads\/2015\/04\/2015-Apr-18-Dual-Citizenship-QA-73BB-300x225.jpg 300w\" width=\"1024\" height=\"768\"><\/a><figcaption class=\"gallery-caption wpex-last-mb-0\">2015 Apr 18 Dual Citizenship Q&#038;A<\/figcaption><\/figure><figure class=\"gallery-item\"><a href=\"https:\/\/martinluther.ca\/wp-content\/uploads\/2015\/04\/2015-Apr-18-Dual-Citizenship-QA-71BB.jpg\" class=\"wpex-lightbox-group-item\" data-caption=\"2015 Apr 18 Dual Citizenship Q&amp;A\"><img loading=\"lazy\" decoding=\"async\" src=\"https:\/\/martinluther.ca\/wp-content\/uploads\/2015\/04\/2015-Apr-18-Dual-Citizenship-QA-71BB.jpg\" alt=\"\" srcset=\"https:\/\/martinluther.ca\/wp-content\/uploads\/2015\/04\/2015-Apr-18-Dual-Citizenship-QA-71BB.jpg 1024w, https:\/\/martinluther.ca\/wp-content\/uploads\/2015\/04\/2015-Apr-18-Dual-Citizenship-QA-71BB-300x225.jpg 300w\" width=\"1024\" height=\"768\"><\/a><figcaption class=\"gallery-caption wpex-last-mb-0\">2015 Apr 18 Dual Citizenship Q&#038;A<\/figcaption><\/figure><figure class=\"gallery-item\"><a href=\"https:\/\/martinluther.ca\/wp-content\/uploads\/2015\/04\/2015-Apr-18-Dual-Citizenship-QA-68BB.jpg\" class=\"wpex-lightbox-group-item\" data-caption=\"2015 Apr 18 Dual Citizenship Q&amp;A\"><img loading=\"lazy\" decoding=\"async\" src=\"https:\/\/martinluther.ca\/wp-content\/uploads\/2015\/04\/2015-Apr-18-Dual-Citizenship-QA-68BB.jpg\" alt=\"\" srcset=\"https:\/\/martinluther.ca\/wp-content\/uploads\/2015\/04\/2015-Apr-18-Dual-Citizenship-QA-68BB.jpg 1024w, https:\/\/martinluther.ca\/wp-content\/uploads\/2015\/04\/2015-Apr-18-Dual-Citizenship-QA-68BB-300x225.jpg 300w\" width=\"1024\" height=\"768\"><\/a><figcaption class=\"gallery-caption wpex-last-mb-0\">2015 Apr 18 Dual Citizenship Q&#038;A<\/figcaption><\/figure><figure class=\"gallery-item\"><a href=\"https:\/\/martinluther.ca\/wp-content\/uploads\/2015\/04\/2015-Apr-18-Dual-Citizenship-QA-65BB.jpg\" class=\"wpex-lightbox-group-item\" data-caption=\"2015 Apr 18 Dual Citizenship Q&amp;A\"><img loading=\"lazy\" decoding=\"async\" src=\"https:\/\/martinluther.ca\/wp-content\/uploads\/2015\/04\/2015-Apr-18-Dual-Citizenship-QA-65BB.jpg\" alt=\"\" srcset=\"https:\/\/martinluther.ca\/wp-content\/uploads\/2015\/04\/2015-Apr-18-Dual-Citizenship-QA-65BB.jpg 1024w, https:\/\/martinluther.ca\/wp-content\/uploads\/2015\/04\/2015-Apr-18-Dual-Citizenship-QA-65BB-300x225.jpg 300w\" width=\"1024\" height=\"768\"><\/a><figcaption class=\"gallery-caption wpex-last-mb-0\">2015 Apr 18 Dual Citizenship Q&#038;A<\/figcaption><\/figure><figure class=\"gallery-item\"><a href=\"https:\/\/martinluther.ca\/wp-content\/uploads\/2015\/04\/2015-Apr-18-Dual-Citizenship-QA-63CC.jpg\" class=\"wpex-lightbox-group-item\" data-caption=\"2015 Apr 18 Dual Citizenship Q&amp;A\"><img loading=\"lazy\" decoding=\"async\" src=\"https:\/\/martinluther.ca\/wp-content\/uploads\/2015\/04\/2015-Apr-18-Dual-Citizenship-QA-63CC.jpg\" alt=\"\" srcset=\"https:\/\/martinluther.ca\/wp-content\/uploads\/2015\/04\/2015-Apr-18-Dual-Citizenship-QA-63CC.jpg 1024w, https:\/\/martinluther.ca\/wp-content\/uploads\/2015\/04\/2015-Apr-18-Dual-Citizenship-QA-63CC-300x225.jpg 300w\" width=\"1024\" height=\"768\"><\/a><figcaption class=\"gallery-caption wpex-last-mb-0\">2015 Apr 18 Dual Citizenship Q&#038;A<\/figcaption><\/figure><\/div>\n\n**********<\/p>\n<figure id=\"attachment_21458\" aria-describedby=\"caption-attachment-21458\" style=\"width: 300px\" class=\"wp-caption alignright\"><img loading=\"lazy\" decoding=\"async\" class=\"size-medium wp-image-21458\" src=\"https:\/\/martinluther.ca\/wp-content\/uploads\/2015\/04\/Canadian-German_Citizenship-300x225.jpg\" alt=\"German-Canadian Citizenship\" width=\"300\" height=\"225\" srcset=\"https:\/\/martinluther.ca\/wp-content\/uploads\/2015\/04\/Canadian-German_Citizenship-300x225.jpg 300w, https:\/\/martinluther.ca\/wp-content\/uploads\/2015\/04\/Canadian-German_Citizenship-1024x768.jpg 1024w, https:\/\/martinluther.ca\/wp-content\/uploads\/2015\/04\/Canadian-German_Citizenship.jpg 1200w\" sizes=\"auto, (max-width: 300px) 100vw, 300px\" \/><figcaption id=\"caption-attachment-21458\" class=\"wp-caption-text\">German-Canadian Citizenship<\/figcaption><\/figure>\n<p>M\u00f6chten Sie eine Beibehaltungsgenehmigung f\u00fcr die deutsche Staatsb\u00fcrgerschaft beantragen oder kennen Sie jemanden, der dabei Hilfe braucht?<\/p>\n<p>Der Generalkonsulat Toronto wird am Samstag, 18. April, die wichtigsten Schritte zum Antrag der\u00a0 Beibehaltung vorstellen und Ihre Fragen beantworten. Zus\u00e4tzlich bekommen Sie die Gelegenheit mit Personen zu sprechen, die diesen Prozess erfolgreich durchlaufen haben.<\/p>\n<p><strong>Samstag den 18. April\u00a0von 14:30 bis 16:00 Uhr<\/strong><br \/>\nMartin Luther Kirche,<br \/>\n2379 Lake Shore Blvd West, Toronto<br \/>\nBitte melden Sie sich im Gemeindeb\u00fcro an: <a href=\"mailto:churchoffice@martinluther.ca\">churchoffice@martinluther.ca <\/a> Tel. (416) 251-8293<\/p>\n<p>Weitere Informationen zur Veranstaltung finden Sie hier:<br \/>\n<a href=\"http:\/\/www.canada.diplo.de\/Vertretung\/kanada\/en\/02\/citizenship\/dual__citizenship.html\" target=\"_blank\">http:\/\/www.canada.diplo.de\/Vertretung\/kanada\/en\/02\/citizenship\/dual__citizenship.html<\/a><\/p>\n<p>Allgemeine Informationen zur Beibehaltungsgenehmigung k\u00f6nnen Sie von der folgenden Seite herunterladen:<br \/>\n<a href=\"http:\/\/www.canada.diplo.de\/Vertretung\/kanada\/de\/02\/staatsangehoerigkeit\/beibehaltung.html%20\" target=\"_blank\">http:\/\/www.canada.diplo.de\/Vertretung\/kanada\/de\/02\/staatsangehoerigkeit\/beibehaltung.html <\/a><\/p>\n","protected":false},"excerpt":{"rendered":"<p>Die Frage, wie kann ich Kanadier werden ohne meine deutsche Staatsb\u00fcrgerschaft zu verlieren, qu\u00e4lt die Deutschen von jung bis alt.\u00a0 160 Personen best\u00e4tigten mit Ihrer Teilnahme die Wichtigkeit des Beibehaltungsseminars. Wir danken Herrn Nickel vom Ausw\u00e4rtigen Amt f\u00fcr seinen Sachverstand, den Teilnehmern f\u00fcr ihre Fragen und Spenden und den Freiwilligen der Martin Luther Kirche f\u00fcr&hellip;<\/p>\n","protected":false},"author":9,"featured_media":21458,"comment_status":"closed","ping_status":"closed","sticky":false,"template":"","format":"standard","meta":{"footnotes":""},"categories":[69],"tags":[],"post_series":[],"class_list":["post-21321","post","type-post","status-publish","format-standard","has-post-thumbnail","hentry","category-news-blog-german","entry","has-media"],"yoast_head":"<!-- This site is optimized with the Yoast SEO plugin v27.5 - https:\/\/yoast.com\/product\/yoast-seo-wordpress\/ -->\n<title>Q&amp;A Session doppelte Staatsangeh\u00f6rigkeit mit deutschem Generalkonsulat 2015 - Martin Luther Evangelische Kirche Toronto<\/title>\n<meta name=\"robots\" content=\"index, follow, max-snippet:-1, max-image-preview:large, max-video-preview:-1\" \/>\n<link rel=\"canonical\" href=\"https:\/\/martinluther.ca\/de\/2015\/04\/qa-session-doppelte-staatsangehorigkeit-mit-deutschem-generalkonsulat\/\" \/>\n<meta property=\"og:locale\" content=\"de_DE\" \/>\n<meta property=\"og:type\" content=\"article\" \/>\n<meta property=\"og:title\" content=\"Q&amp;A Session doppelte Staatsangeh\u00f6rigkeit mit deutschem Generalkonsulat 2015 - Martin Luther Evangelische Kirche Toronto\" \/>\n<meta property=\"og:description\" content=\"Die Frage, wie kann ich Kanadier werden ohne meine deutsche Staatsb\u00fcrgerschaft zu verlieren, qu\u00e4lt die Deutschen von jung bis alt.\u00a0 160 Personen best\u00e4tigten mit Ihrer Teilnahme die Wichtigkeit des Beibehaltungsseminars. Wir danken Herrn Nickel vom Ausw\u00e4rtigen Amt f\u00fcr seinen Sachverstand, den Teilnehmern f\u00fcr ihre Fragen und Spenden und den Freiwilligen der Martin Luther Kirche f\u00fcr&hellip;\" \/>\n<meta property=\"og:url\" content=\"https:\/\/martinluther.ca\/de\/2015\/04\/qa-session-doppelte-staatsangehorigkeit-mit-deutschem-generalkonsulat\/\" \/>\n<meta property=\"og:site_name\" content=\"Martin Luther Evangelische Kirche Toronto\" \/>\n<meta property=\"article:publisher\" content=\"https:\/\/www.facebook.com\/martinlutherchurchtoronto\" \/>\n<meta property=\"article:published_time\" content=\"2015-04-10T00:28:40+00:00\" \/>\n<meta property=\"article:modified_time\" content=\"2016-04-02T14:01:31+00:00\" \/>\n<meta property=\"og:image\" content=\"https:\/\/martinluther.ca\/wp-content\/uploads\/2015\/04\/Canadian-German_Citizenship.jpg\" \/>\n\t<meta property=\"og:image:width\" content=\"1200\" \/>\n\t<meta property=\"og:image:height\" content=\"900\" \/>\n\t<meta property=\"og:image:type\" content=\"image\/jpeg\" \/>\n<meta name=\"author\" content=\"Mona Kakoschke Frantzke\" \/>\n<meta name=\"twitter:card\" content=\"summary_large_image\" \/>\n<meta name=\"twitter:label1\" content=\"Verfasst von\" \/>\n\t<meta name=\"twitter:data1\" content=\"Mona Kakoschke Frantzke\" \/>\n\t<meta name=\"twitter:label2\" content=\"Gesch\u00e4tzte Lesezeit\" \/>\n\t<meta name=\"twitter:data2\" content=\"1\u00a0Minute\" \/>\n<script type=\"application\/ld+json\" class=\"yoast-schema-graph\">{\"@context\":\"https:\\\/\\\/schema.org\",\"@graph\":[{\"@type\":\"Article\",\"@id\":\"https:\\\/\\\/martinluther.ca\\\/de\\\/2015\\\/04\\\/qa-session-doppelte-staatsangehorigkeit-mit-deutschem-generalkonsulat\\\/#article\",\"isPartOf\":{\"@id\":\"https:\\\/\\\/martinluther.ca\\\/de\\\/2015\\\/04\\\/qa-session-doppelte-staatsangehorigkeit-mit-deutschem-generalkonsulat\\\/\"},\"author\":{\"name\":\"Mona Kakoschke Frantzke\",\"@id\":\"https:\\\/\\\/martinluther.ca\\\/de\\\/#\\\/schema\\\/person\\\/815c51710f70b050f0476f18da6b0c8f\"},\"headline\":\"Q&#038;A Session doppelte Staatsangeh\u00f6rigkeit mit deutschem Generalkonsulat 2015\",\"datePublished\":\"2015-04-10T00:28:40+00:00\",\"dateModified\":\"2016-04-02T14:01:31+00:00\",\"mainEntityOfPage\":{\"@id\":\"https:\\\/\\\/martinluther.ca\\\/de\\\/2015\\\/04\\\/qa-session-doppelte-staatsangehorigkeit-mit-deutschem-generalkonsulat\\\/\"},\"wordCount\":215,\"publisher\":{\"@id\":\"https:\\\/\\\/martinluther.ca\\\/de\\\/#organization\"},\"image\":{\"@id\":\"https:\\\/\\\/martinluther.ca\\\/de\\\/2015\\\/04\\\/qa-session-doppelte-staatsangehorigkeit-mit-deutschem-generalkonsulat\\\/#primaryimage\"},\"thumbnailUrl\":\"https:\\\/\\\/martinluther.ca\\\/wp-content\\\/uploads\\\/2015\\\/04\\\/Canadian-German_Citizenship.jpg\",\"articleSection\":[\"News Blog - German\"],\"inLanguage\":\"de\"},{\"@type\":\"WebPage\",\"@id\":\"https:\\\/\\\/martinluther.ca\\\/de\\\/2015\\\/04\\\/qa-session-doppelte-staatsangehorigkeit-mit-deutschem-generalkonsulat\\\/\",\"url\":\"https:\\\/\\\/martinluther.ca\\\/de\\\/2015\\\/04\\\/qa-session-doppelte-staatsangehorigkeit-mit-deutschem-generalkonsulat\\\/\",\"name\":\"Q&A Session doppelte Staatsangeh\u00f6rigkeit mit deutschem Generalkonsulat 2015 - Martin Luther Evangelische Kirche Toronto\",\"isPartOf\":{\"@id\":\"https:\\\/\\\/martinluther.ca\\\/de\\\/#website\"},\"primaryImageOfPage\":{\"@id\":\"https:\\\/\\\/martinluther.ca\\\/de\\\/2015\\\/04\\\/qa-session-doppelte-staatsangehorigkeit-mit-deutschem-generalkonsulat\\\/#primaryimage\"},\"image\":{\"@id\":\"https:\\\/\\\/martinluther.ca\\\/de\\\/2015\\\/04\\\/qa-session-doppelte-staatsangehorigkeit-mit-deutschem-generalkonsulat\\\/#primaryimage\"},\"thumbnailUrl\":\"https:\\\/\\\/martinluther.ca\\\/wp-content\\\/uploads\\\/2015\\\/04\\\/Canadian-German_Citizenship.jpg\",\"datePublished\":\"2015-04-10T00:28:40+00:00\",\"dateModified\":\"2016-04-02T14:01:31+00:00\",\"breadcrumb\":{\"@id\":\"https:\\\/\\\/martinluther.ca\\\/de\\\/2015\\\/04\\\/qa-session-doppelte-staatsangehorigkeit-mit-deutschem-generalkonsulat\\\/#breadcrumb\"},\"inLanguage\":\"de\",\"potentialAction\":[{\"@type\":\"ReadAction\",\"target\":[\"https:\\\/\\\/martinluther.ca\\\/de\\\/2015\\\/04\\\/qa-session-doppelte-staatsangehorigkeit-mit-deutschem-generalkonsulat\\\/\"]}]},{\"@type\":\"ImageObject\",\"inLanguage\":\"de\",\"@id\":\"https:\\\/\\\/martinluther.ca\\\/de\\\/2015\\\/04\\\/qa-session-doppelte-staatsangehorigkeit-mit-deutschem-generalkonsulat\\\/#primaryimage\",\"url\":\"https:\\\/\\\/martinluther.ca\\\/wp-content\\\/uploads\\\/2015\\\/04\\\/Canadian-German_Citizenship.jpg\",\"contentUrl\":\"https:\\\/\\\/martinluther.ca\\\/wp-content\\\/uploads\\\/2015\\\/04\\\/Canadian-German_Citizenship.jpg\",\"width\":1200,\"height\":900,\"caption\":\"German-Canadian Citizenship\"},{\"@type\":\"BreadcrumbList\",\"@id\":\"https:\\\/\\\/martinluther.ca\\\/de\\\/2015\\\/04\\\/qa-session-doppelte-staatsangehorigkeit-mit-deutschem-generalkonsulat\\\/#breadcrumb\",\"itemListElement\":[{\"@type\":\"ListItem\",\"position\":1,\"name\":\"Home\",\"item\":\"https:\\\/\\\/martinluther.ca\\\/de\\\/\"},{\"@type\":\"ListItem\",\"position\":2,\"name\":\"Q&#038;A Session doppelte Staatsangeh\u00f6rigkeit mit deutschem Generalkonsulat 2015\"}]},{\"@type\":\"WebSite\",\"@id\":\"https:\\\/\\\/martinluther.ca\\\/de\\\/#website\",\"url\":\"https:\\\/\\\/martinluther.ca\\\/de\\\/\",\"name\":\"Martin Luther Evangelical Church Toronto\",\"description\":\"Deutsch &amp; Englisch\",\"publisher\":{\"@id\":\"https:\\\/\\\/martinluther.ca\\\/de\\\/#organization\"},\"potentialAction\":[{\"@type\":\"SearchAction\",\"target\":{\"@type\":\"EntryPoint\",\"urlTemplate\":\"https:\\\/\\\/martinluther.ca\\\/de\\\/?s={search_term_string}\"},\"query-input\":{\"@type\":\"PropertyValueSpecification\",\"valueRequired\":true,\"valueName\":\"search_term_string\"}}],\"inLanguage\":\"de\"},{\"@type\":\"Organization\",\"@id\":\"https:\\\/\\\/martinluther.ca\\\/de\\\/#organization\",\"name\":\"Martin Luther Evangelical Church Toronto\",\"url\":\"https:\\\/\\\/martinluther.ca\\\/de\\\/\",\"logo\":{\"@type\":\"ImageObject\",\"inLanguage\":\"de\",\"@id\":\"https:\\\/\\\/martinluther.ca\\\/de\\\/#\\\/schema\\\/logo\\\/image\\\/\",\"url\":\"https:\\\/\\\/martinluther.ca\\\/wp-content\\\/uploads\\\/2016\\\/12\\\/ml-logo-300.png\",\"contentUrl\":\"https:\\\/\\\/martinluther.ca\\\/wp-content\\\/uploads\\\/2016\\\/12\\\/ml-logo-300.png\",\"width\":300,\"height\":150,\"caption\":\"Martin Luther Evangelical Church Toronto\"},\"image\":{\"@id\":\"https:\\\/\\\/martinluther.ca\\\/de\\\/#\\\/schema\\\/logo\\\/image\\\/\"},\"sameAs\":[\"https:\\\/\\\/www.facebook.com\\\/martinlutherchurchtoronto\",\"https:\\\/\\\/www.instagram.com\\\/lutheransbythelake\\\/\",\"https:\\\/\\\/www.youtube.com\\\/MartinLutherChurchToronto\"]},{\"@type\":\"Person\",\"@id\":\"https:\\\/\\\/martinluther.ca\\\/de\\\/#\\\/schema\\\/person\\\/815c51710f70b050f0476f18da6b0c8f\",\"name\":\"Mona Kakoschke Frantzke\",\"image\":{\"@type\":\"ImageObject\",\"inLanguage\":\"de\",\"@id\":\"https:\\\/\\\/secure.gravatar.com\\\/avatar\\\/0deb16854ca545cd2e9fc8001ca110d262b80d5c8317b38dc542265fbea0ed19?s=96&d=mm&r=g\",\"url\":\"https:\\\/\\\/secure.gravatar.com\\\/avatar\\\/0deb16854ca545cd2e9fc8001ca110d262b80d5c8317b38dc542265fbea0ed19?s=96&d=mm&r=g\",\"contentUrl\":\"https:\\\/\\\/secure.gravatar.com\\\/avatar\\\/0deb16854ca545cd2e9fc8001ca110d262b80d5c8317b38dc542265fbea0ed19?s=96&d=mm&r=g\",\"caption\":\"Mona Kakoschke Frantzke\"},\"url\":false}]}<\/script>\n<!-- \/ Yoast SEO plugin. -->","yoast_head_json":{"title":"Q&A Session doppelte Staatsangeh\u00f6rigkeit mit deutschem Generalkonsulat 2015 - Martin Luther Evangelische Kirche Toronto","robots":{"index":"index","follow":"follow","max-snippet":"max-snippet:-1","max-image-preview":"max-image-preview:large","max-video-preview":"max-video-preview:-1"},"canonical":"https:\/\/martinluther.ca\/de\/2015\/04\/qa-session-doppelte-staatsangehorigkeit-mit-deutschem-generalkonsulat\/","og_locale":"de_DE","og_type":"article","og_title":"Q&A Session doppelte Staatsangeh\u00f6rigkeit mit deutschem Generalkonsulat 2015 - Martin Luther Evangelische Kirche Toronto","og_description":"Die Frage, wie kann ich Kanadier werden ohne meine deutsche Staatsb\u00fcrgerschaft zu verlieren, qu\u00e4lt die Deutschen von jung bis alt.\u00a0 160 Personen best\u00e4tigten mit Ihrer Teilnahme die Wichtigkeit des Beibehaltungsseminars. Wir danken Herrn Nickel vom Ausw\u00e4rtigen Amt f\u00fcr seinen Sachverstand, den Teilnehmern f\u00fcr ihre Fragen und Spenden und den Freiwilligen der Martin Luther Kirche f\u00fcr&hellip;","og_url":"https:\/\/martinluther.ca\/de\/2015\/04\/qa-session-doppelte-staatsangehorigkeit-mit-deutschem-generalkonsulat\/","og_site_name":"Martin Luther Evangelische Kirche Toronto","article_publisher":"https:\/\/www.facebook.com\/martinlutherchurchtoronto","article_published_time":"2015-04-10T00:28:40+00:00","article_modified_time":"2016-04-02T14:01:31+00:00","og_image":[{"width":1200,"height":900,"url":"https:\/\/martinluther.ca\/wp-content\/uploads\/2015\/04\/Canadian-German_Citizenship.jpg","type":"image\/jpeg"}],"author":"Mona Kakoschke Frantzke","twitter_card":"summary_large_image","twitter_misc":{"Verfasst von":"Mona Kakoschke Frantzke","Gesch\u00e4tzte Lesezeit":"1\u00a0Minute"},"schema":{"@context":"https:\/\/schema.org","@graph":[{"@type":"Article","@id":"https:\/\/martinluther.ca\/de\/2015\/04\/qa-session-doppelte-staatsangehorigkeit-mit-deutschem-generalkonsulat\/#article","isPartOf":{"@id":"https:\/\/martinluther.ca\/de\/2015\/04\/qa-session-doppelte-staatsangehorigkeit-mit-deutschem-generalkonsulat\/"},"author":{"name":"Mona Kakoschke Frantzke","@id":"https:\/\/martinluther.ca\/de\/#\/schema\/person\/815c51710f70b050f0476f18da6b0c8f"},"headline":"Q&#038;A Session doppelte Staatsangeh\u00f6rigkeit mit deutschem Generalkonsulat 2015","datePublished":"2015-04-10T00:28:40+00:00","dateModified":"2016-04-02T14:01:31+00:00","mainEntityOfPage":{"@id":"https:\/\/martinluther.ca\/de\/2015\/04\/qa-session-doppelte-staatsangehorigkeit-mit-deutschem-generalkonsulat\/"},"wordCount":215,"publisher":{"@id":"https:\/\/martinluther.ca\/de\/#organization"},"image":{"@id":"https:\/\/martinluther.ca\/de\/2015\/04\/qa-session-doppelte-staatsangehorigkeit-mit-deutschem-generalkonsulat\/#primaryimage"},"thumbnailUrl":"https:\/\/martinluther.ca\/wp-content\/uploads\/2015\/04\/Canadian-German_Citizenship.jpg","articleSection":["News Blog - German"],"inLanguage":"de"},{"@type":"WebPage","@id":"https:\/\/martinluther.ca\/de\/2015\/04\/qa-session-doppelte-staatsangehorigkeit-mit-deutschem-generalkonsulat\/","url":"https:\/\/martinluther.ca\/de\/2015\/04\/qa-session-doppelte-staatsangehorigkeit-mit-deutschem-generalkonsulat\/","name":"Q&A Session doppelte Staatsangeh\u00f6rigkeit mit deutschem Generalkonsulat 2015 - Martin Luther Evangelische Kirche Toronto","isPartOf":{"@id":"https:\/\/martinluther.ca\/de\/#website"},"primaryImageOfPage":{"@id":"https:\/\/martinluther.ca\/de\/2015\/04\/qa-session-doppelte-staatsangehorigkeit-mit-deutschem-generalkonsulat\/#primaryimage"},"image":{"@id":"https:\/\/martinluther.ca\/de\/2015\/04\/qa-session-doppelte-staatsangehorigkeit-mit-deutschem-generalkonsulat\/#primaryimage"},"thumbnailUrl":"https:\/\/martinluther.ca\/wp-content\/uploads\/2015\/04\/Canadian-German_Citizenship.jpg","datePublished":"2015-04-10T00:28:40+00:00","dateModified":"2016-04-02T14:01:31+00:00","breadcrumb":{"@id":"https:\/\/martinluther.ca\/de\/2015\/04\/qa-session-doppelte-staatsangehorigkeit-mit-deutschem-generalkonsulat\/#breadcrumb"},"inLanguage":"de","potentialAction":[{"@type":"ReadAction","target":["https:\/\/martinluther.ca\/de\/2015\/04\/qa-session-doppelte-staatsangehorigkeit-mit-deutschem-generalkonsulat\/"]}]},{"@type":"ImageObject","inLanguage":"de","@id":"https:\/\/martinluther.ca\/de\/2015\/04\/qa-session-doppelte-staatsangehorigkeit-mit-deutschem-generalkonsulat\/#primaryimage","url":"https:\/\/martinluther.ca\/wp-content\/uploads\/2015\/04\/Canadian-German_Citizenship.jpg","contentUrl":"https:\/\/martinluther.ca\/wp-content\/uploads\/2015\/04\/Canadian-German_Citizenship.jpg","width":1200,"height":900,"caption":"German-Canadian Citizenship"},{"@type":"BreadcrumbList","@id":"https:\/\/martinluther.ca\/de\/2015\/04\/qa-session-doppelte-staatsangehorigkeit-mit-deutschem-generalkonsulat\/#breadcrumb","itemListElement":[{"@type":"ListItem","position":1,"name":"Home","item":"https:\/\/martinluther.ca\/de\/"},{"@type":"ListItem","position":2,"name":"Q&#038;A Session doppelte Staatsangeh\u00f6rigkeit mit deutschem Generalkonsulat 2015"}]},{"@type":"WebSite","@id":"https:\/\/martinluther.ca\/de\/#website","url":"https:\/\/martinluther.ca\/de\/","name":"Martin Luther Evangelical Church Toronto","description":"Deutsch &amp; Englisch","publisher":{"@id":"https:\/\/martinluther.ca\/de\/#organization"},"potentialAction":[{"@type":"SearchAction","target":{"@type":"EntryPoint","urlTemplate":"https:\/\/martinluther.ca\/de\/?s={search_term_string}"},"query-input":{"@type":"PropertyValueSpecification","valueRequired":true,"valueName":"search_term_string"}}],"inLanguage":"de"},{"@type":"Organization","@id":"https:\/\/martinluther.ca\/de\/#organization","name":"Martin Luther Evangelical Church Toronto","url":"https:\/\/martinluther.ca\/de\/","logo":{"@type":"ImageObject","inLanguage":"de","@id":"https:\/\/martinluther.ca\/de\/#\/schema\/logo\/image\/","url":"https:\/\/martinluther.ca\/wp-content\/uploads\/2016\/12\/ml-logo-300.png","contentUrl":"https:\/\/martinluther.ca\/wp-content\/uploads\/2016\/12\/ml-logo-300.png","width":300,"height":150,"caption":"Martin Luther Evangelical Church Toronto"},"image":{"@id":"https:\/\/martinluther.ca\/de\/#\/schema\/logo\/image\/"},"sameAs":["https:\/\/www.facebook.com\/martinlutherchurchtoronto","https:\/\/www.instagram.com\/lutheransbythelake\/","https:\/\/www.youtube.com\/MartinLutherChurchToronto"]},{"@type":"Person","@id":"https:\/\/martinluther.ca\/de\/#\/schema\/person\/815c51710f70b050f0476f18da6b0c8f","name":"Mona Kakoschke Frantzke","image":{"@type":"ImageObject","inLanguage":"de","@id":"https:\/\/secure.gravatar.com\/avatar\/0deb16854ca545cd2e9fc8001ca110d262b80d5c8317b38dc542265fbea0ed19?s=96&d=mm&r=g","url":"https:\/\/secure.gravatar.com\/avatar\/0deb16854ca545cd2e9fc8001ca110d262b80d5c8317b38dc542265fbea0ed19?s=96&d=mm&r=g","contentUrl":"https:\/\/secure.gravatar.com\/avatar\/0deb16854ca545cd2e9fc8001ca110d262b80d5c8317b38dc542265fbea0ed19?s=96&d=mm&r=g","caption":"Mona Kakoschke Frantzke"},"url":false}]}},"_links":{"self":[{"href":"https:\/\/martinluther.ca\/de\/wp-json\/wp\/v2\/posts\/21321","targetHints":{"allow":["GET"]}}],"collection":[{"href":"https:\/\/martinluther.ca\/de\/wp-json\/wp\/v2\/posts"}],"about":[{"href":"https:\/\/martinluther.ca\/de\/wp-json\/wp\/v2\/types\/post"}],"author":[{"embeddable":true,"href":"https:\/\/martinluther.ca\/de\/wp-json\/wp\/v2\/users\/9"}],"replies":[{"embeddable":true,"href":"https:\/\/martinluther.ca\/de\/wp-json\/wp\/v2\/comments?post=21321"}],"version-history":[{"count":15,"href":"https:\/\/martinluther.ca\/de\/wp-json\/wp\/v2\/posts\/21321\/revisions"}],"predecessor-version":[{"id":23976,"href":"https:\/\/martinluther.ca\/de\/wp-json\/wp\/v2\/posts\/21321\/revisions\/23976"}],"wp:featuredmedia":[{"embeddable":true,"href":"https:\/\/martinluther.ca\/de\/wp-json\/wp\/v2\/media\/21458"}],"wp:attachment":[{"href":"https:\/\/martinluther.ca\/de\/wp-json\/wp\/v2\/media?parent=21321"}],"wp:term":[{"taxonomy":"category","embeddable":true,"href":"https:\/\/martinluther.ca\/de\/wp-json\/wp\/v2\/categories?post=21321"},{"taxonomy":"post_tag","embeddable":true,"href":"https:\/\/martinluther.ca\/de\/wp-json\/wp\/v2\/tags?post=21321"},{"taxonomy":"post_series","embeddable":true,"href":"https:\/\/martinluther.ca\/de\/wp-json\/wp\/v2\/post_series?post=21321"}],"curies":[{"name":"wp","href":"https:\/\/api.w.org\/{rel}","templated":true}]}}