{"id":21747,"date":"2015-05-08T09:15:42","date_gmt":"2015-05-08T13:15:42","guid":{"rendered":"https:\/\/martinluther.ca\/?p=21747"},"modified":"2018-02-16T23:58:12","modified_gmt":"2018-02-17T04:58:12","slug":"ich-glaub-ich-sehe-grun-martin-luther-botschafter-in-toronto","status":"publish","type":"post","link":"https:\/\/martinluther.ca\/de\/2015\/05\/ich-glaub-ich-sehe-grun-martin-luther-botschafter-in-toronto\/","title":{"rendered":"Ich glaub ich sehe\u2026 gr\u00fcn? Martin-Luther-Botschafter in Toronto"},"content":{"rendered":"<figure id=\"attachment_21729\" aria-describedby=\"caption-attachment-21729\" style=\"width: 300px\" class=\"wp-caption alignright\"><img loading=\"lazy\" decoding=\"async\" class=\"size-medium wp-image-21729\" src=\"https:\/\/martinluther.ca\/wp-content\/uploads\/2015\/04\/2015-Spring-Martin-Luther-Ambassador-08BB-300x225.jpg\" alt=\"2015 April, Martin Luther Ambassador in front of our church\" width=\"300\" height=\"225\" srcset=\"https:\/\/martinluther.ca\/wp-content\/uploads\/2015\/04\/2015-Spring-Martin-Luther-Ambassador-08BB-300x225.jpg 300w, https:\/\/martinluther.ca\/wp-content\/uploads\/2015\/04\/2015-Spring-Martin-Luther-Ambassador-08BB.jpg 1024w\" sizes=\"auto, (max-width: 300px) 100vw, 300px\" \/><figcaption id=\"caption-attachment-21729\" class=\"wp-caption-text\">2015 Martin Luther Ambassador in front of our church<\/figcaption><\/figure>\n<p>Der Fr\u00fchling lockt Martin Luther. Endlich ganz aus dem Winterschlaf erwacht, erlebt er das herrliche Wetter in den verschiedensten Ecken und Winkeln der Gro\u00dfstadt Toronto.<\/p>\n<p>Lasst Euch mitreissen vom Erwachen der neuen Saison und nehmt den Botschafter f\u00fcr eine Woche mit auf Tour. Zus\u00e4tzlich gibt es jetzt Karten mit Zitaten des Reformators, die ihr auf Euren Wegen verteilen und somit bleibende Eindr\u00fccke hinterlassen k\u00f6nnt.<\/p>\n<p>Ein Kurzbericht von Carolyn R. Wilker \u00fcber einen Ausflug Martin Luthers zu einem Synoden Seminar in Kitchener, spiegelt die Freude des unerwarteten, aber gern gesehenen Gastes wieder. Bitte klicke folgenden Link: <a href=\"https:\/\/storygal.wordpress.com\/2015\/04\/20\/it-does-look-like-him-but-hes-green\/\">It does look like him, but he&#8217;s green!<\/a><\/p>\n<p>Bitte schickt Eure Fotos und Berichte an das Kirchenb\u00fcro der Martin Luther Kirche zur Ver\u00f6ffentlichung auf der Webseite und auf Facebook. Gemeindemitglieder und Freunde freuen sich \u00fcber Eure Beitr\u00e4ge.<\/p>\n","protected":false},"excerpt":{"rendered":"<p>Der Fr\u00fchling lockt Martin Luther. Endlich ganz aus dem Winterschlaf erwacht, erlebt er das herrliche Wetter in den verschiedensten Ecken und Winkeln der Gro\u00dfstadt Toronto. Lasst Euch mitreissen vom Erwachen der neuen Saison und nehmt den Botschafter f\u00fcr eine Woche mit auf Tour. Zus\u00e4tzlich gibt es jetzt Karten mit Zitaten des Reformators, die ihr auf&hellip;<\/p>\n","protected":false},"author":8,"featured_media":21729,"comment_status":"closed","ping_status":"closed","sticky":false,"template":"","format":"standard","meta":{"footnotes":""},"categories":[69],"tags":[],"post_series":[],"class_list":["post-21747","post","type-post","status-publish","format-standard","has-post-thumbnail","hentry","category-news-blog-german","entry","has-media"],"yoast_head":"<!-- This site is optimized with the Yoast SEO plugin v27.5 - https:\/\/yoast.com\/product\/yoast-seo-wordpress\/ -->\n<title>Ich glaub ich sehe\u2026 gr\u00fcn? Martin-Luther-Botschafter in Toronto - Martin Luther Evangelische Kirche Toronto<\/title>\n<meta name=\"robots\" content=\"index, follow, max-snippet:-1, max-image-preview:large, max-video-preview:-1\" \/>\n<link rel=\"canonical\" href=\"https:\/\/martinluther.ca\/de\/2015\/05\/ich-glaub-ich-sehe-grun-martin-luther-botschafter-in-toronto\/\" \/>\n<meta property=\"og:locale\" content=\"de_DE\" \/>\n<meta property=\"og:type\" content=\"article\" \/>\n<meta property=\"og:title\" content=\"Ich glaub ich sehe\u2026 gr\u00fcn? Martin-Luther-Botschafter in Toronto - Martin Luther Evangelische Kirche Toronto\" \/>\n<meta property=\"og:description\" content=\"Der Fr\u00fchling lockt Martin Luther. Endlich ganz aus dem Winterschlaf erwacht, erlebt er das herrliche Wetter in den verschiedensten Ecken und Winkeln der Gro\u00dfstadt Toronto. Lasst Euch mitreissen vom Erwachen der neuen Saison und nehmt den Botschafter f\u00fcr eine Woche mit auf Tour. Zus\u00e4tzlich gibt es jetzt Karten mit Zitaten des Reformators, die ihr auf&hellip;\" \/>\n<meta property=\"og:url\" content=\"https:\/\/martinluther.ca\/de\/2015\/05\/ich-glaub-ich-sehe-grun-martin-luther-botschafter-in-toronto\/\" \/>\n<meta property=\"og:site_name\" content=\"Martin Luther Evangelische Kirche Toronto\" \/>\n<meta property=\"article:publisher\" content=\"https:\/\/www.facebook.com\/martinlutherchurchtoronto\" \/>\n<meta property=\"article:published_time\" content=\"2015-05-08T13:15:42+00:00\" \/>\n<meta property=\"article:modified_time\" content=\"2018-02-17T04:58:12+00:00\" \/>\n<meta property=\"og:image\" content=\"https:\/\/martinluther.ca\/wp-content\/uploads\/2015\/04\/2015-Spring-Martin-Luther-Ambassador-08BB.jpg\" \/>\n\t<meta property=\"og:image:width\" content=\"1024\" \/>\n\t<meta property=\"og:image:height\" content=\"768\" \/>\n\t<meta property=\"og:image:type\" content=\"image\/jpeg\" \/>\n<meta name=\"author\" content=\"Marlena Muller\" \/>\n<meta name=\"twitter:card\" content=\"summary_large_image\" \/>\n<meta name=\"twitter:label1\" content=\"Verfasst von\" \/>\n\t<meta name=\"twitter:data1\" content=\"Marlena Muller\" \/>\n\t<meta name=\"twitter:label2\" content=\"Gesch\u00e4tzte Lesezeit\" \/>\n\t<meta name=\"twitter:data2\" content=\"1\u00a0Minute\" \/>\n<script type=\"application\/ld+json\" class=\"yoast-schema-graph\">{\"@context\":\"https:\\\/\\\/schema.org\",\"@graph\":[{\"@type\":\"Article\",\"@id\":\"https:\\\/\\\/martinluther.ca\\\/de\\\/2015\\\/05\\\/ich-glaub-ich-sehe-grun-martin-luther-botschafter-in-toronto\\\/#article\",\"isPartOf\":{\"@id\":\"https:\\\/\\\/martinluther.ca\\\/de\\\/2015\\\/05\\\/ich-glaub-ich-sehe-grun-martin-luther-botschafter-in-toronto\\\/\"},\"author\":{\"name\":\"Marlena Muller\",\"@id\":\"https:\\\/\\\/martinluther.ca\\\/de\\\/#\\\/schema\\\/person\\\/ef4e825f5d9d6fd740bbd7813710e15d\"},\"headline\":\"Ich glaub ich sehe\u2026 gr\u00fcn? Martin-Luther-Botschafter in Toronto\",\"datePublished\":\"2015-05-08T13:15:42+00:00\",\"dateModified\":\"2018-02-17T04:58:12+00:00\",\"mainEntityOfPage\":{\"@id\":\"https:\\\/\\\/martinluther.ca\\\/de\\\/2015\\\/05\\\/ich-glaub-ich-sehe-grun-martin-luther-botschafter-in-toronto\\\/\"},\"wordCount\":166,\"publisher\":{\"@id\":\"https:\\\/\\\/martinluther.ca\\\/de\\\/#organization\"},\"image\":{\"@id\":\"https:\\\/\\\/martinluther.ca\\\/de\\\/2015\\\/05\\\/ich-glaub-ich-sehe-grun-martin-luther-botschafter-in-toronto\\\/#primaryimage\"},\"thumbnailUrl\":\"https:\\\/\\\/martinluther.ca\\\/wp-content\\\/uploads\\\/2015\\\/04\\\/2015-Spring-Martin-Luther-Ambassador-08BB.jpg\",\"articleSection\":[\"News Blog - German\"],\"inLanguage\":\"de\"},{\"@type\":\"WebPage\",\"@id\":\"https:\\\/\\\/martinluther.ca\\\/de\\\/2015\\\/05\\\/ich-glaub-ich-sehe-grun-martin-luther-botschafter-in-toronto\\\/\",\"url\":\"https:\\\/\\\/martinluther.ca\\\/de\\\/2015\\\/05\\\/ich-glaub-ich-sehe-grun-martin-luther-botschafter-in-toronto\\\/\",\"name\":\"Ich glaub ich sehe\u2026 gr\u00fcn? Martin-Luther-Botschafter in Toronto - Martin Luther Evangelische Kirche Toronto\",\"isPartOf\":{\"@id\":\"https:\\\/\\\/martinluther.ca\\\/de\\\/#website\"},\"primaryImageOfPage\":{\"@id\":\"https:\\\/\\\/martinluther.ca\\\/de\\\/2015\\\/05\\\/ich-glaub-ich-sehe-grun-martin-luther-botschafter-in-toronto\\\/#primaryimage\"},\"image\":{\"@id\":\"https:\\\/\\\/martinluther.ca\\\/de\\\/2015\\\/05\\\/ich-glaub-ich-sehe-grun-martin-luther-botschafter-in-toronto\\\/#primaryimage\"},\"thumbnailUrl\":\"https:\\\/\\\/martinluther.ca\\\/wp-content\\\/uploads\\\/2015\\\/04\\\/2015-Spring-Martin-Luther-Ambassador-08BB.jpg\",\"datePublished\":\"2015-05-08T13:15:42+00:00\",\"dateModified\":\"2018-02-17T04:58:12+00:00\",\"breadcrumb\":{\"@id\":\"https:\\\/\\\/martinluther.ca\\\/de\\\/2015\\\/05\\\/ich-glaub-ich-sehe-grun-martin-luther-botschafter-in-toronto\\\/#breadcrumb\"},\"inLanguage\":\"de\",\"potentialAction\":[{\"@type\":\"ReadAction\",\"target\":[\"https:\\\/\\\/martinluther.ca\\\/de\\\/2015\\\/05\\\/ich-glaub-ich-sehe-grun-martin-luther-botschafter-in-toronto\\\/\"]}]},{\"@type\":\"ImageObject\",\"inLanguage\":\"de\",\"@id\":\"https:\\\/\\\/martinluther.ca\\\/de\\\/2015\\\/05\\\/ich-glaub-ich-sehe-grun-martin-luther-botschafter-in-toronto\\\/#primaryimage\",\"url\":\"https:\\\/\\\/martinluther.ca\\\/wp-content\\\/uploads\\\/2015\\\/04\\\/2015-Spring-Martin-Luther-Ambassador-08BB.jpg\",\"contentUrl\":\"https:\\\/\\\/martinluther.ca\\\/wp-content\\\/uploads\\\/2015\\\/04\\\/2015-Spring-Martin-Luther-Ambassador-08BB.jpg\",\"width\":1024,\"height\":768,\"caption\":\"2015 April, Martin Luther Ambassador in front of our church\"},{\"@type\":\"BreadcrumbList\",\"@id\":\"https:\\\/\\\/martinluther.ca\\\/de\\\/2015\\\/05\\\/ich-glaub-ich-sehe-grun-martin-luther-botschafter-in-toronto\\\/#breadcrumb\",\"itemListElement\":[{\"@type\":\"ListItem\",\"position\":1,\"name\":\"Home\",\"item\":\"https:\\\/\\\/martinluther.ca\\\/de\\\/\"},{\"@type\":\"ListItem\",\"position\":2,\"name\":\"Ich glaub ich sehe\u2026 gr\u00fcn? Martin-Luther-Botschafter in Toronto\"}]},{\"@type\":\"WebSite\",\"@id\":\"https:\\\/\\\/martinluther.ca\\\/de\\\/#website\",\"url\":\"https:\\\/\\\/martinluther.ca\\\/de\\\/\",\"name\":\"Martin Luther Evangelical Church Toronto\",\"description\":\"Deutsch &amp; Englisch\",\"publisher\":{\"@id\":\"https:\\\/\\\/martinluther.ca\\\/de\\\/#organization\"},\"potentialAction\":[{\"@type\":\"SearchAction\",\"target\":{\"@type\":\"EntryPoint\",\"urlTemplate\":\"https:\\\/\\\/martinluther.ca\\\/de\\\/?s={search_term_string}\"},\"query-input\":{\"@type\":\"PropertyValueSpecification\",\"valueRequired\":true,\"valueName\":\"search_term_string\"}}],\"inLanguage\":\"de\"},{\"@type\":\"Organization\",\"@id\":\"https:\\\/\\\/martinluther.ca\\\/de\\\/#organization\",\"name\":\"Martin Luther Evangelical Church Toronto\",\"url\":\"https:\\\/\\\/martinluther.ca\\\/de\\\/\",\"logo\":{\"@type\":\"ImageObject\",\"inLanguage\":\"de\",\"@id\":\"https:\\\/\\\/martinluther.ca\\\/de\\\/#\\\/schema\\\/logo\\\/image\\\/\",\"url\":\"https:\\\/\\\/martinluther.ca\\\/wp-content\\\/uploads\\\/2016\\\/12\\\/ml-logo-300.png\",\"contentUrl\":\"https:\\\/\\\/martinluther.ca\\\/wp-content\\\/uploads\\\/2016\\\/12\\\/ml-logo-300.png\",\"width\":300,\"height\":150,\"caption\":\"Martin Luther Evangelical Church Toronto\"},\"image\":{\"@id\":\"https:\\\/\\\/martinluther.ca\\\/de\\\/#\\\/schema\\\/logo\\\/image\\\/\"},\"sameAs\":[\"https:\\\/\\\/www.facebook.com\\\/martinlutherchurchtoronto\",\"https:\\\/\\\/www.instagram.com\\\/lutheransbythelake\\\/\",\"https:\\\/\\\/www.youtube.com\\\/MartinLutherChurchToronto\"]},{\"@type\":\"Person\",\"@id\":\"https:\\\/\\\/martinluther.ca\\\/de\\\/#\\\/schema\\\/person\\\/ef4e825f5d9d6fd740bbd7813710e15d\",\"name\":\"Marlena Muller\",\"image\":{\"@type\":\"ImageObject\",\"inLanguage\":\"de\",\"@id\":\"https:\\\/\\\/secure.gravatar.com\\\/avatar\\\/fe840ff753768b839caa2dd522d4797f19f7e22fa2da83388e0fbfc570b65a37?s=96&d=mm&r=g\",\"url\":\"https:\\\/\\\/secure.gravatar.com\\\/avatar\\\/fe840ff753768b839caa2dd522d4797f19f7e22fa2da83388e0fbfc570b65a37?s=96&d=mm&r=g\",\"contentUrl\":\"https:\\\/\\\/secure.gravatar.com\\\/avatar\\\/fe840ff753768b839caa2dd522d4797f19f7e22fa2da83388e0fbfc570b65a37?s=96&d=mm&r=g\",\"caption\":\"Marlena Muller\"},\"url\":false}]}<\/script>\n<!-- \/ Yoast SEO plugin. -->","yoast_head_json":{"title":"Ich glaub ich sehe\u2026 gr\u00fcn? Martin-Luther-Botschafter in Toronto - Martin Luther Evangelische Kirche Toronto","robots":{"index":"index","follow":"follow","max-snippet":"max-snippet:-1","max-image-preview":"max-image-preview:large","max-video-preview":"max-video-preview:-1"},"canonical":"https:\/\/martinluther.ca\/de\/2015\/05\/ich-glaub-ich-sehe-grun-martin-luther-botschafter-in-toronto\/","og_locale":"de_DE","og_type":"article","og_title":"Ich glaub ich sehe\u2026 gr\u00fcn? Martin-Luther-Botschafter in Toronto - Martin Luther Evangelische Kirche Toronto","og_description":"Der Fr\u00fchling lockt Martin Luther. Endlich ganz aus dem Winterschlaf erwacht, erlebt er das herrliche Wetter in den verschiedensten Ecken und Winkeln der Gro\u00dfstadt Toronto. Lasst Euch mitreissen vom Erwachen der neuen Saison und nehmt den Botschafter f\u00fcr eine Woche mit auf Tour. Zus\u00e4tzlich gibt es jetzt Karten mit Zitaten des Reformators, die ihr auf&hellip;","og_url":"https:\/\/martinluther.ca\/de\/2015\/05\/ich-glaub-ich-sehe-grun-martin-luther-botschafter-in-toronto\/","og_site_name":"Martin Luther Evangelische Kirche Toronto","article_publisher":"https:\/\/www.facebook.com\/martinlutherchurchtoronto","article_published_time":"2015-05-08T13:15:42+00:00","article_modified_time":"2018-02-17T04:58:12+00:00","og_image":[{"width":1024,"height":768,"url":"https:\/\/martinluther.ca\/wp-content\/uploads\/2015\/04\/2015-Spring-Martin-Luther-Ambassador-08BB.jpg","type":"image\/jpeg"}],"author":"Marlena Muller","twitter_card":"summary_large_image","twitter_misc":{"Verfasst von":"Marlena Muller","Gesch\u00e4tzte Lesezeit":"1\u00a0Minute"},"schema":{"@context":"https:\/\/schema.org","@graph":[{"@type":"Article","@id":"https:\/\/martinluther.ca\/de\/2015\/05\/ich-glaub-ich-sehe-grun-martin-luther-botschafter-in-toronto\/#article","isPartOf":{"@id":"https:\/\/martinluther.ca\/de\/2015\/05\/ich-glaub-ich-sehe-grun-martin-luther-botschafter-in-toronto\/"},"author":{"name":"Marlena Muller","@id":"https:\/\/martinluther.ca\/de\/#\/schema\/person\/ef4e825f5d9d6fd740bbd7813710e15d"},"headline":"Ich glaub ich sehe\u2026 gr\u00fcn? Martin-Luther-Botschafter in Toronto","datePublished":"2015-05-08T13:15:42+00:00","dateModified":"2018-02-17T04:58:12+00:00","mainEntityOfPage":{"@id":"https:\/\/martinluther.ca\/de\/2015\/05\/ich-glaub-ich-sehe-grun-martin-luther-botschafter-in-toronto\/"},"wordCount":166,"publisher":{"@id":"https:\/\/martinluther.ca\/de\/#organization"},"image":{"@id":"https:\/\/martinluther.ca\/de\/2015\/05\/ich-glaub-ich-sehe-grun-martin-luther-botschafter-in-toronto\/#primaryimage"},"thumbnailUrl":"https:\/\/martinluther.ca\/wp-content\/uploads\/2015\/04\/2015-Spring-Martin-Luther-Ambassador-08BB.jpg","articleSection":["News Blog - German"],"inLanguage":"de"},{"@type":"WebPage","@id":"https:\/\/martinluther.ca\/de\/2015\/05\/ich-glaub-ich-sehe-grun-martin-luther-botschafter-in-toronto\/","url":"https:\/\/martinluther.ca\/de\/2015\/05\/ich-glaub-ich-sehe-grun-martin-luther-botschafter-in-toronto\/","name":"Ich glaub ich sehe\u2026 gr\u00fcn? Martin-Luther-Botschafter in Toronto - Martin Luther Evangelische Kirche Toronto","isPartOf":{"@id":"https:\/\/martinluther.ca\/de\/#website"},"primaryImageOfPage":{"@id":"https:\/\/martinluther.ca\/de\/2015\/05\/ich-glaub-ich-sehe-grun-martin-luther-botschafter-in-toronto\/#primaryimage"},"image":{"@id":"https:\/\/martinluther.ca\/de\/2015\/05\/ich-glaub-ich-sehe-grun-martin-luther-botschafter-in-toronto\/#primaryimage"},"thumbnailUrl":"https:\/\/martinluther.ca\/wp-content\/uploads\/2015\/04\/2015-Spring-Martin-Luther-Ambassador-08BB.jpg","datePublished":"2015-05-08T13:15:42+00:00","dateModified":"2018-02-17T04:58:12+00:00","breadcrumb":{"@id":"https:\/\/martinluther.ca\/de\/2015\/05\/ich-glaub-ich-sehe-grun-martin-luther-botschafter-in-toronto\/#breadcrumb"},"inLanguage":"de","potentialAction":[{"@type":"ReadAction","target":["https:\/\/martinluther.ca\/de\/2015\/05\/ich-glaub-ich-sehe-grun-martin-luther-botschafter-in-toronto\/"]}]},{"@type":"ImageObject","inLanguage":"de","@id":"https:\/\/martinluther.ca\/de\/2015\/05\/ich-glaub-ich-sehe-grun-martin-luther-botschafter-in-toronto\/#primaryimage","url":"https:\/\/martinluther.ca\/wp-content\/uploads\/2015\/04\/2015-Spring-Martin-Luther-Ambassador-08BB.jpg","contentUrl":"https:\/\/martinluther.ca\/wp-content\/uploads\/2015\/04\/2015-Spring-Martin-Luther-Ambassador-08BB.jpg","width":1024,"height":768,"caption":"2015 April, Martin Luther Ambassador in front of our church"},{"@type":"BreadcrumbList","@id":"https:\/\/martinluther.ca\/de\/2015\/05\/ich-glaub-ich-sehe-grun-martin-luther-botschafter-in-toronto\/#breadcrumb","itemListElement":[{"@type":"ListItem","position":1,"name":"Home","item":"https:\/\/martinluther.ca\/de\/"},{"@type":"ListItem","position":2,"name":"Ich glaub ich sehe\u2026 gr\u00fcn? Martin-Luther-Botschafter in Toronto"}]},{"@type":"WebSite","@id":"https:\/\/martinluther.ca\/de\/#website","url":"https:\/\/martinluther.ca\/de\/","name":"Martin Luther Evangelical Church Toronto","description":"Deutsch &amp; Englisch","publisher":{"@id":"https:\/\/martinluther.ca\/de\/#organization"},"potentialAction":[{"@type":"SearchAction","target":{"@type":"EntryPoint","urlTemplate":"https:\/\/martinluther.ca\/de\/?s={search_term_string}"},"query-input":{"@type":"PropertyValueSpecification","valueRequired":true,"valueName":"search_term_string"}}],"inLanguage":"de"},{"@type":"Organization","@id":"https:\/\/martinluther.ca\/de\/#organization","name":"Martin Luther Evangelical Church Toronto","url":"https:\/\/martinluther.ca\/de\/","logo":{"@type":"ImageObject","inLanguage":"de","@id":"https:\/\/martinluther.ca\/de\/#\/schema\/logo\/image\/","url":"https:\/\/martinluther.ca\/wp-content\/uploads\/2016\/12\/ml-logo-300.png","contentUrl":"https:\/\/martinluther.ca\/wp-content\/uploads\/2016\/12\/ml-logo-300.png","width":300,"height":150,"caption":"Martin Luther Evangelical Church Toronto"},"image":{"@id":"https:\/\/martinluther.ca\/de\/#\/schema\/logo\/image\/"},"sameAs":["https:\/\/www.facebook.com\/martinlutherchurchtoronto","https:\/\/www.instagram.com\/lutheransbythelake\/","https:\/\/www.youtube.com\/MartinLutherChurchToronto"]},{"@type":"Person","@id":"https:\/\/martinluther.ca\/de\/#\/schema\/person\/ef4e825f5d9d6fd740bbd7813710e15d","name":"Marlena Muller","image":{"@type":"ImageObject","inLanguage":"de","@id":"https:\/\/secure.gravatar.com\/avatar\/fe840ff753768b839caa2dd522d4797f19f7e22fa2da83388e0fbfc570b65a37?s=96&d=mm&r=g","url":"https:\/\/secure.gravatar.com\/avatar\/fe840ff753768b839caa2dd522d4797f19f7e22fa2da83388e0fbfc570b65a37?s=96&d=mm&r=g","contentUrl":"https:\/\/secure.gravatar.com\/avatar\/fe840ff753768b839caa2dd522d4797f19f7e22fa2da83388e0fbfc570b65a37?s=96&d=mm&r=g","caption":"Marlena Muller"},"url":false}]}},"_links":{"self":[{"href":"https:\/\/martinluther.ca\/de\/wp-json\/wp\/v2\/posts\/21747","targetHints":{"allow":["GET"]}}],"collection":[{"href":"https:\/\/martinluther.ca\/de\/wp-json\/wp\/v2\/posts"}],"about":[{"href":"https:\/\/martinluther.ca\/de\/wp-json\/wp\/v2\/types\/post"}],"author":[{"embeddable":true,"href":"https:\/\/martinluther.ca\/de\/wp-json\/wp\/v2\/users\/8"}],"replies":[{"embeddable":true,"href":"https:\/\/martinluther.ca\/de\/wp-json\/wp\/v2\/comments?post=21747"}],"version-history":[{"count":5,"href":"https:\/\/martinluther.ca\/de\/wp-json\/wp\/v2\/posts\/21747\/revisions"}],"predecessor-version":[{"id":21854,"href":"https:\/\/martinluther.ca\/de\/wp-json\/wp\/v2\/posts\/21747\/revisions\/21854"}],"wp:featuredmedia":[{"embeddable":true,"href":"https:\/\/martinluther.ca\/de\/wp-json\/wp\/v2\/media\/21729"}],"wp:attachment":[{"href":"https:\/\/martinluther.ca\/de\/wp-json\/wp\/v2\/media?parent=21747"}],"wp:term":[{"taxonomy":"category","embeddable":true,"href":"https:\/\/martinluther.ca\/de\/wp-json\/wp\/v2\/categories?post=21747"},{"taxonomy":"post_tag","embeddable":true,"href":"https:\/\/martinluther.ca\/de\/wp-json\/wp\/v2\/tags?post=21747"},{"taxonomy":"post_series","embeddable":true,"href":"https:\/\/martinluther.ca\/de\/wp-json\/wp\/v2\/post_series?post=21747"}],"curies":[{"name":"wp","href":"https:\/\/api.w.org\/{rel}","templated":true}]}}