{"id":21823,"date":"2015-06-29T13:30:12","date_gmt":"2015-06-29T17:30:12","guid":{"rendered":"https:\/\/martinluther.ca\/?p=21823"},"modified":"2015-08-23T10:15:09","modified_gmt":"2015-08-23T14:15:09","slug":"mlc-at-camp-lutherlyn-order-form","status":"publish","type":"post","link":"https:\/\/martinluther.ca\/de\/2015\/06\/mlc-at-camp-lutherlyn-order-form\/","title":{"rendered":"Anmeldung noch m\u00f6glich f\u00fcr das Sommer Camp"},"content":{"rendered":"<figure id=\"attachment_21103\" aria-describedby=\"caption-attachment-21103\" style=\"width: 300px\" class=\"wp-caption alignright\"><img loading=\"lazy\" decoding=\"async\" class=\"size-medium wp-image-21103\" src=\"https:\/\/martinluther.ca\/wp-content\/uploads\/2015\/03\/2014-Camp-Lutherlyn-079-300x199.jpg\" alt=\"2014 Martin Luther Church at Camp Lutherlyn\" width=\"300\" height=\"199\" \/><figcaption id=\"caption-attachment-21103\" class=\"wp-caption-text\">2014 Camp Lutherlyn<\/figcaption><\/figure>\n<p>Noch k\u00f6nnen Sie sich gerne f\u00fcr das Sommer Camp in Camp Lutherlyn anmelden. Beim Sommercamp am 15.\u201321. August 2015 geht es in diesem Jahr um das Thema <strong>Freundschaft<\/strong>. Die Geschichte von David und Jonathan, ein Strandtag, der Bau einer Seilbahn und viele andere Projekte versprechen Spa\u00df und unvergessliche Erlebnisse. Mehr als 50 Anmeldungen sind bereits eingegangen und wir hoffen auf mindestens 60. Die Preise bleiben gegen\u00fcber dem letzten Jahr unver\u00e4ndert. <strong>Anmeldung \u00fcber das Gemeindeb\u00fcro<\/strong>: Martin Luther Church Office, Ph. 416 251-8293, <a href=\"mailto:churchoffice@martinluther.ca\"><span style=\"color: #0066cc;\">churchoffice@martinluther.ca <\/span><\/a><\/p>\n<p><strong>2015 Summer Camp Registration Form <\/strong><a title=\"2015 Summer Camp Registration Form\" href=\"https:\/\/martinluther.ca\/wp-content\/uploads\/2015\/02\/Summer-Camp-Registration-Form_20152.pdf\" target=\"_blank\"><strong><span style=\"color: #0066cc;\">[Herunterladen]<\/span><\/strong><\/a><\/p>\n<p><strong>Komm und erlebe aufregende und unvergessliche Tage an den Ufern des Golden Lakes!<\/strong> Unvergessliche Erfahrungen garantiert! Eine Woche lang fahren wir Kanu, wir schwimmen, feiern Andachten und erleben Gemeinschaft und Natur.<\/p>\n<p><strong>Das alles geh\u00f6rt dazu zum Camp Lutherlyn:<\/strong><br \/>\n\u2022 Kanufahren<br \/>\n\u2022 Lagerfeuer<br \/>\n\u2022 Gottesdienst<br \/>\n\u2022 Low Ropes Courses und Slacklining<br \/>\n\u2022 Spiele, Spiele, Spiele&#8230;<br \/>\n\u2022 Gespr\u00e4che \u00fcber Bibel und Glauben<br \/>\n\u2022 Basteln und Werken<br \/>\n\u2022 Teenage Challenge (mit \u00dcbernachtung auf einer einsamen Insel)<\/p>\n<p>Camp Lutherlyn liegt auf einem 150 Hektar gro\u00dfen Gebiet mit Wiesen, Wald und herrliche Str\u00e4nden\u00a0am sch\u00f6nen Golden Lake in der N\u00e4he von Pembroke (Ontario), \u00f6stlich vom Algonquin Park.<\/p>\n<p><strong>Den Teilnehmern steht eine Vielzahl an Unterk\u00fcnften zur Verf\u00fcgung:<\/strong><br \/>\n\u00c4ltere Kinder\u00a0kommen in ger\u00e4umigen <em>Kabinen<\/em> unter, jeweils 10-12 Personen.<br \/>\nDie <em>Vier-Jahreszeiten-Lodge<\/em> bietet Unterkunft f\u00fcr Familien mit Waschr\u00e4umen und Duschen und vier Schlafzimmern, je zwei oberen und unteren Betten. Dazu geh\u00f6rt auch eine K\u00fcche, Essbereich und Lounge.<\/p>\n<p>Die <em>Schmeider Hall<\/em> bietet eine ger\u00e4umige K\u00fcche und einen Speisesaal. Neben der Schmeider Hall ist ein gesch\u00fctzter Bereich f\u00fcr Gottesdienste, der dient auch als Raum f\u00fcr Gruppenaktivit\u00e4ten und Essen dient.<\/p>\n<p><strong>2015 Flyer Summer Camp (English) <a href=\"https:\/\/martinluther.ca\/wp-content\/uploads\/2015\/01\/2015-SummerCampInviteFlyerE.pdf\" target=\"_blank\">[Herunterladen]<\/a><br \/>\n2015 Summer Camp Registration Form <a title=\"2015 Summer Camp Registration Form\" href=\"https:\/\/martinluther.ca\/wp-content\/uploads\/2015\/02\/Summer-Camp-Registration-Form_20152.pdf\" target=\"_blank\">[Herunterladen]<\/a><\/strong><\/p>\n<p>Flyer und Anmeldeformulare liegen auch im Foyer unserer Kirche aus.<\/p>\n<p><strong>Preise:<\/strong> Teens 10+: 390 $<br \/>\n<strong>Familienpreise:<\/strong> Erwachsene: 390 $, Kids unter 10: 100 $, Teens 10+: 150 $<\/p>\n<p><strong>Weitere Informationen:<\/strong><br \/>\nAnna Lisa Wienecke, Camp Director, Ph. 905 939-7494, <a href=\"mailto:camp-director@martinluther.ca\">camp-director@martinluther.ca<br \/>\n<\/a> Pastor Christian Ceconi, Cell 416 567-2487, <a href=\"mailto:pastor@martinluther.ca\">pastor@martinluther.ca<\/a><\/p>\n<p><strong>Anmeldung im Kirchenb\u00fcro<\/strong>, Kontakt: Martin Luther Church Office, Ph. 416 251-8293, <a href=\"mailto:churchoffice@martinluther.ca\">churchoffice@martinluther.ca <\/a><\/p>\n","protected":false},"excerpt":{"rendered":"<p>Noch k\u00f6nnen Sie sich gerne f\u00fcr das Sommer Camp in Camp Lutherlyn anmelden. Beim Sommercamp am 15.\u201321. August 2015 geht es in diesem Jahr um das Thema Freundschaft. Die Geschichte von David und Jonathan, ein Strandtag, der Bau einer Seilbahn und viele andere Projekte versprechen Spa\u00df und unvergessliche Erlebnisse. Mehr als 50 Anmeldungen sind bereits&hellip;<\/p>\n","protected":false},"author":9,"featured_media":21103,"comment_status":"closed","ping_status":"closed","sticky":false,"template":"","format":"standard","meta":{"footnotes":""},"categories":[69],"tags":[],"post_series":[],"class_list":["post-21823","post","type-post","status-publish","format-standard","has-post-thumbnail","hentry","category-news-blog-german","entry","has-media"],"yoast_head":"<!-- This site is optimized with the Yoast SEO plugin v27.5 - https:\/\/yoast.com\/product\/yoast-seo-wordpress\/ -->\n<title>Anmeldung noch m\u00f6glich f\u00fcr das Sommer Camp - Martin Luther Evangelische Kirche Toronto<\/title>\n<meta name=\"robots\" content=\"index, follow, max-snippet:-1, max-image-preview:large, max-video-preview:-1\" \/>\n<link rel=\"canonical\" href=\"https:\/\/martinluther.ca\/de\/2015\/06\/mlc-at-camp-lutherlyn-order-form\/\" \/>\n<meta property=\"og:locale\" content=\"de_DE\" \/>\n<meta property=\"og:type\" content=\"article\" \/>\n<meta property=\"og:title\" content=\"Anmeldung noch m\u00f6glich f\u00fcr das Sommer Camp - Martin Luther Evangelische Kirche Toronto\" \/>\n<meta property=\"og:description\" content=\"Noch k\u00f6nnen Sie sich gerne f\u00fcr das Sommer Camp in Camp Lutherlyn anmelden. Beim Sommercamp am 15.\u201321. August 2015 geht es in diesem Jahr um das Thema Freundschaft. Die Geschichte von David und Jonathan, ein Strandtag, der Bau einer Seilbahn und viele andere Projekte versprechen Spa\u00df und unvergessliche Erlebnisse. Mehr als 50 Anmeldungen sind bereits&hellip;\" \/>\n<meta property=\"og:url\" content=\"https:\/\/martinluther.ca\/de\/2015\/06\/mlc-at-camp-lutherlyn-order-form\/\" \/>\n<meta property=\"og:site_name\" content=\"Martin Luther Evangelische Kirche Toronto\" \/>\n<meta property=\"article:publisher\" content=\"https:\/\/www.facebook.com\/martinlutherchurchtoronto\" \/>\n<meta property=\"article:published_time\" content=\"2015-06-29T17:30:12+00:00\" \/>\n<meta property=\"article:modified_time\" content=\"2015-08-23T14:15:09+00:00\" \/>\n<meta property=\"og:image\" content=\"https:\/\/martinluther.ca\/wp-content\/uploads\/2015\/03\/2014-Camp-Lutherlyn-079-e1436301179479.jpg\" \/>\n\t<meta property=\"og:image:width\" content=\"1100\" \/>\n\t<meta property=\"og:image:height\" content=\"825\" \/>\n\t<meta property=\"og:image:type\" content=\"image\/jpeg\" \/>\n<meta name=\"author\" content=\"Mona Kakoschke Frantzke\" \/>\n<meta name=\"twitter:card\" content=\"summary_large_image\" \/>\n<meta name=\"twitter:label1\" content=\"Verfasst von\" \/>\n\t<meta name=\"twitter:data1\" content=\"Mona Kakoschke Frantzke\" \/>\n\t<meta name=\"twitter:label2\" content=\"Gesch\u00e4tzte Lesezeit\" \/>\n\t<meta name=\"twitter:data2\" content=\"2\u00a0Minuten\" \/>\n<script type=\"application\/ld+json\" class=\"yoast-schema-graph\">{\"@context\":\"https:\\\/\\\/schema.org\",\"@graph\":[{\"@type\":\"Article\",\"@id\":\"https:\\\/\\\/martinluther.ca\\\/de\\\/2015\\\/06\\\/mlc-at-camp-lutherlyn-order-form\\\/#article\",\"isPartOf\":{\"@id\":\"https:\\\/\\\/martinluther.ca\\\/de\\\/2015\\\/06\\\/mlc-at-camp-lutherlyn-order-form\\\/\"},\"author\":{\"name\":\"Mona Kakoschke Frantzke\",\"@id\":\"https:\\\/\\\/martinluther.ca\\\/de\\\/#\\\/schema\\\/person\\\/815c51710f70b050f0476f18da6b0c8f\"},\"headline\":\"Anmeldung noch m\u00f6glich f\u00fcr das Sommer Camp\",\"datePublished\":\"2015-06-29T17:30:12+00:00\",\"dateModified\":\"2015-08-23T14:15:09+00:00\",\"mainEntityOfPage\":{\"@id\":\"https:\\\/\\\/martinluther.ca\\\/de\\\/2015\\\/06\\\/mlc-at-camp-lutherlyn-order-form\\\/\"},\"wordCount\":356,\"publisher\":{\"@id\":\"https:\\\/\\\/martinluther.ca\\\/de\\\/#organization\"},\"image\":{\"@id\":\"https:\\\/\\\/martinluther.ca\\\/de\\\/2015\\\/06\\\/mlc-at-camp-lutherlyn-order-form\\\/#primaryimage\"},\"thumbnailUrl\":\"https:\\\/\\\/martinluther.ca\\\/wp-content\\\/uploads\\\/2015\\\/03\\\/2014-Camp-Lutherlyn-079-e1436301179479.jpg\",\"articleSection\":[\"News Blog - German\"],\"inLanguage\":\"de\"},{\"@type\":\"WebPage\",\"@id\":\"https:\\\/\\\/martinluther.ca\\\/de\\\/2015\\\/06\\\/mlc-at-camp-lutherlyn-order-form\\\/\",\"url\":\"https:\\\/\\\/martinluther.ca\\\/de\\\/2015\\\/06\\\/mlc-at-camp-lutherlyn-order-form\\\/\",\"name\":\"Anmeldung noch m\u00f6glich f\u00fcr das Sommer Camp - Martin Luther Evangelische Kirche Toronto\",\"isPartOf\":{\"@id\":\"https:\\\/\\\/martinluther.ca\\\/de\\\/#website\"},\"primaryImageOfPage\":{\"@id\":\"https:\\\/\\\/martinluther.ca\\\/de\\\/2015\\\/06\\\/mlc-at-camp-lutherlyn-order-form\\\/#primaryimage\"},\"image\":{\"@id\":\"https:\\\/\\\/martinluther.ca\\\/de\\\/2015\\\/06\\\/mlc-at-camp-lutherlyn-order-form\\\/#primaryimage\"},\"thumbnailUrl\":\"https:\\\/\\\/martinluther.ca\\\/wp-content\\\/uploads\\\/2015\\\/03\\\/2014-Camp-Lutherlyn-079-e1436301179479.jpg\",\"datePublished\":\"2015-06-29T17:30:12+00:00\",\"dateModified\":\"2015-08-23T14:15:09+00:00\",\"breadcrumb\":{\"@id\":\"https:\\\/\\\/martinluther.ca\\\/de\\\/2015\\\/06\\\/mlc-at-camp-lutherlyn-order-form\\\/#breadcrumb\"},\"inLanguage\":\"de\",\"potentialAction\":[{\"@type\":\"ReadAction\",\"target\":[\"https:\\\/\\\/martinluther.ca\\\/de\\\/2015\\\/06\\\/mlc-at-camp-lutherlyn-order-form\\\/\"]}]},{\"@type\":\"ImageObject\",\"inLanguage\":\"de\",\"@id\":\"https:\\\/\\\/martinluther.ca\\\/de\\\/2015\\\/06\\\/mlc-at-camp-lutherlyn-order-form\\\/#primaryimage\",\"url\":\"https:\\\/\\\/martinluther.ca\\\/wp-content\\\/uploads\\\/2015\\\/03\\\/2014-Camp-Lutherlyn-079-e1436301179479.jpg\",\"contentUrl\":\"https:\\\/\\\/martinluther.ca\\\/wp-content\\\/uploads\\\/2015\\\/03\\\/2014-Camp-Lutherlyn-079-e1436301179479.jpg\",\"width\":1100,\"height\":825,\"caption\":\"2014 Camp Lutherlyn\"},{\"@type\":\"BreadcrumbList\",\"@id\":\"https:\\\/\\\/martinluther.ca\\\/de\\\/2015\\\/06\\\/mlc-at-camp-lutherlyn-order-form\\\/#breadcrumb\",\"itemListElement\":[{\"@type\":\"ListItem\",\"position\":1,\"name\":\"Home\",\"item\":\"https:\\\/\\\/martinluther.ca\\\/de\\\/\"},{\"@type\":\"ListItem\",\"position\":2,\"name\":\"Anmeldung noch m\u00f6glich f\u00fcr das Sommer Camp\"}]},{\"@type\":\"WebSite\",\"@id\":\"https:\\\/\\\/martinluther.ca\\\/de\\\/#website\",\"url\":\"https:\\\/\\\/martinluther.ca\\\/de\\\/\",\"name\":\"Martin Luther Evangelical Church Toronto\",\"description\":\"Deutsch &amp; Englisch\",\"publisher\":{\"@id\":\"https:\\\/\\\/martinluther.ca\\\/de\\\/#organization\"},\"potentialAction\":[{\"@type\":\"SearchAction\",\"target\":{\"@type\":\"EntryPoint\",\"urlTemplate\":\"https:\\\/\\\/martinluther.ca\\\/de\\\/?s={search_term_string}\"},\"query-input\":{\"@type\":\"PropertyValueSpecification\",\"valueRequired\":true,\"valueName\":\"search_term_string\"}}],\"inLanguage\":\"de\"},{\"@type\":\"Organization\",\"@id\":\"https:\\\/\\\/martinluther.ca\\\/de\\\/#organization\",\"name\":\"Martin Luther Evangelical Church Toronto\",\"url\":\"https:\\\/\\\/martinluther.ca\\\/de\\\/\",\"logo\":{\"@type\":\"ImageObject\",\"inLanguage\":\"de\",\"@id\":\"https:\\\/\\\/martinluther.ca\\\/de\\\/#\\\/schema\\\/logo\\\/image\\\/\",\"url\":\"https:\\\/\\\/martinluther.ca\\\/wp-content\\\/uploads\\\/2016\\\/12\\\/ml-logo-300.png\",\"contentUrl\":\"https:\\\/\\\/martinluther.ca\\\/wp-content\\\/uploads\\\/2016\\\/12\\\/ml-logo-300.png\",\"width\":300,\"height\":150,\"caption\":\"Martin Luther Evangelical Church Toronto\"},\"image\":{\"@id\":\"https:\\\/\\\/martinluther.ca\\\/de\\\/#\\\/schema\\\/logo\\\/image\\\/\"},\"sameAs\":[\"https:\\\/\\\/www.facebook.com\\\/martinlutherchurchtoronto\",\"https:\\\/\\\/www.instagram.com\\\/lutheransbythelake\\\/\",\"https:\\\/\\\/www.youtube.com\\\/MartinLutherChurchToronto\"]},{\"@type\":\"Person\",\"@id\":\"https:\\\/\\\/martinluther.ca\\\/de\\\/#\\\/schema\\\/person\\\/815c51710f70b050f0476f18da6b0c8f\",\"name\":\"Mona Kakoschke Frantzke\",\"image\":{\"@type\":\"ImageObject\",\"inLanguage\":\"de\",\"@id\":\"https:\\\/\\\/secure.gravatar.com\\\/avatar\\\/0deb16854ca545cd2e9fc8001ca110d262b80d5c8317b38dc542265fbea0ed19?s=96&d=mm&r=g\",\"url\":\"https:\\\/\\\/secure.gravatar.com\\\/avatar\\\/0deb16854ca545cd2e9fc8001ca110d262b80d5c8317b38dc542265fbea0ed19?s=96&d=mm&r=g\",\"contentUrl\":\"https:\\\/\\\/secure.gravatar.com\\\/avatar\\\/0deb16854ca545cd2e9fc8001ca110d262b80d5c8317b38dc542265fbea0ed19?s=96&d=mm&r=g\",\"caption\":\"Mona Kakoschke Frantzke\"},\"url\":false}]}<\/script>\n<!-- \/ Yoast SEO plugin. -->","yoast_head_json":{"title":"Anmeldung noch m\u00f6glich f\u00fcr das Sommer Camp - Martin Luther Evangelische Kirche Toronto","robots":{"index":"index","follow":"follow","max-snippet":"max-snippet:-1","max-image-preview":"max-image-preview:large","max-video-preview":"max-video-preview:-1"},"canonical":"https:\/\/martinluther.ca\/de\/2015\/06\/mlc-at-camp-lutherlyn-order-form\/","og_locale":"de_DE","og_type":"article","og_title":"Anmeldung noch m\u00f6glich f\u00fcr das Sommer Camp - Martin Luther Evangelische Kirche Toronto","og_description":"Noch k\u00f6nnen Sie sich gerne f\u00fcr das Sommer Camp in Camp Lutherlyn anmelden. Beim Sommercamp am 15.\u201321. August 2015 geht es in diesem Jahr um das Thema Freundschaft. Die Geschichte von David und Jonathan, ein Strandtag, der Bau einer Seilbahn und viele andere Projekte versprechen Spa\u00df und unvergessliche Erlebnisse. Mehr als 50 Anmeldungen sind bereits&hellip;","og_url":"https:\/\/martinluther.ca\/de\/2015\/06\/mlc-at-camp-lutherlyn-order-form\/","og_site_name":"Martin Luther Evangelische Kirche Toronto","article_publisher":"https:\/\/www.facebook.com\/martinlutherchurchtoronto","article_published_time":"2015-06-29T17:30:12+00:00","article_modified_time":"2015-08-23T14:15:09+00:00","og_image":[{"width":1100,"height":825,"url":"https:\/\/martinluther.ca\/wp-content\/uploads\/2015\/03\/2014-Camp-Lutherlyn-079-e1436301179479.jpg","type":"image\/jpeg"}],"author":"Mona Kakoschke Frantzke","twitter_card":"summary_large_image","twitter_misc":{"Verfasst von":"Mona Kakoschke Frantzke","Gesch\u00e4tzte Lesezeit":"2\u00a0Minuten"},"schema":{"@context":"https:\/\/schema.org","@graph":[{"@type":"Article","@id":"https:\/\/martinluther.ca\/de\/2015\/06\/mlc-at-camp-lutherlyn-order-form\/#article","isPartOf":{"@id":"https:\/\/martinluther.ca\/de\/2015\/06\/mlc-at-camp-lutherlyn-order-form\/"},"author":{"name":"Mona Kakoschke Frantzke","@id":"https:\/\/martinluther.ca\/de\/#\/schema\/person\/815c51710f70b050f0476f18da6b0c8f"},"headline":"Anmeldung noch m\u00f6glich f\u00fcr das Sommer Camp","datePublished":"2015-06-29T17:30:12+00:00","dateModified":"2015-08-23T14:15:09+00:00","mainEntityOfPage":{"@id":"https:\/\/martinluther.ca\/de\/2015\/06\/mlc-at-camp-lutherlyn-order-form\/"},"wordCount":356,"publisher":{"@id":"https:\/\/martinluther.ca\/de\/#organization"},"image":{"@id":"https:\/\/martinluther.ca\/de\/2015\/06\/mlc-at-camp-lutherlyn-order-form\/#primaryimage"},"thumbnailUrl":"https:\/\/martinluther.ca\/wp-content\/uploads\/2015\/03\/2014-Camp-Lutherlyn-079-e1436301179479.jpg","articleSection":["News Blog - German"],"inLanguage":"de"},{"@type":"WebPage","@id":"https:\/\/martinluther.ca\/de\/2015\/06\/mlc-at-camp-lutherlyn-order-form\/","url":"https:\/\/martinluther.ca\/de\/2015\/06\/mlc-at-camp-lutherlyn-order-form\/","name":"Anmeldung noch m\u00f6glich f\u00fcr das Sommer Camp - Martin Luther Evangelische Kirche Toronto","isPartOf":{"@id":"https:\/\/martinluther.ca\/de\/#website"},"primaryImageOfPage":{"@id":"https:\/\/martinluther.ca\/de\/2015\/06\/mlc-at-camp-lutherlyn-order-form\/#primaryimage"},"image":{"@id":"https:\/\/martinluther.ca\/de\/2015\/06\/mlc-at-camp-lutherlyn-order-form\/#primaryimage"},"thumbnailUrl":"https:\/\/martinluther.ca\/wp-content\/uploads\/2015\/03\/2014-Camp-Lutherlyn-079-e1436301179479.jpg","datePublished":"2015-06-29T17:30:12+00:00","dateModified":"2015-08-23T14:15:09+00:00","breadcrumb":{"@id":"https:\/\/martinluther.ca\/de\/2015\/06\/mlc-at-camp-lutherlyn-order-form\/#breadcrumb"},"inLanguage":"de","potentialAction":[{"@type":"ReadAction","target":["https:\/\/martinluther.ca\/de\/2015\/06\/mlc-at-camp-lutherlyn-order-form\/"]}]},{"@type":"ImageObject","inLanguage":"de","@id":"https:\/\/martinluther.ca\/de\/2015\/06\/mlc-at-camp-lutherlyn-order-form\/#primaryimage","url":"https:\/\/martinluther.ca\/wp-content\/uploads\/2015\/03\/2014-Camp-Lutherlyn-079-e1436301179479.jpg","contentUrl":"https:\/\/martinluther.ca\/wp-content\/uploads\/2015\/03\/2014-Camp-Lutherlyn-079-e1436301179479.jpg","width":1100,"height":825,"caption":"2014 Camp Lutherlyn"},{"@type":"BreadcrumbList","@id":"https:\/\/martinluther.ca\/de\/2015\/06\/mlc-at-camp-lutherlyn-order-form\/#breadcrumb","itemListElement":[{"@type":"ListItem","position":1,"name":"Home","item":"https:\/\/martinluther.ca\/de\/"},{"@type":"ListItem","position":2,"name":"Anmeldung noch m\u00f6glich f\u00fcr das Sommer Camp"}]},{"@type":"WebSite","@id":"https:\/\/martinluther.ca\/de\/#website","url":"https:\/\/martinluther.ca\/de\/","name":"Martin Luther Evangelical Church Toronto","description":"Deutsch &amp; Englisch","publisher":{"@id":"https:\/\/martinluther.ca\/de\/#organization"},"potentialAction":[{"@type":"SearchAction","target":{"@type":"EntryPoint","urlTemplate":"https:\/\/martinluther.ca\/de\/?s={search_term_string}"},"query-input":{"@type":"PropertyValueSpecification","valueRequired":true,"valueName":"search_term_string"}}],"inLanguage":"de"},{"@type":"Organization","@id":"https:\/\/martinluther.ca\/de\/#organization","name":"Martin Luther Evangelical Church Toronto","url":"https:\/\/martinluther.ca\/de\/","logo":{"@type":"ImageObject","inLanguage":"de","@id":"https:\/\/martinluther.ca\/de\/#\/schema\/logo\/image\/","url":"https:\/\/martinluther.ca\/wp-content\/uploads\/2016\/12\/ml-logo-300.png","contentUrl":"https:\/\/martinluther.ca\/wp-content\/uploads\/2016\/12\/ml-logo-300.png","width":300,"height":150,"caption":"Martin Luther Evangelical Church Toronto"},"image":{"@id":"https:\/\/martinluther.ca\/de\/#\/schema\/logo\/image\/"},"sameAs":["https:\/\/www.facebook.com\/martinlutherchurchtoronto","https:\/\/www.instagram.com\/lutheransbythelake\/","https:\/\/www.youtube.com\/MartinLutherChurchToronto"]},{"@type":"Person","@id":"https:\/\/martinluther.ca\/de\/#\/schema\/person\/815c51710f70b050f0476f18da6b0c8f","name":"Mona Kakoschke Frantzke","image":{"@type":"ImageObject","inLanguage":"de","@id":"https:\/\/secure.gravatar.com\/avatar\/0deb16854ca545cd2e9fc8001ca110d262b80d5c8317b38dc542265fbea0ed19?s=96&d=mm&r=g","url":"https:\/\/secure.gravatar.com\/avatar\/0deb16854ca545cd2e9fc8001ca110d262b80d5c8317b38dc542265fbea0ed19?s=96&d=mm&r=g","contentUrl":"https:\/\/secure.gravatar.com\/avatar\/0deb16854ca545cd2e9fc8001ca110d262b80d5c8317b38dc542265fbea0ed19?s=96&d=mm&r=g","caption":"Mona Kakoschke Frantzke"},"url":false}]}},"_links":{"self":[{"href":"https:\/\/martinluther.ca\/de\/wp-json\/wp\/v2\/posts\/21823","targetHints":{"allow":["GET"]}}],"collection":[{"href":"https:\/\/martinluther.ca\/de\/wp-json\/wp\/v2\/posts"}],"about":[{"href":"https:\/\/martinluther.ca\/de\/wp-json\/wp\/v2\/types\/post"}],"author":[{"embeddable":true,"href":"https:\/\/martinluther.ca\/de\/wp-json\/wp\/v2\/users\/9"}],"replies":[{"embeddable":true,"href":"https:\/\/martinluther.ca\/de\/wp-json\/wp\/v2\/comments?post=21823"}],"version-history":[{"count":26,"href":"https:\/\/martinluther.ca\/de\/wp-json\/wp\/v2\/posts\/21823\/revisions"}],"predecessor-version":[{"id":22226,"href":"https:\/\/martinluther.ca\/de\/wp-json\/wp\/v2\/posts\/21823\/revisions\/22226"}],"wp:featuredmedia":[{"embeddable":true,"href":"https:\/\/martinluther.ca\/de\/wp-json\/wp\/v2\/media\/21103"}],"wp:attachment":[{"href":"https:\/\/martinluther.ca\/de\/wp-json\/wp\/v2\/media?parent=21823"}],"wp:term":[{"taxonomy":"category","embeddable":true,"href":"https:\/\/martinluther.ca\/de\/wp-json\/wp\/v2\/categories?post=21823"},{"taxonomy":"post_tag","embeddable":true,"href":"https:\/\/martinluther.ca\/de\/wp-json\/wp\/v2\/tags?post=21823"},{"taxonomy":"post_series","embeddable":true,"href":"https:\/\/martinluther.ca\/de\/wp-json\/wp\/v2\/post_series?post=21823"}],"curies":[{"name":"wp","href":"https:\/\/api.w.org\/{rel}","templated":true}]}}