{"id":21968,"date":"2015-06-24T17:15:24","date_gmt":"2015-06-24T21:15:24","guid":{"rendered":"https:\/\/martinluther.ca\/?p=21968"},"modified":"2015-06-25T12:50:26","modified_gmt":"2015-06-25T16:50:26","slug":"moritz-menacher-wird-fur-ein-jahr-in-unserer-gemeinde-arbeiten","status":"publish","type":"post","link":"https:\/\/martinluther.ca\/de\/2015\/06\/moritz-menacher-wird-fur-ein-jahr-in-unserer-gemeinde-arbeiten\/","title":{"rendered":"Erster Gottesdienst mit unserem neuen Vikar"},"content":{"rendered":"<figure id=\"attachment_22184\" aria-describedby=\"caption-attachment-22184\" style=\"width: 300px\" class=\"wp-caption alignright\"><img loading=\"lazy\" decoding=\"async\" class=\"size-medium wp-image-22184\" src=\"https:\/\/martinluther.ca\/wp-content\/uploads\/2015\/06\/2015-June-Vikar-Moritz-Menacher-03BB-300x225.jpg\" alt=\"Vikar Moritz Menacher\" width=\"300\" height=\"225\" srcset=\"https:\/\/martinluther.ca\/wp-content\/uploads\/2015\/06\/2015-June-Vikar-Moritz-Menacher-03BB-300x225.jpg 300w, https:\/\/martinluther.ca\/wp-content\/uploads\/2015\/06\/2015-June-Vikar-Moritz-Menacher-03BB.jpg 1024w\" sizes=\"auto, (max-width: 300px) 100vw, 300px\" \/><figcaption id=\"caption-attachment-22184\" class=\"wp-caption-text\">Vikar Moritz Menacher<\/figcaption><\/figure>\n<p>7. Sonntag Juni war der erste Gottesdienst mit unserem neuen Vikar Moritz Menacher aus Deutschland. Seit seiner Ankunft war er schon \u00fcberall &#8211; bei einer Veranstaltung der Jugendgruppe in High Park, einer Party der Frauengruppe auf dem Wienecke Hof, einer Website Ausschusssitzung, einer Bibelstunde, einem Gottesdienst\u00a0 in Delmanor Prince Edward Retirement Residence &#8230; &#8222;shadowing&#8220; Pastor Ceconi.<\/p>\n<p>&nbsp;<\/p>\n<p>&nbsp;<\/p>\n<p>&nbsp;<\/p>\n<p><strong>[posted May 27, 2015]<\/strong><\/p>\n<p><strong>Moritz Menacher wird f\u00fcr ein Jahr in unserer Gemeinde arbeiten!<\/strong><\/p>\n<figure id=\"attachment_21951\" aria-describedby=\"caption-attachment-21951\" style=\"width: 273px\" class=\"wp-caption alignright\"><img loading=\"lazy\" decoding=\"async\" class=\"size-full wp-image-21951\" src=\"https:\/\/martinluther.ca\/wp-content\/uploads\/2015\/05\/Vikar-Moritz-Menacher-02BB.jpg\" alt=\"Moritz Menacher 2015\" width=\"273\" height=\"205\" \/><figcaption id=\"caption-attachment-21951\" class=\"wp-caption-text\">Moritz Menacher 2015<\/figcaption><\/figure>\n<p>+++ Aktualisierung vom 30. Mai +++ Aufgrund einer Versp\u00e4tung des Fluges aus Hamburg verpasste Moritz Menacher seinen Anschlussflug in Frankfurt. Air Canada hat leider nicht gewartet. Unser Vikar kommt darum nicht heute (Samstag), sondern morgen (Sonntag, 31. Mai) um 11.30 Uhr in Toronto an.<br \/>\nMit etwas Gl\u00fcck wird er es zu Kaffee und Kuchen nach dem deutschen Gottesdienst schaffen. Falls nicht, gibt es anschliessend Open house im Pfarrhaus, wo wir ihm einen herzlichen Empfang bereiten wollen. +++<\/p>\n<p>Vikar Moritz Menacher kommt am 30. Mai in Toronto an. Sie k\u00f6nnen ihn bereits diesen Sonntag am 31. Mai 2015 in der Kirche treffen. N\u00fctzen Sie die Gelegenheit! F\u00fcr den Fall, dass Sie noch nicht davon geh\u00f6rt haben: Unser zuk\u00fcnftiger Vikar hat gerade erst geheiratet, n\u00e4mlich am 15. Mai 2015. Seine Frau Hanna wird im Juli nach Toronto kommen.<\/p>\n<p>&nbsp;<\/p>\n[Gemeindebrief Mai-Juni 2015]\n&#8222;Liebe Martin-Luther-Gemeinde,<br \/>\n[&#8230;] Ich freue mich schon sehr darauf, Sie und die Martin-Luther-Gemeinde kennenzulernen und mit Ihnen zu feiern, zu beten, mit Ihnen Freud und Leid zu teilen, \u00fcber Gott und die Welt zu reden, kurz: mit Ihnen gemeinsam zu leben! Der Gemeinschaftsgedanke, der in den Worten \u201egemeinsam leben\u201c steckt, ist einer, der mich an der christlichen Botschaft immer wieder fasziniert. In der Bibel finden sich viele Berichte \u00fcber die Beziehung Gottes zu einzelnen Menschen. Trotzdem ist f\u00fcr mich Matth\u00e4us 18,20 \u201eDenn wo zwei oder drei versammelt sind in meinem Namen, da bin ich mitten unter ihnen.\u201c eine der eindr\u00fccklichsten Stellen. Denn hier wird das gemeinsame Leben als Ort der Christusbegegnung versprochen.<\/p>\n<figure id=\"attachment_21953\" aria-describedby=\"caption-attachment-21953\" style=\"width: 300px\" class=\"wp-caption alignright\"><img loading=\"lazy\" decoding=\"async\" class=\"wp-image-21953 size-medium\" src=\"https:\/\/martinluther.ca\/wp-content\/uploads\/2015\/05\/Moritz-Menacher-2015CC-300x224.jpg\" alt=\"Moritz Menacher 2015\" width=\"300\" height=\"224\" srcset=\"https:\/\/martinluther.ca\/wp-content\/uploads\/2015\/05\/Moritz-Menacher-2015CC-300x224.jpg 300w, https:\/\/martinluther.ca\/wp-content\/uploads\/2015\/05\/Moritz-Menacher-2015CC.jpg 459w\" sizes=\"auto, (max-width: 300px) 100vw, 300px\" \/><figcaption id=\"caption-attachment-21953\" class=\"wp-caption-text\">Moritz Menacher 2015<\/figcaption><\/figure>\n[&#8230;] Meine Geschichte ist dadurch gepr\u00e4gt, dass ich kein Theologe von Haus aus bin, sondern Naturwissenschaftler und \u00fcber Umwege zur Theologie gekommen bin. Erst w\u00e4hrend meines Studiums habe ich mich entschieden Pastor zu werden. F\u00fcr mich war dabei die Entdeckung der Kirche als Gemeinschaft ein Schl\u00fcsselereignis, das mich darin best\u00e4rkt hat in dieser gestaltend mitarbeiten zu wollen.<\/p>\n<p>Die Kontakte, die ich bis jetzt hatte, waren so herzlich und willkommen hei\u00dfend, dass unsere Zeit in der Martin-Luther-Gemeinde einfach nur gut werden kann. Von daher sage ich jetzt schon mal \u201eVielen Dank\u201c im Voraus!<\/p>\n<p>Herzliche Gr\u00fc\u00dfe,<br \/>\nIhr Moritz Menacher&#8220;<\/p>\n","protected":false},"excerpt":{"rendered":"<p>7. Sonntag Juni war der erste Gottesdienst mit unserem neuen Vikar Moritz Menacher aus Deutschland. Seit seiner Ankunft war er schon \u00fcberall &#8211; bei einer Veranstaltung der Jugendgruppe in High Park, einer Party der Frauengruppe auf dem Wienecke Hof, einer Website Ausschusssitzung, einer Bibelstunde, einem Gottesdienst\u00a0 in Delmanor Prince Edward Retirement Residence &#8230; &#8222;shadowing&#8220; Pastor&hellip;<\/p>\n","protected":false},"author":9,"featured_media":22184,"comment_status":"closed","ping_status":"closed","sticky":false,"template":"","format":"standard","meta":{"footnotes":""},"categories":[69],"tags":[],"post_series":[],"class_list":["post-21968","post","type-post","status-publish","format-standard","has-post-thumbnail","hentry","category-news-blog-german","entry","has-media"],"yoast_head":"<!-- This site is optimized with the Yoast SEO plugin v27.5 - https:\/\/yoast.com\/product\/yoast-seo-wordpress\/ -->\n<title>Erster Gottesdienst mit unserem neuen Vikar - Martin Luther Evangelische Kirche Toronto<\/title>\n<meta name=\"robots\" content=\"index, follow, max-snippet:-1, max-image-preview:large, max-video-preview:-1\" \/>\n<link rel=\"canonical\" href=\"https:\/\/martinluther.ca\/de\/2015\/06\/moritz-menacher-wird-fur-ein-jahr-in-unserer-gemeinde-arbeiten\/\" \/>\n<meta property=\"og:locale\" content=\"de_DE\" \/>\n<meta property=\"og:type\" content=\"article\" \/>\n<meta property=\"og:title\" content=\"Erster Gottesdienst mit unserem neuen Vikar - Martin Luther Evangelische Kirche Toronto\" \/>\n<meta property=\"og:description\" content=\"7. Sonntag Juni war der erste Gottesdienst mit unserem neuen Vikar Moritz Menacher aus Deutschland. Seit seiner Ankunft war er schon \u00fcberall &#8211; bei einer Veranstaltung der Jugendgruppe in High Park, einer Party der Frauengruppe auf dem Wienecke Hof, einer Website Ausschusssitzung, einer Bibelstunde, einem Gottesdienst\u00a0 in Delmanor Prince Edward Retirement Residence &#8230; &#8222;shadowing&#8220; Pastor&hellip;\" \/>\n<meta property=\"og:url\" content=\"https:\/\/martinluther.ca\/de\/2015\/06\/moritz-menacher-wird-fur-ein-jahr-in-unserer-gemeinde-arbeiten\/\" \/>\n<meta property=\"og:site_name\" content=\"Martin Luther Evangelische Kirche Toronto\" \/>\n<meta property=\"article:publisher\" content=\"https:\/\/www.facebook.com\/martinlutherchurchtoronto\" \/>\n<meta property=\"article:published_time\" content=\"2015-06-24T21:15:24+00:00\" \/>\n<meta property=\"article:modified_time\" content=\"2015-06-25T16:50:26+00:00\" \/>\n<meta property=\"og:image\" content=\"https:\/\/martinluther.ca\/wp-content\/uploads\/2015\/06\/2015-June-Vikar-Moritz-Menacher-03BB.jpg\" \/>\n\t<meta property=\"og:image:width\" content=\"1024\" \/>\n\t<meta property=\"og:image:height\" content=\"768\" \/>\n\t<meta property=\"og:image:type\" content=\"image\/jpeg\" \/>\n<meta name=\"author\" content=\"Mona Kakoschke Frantzke\" \/>\n<meta name=\"twitter:card\" content=\"summary_large_image\" \/>\n<meta name=\"twitter:label1\" content=\"Verfasst von\" \/>\n\t<meta name=\"twitter:data1\" content=\"Mona Kakoschke Frantzke\" \/>\n\t<meta name=\"twitter:label2\" content=\"Gesch\u00e4tzte Lesezeit\" \/>\n\t<meta name=\"twitter:data2\" content=\"2\u00a0Minuten\" \/>\n<script type=\"application\/ld+json\" class=\"yoast-schema-graph\">{\"@context\":\"https:\\\/\\\/schema.org\",\"@graph\":[{\"@type\":\"Article\",\"@id\":\"https:\\\/\\\/martinluther.ca\\\/de\\\/2015\\\/06\\\/moritz-menacher-wird-fur-ein-jahr-in-unserer-gemeinde-arbeiten\\\/#article\",\"isPartOf\":{\"@id\":\"https:\\\/\\\/martinluther.ca\\\/de\\\/2015\\\/06\\\/moritz-menacher-wird-fur-ein-jahr-in-unserer-gemeinde-arbeiten\\\/\"},\"author\":{\"name\":\"Mona Kakoschke Frantzke\",\"@id\":\"https:\\\/\\\/martinluther.ca\\\/de\\\/#\\\/schema\\\/person\\\/815c51710f70b050f0476f18da6b0c8f\"},\"headline\":\"Erster Gottesdienst mit unserem neuen Vikar\",\"datePublished\":\"2015-06-24T21:15:24+00:00\",\"dateModified\":\"2015-06-25T16:50:26+00:00\",\"mainEntityOfPage\":{\"@id\":\"https:\\\/\\\/martinluther.ca\\\/de\\\/2015\\\/06\\\/moritz-menacher-wird-fur-ein-jahr-in-unserer-gemeinde-arbeiten\\\/\"},\"wordCount\":456,\"publisher\":{\"@id\":\"https:\\\/\\\/martinluther.ca\\\/de\\\/#organization\"},\"image\":{\"@id\":\"https:\\\/\\\/martinluther.ca\\\/de\\\/2015\\\/06\\\/moritz-menacher-wird-fur-ein-jahr-in-unserer-gemeinde-arbeiten\\\/#primaryimage\"},\"thumbnailUrl\":\"https:\\\/\\\/martinluther.ca\\\/wp-content\\\/uploads\\\/2015\\\/06\\\/2015-June-Vikar-Moritz-Menacher-03BB.jpg\",\"articleSection\":[\"News Blog - German\"],\"inLanguage\":\"de\"},{\"@type\":\"WebPage\",\"@id\":\"https:\\\/\\\/martinluther.ca\\\/de\\\/2015\\\/06\\\/moritz-menacher-wird-fur-ein-jahr-in-unserer-gemeinde-arbeiten\\\/\",\"url\":\"https:\\\/\\\/martinluther.ca\\\/de\\\/2015\\\/06\\\/moritz-menacher-wird-fur-ein-jahr-in-unserer-gemeinde-arbeiten\\\/\",\"name\":\"Erster Gottesdienst mit unserem neuen Vikar - Martin Luther Evangelische Kirche Toronto\",\"isPartOf\":{\"@id\":\"https:\\\/\\\/martinluther.ca\\\/de\\\/#website\"},\"primaryImageOfPage\":{\"@id\":\"https:\\\/\\\/martinluther.ca\\\/de\\\/2015\\\/06\\\/moritz-menacher-wird-fur-ein-jahr-in-unserer-gemeinde-arbeiten\\\/#primaryimage\"},\"image\":{\"@id\":\"https:\\\/\\\/martinluther.ca\\\/de\\\/2015\\\/06\\\/moritz-menacher-wird-fur-ein-jahr-in-unserer-gemeinde-arbeiten\\\/#primaryimage\"},\"thumbnailUrl\":\"https:\\\/\\\/martinluther.ca\\\/wp-content\\\/uploads\\\/2015\\\/06\\\/2015-June-Vikar-Moritz-Menacher-03BB.jpg\",\"datePublished\":\"2015-06-24T21:15:24+00:00\",\"dateModified\":\"2015-06-25T16:50:26+00:00\",\"breadcrumb\":{\"@id\":\"https:\\\/\\\/martinluther.ca\\\/de\\\/2015\\\/06\\\/moritz-menacher-wird-fur-ein-jahr-in-unserer-gemeinde-arbeiten\\\/#breadcrumb\"},\"inLanguage\":\"de\",\"potentialAction\":[{\"@type\":\"ReadAction\",\"target\":[\"https:\\\/\\\/martinluther.ca\\\/de\\\/2015\\\/06\\\/moritz-menacher-wird-fur-ein-jahr-in-unserer-gemeinde-arbeiten\\\/\"]}]},{\"@type\":\"ImageObject\",\"inLanguage\":\"de\",\"@id\":\"https:\\\/\\\/martinluther.ca\\\/de\\\/2015\\\/06\\\/moritz-menacher-wird-fur-ein-jahr-in-unserer-gemeinde-arbeiten\\\/#primaryimage\",\"url\":\"https:\\\/\\\/martinluther.ca\\\/wp-content\\\/uploads\\\/2015\\\/06\\\/2015-June-Vikar-Moritz-Menacher-03BB.jpg\",\"contentUrl\":\"https:\\\/\\\/martinluther.ca\\\/wp-content\\\/uploads\\\/2015\\\/06\\\/2015-June-Vikar-Moritz-Menacher-03BB.jpg\",\"width\":1024,\"height\":768,\"caption\":\"Vikar Moritz Menacher\"},{\"@type\":\"BreadcrumbList\",\"@id\":\"https:\\\/\\\/martinluther.ca\\\/de\\\/2015\\\/06\\\/moritz-menacher-wird-fur-ein-jahr-in-unserer-gemeinde-arbeiten\\\/#breadcrumb\",\"itemListElement\":[{\"@type\":\"ListItem\",\"position\":1,\"name\":\"Home\",\"item\":\"https:\\\/\\\/martinluther.ca\\\/de\\\/\"},{\"@type\":\"ListItem\",\"position\":2,\"name\":\"Erster Gottesdienst mit unserem neuen Vikar\"}]},{\"@type\":\"WebSite\",\"@id\":\"https:\\\/\\\/martinluther.ca\\\/de\\\/#website\",\"url\":\"https:\\\/\\\/martinluther.ca\\\/de\\\/\",\"name\":\"Martin Luther Evangelical Church Toronto\",\"description\":\"Deutsch &amp; Englisch\",\"publisher\":{\"@id\":\"https:\\\/\\\/martinluther.ca\\\/de\\\/#organization\"},\"potentialAction\":[{\"@type\":\"SearchAction\",\"target\":{\"@type\":\"EntryPoint\",\"urlTemplate\":\"https:\\\/\\\/martinluther.ca\\\/de\\\/?s={search_term_string}\"},\"query-input\":{\"@type\":\"PropertyValueSpecification\",\"valueRequired\":true,\"valueName\":\"search_term_string\"}}],\"inLanguage\":\"de\"},{\"@type\":\"Organization\",\"@id\":\"https:\\\/\\\/martinluther.ca\\\/de\\\/#organization\",\"name\":\"Martin Luther Evangelical Church Toronto\",\"url\":\"https:\\\/\\\/martinluther.ca\\\/de\\\/\",\"logo\":{\"@type\":\"ImageObject\",\"inLanguage\":\"de\",\"@id\":\"https:\\\/\\\/martinluther.ca\\\/de\\\/#\\\/schema\\\/logo\\\/image\\\/\",\"url\":\"https:\\\/\\\/martinluther.ca\\\/wp-content\\\/uploads\\\/2016\\\/12\\\/ml-logo-300.png\",\"contentUrl\":\"https:\\\/\\\/martinluther.ca\\\/wp-content\\\/uploads\\\/2016\\\/12\\\/ml-logo-300.png\",\"width\":300,\"height\":150,\"caption\":\"Martin Luther Evangelical Church Toronto\"},\"image\":{\"@id\":\"https:\\\/\\\/martinluther.ca\\\/de\\\/#\\\/schema\\\/logo\\\/image\\\/\"},\"sameAs\":[\"https:\\\/\\\/www.facebook.com\\\/martinlutherchurchtoronto\",\"https:\\\/\\\/www.instagram.com\\\/lutheransbythelake\\\/\",\"https:\\\/\\\/www.youtube.com\\\/MartinLutherChurchToronto\"]},{\"@type\":\"Person\",\"@id\":\"https:\\\/\\\/martinluther.ca\\\/de\\\/#\\\/schema\\\/person\\\/815c51710f70b050f0476f18da6b0c8f\",\"name\":\"Mona Kakoschke Frantzke\",\"image\":{\"@type\":\"ImageObject\",\"inLanguage\":\"de\",\"@id\":\"https:\\\/\\\/secure.gravatar.com\\\/avatar\\\/0deb16854ca545cd2e9fc8001ca110d262b80d5c8317b38dc542265fbea0ed19?s=96&d=mm&r=g\",\"url\":\"https:\\\/\\\/secure.gravatar.com\\\/avatar\\\/0deb16854ca545cd2e9fc8001ca110d262b80d5c8317b38dc542265fbea0ed19?s=96&d=mm&r=g\",\"contentUrl\":\"https:\\\/\\\/secure.gravatar.com\\\/avatar\\\/0deb16854ca545cd2e9fc8001ca110d262b80d5c8317b38dc542265fbea0ed19?s=96&d=mm&r=g\",\"caption\":\"Mona Kakoschke Frantzke\"},\"url\":false}]}<\/script>\n<!-- \/ Yoast SEO plugin. -->","yoast_head_json":{"title":"Erster Gottesdienst mit unserem neuen Vikar - Martin Luther Evangelische Kirche Toronto","robots":{"index":"index","follow":"follow","max-snippet":"max-snippet:-1","max-image-preview":"max-image-preview:large","max-video-preview":"max-video-preview:-1"},"canonical":"https:\/\/martinluther.ca\/de\/2015\/06\/moritz-menacher-wird-fur-ein-jahr-in-unserer-gemeinde-arbeiten\/","og_locale":"de_DE","og_type":"article","og_title":"Erster Gottesdienst mit unserem neuen Vikar - Martin Luther Evangelische Kirche Toronto","og_description":"7. Sonntag Juni war der erste Gottesdienst mit unserem neuen Vikar Moritz Menacher aus Deutschland. Seit seiner Ankunft war er schon \u00fcberall &#8211; bei einer Veranstaltung der Jugendgruppe in High Park, einer Party der Frauengruppe auf dem Wienecke Hof, einer Website Ausschusssitzung, einer Bibelstunde, einem Gottesdienst\u00a0 in Delmanor Prince Edward Retirement Residence &#8230; &#8222;shadowing&#8220; Pastor&hellip;","og_url":"https:\/\/martinluther.ca\/de\/2015\/06\/moritz-menacher-wird-fur-ein-jahr-in-unserer-gemeinde-arbeiten\/","og_site_name":"Martin Luther Evangelische Kirche Toronto","article_publisher":"https:\/\/www.facebook.com\/martinlutherchurchtoronto","article_published_time":"2015-06-24T21:15:24+00:00","article_modified_time":"2015-06-25T16:50:26+00:00","og_image":[{"width":1024,"height":768,"url":"https:\/\/martinluther.ca\/wp-content\/uploads\/2015\/06\/2015-June-Vikar-Moritz-Menacher-03BB.jpg","type":"image\/jpeg"}],"author":"Mona Kakoschke Frantzke","twitter_card":"summary_large_image","twitter_misc":{"Verfasst von":"Mona Kakoschke Frantzke","Gesch\u00e4tzte Lesezeit":"2\u00a0Minuten"},"schema":{"@context":"https:\/\/schema.org","@graph":[{"@type":"Article","@id":"https:\/\/martinluther.ca\/de\/2015\/06\/moritz-menacher-wird-fur-ein-jahr-in-unserer-gemeinde-arbeiten\/#article","isPartOf":{"@id":"https:\/\/martinluther.ca\/de\/2015\/06\/moritz-menacher-wird-fur-ein-jahr-in-unserer-gemeinde-arbeiten\/"},"author":{"name":"Mona Kakoschke Frantzke","@id":"https:\/\/martinluther.ca\/de\/#\/schema\/person\/815c51710f70b050f0476f18da6b0c8f"},"headline":"Erster Gottesdienst mit unserem neuen Vikar","datePublished":"2015-06-24T21:15:24+00:00","dateModified":"2015-06-25T16:50:26+00:00","mainEntityOfPage":{"@id":"https:\/\/martinluther.ca\/de\/2015\/06\/moritz-menacher-wird-fur-ein-jahr-in-unserer-gemeinde-arbeiten\/"},"wordCount":456,"publisher":{"@id":"https:\/\/martinluther.ca\/de\/#organization"},"image":{"@id":"https:\/\/martinluther.ca\/de\/2015\/06\/moritz-menacher-wird-fur-ein-jahr-in-unserer-gemeinde-arbeiten\/#primaryimage"},"thumbnailUrl":"https:\/\/martinluther.ca\/wp-content\/uploads\/2015\/06\/2015-June-Vikar-Moritz-Menacher-03BB.jpg","articleSection":["News Blog - German"],"inLanguage":"de"},{"@type":"WebPage","@id":"https:\/\/martinluther.ca\/de\/2015\/06\/moritz-menacher-wird-fur-ein-jahr-in-unserer-gemeinde-arbeiten\/","url":"https:\/\/martinluther.ca\/de\/2015\/06\/moritz-menacher-wird-fur-ein-jahr-in-unserer-gemeinde-arbeiten\/","name":"Erster Gottesdienst mit unserem neuen Vikar - Martin Luther Evangelische Kirche Toronto","isPartOf":{"@id":"https:\/\/martinluther.ca\/de\/#website"},"primaryImageOfPage":{"@id":"https:\/\/martinluther.ca\/de\/2015\/06\/moritz-menacher-wird-fur-ein-jahr-in-unserer-gemeinde-arbeiten\/#primaryimage"},"image":{"@id":"https:\/\/martinluther.ca\/de\/2015\/06\/moritz-menacher-wird-fur-ein-jahr-in-unserer-gemeinde-arbeiten\/#primaryimage"},"thumbnailUrl":"https:\/\/martinluther.ca\/wp-content\/uploads\/2015\/06\/2015-June-Vikar-Moritz-Menacher-03BB.jpg","datePublished":"2015-06-24T21:15:24+00:00","dateModified":"2015-06-25T16:50:26+00:00","breadcrumb":{"@id":"https:\/\/martinluther.ca\/de\/2015\/06\/moritz-menacher-wird-fur-ein-jahr-in-unserer-gemeinde-arbeiten\/#breadcrumb"},"inLanguage":"de","potentialAction":[{"@type":"ReadAction","target":["https:\/\/martinluther.ca\/de\/2015\/06\/moritz-menacher-wird-fur-ein-jahr-in-unserer-gemeinde-arbeiten\/"]}]},{"@type":"ImageObject","inLanguage":"de","@id":"https:\/\/martinluther.ca\/de\/2015\/06\/moritz-menacher-wird-fur-ein-jahr-in-unserer-gemeinde-arbeiten\/#primaryimage","url":"https:\/\/martinluther.ca\/wp-content\/uploads\/2015\/06\/2015-June-Vikar-Moritz-Menacher-03BB.jpg","contentUrl":"https:\/\/martinluther.ca\/wp-content\/uploads\/2015\/06\/2015-June-Vikar-Moritz-Menacher-03BB.jpg","width":1024,"height":768,"caption":"Vikar Moritz Menacher"},{"@type":"BreadcrumbList","@id":"https:\/\/martinluther.ca\/de\/2015\/06\/moritz-menacher-wird-fur-ein-jahr-in-unserer-gemeinde-arbeiten\/#breadcrumb","itemListElement":[{"@type":"ListItem","position":1,"name":"Home","item":"https:\/\/martinluther.ca\/de\/"},{"@type":"ListItem","position":2,"name":"Erster Gottesdienst mit unserem neuen Vikar"}]},{"@type":"WebSite","@id":"https:\/\/martinluther.ca\/de\/#website","url":"https:\/\/martinluther.ca\/de\/","name":"Martin Luther Evangelical Church Toronto","description":"Deutsch &amp; Englisch","publisher":{"@id":"https:\/\/martinluther.ca\/de\/#organization"},"potentialAction":[{"@type":"SearchAction","target":{"@type":"EntryPoint","urlTemplate":"https:\/\/martinluther.ca\/de\/?s={search_term_string}"},"query-input":{"@type":"PropertyValueSpecification","valueRequired":true,"valueName":"search_term_string"}}],"inLanguage":"de"},{"@type":"Organization","@id":"https:\/\/martinluther.ca\/de\/#organization","name":"Martin Luther Evangelical Church Toronto","url":"https:\/\/martinluther.ca\/de\/","logo":{"@type":"ImageObject","inLanguage":"de","@id":"https:\/\/martinluther.ca\/de\/#\/schema\/logo\/image\/","url":"https:\/\/martinluther.ca\/wp-content\/uploads\/2016\/12\/ml-logo-300.png","contentUrl":"https:\/\/martinluther.ca\/wp-content\/uploads\/2016\/12\/ml-logo-300.png","width":300,"height":150,"caption":"Martin Luther Evangelical Church Toronto"},"image":{"@id":"https:\/\/martinluther.ca\/de\/#\/schema\/logo\/image\/"},"sameAs":["https:\/\/www.facebook.com\/martinlutherchurchtoronto","https:\/\/www.instagram.com\/lutheransbythelake\/","https:\/\/www.youtube.com\/MartinLutherChurchToronto"]},{"@type":"Person","@id":"https:\/\/martinluther.ca\/de\/#\/schema\/person\/815c51710f70b050f0476f18da6b0c8f","name":"Mona Kakoschke Frantzke","image":{"@type":"ImageObject","inLanguage":"de","@id":"https:\/\/secure.gravatar.com\/avatar\/0deb16854ca545cd2e9fc8001ca110d262b80d5c8317b38dc542265fbea0ed19?s=96&d=mm&r=g","url":"https:\/\/secure.gravatar.com\/avatar\/0deb16854ca545cd2e9fc8001ca110d262b80d5c8317b38dc542265fbea0ed19?s=96&d=mm&r=g","contentUrl":"https:\/\/secure.gravatar.com\/avatar\/0deb16854ca545cd2e9fc8001ca110d262b80d5c8317b38dc542265fbea0ed19?s=96&d=mm&r=g","caption":"Mona Kakoschke Frantzke"},"url":false}]}},"_links":{"self":[{"href":"https:\/\/martinluther.ca\/de\/wp-json\/wp\/v2\/posts\/21968","targetHints":{"allow":["GET"]}}],"collection":[{"href":"https:\/\/martinluther.ca\/de\/wp-json\/wp\/v2\/posts"}],"about":[{"href":"https:\/\/martinluther.ca\/de\/wp-json\/wp\/v2\/types\/post"}],"author":[{"embeddable":true,"href":"https:\/\/martinluther.ca\/de\/wp-json\/wp\/v2\/users\/9"}],"replies":[{"embeddable":true,"href":"https:\/\/martinluther.ca\/de\/wp-json\/wp\/v2\/comments?post=21968"}],"version-history":[{"count":9,"href":"https:\/\/martinluther.ca\/de\/wp-json\/wp\/v2\/posts\/21968\/revisions"}],"predecessor-version":[{"id":22198,"href":"https:\/\/martinluther.ca\/de\/wp-json\/wp\/v2\/posts\/21968\/revisions\/22198"}],"wp:featuredmedia":[{"embeddable":true,"href":"https:\/\/martinluther.ca\/de\/wp-json\/wp\/v2\/media\/22184"}],"wp:attachment":[{"href":"https:\/\/martinluther.ca\/de\/wp-json\/wp\/v2\/media?parent=21968"}],"wp:term":[{"taxonomy":"category","embeddable":true,"href":"https:\/\/martinluther.ca\/de\/wp-json\/wp\/v2\/categories?post=21968"},{"taxonomy":"post_tag","embeddable":true,"href":"https:\/\/martinluther.ca\/de\/wp-json\/wp\/v2\/tags?post=21968"},{"taxonomy":"post_series","embeddable":true,"href":"https:\/\/martinluther.ca\/de\/wp-json\/wp\/v2\/post_series?post=21968"}],"curies":[{"name":"wp","href":"https:\/\/api.w.org\/{rel}","templated":true}]}}