{"id":22299,"date":"2015-07-21T21:42:18","date_gmt":"2015-07-22T01:42:18","guid":{"rendered":"https:\/\/martinluther.ca\/?p=22299"},"modified":"2015-07-23T22:03:14","modified_gmt":"2015-07-24T02:03:14","slug":"drei-sommer-aktivitaten-helfen-dem-kleinkind-programm-zur-wiedereroffnung","status":"publish","type":"post","link":"https:\/\/martinluther.ca\/de\/2015\/07\/drei-sommer-aktivitaten-helfen-dem-kleinkind-programm-zur-wiedereroffnung\/","title":{"rendered":"Drei Sommer-Aktivit\u00e4ten helfen dem Kleinkind-Programm zur Wiederer\u00f6ffnung"},"content":{"rendered":"<figure id=\"attachment_22269\" aria-describedby=\"caption-attachment-22269\" style=\"width: 300px\" class=\"wp-caption alignright\"><img loading=\"lazy\" decoding=\"async\" class=\"size-medium wp-image-22269\" src=\"https:\/\/martinluther.ca\/wp-content\/uploads\/2015\/07\/2015-DayCare-Reopening-01CC-300x225.jpg\" alt=\"2015 Day Care Re-opening\" width=\"300\" height=\"225\" srcset=\"https:\/\/martinluther.ca\/wp-content\/uploads\/2015\/07\/2015-DayCare-Reopening-01CC-300x225.jpg 300w, https:\/\/martinluther.ca\/wp-content\/uploads\/2015\/07\/2015-DayCare-Reopening-01CC.jpg 1024w\" sizes=\"auto, (max-width: 300px) 100vw, 300px\" \/><figcaption id=\"caption-attachment-22269\" class=\"wp-caption-text\">2015 Day Care Re-opening<\/figcaption><\/figure>\n<p>Sie und ihre Familie sind herzlich eingeladen: Helfen Sie dem Kleinkind-Programm der multikulturellen, nicht-konfessionellen Kindertagesst\u00e4tte der Martin Luther Church. Wir mussten das Programm wegen einem Brand vor zwei Jahren schlie\u00dfen, nun wollen wir es wieder auf die Beine bringen.<\/p>\n<p>1. Kommen Sie am 22. August zwischen 14.00 und 16.00 Uhr zum <strong>Aufr\u00e4umen des Kinderspielplatzes<\/strong>. Bringen Sie Gartenwerkzeuge, Gartenabfalls\u00e4cke und viel Wasser mit. Viele H\u00e4nde machen ein schnelles Ende.<\/p>\n<p>2. Genie\u00dfen Sie das <strong>Benefizkonzert <\/strong>des St. Martin Gospel Chors aus Nienburg, Deutschland am 29. August um 17.00 Uhr in der Martin Luther Kirche, 2379 Lake Shore Blvd West.<\/p>\n<p>3. Treffen Sie Stadtrat Mark Grimes vom Ward 6 zum <strong>Open House<\/strong> am 1. September von 17.00 \u2013 19.00 Uhr. Wandbild- Entw\u00fcrfe des einheimischen K\u00fcnstlers Magnus Hjerpe werden zur Auswahl stehen. Eines der Designs soll das Geb\u00e4ude der Kindertagesst\u00e4tte versch\u00f6nern.<\/p>\n<p><strong>Kontakt:<\/strong> Marlena, Gemeindesekret\u00e4rin, Martin Luther Kirche: (416) 251-8293, <a href=\"mailto:churchoffice@martinluther.ca\">churchoffice@martinluther.ca <\/a><\/p>\n<figure id=\"attachment_22278\" aria-describedby=\"caption-attachment-22278\" style=\"width: 234px\" class=\"wp-caption alignright\"><img loading=\"lazy\" decoding=\"async\" class=\"size-medium wp-image-22278\" src=\"https:\/\/martinluther.ca\/wp-content\/uploads\/2015\/07\/2015-DayCare-Reopening-Poster-234x300.jpg\" alt=\"2015 Day Care Re-opening! Three Fun Events! -poster\" width=\"234\" height=\"300\" srcset=\"https:\/\/martinluther.ca\/wp-content\/uploads\/2015\/07\/2015-DayCare-Reopening-Poster-234x300.jpg 234w, https:\/\/martinluther.ca\/wp-content\/uploads\/2015\/07\/2015-DayCare-Reopening-Poster.jpg 472w\" sizes=\"auto, (max-width: 234px) 100vw, 234px\" \/><figcaption id=\"caption-attachment-22278\" class=\"wp-caption-text\">2015 Day Care Re-opening! Three Fun Events! -poster<\/figcaption><\/figure>\n<p>&nbsp;<\/p>\n<p>Sie k\u00f6nnen uns Helfen indem Sie das Plakat &#8222;Day Care Re-opening! Three Fun Community Events!\u201c in Ihrer Nachbarschaft aufh\u00e4ngen, an Freunde und Familie verteilen und weiterverschicken. <a href=\"https:\/\/martinluther.ca\/wp-content\/uploads\/2015\/07\/2015-DayCareRe-opening-poster-Jul21-2015.pdf\" target=\"_blank\">[herunterladen]<\/a><\/p>\n<p>Au\u00dferdem finden Sie auf unserer Facebook-Seite <a href=\"https:\/\/www.facebook.com\/martinlutherchurchtoronto\" target=\"_blank\">https:\/\/www.facebook.com\/martinlutherchurchtoronto <\/a><\/p>\n","protected":false},"excerpt":{"rendered":"<p>Sie und ihre Familie sind herzlich eingeladen: Helfen Sie dem Kleinkind-Programm der multikulturellen, nicht-konfessionellen Kindertagesst\u00e4tte der Martin Luther Church. Wir mussten das Programm wegen einem Brand vor zwei Jahren schlie\u00dfen, nun wollen wir es wieder auf die Beine bringen. 1. Kommen Sie am 22. August zwischen 14.00 und 16.00 Uhr zum Aufr\u00e4umen des Kinderspielplatzes. Bringen&hellip;<\/p>\n","protected":false},"author":9,"featured_media":22269,"comment_status":"closed","ping_status":"closed","sticky":false,"template":"","format":"standard","meta":{"footnotes":""},"categories":[69],"tags":[],"post_series":[],"class_list":["post-22299","post","type-post","status-publish","format-standard","has-post-thumbnail","hentry","category-news-blog-german","entry","has-media"],"yoast_head":"<!-- This site is optimized with the Yoast SEO plugin v27.5 - https:\/\/yoast.com\/product\/yoast-seo-wordpress\/ -->\n<title>Drei Sommer-Aktivit\u00e4ten helfen dem Kleinkind-Programm zur Wiederer\u00f6ffnung - Martin Luther Evangelische Kirche Toronto<\/title>\n<meta name=\"robots\" content=\"index, follow, max-snippet:-1, max-image-preview:large, max-video-preview:-1\" \/>\n<link rel=\"canonical\" href=\"https:\/\/martinluther.ca\/de\/2015\/07\/drei-sommer-aktivitaten-helfen-dem-kleinkind-programm-zur-wiedereroffnung\/\" \/>\n<meta property=\"og:locale\" content=\"de_DE\" \/>\n<meta property=\"og:type\" content=\"article\" \/>\n<meta property=\"og:title\" content=\"Drei Sommer-Aktivit\u00e4ten helfen dem Kleinkind-Programm zur Wiederer\u00f6ffnung - Martin Luther Evangelische Kirche Toronto\" \/>\n<meta property=\"og:description\" content=\"Sie und ihre Familie sind herzlich eingeladen: Helfen Sie dem Kleinkind-Programm der multikulturellen, nicht-konfessionellen Kindertagesst\u00e4tte der Martin Luther Church. Wir mussten das Programm wegen einem Brand vor zwei Jahren schlie\u00dfen, nun wollen wir es wieder auf die Beine bringen. 1. Kommen Sie am 22. August zwischen 14.00 und 16.00 Uhr zum Aufr\u00e4umen des Kinderspielplatzes. Bringen&hellip;\" \/>\n<meta property=\"og:url\" content=\"https:\/\/martinluther.ca\/de\/2015\/07\/drei-sommer-aktivitaten-helfen-dem-kleinkind-programm-zur-wiedereroffnung\/\" \/>\n<meta property=\"og:site_name\" content=\"Martin Luther Evangelische Kirche Toronto\" \/>\n<meta property=\"article:publisher\" content=\"https:\/\/www.facebook.com\/martinlutherchurchtoronto\" \/>\n<meta property=\"article:published_time\" content=\"2015-07-22T01:42:18+00:00\" \/>\n<meta property=\"article:modified_time\" content=\"2015-07-24T02:03:14+00:00\" \/>\n<meta property=\"og:image\" content=\"https:\/\/martinluther.ca\/wp-content\/uploads\/2015\/07\/2015-DayCare-Reopening-01CC.jpg\" \/>\n\t<meta property=\"og:image:width\" content=\"1024\" \/>\n\t<meta property=\"og:image:height\" content=\"768\" \/>\n\t<meta property=\"og:image:type\" content=\"image\/jpeg\" \/>\n<meta name=\"author\" content=\"Mona Kakoschke Frantzke\" \/>\n<meta name=\"twitter:card\" content=\"summary_large_image\" \/>\n<meta name=\"twitter:label1\" content=\"Verfasst von\" \/>\n\t<meta name=\"twitter:data1\" content=\"Mona Kakoschke Frantzke\" \/>\n\t<meta name=\"twitter:label2\" content=\"Gesch\u00e4tzte Lesezeit\" \/>\n\t<meta name=\"twitter:data2\" content=\"1\u00a0Minute\" \/>\n<script type=\"application\/ld+json\" class=\"yoast-schema-graph\">{\"@context\":\"https:\\\/\\\/schema.org\",\"@graph\":[{\"@type\":\"Article\",\"@id\":\"https:\\\/\\\/martinluther.ca\\\/de\\\/2015\\\/07\\\/drei-sommer-aktivitaten-helfen-dem-kleinkind-programm-zur-wiedereroffnung\\\/#article\",\"isPartOf\":{\"@id\":\"https:\\\/\\\/martinluther.ca\\\/de\\\/2015\\\/07\\\/drei-sommer-aktivitaten-helfen-dem-kleinkind-programm-zur-wiedereroffnung\\\/\"},\"author\":{\"name\":\"Mona Kakoschke Frantzke\",\"@id\":\"https:\\\/\\\/martinluther.ca\\\/de\\\/#\\\/schema\\\/person\\\/815c51710f70b050f0476f18da6b0c8f\"},\"headline\":\"Drei Sommer-Aktivit\u00e4ten helfen dem Kleinkind-Programm zur Wiederer\u00f6ffnung\",\"datePublished\":\"2015-07-22T01:42:18+00:00\",\"dateModified\":\"2015-07-24T02:03:14+00:00\",\"mainEntityOfPage\":{\"@id\":\"https:\\\/\\\/martinluther.ca\\\/de\\\/2015\\\/07\\\/drei-sommer-aktivitaten-helfen-dem-kleinkind-programm-zur-wiedereroffnung\\\/\"},\"wordCount\":220,\"publisher\":{\"@id\":\"https:\\\/\\\/martinluther.ca\\\/de\\\/#organization\"},\"image\":{\"@id\":\"https:\\\/\\\/martinluther.ca\\\/de\\\/2015\\\/07\\\/drei-sommer-aktivitaten-helfen-dem-kleinkind-programm-zur-wiedereroffnung\\\/#primaryimage\"},\"thumbnailUrl\":\"https:\\\/\\\/martinluther.ca\\\/wp-content\\\/uploads\\\/2015\\\/07\\\/2015-DayCare-Reopening-01CC.jpg\",\"articleSection\":[\"News Blog - German\"],\"inLanguage\":\"de\"},{\"@type\":\"WebPage\",\"@id\":\"https:\\\/\\\/martinluther.ca\\\/de\\\/2015\\\/07\\\/drei-sommer-aktivitaten-helfen-dem-kleinkind-programm-zur-wiedereroffnung\\\/\",\"url\":\"https:\\\/\\\/martinluther.ca\\\/de\\\/2015\\\/07\\\/drei-sommer-aktivitaten-helfen-dem-kleinkind-programm-zur-wiedereroffnung\\\/\",\"name\":\"Drei Sommer-Aktivit\u00e4ten helfen dem Kleinkind-Programm zur Wiederer\u00f6ffnung - Martin Luther Evangelische Kirche Toronto\",\"isPartOf\":{\"@id\":\"https:\\\/\\\/martinluther.ca\\\/de\\\/#website\"},\"primaryImageOfPage\":{\"@id\":\"https:\\\/\\\/martinluther.ca\\\/de\\\/2015\\\/07\\\/drei-sommer-aktivitaten-helfen-dem-kleinkind-programm-zur-wiedereroffnung\\\/#primaryimage\"},\"image\":{\"@id\":\"https:\\\/\\\/martinluther.ca\\\/de\\\/2015\\\/07\\\/drei-sommer-aktivitaten-helfen-dem-kleinkind-programm-zur-wiedereroffnung\\\/#primaryimage\"},\"thumbnailUrl\":\"https:\\\/\\\/martinluther.ca\\\/wp-content\\\/uploads\\\/2015\\\/07\\\/2015-DayCare-Reopening-01CC.jpg\",\"datePublished\":\"2015-07-22T01:42:18+00:00\",\"dateModified\":\"2015-07-24T02:03:14+00:00\",\"breadcrumb\":{\"@id\":\"https:\\\/\\\/martinluther.ca\\\/de\\\/2015\\\/07\\\/drei-sommer-aktivitaten-helfen-dem-kleinkind-programm-zur-wiedereroffnung\\\/#breadcrumb\"},\"inLanguage\":\"de\",\"potentialAction\":[{\"@type\":\"ReadAction\",\"target\":[\"https:\\\/\\\/martinluther.ca\\\/de\\\/2015\\\/07\\\/drei-sommer-aktivitaten-helfen-dem-kleinkind-programm-zur-wiedereroffnung\\\/\"]}]},{\"@type\":\"ImageObject\",\"inLanguage\":\"de\",\"@id\":\"https:\\\/\\\/martinluther.ca\\\/de\\\/2015\\\/07\\\/drei-sommer-aktivitaten-helfen-dem-kleinkind-programm-zur-wiedereroffnung\\\/#primaryimage\",\"url\":\"https:\\\/\\\/martinluther.ca\\\/wp-content\\\/uploads\\\/2015\\\/07\\\/2015-DayCare-Reopening-01CC.jpg\",\"contentUrl\":\"https:\\\/\\\/martinluther.ca\\\/wp-content\\\/uploads\\\/2015\\\/07\\\/2015-DayCare-Reopening-01CC.jpg\",\"width\":1024,\"height\":768,\"caption\":\"2015 Day Care Re-opening\"},{\"@type\":\"BreadcrumbList\",\"@id\":\"https:\\\/\\\/martinluther.ca\\\/de\\\/2015\\\/07\\\/drei-sommer-aktivitaten-helfen-dem-kleinkind-programm-zur-wiedereroffnung\\\/#breadcrumb\",\"itemListElement\":[{\"@type\":\"ListItem\",\"position\":1,\"name\":\"Home\",\"item\":\"https:\\\/\\\/martinluther.ca\\\/de\\\/\"},{\"@type\":\"ListItem\",\"position\":2,\"name\":\"Drei Sommer-Aktivit\u00e4ten helfen dem Kleinkind-Programm zur Wiederer\u00f6ffnung\"}]},{\"@type\":\"WebSite\",\"@id\":\"https:\\\/\\\/martinluther.ca\\\/de\\\/#website\",\"url\":\"https:\\\/\\\/martinluther.ca\\\/de\\\/\",\"name\":\"Martin Luther Evangelical Church Toronto\",\"description\":\"Deutsch &amp; Englisch\",\"publisher\":{\"@id\":\"https:\\\/\\\/martinluther.ca\\\/de\\\/#organization\"},\"potentialAction\":[{\"@type\":\"SearchAction\",\"target\":{\"@type\":\"EntryPoint\",\"urlTemplate\":\"https:\\\/\\\/martinluther.ca\\\/de\\\/?s={search_term_string}\"},\"query-input\":{\"@type\":\"PropertyValueSpecification\",\"valueRequired\":true,\"valueName\":\"search_term_string\"}}],\"inLanguage\":\"de\"},{\"@type\":\"Organization\",\"@id\":\"https:\\\/\\\/martinluther.ca\\\/de\\\/#organization\",\"name\":\"Martin Luther Evangelical Church Toronto\",\"url\":\"https:\\\/\\\/martinluther.ca\\\/de\\\/\",\"logo\":{\"@type\":\"ImageObject\",\"inLanguage\":\"de\",\"@id\":\"https:\\\/\\\/martinluther.ca\\\/de\\\/#\\\/schema\\\/logo\\\/image\\\/\",\"url\":\"https:\\\/\\\/martinluther.ca\\\/wp-content\\\/uploads\\\/2016\\\/12\\\/ml-logo-300.png\",\"contentUrl\":\"https:\\\/\\\/martinluther.ca\\\/wp-content\\\/uploads\\\/2016\\\/12\\\/ml-logo-300.png\",\"width\":300,\"height\":150,\"caption\":\"Martin Luther Evangelical Church Toronto\"},\"image\":{\"@id\":\"https:\\\/\\\/martinluther.ca\\\/de\\\/#\\\/schema\\\/logo\\\/image\\\/\"},\"sameAs\":[\"https:\\\/\\\/www.facebook.com\\\/martinlutherchurchtoronto\",\"https:\\\/\\\/www.instagram.com\\\/lutheransbythelake\\\/\",\"https:\\\/\\\/www.youtube.com\\\/MartinLutherChurchToronto\"]},{\"@type\":\"Person\",\"@id\":\"https:\\\/\\\/martinluther.ca\\\/de\\\/#\\\/schema\\\/person\\\/815c51710f70b050f0476f18da6b0c8f\",\"name\":\"Mona Kakoschke Frantzke\",\"image\":{\"@type\":\"ImageObject\",\"inLanguage\":\"de\",\"@id\":\"https:\\\/\\\/secure.gravatar.com\\\/avatar\\\/0deb16854ca545cd2e9fc8001ca110d262b80d5c8317b38dc542265fbea0ed19?s=96&d=mm&r=g\",\"url\":\"https:\\\/\\\/secure.gravatar.com\\\/avatar\\\/0deb16854ca545cd2e9fc8001ca110d262b80d5c8317b38dc542265fbea0ed19?s=96&d=mm&r=g\",\"contentUrl\":\"https:\\\/\\\/secure.gravatar.com\\\/avatar\\\/0deb16854ca545cd2e9fc8001ca110d262b80d5c8317b38dc542265fbea0ed19?s=96&d=mm&r=g\",\"caption\":\"Mona Kakoschke Frantzke\"},\"url\":false}]}<\/script>\n<!-- \/ Yoast SEO plugin. -->","yoast_head_json":{"title":"Drei Sommer-Aktivit\u00e4ten helfen dem Kleinkind-Programm zur Wiederer\u00f6ffnung - Martin Luther Evangelische Kirche Toronto","robots":{"index":"index","follow":"follow","max-snippet":"max-snippet:-1","max-image-preview":"max-image-preview:large","max-video-preview":"max-video-preview:-1"},"canonical":"https:\/\/martinluther.ca\/de\/2015\/07\/drei-sommer-aktivitaten-helfen-dem-kleinkind-programm-zur-wiedereroffnung\/","og_locale":"de_DE","og_type":"article","og_title":"Drei Sommer-Aktivit\u00e4ten helfen dem Kleinkind-Programm zur Wiederer\u00f6ffnung - Martin Luther Evangelische Kirche Toronto","og_description":"Sie und ihre Familie sind herzlich eingeladen: Helfen Sie dem Kleinkind-Programm der multikulturellen, nicht-konfessionellen Kindertagesst\u00e4tte der Martin Luther Church. Wir mussten das Programm wegen einem Brand vor zwei Jahren schlie\u00dfen, nun wollen wir es wieder auf die Beine bringen. 1. Kommen Sie am 22. August zwischen 14.00 und 16.00 Uhr zum Aufr\u00e4umen des Kinderspielplatzes. Bringen&hellip;","og_url":"https:\/\/martinluther.ca\/de\/2015\/07\/drei-sommer-aktivitaten-helfen-dem-kleinkind-programm-zur-wiedereroffnung\/","og_site_name":"Martin Luther Evangelische Kirche Toronto","article_publisher":"https:\/\/www.facebook.com\/martinlutherchurchtoronto","article_published_time":"2015-07-22T01:42:18+00:00","article_modified_time":"2015-07-24T02:03:14+00:00","og_image":[{"width":1024,"height":768,"url":"https:\/\/martinluther.ca\/wp-content\/uploads\/2015\/07\/2015-DayCare-Reopening-01CC.jpg","type":"image\/jpeg"}],"author":"Mona Kakoschke Frantzke","twitter_card":"summary_large_image","twitter_misc":{"Verfasst von":"Mona Kakoschke Frantzke","Gesch\u00e4tzte Lesezeit":"1\u00a0Minute"},"schema":{"@context":"https:\/\/schema.org","@graph":[{"@type":"Article","@id":"https:\/\/martinluther.ca\/de\/2015\/07\/drei-sommer-aktivitaten-helfen-dem-kleinkind-programm-zur-wiedereroffnung\/#article","isPartOf":{"@id":"https:\/\/martinluther.ca\/de\/2015\/07\/drei-sommer-aktivitaten-helfen-dem-kleinkind-programm-zur-wiedereroffnung\/"},"author":{"name":"Mona Kakoschke Frantzke","@id":"https:\/\/martinluther.ca\/de\/#\/schema\/person\/815c51710f70b050f0476f18da6b0c8f"},"headline":"Drei Sommer-Aktivit\u00e4ten helfen dem Kleinkind-Programm zur Wiederer\u00f6ffnung","datePublished":"2015-07-22T01:42:18+00:00","dateModified":"2015-07-24T02:03:14+00:00","mainEntityOfPage":{"@id":"https:\/\/martinluther.ca\/de\/2015\/07\/drei-sommer-aktivitaten-helfen-dem-kleinkind-programm-zur-wiedereroffnung\/"},"wordCount":220,"publisher":{"@id":"https:\/\/martinluther.ca\/de\/#organization"},"image":{"@id":"https:\/\/martinluther.ca\/de\/2015\/07\/drei-sommer-aktivitaten-helfen-dem-kleinkind-programm-zur-wiedereroffnung\/#primaryimage"},"thumbnailUrl":"https:\/\/martinluther.ca\/wp-content\/uploads\/2015\/07\/2015-DayCare-Reopening-01CC.jpg","articleSection":["News Blog - German"],"inLanguage":"de"},{"@type":"WebPage","@id":"https:\/\/martinluther.ca\/de\/2015\/07\/drei-sommer-aktivitaten-helfen-dem-kleinkind-programm-zur-wiedereroffnung\/","url":"https:\/\/martinluther.ca\/de\/2015\/07\/drei-sommer-aktivitaten-helfen-dem-kleinkind-programm-zur-wiedereroffnung\/","name":"Drei Sommer-Aktivit\u00e4ten helfen dem Kleinkind-Programm zur Wiederer\u00f6ffnung - Martin Luther Evangelische Kirche Toronto","isPartOf":{"@id":"https:\/\/martinluther.ca\/de\/#website"},"primaryImageOfPage":{"@id":"https:\/\/martinluther.ca\/de\/2015\/07\/drei-sommer-aktivitaten-helfen-dem-kleinkind-programm-zur-wiedereroffnung\/#primaryimage"},"image":{"@id":"https:\/\/martinluther.ca\/de\/2015\/07\/drei-sommer-aktivitaten-helfen-dem-kleinkind-programm-zur-wiedereroffnung\/#primaryimage"},"thumbnailUrl":"https:\/\/martinluther.ca\/wp-content\/uploads\/2015\/07\/2015-DayCare-Reopening-01CC.jpg","datePublished":"2015-07-22T01:42:18+00:00","dateModified":"2015-07-24T02:03:14+00:00","breadcrumb":{"@id":"https:\/\/martinluther.ca\/de\/2015\/07\/drei-sommer-aktivitaten-helfen-dem-kleinkind-programm-zur-wiedereroffnung\/#breadcrumb"},"inLanguage":"de","potentialAction":[{"@type":"ReadAction","target":["https:\/\/martinluther.ca\/de\/2015\/07\/drei-sommer-aktivitaten-helfen-dem-kleinkind-programm-zur-wiedereroffnung\/"]}]},{"@type":"ImageObject","inLanguage":"de","@id":"https:\/\/martinluther.ca\/de\/2015\/07\/drei-sommer-aktivitaten-helfen-dem-kleinkind-programm-zur-wiedereroffnung\/#primaryimage","url":"https:\/\/martinluther.ca\/wp-content\/uploads\/2015\/07\/2015-DayCare-Reopening-01CC.jpg","contentUrl":"https:\/\/martinluther.ca\/wp-content\/uploads\/2015\/07\/2015-DayCare-Reopening-01CC.jpg","width":1024,"height":768,"caption":"2015 Day Care Re-opening"},{"@type":"BreadcrumbList","@id":"https:\/\/martinluther.ca\/de\/2015\/07\/drei-sommer-aktivitaten-helfen-dem-kleinkind-programm-zur-wiedereroffnung\/#breadcrumb","itemListElement":[{"@type":"ListItem","position":1,"name":"Home","item":"https:\/\/martinluther.ca\/de\/"},{"@type":"ListItem","position":2,"name":"Drei Sommer-Aktivit\u00e4ten helfen dem Kleinkind-Programm zur Wiederer\u00f6ffnung"}]},{"@type":"WebSite","@id":"https:\/\/martinluther.ca\/de\/#website","url":"https:\/\/martinluther.ca\/de\/","name":"Martin Luther Evangelical Church Toronto","description":"Deutsch &amp; Englisch","publisher":{"@id":"https:\/\/martinluther.ca\/de\/#organization"},"potentialAction":[{"@type":"SearchAction","target":{"@type":"EntryPoint","urlTemplate":"https:\/\/martinluther.ca\/de\/?s={search_term_string}"},"query-input":{"@type":"PropertyValueSpecification","valueRequired":true,"valueName":"search_term_string"}}],"inLanguage":"de"},{"@type":"Organization","@id":"https:\/\/martinluther.ca\/de\/#organization","name":"Martin Luther Evangelical Church Toronto","url":"https:\/\/martinluther.ca\/de\/","logo":{"@type":"ImageObject","inLanguage":"de","@id":"https:\/\/martinluther.ca\/de\/#\/schema\/logo\/image\/","url":"https:\/\/martinluther.ca\/wp-content\/uploads\/2016\/12\/ml-logo-300.png","contentUrl":"https:\/\/martinluther.ca\/wp-content\/uploads\/2016\/12\/ml-logo-300.png","width":300,"height":150,"caption":"Martin Luther Evangelical Church Toronto"},"image":{"@id":"https:\/\/martinluther.ca\/de\/#\/schema\/logo\/image\/"},"sameAs":["https:\/\/www.facebook.com\/martinlutherchurchtoronto","https:\/\/www.instagram.com\/lutheransbythelake\/","https:\/\/www.youtube.com\/MartinLutherChurchToronto"]},{"@type":"Person","@id":"https:\/\/martinluther.ca\/de\/#\/schema\/person\/815c51710f70b050f0476f18da6b0c8f","name":"Mona Kakoschke Frantzke","image":{"@type":"ImageObject","inLanguage":"de","@id":"https:\/\/secure.gravatar.com\/avatar\/0deb16854ca545cd2e9fc8001ca110d262b80d5c8317b38dc542265fbea0ed19?s=96&d=mm&r=g","url":"https:\/\/secure.gravatar.com\/avatar\/0deb16854ca545cd2e9fc8001ca110d262b80d5c8317b38dc542265fbea0ed19?s=96&d=mm&r=g","contentUrl":"https:\/\/secure.gravatar.com\/avatar\/0deb16854ca545cd2e9fc8001ca110d262b80d5c8317b38dc542265fbea0ed19?s=96&d=mm&r=g","caption":"Mona Kakoschke Frantzke"},"url":false}]}},"_links":{"self":[{"href":"https:\/\/martinluther.ca\/de\/wp-json\/wp\/v2\/posts\/22299","targetHints":{"allow":["GET"]}}],"collection":[{"href":"https:\/\/martinluther.ca\/de\/wp-json\/wp\/v2\/posts"}],"about":[{"href":"https:\/\/martinluther.ca\/de\/wp-json\/wp\/v2\/types\/post"}],"author":[{"embeddable":true,"href":"https:\/\/martinluther.ca\/de\/wp-json\/wp\/v2\/users\/9"}],"replies":[{"embeddable":true,"href":"https:\/\/martinluther.ca\/de\/wp-json\/wp\/v2\/comments?post=22299"}],"version-history":[{"count":5,"href":"https:\/\/martinluther.ca\/de\/wp-json\/wp\/v2\/posts\/22299\/revisions"}],"predecessor-version":[{"id":22355,"href":"https:\/\/martinluther.ca\/de\/wp-json\/wp\/v2\/posts\/22299\/revisions\/22355"}],"wp:featuredmedia":[{"embeddable":true,"href":"https:\/\/martinluther.ca\/de\/wp-json\/wp\/v2\/media\/22269"}],"wp:attachment":[{"href":"https:\/\/martinluther.ca\/de\/wp-json\/wp\/v2\/media?parent=22299"}],"wp:term":[{"taxonomy":"category","embeddable":true,"href":"https:\/\/martinluther.ca\/de\/wp-json\/wp\/v2\/categories?post=22299"},{"taxonomy":"post_tag","embeddable":true,"href":"https:\/\/martinluther.ca\/de\/wp-json\/wp\/v2\/tags?post=22299"},{"taxonomy":"post_series","embeddable":true,"href":"https:\/\/martinluther.ca\/de\/wp-json\/wp\/v2\/post_series?post=22299"}],"curies":[{"name":"wp","href":"https:\/\/api.w.org\/{rel}","templated":true}]}}