{"id":22687,"date":"2015-09-06T13:44:12","date_gmt":"2015-09-06T17:44:12","guid":{"rendered":"https:\/\/martinluther.ca\/de\/?p=22687"},"modified":"2015-10-06T17:10:14","modified_gmt":"2015-10-06T21:10:14","slug":"neuer-konfirmandenkurs-beginnt","status":"publish","type":"post","link":"https:\/\/martinluther.ca\/de\/2015\/09\/neuer-konfirmandenkurs-beginnt\/","title":{"rendered":"Neuer Konfirmandenkurs beginnt"},"content":{"rendered":"<figure id=\"attachment_20032\" aria-describedby=\"caption-attachment-20032\" style=\"width: 300px\" class=\"wp-caption alignright\"><img loading=\"lazy\" decoding=\"async\" class=\"wp-image-20032 size-medium\" src=\"https:\/\/martinluther.ca\/wp-content\/uploads\/2014\/11\/2011-Confirmation-Class-at-Martin-Luther-Church-group-casual-300x225.jpg\" alt=\"Confirmation Class at Martin Luther Church -2011 group casual\" width=\"300\" height=\"225\" srcset=\"https:\/\/martinluther.ca\/wp-content\/uploads\/2014\/11\/2011-Confirmation-Class-at-Martin-Luther-Church-group-casual-300x225.jpg 300w, https:\/\/martinluther.ca\/wp-content\/uploads\/2014\/11\/2011-Confirmation-Class-at-Martin-Luther-Church-group-casual-1024x768.jpg 1024w, https:\/\/martinluther.ca\/wp-content\/uploads\/2014\/11\/2011-Confirmation-Class-at-Martin-Luther-Church-group-casual.jpg 2048w\" sizes=\"auto, (max-width: 300px) 100vw, 300px\" \/><figcaption id=\"caption-attachment-20032\" class=\"wp-caption-text\">Confirmation Class at Martin Luther Church<\/figcaption><\/figure>\n<p>Nach den Sommerferien, Ende September 2015, beginnt unser neuer Konfirmandenkurs. Der Unterricht dauert ein Jahr und endet mit der <strong>Konfirmation an Pfingsten 2016<\/strong>. Er wendet sich an Jugendliche, die nach den Sommerferien die 7. Klasse besuchen oder zwischen 12 und 14 Jahre alt sind (Ausnahmen sind in Absprache m\u00f6glich). Einmal monatlich treffen sich die Konfirmandinnen und Konfirmanden von Samstag Nachmittag bis Sonntag Mittag. Am Anfang und Ende der Konfirmandenzeit steht eine dreit\u00e4gige Wochenendtagung. Der diesj\u00e4hrige Kurs beginnt mit Gottesdiensten um die neuen Konfirmanden zu begr\u00fcssen und mit einer Konfirmandentagung am <strong>13<\/strong><strong>.\u201315.\u00a0November &#8211; drei Tage: Freitag Nachmittag bis Sonntag Mittag.<\/strong><\/p>\n<p><strong>Das 2015-2016 Konfirmationsanmeldeformular: <a href=\"https:\/\/martinluther.ca\/wp-content\/uploads\/2015\/09\/ConfirmationRegistration2015-2016.pdf\" target=\"_blank\"><span style=\"color: #0066cc;\">[herunterladen]<\/span><\/a><\/strong><\/p>\n<figure id=\"attachment_22764\" aria-describedby=\"caption-attachment-22764\" style=\"width: 300px\" class=\"wp-caption alignright\"><img loading=\"lazy\" decoding=\"async\" class=\"size-medium wp-image-22764\" src=\"https:\/\/martinluther.ca\/wp-content\/uploads\/2015\/09\/2013-Confirmation-01BB-300x225.jpg\" alt=\"2013 Confirmation\" width=\"300\" height=\"225\" srcset=\"https:\/\/martinluther.ca\/wp-content\/uploads\/2015\/09\/2013-Confirmation-01BB-300x225.jpg 300w, https:\/\/martinluther.ca\/wp-content\/uploads\/2015\/09\/2013-Confirmation-01BB.jpg 1024w\" sizes=\"auto, (max-width: 300px) 100vw, 300px\" \/><figcaption id=\"caption-attachment-22764\" class=\"wp-caption-text\">2013 Confirmation<\/figcaption><\/figure>\n<p>Bei Fragen und zur Anmeldung f\u00fcr den Konfirmandenkurs wenden Sie sich bitte an: Pastor Christian Ceconi, <a href=\"mailto:pastor@martinluther.ca\"><span style=\"color: #0066cc;\">pastor@martinluther.ca<\/span><\/a>\u00a0 Cell: 416-567-2487.<\/p>\n<p><strong>Anstehende Termine:<\/strong><br \/>\n&#8211; Sonntag, 27. September 2015: Willkommensgottesdienste f\u00fcr die neuen Konfirmanden<br \/>\n&#8211; 3. \u2013\u00a0 4. Oktober 2015: Unterricht<br \/>\n&#8211; 24. \u2013 25. Oktober 2015: Unterricht<br \/>\n&#8211; 13.-15. November 2015: Wochenendtagung<br \/>\n&#8211; 12. \u2013 13- Dezember 2015: Unterricht<br \/>\n&#8211; 9. \u2013 10 Januar 2016: Unterricht<br \/>\n&#8211; 6. \u2013 7. Februar 2016: Unterricht<br \/>\n&#8211; 3. \u2013 5. M\u00e4rz 2016: Wochenendtagung<br \/>\n&#8211; 9. \u2013 10. April 2016: Unterricht<br \/>\n&#8211; 15. Mai 2016 (Pfingstsonntag): Konfirmationsgottesdienst um 11 Uhr<\/p>\n","protected":false},"excerpt":{"rendered":"<p>Nach den Sommerferien, Ende September 2015, beginnt unser neuer Konfirmandenkurs. Der Unterricht dauert ein Jahr und endet mit der Konfirmation an Pfingsten 2016. Er wendet sich an Jugendliche, die nach den Sommerferien die 7. Klasse besuchen oder zwischen 12 und 14 Jahre alt sind (Ausnahmen sind in Absprache m\u00f6glich). Einmal monatlich treffen sich die Konfirmandinnen&hellip;<\/p>\n","protected":false},"author":9,"featured_media":20032,"comment_status":"closed","ping_status":"closed","sticky":false,"template":"","format":"standard","meta":{"footnotes":""},"categories":[69],"tags":[],"post_series":[],"class_list":["post-22687","post","type-post","status-publish","format-standard","has-post-thumbnail","hentry","category-news-blog-german","entry","has-media"],"yoast_head":"<!-- This site is optimized with the Yoast SEO plugin v27.5 - https:\/\/yoast.com\/product\/yoast-seo-wordpress\/ -->\n<title>Neuer Konfirmandenkurs beginnt - Martin Luther Evangelische Kirche Toronto<\/title>\n<meta name=\"robots\" content=\"index, follow, max-snippet:-1, max-image-preview:large, max-video-preview:-1\" \/>\n<link rel=\"canonical\" href=\"https:\/\/martinluther.ca\/de\/2015\/09\/neuer-konfirmandenkurs-beginnt\/\" \/>\n<meta property=\"og:locale\" content=\"de_DE\" \/>\n<meta property=\"og:type\" content=\"article\" \/>\n<meta property=\"og:title\" content=\"Neuer Konfirmandenkurs beginnt - Martin Luther Evangelische Kirche Toronto\" \/>\n<meta property=\"og:description\" content=\"Nach den Sommerferien, Ende September 2015, beginnt unser neuer Konfirmandenkurs. Der Unterricht dauert ein Jahr und endet mit der Konfirmation an Pfingsten 2016. Er wendet sich an Jugendliche, die nach den Sommerferien die 7. Klasse besuchen oder zwischen 12 und 14 Jahre alt sind (Ausnahmen sind in Absprache m\u00f6glich). Einmal monatlich treffen sich die Konfirmandinnen&hellip;\" \/>\n<meta property=\"og:url\" content=\"https:\/\/martinluther.ca\/de\/2015\/09\/neuer-konfirmandenkurs-beginnt\/\" \/>\n<meta property=\"og:site_name\" content=\"Martin Luther Evangelische Kirche Toronto\" \/>\n<meta property=\"article:publisher\" content=\"https:\/\/www.facebook.com\/martinlutherchurchtoronto\" \/>\n<meta property=\"article:published_time\" content=\"2015-09-06T17:44:12+00:00\" \/>\n<meta property=\"article:modified_time\" content=\"2015-10-06T21:10:14+00:00\" \/>\n<meta property=\"og:image\" content=\"https:\/\/martinluther.ca\/wp-content\/uploads\/2014\/11\/2011-Confirmation-Class-at-Martin-Luther-Church-group-casual.jpg\" \/>\n\t<meta property=\"og:image:width\" content=\"2048\" \/>\n\t<meta property=\"og:image:height\" content=\"1536\" \/>\n\t<meta property=\"og:image:type\" content=\"image\/jpeg\" \/>\n<meta name=\"author\" content=\"Mona Kakoschke Frantzke\" \/>\n<meta name=\"twitter:card\" content=\"summary_large_image\" \/>\n<meta name=\"twitter:label1\" content=\"Verfasst von\" \/>\n\t<meta name=\"twitter:data1\" content=\"Mona Kakoschke Frantzke\" \/>\n\t<meta name=\"twitter:label2\" content=\"Gesch\u00e4tzte Lesezeit\" \/>\n\t<meta name=\"twitter:data2\" content=\"1\u00a0Minute\" \/>\n<script type=\"application\/ld+json\" class=\"yoast-schema-graph\">{\"@context\":\"https:\\\/\\\/schema.org\",\"@graph\":[{\"@type\":\"Article\",\"@id\":\"https:\\\/\\\/martinluther.ca\\\/de\\\/2015\\\/09\\\/neuer-konfirmandenkurs-beginnt\\\/#article\",\"isPartOf\":{\"@id\":\"https:\\\/\\\/martinluther.ca\\\/de\\\/2015\\\/09\\\/neuer-konfirmandenkurs-beginnt\\\/\"},\"author\":{\"name\":\"Mona Kakoschke Frantzke\",\"@id\":\"https:\\\/\\\/martinluther.ca\\\/de\\\/#\\\/schema\\\/person\\\/815c51710f70b050f0476f18da6b0c8f\"},\"headline\":\"Neuer Konfirmandenkurs beginnt\",\"datePublished\":\"2015-09-06T17:44:12+00:00\",\"dateModified\":\"2015-10-06T21:10:14+00:00\",\"mainEntityOfPage\":{\"@id\":\"https:\\\/\\\/martinluther.ca\\\/de\\\/2015\\\/09\\\/neuer-konfirmandenkurs-beginnt\\\/\"},\"wordCount\":193,\"publisher\":{\"@id\":\"https:\\\/\\\/martinluther.ca\\\/de\\\/#organization\"},\"image\":{\"@id\":\"https:\\\/\\\/martinluther.ca\\\/de\\\/2015\\\/09\\\/neuer-konfirmandenkurs-beginnt\\\/#primaryimage\"},\"thumbnailUrl\":\"https:\\\/\\\/martinluther.ca\\\/wp-content\\\/uploads\\\/2014\\\/11\\\/2011-Confirmation-Class-at-Martin-Luther-Church-group-casual.jpg\",\"articleSection\":[\"News Blog - German\"],\"inLanguage\":\"de\"},{\"@type\":\"WebPage\",\"@id\":\"https:\\\/\\\/martinluther.ca\\\/de\\\/2015\\\/09\\\/neuer-konfirmandenkurs-beginnt\\\/\",\"url\":\"https:\\\/\\\/martinluther.ca\\\/de\\\/2015\\\/09\\\/neuer-konfirmandenkurs-beginnt\\\/\",\"name\":\"Neuer Konfirmandenkurs beginnt - Martin Luther Evangelische Kirche Toronto\",\"isPartOf\":{\"@id\":\"https:\\\/\\\/martinluther.ca\\\/de\\\/#website\"},\"primaryImageOfPage\":{\"@id\":\"https:\\\/\\\/martinluther.ca\\\/de\\\/2015\\\/09\\\/neuer-konfirmandenkurs-beginnt\\\/#primaryimage\"},\"image\":{\"@id\":\"https:\\\/\\\/martinluther.ca\\\/de\\\/2015\\\/09\\\/neuer-konfirmandenkurs-beginnt\\\/#primaryimage\"},\"thumbnailUrl\":\"https:\\\/\\\/martinluther.ca\\\/wp-content\\\/uploads\\\/2014\\\/11\\\/2011-Confirmation-Class-at-Martin-Luther-Church-group-casual.jpg\",\"datePublished\":\"2015-09-06T17:44:12+00:00\",\"dateModified\":\"2015-10-06T21:10:14+00:00\",\"breadcrumb\":{\"@id\":\"https:\\\/\\\/martinluther.ca\\\/de\\\/2015\\\/09\\\/neuer-konfirmandenkurs-beginnt\\\/#breadcrumb\"},\"inLanguage\":\"de\",\"potentialAction\":[{\"@type\":\"ReadAction\",\"target\":[\"https:\\\/\\\/martinluther.ca\\\/de\\\/2015\\\/09\\\/neuer-konfirmandenkurs-beginnt\\\/\"]}]},{\"@type\":\"ImageObject\",\"inLanguage\":\"de\",\"@id\":\"https:\\\/\\\/martinluther.ca\\\/de\\\/2015\\\/09\\\/neuer-konfirmandenkurs-beginnt\\\/#primaryimage\",\"url\":\"https:\\\/\\\/martinluther.ca\\\/wp-content\\\/uploads\\\/2014\\\/11\\\/2011-Confirmation-Class-at-Martin-Luther-Church-group-casual.jpg\",\"contentUrl\":\"https:\\\/\\\/martinluther.ca\\\/wp-content\\\/uploads\\\/2014\\\/11\\\/2011-Confirmation-Class-at-Martin-Luther-Church-group-casual.jpg\",\"width\":2048,\"height\":1536,\"caption\":\"Confirmation Class at Martin Luther Church -group casual\"},{\"@type\":\"BreadcrumbList\",\"@id\":\"https:\\\/\\\/martinluther.ca\\\/de\\\/2015\\\/09\\\/neuer-konfirmandenkurs-beginnt\\\/#breadcrumb\",\"itemListElement\":[{\"@type\":\"ListItem\",\"position\":1,\"name\":\"Home\",\"item\":\"https:\\\/\\\/martinluther.ca\\\/de\\\/\"},{\"@type\":\"ListItem\",\"position\":2,\"name\":\"Neuer Konfirmandenkurs beginnt\"}]},{\"@type\":\"WebSite\",\"@id\":\"https:\\\/\\\/martinluther.ca\\\/de\\\/#website\",\"url\":\"https:\\\/\\\/martinluther.ca\\\/de\\\/\",\"name\":\"Martin Luther Evangelical Church Toronto\",\"description\":\"Deutsch &amp; Englisch\",\"publisher\":{\"@id\":\"https:\\\/\\\/martinluther.ca\\\/de\\\/#organization\"},\"potentialAction\":[{\"@type\":\"SearchAction\",\"target\":{\"@type\":\"EntryPoint\",\"urlTemplate\":\"https:\\\/\\\/martinluther.ca\\\/de\\\/?s={search_term_string}\"},\"query-input\":{\"@type\":\"PropertyValueSpecification\",\"valueRequired\":true,\"valueName\":\"search_term_string\"}}],\"inLanguage\":\"de\"},{\"@type\":\"Organization\",\"@id\":\"https:\\\/\\\/martinluther.ca\\\/de\\\/#organization\",\"name\":\"Martin Luther Evangelical Church Toronto\",\"url\":\"https:\\\/\\\/martinluther.ca\\\/de\\\/\",\"logo\":{\"@type\":\"ImageObject\",\"inLanguage\":\"de\",\"@id\":\"https:\\\/\\\/martinluther.ca\\\/de\\\/#\\\/schema\\\/logo\\\/image\\\/\",\"url\":\"https:\\\/\\\/martinluther.ca\\\/wp-content\\\/uploads\\\/2016\\\/12\\\/ml-logo-300.png\",\"contentUrl\":\"https:\\\/\\\/martinluther.ca\\\/wp-content\\\/uploads\\\/2016\\\/12\\\/ml-logo-300.png\",\"width\":300,\"height\":150,\"caption\":\"Martin Luther Evangelical Church Toronto\"},\"image\":{\"@id\":\"https:\\\/\\\/martinluther.ca\\\/de\\\/#\\\/schema\\\/logo\\\/image\\\/\"},\"sameAs\":[\"https:\\\/\\\/www.facebook.com\\\/martinlutherchurchtoronto\",\"https:\\\/\\\/www.instagram.com\\\/lutheransbythelake\\\/\",\"https:\\\/\\\/www.youtube.com\\\/MartinLutherChurchToronto\"]},{\"@type\":\"Person\",\"@id\":\"https:\\\/\\\/martinluther.ca\\\/de\\\/#\\\/schema\\\/person\\\/815c51710f70b050f0476f18da6b0c8f\",\"name\":\"Mona Kakoschke Frantzke\",\"image\":{\"@type\":\"ImageObject\",\"inLanguage\":\"de\",\"@id\":\"https:\\\/\\\/secure.gravatar.com\\\/avatar\\\/0deb16854ca545cd2e9fc8001ca110d262b80d5c8317b38dc542265fbea0ed19?s=96&d=mm&r=g\",\"url\":\"https:\\\/\\\/secure.gravatar.com\\\/avatar\\\/0deb16854ca545cd2e9fc8001ca110d262b80d5c8317b38dc542265fbea0ed19?s=96&d=mm&r=g\",\"contentUrl\":\"https:\\\/\\\/secure.gravatar.com\\\/avatar\\\/0deb16854ca545cd2e9fc8001ca110d262b80d5c8317b38dc542265fbea0ed19?s=96&d=mm&r=g\",\"caption\":\"Mona Kakoschke Frantzke\"},\"url\":false}]}<\/script>\n<!-- \/ Yoast SEO plugin. -->","yoast_head_json":{"title":"Neuer Konfirmandenkurs beginnt - Martin Luther Evangelische Kirche Toronto","robots":{"index":"index","follow":"follow","max-snippet":"max-snippet:-1","max-image-preview":"max-image-preview:large","max-video-preview":"max-video-preview:-1"},"canonical":"https:\/\/martinluther.ca\/de\/2015\/09\/neuer-konfirmandenkurs-beginnt\/","og_locale":"de_DE","og_type":"article","og_title":"Neuer Konfirmandenkurs beginnt - Martin Luther Evangelische Kirche Toronto","og_description":"Nach den Sommerferien, Ende September 2015, beginnt unser neuer Konfirmandenkurs. Der Unterricht dauert ein Jahr und endet mit der Konfirmation an Pfingsten 2016. Er wendet sich an Jugendliche, die nach den Sommerferien die 7. Klasse besuchen oder zwischen 12 und 14 Jahre alt sind (Ausnahmen sind in Absprache m\u00f6glich). Einmal monatlich treffen sich die Konfirmandinnen&hellip;","og_url":"https:\/\/martinluther.ca\/de\/2015\/09\/neuer-konfirmandenkurs-beginnt\/","og_site_name":"Martin Luther Evangelische Kirche Toronto","article_publisher":"https:\/\/www.facebook.com\/martinlutherchurchtoronto","article_published_time":"2015-09-06T17:44:12+00:00","article_modified_time":"2015-10-06T21:10:14+00:00","og_image":[{"width":2048,"height":1536,"url":"https:\/\/martinluther.ca\/wp-content\/uploads\/2014\/11\/2011-Confirmation-Class-at-Martin-Luther-Church-group-casual.jpg","type":"image\/jpeg"}],"author":"Mona Kakoschke Frantzke","twitter_card":"summary_large_image","twitter_misc":{"Verfasst von":"Mona Kakoschke Frantzke","Gesch\u00e4tzte Lesezeit":"1\u00a0Minute"},"schema":{"@context":"https:\/\/schema.org","@graph":[{"@type":"Article","@id":"https:\/\/martinluther.ca\/de\/2015\/09\/neuer-konfirmandenkurs-beginnt\/#article","isPartOf":{"@id":"https:\/\/martinluther.ca\/de\/2015\/09\/neuer-konfirmandenkurs-beginnt\/"},"author":{"name":"Mona Kakoschke Frantzke","@id":"https:\/\/martinluther.ca\/de\/#\/schema\/person\/815c51710f70b050f0476f18da6b0c8f"},"headline":"Neuer Konfirmandenkurs beginnt","datePublished":"2015-09-06T17:44:12+00:00","dateModified":"2015-10-06T21:10:14+00:00","mainEntityOfPage":{"@id":"https:\/\/martinluther.ca\/de\/2015\/09\/neuer-konfirmandenkurs-beginnt\/"},"wordCount":193,"publisher":{"@id":"https:\/\/martinluther.ca\/de\/#organization"},"image":{"@id":"https:\/\/martinluther.ca\/de\/2015\/09\/neuer-konfirmandenkurs-beginnt\/#primaryimage"},"thumbnailUrl":"https:\/\/martinluther.ca\/wp-content\/uploads\/2014\/11\/2011-Confirmation-Class-at-Martin-Luther-Church-group-casual.jpg","articleSection":["News Blog - German"],"inLanguage":"de"},{"@type":"WebPage","@id":"https:\/\/martinluther.ca\/de\/2015\/09\/neuer-konfirmandenkurs-beginnt\/","url":"https:\/\/martinluther.ca\/de\/2015\/09\/neuer-konfirmandenkurs-beginnt\/","name":"Neuer Konfirmandenkurs beginnt - Martin Luther Evangelische Kirche Toronto","isPartOf":{"@id":"https:\/\/martinluther.ca\/de\/#website"},"primaryImageOfPage":{"@id":"https:\/\/martinluther.ca\/de\/2015\/09\/neuer-konfirmandenkurs-beginnt\/#primaryimage"},"image":{"@id":"https:\/\/martinluther.ca\/de\/2015\/09\/neuer-konfirmandenkurs-beginnt\/#primaryimage"},"thumbnailUrl":"https:\/\/martinluther.ca\/wp-content\/uploads\/2014\/11\/2011-Confirmation-Class-at-Martin-Luther-Church-group-casual.jpg","datePublished":"2015-09-06T17:44:12+00:00","dateModified":"2015-10-06T21:10:14+00:00","breadcrumb":{"@id":"https:\/\/martinluther.ca\/de\/2015\/09\/neuer-konfirmandenkurs-beginnt\/#breadcrumb"},"inLanguage":"de","potentialAction":[{"@type":"ReadAction","target":["https:\/\/martinluther.ca\/de\/2015\/09\/neuer-konfirmandenkurs-beginnt\/"]}]},{"@type":"ImageObject","inLanguage":"de","@id":"https:\/\/martinluther.ca\/de\/2015\/09\/neuer-konfirmandenkurs-beginnt\/#primaryimage","url":"https:\/\/martinluther.ca\/wp-content\/uploads\/2014\/11\/2011-Confirmation-Class-at-Martin-Luther-Church-group-casual.jpg","contentUrl":"https:\/\/martinluther.ca\/wp-content\/uploads\/2014\/11\/2011-Confirmation-Class-at-Martin-Luther-Church-group-casual.jpg","width":2048,"height":1536,"caption":"Confirmation Class at Martin Luther Church -group casual"},{"@type":"BreadcrumbList","@id":"https:\/\/martinluther.ca\/de\/2015\/09\/neuer-konfirmandenkurs-beginnt\/#breadcrumb","itemListElement":[{"@type":"ListItem","position":1,"name":"Home","item":"https:\/\/martinluther.ca\/de\/"},{"@type":"ListItem","position":2,"name":"Neuer Konfirmandenkurs beginnt"}]},{"@type":"WebSite","@id":"https:\/\/martinluther.ca\/de\/#website","url":"https:\/\/martinluther.ca\/de\/","name":"Martin Luther Evangelical Church Toronto","description":"Deutsch &amp; Englisch","publisher":{"@id":"https:\/\/martinluther.ca\/de\/#organization"},"potentialAction":[{"@type":"SearchAction","target":{"@type":"EntryPoint","urlTemplate":"https:\/\/martinluther.ca\/de\/?s={search_term_string}"},"query-input":{"@type":"PropertyValueSpecification","valueRequired":true,"valueName":"search_term_string"}}],"inLanguage":"de"},{"@type":"Organization","@id":"https:\/\/martinluther.ca\/de\/#organization","name":"Martin Luther Evangelical Church Toronto","url":"https:\/\/martinluther.ca\/de\/","logo":{"@type":"ImageObject","inLanguage":"de","@id":"https:\/\/martinluther.ca\/de\/#\/schema\/logo\/image\/","url":"https:\/\/martinluther.ca\/wp-content\/uploads\/2016\/12\/ml-logo-300.png","contentUrl":"https:\/\/martinluther.ca\/wp-content\/uploads\/2016\/12\/ml-logo-300.png","width":300,"height":150,"caption":"Martin Luther Evangelical Church Toronto"},"image":{"@id":"https:\/\/martinluther.ca\/de\/#\/schema\/logo\/image\/"},"sameAs":["https:\/\/www.facebook.com\/martinlutherchurchtoronto","https:\/\/www.instagram.com\/lutheransbythelake\/","https:\/\/www.youtube.com\/MartinLutherChurchToronto"]},{"@type":"Person","@id":"https:\/\/martinluther.ca\/de\/#\/schema\/person\/815c51710f70b050f0476f18da6b0c8f","name":"Mona Kakoschke Frantzke","image":{"@type":"ImageObject","inLanguage":"de","@id":"https:\/\/secure.gravatar.com\/avatar\/0deb16854ca545cd2e9fc8001ca110d262b80d5c8317b38dc542265fbea0ed19?s=96&d=mm&r=g","url":"https:\/\/secure.gravatar.com\/avatar\/0deb16854ca545cd2e9fc8001ca110d262b80d5c8317b38dc542265fbea0ed19?s=96&d=mm&r=g","contentUrl":"https:\/\/secure.gravatar.com\/avatar\/0deb16854ca545cd2e9fc8001ca110d262b80d5c8317b38dc542265fbea0ed19?s=96&d=mm&r=g","caption":"Mona Kakoschke Frantzke"},"url":false}]}},"_links":{"self":[{"href":"https:\/\/martinluther.ca\/de\/wp-json\/wp\/v2\/posts\/22687","targetHints":{"allow":["GET"]}}],"collection":[{"href":"https:\/\/martinluther.ca\/de\/wp-json\/wp\/v2\/posts"}],"about":[{"href":"https:\/\/martinluther.ca\/de\/wp-json\/wp\/v2\/types\/post"}],"author":[{"embeddable":true,"href":"https:\/\/martinluther.ca\/de\/wp-json\/wp\/v2\/users\/9"}],"replies":[{"embeddable":true,"href":"https:\/\/martinluther.ca\/de\/wp-json\/wp\/v2\/comments?post=22687"}],"version-history":[{"count":10,"href":"https:\/\/martinluther.ca\/de\/wp-json\/wp\/v2\/posts\/22687\/revisions"}],"predecessor-version":[{"id":22961,"href":"https:\/\/martinluther.ca\/de\/wp-json\/wp\/v2\/posts\/22687\/revisions\/22961"}],"wp:featuredmedia":[{"embeddable":true,"href":"https:\/\/martinluther.ca\/de\/wp-json\/wp\/v2\/media\/20032"}],"wp:attachment":[{"href":"https:\/\/martinluther.ca\/de\/wp-json\/wp\/v2\/media?parent=22687"}],"wp:term":[{"taxonomy":"category","embeddable":true,"href":"https:\/\/martinluther.ca\/de\/wp-json\/wp\/v2\/categories?post=22687"},{"taxonomy":"post_tag","embeddable":true,"href":"https:\/\/martinluther.ca\/de\/wp-json\/wp\/v2\/tags?post=22687"},{"taxonomy":"post_series","embeddable":true,"href":"https:\/\/martinluther.ca\/de\/wp-json\/wp\/v2\/post_series?post=22687"}],"curies":[{"name":"wp","href":"https:\/\/api.w.org\/{rel}","templated":true}]}}