{"id":22694,"date":"2015-09-05T10:45:48","date_gmt":"2015-09-05T14:45:48","guid":{"rendered":"https:\/\/martinluther.ca\/de\/?p=22694"},"modified":"2025-11-22T13:06:17","modified_gmt":"2025-11-22T18:06:17","slug":"wer-moechte-gerne-singen-wir-laden-zum-gospelchorseminar-am-12-september-ein","status":"publish","type":"post","link":"https:\/\/martinluther.ca\/de\/2015\/09\/wer-moechte-gerne-singen-wir-laden-zum-gospelchorseminar-am-12-september-ein\/","title":{"rendered":"Wer m\u00f6chte gerne singen? Wir laden zum Gospelchorseminar am 12. September ein"},"content":{"rendered":"<figure id=\"attachment_22366\" aria-describedby=\"caption-attachment-22366\" style=\"width: 300px\" class=\"wp-caption alignright\"><img loading=\"lazy\" decoding=\"async\" class=\"size-medium wp-image-22366\" src=\"https:\/\/martinluther.ca\/wp-content\/uploads\/2015\/07\/Gospel-Unity-Choir-Bockenem-08BB-300x225.jpg\" alt=\"Gospel Unity Choir Workshop Sat Sept 12, 2015\" width=\"300\" height=\"225\" srcset=\"https:\/\/martinluther.ca\/wp-content\/uploads\/2015\/07\/Gospel-Unity-Choir-Bockenem-08BB-300x225.jpg 300w, https:\/\/martinluther.ca\/wp-content\/uploads\/2015\/07\/Gospel-Unity-Choir-Bockenem-08BB.jpg 530w\" sizes=\"auto, (max-width: 300px) 100vw, 300px\" \/><figcaption id=\"caption-attachment-22366\" class=\"wp-caption-text\">Gospel Unity Choir Workshop on Sat Sept 12, 2015<\/figcaption><\/figure>\n<p>Liebe S\u00e4ngerInnen, Mitglieder und Freunde der Martin Luther Kirche,<br \/>\nich m\u00f6chte Sie dazu animieren, am Gospelseminar, das am <strong>12. September von 10 Uhr bis 16 Uhr<\/strong> in der Martin Luther Kirche stattfindet, teilzunehmen. Das Seminar ist kostenfrei.<\/p>\n<p>Es ist gemeinsam mit dem Gospel Unity Chor aus Bockenem (Deutschland) und wird von Ulrike Bourehil geleitet.<\/p>\n<p>Mittagessen gibt es im Rahmen des Wesley Mimico United Church Fundraising BBQ.<\/p>\n<p>Ich bin \u00fcberzeugt, dass dies eine bereichernde Erfahrung sein wird und Ihre Teilnahme als Chormitglied wird zum Erfolg dieser Unternehmung beitragen. <strong>Laden Sie auch Freunde ein, die gerne singen<\/strong>. Wir werden einige Lieder mit dem Gospel Unitiy Chor beim gemeinsamen Gottesdienst am Sonntag, den 13. September um 11 Uhr vortragen.<\/p>\n<p>Wenn Sie teilnehmen k\u00f6nnen, registrieren Sie sich bitte schnellstm\u00f6glich bei Marlena im Kirchenb\u00fcro.<br \/>\nHoffentlich bis bald,<\/p>\n<p>Linda Marcinkus, Organistin und Chorleiterin<br \/>\nTel: 416-255-2612 Email: <a href=\"mailto:choir@martinluther.ca\">choir@martinluther.ca<\/a><\/p>\n","protected":false},"excerpt":{"rendered":"<p>Liebe S\u00e4ngerInnen, Mitglieder und Freunde der Martin Luther Kirche, ich m\u00f6chte Sie dazu animieren, am Gospelseminar, das am 12. September von 10 Uhr bis 16 Uhr in der Martin Luther Kirche stattfindet, teilzunehmen. Das Seminar ist kostenfrei. Es ist gemeinsam mit dem Gospel Unity Chor aus Bockenem (Deutschland) und wird von Ulrike Bourehil geleitet. Mittagessen&hellip;<\/p>\n","protected":false},"author":9,"featured_media":22366,"comment_status":"closed","ping_status":"closed","sticky":false,"template":"","format":"standard","meta":{"footnotes":""},"categories":[69],"tags":[],"post_series":[],"class_list":["post-22694","post","type-post","status-publish","format-standard","has-post-thumbnail","hentry","category-news-blog-german","entry","has-media"],"yoast_head":"<!-- This site is optimized with the Yoast SEO plugin v27.5 - https:\/\/yoast.com\/product\/yoast-seo-wordpress\/ -->\n<title>Wer m\u00f6chte gerne singen? Wir laden zum Gospelchorseminar am 12. September ein - Martin Luther Evangelische Kirche Toronto<\/title>\n<meta name=\"robots\" content=\"index, follow, max-snippet:-1, max-image-preview:large, max-video-preview:-1\" \/>\n<link rel=\"canonical\" href=\"https:\/\/martinluther.ca\/de\/2015\/09\/wer-moechte-gerne-singen-wir-laden-zum-gospelchorseminar-am-12-september-ein\/\" \/>\n<meta property=\"og:locale\" content=\"de_DE\" \/>\n<meta property=\"og:type\" content=\"article\" \/>\n<meta property=\"og:title\" content=\"Wer m\u00f6chte gerne singen? Wir laden zum Gospelchorseminar am 12. September ein - Martin Luther Evangelische Kirche Toronto\" \/>\n<meta property=\"og:description\" content=\"Liebe S\u00e4ngerInnen, Mitglieder und Freunde der Martin Luther Kirche, ich m\u00f6chte Sie dazu animieren, am Gospelseminar, das am 12. September von 10 Uhr bis 16 Uhr in der Martin Luther Kirche stattfindet, teilzunehmen. Das Seminar ist kostenfrei. Es ist gemeinsam mit dem Gospel Unity Chor aus Bockenem (Deutschland) und wird von Ulrike Bourehil geleitet. Mittagessen&hellip;\" \/>\n<meta property=\"og:url\" content=\"https:\/\/martinluther.ca\/de\/2015\/09\/wer-moechte-gerne-singen-wir-laden-zum-gospelchorseminar-am-12-september-ein\/\" \/>\n<meta property=\"og:site_name\" content=\"Martin Luther Evangelische Kirche Toronto\" \/>\n<meta property=\"article:publisher\" content=\"https:\/\/www.facebook.com\/martinlutherchurchtoronto\" \/>\n<meta property=\"article:published_time\" content=\"2015-09-05T14:45:48+00:00\" \/>\n<meta property=\"article:modified_time\" content=\"2025-11-22T18:06:17+00:00\" \/>\n<meta property=\"og:image\" content=\"https:\/\/martinluther.ca\/wp-content\/uploads\/2015\/07\/Gospel-Unity-Choir-Bockenem-08BB.jpg\" \/>\n\t<meta property=\"og:image:width\" content=\"530\" \/>\n\t<meta property=\"og:image:height\" content=\"398\" \/>\n\t<meta property=\"og:image:type\" content=\"image\/jpeg\" \/>\n<meta name=\"author\" content=\"Mona Kakoschke Frantzke\" \/>\n<meta name=\"twitter:card\" content=\"summary_large_image\" \/>\n<meta name=\"twitter:label1\" content=\"Verfasst von\" \/>\n\t<meta name=\"twitter:data1\" content=\"Mona Kakoschke Frantzke\" \/>\n\t<meta name=\"twitter:label2\" content=\"Gesch\u00e4tzte Lesezeit\" \/>\n\t<meta name=\"twitter:data2\" content=\"1\u00a0Minute\" \/>\n<script type=\"application\/ld+json\" class=\"yoast-schema-graph\">{\"@context\":\"https:\\\/\\\/schema.org\",\"@graph\":[{\"@type\":\"Article\",\"@id\":\"https:\\\/\\\/martinluther.ca\\\/de\\\/2015\\\/09\\\/wer-moechte-gerne-singen-wir-laden-zum-gospelchorseminar-am-12-september-ein\\\/#article\",\"isPartOf\":{\"@id\":\"https:\\\/\\\/martinluther.ca\\\/de\\\/2015\\\/09\\\/wer-moechte-gerne-singen-wir-laden-zum-gospelchorseminar-am-12-september-ein\\\/\"},\"author\":{\"name\":\"Mona Kakoschke Frantzke\",\"@id\":\"https:\\\/\\\/martinluther.ca\\\/de\\\/#\\\/schema\\\/person\\\/815c51710f70b050f0476f18da6b0c8f\"},\"headline\":\"Wer m\u00f6chte gerne singen? Wir laden zum Gospelchorseminar am 12. September ein\",\"datePublished\":\"2015-09-05T14:45:48+00:00\",\"dateModified\":\"2025-11-22T18:06:17+00:00\",\"mainEntityOfPage\":{\"@id\":\"https:\\\/\\\/martinluther.ca\\\/de\\\/2015\\\/09\\\/wer-moechte-gerne-singen-wir-laden-zum-gospelchorseminar-am-12-september-ein\\\/\"},\"wordCount\":170,\"publisher\":{\"@id\":\"https:\\\/\\\/martinluther.ca\\\/de\\\/#organization\"},\"image\":{\"@id\":\"https:\\\/\\\/martinluther.ca\\\/de\\\/2015\\\/09\\\/wer-moechte-gerne-singen-wir-laden-zum-gospelchorseminar-am-12-september-ein\\\/#primaryimage\"},\"thumbnailUrl\":\"https:\\\/\\\/martinluther.ca\\\/wp-content\\\/uploads\\\/2015\\\/07\\\/Gospel-Unity-Choir-Bockenem-08BB.jpg\",\"articleSection\":[\"News Blog - German\"],\"inLanguage\":\"de\"},{\"@type\":\"WebPage\",\"@id\":\"https:\\\/\\\/martinluther.ca\\\/de\\\/2015\\\/09\\\/wer-moechte-gerne-singen-wir-laden-zum-gospelchorseminar-am-12-september-ein\\\/\",\"url\":\"https:\\\/\\\/martinluther.ca\\\/de\\\/2015\\\/09\\\/wer-moechte-gerne-singen-wir-laden-zum-gospelchorseminar-am-12-september-ein\\\/\",\"name\":\"Wer m\u00f6chte gerne singen? Wir laden zum Gospelchorseminar am 12. September ein - Martin Luther Evangelische Kirche Toronto\",\"isPartOf\":{\"@id\":\"https:\\\/\\\/martinluther.ca\\\/de\\\/#website\"},\"primaryImageOfPage\":{\"@id\":\"https:\\\/\\\/martinluther.ca\\\/de\\\/2015\\\/09\\\/wer-moechte-gerne-singen-wir-laden-zum-gospelchorseminar-am-12-september-ein\\\/#primaryimage\"},\"image\":{\"@id\":\"https:\\\/\\\/martinluther.ca\\\/de\\\/2015\\\/09\\\/wer-moechte-gerne-singen-wir-laden-zum-gospelchorseminar-am-12-september-ein\\\/#primaryimage\"},\"thumbnailUrl\":\"https:\\\/\\\/martinluther.ca\\\/wp-content\\\/uploads\\\/2015\\\/07\\\/Gospel-Unity-Choir-Bockenem-08BB.jpg\",\"datePublished\":\"2015-09-05T14:45:48+00:00\",\"dateModified\":\"2025-11-22T18:06:17+00:00\",\"breadcrumb\":{\"@id\":\"https:\\\/\\\/martinluther.ca\\\/de\\\/2015\\\/09\\\/wer-moechte-gerne-singen-wir-laden-zum-gospelchorseminar-am-12-september-ein\\\/#breadcrumb\"},\"inLanguage\":\"de\",\"potentialAction\":[{\"@type\":\"ReadAction\",\"target\":[\"https:\\\/\\\/martinluther.ca\\\/de\\\/2015\\\/09\\\/wer-moechte-gerne-singen-wir-laden-zum-gospelchorseminar-am-12-september-ein\\\/\"]}]},{\"@type\":\"ImageObject\",\"inLanguage\":\"de\",\"@id\":\"https:\\\/\\\/martinluther.ca\\\/de\\\/2015\\\/09\\\/wer-moechte-gerne-singen-wir-laden-zum-gospelchorseminar-am-12-september-ein\\\/#primaryimage\",\"url\":\"https:\\\/\\\/martinluther.ca\\\/wp-content\\\/uploads\\\/2015\\\/07\\\/Gospel-Unity-Choir-Bockenem-08BB.jpg\",\"contentUrl\":\"https:\\\/\\\/martinluther.ca\\\/wp-content\\\/uploads\\\/2015\\\/07\\\/Gospel-Unity-Choir-Bockenem-08BB.jpg\",\"width\":530,\"height\":398,\"caption\":\"Gospel Unity Choir Workshop on Sat Sept 12, 2015\"},{\"@type\":\"BreadcrumbList\",\"@id\":\"https:\\\/\\\/martinluther.ca\\\/de\\\/2015\\\/09\\\/wer-moechte-gerne-singen-wir-laden-zum-gospelchorseminar-am-12-september-ein\\\/#breadcrumb\",\"itemListElement\":[{\"@type\":\"ListItem\",\"position\":1,\"name\":\"Home\",\"item\":\"https:\\\/\\\/martinluther.ca\\\/de\\\/\"},{\"@type\":\"ListItem\",\"position\":2,\"name\":\"Wer m\u00f6chte gerne singen? Wir laden zum Gospelchorseminar am 12. September ein\"}]},{\"@type\":\"WebSite\",\"@id\":\"https:\\\/\\\/martinluther.ca\\\/de\\\/#website\",\"url\":\"https:\\\/\\\/martinluther.ca\\\/de\\\/\",\"name\":\"Martin Luther Evangelical Church Toronto\",\"description\":\"Deutsch &amp; Englisch\",\"publisher\":{\"@id\":\"https:\\\/\\\/martinluther.ca\\\/de\\\/#organization\"},\"potentialAction\":[{\"@type\":\"SearchAction\",\"target\":{\"@type\":\"EntryPoint\",\"urlTemplate\":\"https:\\\/\\\/martinluther.ca\\\/de\\\/?s={search_term_string}\"},\"query-input\":{\"@type\":\"PropertyValueSpecification\",\"valueRequired\":true,\"valueName\":\"search_term_string\"}}],\"inLanguage\":\"de\"},{\"@type\":\"Organization\",\"@id\":\"https:\\\/\\\/martinluther.ca\\\/de\\\/#organization\",\"name\":\"Martin Luther Evangelical Church Toronto\",\"url\":\"https:\\\/\\\/martinluther.ca\\\/de\\\/\",\"logo\":{\"@type\":\"ImageObject\",\"inLanguage\":\"de\",\"@id\":\"https:\\\/\\\/martinluther.ca\\\/de\\\/#\\\/schema\\\/logo\\\/image\\\/\",\"url\":\"https:\\\/\\\/martinluther.ca\\\/wp-content\\\/uploads\\\/2016\\\/12\\\/ml-logo-300.png\",\"contentUrl\":\"https:\\\/\\\/martinluther.ca\\\/wp-content\\\/uploads\\\/2016\\\/12\\\/ml-logo-300.png\",\"width\":300,\"height\":150,\"caption\":\"Martin Luther Evangelical Church Toronto\"},\"image\":{\"@id\":\"https:\\\/\\\/martinluther.ca\\\/de\\\/#\\\/schema\\\/logo\\\/image\\\/\"},\"sameAs\":[\"https:\\\/\\\/www.facebook.com\\\/martinlutherchurchtoronto\",\"https:\\\/\\\/www.instagram.com\\\/lutheransbythelake\\\/\",\"https:\\\/\\\/www.youtube.com\\\/MartinLutherChurchToronto\"]},{\"@type\":\"Person\",\"@id\":\"https:\\\/\\\/martinluther.ca\\\/de\\\/#\\\/schema\\\/person\\\/815c51710f70b050f0476f18da6b0c8f\",\"name\":\"Mona Kakoschke Frantzke\",\"image\":{\"@type\":\"ImageObject\",\"inLanguage\":\"de\",\"@id\":\"https:\\\/\\\/secure.gravatar.com\\\/avatar\\\/0deb16854ca545cd2e9fc8001ca110d262b80d5c8317b38dc542265fbea0ed19?s=96&d=mm&r=g\",\"url\":\"https:\\\/\\\/secure.gravatar.com\\\/avatar\\\/0deb16854ca545cd2e9fc8001ca110d262b80d5c8317b38dc542265fbea0ed19?s=96&d=mm&r=g\",\"contentUrl\":\"https:\\\/\\\/secure.gravatar.com\\\/avatar\\\/0deb16854ca545cd2e9fc8001ca110d262b80d5c8317b38dc542265fbea0ed19?s=96&d=mm&r=g\",\"caption\":\"Mona Kakoschke Frantzke\"},\"url\":false}]}<\/script>\n<!-- \/ Yoast SEO plugin. -->","yoast_head_json":{"title":"Wer m\u00f6chte gerne singen? Wir laden zum Gospelchorseminar am 12. September ein - Martin Luther Evangelische Kirche Toronto","robots":{"index":"index","follow":"follow","max-snippet":"max-snippet:-1","max-image-preview":"max-image-preview:large","max-video-preview":"max-video-preview:-1"},"canonical":"https:\/\/martinluther.ca\/de\/2015\/09\/wer-moechte-gerne-singen-wir-laden-zum-gospelchorseminar-am-12-september-ein\/","og_locale":"de_DE","og_type":"article","og_title":"Wer m\u00f6chte gerne singen? Wir laden zum Gospelchorseminar am 12. September ein - Martin Luther Evangelische Kirche Toronto","og_description":"Liebe S\u00e4ngerInnen, Mitglieder und Freunde der Martin Luther Kirche, ich m\u00f6chte Sie dazu animieren, am Gospelseminar, das am 12. September von 10 Uhr bis 16 Uhr in der Martin Luther Kirche stattfindet, teilzunehmen. Das Seminar ist kostenfrei. Es ist gemeinsam mit dem Gospel Unity Chor aus Bockenem (Deutschland) und wird von Ulrike Bourehil geleitet. Mittagessen&hellip;","og_url":"https:\/\/martinluther.ca\/de\/2015\/09\/wer-moechte-gerne-singen-wir-laden-zum-gospelchorseminar-am-12-september-ein\/","og_site_name":"Martin Luther Evangelische Kirche Toronto","article_publisher":"https:\/\/www.facebook.com\/martinlutherchurchtoronto","article_published_time":"2015-09-05T14:45:48+00:00","article_modified_time":"2025-11-22T18:06:17+00:00","og_image":[{"width":530,"height":398,"url":"https:\/\/martinluther.ca\/wp-content\/uploads\/2015\/07\/Gospel-Unity-Choir-Bockenem-08BB.jpg","type":"image\/jpeg"}],"author":"Mona Kakoschke Frantzke","twitter_card":"summary_large_image","twitter_misc":{"Verfasst von":"Mona Kakoschke Frantzke","Gesch\u00e4tzte Lesezeit":"1\u00a0Minute"},"schema":{"@context":"https:\/\/schema.org","@graph":[{"@type":"Article","@id":"https:\/\/martinluther.ca\/de\/2015\/09\/wer-moechte-gerne-singen-wir-laden-zum-gospelchorseminar-am-12-september-ein\/#article","isPartOf":{"@id":"https:\/\/martinluther.ca\/de\/2015\/09\/wer-moechte-gerne-singen-wir-laden-zum-gospelchorseminar-am-12-september-ein\/"},"author":{"name":"Mona Kakoschke Frantzke","@id":"https:\/\/martinluther.ca\/de\/#\/schema\/person\/815c51710f70b050f0476f18da6b0c8f"},"headline":"Wer m\u00f6chte gerne singen? Wir laden zum Gospelchorseminar am 12. September ein","datePublished":"2015-09-05T14:45:48+00:00","dateModified":"2025-11-22T18:06:17+00:00","mainEntityOfPage":{"@id":"https:\/\/martinluther.ca\/de\/2015\/09\/wer-moechte-gerne-singen-wir-laden-zum-gospelchorseminar-am-12-september-ein\/"},"wordCount":170,"publisher":{"@id":"https:\/\/martinluther.ca\/de\/#organization"},"image":{"@id":"https:\/\/martinluther.ca\/de\/2015\/09\/wer-moechte-gerne-singen-wir-laden-zum-gospelchorseminar-am-12-september-ein\/#primaryimage"},"thumbnailUrl":"https:\/\/martinluther.ca\/wp-content\/uploads\/2015\/07\/Gospel-Unity-Choir-Bockenem-08BB.jpg","articleSection":["News Blog - German"],"inLanguage":"de"},{"@type":"WebPage","@id":"https:\/\/martinluther.ca\/de\/2015\/09\/wer-moechte-gerne-singen-wir-laden-zum-gospelchorseminar-am-12-september-ein\/","url":"https:\/\/martinluther.ca\/de\/2015\/09\/wer-moechte-gerne-singen-wir-laden-zum-gospelchorseminar-am-12-september-ein\/","name":"Wer m\u00f6chte gerne singen? Wir laden zum Gospelchorseminar am 12. September ein - Martin Luther Evangelische Kirche Toronto","isPartOf":{"@id":"https:\/\/martinluther.ca\/de\/#website"},"primaryImageOfPage":{"@id":"https:\/\/martinluther.ca\/de\/2015\/09\/wer-moechte-gerne-singen-wir-laden-zum-gospelchorseminar-am-12-september-ein\/#primaryimage"},"image":{"@id":"https:\/\/martinluther.ca\/de\/2015\/09\/wer-moechte-gerne-singen-wir-laden-zum-gospelchorseminar-am-12-september-ein\/#primaryimage"},"thumbnailUrl":"https:\/\/martinluther.ca\/wp-content\/uploads\/2015\/07\/Gospel-Unity-Choir-Bockenem-08BB.jpg","datePublished":"2015-09-05T14:45:48+00:00","dateModified":"2025-11-22T18:06:17+00:00","breadcrumb":{"@id":"https:\/\/martinluther.ca\/de\/2015\/09\/wer-moechte-gerne-singen-wir-laden-zum-gospelchorseminar-am-12-september-ein\/#breadcrumb"},"inLanguage":"de","potentialAction":[{"@type":"ReadAction","target":["https:\/\/martinluther.ca\/de\/2015\/09\/wer-moechte-gerne-singen-wir-laden-zum-gospelchorseminar-am-12-september-ein\/"]}]},{"@type":"ImageObject","inLanguage":"de","@id":"https:\/\/martinluther.ca\/de\/2015\/09\/wer-moechte-gerne-singen-wir-laden-zum-gospelchorseminar-am-12-september-ein\/#primaryimage","url":"https:\/\/martinluther.ca\/wp-content\/uploads\/2015\/07\/Gospel-Unity-Choir-Bockenem-08BB.jpg","contentUrl":"https:\/\/martinluther.ca\/wp-content\/uploads\/2015\/07\/Gospel-Unity-Choir-Bockenem-08BB.jpg","width":530,"height":398,"caption":"Gospel Unity Choir Workshop on Sat Sept 12, 2015"},{"@type":"BreadcrumbList","@id":"https:\/\/martinluther.ca\/de\/2015\/09\/wer-moechte-gerne-singen-wir-laden-zum-gospelchorseminar-am-12-september-ein\/#breadcrumb","itemListElement":[{"@type":"ListItem","position":1,"name":"Home","item":"https:\/\/martinluther.ca\/de\/"},{"@type":"ListItem","position":2,"name":"Wer m\u00f6chte gerne singen? Wir laden zum Gospelchorseminar am 12. September ein"}]},{"@type":"WebSite","@id":"https:\/\/martinluther.ca\/de\/#website","url":"https:\/\/martinluther.ca\/de\/","name":"Martin Luther Evangelical Church Toronto","description":"Deutsch &amp; Englisch","publisher":{"@id":"https:\/\/martinluther.ca\/de\/#organization"},"potentialAction":[{"@type":"SearchAction","target":{"@type":"EntryPoint","urlTemplate":"https:\/\/martinluther.ca\/de\/?s={search_term_string}"},"query-input":{"@type":"PropertyValueSpecification","valueRequired":true,"valueName":"search_term_string"}}],"inLanguage":"de"},{"@type":"Organization","@id":"https:\/\/martinluther.ca\/de\/#organization","name":"Martin Luther Evangelical Church Toronto","url":"https:\/\/martinluther.ca\/de\/","logo":{"@type":"ImageObject","inLanguage":"de","@id":"https:\/\/martinluther.ca\/de\/#\/schema\/logo\/image\/","url":"https:\/\/martinluther.ca\/wp-content\/uploads\/2016\/12\/ml-logo-300.png","contentUrl":"https:\/\/martinluther.ca\/wp-content\/uploads\/2016\/12\/ml-logo-300.png","width":300,"height":150,"caption":"Martin Luther Evangelical Church Toronto"},"image":{"@id":"https:\/\/martinluther.ca\/de\/#\/schema\/logo\/image\/"},"sameAs":["https:\/\/www.facebook.com\/martinlutherchurchtoronto","https:\/\/www.instagram.com\/lutheransbythelake\/","https:\/\/www.youtube.com\/MartinLutherChurchToronto"]},{"@type":"Person","@id":"https:\/\/martinluther.ca\/de\/#\/schema\/person\/815c51710f70b050f0476f18da6b0c8f","name":"Mona Kakoschke Frantzke","image":{"@type":"ImageObject","inLanguage":"de","@id":"https:\/\/secure.gravatar.com\/avatar\/0deb16854ca545cd2e9fc8001ca110d262b80d5c8317b38dc542265fbea0ed19?s=96&d=mm&r=g","url":"https:\/\/secure.gravatar.com\/avatar\/0deb16854ca545cd2e9fc8001ca110d262b80d5c8317b38dc542265fbea0ed19?s=96&d=mm&r=g","contentUrl":"https:\/\/secure.gravatar.com\/avatar\/0deb16854ca545cd2e9fc8001ca110d262b80d5c8317b38dc542265fbea0ed19?s=96&d=mm&r=g","caption":"Mona Kakoschke Frantzke"},"url":false}]}},"_links":{"self":[{"href":"https:\/\/martinluther.ca\/de\/wp-json\/wp\/v2\/posts\/22694","targetHints":{"allow":["GET"]}}],"collection":[{"href":"https:\/\/martinluther.ca\/de\/wp-json\/wp\/v2\/posts"}],"about":[{"href":"https:\/\/martinluther.ca\/de\/wp-json\/wp\/v2\/types\/post"}],"author":[{"embeddable":true,"href":"https:\/\/martinluther.ca\/de\/wp-json\/wp\/v2\/users\/9"}],"replies":[{"embeddable":true,"href":"https:\/\/martinluther.ca\/de\/wp-json\/wp\/v2\/comments?post=22694"}],"version-history":[{"count":6,"href":"https:\/\/martinluther.ca\/de\/wp-json\/wp\/v2\/posts\/22694\/revisions"}],"predecessor-version":[{"id":22790,"href":"https:\/\/martinluther.ca\/de\/wp-json\/wp\/v2\/posts\/22694\/revisions\/22790"}],"wp:featuredmedia":[{"embeddable":true,"href":"https:\/\/martinluther.ca\/de\/wp-json\/wp\/v2\/media\/22366"}],"wp:attachment":[{"href":"https:\/\/martinluther.ca\/de\/wp-json\/wp\/v2\/media?parent=22694"}],"wp:term":[{"taxonomy":"category","embeddable":true,"href":"https:\/\/martinluther.ca\/de\/wp-json\/wp\/v2\/categories?post=22694"},{"taxonomy":"post_tag","embeddable":true,"href":"https:\/\/martinluther.ca\/de\/wp-json\/wp\/v2\/tags?post=22694"},{"taxonomy":"post_series","embeddable":true,"href":"https:\/\/martinluther.ca\/de\/wp-json\/wp\/v2\/post_series?post=22694"}],"curies":[{"name":"wp","href":"https:\/\/api.w.org\/{rel}","templated":true}]}}