{"id":22706,"date":"2015-09-06T15:13:14","date_gmt":"2015-09-06T19:13:14","guid":{"rendered":"https:\/\/martinluther.ca\/de\/?p=22706"},"modified":"2018-02-16T23:18:15","modified_gmt":"2018-02-17T04:18:15","slug":"ein-benefiz-konzert-ein-open-house-fuer-die-kita","status":"publish","type":"post","link":"https:\/\/martinluther.ca\/de\/2015\/09\/ein-benefiz-konzert-ein-open-house-fuer-die-kita\/","title":{"rendered":"Ein Benefiz Konzert und ein Open House f\u00fcr die Kita"},"content":{"rendered":"<figure id=\"attachment_22698\" aria-describedby=\"caption-attachment-22698\" style=\"width: 300px\" class=\"wp-caption alignright\"><img loading=\"lazy\" decoding=\"async\" class=\"wp-image-22698 size-medium\" src=\"https:\/\/martinluther.ca\/wp-content\/uploads\/2015\/09\/2015-Gospelchor-Nienburg-at-MLC-Aug-29-02BB-300x225.jpg\" alt=\"2015 Gospelchor Nienburg at MLC Aug 29\" width=\"300\" height=\"225\" srcset=\"https:\/\/martinluther.ca\/wp-content\/uploads\/2015\/09\/2015-Gospelchor-Nienburg-at-MLC-Aug-29-02BB-300x225.jpg 300w, https:\/\/martinluther.ca\/wp-content\/uploads\/2015\/09\/2015-Gospelchor-Nienburg-at-MLC-Aug-29-02BB.jpg 1024w\" sizes=\"auto, (max-width: 300px) 100vw, 300px\" \/><figcaption id=\"caption-attachment-22698\" class=\"wp-caption-text\">Benefiz Konzert: St. Martin Gospel Chor Nienburg, Deutschland in MLC am 29. Aug 2015<\/figcaption><\/figure>\n<p>Begeisterndes <strong>Benefiz Konzert<\/strong>: Der St. Martin Gospel Chor Nienburg, Deutschland sang f\u00fcr den Wiederaufbau der Martin Luther Tagesst\u00e4tte. Wir sind f\u00fcr die Stimmen und die Stimmung, die der Chor in die Kirche gebracht hat, sehr dankbar und freuen uns \u00fcber die gro\u00dfz\u00fcgigen Spenden aller Besucher zum \u201e5 Superior Trust\u201c.\u00a0 \u00dcber $1,800 konnten eingenommen werden.<\/p>\n<p>Zum ersten Mal seit dem Brand im Oktober 2013\u00a0 wurde allen Interessierten Einlass in das Kindertagesst\u00e4ttengeb\u00e4ude in 5 Superior Avenue gew\u00e4hrt. Am Tag der <strong>Open House am 1. September 2015 <\/strong>wurden Eltern, Kinder, Lehrer, Gemeindemitglieder und Abgeordnete durch das sich noch im Bau befindende Geb\u00e4ude gef\u00fchrt, um eine Vorstellung\u00a0 der bald fertigen R\u00e4ume zu bekommen.<\/p>\n<figure id=\"attachment_22699\" aria-describedby=\"caption-attachment-22699\" style=\"width: 300px\" class=\"wp-caption alignright\"><img loading=\"lazy\" decoding=\"async\" class=\"size-medium wp-image-22699\" src=\"https:\/\/martinluther.ca\/wp-content\/uploads\/2015\/09\/2015-Day-Care-Open-House-Sep1st-06BB-300x225.jpg\" alt=\"2015 Daycare Open House Sep1st\" width=\"300\" height=\"225\" srcset=\"https:\/\/martinluther.ca\/wp-content\/uploads\/2015\/09\/2015-Day-Care-Open-House-Sep1st-06BB-300x225.jpg 300w, https:\/\/martinluther.ca\/wp-content\/uploads\/2015\/09\/2015-Day-Care-Open-House-Sep1st-06BB.jpg 1024w\" sizes=\"auto, (max-width: 300px) 100vw, 300px\" \/><figcaption id=\"caption-attachment-22699\" class=\"wp-caption-text\">2015 Daycare Open House September1st<\/figcaption><\/figure>\n<p>Ein Dokument der Stadt Etobicoke, verlesen und pr\u00e4sentiert von <strong>Stadtrat Mark Grimes,<\/strong> unterstreicht die wichtige Aufgabe unserer Kita f\u00fcr die Kinder in unserer Nachbarschaft, die individuell gef\u00f6rdert werden.<\/p>\n<p>F\u00fcr die \u00d6ffentlichkeit wurde p\u00fcnktlich zum Tag der offenen T\u00fcr ein Spendenkonto bei der lokalen <strong>BMO Bank of Montreal in Mimico<\/strong> eingerichtet, um Einzahlungen zur Deckung der Kosten zu erm\u00f6glichen. Spenden k\u00f6nnen an jeder Zweigstelle lokaler BMO Banken in der GTA abgegeben werden oder direkt in der Martin Luther Kirche.<\/p>\n<p>Egal, wie gro\u00df oder klein, alle Spenden sind willkommen. Spendenquittung ab $20.00\u00a0\u00a0 <strong>\u201c5 Superior Trust\u201d\u00a0\u00a0\u00a0 BMO Account # 2435 8978 800\u00a0<\/strong><\/p>\n<figure id=\"attachment_22701\" aria-describedby=\"caption-attachment-22701\" style=\"width: 300px\" class=\"wp-caption alignleft\"><img loading=\"lazy\" decoding=\"async\" class=\"size-medium wp-image-22701\" src=\"https:\/\/martinluther.ca\/wp-content\/uploads\/2015\/09\/2015-Day-Care-Open-House-Sep1st-10BB-300x225.jpg\" alt=\"2015 Daycare Open House Sep1st\" width=\"300\" height=\"225\" srcset=\"https:\/\/martinluther.ca\/wp-content\/uploads\/2015\/09\/2015-Day-Care-Open-House-Sep1st-10BB-300x225.jpg 300w, https:\/\/martinluther.ca\/wp-content\/uploads\/2015\/09\/2015-Day-Care-Open-House-Sep1st-10BB.jpg 1024w\" sizes=\"auto, (max-width: 300px) 100vw, 300px\" \/><figcaption id=\"caption-attachment-22701\" class=\"wp-caption-text\">2015 Daycare Open House September 1st<\/figcaption><\/figure>\n<figure id=\"attachment_22700\" aria-describedby=\"caption-attachment-22700\" style=\"width: 300px\" class=\"wp-caption alignleft\"><img loading=\"lazy\" decoding=\"async\" class=\"wp-image-22700 size-medium\" src=\"https:\/\/martinluther.ca\/wp-content\/uploads\/2015\/09\/2015-Day-Care-Open-House-Sep1st-14BB-300x200.jpg\" alt=\"2015 Daycare Open House Sep 1st\" width=\"300\" height=\"200\" \/><figcaption id=\"caption-attachment-22700\" class=\"wp-caption-text\">2015 Daycare Open House September 1st<\/figcaption><\/figure>\n<p>&nbsp;<\/p>\n","protected":false},"excerpt":{"rendered":"<p>Begeisterndes Benefiz Konzert: Der St. Martin Gospel Chor Nienburg, Deutschland sang f\u00fcr den Wiederaufbau der Martin Luther Tagesst\u00e4tte. Wir sind f\u00fcr die Stimmen und die Stimmung, die der Chor in die Kirche gebracht hat, sehr dankbar und freuen uns \u00fcber die gro\u00dfz\u00fcgigen Spenden aller Besucher zum \u201e5 Superior Trust\u201c.\u00a0 \u00dcber $1,800 konnten eingenommen werden. Zum&hellip;<\/p>\n","protected":false},"author":9,"featured_media":22698,"comment_status":"closed","ping_status":"closed","sticky":false,"template":"","format":"standard","meta":{"footnotes":""},"categories":[69],"tags":[],"post_series":[],"class_list":["post-22706","post","type-post","status-publish","format-standard","has-post-thumbnail","hentry","category-news-blog-german","entry","has-media"],"yoast_head":"<!-- This site is optimized with the Yoast SEO plugin v27.5 - https:\/\/yoast.com\/product\/yoast-seo-wordpress\/ -->\n<title>Ein Benefiz Konzert und ein Open House f\u00fcr die Kita - Martin Luther Evangelische Kirche Toronto<\/title>\n<meta name=\"robots\" content=\"index, follow, max-snippet:-1, max-image-preview:large, max-video-preview:-1\" \/>\n<link rel=\"canonical\" href=\"https:\/\/martinluther.ca\/de\/2015\/09\/ein-benefiz-konzert-ein-open-house-fuer-die-kita\/\" \/>\n<meta property=\"og:locale\" content=\"de_DE\" \/>\n<meta property=\"og:type\" content=\"article\" \/>\n<meta property=\"og:title\" content=\"Ein Benefiz Konzert und ein Open House f\u00fcr die Kita - Martin Luther Evangelische Kirche Toronto\" \/>\n<meta property=\"og:description\" content=\"Begeisterndes Benefiz Konzert: Der St. Martin Gospel Chor Nienburg, Deutschland sang f\u00fcr den Wiederaufbau der Martin Luther Tagesst\u00e4tte. Wir sind f\u00fcr die Stimmen und die Stimmung, die der Chor in die Kirche gebracht hat, sehr dankbar und freuen uns \u00fcber die gro\u00dfz\u00fcgigen Spenden aller Besucher zum \u201e5 Superior Trust\u201c.\u00a0 \u00dcber $1,800 konnten eingenommen werden. Zum&hellip;\" \/>\n<meta property=\"og:url\" content=\"https:\/\/martinluther.ca\/de\/2015\/09\/ein-benefiz-konzert-ein-open-house-fuer-die-kita\/\" \/>\n<meta property=\"og:site_name\" content=\"Martin Luther Evangelische Kirche Toronto\" \/>\n<meta property=\"article:publisher\" content=\"https:\/\/www.facebook.com\/martinlutherchurchtoronto\" \/>\n<meta property=\"article:published_time\" content=\"2015-09-06T19:13:14+00:00\" \/>\n<meta property=\"article:modified_time\" content=\"2018-02-17T04:18:15+00:00\" \/>\n<meta property=\"og:image\" content=\"https:\/\/martinluther.ca\/wp-content\/uploads\/2015\/09\/2015-Gospelchor-Nienburg-at-MLC-Aug-29-02BB.jpg\" \/>\n\t<meta property=\"og:image:width\" content=\"1024\" \/>\n\t<meta property=\"og:image:height\" content=\"768\" \/>\n\t<meta property=\"og:image:type\" content=\"image\/jpeg\" \/>\n<meta name=\"author\" content=\"Mona Kakoschke Frantzke\" \/>\n<meta name=\"twitter:card\" content=\"summary_large_image\" \/>\n<meta name=\"twitter:label1\" content=\"Verfasst von\" \/>\n\t<meta name=\"twitter:data1\" content=\"Mona Kakoschke Frantzke\" \/>\n\t<meta name=\"twitter:label2\" content=\"Gesch\u00e4tzte Lesezeit\" \/>\n\t<meta name=\"twitter:data2\" content=\"1\u00a0Minute\" \/>\n<script type=\"application\/ld+json\" class=\"yoast-schema-graph\">{\"@context\":\"https:\\\/\\\/schema.org\",\"@graph\":[{\"@type\":\"Article\",\"@id\":\"https:\\\/\\\/martinluther.ca\\\/de\\\/2015\\\/09\\\/ein-benefiz-konzert-ein-open-house-fuer-die-kita\\\/#article\",\"isPartOf\":{\"@id\":\"https:\\\/\\\/martinluther.ca\\\/de\\\/2015\\\/09\\\/ein-benefiz-konzert-ein-open-house-fuer-die-kita\\\/\"},\"author\":{\"name\":\"Mona Kakoschke Frantzke\",\"@id\":\"https:\\\/\\\/martinluther.ca\\\/de\\\/#\\\/schema\\\/person\\\/815c51710f70b050f0476f18da6b0c8f\"},\"headline\":\"Ein Benefiz Konzert und ein Open House f\u00fcr die Kita\",\"datePublished\":\"2015-09-06T19:13:14+00:00\",\"dateModified\":\"2018-02-17T04:18:15+00:00\",\"mainEntityOfPage\":{\"@id\":\"https:\\\/\\\/martinluther.ca\\\/de\\\/2015\\\/09\\\/ein-benefiz-konzert-ein-open-house-fuer-die-kita\\\/\"},\"wordCount\":282,\"publisher\":{\"@id\":\"https:\\\/\\\/martinluther.ca\\\/de\\\/#organization\"},\"image\":{\"@id\":\"https:\\\/\\\/martinluther.ca\\\/de\\\/2015\\\/09\\\/ein-benefiz-konzert-ein-open-house-fuer-die-kita\\\/#primaryimage\"},\"thumbnailUrl\":\"https:\\\/\\\/martinluther.ca\\\/wp-content\\\/uploads\\\/2015\\\/09\\\/2015-Gospelchor-Nienburg-at-MLC-Aug-29-02BB.jpg\",\"articleSection\":[\"News Blog - German\"],\"inLanguage\":\"de\"},{\"@type\":\"WebPage\",\"@id\":\"https:\\\/\\\/martinluther.ca\\\/de\\\/2015\\\/09\\\/ein-benefiz-konzert-ein-open-house-fuer-die-kita\\\/\",\"url\":\"https:\\\/\\\/martinluther.ca\\\/de\\\/2015\\\/09\\\/ein-benefiz-konzert-ein-open-house-fuer-die-kita\\\/\",\"name\":\"Ein Benefiz Konzert und ein Open House f\u00fcr die Kita - Martin Luther Evangelische Kirche Toronto\",\"isPartOf\":{\"@id\":\"https:\\\/\\\/martinluther.ca\\\/de\\\/#website\"},\"primaryImageOfPage\":{\"@id\":\"https:\\\/\\\/martinluther.ca\\\/de\\\/2015\\\/09\\\/ein-benefiz-konzert-ein-open-house-fuer-die-kita\\\/#primaryimage\"},\"image\":{\"@id\":\"https:\\\/\\\/martinluther.ca\\\/de\\\/2015\\\/09\\\/ein-benefiz-konzert-ein-open-house-fuer-die-kita\\\/#primaryimage\"},\"thumbnailUrl\":\"https:\\\/\\\/martinluther.ca\\\/wp-content\\\/uploads\\\/2015\\\/09\\\/2015-Gospelchor-Nienburg-at-MLC-Aug-29-02BB.jpg\",\"datePublished\":\"2015-09-06T19:13:14+00:00\",\"dateModified\":\"2018-02-17T04:18:15+00:00\",\"breadcrumb\":{\"@id\":\"https:\\\/\\\/martinluther.ca\\\/de\\\/2015\\\/09\\\/ein-benefiz-konzert-ein-open-house-fuer-die-kita\\\/#breadcrumb\"},\"inLanguage\":\"de\",\"potentialAction\":[{\"@type\":\"ReadAction\",\"target\":[\"https:\\\/\\\/martinluther.ca\\\/de\\\/2015\\\/09\\\/ein-benefiz-konzert-ein-open-house-fuer-die-kita\\\/\"]}]},{\"@type\":\"ImageObject\",\"inLanguage\":\"de\",\"@id\":\"https:\\\/\\\/martinluther.ca\\\/de\\\/2015\\\/09\\\/ein-benefiz-konzert-ein-open-house-fuer-die-kita\\\/#primaryimage\",\"url\":\"https:\\\/\\\/martinluther.ca\\\/wp-content\\\/uploads\\\/2015\\\/09\\\/2015-Gospelchor-Nienburg-at-MLC-Aug-29-02BB.jpg\",\"contentUrl\":\"https:\\\/\\\/martinluther.ca\\\/wp-content\\\/uploads\\\/2015\\\/09\\\/2015-Gospelchor-Nienburg-at-MLC-Aug-29-02BB.jpg\",\"width\":1024,\"height\":768,\"caption\":\"2015 St. Martin Gospelchor Nienburg, Germany, at MLC Aug 29\"},{\"@type\":\"BreadcrumbList\",\"@id\":\"https:\\\/\\\/martinluther.ca\\\/de\\\/2015\\\/09\\\/ein-benefiz-konzert-ein-open-house-fuer-die-kita\\\/#breadcrumb\",\"itemListElement\":[{\"@type\":\"ListItem\",\"position\":1,\"name\":\"Home\",\"item\":\"https:\\\/\\\/martinluther.ca\\\/de\\\/\"},{\"@type\":\"ListItem\",\"position\":2,\"name\":\"Ein Benefiz Konzert und ein Open House f\u00fcr die Kita\"}]},{\"@type\":\"WebSite\",\"@id\":\"https:\\\/\\\/martinluther.ca\\\/de\\\/#website\",\"url\":\"https:\\\/\\\/martinluther.ca\\\/de\\\/\",\"name\":\"Martin Luther Evangelical Church Toronto\",\"description\":\"Deutsch &amp; Englisch\",\"publisher\":{\"@id\":\"https:\\\/\\\/martinluther.ca\\\/de\\\/#organization\"},\"potentialAction\":[{\"@type\":\"SearchAction\",\"target\":{\"@type\":\"EntryPoint\",\"urlTemplate\":\"https:\\\/\\\/martinluther.ca\\\/de\\\/?s={search_term_string}\"},\"query-input\":{\"@type\":\"PropertyValueSpecification\",\"valueRequired\":true,\"valueName\":\"search_term_string\"}}],\"inLanguage\":\"de\"},{\"@type\":\"Organization\",\"@id\":\"https:\\\/\\\/martinluther.ca\\\/de\\\/#organization\",\"name\":\"Martin Luther Evangelical Church Toronto\",\"url\":\"https:\\\/\\\/martinluther.ca\\\/de\\\/\",\"logo\":{\"@type\":\"ImageObject\",\"inLanguage\":\"de\",\"@id\":\"https:\\\/\\\/martinluther.ca\\\/de\\\/#\\\/schema\\\/logo\\\/image\\\/\",\"url\":\"https:\\\/\\\/martinluther.ca\\\/wp-content\\\/uploads\\\/2016\\\/12\\\/ml-logo-300.png\",\"contentUrl\":\"https:\\\/\\\/martinluther.ca\\\/wp-content\\\/uploads\\\/2016\\\/12\\\/ml-logo-300.png\",\"width\":300,\"height\":150,\"caption\":\"Martin Luther Evangelical Church Toronto\"},\"image\":{\"@id\":\"https:\\\/\\\/martinluther.ca\\\/de\\\/#\\\/schema\\\/logo\\\/image\\\/\"},\"sameAs\":[\"https:\\\/\\\/www.facebook.com\\\/martinlutherchurchtoronto\",\"https:\\\/\\\/www.instagram.com\\\/lutheransbythelake\\\/\",\"https:\\\/\\\/www.youtube.com\\\/MartinLutherChurchToronto\"]},{\"@type\":\"Person\",\"@id\":\"https:\\\/\\\/martinluther.ca\\\/de\\\/#\\\/schema\\\/person\\\/815c51710f70b050f0476f18da6b0c8f\",\"name\":\"Mona Kakoschke Frantzke\",\"image\":{\"@type\":\"ImageObject\",\"inLanguage\":\"de\",\"@id\":\"https:\\\/\\\/secure.gravatar.com\\\/avatar\\\/0deb16854ca545cd2e9fc8001ca110d262b80d5c8317b38dc542265fbea0ed19?s=96&d=mm&r=g\",\"url\":\"https:\\\/\\\/secure.gravatar.com\\\/avatar\\\/0deb16854ca545cd2e9fc8001ca110d262b80d5c8317b38dc542265fbea0ed19?s=96&d=mm&r=g\",\"contentUrl\":\"https:\\\/\\\/secure.gravatar.com\\\/avatar\\\/0deb16854ca545cd2e9fc8001ca110d262b80d5c8317b38dc542265fbea0ed19?s=96&d=mm&r=g\",\"caption\":\"Mona Kakoschke Frantzke\"},\"url\":false}]}<\/script>\n<!-- \/ Yoast SEO plugin. -->","yoast_head_json":{"title":"Ein Benefiz Konzert und ein Open House f\u00fcr die Kita - Martin Luther Evangelische Kirche Toronto","robots":{"index":"index","follow":"follow","max-snippet":"max-snippet:-1","max-image-preview":"max-image-preview:large","max-video-preview":"max-video-preview:-1"},"canonical":"https:\/\/martinluther.ca\/de\/2015\/09\/ein-benefiz-konzert-ein-open-house-fuer-die-kita\/","og_locale":"de_DE","og_type":"article","og_title":"Ein Benefiz Konzert und ein Open House f\u00fcr die Kita - Martin Luther Evangelische Kirche Toronto","og_description":"Begeisterndes Benefiz Konzert: Der St. Martin Gospel Chor Nienburg, Deutschland sang f\u00fcr den Wiederaufbau der Martin Luther Tagesst\u00e4tte. Wir sind f\u00fcr die Stimmen und die Stimmung, die der Chor in die Kirche gebracht hat, sehr dankbar und freuen uns \u00fcber die gro\u00dfz\u00fcgigen Spenden aller Besucher zum \u201e5 Superior Trust\u201c.\u00a0 \u00dcber $1,800 konnten eingenommen werden. Zum&hellip;","og_url":"https:\/\/martinluther.ca\/de\/2015\/09\/ein-benefiz-konzert-ein-open-house-fuer-die-kita\/","og_site_name":"Martin Luther Evangelische Kirche Toronto","article_publisher":"https:\/\/www.facebook.com\/martinlutherchurchtoronto","article_published_time":"2015-09-06T19:13:14+00:00","article_modified_time":"2018-02-17T04:18:15+00:00","og_image":[{"width":1024,"height":768,"url":"https:\/\/martinluther.ca\/wp-content\/uploads\/2015\/09\/2015-Gospelchor-Nienburg-at-MLC-Aug-29-02BB.jpg","type":"image\/jpeg"}],"author":"Mona Kakoschke Frantzke","twitter_card":"summary_large_image","twitter_misc":{"Verfasst von":"Mona Kakoschke Frantzke","Gesch\u00e4tzte Lesezeit":"1\u00a0Minute"},"schema":{"@context":"https:\/\/schema.org","@graph":[{"@type":"Article","@id":"https:\/\/martinluther.ca\/de\/2015\/09\/ein-benefiz-konzert-ein-open-house-fuer-die-kita\/#article","isPartOf":{"@id":"https:\/\/martinluther.ca\/de\/2015\/09\/ein-benefiz-konzert-ein-open-house-fuer-die-kita\/"},"author":{"name":"Mona Kakoschke Frantzke","@id":"https:\/\/martinluther.ca\/de\/#\/schema\/person\/815c51710f70b050f0476f18da6b0c8f"},"headline":"Ein Benefiz Konzert und ein Open House f\u00fcr die Kita","datePublished":"2015-09-06T19:13:14+00:00","dateModified":"2018-02-17T04:18:15+00:00","mainEntityOfPage":{"@id":"https:\/\/martinluther.ca\/de\/2015\/09\/ein-benefiz-konzert-ein-open-house-fuer-die-kita\/"},"wordCount":282,"publisher":{"@id":"https:\/\/martinluther.ca\/de\/#organization"},"image":{"@id":"https:\/\/martinluther.ca\/de\/2015\/09\/ein-benefiz-konzert-ein-open-house-fuer-die-kita\/#primaryimage"},"thumbnailUrl":"https:\/\/martinluther.ca\/wp-content\/uploads\/2015\/09\/2015-Gospelchor-Nienburg-at-MLC-Aug-29-02BB.jpg","articleSection":["News Blog - German"],"inLanguage":"de"},{"@type":"WebPage","@id":"https:\/\/martinluther.ca\/de\/2015\/09\/ein-benefiz-konzert-ein-open-house-fuer-die-kita\/","url":"https:\/\/martinluther.ca\/de\/2015\/09\/ein-benefiz-konzert-ein-open-house-fuer-die-kita\/","name":"Ein Benefiz Konzert und ein Open House f\u00fcr die Kita - Martin Luther Evangelische Kirche Toronto","isPartOf":{"@id":"https:\/\/martinluther.ca\/de\/#website"},"primaryImageOfPage":{"@id":"https:\/\/martinluther.ca\/de\/2015\/09\/ein-benefiz-konzert-ein-open-house-fuer-die-kita\/#primaryimage"},"image":{"@id":"https:\/\/martinluther.ca\/de\/2015\/09\/ein-benefiz-konzert-ein-open-house-fuer-die-kita\/#primaryimage"},"thumbnailUrl":"https:\/\/martinluther.ca\/wp-content\/uploads\/2015\/09\/2015-Gospelchor-Nienburg-at-MLC-Aug-29-02BB.jpg","datePublished":"2015-09-06T19:13:14+00:00","dateModified":"2018-02-17T04:18:15+00:00","breadcrumb":{"@id":"https:\/\/martinluther.ca\/de\/2015\/09\/ein-benefiz-konzert-ein-open-house-fuer-die-kita\/#breadcrumb"},"inLanguage":"de","potentialAction":[{"@type":"ReadAction","target":["https:\/\/martinluther.ca\/de\/2015\/09\/ein-benefiz-konzert-ein-open-house-fuer-die-kita\/"]}]},{"@type":"ImageObject","inLanguage":"de","@id":"https:\/\/martinluther.ca\/de\/2015\/09\/ein-benefiz-konzert-ein-open-house-fuer-die-kita\/#primaryimage","url":"https:\/\/martinluther.ca\/wp-content\/uploads\/2015\/09\/2015-Gospelchor-Nienburg-at-MLC-Aug-29-02BB.jpg","contentUrl":"https:\/\/martinluther.ca\/wp-content\/uploads\/2015\/09\/2015-Gospelchor-Nienburg-at-MLC-Aug-29-02BB.jpg","width":1024,"height":768,"caption":"2015 St. Martin Gospelchor Nienburg, Germany, at MLC Aug 29"},{"@type":"BreadcrumbList","@id":"https:\/\/martinluther.ca\/de\/2015\/09\/ein-benefiz-konzert-ein-open-house-fuer-die-kita\/#breadcrumb","itemListElement":[{"@type":"ListItem","position":1,"name":"Home","item":"https:\/\/martinluther.ca\/de\/"},{"@type":"ListItem","position":2,"name":"Ein Benefiz Konzert und ein Open House f\u00fcr die Kita"}]},{"@type":"WebSite","@id":"https:\/\/martinluther.ca\/de\/#website","url":"https:\/\/martinluther.ca\/de\/","name":"Martin Luther Evangelical Church Toronto","description":"Deutsch &amp; Englisch","publisher":{"@id":"https:\/\/martinluther.ca\/de\/#organization"},"potentialAction":[{"@type":"SearchAction","target":{"@type":"EntryPoint","urlTemplate":"https:\/\/martinluther.ca\/de\/?s={search_term_string}"},"query-input":{"@type":"PropertyValueSpecification","valueRequired":true,"valueName":"search_term_string"}}],"inLanguage":"de"},{"@type":"Organization","@id":"https:\/\/martinluther.ca\/de\/#organization","name":"Martin Luther Evangelical Church Toronto","url":"https:\/\/martinluther.ca\/de\/","logo":{"@type":"ImageObject","inLanguage":"de","@id":"https:\/\/martinluther.ca\/de\/#\/schema\/logo\/image\/","url":"https:\/\/martinluther.ca\/wp-content\/uploads\/2016\/12\/ml-logo-300.png","contentUrl":"https:\/\/martinluther.ca\/wp-content\/uploads\/2016\/12\/ml-logo-300.png","width":300,"height":150,"caption":"Martin Luther Evangelical Church Toronto"},"image":{"@id":"https:\/\/martinluther.ca\/de\/#\/schema\/logo\/image\/"},"sameAs":["https:\/\/www.facebook.com\/martinlutherchurchtoronto","https:\/\/www.instagram.com\/lutheransbythelake\/","https:\/\/www.youtube.com\/MartinLutherChurchToronto"]},{"@type":"Person","@id":"https:\/\/martinluther.ca\/de\/#\/schema\/person\/815c51710f70b050f0476f18da6b0c8f","name":"Mona Kakoschke Frantzke","image":{"@type":"ImageObject","inLanguage":"de","@id":"https:\/\/secure.gravatar.com\/avatar\/0deb16854ca545cd2e9fc8001ca110d262b80d5c8317b38dc542265fbea0ed19?s=96&d=mm&r=g","url":"https:\/\/secure.gravatar.com\/avatar\/0deb16854ca545cd2e9fc8001ca110d262b80d5c8317b38dc542265fbea0ed19?s=96&d=mm&r=g","contentUrl":"https:\/\/secure.gravatar.com\/avatar\/0deb16854ca545cd2e9fc8001ca110d262b80d5c8317b38dc542265fbea0ed19?s=96&d=mm&r=g","caption":"Mona Kakoschke Frantzke"},"url":false}]}},"_links":{"self":[{"href":"https:\/\/martinluther.ca\/de\/wp-json\/wp\/v2\/posts\/22706","targetHints":{"allow":["GET"]}}],"collection":[{"href":"https:\/\/martinluther.ca\/de\/wp-json\/wp\/v2\/posts"}],"about":[{"href":"https:\/\/martinluther.ca\/de\/wp-json\/wp\/v2\/types\/post"}],"author":[{"embeddable":true,"href":"https:\/\/martinluther.ca\/de\/wp-json\/wp\/v2\/users\/9"}],"replies":[{"embeddable":true,"href":"https:\/\/martinluther.ca\/de\/wp-json\/wp\/v2\/comments?post=22706"}],"version-history":[{"count":7,"href":"https:\/\/martinluther.ca\/de\/wp-json\/wp\/v2\/posts\/22706\/revisions"}],"predecessor-version":[{"id":22739,"href":"https:\/\/martinluther.ca\/de\/wp-json\/wp\/v2\/posts\/22706\/revisions\/22739"}],"wp:featuredmedia":[{"embeddable":true,"href":"https:\/\/martinluther.ca\/de\/wp-json\/wp\/v2\/media\/22698"}],"wp:attachment":[{"href":"https:\/\/martinluther.ca\/de\/wp-json\/wp\/v2\/media?parent=22706"}],"wp:term":[{"taxonomy":"category","embeddable":true,"href":"https:\/\/martinluther.ca\/de\/wp-json\/wp\/v2\/categories?post=22706"},{"taxonomy":"post_tag","embeddable":true,"href":"https:\/\/martinluther.ca\/de\/wp-json\/wp\/v2\/tags?post=22706"},{"taxonomy":"post_series","embeddable":true,"href":"https:\/\/martinluther.ca\/de\/wp-json\/wp\/v2\/post_series?post=22706"}],"curies":[{"name":"wp","href":"https:\/\/api.w.org\/{rel}","templated":true}]}}