{"id":22947,"date":"2015-10-05T21:14:05","date_gmt":"2015-10-06T01:14:05","guid":{"rendered":"https:\/\/martinluther.ca\/de\/?p=22947"},"modified":"2015-10-05T21:11:47","modified_gmt":"2015-10-06T01:11:47","slug":"mach-mit-beim-weihnachtsmarkt-2015","status":"publish","type":"post","link":"https:\/\/martinluther.ca\/de\/2015\/10\/mach-mit-beim-weihnachtsmarkt-2015\/","title":{"rendered":"Mach mit beim Weihnachtsmarkt 2015"},"content":{"rendered":"<figure id=\"attachment_22943\" aria-describedby=\"caption-attachment-22943\" style=\"width: 300px\" class=\"wp-caption alignright\"><img loading=\"lazy\" decoding=\"async\" class=\"size-medium wp-image-22943\" src=\"https:\/\/martinluther.ca\/wp-content\/uploads\/2015\/10\/2015-Christmas-BazaarBB1-300x225.jpg\" alt=\"2015 Christmas Bazaar\" width=\"300\" height=\"225\" srcset=\"https:\/\/martinluther.ca\/wp-content\/uploads\/2015\/10\/2015-Christmas-BazaarBB1-300x225.jpg 300w, https:\/\/martinluther.ca\/wp-content\/uploads\/2015\/10\/2015-Christmas-BazaarBB1.jpg 1024w\" sizes=\"auto, (max-width: 300px) 100vw, 300px\" \/><figcaption id=\"caption-attachment-22943\" class=\"wp-caption-text\">2015 Christmas Bazaar<\/figcaption><\/figure>\n<p>Organisierst du gerne? Oder vielleicht bastelst, backst, kochst und handarbeitest du leidenschaftlich? Dann mach doch mit beim diesj\u00e4hrigen Weihnachtsmarkt\u00a0 1. Adventsonntag (29. November 2015). Beteiligung ist f\u00fcr alle m\u00f6glich: Termine und Treffpunkte werden flexible gestaltet.<\/p>\n<p>Interessierte bitte bei Iris melden <a href=\"mailto:president@martinluther.ca\">president@martinluther.ca<\/a>.<br \/>\n2379 Lakeshore Blvd West, Martin Luther Church<\/p>\n<p>Die Erl\u00f6se werden zwei syrischen Fl\u00fcchtlingsfamilien f\u00fcr deren Einwanderung und Integration in Kanada zur Verf\u00fcgung gestellt.\u00a0 Wir hoffen daher, auf viele flei\u00dfige H\u00e4nde und kreative K\u00f6pfe!<\/p>\n","protected":false},"excerpt":{"rendered":"<p>Organisierst du gerne? Oder vielleicht bastelst, backst, kochst und handarbeitest du leidenschaftlich? Dann mach doch mit beim diesj\u00e4hrigen Weihnachtsmarkt\u00a0 1. Adventsonntag (29. November 2015). Beteiligung ist f\u00fcr alle m\u00f6glich: Termine und Treffpunkte werden flexible gestaltet. Interessierte bitte bei Iris melden president@martinluther.ca. 2379 Lakeshore Blvd West, Martin Luther Church Die Erl\u00f6se werden zwei syrischen Fl\u00fcchtlingsfamilien f\u00fcr&hellip;<\/p>\n","protected":false},"author":9,"featured_media":22943,"comment_status":"closed","ping_status":"closed","sticky":false,"template":"","format":"standard","meta":{"footnotes":""},"categories":[69],"tags":[],"post_series":[],"class_list":["post-22947","post","type-post","status-publish","format-standard","has-post-thumbnail","hentry","category-news-blog-german","entry","has-media"],"yoast_head":"<!-- This site is optimized with the Yoast SEO plugin v27.5 - https:\/\/yoast.com\/product\/yoast-seo-wordpress\/ -->\n<title>Mach mit beim Weihnachtsmarkt 2015 - Martin Luther Evangelische Kirche Toronto<\/title>\n<meta name=\"robots\" content=\"index, follow, max-snippet:-1, max-image-preview:large, max-video-preview:-1\" \/>\n<link rel=\"canonical\" href=\"https:\/\/martinluther.ca\/de\/2015\/10\/mach-mit-beim-weihnachtsmarkt-2015\/\" \/>\n<meta property=\"og:locale\" content=\"de_DE\" \/>\n<meta property=\"og:type\" content=\"article\" \/>\n<meta property=\"og:title\" content=\"Mach mit beim Weihnachtsmarkt 2015 - Martin Luther Evangelische Kirche Toronto\" \/>\n<meta property=\"og:description\" content=\"Organisierst du gerne? Oder vielleicht bastelst, backst, kochst und handarbeitest du leidenschaftlich? Dann mach doch mit beim diesj\u00e4hrigen Weihnachtsmarkt\u00a0 1. Adventsonntag (29. November 2015). Beteiligung ist f\u00fcr alle m\u00f6glich: Termine und Treffpunkte werden flexible gestaltet. Interessierte bitte bei Iris melden president@martinluther.ca. 2379 Lakeshore Blvd West, Martin Luther Church Die Erl\u00f6se werden zwei syrischen Fl\u00fcchtlingsfamilien f\u00fcr&hellip;\" \/>\n<meta property=\"og:url\" content=\"https:\/\/martinluther.ca\/de\/2015\/10\/mach-mit-beim-weihnachtsmarkt-2015\/\" \/>\n<meta property=\"og:site_name\" content=\"Martin Luther Evangelische Kirche Toronto\" \/>\n<meta property=\"article:publisher\" content=\"https:\/\/www.facebook.com\/martinlutherchurchtoronto\" \/>\n<meta property=\"article:published_time\" content=\"2015-10-06T01:14:05+00:00\" \/>\n<meta property=\"og:image\" content=\"https:\/\/martinluther.ca\/wp-content\/uploads\/2015\/10\/2015-Christmas-BazaarBB1.jpg\" \/>\n\t<meta property=\"og:image:width\" content=\"1024\" \/>\n\t<meta property=\"og:image:height\" content=\"768\" \/>\n\t<meta property=\"og:image:type\" content=\"image\/jpeg\" \/>\n<meta name=\"author\" content=\"Mona Kakoschke Frantzke\" \/>\n<meta name=\"twitter:card\" content=\"summary_large_image\" \/>\n<meta name=\"twitter:label1\" content=\"Verfasst von\" \/>\n\t<meta name=\"twitter:data1\" content=\"Mona Kakoschke Frantzke\" \/>\n<script type=\"application\/ld+json\" class=\"yoast-schema-graph\">{\"@context\":\"https:\\\/\\\/schema.org\",\"@graph\":[{\"@type\":\"Article\",\"@id\":\"https:\\\/\\\/martinluther.ca\\\/de\\\/2015\\\/10\\\/mach-mit-beim-weihnachtsmarkt-2015\\\/#article\",\"isPartOf\":{\"@id\":\"https:\\\/\\\/martinluther.ca\\\/de\\\/2015\\\/10\\\/mach-mit-beim-weihnachtsmarkt-2015\\\/\"},\"author\":{\"name\":\"Mona Kakoschke Frantzke\",\"@id\":\"https:\\\/\\\/martinluther.ca\\\/de\\\/#\\\/schema\\\/person\\\/815c51710f70b050f0476f18da6b0c8f\"},\"headline\":\"Mach mit beim Weihnachtsmarkt 2015\",\"datePublished\":\"2015-10-06T01:14:05+00:00\",\"mainEntityOfPage\":{\"@id\":\"https:\\\/\\\/martinluther.ca\\\/de\\\/2015\\\/10\\\/mach-mit-beim-weihnachtsmarkt-2015\\\/\"},\"wordCount\":95,\"publisher\":{\"@id\":\"https:\\\/\\\/martinluther.ca\\\/de\\\/#organization\"},\"image\":{\"@id\":\"https:\\\/\\\/martinluther.ca\\\/de\\\/2015\\\/10\\\/mach-mit-beim-weihnachtsmarkt-2015\\\/#primaryimage\"},\"thumbnailUrl\":\"https:\\\/\\\/martinluther.ca\\\/wp-content\\\/uploads\\\/2015\\\/10\\\/2015-Christmas-BazaarBB1.jpg\",\"articleSection\":[\"News Blog - German\"],\"inLanguage\":\"de\"},{\"@type\":\"WebPage\",\"@id\":\"https:\\\/\\\/martinluther.ca\\\/de\\\/2015\\\/10\\\/mach-mit-beim-weihnachtsmarkt-2015\\\/\",\"url\":\"https:\\\/\\\/martinluther.ca\\\/de\\\/2015\\\/10\\\/mach-mit-beim-weihnachtsmarkt-2015\\\/\",\"name\":\"Mach mit beim Weihnachtsmarkt 2015 - Martin Luther Evangelische Kirche Toronto\",\"isPartOf\":{\"@id\":\"https:\\\/\\\/martinluther.ca\\\/de\\\/#website\"},\"primaryImageOfPage\":{\"@id\":\"https:\\\/\\\/martinluther.ca\\\/de\\\/2015\\\/10\\\/mach-mit-beim-weihnachtsmarkt-2015\\\/#primaryimage\"},\"image\":{\"@id\":\"https:\\\/\\\/martinluther.ca\\\/de\\\/2015\\\/10\\\/mach-mit-beim-weihnachtsmarkt-2015\\\/#primaryimage\"},\"thumbnailUrl\":\"https:\\\/\\\/martinluther.ca\\\/wp-content\\\/uploads\\\/2015\\\/10\\\/2015-Christmas-BazaarBB1.jpg\",\"datePublished\":\"2015-10-06T01:14:05+00:00\",\"breadcrumb\":{\"@id\":\"https:\\\/\\\/martinluther.ca\\\/de\\\/2015\\\/10\\\/mach-mit-beim-weihnachtsmarkt-2015\\\/#breadcrumb\"},\"inLanguage\":\"de\",\"potentialAction\":[{\"@type\":\"ReadAction\",\"target\":[\"https:\\\/\\\/martinluther.ca\\\/de\\\/2015\\\/10\\\/mach-mit-beim-weihnachtsmarkt-2015\\\/\"]}]},{\"@type\":\"ImageObject\",\"inLanguage\":\"de\",\"@id\":\"https:\\\/\\\/martinluther.ca\\\/de\\\/2015\\\/10\\\/mach-mit-beim-weihnachtsmarkt-2015\\\/#primaryimage\",\"url\":\"https:\\\/\\\/martinluther.ca\\\/wp-content\\\/uploads\\\/2015\\\/10\\\/2015-Christmas-BazaarBB1.jpg\",\"contentUrl\":\"https:\\\/\\\/martinluther.ca\\\/wp-content\\\/uploads\\\/2015\\\/10\\\/2015-Christmas-BazaarBB1.jpg\",\"width\":1024,\"height\":768,\"caption\":\"2015 Christmas Bazaar\"},{\"@type\":\"BreadcrumbList\",\"@id\":\"https:\\\/\\\/martinluther.ca\\\/de\\\/2015\\\/10\\\/mach-mit-beim-weihnachtsmarkt-2015\\\/#breadcrumb\",\"itemListElement\":[{\"@type\":\"ListItem\",\"position\":1,\"name\":\"Home\",\"item\":\"https:\\\/\\\/martinluther.ca\\\/de\\\/\"},{\"@type\":\"ListItem\",\"position\":2,\"name\":\"Mach mit beim Weihnachtsmarkt 2015\"}]},{\"@type\":\"WebSite\",\"@id\":\"https:\\\/\\\/martinluther.ca\\\/de\\\/#website\",\"url\":\"https:\\\/\\\/martinluther.ca\\\/de\\\/\",\"name\":\"Martin Luther Evangelical Church Toronto\",\"description\":\"Deutsch &amp; Englisch\",\"publisher\":{\"@id\":\"https:\\\/\\\/martinluther.ca\\\/de\\\/#organization\"},\"potentialAction\":[{\"@type\":\"SearchAction\",\"target\":{\"@type\":\"EntryPoint\",\"urlTemplate\":\"https:\\\/\\\/martinluther.ca\\\/de\\\/?s={search_term_string}\"},\"query-input\":{\"@type\":\"PropertyValueSpecification\",\"valueRequired\":true,\"valueName\":\"search_term_string\"}}],\"inLanguage\":\"de\"},{\"@type\":\"Organization\",\"@id\":\"https:\\\/\\\/martinluther.ca\\\/de\\\/#organization\",\"name\":\"Martin Luther Evangelical Church Toronto\",\"url\":\"https:\\\/\\\/martinluther.ca\\\/de\\\/\",\"logo\":{\"@type\":\"ImageObject\",\"inLanguage\":\"de\",\"@id\":\"https:\\\/\\\/martinluther.ca\\\/de\\\/#\\\/schema\\\/logo\\\/image\\\/\",\"url\":\"https:\\\/\\\/martinluther.ca\\\/wp-content\\\/uploads\\\/2016\\\/12\\\/ml-logo-300.png\",\"contentUrl\":\"https:\\\/\\\/martinluther.ca\\\/wp-content\\\/uploads\\\/2016\\\/12\\\/ml-logo-300.png\",\"width\":300,\"height\":150,\"caption\":\"Martin Luther Evangelical Church Toronto\"},\"image\":{\"@id\":\"https:\\\/\\\/martinluther.ca\\\/de\\\/#\\\/schema\\\/logo\\\/image\\\/\"},\"sameAs\":[\"https:\\\/\\\/www.facebook.com\\\/martinlutherchurchtoronto\",\"https:\\\/\\\/www.instagram.com\\\/lutheransbythelake\\\/\",\"https:\\\/\\\/www.youtube.com\\\/MartinLutherChurchToronto\"]},{\"@type\":\"Person\",\"@id\":\"https:\\\/\\\/martinluther.ca\\\/de\\\/#\\\/schema\\\/person\\\/815c51710f70b050f0476f18da6b0c8f\",\"name\":\"Mona Kakoschke Frantzke\",\"image\":{\"@type\":\"ImageObject\",\"inLanguage\":\"de\",\"@id\":\"https:\\\/\\\/secure.gravatar.com\\\/avatar\\\/0deb16854ca545cd2e9fc8001ca110d262b80d5c8317b38dc542265fbea0ed19?s=96&d=mm&r=g\",\"url\":\"https:\\\/\\\/secure.gravatar.com\\\/avatar\\\/0deb16854ca545cd2e9fc8001ca110d262b80d5c8317b38dc542265fbea0ed19?s=96&d=mm&r=g\",\"contentUrl\":\"https:\\\/\\\/secure.gravatar.com\\\/avatar\\\/0deb16854ca545cd2e9fc8001ca110d262b80d5c8317b38dc542265fbea0ed19?s=96&d=mm&r=g\",\"caption\":\"Mona Kakoschke Frantzke\"},\"url\":false}]}<\/script>\n<!-- \/ Yoast SEO plugin. -->","yoast_head_json":{"title":"Mach mit beim Weihnachtsmarkt 2015 - Martin Luther Evangelische Kirche Toronto","robots":{"index":"index","follow":"follow","max-snippet":"max-snippet:-1","max-image-preview":"max-image-preview:large","max-video-preview":"max-video-preview:-1"},"canonical":"https:\/\/martinluther.ca\/de\/2015\/10\/mach-mit-beim-weihnachtsmarkt-2015\/","og_locale":"de_DE","og_type":"article","og_title":"Mach mit beim Weihnachtsmarkt 2015 - Martin Luther Evangelische Kirche Toronto","og_description":"Organisierst du gerne? Oder vielleicht bastelst, backst, kochst und handarbeitest du leidenschaftlich? Dann mach doch mit beim diesj\u00e4hrigen Weihnachtsmarkt\u00a0 1. Adventsonntag (29. November 2015). Beteiligung ist f\u00fcr alle m\u00f6glich: Termine und Treffpunkte werden flexible gestaltet. Interessierte bitte bei Iris melden president@martinluther.ca. 2379 Lakeshore Blvd West, Martin Luther Church Die Erl\u00f6se werden zwei syrischen Fl\u00fcchtlingsfamilien f\u00fcr&hellip;","og_url":"https:\/\/martinluther.ca\/de\/2015\/10\/mach-mit-beim-weihnachtsmarkt-2015\/","og_site_name":"Martin Luther Evangelische Kirche Toronto","article_publisher":"https:\/\/www.facebook.com\/martinlutherchurchtoronto","article_published_time":"2015-10-06T01:14:05+00:00","og_image":[{"width":1024,"height":768,"url":"https:\/\/martinluther.ca\/wp-content\/uploads\/2015\/10\/2015-Christmas-BazaarBB1.jpg","type":"image\/jpeg"}],"author":"Mona Kakoschke Frantzke","twitter_card":"summary_large_image","twitter_misc":{"Verfasst von":"Mona Kakoschke Frantzke"},"schema":{"@context":"https:\/\/schema.org","@graph":[{"@type":"Article","@id":"https:\/\/martinluther.ca\/de\/2015\/10\/mach-mit-beim-weihnachtsmarkt-2015\/#article","isPartOf":{"@id":"https:\/\/martinluther.ca\/de\/2015\/10\/mach-mit-beim-weihnachtsmarkt-2015\/"},"author":{"name":"Mona Kakoschke Frantzke","@id":"https:\/\/martinluther.ca\/de\/#\/schema\/person\/815c51710f70b050f0476f18da6b0c8f"},"headline":"Mach mit beim Weihnachtsmarkt 2015","datePublished":"2015-10-06T01:14:05+00:00","mainEntityOfPage":{"@id":"https:\/\/martinluther.ca\/de\/2015\/10\/mach-mit-beim-weihnachtsmarkt-2015\/"},"wordCount":95,"publisher":{"@id":"https:\/\/martinluther.ca\/de\/#organization"},"image":{"@id":"https:\/\/martinluther.ca\/de\/2015\/10\/mach-mit-beim-weihnachtsmarkt-2015\/#primaryimage"},"thumbnailUrl":"https:\/\/martinluther.ca\/wp-content\/uploads\/2015\/10\/2015-Christmas-BazaarBB1.jpg","articleSection":["News Blog - German"],"inLanguage":"de"},{"@type":"WebPage","@id":"https:\/\/martinluther.ca\/de\/2015\/10\/mach-mit-beim-weihnachtsmarkt-2015\/","url":"https:\/\/martinluther.ca\/de\/2015\/10\/mach-mit-beim-weihnachtsmarkt-2015\/","name":"Mach mit beim Weihnachtsmarkt 2015 - Martin Luther Evangelische Kirche Toronto","isPartOf":{"@id":"https:\/\/martinluther.ca\/de\/#website"},"primaryImageOfPage":{"@id":"https:\/\/martinluther.ca\/de\/2015\/10\/mach-mit-beim-weihnachtsmarkt-2015\/#primaryimage"},"image":{"@id":"https:\/\/martinluther.ca\/de\/2015\/10\/mach-mit-beim-weihnachtsmarkt-2015\/#primaryimage"},"thumbnailUrl":"https:\/\/martinluther.ca\/wp-content\/uploads\/2015\/10\/2015-Christmas-BazaarBB1.jpg","datePublished":"2015-10-06T01:14:05+00:00","breadcrumb":{"@id":"https:\/\/martinluther.ca\/de\/2015\/10\/mach-mit-beim-weihnachtsmarkt-2015\/#breadcrumb"},"inLanguage":"de","potentialAction":[{"@type":"ReadAction","target":["https:\/\/martinluther.ca\/de\/2015\/10\/mach-mit-beim-weihnachtsmarkt-2015\/"]}]},{"@type":"ImageObject","inLanguage":"de","@id":"https:\/\/martinluther.ca\/de\/2015\/10\/mach-mit-beim-weihnachtsmarkt-2015\/#primaryimage","url":"https:\/\/martinluther.ca\/wp-content\/uploads\/2015\/10\/2015-Christmas-BazaarBB1.jpg","contentUrl":"https:\/\/martinluther.ca\/wp-content\/uploads\/2015\/10\/2015-Christmas-BazaarBB1.jpg","width":1024,"height":768,"caption":"2015 Christmas Bazaar"},{"@type":"BreadcrumbList","@id":"https:\/\/martinluther.ca\/de\/2015\/10\/mach-mit-beim-weihnachtsmarkt-2015\/#breadcrumb","itemListElement":[{"@type":"ListItem","position":1,"name":"Home","item":"https:\/\/martinluther.ca\/de\/"},{"@type":"ListItem","position":2,"name":"Mach mit beim Weihnachtsmarkt 2015"}]},{"@type":"WebSite","@id":"https:\/\/martinluther.ca\/de\/#website","url":"https:\/\/martinluther.ca\/de\/","name":"Martin Luther Evangelical Church Toronto","description":"Deutsch &amp; Englisch","publisher":{"@id":"https:\/\/martinluther.ca\/de\/#organization"},"potentialAction":[{"@type":"SearchAction","target":{"@type":"EntryPoint","urlTemplate":"https:\/\/martinluther.ca\/de\/?s={search_term_string}"},"query-input":{"@type":"PropertyValueSpecification","valueRequired":true,"valueName":"search_term_string"}}],"inLanguage":"de"},{"@type":"Organization","@id":"https:\/\/martinluther.ca\/de\/#organization","name":"Martin Luther Evangelical Church Toronto","url":"https:\/\/martinluther.ca\/de\/","logo":{"@type":"ImageObject","inLanguage":"de","@id":"https:\/\/martinluther.ca\/de\/#\/schema\/logo\/image\/","url":"https:\/\/martinluther.ca\/wp-content\/uploads\/2016\/12\/ml-logo-300.png","contentUrl":"https:\/\/martinluther.ca\/wp-content\/uploads\/2016\/12\/ml-logo-300.png","width":300,"height":150,"caption":"Martin Luther Evangelical Church Toronto"},"image":{"@id":"https:\/\/martinluther.ca\/de\/#\/schema\/logo\/image\/"},"sameAs":["https:\/\/www.facebook.com\/martinlutherchurchtoronto","https:\/\/www.instagram.com\/lutheransbythelake\/","https:\/\/www.youtube.com\/MartinLutherChurchToronto"]},{"@type":"Person","@id":"https:\/\/martinluther.ca\/de\/#\/schema\/person\/815c51710f70b050f0476f18da6b0c8f","name":"Mona Kakoschke Frantzke","image":{"@type":"ImageObject","inLanguage":"de","@id":"https:\/\/secure.gravatar.com\/avatar\/0deb16854ca545cd2e9fc8001ca110d262b80d5c8317b38dc542265fbea0ed19?s=96&d=mm&r=g","url":"https:\/\/secure.gravatar.com\/avatar\/0deb16854ca545cd2e9fc8001ca110d262b80d5c8317b38dc542265fbea0ed19?s=96&d=mm&r=g","contentUrl":"https:\/\/secure.gravatar.com\/avatar\/0deb16854ca545cd2e9fc8001ca110d262b80d5c8317b38dc542265fbea0ed19?s=96&d=mm&r=g","caption":"Mona Kakoschke Frantzke"},"url":false}]}},"_links":{"self":[{"href":"https:\/\/martinluther.ca\/de\/wp-json\/wp\/v2\/posts\/22947","targetHints":{"allow":["GET"]}}],"collection":[{"href":"https:\/\/martinluther.ca\/de\/wp-json\/wp\/v2\/posts"}],"about":[{"href":"https:\/\/martinluther.ca\/de\/wp-json\/wp\/v2\/types\/post"}],"author":[{"embeddable":true,"href":"https:\/\/martinluther.ca\/de\/wp-json\/wp\/v2\/users\/9"}],"replies":[{"embeddable":true,"href":"https:\/\/martinluther.ca\/de\/wp-json\/wp\/v2\/comments?post=22947"}],"version-history":[{"count":1,"href":"https:\/\/martinluther.ca\/de\/wp-json\/wp\/v2\/posts\/22947\/revisions"}],"predecessor-version":[{"id":22948,"href":"https:\/\/martinluther.ca\/de\/wp-json\/wp\/v2\/posts\/22947\/revisions\/22948"}],"wp:featuredmedia":[{"embeddable":true,"href":"https:\/\/martinluther.ca\/de\/wp-json\/wp\/v2\/media\/22943"}],"wp:attachment":[{"href":"https:\/\/martinluther.ca\/de\/wp-json\/wp\/v2\/media?parent=22947"}],"wp:term":[{"taxonomy":"category","embeddable":true,"href":"https:\/\/martinluther.ca\/de\/wp-json\/wp\/v2\/categories?post=22947"},{"taxonomy":"post_tag","embeddable":true,"href":"https:\/\/martinluther.ca\/de\/wp-json\/wp\/v2\/tags?post=22947"},{"taxonomy":"post_series","embeddable":true,"href":"https:\/\/martinluther.ca\/de\/wp-json\/wp\/v2\/post_series?post=22947"}],"curies":[{"name":"wp","href":"https:\/\/api.w.org\/{rel}","templated":true}]}}