{"id":23072,"date":"2015-11-13T11:14:51","date_gmt":"2015-11-13T16:14:51","guid":{"rendered":"https:\/\/martinluther.ca\/de\/?p=23072"},"modified":"2015-11-18T11:51:31","modified_gmt":"2015-11-18T16:51:31","slug":"herzliche-einladung-zum-mlk-weihnachtsbasar","status":"publish","type":"post","link":"https:\/\/martinluther.ca\/de\/2015\/11\/herzliche-einladung-zum-mlk-weihnachtsbasar\/","title":{"rendered":"Herzliche Einladung zum MLK Weihnachtsbasar"},"content":{"rendered":"<p><img loading=\"lazy\" decoding=\"async\" class=\"alignright size-medium wp-image-23069\" src=\"https:\/\/martinluther.ca\/wp-content\/uploads\/2015\/11\/2015-MLKWeihnachtsBazaar29Nov-4-6Uhr-237x300.jpg\" alt=\"2015-MLKWeihnachtsBazaar29Nov-12-16Uhr\" width=\"237\" height=\"300\" srcset=\"https:\/\/martinluther.ca\/wp-content\/uploads\/2015\/11\/2015-MLKWeihnachtsBazaar29Nov-4-6Uhr-237x300.jpg 237w, https:\/\/martinluther.ca\/wp-content\/uploads\/2015\/11\/2015-MLKWeihnachtsBazaar29Nov-4-6Uhr-808x1024.jpg 808w, https:\/\/martinluther.ca\/wp-content\/uploads\/2015\/11\/2015-MLKWeihnachtsBazaar29Nov-4-6Uhr.jpg 1032w\" sizes=\"auto, (max-width: 237px) 100vw, 237px\" \/>Es weihnachtet in Etobicoke! Die Martin Luther Kirche (MLK) l\u00e4dt Sie sehr herzlich zum diesj\u00e4hrigen Weihnachtsbasar ein. Freuen Sie sich auf den Nikolaus, leckere Weihnachtsb\u00e4ckerei, weihnachtliche Lieder, einen Basar mit kreativen, handgemachten Sch\u00e4tzen, unglaublich gutes Essen (es gibt W\u00fcrstchen vom Grill und frische Waffeln!), Gl\u00fchwein, liebe Menschen und einfach eine zauberhaft weihnachtliche Stimmung.<\/p>\n<p><strong>29. November 2015 (1. Adventsonntag), von 12 \u2013 16 Uhr<\/strong><br \/>\n<strong>Martin Luther Kirche, 2379 Lake Shore Blvd W, Etobicoke, ON, M8V 1B7<\/strong><\/p>\n<p>Der Erl\u00f6s wird zwei syrischen Fl\u00fcchtlingsfamilien f\u00fcr deren Einwanderung und Integration zur Verf\u00fcgung gestellt.<\/p>\n<p>Gottesdienste vorher um 9.45 Uhr (englisch) und 11 Uhr (deutsch).<br \/>\nWir freuen uns auf Sie und Ihre Lieben!<\/p>\n<p>The poster for this event is both in English and German: <a href=\"https:\/\/martinluther.ca\/wp-content\/uploads\/2015\/11\/2015-MLCChristmasBazaarPosterNov29-4-6pm.pdf\" target=\"_blank\">2015 Christmas Bazaar Nov 29 -12-4pm<\/a><\/p>\n<p><a href=\"https:\/\/www.facebook.com\/events\/756557747821279\/\" target=\"_blank\"><span style=\"color: #0066cc;\">Facebook Event<\/span><\/a><\/p>\n<p><a href=\"http:\/\/www.meetup.com\/gtagerman\/events\/225674352\/?a=co2_grp&amp;gj=co2&amp;rv=co2\" target=\"_blank\"><span style=\"color: #0066cc;\">Meetup Group <\/span><\/a><\/p>\n","protected":false},"excerpt":{"rendered":"<p>Es weihnachtet in Etobicoke! Die Martin Luther Kirche (MLK) l\u00e4dt Sie sehr herzlich zum diesj\u00e4hrigen Weihnachtsbasar ein. Freuen Sie sich auf den Nikolaus, leckere Weihnachtsb\u00e4ckerei, weihnachtliche Lieder, einen Basar mit kreativen, handgemachten Sch\u00e4tzen, unglaublich gutes Essen (es gibt W\u00fcrstchen vom Grill und frische Waffeln!), Gl\u00fchwein, liebe Menschen und einfach eine zauberhaft weihnachtliche Stimmung. 29. November&hellip;<\/p>\n","protected":false},"author":9,"featured_media":23076,"comment_status":"closed","ping_status":"closed","sticky":false,"template":"","format":"standard","meta":{"footnotes":""},"categories":[69],"tags":[],"post_series":[],"class_list":["post-23072","post","type-post","status-publish","format-standard","has-post-thumbnail","hentry","category-news-blog-german","entry","has-media"],"yoast_head":"<!-- This site is optimized with the Yoast SEO plugin v27.5 - https:\/\/yoast.com\/product\/yoast-seo-wordpress\/ -->\n<title>Herzliche Einladung zum MLK Weihnachtsbasar - Martin Luther Evangelische Kirche Toronto<\/title>\n<meta name=\"robots\" content=\"index, follow, max-snippet:-1, max-image-preview:large, max-video-preview:-1\" \/>\n<link rel=\"canonical\" href=\"https:\/\/martinluther.ca\/de\/2015\/11\/herzliche-einladung-zum-mlk-weihnachtsbasar\/\" \/>\n<meta property=\"og:locale\" content=\"de_DE\" \/>\n<meta property=\"og:type\" content=\"article\" \/>\n<meta property=\"og:title\" content=\"Herzliche Einladung zum MLK Weihnachtsbasar - Martin Luther Evangelische Kirche Toronto\" \/>\n<meta property=\"og:description\" content=\"Es weihnachtet in Etobicoke! Die Martin Luther Kirche (MLK) l\u00e4dt Sie sehr herzlich zum diesj\u00e4hrigen Weihnachtsbasar ein. Freuen Sie sich auf den Nikolaus, leckere Weihnachtsb\u00e4ckerei, weihnachtliche Lieder, einen Basar mit kreativen, handgemachten Sch\u00e4tzen, unglaublich gutes Essen (es gibt W\u00fcrstchen vom Grill und frische Waffeln!), Gl\u00fchwein, liebe Menschen und einfach eine zauberhaft weihnachtliche Stimmung. 29. November&hellip;\" \/>\n<meta property=\"og:url\" content=\"https:\/\/martinluther.ca\/de\/2015\/11\/herzliche-einladung-zum-mlk-weihnachtsbasar\/\" \/>\n<meta property=\"og:site_name\" content=\"Martin Luther Evangelische Kirche Toronto\" \/>\n<meta property=\"article:publisher\" content=\"https:\/\/www.facebook.com\/martinlutherchurchtoronto\" \/>\n<meta property=\"article:published_time\" content=\"2015-11-13T16:14:51+00:00\" \/>\n<meta property=\"article:modified_time\" content=\"2015-11-18T16:51:31+00:00\" \/>\n<meta property=\"og:image\" content=\"https:\/\/martinluther.ca\/wp-content\/uploads\/2015\/11\/2015-MLKWeihnachtsBazaar29Nov-12-16Uhr-50and3-4.jpg\" \/>\n\t<meta property=\"og:image:width\" content=\"244\" \/>\n\t<meta property=\"og:image:height\" content=\"327\" \/>\n\t<meta property=\"og:image:type\" content=\"image\/jpeg\" \/>\n<meta name=\"author\" content=\"Mona Kakoschke Frantzke\" \/>\n<meta name=\"twitter:card\" content=\"summary_large_image\" \/>\n<meta name=\"twitter:label1\" content=\"Verfasst von\" \/>\n\t<meta name=\"twitter:data1\" content=\"Mona Kakoschke Frantzke\" \/>\n\t<meta name=\"twitter:label2\" content=\"Gesch\u00e4tzte Lesezeit\" \/>\n\t<meta name=\"twitter:data2\" content=\"1\u00a0Minute\" \/>\n<script type=\"application\/ld+json\" class=\"yoast-schema-graph\">{\"@context\":\"https:\\\/\\\/schema.org\",\"@graph\":[{\"@type\":\"Article\",\"@id\":\"https:\\\/\\\/martinluther.ca\\\/de\\\/2015\\\/11\\\/herzliche-einladung-zum-mlk-weihnachtsbasar\\\/#article\",\"isPartOf\":{\"@id\":\"https:\\\/\\\/martinluther.ca\\\/de\\\/2015\\\/11\\\/herzliche-einladung-zum-mlk-weihnachtsbasar\\\/\"},\"author\":{\"name\":\"Mona Kakoschke Frantzke\",\"@id\":\"https:\\\/\\\/martinluther.ca\\\/de\\\/#\\\/schema\\\/person\\\/815c51710f70b050f0476f18da6b0c8f\"},\"headline\":\"Herzliche Einladung zum MLK Weihnachtsbasar\",\"datePublished\":\"2015-11-13T16:14:51+00:00\",\"dateModified\":\"2015-11-18T16:51:31+00:00\",\"mainEntityOfPage\":{\"@id\":\"https:\\\/\\\/martinluther.ca\\\/de\\\/2015\\\/11\\\/herzliche-einladung-zum-mlk-weihnachtsbasar\\\/\"},\"wordCount\":135,\"publisher\":{\"@id\":\"https:\\\/\\\/martinluther.ca\\\/de\\\/#organization\"},\"image\":{\"@id\":\"https:\\\/\\\/martinluther.ca\\\/de\\\/2015\\\/11\\\/herzliche-einladung-zum-mlk-weihnachtsbasar\\\/#primaryimage\"},\"thumbnailUrl\":\"https:\\\/\\\/martinluther.ca\\\/wp-content\\\/uploads\\\/2015\\\/11\\\/2015-MLKWeihnachtsBazaar29Nov-12-16Uhr-50and3-4.jpg\",\"articleSection\":[\"News Blog - German\"],\"inLanguage\":\"de\"},{\"@type\":\"WebPage\",\"@id\":\"https:\\\/\\\/martinluther.ca\\\/de\\\/2015\\\/11\\\/herzliche-einladung-zum-mlk-weihnachtsbasar\\\/\",\"url\":\"https:\\\/\\\/martinluther.ca\\\/de\\\/2015\\\/11\\\/herzliche-einladung-zum-mlk-weihnachtsbasar\\\/\",\"name\":\"Herzliche Einladung zum MLK Weihnachtsbasar - Martin Luther Evangelische Kirche Toronto\",\"isPartOf\":{\"@id\":\"https:\\\/\\\/martinluther.ca\\\/de\\\/#website\"},\"primaryImageOfPage\":{\"@id\":\"https:\\\/\\\/martinluther.ca\\\/de\\\/2015\\\/11\\\/herzliche-einladung-zum-mlk-weihnachtsbasar\\\/#primaryimage\"},\"image\":{\"@id\":\"https:\\\/\\\/martinluther.ca\\\/de\\\/2015\\\/11\\\/herzliche-einladung-zum-mlk-weihnachtsbasar\\\/#primaryimage\"},\"thumbnailUrl\":\"https:\\\/\\\/martinluther.ca\\\/wp-content\\\/uploads\\\/2015\\\/11\\\/2015-MLKWeihnachtsBazaar29Nov-12-16Uhr-50and3-4.jpg\",\"datePublished\":\"2015-11-13T16:14:51+00:00\",\"dateModified\":\"2015-11-18T16:51:31+00:00\",\"breadcrumb\":{\"@id\":\"https:\\\/\\\/martinluther.ca\\\/de\\\/2015\\\/11\\\/herzliche-einladung-zum-mlk-weihnachtsbasar\\\/#breadcrumb\"},\"inLanguage\":\"de\",\"potentialAction\":[{\"@type\":\"ReadAction\",\"target\":[\"https:\\\/\\\/martinluther.ca\\\/de\\\/2015\\\/11\\\/herzliche-einladung-zum-mlk-weihnachtsbasar\\\/\"]}]},{\"@type\":\"ImageObject\",\"inLanguage\":\"de\",\"@id\":\"https:\\\/\\\/martinluther.ca\\\/de\\\/2015\\\/11\\\/herzliche-einladung-zum-mlk-weihnachtsbasar\\\/#primaryimage\",\"url\":\"https:\\\/\\\/martinluther.ca\\\/wp-content\\\/uploads\\\/2015\\\/11\\\/2015-MLKWeihnachtsBazaar29Nov-12-16Uhr-50and3-4.jpg\",\"contentUrl\":\"https:\\\/\\\/martinluther.ca\\\/wp-content\\\/uploads\\\/2015\\\/11\\\/2015-MLKWeihnachtsBazaar29Nov-12-16Uhr-50and3-4.jpg\",\"width\":244,\"height\":327,\"caption\":\"2015 MLK WeihnachtsBazaar 29Nov -12-16Uhr\"},{\"@type\":\"BreadcrumbList\",\"@id\":\"https:\\\/\\\/martinluther.ca\\\/de\\\/2015\\\/11\\\/herzliche-einladung-zum-mlk-weihnachtsbasar\\\/#breadcrumb\",\"itemListElement\":[{\"@type\":\"ListItem\",\"position\":1,\"name\":\"Home\",\"item\":\"https:\\\/\\\/martinluther.ca\\\/de\\\/\"},{\"@type\":\"ListItem\",\"position\":2,\"name\":\"Herzliche Einladung zum MLK Weihnachtsbasar\"}]},{\"@type\":\"WebSite\",\"@id\":\"https:\\\/\\\/martinluther.ca\\\/de\\\/#website\",\"url\":\"https:\\\/\\\/martinluther.ca\\\/de\\\/\",\"name\":\"Martin Luther Evangelical Church Toronto\",\"description\":\"Deutsch &amp; Englisch\",\"publisher\":{\"@id\":\"https:\\\/\\\/martinluther.ca\\\/de\\\/#organization\"},\"potentialAction\":[{\"@type\":\"SearchAction\",\"target\":{\"@type\":\"EntryPoint\",\"urlTemplate\":\"https:\\\/\\\/martinluther.ca\\\/de\\\/?s={search_term_string}\"},\"query-input\":{\"@type\":\"PropertyValueSpecification\",\"valueRequired\":true,\"valueName\":\"search_term_string\"}}],\"inLanguage\":\"de\"},{\"@type\":\"Organization\",\"@id\":\"https:\\\/\\\/martinluther.ca\\\/de\\\/#organization\",\"name\":\"Martin Luther Evangelical Church Toronto\",\"url\":\"https:\\\/\\\/martinluther.ca\\\/de\\\/\",\"logo\":{\"@type\":\"ImageObject\",\"inLanguage\":\"de\",\"@id\":\"https:\\\/\\\/martinluther.ca\\\/de\\\/#\\\/schema\\\/logo\\\/image\\\/\",\"url\":\"https:\\\/\\\/martinluther.ca\\\/wp-content\\\/uploads\\\/2016\\\/12\\\/ml-logo-300.png\",\"contentUrl\":\"https:\\\/\\\/martinluther.ca\\\/wp-content\\\/uploads\\\/2016\\\/12\\\/ml-logo-300.png\",\"width\":300,\"height\":150,\"caption\":\"Martin Luther Evangelical Church Toronto\"},\"image\":{\"@id\":\"https:\\\/\\\/martinluther.ca\\\/de\\\/#\\\/schema\\\/logo\\\/image\\\/\"},\"sameAs\":[\"https:\\\/\\\/www.facebook.com\\\/martinlutherchurchtoronto\",\"https:\\\/\\\/www.instagram.com\\\/lutheransbythelake\\\/\",\"https:\\\/\\\/www.youtube.com\\\/MartinLutherChurchToronto\"]},{\"@type\":\"Person\",\"@id\":\"https:\\\/\\\/martinluther.ca\\\/de\\\/#\\\/schema\\\/person\\\/815c51710f70b050f0476f18da6b0c8f\",\"name\":\"Mona Kakoschke Frantzke\",\"image\":{\"@type\":\"ImageObject\",\"inLanguage\":\"de\",\"@id\":\"https:\\\/\\\/secure.gravatar.com\\\/avatar\\\/0deb16854ca545cd2e9fc8001ca110d262b80d5c8317b38dc542265fbea0ed19?s=96&d=mm&r=g\",\"url\":\"https:\\\/\\\/secure.gravatar.com\\\/avatar\\\/0deb16854ca545cd2e9fc8001ca110d262b80d5c8317b38dc542265fbea0ed19?s=96&d=mm&r=g\",\"contentUrl\":\"https:\\\/\\\/secure.gravatar.com\\\/avatar\\\/0deb16854ca545cd2e9fc8001ca110d262b80d5c8317b38dc542265fbea0ed19?s=96&d=mm&r=g\",\"caption\":\"Mona Kakoschke Frantzke\"},\"url\":false}]}<\/script>\n<!-- \/ Yoast SEO plugin. -->","yoast_head_json":{"title":"Herzliche Einladung zum MLK Weihnachtsbasar - Martin Luther Evangelische Kirche Toronto","robots":{"index":"index","follow":"follow","max-snippet":"max-snippet:-1","max-image-preview":"max-image-preview:large","max-video-preview":"max-video-preview:-1"},"canonical":"https:\/\/martinluther.ca\/de\/2015\/11\/herzliche-einladung-zum-mlk-weihnachtsbasar\/","og_locale":"de_DE","og_type":"article","og_title":"Herzliche Einladung zum MLK Weihnachtsbasar - Martin Luther Evangelische Kirche Toronto","og_description":"Es weihnachtet in Etobicoke! Die Martin Luther Kirche (MLK) l\u00e4dt Sie sehr herzlich zum diesj\u00e4hrigen Weihnachtsbasar ein. Freuen Sie sich auf den Nikolaus, leckere Weihnachtsb\u00e4ckerei, weihnachtliche Lieder, einen Basar mit kreativen, handgemachten Sch\u00e4tzen, unglaublich gutes Essen (es gibt W\u00fcrstchen vom Grill und frische Waffeln!), Gl\u00fchwein, liebe Menschen und einfach eine zauberhaft weihnachtliche Stimmung. 29. November&hellip;","og_url":"https:\/\/martinluther.ca\/de\/2015\/11\/herzliche-einladung-zum-mlk-weihnachtsbasar\/","og_site_name":"Martin Luther Evangelische Kirche Toronto","article_publisher":"https:\/\/www.facebook.com\/martinlutherchurchtoronto","article_published_time":"2015-11-13T16:14:51+00:00","article_modified_time":"2015-11-18T16:51:31+00:00","og_image":[{"width":244,"height":327,"url":"https:\/\/martinluther.ca\/wp-content\/uploads\/2015\/11\/2015-MLKWeihnachtsBazaar29Nov-12-16Uhr-50and3-4.jpg","type":"image\/jpeg"}],"author":"Mona Kakoschke Frantzke","twitter_card":"summary_large_image","twitter_misc":{"Verfasst von":"Mona Kakoschke Frantzke","Gesch\u00e4tzte Lesezeit":"1\u00a0Minute"},"schema":{"@context":"https:\/\/schema.org","@graph":[{"@type":"Article","@id":"https:\/\/martinluther.ca\/de\/2015\/11\/herzliche-einladung-zum-mlk-weihnachtsbasar\/#article","isPartOf":{"@id":"https:\/\/martinluther.ca\/de\/2015\/11\/herzliche-einladung-zum-mlk-weihnachtsbasar\/"},"author":{"name":"Mona Kakoschke Frantzke","@id":"https:\/\/martinluther.ca\/de\/#\/schema\/person\/815c51710f70b050f0476f18da6b0c8f"},"headline":"Herzliche Einladung zum MLK Weihnachtsbasar","datePublished":"2015-11-13T16:14:51+00:00","dateModified":"2015-11-18T16:51:31+00:00","mainEntityOfPage":{"@id":"https:\/\/martinluther.ca\/de\/2015\/11\/herzliche-einladung-zum-mlk-weihnachtsbasar\/"},"wordCount":135,"publisher":{"@id":"https:\/\/martinluther.ca\/de\/#organization"},"image":{"@id":"https:\/\/martinluther.ca\/de\/2015\/11\/herzliche-einladung-zum-mlk-weihnachtsbasar\/#primaryimage"},"thumbnailUrl":"https:\/\/martinluther.ca\/wp-content\/uploads\/2015\/11\/2015-MLKWeihnachtsBazaar29Nov-12-16Uhr-50and3-4.jpg","articleSection":["News Blog - German"],"inLanguage":"de"},{"@type":"WebPage","@id":"https:\/\/martinluther.ca\/de\/2015\/11\/herzliche-einladung-zum-mlk-weihnachtsbasar\/","url":"https:\/\/martinluther.ca\/de\/2015\/11\/herzliche-einladung-zum-mlk-weihnachtsbasar\/","name":"Herzliche Einladung zum MLK Weihnachtsbasar - Martin Luther Evangelische Kirche Toronto","isPartOf":{"@id":"https:\/\/martinluther.ca\/de\/#website"},"primaryImageOfPage":{"@id":"https:\/\/martinluther.ca\/de\/2015\/11\/herzliche-einladung-zum-mlk-weihnachtsbasar\/#primaryimage"},"image":{"@id":"https:\/\/martinluther.ca\/de\/2015\/11\/herzliche-einladung-zum-mlk-weihnachtsbasar\/#primaryimage"},"thumbnailUrl":"https:\/\/martinluther.ca\/wp-content\/uploads\/2015\/11\/2015-MLKWeihnachtsBazaar29Nov-12-16Uhr-50and3-4.jpg","datePublished":"2015-11-13T16:14:51+00:00","dateModified":"2015-11-18T16:51:31+00:00","breadcrumb":{"@id":"https:\/\/martinluther.ca\/de\/2015\/11\/herzliche-einladung-zum-mlk-weihnachtsbasar\/#breadcrumb"},"inLanguage":"de","potentialAction":[{"@type":"ReadAction","target":["https:\/\/martinluther.ca\/de\/2015\/11\/herzliche-einladung-zum-mlk-weihnachtsbasar\/"]}]},{"@type":"ImageObject","inLanguage":"de","@id":"https:\/\/martinluther.ca\/de\/2015\/11\/herzliche-einladung-zum-mlk-weihnachtsbasar\/#primaryimage","url":"https:\/\/martinluther.ca\/wp-content\/uploads\/2015\/11\/2015-MLKWeihnachtsBazaar29Nov-12-16Uhr-50and3-4.jpg","contentUrl":"https:\/\/martinluther.ca\/wp-content\/uploads\/2015\/11\/2015-MLKWeihnachtsBazaar29Nov-12-16Uhr-50and3-4.jpg","width":244,"height":327,"caption":"2015 MLK WeihnachtsBazaar 29Nov -12-16Uhr"},{"@type":"BreadcrumbList","@id":"https:\/\/martinluther.ca\/de\/2015\/11\/herzliche-einladung-zum-mlk-weihnachtsbasar\/#breadcrumb","itemListElement":[{"@type":"ListItem","position":1,"name":"Home","item":"https:\/\/martinluther.ca\/de\/"},{"@type":"ListItem","position":2,"name":"Herzliche Einladung zum MLK Weihnachtsbasar"}]},{"@type":"WebSite","@id":"https:\/\/martinluther.ca\/de\/#website","url":"https:\/\/martinluther.ca\/de\/","name":"Martin Luther Evangelical Church Toronto","description":"Deutsch &amp; Englisch","publisher":{"@id":"https:\/\/martinluther.ca\/de\/#organization"},"potentialAction":[{"@type":"SearchAction","target":{"@type":"EntryPoint","urlTemplate":"https:\/\/martinluther.ca\/de\/?s={search_term_string}"},"query-input":{"@type":"PropertyValueSpecification","valueRequired":true,"valueName":"search_term_string"}}],"inLanguage":"de"},{"@type":"Organization","@id":"https:\/\/martinluther.ca\/de\/#organization","name":"Martin Luther Evangelical Church Toronto","url":"https:\/\/martinluther.ca\/de\/","logo":{"@type":"ImageObject","inLanguage":"de","@id":"https:\/\/martinluther.ca\/de\/#\/schema\/logo\/image\/","url":"https:\/\/martinluther.ca\/wp-content\/uploads\/2016\/12\/ml-logo-300.png","contentUrl":"https:\/\/martinluther.ca\/wp-content\/uploads\/2016\/12\/ml-logo-300.png","width":300,"height":150,"caption":"Martin Luther Evangelical Church Toronto"},"image":{"@id":"https:\/\/martinluther.ca\/de\/#\/schema\/logo\/image\/"},"sameAs":["https:\/\/www.facebook.com\/martinlutherchurchtoronto","https:\/\/www.instagram.com\/lutheransbythelake\/","https:\/\/www.youtube.com\/MartinLutherChurchToronto"]},{"@type":"Person","@id":"https:\/\/martinluther.ca\/de\/#\/schema\/person\/815c51710f70b050f0476f18da6b0c8f","name":"Mona Kakoschke Frantzke","image":{"@type":"ImageObject","inLanguage":"de","@id":"https:\/\/secure.gravatar.com\/avatar\/0deb16854ca545cd2e9fc8001ca110d262b80d5c8317b38dc542265fbea0ed19?s=96&d=mm&r=g","url":"https:\/\/secure.gravatar.com\/avatar\/0deb16854ca545cd2e9fc8001ca110d262b80d5c8317b38dc542265fbea0ed19?s=96&d=mm&r=g","contentUrl":"https:\/\/secure.gravatar.com\/avatar\/0deb16854ca545cd2e9fc8001ca110d262b80d5c8317b38dc542265fbea0ed19?s=96&d=mm&r=g","caption":"Mona Kakoschke Frantzke"},"url":false}]}},"_links":{"self":[{"href":"https:\/\/martinluther.ca\/de\/wp-json\/wp\/v2\/posts\/23072","targetHints":{"allow":["GET"]}}],"collection":[{"href":"https:\/\/martinluther.ca\/de\/wp-json\/wp\/v2\/posts"}],"about":[{"href":"https:\/\/martinluther.ca\/de\/wp-json\/wp\/v2\/types\/post"}],"author":[{"embeddable":true,"href":"https:\/\/martinluther.ca\/de\/wp-json\/wp\/v2\/users\/9"}],"replies":[{"embeddable":true,"href":"https:\/\/martinluther.ca\/de\/wp-json\/wp\/v2\/comments?post=23072"}],"version-history":[{"count":6,"href":"https:\/\/martinluther.ca\/de\/wp-json\/wp\/v2\/posts\/23072\/revisions"}],"predecessor-version":[{"id":23115,"href":"https:\/\/martinluther.ca\/de\/wp-json\/wp\/v2\/posts\/23072\/revisions\/23115"}],"wp:featuredmedia":[{"embeddable":true,"href":"https:\/\/martinluther.ca\/de\/wp-json\/wp\/v2\/media\/23076"}],"wp:attachment":[{"href":"https:\/\/martinluther.ca\/de\/wp-json\/wp\/v2\/media?parent=23072"}],"wp:term":[{"taxonomy":"category","embeddable":true,"href":"https:\/\/martinluther.ca\/de\/wp-json\/wp\/v2\/categories?post=23072"},{"taxonomy":"post_tag","embeddable":true,"href":"https:\/\/martinluther.ca\/de\/wp-json\/wp\/v2\/tags?post=23072"},{"taxonomy":"post_series","embeddable":true,"href":"https:\/\/martinluther.ca\/de\/wp-json\/wp\/v2\/post_series?post=23072"}],"curies":[{"name":"wp","href":"https:\/\/api.w.org\/{rel}","templated":true}]}}