{"id":23244,"date":"2015-12-01T11:09:34","date_gmt":"2015-12-01T16:09:34","guid":{"rendered":"https:\/\/martinluther.ca\/de\/?p=23244"},"modified":"2015-12-01T11:10:27","modified_gmt":"2015-12-01T16:10:27","slug":"der-weihnachtsbasar-2015-tummelte-sich-rund-um-die-kirche","status":"publish","type":"post","link":"https:\/\/martinluther.ca\/de\/2015\/12\/der-weihnachtsbasar-2015-tummelte-sich-rund-um-die-kirche\/","title":{"rendered":"Der Weihnachtsbasar 2015 tummelte sich rund um die Kirche"},"content":{"rendered":"<figure id=\"attachment_23240\" aria-describedby=\"caption-attachment-23240\" style=\"width: 300px\" class=\"wp-caption alignright\"><img loading=\"lazy\" decoding=\"async\" class=\"size-medium wp-image-23240\" src=\"https:\/\/martinluther.ca\/wp-content\/uploads\/2015\/12\/2015-Christmas-Bazaar-15BB-300x225.jpg\" alt=\"2015 Christmas Bazaar Nicholaus 2\" width=\"300\" height=\"225\" srcset=\"https:\/\/martinluther.ca\/wp-content\/uploads\/2015\/12\/2015-Christmas-Bazaar-15BB-300x225.jpg 300w, https:\/\/martinluther.ca\/wp-content\/uploads\/2015\/12\/2015-Christmas-Bazaar-15BB-1024x768.jpg 1024w\" sizes=\"auto, (max-width: 300px) 100vw, 300px\" \/><figcaption id=\"caption-attachment-23240\" class=\"wp-caption-text\">2015 Christmas Bazaar<\/figcaption><\/figure>\n<p>Was haben Pl\u00e4tzchen, Weihnachtsmusik und Gl\u00fchwein gemeinsam?<br \/>\nDen Weihnachtsbasar am 29. November 2015!<\/p>\n<p>Von 12 \u2013 16 Uhr tummelte es sich rund um die Kirche. Frisch gebackene Waffeln am Eingang lockten die G\u00e4ste in die Vorweihnachtszeit. Kaffee, N\u00fcrnberger W\u00fcrstchen mit Brot und Gl\u00fchweinduft luden zur Geselligkeit ein. Diese wurde mit sanfter Gitarrenmusik untermalt, durch handgearbeitete Geschenkeink\u00e4ufe belebt und durch freiwillige Helfer begleitet.\u00a0 Ein herzliches Dankesch\u00f6n an alle Beteiligten; G\u00e4ste, Helfer und dem Nikolaus.<\/p>\n<p>Der Erl\u00f6s von rund $ 2.500 wird syrischen Fl\u00fcchtlingen f\u00fcr deren Einwanderung und Integration zur Verf\u00fcgung gestellt.<\/p>\n<figure id=\"attachment_23238\" aria-describedby=\"caption-attachment-23238\" style=\"width: 300px\" class=\"wp-caption alignleft\"><img loading=\"lazy\" decoding=\"async\" class=\"size-medium wp-image-23238\" src=\"https:\/\/martinluther.ca\/wp-content\/uploads\/2015\/12\/2015-Christmas-Bazaar-09BB-300x225.jpg\" alt=\"2015 Christmas Bazaar\" width=\"300\" height=\"225\" srcset=\"https:\/\/martinluther.ca\/wp-content\/uploads\/2015\/12\/2015-Christmas-Bazaar-09BB-300x225.jpg 300w, https:\/\/martinluther.ca\/wp-content\/uploads\/2015\/12\/2015-Christmas-Bazaar-09BB-1024x768.jpg 1024w\" sizes=\"auto, (max-width: 300px) 100vw, 300px\" \/><figcaption id=\"caption-attachment-23238\" class=\"wp-caption-text\">015 Christmas Bazaar<\/figcaption><\/figure>\n<figure id=\"attachment_23237\" aria-describedby=\"caption-attachment-23237\" style=\"width: 300px\" class=\"wp-caption alignleft\"><img loading=\"lazy\" decoding=\"async\" class=\"size-medium wp-image-23237\" src=\"https:\/\/martinluther.ca\/wp-content\/uploads\/2015\/12\/2015-Christmas-Bazaar-10BB-300x225.jpg\" alt=\"2015 Christmas Bazaar Nikolaus\" width=\"300\" height=\"225\" srcset=\"https:\/\/martinluther.ca\/wp-content\/uploads\/2015\/12\/2015-Christmas-Bazaar-10BB-300x225.jpg 300w, https:\/\/martinluther.ca\/wp-content\/uploads\/2015\/12\/2015-Christmas-Bazaar-10BB.jpg 1024w\" sizes=\"auto, (max-width: 300px) 100vw, 300px\" \/><figcaption id=\"caption-attachment-23237\" class=\"wp-caption-text\">2015 Christmas Bazaar<\/figcaption><\/figure>\n<figure id=\"attachment_23235\" aria-describedby=\"caption-attachment-23235\" style=\"width: 300px\" class=\"wp-caption alignleft\"><img loading=\"lazy\" decoding=\"async\" class=\"size-medium wp-image-23235\" src=\"https:\/\/martinluther.ca\/wp-content\/uploads\/2015\/12\/2015-Christmas-Bazaar-24BB-300x225.jpg\" alt=\"2015 Christmas Bazaar\" width=\"300\" height=\"225\" srcset=\"https:\/\/martinluther.ca\/wp-content\/uploads\/2015\/12\/2015-Christmas-Bazaar-24BB-300x225.jpg 300w, https:\/\/martinluther.ca\/wp-content\/uploads\/2015\/12\/2015-Christmas-Bazaar-24BB.jpg 1024w\" sizes=\"auto, (max-width: 300px) 100vw, 300px\" \/><figcaption id=\"caption-attachment-23235\" class=\"wp-caption-text\">2015 Christmas Bazaar<\/figcaption><\/figure>\n<figure id=\"attachment_23236\" aria-describedby=\"caption-attachment-23236\" style=\"width: 300px\" class=\"wp-caption alignleft\"><img loading=\"lazy\" decoding=\"async\" class=\"size-medium wp-image-23236\" src=\"https:\/\/martinluther.ca\/wp-content\/uploads\/2015\/12\/2015-Christmas-Bazaar-35BB-300x225.jpg\" alt=\"2015 Christmas Bazaar\" width=\"300\" height=\"225\" srcset=\"https:\/\/martinluther.ca\/wp-content\/uploads\/2015\/12\/2015-Christmas-Bazaar-35BB-300x225.jpg 300w, https:\/\/martinluther.ca\/wp-content\/uploads\/2015\/12\/2015-Christmas-Bazaar-35BB.jpg 1024w\" sizes=\"auto, (max-width: 300px) 100vw, 300px\" \/><figcaption id=\"caption-attachment-23236\" class=\"wp-caption-text\">2015 Christmas Bazaar<\/figcaption><\/figure>\n<figure id=\"attachment_23234\" aria-describedby=\"caption-attachment-23234\" style=\"width: 300px\" class=\"wp-caption alignleft\"><img loading=\"lazy\" decoding=\"async\" class=\"size-medium wp-image-23234\" src=\"https:\/\/martinluther.ca\/wp-content\/uploads\/2015\/12\/2015-Christmas-Bazaar-23BB-300x225.jpg\" alt=\"2015 Christmas Bazaar\" width=\"300\" height=\"225\" srcset=\"https:\/\/martinluther.ca\/wp-content\/uploads\/2015\/12\/2015-Christmas-Bazaar-23BB-300x225.jpg 300w, https:\/\/martinluther.ca\/wp-content\/uploads\/2015\/12\/2015-Christmas-Bazaar-23BB.jpg 1024w\" sizes=\"auto, (max-width: 300px) 100vw, 300px\" \/><figcaption id=\"caption-attachment-23234\" class=\"wp-caption-text\">2015 Christmas Bazaar<\/figcaption><\/figure>\n<p>&nbsp;<\/p>\n","protected":false},"excerpt":{"rendered":"<p>Was haben Pl\u00e4tzchen, Weihnachtsmusik und Gl\u00fchwein gemeinsam? Den Weihnachtsbasar am 29. November 2015! Von 12 \u2013 16 Uhr tummelte es sich rund um die Kirche. Frisch gebackene Waffeln am Eingang lockten die G\u00e4ste in die Vorweihnachtszeit. Kaffee, N\u00fcrnberger W\u00fcrstchen mit Brot und Gl\u00fchweinduft luden zur Geselligkeit ein. Diese wurde mit sanfter Gitarrenmusik untermalt, durch handgearbeitete&hellip;<\/p>\n","protected":false},"author":9,"featured_media":23240,"comment_status":"closed","ping_status":"closed","sticky":false,"template":"","format":"standard","meta":{"footnotes":""},"categories":[69],"tags":[],"post_series":[],"class_list":["post-23244","post","type-post","status-publish","format-standard","has-post-thumbnail","hentry","category-news-blog-german","entry","has-media"],"yoast_head":"<!-- This site is optimized with the Yoast SEO plugin v27.5 - https:\/\/yoast.com\/product\/yoast-seo-wordpress\/ -->\n<title>Der Weihnachtsbasar 2015 tummelte sich rund um die Kirche - Martin Luther Evangelische Kirche Toronto<\/title>\n<meta name=\"robots\" content=\"index, follow, max-snippet:-1, max-image-preview:large, max-video-preview:-1\" \/>\n<link rel=\"canonical\" href=\"https:\/\/martinluther.ca\/de\/2015\/12\/der-weihnachtsbasar-2015-tummelte-sich-rund-um-die-kirche\/\" \/>\n<meta property=\"og:locale\" content=\"de_DE\" \/>\n<meta property=\"og:type\" content=\"article\" \/>\n<meta property=\"og:title\" content=\"Der Weihnachtsbasar 2015 tummelte sich rund um die Kirche - Martin Luther Evangelische Kirche Toronto\" \/>\n<meta property=\"og:description\" content=\"Was haben Pl\u00e4tzchen, Weihnachtsmusik und Gl\u00fchwein gemeinsam? Den Weihnachtsbasar am 29. November 2015! Von 12 \u2013 16 Uhr tummelte es sich rund um die Kirche. Frisch gebackene Waffeln am Eingang lockten die G\u00e4ste in die Vorweihnachtszeit. Kaffee, N\u00fcrnberger W\u00fcrstchen mit Brot und Gl\u00fchweinduft luden zur Geselligkeit ein. Diese wurde mit sanfter Gitarrenmusik untermalt, durch handgearbeitete&hellip;\" \/>\n<meta property=\"og:url\" content=\"https:\/\/martinluther.ca\/de\/2015\/12\/der-weihnachtsbasar-2015-tummelte-sich-rund-um-die-kirche\/\" \/>\n<meta property=\"og:site_name\" content=\"Martin Luther Evangelische Kirche Toronto\" \/>\n<meta property=\"article:publisher\" content=\"https:\/\/www.facebook.com\/martinlutherchurchtoronto\" \/>\n<meta property=\"article:published_time\" content=\"2015-12-01T16:09:34+00:00\" \/>\n<meta property=\"article:modified_time\" content=\"2015-12-01T16:10:27+00:00\" \/>\n<meta property=\"og:image\" content=\"https:\/\/martinluther.ca\/wp-content\/uploads\/2015\/12\/2015-Christmas-Bazaar-15BB.jpg\" \/>\n\t<meta property=\"og:image:width\" content=\"3453\" \/>\n\t<meta property=\"og:image:height\" content=\"2590\" \/>\n\t<meta property=\"og:image:type\" content=\"image\/jpeg\" \/>\n<meta name=\"author\" content=\"Mona Kakoschke Frantzke\" \/>\n<meta name=\"twitter:card\" content=\"summary_large_image\" \/>\n<meta name=\"twitter:label1\" content=\"Verfasst von\" \/>\n\t<meta name=\"twitter:data1\" content=\"Mona Kakoschke Frantzke\" \/>\n\t<meta name=\"twitter:label2\" content=\"Gesch\u00e4tzte Lesezeit\" \/>\n\t<meta name=\"twitter:data2\" content=\"1\u00a0Minute\" \/>\n<script type=\"application\/ld+json\" class=\"yoast-schema-graph\">{\"@context\":\"https:\\\/\\\/schema.org\",\"@graph\":[{\"@type\":\"Article\",\"@id\":\"https:\\\/\\\/martinluther.ca\\\/de\\\/2015\\\/12\\\/der-weihnachtsbasar-2015-tummelte-sich-rund-um-die-kirche\\\/#article\",\"isPartOf\":{\"@id\":\"https:\\\/\\\/martinluther.ca\\\/de\\\/2015\\\/12\\\/der-weihnachtsbasar-2015-tummelte-sich-rund-um-die-kirche\\\/\"},\"author\":{\"name\":\"Mona Kakoschke Frantzke\",\"@id\":\"https:\\\/\\\/martinluther.ca\\\/de\\\/#\\\/schema\\\/person\\\/815c51710f70b050f0476f18da6b0c8f\"},\"headline\":\"Der Weihnachtsbasar 2015 tummelte sich rund um die Kirche\",\"datePublished\":\"2015-12-01T16:09:34+00:00\",\"dateModified\":\"2015-12-01T16:10:27+00:00\",\"mainEntityOfPage\":{\"@id\":\"https:\\\/\\\/martinluther.ca\\\/de\\\/2015\\\/12\\\/der-weihnachtsbasar-2015-tummelte-sich-rund-um-die-kirche\\\/\"},\"wordCount\":159,\"publisher\":{\"@id\":\"https:\\\/\\\/martinluther.ca\\\/de\\\/#organization\"},\"image\":{\"@id\":\"https:\\\/\\\/martinluther.ca\\\/de\\\/2015\\\/12\\\/der-weihnachtsbasar-2015-tummelte-sich-rund-um-die-kirche\\\/#primaryimage\"},\"thumbnailUrl\":\"https:\\\/\\\/martinluther.ca\\\/wp-content\\\/uploads\\\/2015\\\/12\\\/2015-Christmas-Bazaar-15BB.jpg\",\"articleSection\":[\"News Blog - German\"],\"inLanguage\":\"de\"},{\"@type\":\"WebPage\",\"@id\":\"https:\\\/\\\/martinluther.ca\\\/de\\\/2015\\\/12\\\/der-weihnachtsbasar-2015-tummelte-sich-rund-um-die-kirche\\\/\",\"url\":\"https:\\\/\\\/martinluther.ca\\\/de\\\/2015\\\/12\\\/der-weihnachtsbasar-2015-tummelte-sich-rund-um-die-kirche\\\/\",\"name\":\"Der Weihnachtsbasar 2015 tummelte sich rund um die Kirche - Martin Luther Evangelische Kirche Toronto\",\"isPartOf\":{\"@id\":\"https:\\\/\\\/martinluther.ca\\\/de\\\/#website\"},\"primaryImageOfPage\":{\"@id\":\"https:\\\/\\\/martinluther.ca\\\/de\\\/2015\\\/12\\\/der-weihnachtsbasar-2015-tummelte-sich-rund-um-die-kirche\\\/#primaryimage\"},\"image\":{\"@id\":\"https:\\\/\\\/martinluther.ca\\\/de\\\/2015\\\/12\\\/der-weihnachtsbasar-2015-tummelte-sich-rund-um-die-kirche\\\/#primaryimage\"},\"thumbnailUrl\":\"https:\\\/\\\/martinluther.ca\\\/wp-content\\\/uploads\\\/2015\\\/12\\\/2015-Christmas-Bazaar-15BB.jpg\",\"datePublished\":\"2015-12-01T16:09:34+00:00\",\"dateModified\":\"2015-12-01T16:10:27+00:00\",\"breadcrumb\":{\"@id\":\"https:\\\/\\\/martinluther.ca\\\/de\\\/2015\\\/12\\\/der-weihnachtsbasar-2015-tummelte-sich-rund-um-die-kirche\\\/#breadcrumb\"},\"inLanguage\":\"de\",\"potentialAction\":[{\"@type\":\"ReadAction\",\"target\":[\"https:\\\/\\\/martinluther.ca\\\/de\\\/2015\\\/12\\\/der-weihnachtsbasar-2015-tummelte-sich-rund-um-die-kirche\\\/\"]}]},{\"@type\":\"ImageObject\",\"inLanguage\":\"de\",\"@id\":\"https:\\\/\\\/martinluther.ca\\\/de\\\/2015\\\/12\\\/der-weihnachtsbasar-2015-tummelte-sich-rund-um-die-kirche\\\/#primaryimage\",\"url\":\"https:\\\/\\\/martinluther.ca\\\/wp-content\\\/uploads\\\/2015\\\/12\\\/2015-Christmas-Bazaar-15BB.jpg\",\"contentUrl\":\"https:\\\/\\\/martinluther.ca\\\/wp-content\\\/uploads\\\/2015\\\/12\\\/2015-Christmas-Bazaar-15BB.jpg\",\"width\":3453,\"height\":2590,\"caption\":\"2015 Christmas Bazaar\"},{\"@type\":\"BreadcrumbList\",\"@id\":\"https:\\\/\\\/martinluther.ca\\\/de\\\/2015\\\/12\\\/der-weihnachtsbasar-2015-tummelte-sich-rund-um-die-kirche\\\/#breadcrumb\",\"itemListElement\":[{\"@type\":\"ListItem\",\"position\":1,\"name\":\"Home\",\"item\":\"https:\\\/\\\/martinluther.ca\\\/de\\\/\"},{\"@type\":\"ListItem\",\"position\":2,\"name\":\"Der Weihnachtsbasar 2015 tummelte sich rund um die Kirche\"}]},{\"@type\":\"WebSite\",\"@id\":\"https:\\\/\\\/martinluther.ca\\\/de\\\/#website\",\"url\":\"https:\\\/\\\/martinluther.ca\\\/de\\\/\",\"name\":\"Martin Luther Evangelical Church Toronto\",\"description\":\"Deutsch &amp; Englisch\",\"publisher\":{\"@id\":\"https:\\\/\\\/martinluther.ca\\\/de\\\/#organization\"},\"potentialAction\":[{\"@type\":\"SearchAction\",\"target\":{\"@type\":\"EntryPoint\",\"urlTemplate\":\"https:\\\/\\\/martinluther.ca\\\/de\\\/?s={search_term_string}\"},\"query-input\":{\"@type\":\"PropertyValueSpecification\",\"valueRequired\":true,\"valueName\":\"search_term_string\"}}],\"inLanguage\":\"de\"},{\"@type\":\"Organization\",\"@id\":\"https:\\\/\\\/martinluther.ca\\\/de\\\/#organization\",\"name\":\"Martin Luther Evangelical Church Toronto\",\"url\":\"https:\\\/\\\/martinluther.ca\\\/de\\\/\",\"logo\":{\"@type\":\"ImageObject\",\"inLanguage\":\"de\",\"@id\":\"https:\\\/\\\/martinluther.ca\\\/de\\\/#\\\/schema\\\/logo\\\/image\\\/\",\"url\":\"https:\\\/\\\/martinluther.ca\\\/wp-content\\\/uploads\\\/2016\\\/12\\\/ml-logo-300.png\",\"contentUrl\":\"https:\\\/\\\/martinluther.ca\\\/wp-content\\\/uploads\\\/2016\\\/12\\\/ml-logo-300.png\",\"width\":300,\"height\":150,\"caption\":\"Martin Luther Evangelical Church Toronto\"},\"image\":{\"@id\":\"https:\\\/\\\/martinluther.ca\\\/de\\\/#\\\/schema\\\/logo\\\/image\\\/\"},\"sameAs\":[\"https:\\\/\\\/www.facebook.com\\\/martinlutherchurchtoronto\",\"https:\\\/\\\/www.instagram.com\\\/lutheransbythelake\\\/\",\"https:\\\/\\\/www.youtube.com\\\/MartinLutherChurchToronto\"]},{\"@type\":\"Person\",\"@id\":\"https:\\\/\\\/martinluther.ca\\\/de\\\/#\\\/schema\\\/person\\\/815c51710f70b050f0476f18da6b0c8f\",\"name\":\"Mona Kakoschke Frantzke\",\"image\":{\"@type\":\"ImageObject\",\"inLanguage\":\"de\",\"@id\":\"https:\\\/\\\/secure.gravatar.com\\\/avatar\\\/0deb16854ca545cd2e9fc8001ca110d262b80d5c8317b38dc542265fbea0ed19?s=96&d=mm&r=g\",\"url\":\"https:\\\/\\\/secure.gravatar.com\\\/avatar\\\/0deb16854ca545cd2e9fc8001ca110d262b80d5c8317b38dc542265fbea0ed19?s=96&d=mm&r=g\",\"contentUrl\":\"https:\\\/\\\/secure.gravatar.com\\\/avatar\\\/0deb16854ca545cd2e9fc8001ca110d262b80d5c8317b38dc542265fbea0ed19?s=96&d=mm&r=g\",\"caption\":\"Mona Kakoschke Frantzke\"},\"url\":false}]}<\/script>\n<!-- \/ Yoast SEO plugin. -->","yoast_head_json":{"title":"Der Weihnachtsbasar 2015 tummelte sich rund um die Kirche - Martin Luther Evangelische Kirche Toronto","robots":{"index":"index","follow":"follow","max-snippet":"max-snippet:-1","max-image-preview":"max-image-preview:large","max-video-preview":"max-video-preview:-1"},"canonical":"https:\/\/martinluther.ca\/de\/2015\/12\/der-weihnachtsbasar-2015-tummelte-sich-rund-um-die-kirche\/","og_locale":"de_DE","og_type":"article","og_title":"Der Weihnachtsbasar 2015 tummelte sich rund um die Kirche - Martin Luther Evangelische Kirche Toronto","og_description":"Was haben Pl\u00e4tzchen, Weihnachtsmusik und Gl\u00fchwein gemeinsam? Den Weihnachtsbasar am 29. November 2015! Von 12 \u2013 16 Uhr tummelte es sich rund um die Kirche. Frisch gebackene Waffeln am Eingang lockten die G\u00e4ste in die Vorweihnachtszeit. Kaffee, N\u00fcrnberger W\u00fcrstchen mit Brot und Gl\u00fchweinduft luden zur Geselligkeit ein. Diese wurde mit sanfter Gitarrenmusik untermalt, durch handgearbeitete&hellip;","og_url":"https:\/\/martinluther.ca\/de\/2015\/12\/der-weihnachtsbasar-2015-tummelte-sich-rund-um-die-kirche\/","og_site_name":"Martin Luther Evangelische Kirche Toronto","article_publisher":"https:\/\/www.facebook.com\/martinlutherchurchtoronto","article_published_time":"2015-12-01T16:09:34+00:00","article_modified_time":"2015-12-01T16:10:27+00:00","og_image":[{"width":3453,"height":2590,"url":"https:\/\/martinluther.ca\/wp-content\/uploads\/2015\/12\/2015-Christmas-Bazaar-15BB.jpg","type":"image\/jpeg"}],"author":"Mona Kakoschke Frantzke","twitter_card":"summary_large_image","twitter_misc":{"Verfasst von":"Mona Kakoschke Frantzke","Gesch\u00e4tzte Lesezeit":"1\u00a0Minute"},"schema":{"@context":"https:\/\/schema.org","@graph":[{"@type":"Article","@id":"https:\/\/martinluther.ca\/de\/2015\/12\/der-weihnachtsbasar-2015-tummelte-sich-rund-um-die-kirche\/#article","isPartOf":{"@id":"https:\/\/martinluther.ca\/de\/2015\/12\/der-weihnachtsbasar-2015-tummelte-sich-rund-um-die-kirche\/"},"author":{"name":"Mona Kakoschke Frantzke","@id":"https:\/\/martinluther.ca\/de\/#\/schema\/person\/815c51710f70b050f0476f18da6b0c8f"},"headline":"Der Weihnachtsbasar 2015 tummelte sich rund um die Kirche","datePublished":"2015-12-01T16:09:34+00:00","dateModified":"2015-12-01T16:10:27+00:00","mainEntityOfPage":{"@id":"https:\/\/martinluther.ca\/de\/2015\/12\/der-weihnachtsbasar-2015-tummelte-sich-rund-um-die-kirche\/"},"wordCount":159,"publisher":{"@id":"https:\/\/martinluther.ca\/de\/#organization"},"image":{"@id":"https:\/\/martinluther.ca\/de\/2015\/12\/der-weihnachtsbasar-2015-tummelte-sich-rund-um-die-kirche\/#primaryimage"},"thumbnailUrl":"https:\/\/martinluther.ca\/wp-content\/uploads\/2015\/12\/2015-Christmas-Bazaar-15BB.jpg","articleSection":["News Blog - German"],"inLanguage":"de"},{"@type":"WebPage","@id":"https:\/\/martinluther.ca\/de\/2015\/12\/der-weihnachtsbasar-2015-tummelte-sich-rund-um-die-kirche\/","url":"https:\/\/martinluther.ca\/de\/2015\/12\/der-weihnachtsbasar-2015-tummelte-sich-rund-um-die-kirche\/","name":"Der Weihnachtsbasar 2015 tummelte sich rund um die Kirche - Martin Luther Evangelische Kirche Toronto","isPartOf":{"@id":"https:\/\/martinluther.ca\/de\/#website"},"primaryImageOfPage":{"@id":"https:\/\/martinluther.ca\/de\/2015\/12\/der-weihnachtsbasar-2015-tummelte-sich-rund-um-die-kirche\/#primaryimage"},"image":{"@id":"https:\/\/martinluther.ca\/de\/2015\/12\/der-weihnachtsbasar-2015-tummelte-sich-rund-um-die-kirche\/#primaryimage"},"thumbnailUrl":"https:\/\/martinluther.ca\/wp-content\/uploads\/2015\/12\/2015-Christmas-Bazaar-15BB.jpg","datePublished":"2015-12-01T16:09:34+00:00","dateModified":"2015-12-01T16:10:27+00:00","breadcrumb":{"@id":"https:\/\/martinluther.ca\/de\/2015\/12\/der-weihnachtsbasar-2015-tummelte-sich-rund-um-die-kirche\/#breadcrumb"},"inLanguage":"de","potentialAction":[{"@type":"ReadAction","target":["https:\/\/martinluther.ca\/de\/2015\/12\/der-weihnachtsbasar-2015-tummelte-sich-rund-um-die-kirche\/"]}]},{"@type":"ImageObject","inLanguage":"de","@id":"https:\/\/martinluther.ca\/de\/2015\/12\/der-weihnachtsbasar-2015-tummelte-sich-rund-um-die-kirche\/#primaryimage","url":"https:\/\/martinluther.ca\/wp-content\/uploads\/2015\/12\/2015-Christmas-Bazaar-15BB.jpg","contentUrl":"https:\/\/martinluther.ca\/wp-content\/uploads\/2015\/12\/2015-Christmas-Bazaar-15BB.jpg","width":3453,"height":2590,"caption":"2015 Christmas Bazaar"},{"@type":"BreadcrumbList","@id":"https:\/\/martinluther.ca\/de\/2015\/12\/der-weihnachtsbasar-2015-tummelte-sich-rund-um-die-kirche\/#breadcrumb","itemListElement":[{"@type":"ListItem","position":1,"name":"Home","item":"https:\/\/martinluther.ca\/de\/"},{"@type":"ListItem","position":2,"name":"Der Weihnachtsbasar 2015 tummelte sich rund um die Kirche"}]},{"@type":"WebSite","@id":"https:\/\/martinluther.ca\/de\/#website","url":"https:\/\/martinluther.ca\/de\/","name":"Martin Luther Evangelical Church Toronto","description":"Deutsch &amp; Englisch","publisher":{"@id":"https:\/\/martinluther.ca\/de\/#organization"},"potentialAction":[{"@type":"SearchAction","target":{"@type":"EntryPoint","urlTemplate":"https:\/\/martinluther.ca\/de\/?s={search_term_string}"},"query-input":{"@type":"PropertyValueSpecification","valueRequired":true,"valueName":"search_term_string"}}],"inLanguage":"de"},{"@type":"Organization","@id":"https:\/\/martinluther.ca\/de\/#organization","name":"Martin Luther Evangelical Church Toronto","url":"https:\/\/martinluther.ca\/de\/","logo":{"@type":"ImageObject","inLanguage":"de","@id":"https:\/\/martinluther.ca\/de\/#\/schema\/logo\/image\/","url":"https:\/\/martinluther.ca\/wp-content\/uploads\/2016\/12\/ml-logo-300.png","contentUrl":"https:\/\/martinluther.ca\/wp-content\/uploads\/2016\/12\/ml-logo-300.png","width":300,"height":150,"caption":"Martin Luther Evangelical Church Toronto"},"image":{"@id":"https:\/\/martinluther.ca\/de\/#\/schema\/logo\/image\/"},"sameAs":["https:\/\/www.facebook.com\/martinlutherchurchtoronto","https:\/\/www.instagram.com\/lutheransbythelake\/","https:\/\/www.youtube.com\/MartinLutherChurchToronto"]},{"@type":"Person","@id":"https:\/\/martinluther.ca\/de\/#\/schema\/person\/815c51710f70b050f0476f18da6b0c8f","name":"Mona Kakoschke Frantzke","image":{"@type":"ImageObject","inLanguage":"de","@id":"https:\/\/secure.gravatar.com\/avatar\/0deb16854ca545cd2e9fc8001ca110d262b80d5c8317b38dc542265fbea0ed19?s=96&d=mm&r=g","url":"https:\/\/secure.gravatar.com\/avatar\/0deb16854ca545cd2e9fc8001ca110d262b80d5c8317b38dc542265fbea0ed19?s=96&d=mm&r=g","contentUrl":"https:\/\/secure.gravatar.com\/avatar\/0deb16854ca545cd2e9fc8001ca110d262b80d5c8317b38dc542265fbea0ed19?s=96&d=mm&r=g","caption":"Mona Kakoschke Frantzke"},"url":false}]}},"_links":{"self":[{"href":"https:\/\/martinluther.ca\/de\/wp-json\/wp\/v2\/posts\/23244","targetHints":{"allow":["GET"]}}],"collection":[{"href":"https:\/\/martinluther.ca\/de\/wp-json\/wp\/v2\/posts"}],"about":[{"href":"https:\/\/martinluther.ca\/de\/wp-json\/wp\/v2\/types\/post"}],"author":[{"embeddable":true,"href":"https:\/\/martinluther.ca\/de\/wp-json\/wp\/v2\/users\/9"}],"replies":[{"embeddable":true,"href":"https:\/\/martinluther.ca\/de\/wp-json\/wp\/v2\/comments?post=23244"}],"version-history":[{"count":1,"href":"https:\/\/martinluther.ca\/de\/wp-json\/wp\/v2\/posts\/23244\/revisions"}],"predecessor-version":[{"id":23245,"href":"https:\/\/martinluther.ca\/de\/wp-json\/wp\/v2\/posts\/23244\/revisions\/23245"}],"wp:featuredmedia":[{"embeddable":true,"href":"https:\/\/martinluther.ca\/de\/wp-json\/wp\/v2\/media\/23240"}],"wp:attachment":[{"href":"https:\/\/martinluther.ca\/de\/wp-json\/wp\/v2\/media?parent=23244"}],"wp:term":[{"taxonomy":"category","embeddable":true,"href":"https:\/\/martinluther.ca\/de\/wp-json\/wp\/v2\/categories?post=23244"},{"taxonomy":"post_tag","embeddable":true,"href":"https:\/\/martinluther.ca\/de\/wp-json\/wp\/v2\/tags?post=23244"},{"taxonomy":"post_series","embeddable":true,"href":"https:\/\/martinluther.ca\/de\/wp-json\/wp\/v2\/post_series?post=23244"}],"curies":[{"name":"wp","href":"https:\/\/api.w.org\/{rel}","templated":true}]}}