{"id":23268,"date":"2015-12-16T10:29:58","date_gmt":"2015-12-16T15:29:58","guid":{"rendered":"https:\/\/martinluther.ca\/de\/?p=23268"},"modified":"2015-12-16T10:59:28","modified_gmt":"2015-12-16T15:59:28","slug":"lass-das-friedenslicht-leuchten","status":"publish","type":"post","link":"https:\/\/martinluther.ca\/de\/2015\/12\/lass-das-friedenslicht-leuchten\/","title":{"rendered":"Lass das Friedenslicht leuchten"},"content":{"rendered":"<p>Von Jesus Geburtsgrotte in Bethlehem, \u00fcber \u00d6sterreich, New York City und dem Plast Huculak Centre in Nord Etobicoke erreicht das Friedenslicht nun endlich die Kirche am See.<\/p>\n<p>Wir laden Sie herzlich ein, ihr pers\u00f6nliches Friedenslicht in der Martin Luther Kirche, 2379 Lakeshore Blvd. West, abzuholen. Bringen Sie eine Laterne mit und entz\u00fcnden Sie eine Kerze f\u00fcr Ihre Kirche oder Ihr\u00a0Zuhause in der noch verbleibenden Adventszeit.<\/p>\n<p><a href=\"https:\/\/martinluther.ca\/wp-content\/uploads\/2015\/12\/Friedenslicht.jpg\"><img loading=\"lazy\" decoding=\"async\" class=\" size-medium wp-image-23265 aligncenter\" src=\"https:\/\/martinluther.ca\/wp-content\/uploads\/2015\/12\/Friedenslicht-300x238.jpg\" alt=\"Friedenslicht\" width=\"300\" height=\"238\" srcset=\"https:\/\/martinluther.ca\/wp-content\/uploads\/2015\/12\/Friedenslicht-300x238.jpg 300w, https:\/\/martinluther.ca\/wp-content\/uploads\/2015\/12\/Friedenslicht.jpg 969w\" sizes=\"auto, (max-width: 300px) 100vw, 300px\" \/><\/a><\/p>\n<p>Sie k\u00f6nnen das w\u00e4hrend des Candlelight Services an diesem Sonntag, 20. Dezember,\u00a0um 19 Uhr. Sie werden au\u00dferdem hervorragende Jazzmusik h\u00f6ren. Magnus Hjerpe und Elizabeth Martin werden uns musikalisch durch den Gottesdienst begleiten. Traditionsgem\u00e4\u00df ist der Candlelight Service an die Jugend gerichtet und die Jugendlichen sind herzlich dazu eingeladen, nach dem Gottesdienst die Christb\u00e4ume zu schm\u00fccken.<\/p>\n<p>&nbsp;<\/p>\n<p>F\u00fcr weitere <span id=\"result_box\" lang=\"de\"><span class=\"hps\">M\u00f6glichkeiten<\/span><\/span> das Friedenslicht weiterzutragen, bitte vereinbaren Sie eine Abholzeit mit dem Kirchenbuero, 416-251-8293, churchoffice@martinluther.ca<\/p>\n<p>Hintergrund:<\/p>\n<p>Jedes Jahr macht sich ein Kind aus Ober\u00f6sterreich auf den Weg nach Bethlehem, entz\u00fcndet dort das Friedenslicht, an einer Flamme in der Geburtsgrotte Jesu, welches dann in zwei Speziallaternen mit Austrian Airlines von Tel Aviv nach Wien gebracht wird. In einer besonderen Feier wird es an verschiedene Delegationen weitergegeben, die es in alle L\u00e4nder Europas bringen. Anschliessend fliegt das Licht weiter nach New York und wird von dort in ganz Nordamerika verteilt.<\/p>\n<p>&nbsp;<\/p>\n<p><a href=\"http:\/\/www.friedenslicht.de\/\">http:\/\/www.friedenslicht.de\/ <\/a>, <a href=\"http:\/\/peacelight.org\/\">http:\/\/peacelight.org\/<\/a><\/p>\n","protected":false},"excerpt":{"rendered":"<p>Von Jesus Geburtsgrotte in Bethlehem, \u00fcber \u00d6sterreich, New York City und dem Plast Huculak Centre in Nord Etobicoke erreicht das Friedenslicht nun endlich die Kirche am See. Wir laden Sie herzlich ein, ihr pers\u00f6nliches Friedenslicht in der Martin Luther Kirche, 2379 Lakeshore Blvd. West, abzuholen. Bringen Sie eine Laterne mit und entz\u00fcnden Sie eine Kerze&hellip;<\/p>\n","protected":false},"author":8,"featured_media":23265,"comment_status":"closed","ping_status":"closed","sticky":false,"template":"","format":"standard","meta":{"footnotes":""},"categories":[69],"tags":[],"post_series":[],"class_list":["post-23268","post","type-post","status-publish","format-standard","has-post-thumbnail","hentry","category-news-blog-german","entry","has-media"],"yoast_head":"<!-- This site is optimized with the Yoast SEO plugin v27.5 - https:\/\/yoast.com\/product\/yoast-seo-wordpress\/ -->\n<title>Lass das Friedenslicht leuchten - Martin Luther Evangelische Kirche Toronto<\/title>\n<meta name=\"robots\" content=\"index, follow, max-snippet:-1, max-image-preview:large, max-video-preview:-1\" \/>\n<link rel=\"canonical\" href=\"https:\/\/martinluther.ca\/2015\/12\/let-the-peace-light-shine\/\" \/>\n<meta property=\"og:locale\" content=\"de_DE\" \/>\n<meta property=\"og:type\" content=\"article\" \/>\n<meta property=\"og:title\" content=\"Lass das Friedenslicht leuchten - Martin Luther Evangelische Kirche Toronto\" \/>\n<meta property=\"og:description\" content=\"Von Jesus Geburtsgrotte in Bethlehem, \u00fcber \u00d6sterreich, New York City und dem Plast Huculak Centre in Nord Etobicoke erreicht das Friedenslicht nun endlich die Kirche am See. Wir laden Sie herzlich ein, ihr pers\u00f6nliches Friedenslicht in der Martin Luther Kirche, 2379 Lakeshore Blvd. West, abzuholen. Bringen Sie eine Laterne mit und entz\u00fcnden Sie eine Kerze&hellip;\" \/>\n<meta property=\"og:url\" content=\"https:\/\/martinluther.ca\/2015\/12\/let-the-peace-light-shine\/\" \/>\n<meta property=\"og:site_name\" content=\"Martin Luther Evangelische Kirche Toronto\" \/>\n<meta property=\"article:publisher\" content=\"https:\/\/www.facebook.com\/martinlutherchurchtoronto\" \/>\n<meta property=\"article:published_time\" content=\"2015-12-16T15:29:58+00:00\" \/>\n<meta property=\"article:modified_time\" content=\"2015-12-16T15:59:28+00:00\" \/>\n<meta property=\"og:image\" content=\"https:\/\/martinluther.ca\/wp-content\/uploads\/2015\/12\/Friedenslicht.jpg\" \/>\n\t<meta property=\"og:image:width\" content=\"969\" \/>\n\t<meta property=\"og:image:height\" content=\"768\" \/>\n\t<meta property=\"og:image:type\" content=\"image\/jpeg\" \/>\n<meta name=\"author\" content=\"Marlena Muller\" \/>\n<meta name=\"twitter:card\" content=\"summary_large_image\" \/>\n<meta name=\"twitter:label1\" content=\"Verfasst von\" \/>\n\t<meta name=\"twitter:data1\" content=\"Marlena Muller\" \/>\n\t<meta name=\"twitter:label2\" content=\"Gesch\u00e4tzte Lesezeit\" \/>\n\t<meta name=\"twitter:data2\" content=\"1\u00a0Minute\" \/>\n<script type=\"application\/ld+json\" class=\"yoast-schema-graph\">{\"@context\":\"https:\\\/\\\/schema.org\",\"@graph\":[{\"@type\":\"Article\",\"@id\":\"https:\\\/\\\/martinluther.ca\\\/2015\\\/12\\\/let-the-peace-light-shine\\\/#article\",\"isPartOf\":{\"@id\":\"https:\\\/\\\/martinluther.ca\\\/2015\\\/12\\\/let-the-peace-light-shine\\\/\"},\"author\":{\"name\":\"Marlena Muller\",\"@id\":\"https:\\\/\\\/martinluther.ca\\\/de\\\/#\\\/schema\\\/person\\\/ef4e825f5d9d6fd740bbd7813710e15d\"},\"headline\":\"Lass das Friedenslicht leuchten\",\"datePublished\":\"2015-12-16T15:29:58+00:00\",\"dateModified\":\"2015-12-16T15:59:28+00:00\",\"mainEntityOfPage\":{\"@id\":\"https:\\\/\\\/martinluther.ca\\\/2015\\\/12\\\/let-the-peace-light-shine\\\/\"},\"wordCount\":238,\"publisher\":{\"@id\":\"https:\\\/\\\/martinluther.ca\\\/de\\\/#organization\"},\"image\":{\"@id\":\"https:\\\/\\\/martinluther.ca\\\/2015\\\/12\\\/let-the-peace-light-shine\\\/#primaryimage\"},\"thumbnailUrl\":\"https:\\\/\\\/martinluther.ca\\\/wp-content\\\/uploads\\\/2015\\\/12\\\/Friedenslicht.jpg\",\"articleSection\":[\"News Blog - German\"],\"inLanguage\":\"de\"},{\"@type\":\"WebPage\",\"@id\":\"https:\\\/\\\/martinluther.ca\\\/2015\\\/12\\\/let-the-peace-light-shine\\\/\",\"url\":\"https:\\\/\\\/martinluther.ca\\\/2015\\\/12\\\/let-the-peace-light-shine\\\/\",\"name\":\"Lass das Friedenslicht leuchten - Martin Luther Evangelische Kirche Toronto\",\"isPartOf\":{\"@id\":\"https:\\\/\\\/martinluther.ca\\\/de\\\/#website\"},\"primaryImageOfPage\":{\"@id\":\"https:\\\/\\\/martinluther.ca\\\/2015\\\/12\\\/let-the-peace-light-shine\\\/#primaryimage\"},\"image\":{\"@id\":\"https:\\\/\\\/martinluther.ca\\\/2015\\\/12\\\/let-the-peace-light-shine\\\/#primaryimage\"},\"thumbnailUrl\":\"https:\\\/\\\/martinluther.ca\\\/wp-content\\\/uploads\\\/2015\\\/12\\\/Friedenslicht.jpg\",\"datePublished\":\"2015-12-16T15:29:58+00:00\",\"dateModified\":\"2015-12-16T15:59:28+00:00\",\"breadcrumb\":{\"@id\":\"https:\\\/\\\/martinluther.ca\\\/2015\\\/12\\\/let-the-peace-light-shine\\\/#breadcrumb\"},\"inLanguage\":\"de\",\"potentialAction\":[{\"@type\":\"ReadAction\",\"target\":[\"https:\\\/\\\/martinluther.ca\\\/2015\\\/12\\\/let-the-peace-light-shine\\\/\"]}]},{\"@type\":\"ImageObject\",\"inLanguage\":\"de\",\"@id\":\"https:\\\/\\\/martinluther.ca\\\/2015\\\/12\\\/let-the-peace-light-shine\\\/#primaryimage\",\"url\":\"https:\\\/\\\/martinluther.ca\\\/wp-content\\\/uploads\\\/2015\\\/12\\\/Friedenslicht.jpg\",\"contentUrl\":\"https:\\\/\\\/martinluther.ca\\\/wp-content\\\/uploads\\\/2015\\\/12\\\/Friedenslicht.jpg\",\"width\":969,\"height\":768},{\"@type\":\"BreadcrumbList\",\"@id\":\"https:\\\/\\\/martinluther.ca\\\/2015\\\/12\\\/let-the-peace-light-shine\\\/#breadcrumb\",\"itemListElement\":[{\"@type\":\"ListItem\",\"position\":1,\"name\":\"Home\",\"item\":\"https:\\\/\\\/martinluther.ca\\\/de\\\/\"},{\"@type\":\"ListItem\",\"position\":2,\"name\":\"Lass das Friedenslicht leuchten\"}]},{\"@type\":\"WebSite\",\"@id\":\"https:\\\/\\\/martinluther.ca\\\/de\\\/#website\",\"url\":\"https:\\\/\\\/martinluther.ca\\\/de\\\/\",\"name\":\"Martin Luther Evangelical Church Toronto\",\"description\":\"Deutsch &amp; Englisch\",\"publisher\":{\"@id\":\"https:\\\/\\\/martinluther.ca\\\/de\\\/#organization\"},\"potentialAction\":[{\"@type\":\"SearchAction\",\"target\":{\"@type\":\"EntryPoint\",\"urlTemplate\":\"https:\\\/\\\/martinluther.ca\\\/de\\\/?s={search_term_string}\"},\"query-input\":{\"@type\":\"PropertyValueSpecification\",\"valueRequired\":true,\"valueName\":\"search_term_string\"}}],\"inLanguage\":\"de\"},{\"@type\":\"Organization\",\"@id\":\"https:\\\/\\\/martinluther.ca\\\/de\\\/#organization\",\"name\":\"Martin Luther Evangelical Church Toronto\",\"url\":\"https:\\\/\\\/martinluther.ca\\\/de\\\/\",\"logo\":{\"@type\":\"ImageObject\",\"inLanguage\":\"de\",\"@id\":\"https:\\\/\\\/martinluther.ca\\\/de\\\/#\\\/schema\\\/logo\\\/image\\\/\",\"url\":\"https:\\\/\\\/martinluther.ca\\\/wp-content\\\/uploads\\\/2016\\\/12\\\/ml-logo-300.png\",\"contentUrl\":\"https:\\\/\\\/martinluther.ca\\\/wp-content\\\/uploads\\\/2016\\\/12\\\/ml-logo-300.png\",\"width\":300,\"height\":150,\"caption\":\"Martin Luther Evangelical Church Toronto\"},\"image\":{\"@id\":\"https:\\\/\\\/martinluther.ca\\\/de\\\/#\\\/schema\\\/logo\\\/image\\\/\"},\"sameAs\":[\"https:\\\/\\\/www.facebook.com\\\/martinlutherchurchtoronto\",\"https:\\\/\\\/www.instagram.com\\\/lutheransbythelake\\\/\",\"https:\\\/\\\/www.youtube.com\\\/MartinLutherChurchToronto\"]},{\"@type\":\"Person\",\"@id\":\"https:\\\/\\\/martinluther.ca\\\/de\\\/#\\\/schema\\\/person\\\/ef4e825f5d9d6fd740bbd7813710e15d\",\"name\":\"Marlena Muller\",\"image\":{\"@type\":\"ImageObject\",\"inLanguage\":\"de\",\"@id\":\"https:\\\/\\\/secure.gravatar.com\\\/avatar\\\/fe840ff753768b839caa2dd522d4797f19f7e22fa2da83388e0fbfc570b65a37?s=96&d=mm&r=g\",\"url\":\"https:\\\/\\\/secure.gravatar.com\\\/avatar\\\/fe840ff753768b839caa2dd522d4797f19f7e22fa2da83388e0fbfc570b65a37?s=96&d=mm&r=g\",\"contentUrl\":\"https:\\\/\\\/secure.gravatar.com\\\/avatar\\\/fe840ff753768b839caa2dd522d4797f19f7e22fa2da83388e0fbfc570b65a37?s=96&d=mm&r=g\",\"caption\":\"Marlena Muller\"},\"url\":false}]}<\/script>\n<!-- \/ Yoast SEO plugin. -->","yoast_head_json":{"title":"Lass das Friedenslicht leuchten - Martin Luther Evangelische Kirche Toronto","robots":{"index":"index","follow":"follow","max-snippet":"max-snippet:-1","max-image-preview":"max-image-preview:large","max-video-preview":"max-video-preview:-1"},"canonical":"https:\/\/martinluther.ca\/2015\/12\/let-the-peace-light-shine\/","og_locale":"de_DE","og_type":"article","og_title":"Lass das Friedenslicht leuchten - Martin Luther Evangelische Kirche Toronto","og_description":"Von Jesus Geburtsgrotte in Bethlehem, \u00fcber \u00d6sterreich, New York City und dem Plast Huculak Centre in Nord Etobicoke erreicht das Friedenslicht nun endlich die Kirche am See. Wir laden Sie herzlich ein, ihr pers\u00f6nliches Friedenslicht in der Martin Luther Kirche, 2379 Lakeshore Blvd. West, abzuholen. Bringen Sie eine Laterne mit und entz\u00fcnden Sie eine Kerze&hellip;","og_url":"https:\/\/martinluther.ca\/2015\/12\/let-the-peace-light-shine\/","og_site_name":"Martin Luther Evangelische Kirche Toronto","article_publisher":"https:\/\/www.facebook.com\/martinlutherchurchtoronto","article_published_time":"2015-12-16T15:29:58+00:00","article_modified_time":"2015-12-16T15:59:28+00:00","og_image":[{"width":969,"height":768,"url":"https:\/\/martinluther.ca\/wp-content\/uploads\/2015\/12\/Friedenslicht.jpg","type":"image\/jpeg"}],"author":"Marlena Muller","twitter_card":"summary_large_image","twitter_misc":{"Verfasst von":"Marlena Muller","Gesch\u00e4tzte Lesezeit":"1\u00a0Minute"},"schema":{"@context":"https:\/\/schema.org","@graph":[{"@type":"Article","@id":"https:\/\/martinluther.ca\/2015\/12\/let-the-peace-light-shine\/#article","isPartOf":{"@id":"https:\/\/martinluther.ca\/2015\/12\/let-the-peace-light-shine\/"},"author":{"name":"Marlena Muller","@id":"https:\/\/martinluther.ca\/de\/#\/schema\/person\/ef4e825f5d9d6fd740bbd7813710e15d"},"headline":"Lass das Friedenslicht leuchten","datePublished":"2015-12-16T15:29:58+00:00","dateModified":"2015-12-16T15:59:28+00:00","mainEntityOfPage":{"@id":"https:\/\/martinluther.ca\/2015\/12\/let-the-peace-light-shine\/"},"wordCount":238,"publisher":{"@id":"https:\/\/martinluther.ca\/de\/#organization"},"image":{"@id":"https:\/\/martinluther.ca\/2015\/12\/let-the-peace-light-shine\/#primaryimage"},"thumbnailUrl":"https:\/\/martinluther.ca\/wp-content\/uploads\/2015\/12\/Friedenslicht.jpg","articleSection":["News Blog - German"],"inLanguage":"de"},{"@type":"WebPage","@id":"https:\/\/martinluther.ca\/2015\/12\/let-the-peace-light-shine\/","url":"https:\/\/martinluther.ca\/2015\/12\/let-the-peace-light-shine\/","name":"Lass das Friedenslicht leuchten - Martin Luther Evangelische Kirche Toronto","isPartOf":{"@id":"https:\/\/martinluther.ca\/de\/#website"},"primaryImageOfPage":{"@id":"https:\/\/martinluther.ca\/2015\/12\/let-the-peace-light-shine\/#primaryimage"},"image":{"@id":"https:\/\/martinluther.ca\/2015\/12\/let-the-peace-light-shine\/#primaryimage"},"thumbnailUrl":"https:\/\/martinluther.ca\/wp-content\/uploads\/2015\/12\/Friedenslicht.jpg","datePublished":"2015-12-16T15:29:58+00:00","dateModified":"2015-12-16T15:59:28+00:00","breadcrumb":{"@id":"https:\/\/martinluther.ca\/2015\/12\/let-the-peace-light-shine\/#breadcrumb"},"inLanguage":"de","potentialAction":[{"@type":"ReadAction","target":["https:\/\/martinluther.ca\/2015\/12\/let-the-peace-light-shine\/"]}]},{"@type":"ImageObject","inLanguage":"de","@id":"https:\/\/martinluther.ca\/2015\/12\/let-the-peace-light-shine\/#primaryimage","url":"https:\/\/martinluther.ca\/wp-content\/uploads\/2015\/12\/Friedenslicht.jpg","contentUrl":"https:\/\/martinluther.ca\/wp-content\/uploads\/2015\/12\/Friedenslicht.jpg","width":969,"height":768},{"@type":"BreadcrumbList","@id":"https:\/\/martinluther.ca\/2015\/12\/let-the-peace-light-shine\/#breadcrumb","itemListElement":[{"@type":"ListItem","position":1,"name":"Home","item":"https:\/\/martinluther.ca\/de\/"},{"@type":"ListItem","position":2,"name":"Lass das Friedenslicht leuchten"}]},{"@type":"WebSite","@id":"https:\/\/martinluther.ca\/de\/#website","url":"https:\/\/martinluther.ca\/de\/","name":"Martin Luther Evangelical Church Toronto","description":"Deutsch &amp; Englisch","publisher":{"@id":"https:\/\/martinluther.ca\/de\/#organization"},"potentialAction":[{"@type":"SearchAction","target":{"@type":"EntryPoint","urlTemplate":"https:\/\/martinluther.ca\/de\/?s={search_term_string}"},"query-input":{"@type":"PropertyValueSpecification","valueRequired":true,"valueName":"search_term_string"}}],"inLanguage":"de"},{"@type":"Organization","@id":"https:\/\/martinluther.ca\/de\/#organization","name":"Martin Luther Evangelical Church Toronto","url":"https:\/\/martinluther.ca\/de\/","logo":{"@type":"ImageObject","inLanguage":"de","@id":"https:\/\/martinluther.ca\/de\/#\/schema\/logo\/image\/","url":"https:\/\/martinluther.ca\/wp-content\/uploads\/2016\/12\/ml-logo-300.png","contentUrl":"https:\/\/martinluther.ca\/wp-content\/uploads\/2016\/12\/ml-logo-300.png","width":300,"height":150,"caption":"Martin Luther Evangelical Church Toronto"},"image":{"@id":"https:\/\/martinluther.ca\/de\/#\/schema\/logo\/image\/"},"sameAs":["https:\/\/www.facebook.com\/martinlutherchurchtoronto","https:\/\/www.instagram.com\/lutheransbythelake\/","https:\/\/www.youtube.com\/MartinLutherChurchToronto"]},{"@type":"Person","@id":"https:\/\/martinluther.ca\/de\/#\/schema\/person\/ef4e825f5d9d6fd740bbd7813710e15d","name":"Marlena Muller","image":{"@type":"ImageObject","inLanguage":"de","@id":"https:\/\/secure.gravatar.com\/avatar\/fe840ff753768b839caa2dd522d4797f19f7e22fa2da83388e0fbfc570b65a37?s=96&d=mm&r=g","url":"https:\/\/secure.gravatar.com\/avatar\/fe840ff753768b839caa2dd522d4797f19f7e22fa2da83388e0fbfc570b65a37?s=96&d=mm&r=g","contentUrl":"https:\/\/secure.gravatar.com\/avatar\/fe840ff753768b839caa2dd522d4797f19f7e22fa2da83388e0fbfc570b65a37?s=96&d=mm&r=g","caption":"Marlena Muller"},"url":false}]}},"_links":{"self":[{"href":"https:\/\/martinluther.ca\/de\/wp-json\/wp\/v2\/posts\/23268","targetHints":{"allow":["GET"]}}],"collection":[{"href":"https:\/\/martinluther.ca\/de\/wp-json\/wp\/v2\/posts"}],"about":[{"href":"https:\/\/martinluther.ca\/de\/wp-json\/wp\/v2\/types\/post"}],"author":[{"embeddable":true,"href":"https:\/\/martinluther.ca\/de\/wp-json\/wp\/v2\/users\/8"}],"replies":[{"embeddable":true,"href":"https:\/\/martinluther.ca\/de\/wp-json\/wp\/v2\/comments?post=23268"}],"version-history":[{"count":1,"href":"https:\/\/martinluther.ca\/de\/wp-json\/wp\/v2\/posts\/23268\/revisions"}],"predecessor-version":[{"id":23269,"href":"https:\/\/martinluther.ca\/de\/wp-json\/wp\/v2\/posts\/23268\/revisions\/23269"}],"wp:featuredmedia":[{"embeddable":true,"href":"https:\/\/martinluther.ca\/de\/wp-json\/wp\/v2\/media\/23265"}],"wp:attachment":[{"href":"https:\/\/martinluther.ca\/de\/wp-json\/wp\/v2\/media?parent=23268"}],"wp:term":[{"taxonomy":"category","embeddable":true,"href":"https:\/\/martinluther.ca\/de\/wp-json\/wp\/v2\/categories?post=23268"},{"taxonomy":"post_tag","embeddable":true,"href":"https:\/\/martinluther.ca\/de\/wp-json\/wp\/v2\/tags?post=23268"},{"taxonomy":"post_series","embeddable":true,"href":"https:\/\/martinluther.ca\/de\/wp-json\/wp\/v2\/post_series?post=23268"}],"curies":[{"name":"wp","href":"https:\/\/api.w.org\/{rel}","templated":true}]}}