{"id":23279,"date":"2015-12-20T12:14:03","date_gmt":"2015-12-20T17:14:03","guid":{"rendered":"https:\/\/martinluther.ca\/de\/?p=23279"},"modified":"2015-12-20T12:16:07","modified_gmt":"2015-12-20T17:16:07","slug":"60-jubilaeum-der-martin-luther-kirche-in-toronto","status":"publish","type":"post","link":"https:\/\/martinluther.ca\/de\/2015\/12\/60-jubilaeum-der-martin-luther-kirche-in-toronto\/","title":{"rendered":"60. Jubil\u00e4um der Martin Luther Kirche in Toronto"},"content":{"rendered":"<figure id=\"attachment_23273\" aria-describedby=\"caption-attachment-23273\" style=\"width: 300px\" class=\"wp-caption alignright\"><img loading=\"lazy\" decoding=\"async\" class=\"size-medium wp-image-23273\" src=\"https:\/\/martinluther.ca\/wp-content\/uploads\/2015\/12\/2015-60th-Anniversary-43-300x200.jpg\" alt=\"2015 60th Anniversary\" width=\"300\" height=\"200\" srcset=\"https:\/\/martinluther.ca\/wp-content\/uploads\/2015\/12\/2015-60th-Anniversary-43-300x200.jpg 300w, https:\/\/martinluther.ca\/wp-content\/uploads\/2015\/12\/2015-60th-Anniversary-43.jpg 1024w\" sizes=\"auto, (max-width: 300px) 100vw, 300px\" \/><figcaption id=\"caption-attachment-23273\" class=\"wp-caption-text\">2015 60th Anniversary<\/figcaption><\/figure>\n<p>Am 6. Dezember 2015 feierten wir das 60. Jubil\u00e4um der Martin Luther Kirche. Der Gottesdienst wurde durch eine Fotopr\u00e4sentation, eine bewegende Predigt von Bischof Dr. Michael Pryse, dem Gesang des Gemeindechors und der Beteiligung von Kirchenmitglieder und Freunden der Gemeinde dynamisch gestaltete.<\/p>\n<p>Gl\u00fcckwunschschreiben von Personen die am Festtag nicht dabei sein konnten sind im Kirchenfoyer vorzufinden. Die Feier wurde mit einem Essen im Gemeindesaal fortgef\u00fchrt.<\/p>\n<p>Jung und Alt genossen die kreative Tischdekoration, Martin Luther Playmobilfiguren. In der Zukunft k\u00f6nnen wir uns weiterhin an den Kl\u00e4ngen der f\u00fcr den 60. Jahrestag neu restaurierten Orgel und der frisch versilberten Abendmahlskaraffe erfreuen!<\/p>\n<p>Vielen Dank an alle Mitglieder des Organisationsteams, sowie den Fotografen welche unsere Vergangenheit, Gegenwart und Zukunft im Bild festhielten.<\/p>\n<figure id=\"attachment_23275\" aria-describedby=\"caption-attachment-23275\" style=\"width: 200px\" class=\"wp-caption alignleft\"><img loading=\"lazy\" decoding=\"async\" class=\"size-medium wp-image-23275\" src=\"https:\/\/martinluther.ca\/wp-content\/uploads\/2015\/12\/2015-60th-Anniversary-41-200x300.jpg\" alt=\"2015 60th Anniversary\" width=\"200\" height=\"300\" srcset=\"https:\/\/martinluther.ca\/wp-content\/uploads\/2015\/12\/2015-60th-Anniversary-41-200x300.jpg 200w, https:\/\/martinluther.ca\/wp-content\/uploads\/2015\/12\/2015-60th-Anniversary-41.jpg 683w\" sizes=\"auto, (max-width: 200px) 100vw, 200px\" \/><figcaption id=\"caption-attachment-23275\" class=\"wp-caption-text\">2015 60th Anniversary<\/figcaption><\/figure>\n<figure id=\"attachment_23274\" aria-describedby=\"caption-attachment-23274\" style=\"width: 300px\" class=\"wp-caption alignleft\"><img loading=\"lazy\" decoding=\"async\" class=\"size-medium wp-image-23274\" src=\"https:\/\/martinluther.ca\/wp-content\/uploads\/2015\/12\/2015-60th-Anniversary-42-300x200.jpg\" alt=\"2015 60th Anniversary\" width=\"300\" height=\"200\" srcset=\"https:\/\/martinluther.ca\/wp-content\/uploads\/2015\/12\/2015-60th-Anniversary-42-300x200.jpg 300w, https:\/\/martinluther.ca\/wp-content\/uploads\/2015\/12\/2015-60th-Anniversary-42.jpg 1024w\" sizes=\"auto, (max-width: 300px) 100vw, 300px\" \/><figcaption id=\"caption-attachment-23274\" class=\"wp-caption-text\">2015 60th Anniversary<\/figcaption><\/figure>\n<figure id=\"attachment_23277\" aria-describedby=\"caption-attachment-23277\" style=\"width: 300px\" class=\"wp-caption alignleft\"><img loading=\"lazy\" decoding=\"async\" class=\"size-medium wp-image-23277\" src=\"https:\/\/martinluther.ca\/wp-content\/uploads\/2015\/12\/2015-60th-Anniversary-45-300x200.jpg\" alt=\"2015 60th Anniversary\" width=\"300\" height=\"200\" srcset=\"https:\/\/martinluther.ca\/wp-content\/uploads\/2015\/12\/2015-60th-Anniversary-45-300x200.jpg 300w, https:\/\/martinluther.ca\/wp-content\/uploads\/2015\/12\/2015-60th-Anniversary-45.jpg 1024w\" sizes=\"auto, (max-width: 300px) 100vw, 300px\" \/><figcaption id=\"caption-attachment-23277\" class=\"wp-caption-text\">2015 60th Anniversary<\/figcaption><\/figure>\n<p>&nbsp;<\/p>\n","protected":false},"excerpt":{"rendered":"<p>Am 6. Dezember 2015 feierten wir das 60. Jubil\u00e4um der Martin Luther Kirche. Der Gottesdienst wurde durch eine Fotopr\u00e4sentation, eine bewegende Predigt von Bischof Dr. Michael Pryse, dem Gesang des Gemeindechors und der Beteiligung von Kirchenmitglieder und Freunden der Gemeinde dynamisch gestaltete. Gl\u00fcckwunschschreiben von Personen die am Festtag nicht dabei sein konnten sind im Kirchenfoyer&hellip;<\/p>\n","protected":false},"author":9,"featured_media":23273,"comment_status":"closed","ping_status":"closed","sticky":false,"template":"","format":"standard","meta":{"footnotes":""},"categories":[69],"tags":[],"post_series":[],"class_list":["post-23279","post","type-post","status-publish","format-standard","has-post-thumbnail","hentry","category-news-blog-german","entry","has-media"],"yoast_head":"<!-- This site is optimized with the Yoast SEO plugin v27.5 - https:\/\/yoast.com\/product\/yoast-seo-wordpress\/ -->\n<title>60. Jubil\u00e4um der Martin Luther Kirche in Toronto - Martin Luther Evangelische Kirche Toronto<\/title>\n<meta name=\"robots\" content=\"index, follow, max-snippet:-1, max-image-preview:large, max-video-preview:-1\" \/>\n<link rel=\"canonical\" href=\"https:\/\/martinluther.ca\/de\/2015\/12\/60-jubilaeum-der-martin-luther-kirche-in-toronto\/\" \/>\n<meta property=\"og:locale\" content=\"de_DE\" \/>\n<meta property=\"og:type\" content=\"article\" \/>\n<meta property=\"og:title\" content=\"60. Jubil\u00e4um der Martin Luther Kirche in Toronto - Martin Luther Evangelische Kirche Toronto\" \/>\n<meta property=\"og:description\" content=\"Am 6. Dezember 2015 feierten wir das 60. Jubil\u00e4um der Martin Luther Kirche. Der Gottesdienst wurde durch eine Fotopr\u00e4sentation, eine bewegende Predigt von Bischof Dr. Michael Pryse, dem Gesang des Gemeindechors und der Beteiligung von Kirchenmitglieder und Freunden der Gemeinde dynamisch gestaltete. Gl\u00fcckwunschschreiben von Personen die am Festtag nicht dabei sein konnten sind im Kirchenfoyer&hellip;\" \/>\n<meta property=\"og:url\" content=\"https:\/\/martinluther.ca\/de\/2015\/12\/60-jubilaeum-der-martin-luther-kirche-in-toronto\/\" \/>\n<meta property=\"og:site_name\" content=\"Martin Luther Evangelische Kirche Toronto\" \/>\n<meta property=\"article:publisher\" content=\"https:\/\/www.facebook.com\/martinlutherchurchtoronto\" \/>\n<meta property=\"article:published_time\" content=\"2015-12-20T17:14:03+00:00\" \/>\n<meta property=\"article:modified_time\" content=\"2015-12-20T17:16:07+00:00\" \/>\n<meta property=\"og:image\" content=\"https:\/\/martinluther.ca\/wp-content\/uploads\/2015\/12\/2015-60th-Anniversary-43.jpg\" \/>\n\t<meta property=\"og:image:width\" content=\"1024\" \/>\n\t<meta property=\"og:image:height\" content=\"683\" \/>\n\t<meta property=\"og:image:type\" content=\"image\/jpeg\" \/>\n<meta name=\"author\" content=\"Mona Kakoschke Frantzke\" \/>\n<meta name=\"twitter:card\" content=\"summary_large_image\" \/>\n<meta name=\"twitter:label1\" content=\"Verfasst von\" \/>\n\t<meta name=\"twitter:data1\" content=\"Mona Kakoschke Frantzke\" \/>\n\t<meta name=\"twitter:label2\" content=\"Gesch\u00e4tzte Lesezeit\" \/>\n\t<meta name=\"twitter:data2\" content=\"1\u00a0Minute\" \/>\n<script type=\"application\/ld+json\" class=\"yoast-schema-graph\">{\"@context\":\"https:\\\/\\\/schema.org\",\"@graph\":[{\"@type\":\"Article\",\"@id\":\"https:\\\/\\\/martinluther.ca\\\/de\\\/2015\\\/12\\\/60-jubilaeum-der-martin-luther-kirche-in-toronto\\\/#article\",\"isPartOf\":{\"@id\":\"https:\\\/\\\/martinluther.ca\\\/de\\\/2015\\\/12\\\/60-jubilaeum-der-martin-luther-kirche-in-toronto\\\/\"},\"author\":{\"name\":\"Mona Kakoschke Frantzke\",\"@id\":\"https:\\\/\\\/martinluther.ca\\\/de\\\/#\\\/schema\\\/person\\\/815c51710f70b050f0476f18da6b0c8f\"},\"headline\":\"60. Jubil\u00e4um der Martin Luther Kirche in Toronto\",\"datePublished\":\"2015-12-20T17:14:03+00:00\",\"dateModified\":\"2015-12-20T17:16:07+00:00\",\"mainEntityOfPage\":{\"@id\":\"https:\\\/\\\/martinluther.ca\\\/de\\\/2015\\\/12\\\/60-jubilaeum-der-martin-luther-kirche-in-toronto\\\/\"},\"wordCount\":166,\"publisher\":{\"@id\":\"https:\\\/\\\/martinluther.ca\\\/de\\\/#organization\"},\"image\":{\"@id\":\"https:\\\/\\\/martinluther.ca\\\/de\\\/2015\\\/12\\\/60-jubilaeum-der-martin-luther-kirche-in-toronto\\\/#primaryimage\"},\"thumbnailUrl\":\"https:\\\/\\\/martinluther.ca\\\/wp-content\\\/uploads\\\/2015\\\/12\\\/2015-60th-Anniversary-43.jpg\",\"articleSection\":[\"News Blog - German\"],\"inLanguage\":\"de\"},{\"@type\":\"WebPage\",\"@id\":\"https:\\\/\\\/martinluther.ca\\\/de\\\/2015\\\/12\\\/60-jubilaeum-der-martin-luther-kirche-in-toronto\\\/\",\"url\":\"https:\\\/\\\/martinluther.ca\\\/de\\\/2015\\\/12\\\/60-jubilaeum-der-martin-luther-kirche-in-toronto\\\/\",\"name\":\"60. Jubil\u00e4um der Martin Luther Kirche in Toronto - Martin Luther Evangelische Kirche Toronto\",\"isPartOf\":{\"@id\":\"https:\\\/\\\/martinluther.ca\\\/de\\\/#website\"},\"primaryImageOfPage\":{\"@id\":\"https:\\\/\\\/martinluther.ca\\\/de\\\/2015\\\/12\\\/60-jubilaeum-der-martin-luther-kirche-in-toronto\\\/#primaryimage\"},\"image\":{\"@id\":\"https:\\\/\\\/martinluther.ca\\\/de\\\/2015\\\/12\\\/60-jubilaeum-der-martin-luther-kirche-in-toronto\\\/#primaryimage\"},\"thumbnailUrl\":\"https:\\\/\\\/martinluther.ca\\\/wp-content\\\/uploads\\\/2015\\\/12\\\/2015-60th-Anniversary-43.jpg\",\"datePublished\":\"2015-12-20T17:14:03+00:00\",\"dateModified\":\"2015-12-20T17:16:07+00:00\",\"breadcrumb\":{\"@id\":\"https:\\\/\\\/martinluther.ca\\\/de\\\/2015\\\/12\\\/60-jubilaeum-der-martin-luther-kirche-in-toronto\\\/#breadcrumb\"},\"inLanguage\":\"de\",\"potentialAction\":[{\"@type\":\"ReadAction\",\"target\":[\"https:\\\/\\\/martinluther.ca\\\/de\\\/2015\\\/12\\\/60-jubilaeum-der-martin-luther-kirche-in-toronto\\\/\"]}]},{\"@type\":\"ImageObject\",\"inLanguage\":\"de\",\"@id\":\"https:\\\/\\\/martinluther.ca\\\/de\\\/2015\\\/12\\\/60-jubilaeum-der-martin-luther-kirche-in-toronto\\\/#primaryimage\",\"url\":\"https:\\\/\\\/martinluther.ca\\\/wp-content\\\/uploads\\\/2015\\\/12\\\/2015-60th-Anniversary-43.jpg\",\"contentUrl\":\"https:\\\/\\\/martinluther.ca\\\/wp-content\\\/uploads\\\/2015\\\/12\\\/2015-60th-Anniversary-43.jpg\",\"width\":1024,\"height\":683,\"caption\":\"2015 60th Anniversary\"},{\"@type\":\"BreadcrumbList\",\"@id\":\"https:\\\/\\\/martinluther.ca\\\/de\\\/2015\\\/12\\\/60-jubilaeum-der-martin-luther-kirche-in-toronto\\\/#breadcrumb\",\"itemListElement\":[{\"@type\":\"ListItem\",\"position\":1,\"name\":\"Home\",\"item\":\"https:\\\/\\\/martinluther.ca\\\/de\\\/\"},{\"@type\":\"ListItem\",\"position\":2,\"name\":\"60. Jubil\u00e4um der Martin Luther Kirche in Toronto\"}]},{\"@type\":\"WebSite\",\"@id\":\"https:\\\/\\\/martinluther.ca\\\/de\\\/#website\",\"url\":\"https:\\\/\\\/martinluther.ca\\\/de\\\/\",\"name\":\"Martin Luther Evangelical Church Toronto\",\"description\":\"Deutsch &amp; Englisch\",\"publisher\":{\"@id\":\"https:\\\/\\\/martinluther.ca\\\/de\\\/#organization\"},\"potentialAction\":[{\"@type\":\"SearchAction\",\"target\":{\"@type\":\"EntryPoint\",\"urlTemplate\":\"https:\\\/\\\/martinluther.ca\\\/de\\\/?s={search_term_string}\"},\"query-input\":{\"@type\":\"PropertyValueSpecification\",\"valueRequired\":true,\"valueName\":\"search_term_string\"}}],\"inLanguage\":\"de\"},{\"@type\":\"Organization\",\"@id\":\"https:\\\/\\\/martinluther.ca\\\/de\\\/#organization\",\"name\":\"Martin Luther Evangelical Church Toronto\",\"url\":\"https:\\\/\\\/martinluther.ca\\\/de\\\/\",\"logo\":{\"@type\":\"ImageObject\",\"inLanguage\":\"de\",\"@id\":\"https:\\\/\\\/martinluther.ca\\\/de\\\/#\\\/schema\\\/logo\\\/image\\\/\",\"url\":\"https:\\\/\\\/martinluther.ca\\\/wp-content\\\/uploads\\\/2016\\\/12\\\/ml-logo-300.png\",\"contentUrl\":\"https:\\\/\\\/martinluther.ca\\\/wp-content\\\/uploads\\\/2016\\\/12\\\/ml-logo-300.png\",\"width\":300,\"height\":150,\"caption\":\"Martin Luther Evangelical Church Toronto\"},\"image\":{\"@id\":\"https:\\\/\\\/martinluther.ca\\\/de\\\/#\\\/schema\\\/logo\\\/image\\\/\"},\"sameAs\":[\"https:\\\/\\\/www.facebook.com\\\/martinlutherchurchtoronto\",\"https:\\\/\\\/www.instagram.com\\\/lutheransbythelake\\\/\",\"https:\\\/\\\/www.youtube.com\\\/MartinLutherChurchToronto\"]},{\"@type\":\"Person\",\"@id\":\"https:\\\/\\\/martinluther.ca\\\/de\\\/#\\\/schema\\\/person\\\/815c51710f70b050f0476f18da6b0c8f\",\"name\":\"Mona Kakoschke Frantzke\",\"image\":{\"@type\":\"ImageObject\",\"inLanguage\":\"de\",\"@id\":\"https:\\\/\\\/secure.gravatar.com\\\/avatar\\\/0deb16854ca545cd2e9fc8001ca110d262b80d5c8317b38dc542265fbea0ed19?s=96&d=mm&r=g\",\"url\":\"https:\\\/\\\/secure.gravatar.com\\\/avatar\\\/0deb16854ca545cd2e9fc8001ca110d262b80d5c8317b38dc542265fbea0ed19?s=96&d=mm&r=g\",\"contentUrl\":\"https:\\\/\\\/secure.gravatar.com\\\/avatar\\\/0deb16854ca545cd2e9fc8001ca110d262b80d5c8317b38dc542265fbea0ed19?s=96&d=mm&r=g\",\"caption\":\"Mona Kakoschke Frantzke\"},\"url\":false}]}<\/script>\n<!-- \/ Yoast SEO plugin. -->","yoast_head_json":{"title":"60. Jubil\u00e4um der Martin Luther Kirche in Toronto - Martin Luther Evangelische Kirche Toronto","robots":{"index":"index","follow":"follow","max-snippet":"max-snippet:-1","max-image-preview":"max-image-preview:large","max-video-preview":"max-video-preview:-1"},"canonical":"https:\/\/martinluther.ca\/de\/2015\/12\/60-jubilaeum-der-martin-luther-kirche-in-toronto\/","og_locale":"de_DE","og_type":"article","og_title":"60. Jubil\u00e4um der Martin Luther Kirche in Toronto - Martin Luther Evangelische Kirche Toronto","og_description":"Am 6. Dezember 2015 feierten wir das 60. Jubil\u00e4um der Martin Luther Kirche. Der Gottesdienst wurde durch eine Fotopr\u00e4sentation, eine bewegende Predigt von Bischof Dr. Michael Pryse, dem Gesang des Gemeindechors und der Beteiligung von Kirchenmitglieder und Freunden der Gemeinde dynamisch gestaltete. Gl\u00fcckwunschschreiben von Personen die am Festtag nicht dabei sein konnten sind im Kirchenfoyer&hellip;","og_url":"https:\/\/martinluther.ca\/de\/2015\/12\/60-jubilaeum-der-martin-luther-kirche-in-toronto\/","og_site_name":"Martin Luther Evangelische Kirche Toronto","article_publisher":"https:\/\/www.facebook.com\/martinlutherchurchtoronto","article_published_time":"2015-12-20T17:14:03+00:00","article_modified_time":"2015-12-20T17:16:07+00:00","og_image":[{"width":1024,"height":683,"url":"https:\/\/martinluther.ca\/wp-content\/uploads\/2015\/12\/2015-60th-Anniversary-43.jpg","type":"image\/jpeg"}],"author":"Mona Kakoschke Frantzke","twitter_card":"summary_large_image","twitter_misc":{"Verfasst von":"Mona Kakoschke Frantzke","Gesch\u00e4tzte Lesezeit":"1\u00a0Minute"},"schema":{"@context":"https:\/\/schema.org","@graph":[{"@type":"Article","@id":"https:\/\/martinluther.ca\/de\/2015\/12\/60-jubilaeum-der-martin-luther-kirche-in-toronto\/#article","isPartOf":{"@id":"https:\/\/martinluther.ca\/de\/2015\/12\/60-jubilaeum-der-martin-luther-kirche-in-toronto\/"},"author":{"name":"Mona Kakoschke Frantzke","@id":"https:\/\/martinluther.ca\/de\/#\/schema\/person\/815c51710f70b050f0476f18da6b0c8f"},"headline":"60. Jubil\u00e4um der Martin Luther Kirche in Toronto","datePublished":"2015-12-20T17:14:03+00:00","dateModified":"2015-12-20T17:16:07+00:00","mainEntityOfPage":{"@id":"https:\/\/martinluther.ca\/de\/2015\/12\/60-jubilaeum-der-martin-luther-kirche-in-toronto\/"},"wordCount":166,"publisher":{"@id":"https:\/\/martinluther.ca\/de\/#organization"},"image":{"@id":"https:\/\/martinluther.ca\/de\/2015\/12\/60-jubilaeum-der-martin-luther-kirche-in-toronto\/#primaryimage"},"thumbnailUrl":"https:\/\/martinluther.ca\/wp-content\/uploads\/2015\/12\/2015-60th-Anniversary-43.jpg","articleSection":["News Blog - German"],"inLanguage":"de"},{"@type":"WebPage","@id":"https:\/\/martinluther.ca\/de\/2015\/12\/60-jubilaeum-der-martin-luther-kirche-in-toronto\/","url":"https:\/\/martinluther.ca\/de\/2015\/12\/60-jubilaeum-der-martin-luther-kirche-in-toronto\/","name":"60. Jubil\u00e4um der Martin Luther Kirche in Toronto - Martin Luther Evangelische Kirche Toronto","isPartOf":{"@id":"https:\/\/martinluther.ca\/de\/#website"},"primaryImageOfPage":{"@id":"https:\/\/martinluther.ca\/de\/2015\/12\/60-jubilaeum-der-martin-luther-kirche-in-toronto\/#primaryimage"},"image":{"@id":"https:\/\/martinluther.ca\/de\/2015\/12\/60-jubilaeum-der-martin-luther-kirche-in-toronto\/#primaryimage"},"thumbnailUrl":"https:\/\/martinluther.ca\/wp-content\/uploads\/2015\/12\/2015-60th-Anniversary-43.jpg","datePublished":"2015-12-20T17:14:03+00:00","dateModified":"2015-12-20T17:16:07+00:00","breadcrumb":{"@id":"https:\/\/martinluther.ca\/de\/2015\/12\/60-jubilaeum-der-martin-luther-kirche-in-toronto\/#breadcrumb"},"inLanguage":"de","potentialAction":[{"@type":"ReadAction","target":["https:\/\/martinluther.ca\/de\/2015\/12\/60-jubilaeum-der-martin-luther-kirche-in-toronto\/"]}]},{"@type":"ImageObject","inLanguage":"de","@id":"https:\/\/martinluther.ca\/de\/2015\/12\/60-jubilaeum-der-martin-luther-kirche-in-toronto\/#primaryimage","url":"https:\/\/martinluther.ca\/wp-content\/uploads\/2015\/12\/2015-60th-Anniversary-43.jpg","contentUrl":"https:\/\/martinluther.ca\/wp-content\/uploads\/2015\/12\/2015-60th-Anniversary-43.jpg","width":1024,"height":683,"caption":"2015 60th Anniversary"},{"@type":"BreadcrumbList","@id":"https:\/\/martinluther.ca\/de\/2015\/12\/60-jubilaeum-der-martin-luther-kirche-in-toronto\/#breadcrumb","itemListElement":[{"@type":"ListItem","position":1,"name":"Home","item":"https:\/\/martinluther.ca\/de\/"},{"@type":"ListItem","position":2,"name":"60. Jubil\u00e4um der Martin Luther Kirche in Toronto"}]},{"@type":"WebSite","@id":"https:\/\/martinluther.ca\/de\/#website","url":"https:\/\/martinluther.ca\/de\/","name":"Martin Luther Evangelical Church Toronto","description":"Deutsch &amp; Englisch","publisher":{"@id":"https:\/\/martinluther.ca\/de\/#organization"},"potentialAction":[{"@type":"SearchAction","target":{"@type":"EntryPoint","urlTemplate":"https:\/\/martinluther.ca\/de\/?s={search_term_string}"},"query-input":{"@type":"PropertyValueSpecification","valueRequired":true,"valueName":"search_term_string"}}],"inLanguage":"de"},{"@type":"Organization","@id":"https:\/\/martinluther.ca\/de\/#organization","name":"Martin Luther Evangelical Church Toronto","url":"https:\/\/martinluther.ca\/de\/","logo":{"@type":"ImageObject","inLanguage":"de","@id":"https:\/\/martinluther.ca\/de\/#\/schema\/logo\/image\/","url":"https:\/\/martinluther.ca\/wp-content\/uploads\/2016\/12\/ml-logo-300.png","contentUrl":"https:\/\/martinluther.ca\/wp-content\/uploads\/2016\/12\/ml-logo-300.png","width":300,"height":150,"caption":"Martin Luther Evangelical Church Toronto"},"image":{"@id":"https:\/\/martinluther.ca\/de\/#\/schema\/logo\/image\/"},"sameAs":["https:\/\/www.facebook.com\/martinlutherchurchtoronto","https:\/\/www.instagram.com\/lutheransbythelake\/","https:\/\/www.youtube.com\/MartinLutherChurchToronto"]},{"@type":"Person","@id":"https:\/\/martinluther.ca\/de\/#\/schema\/person\/815c51710f70b050f0476f18da6b0c8f","name":"Mona Kakoschke Frantzke","image":{"@type":"ImageObject","inLanguage":"de","@id":"https:\/\/secure.gravatar.com\/avatar\/0deb16854ca545cd2e9fc8001ca110d262b80d5c8317b38dc542265fbea0ed19?s=96&d=mm&r=g","url":"https:\/\/secure.gravatar.com\/avatar\/0deb16854ca545cd2e9fc8001ca110d262b80d5c8317b38dc542265fbea0ed19?s=96&d=mm&r=g","contentUrl":"https:\/\/secure.gravatar.com\/avatar\/0deb16854ca545cd2e9fc8001ca110d262b80d5c8317b38dc542265fbea0ed19?s=96&d=mm&r=g","caption":"Mona Kakoschke Frantzke"},"url":false}]}},"_links":{"self":[{"href":"https:\/\/martinluther.ca\/de\/wp-json\/wp\/v2\/posts\/23279","targetHints":{"allow":["GET"]}}],"collection":[{"href":"https:\/\/martinluther.ca\/de\/wp-json\/wp\/v2\/posts"}],"about":[{"href":"https:\/\/martinluther.ca\/de\/wp-json\/wp\/v2\/types\/post"}],"author":[{"embeddable":true,"href":"https:\/\/martinluther.ca\/de\/wp-json\/wp\/v2\/users\/9"}],"replies":[{"embeddable":true,"href":"https:\/\/martinluther.ca\/de\/wp-json\/wp\/v2\/comments?post=23279"}],"version-history":[{"count":3,"href":"https:\/\/martinluther.ca\/de\/wp-json\/wp\/v2\/posts\/23279\/revisions"}],"predecessor-version":[{"id":23289,"href":"https:\/\/martinluther.ca\/de\/wp-json\/wp\/v2\/posts\/23279\/revisions\/23289"}],"wp:featuredmedia":[{"embeddable":true,"href":"https:\/\/martinluther.ca\/de\/wp-json\/wp\/v2\/media\/23273"}],"wp:attachment":[{"href":"https:\/\/martinluther.ca\/de\/wp-json\/wp\/v2\/media?parent=23279"}],"wp:term":[{"taxonomy":"category","embeddable":true,"href":"https:\/\/martinluther.ca\/de\/wp-json\/wp\/v2\/categories?post=23279"},{"taxonomy":"post_tag","embeddable":true,"href":"https:\/\/martinluther.ca\/de\/wp-json\/wp\/v2\/tags?post=23279"},{"taxonomy":"post_series","embeddable":true,"href":"https:\/\/martinluther.ca\/de\/wp-json\/wp\/v2\/post_series?post=23279"}],"curies":[{"name":"wp","href":"https:\/\/api.w.org\/{rel}","templated":true}]}}