{"id":23747,"date":"2015-08-23T10:11:40","date_gmt":"2015-08-23T14:11:40","guid":{"rendered":"https:\/\/martinluther.ca\/de\/?p=23747"},"modified":"2025-11-22T13:06:57","modified_gmt":"2025-11-22T18:06:57","slug":"aufraeumarbeiten-erfolgreich-im-hof-rund-um-5-superior-avenue-und-den-day-care-2015","status":"publish","type":"post","link":"https:\/\/martinluther.ca\/de\/2015\/08\/aufraeumarbeiten-erfolgreich-im-hof-rund-um-5-superior-avenue-und-den-day-care-2015\/","title":{"rendered":"Aufr\u00e4umarbeiten Erfolgreich im Hof rund um 5 Superior Avenue und den Day Care 2015"},"content":{"rendered":"<figure id=\"attachment_22609\" aria-describedby=\"caption-attachment-22609\" style=\"width: 300px\" class=\"wp-caption alignright\"><img loading=\"lazy\" decoding=\"async\" class=\"size-medium wp-image-22609\" src=\"https:\/\/martinluther.ca\/wp-content\/uploads\/2015\/08\/Daycare-Yard-Cleanup-02BB-300x225.jpg\" alt=\"2015 Daycare Yard Cleanup\" width=\"300\" height=\"225\" srcset=\"https:\/\/martinluther.ca\/wp-content\/uploads\/2015\/08\/Daycare-Yard-Cleanup-02BB-300x225.jpg 300w, https:\/\/martinluther.ca\/wp-content\/uploads\/2015\/08\/Daycare-Yard-Cleanup-02BB.jpg 1024w\" sizes=\"auto, (max-width: 300px) 100vw, 300px\" \/><figcaption id=\"caption-attachment-22609\" class=\"wp-caption-text\">2015 Daycare Yard Cleanup<\/figcaption><\/figure>\n<p>Jeder z\u00e4hlt. Innerhalb von drei Stunden verwandelten 7 Kinder und 17 Erwachsene den Hof rund um 5 Superior Avenue und den Day Care Spielplatz aus einem Dschungel in ein gr\u00fcnes Paradies. Ein 12-Yard M\u00fcll Container wurde bis zum Rand gef\u00fcllt. Somit ein 12-Yard Dankesch\u00f6n an alle Freiwilligen.Sie und ihre Familie sind herzlich eingeladen: Helfen Sie dem Kleinkind-Programm der multikulturellen, nicht-konfessionellen Kindertagesst\u00e4tte der Martin Luther Church. Wir mussten das Programm wegen einem Brand vor zwei Jahren schlie\u00dfen, nun wollen wir es wieder auf die Beine bringen.<\/p>\n<p>In K\u00fcrze:<\/p>\n<p>Genie\u00dfen Sie das <strong>Benefizkonzert<\/strong> des St. Martin Gospel Chors aus Nienburg, Deutschland am<strong> Samstag, den 29. August.<\/strong><\/p>\n<p>Treffen Sie Stadtrat Mark Grimes vom Ward 6 zum Day Care<strong> Open House 5 Superior Avenue<\/strong> am <strong>Dienstag, den 1. September.<\/strong><\/p>\n<p>Wir sind \u00fcber jede Spende zur Wiederer\u00f6ffnung der Tagesst\u00e4tte dankbar!<\/p>\n<p>Spenden k\u00f6nnen an jeder Zweigstelle lokaler BMO Banken in der GTA abgegeben werden oder direkt in der Martin Luther Kirche. Egal, wie gro\u00df oder klein, alle Spenden sind willkommen. Spendenquittung ab $20.00 <strong>\u201c5 Superior Trust\u201d BMO Account # 2435 8978 800 <\/strong><\/p>\n<figure id=\"attachment_22610\" aria-describedby=\"caption-attachment-22610\" style=\"width: 300px\" class=\"wp-caption alignleft\"><img loading=\"lazy\" decoding=\"async\" class=\"size-medium wp-image-22610\" src=\"https:\/\/martinluther.ca\/wp-content\/uploads\/2015\/08\/Daycare-Yard-Cleanup-03BB-300x225.jpg\" alt=\"2015 Daycare Yard Cleanup\" width=\"300\" height=\"225\" srcset=\"https:\/\/martinluther.ca\/wp-content\/uploads\/2015\/08\/Daycare-Yard-Cleanup-03BB-300x225.jpg 300w, https:\/\/martinluther.ca\/wp-content\/uploads\/2015\/08\/Daycare-Yard-Cleanup-03BB.jpg 1024w\" sizes=\"auto, (max-width: 300px) 100vw, 300px\" \/><figcaption id=\"caption-attachment-22610\" class=\"wp-caption-text\">2015 Daycare Yard Cleanup -03BB<\/figcaption><\/figure>\n<p>&nbsp;<\/p>\n","protected":false},"excerpt":{"rendered":"<p>Jeder z\u00e4hlt. Innerhalb von drei Stunden verwandelten 7 Kinder und 17 Erwachsene den Hof rund um 5 Superior Avenue und den Day Care Spielplatz aus einem Dschungel in ein gr\u00fcnes Paradies. Ein 12-Yard M\u00fcll Container wurde bis zum Rand gef\u00fcllt. Somit ein 12-Yard Dankesch\u00f6n an alle Freiwilligen.Sie und ihre Familie sind herzlich eingeladen: Helfen Sie&hellip;<\/p>\n","protected":false},"author":9,"featured_media":22609,"comment_status":"closed","ping_status":"closed","sticky":false,"template":"","format":"standard","meta":{"footnotes":""},"categories":[69],"tags":[],"post_series":[],"class_list":["post-23747","post","type-post","status-publish","format-standard","has-post-thumbnail","hentry","category-news-blog-german","entry","has-media"],"yoast_head":"<!-- This site is optimized with the Yoast SEO plugin v27.5 - https:\/\/yoast.com\/product\/yoast-seo-wordpress\/ -->\n<title>Aufr\u00e4umarbeiten Erfolgreich im Hof rund um 5 Superior Avenue und den Day Care 2015 - Martin Luther Evangelische Kirche Toronto<\/title>\n<meta name=\"robots\" content=\"index, follow, max-snippet:-1, max-image-preview:large, max-video-preview:-1\" \/>\n<link rel=\"canonical\" href=\"https:\/\/martinluther.ca\/de\/2015\/08\/aufraeumarbeiten-erfolgreich-im-hof-rund-um-5-superior-avenue-und-den-day-care-2015\/\" \/>\n<meta property=\"og:locale\" content=\"de_DE\" \/>\n<meta property=\"og:type\" content=\"article\" \/>\n<meta property=\"og:title\" content=\"Aufr\u00e4umarbeiten Erfolgreich im Hof rund um 5 Superior Avenue und den Day Care 2015 - Martin Luther Evangelische Kirche Toronto\" \/>\n<meta property=\"og:description\" content=\"Jeder z\u00e4hlt. Innerhalb von drei Stunden verwandelten 7 Kinder und 17 Erwachsene den Hof rund um 5 Superior Avenue und den Day Care Spielplatz aus einem Dschungel in ein gr\u00fcnes Paradies. Ein 12-Yard M\u00fcll Container wurde bis zum Rand gef\u00fcllt. Somit ein 12-Yard Dankesch\u00f6n an alle Freiwilligen.Sie und ihre Familie sind herzlich eingeladen: Helfen Sie&hellip;\" \/>\n<meta property=\"og:url\" content=\"https:\/\/martinluther.ca\/de\/2015\/08\/aufraeumarbeiten-erfolgreich-im-hof-rund-um-5-superior-avenue-und-den-day-care-2015\/\" \/>\n<meta property=\"og:site_name\" content=\"Martin Luther Evangelische Kirche Toronto\" \/>\n<meta property=\"article:publisher\" content=\"https:\/\/www.facebook.com\/martinlutherchurchtoronto\" \/>\n<meta property=\"article:published_time\" content=\"2015-08-23T14:11:40+00:00\" \/>\n<meta property=\"article:modified_time\" content=\"2025-11-22T18:06:57+00:00\" \/>\n<meta property=\"og:image\" content=\"https:\/\/martinluther.ca\/wp-content\/uploads\/2015\/08\/Daycare-Yard-Cleanup-02BB.jpg\" \/>\n\t<meta property=\"og:image:width\" content=\"1024\" \/>\n\t<meta property=\"og:image:height\" content=\"768\" \/>\n\t<meta property=\"og:image:type\" content=\"image\/jpeg\" \/>\n<meta name=\"author\" content=\"Mona Kakoschke Frantzke\" \/>\n<meta name=\"twitter:card\" content=\"summary_large_image\" \/>\n<meta name=\"twitter:label1\" content=\"Verfasst von\" \/>\n\t<meta name=\"twitter:data1\" content=\"Mona Kakoschke Frantzke\" \/>\n\t<meta name=\"twitter:label2\" content=\"Gesch\u00e4tzte Lesezeit\" \/>\n\t<meta name=\"twitter:data2\" content=\"1\u00a0Minute\" \/>\n<script type=\"application\/ld+json\" class=\"yoast-schema-graph\">{\"@context\":\"https:\\\/\\\/schema.org\",\"@graph\":[{\"@type\":\"Article\",\"@id\":\"https:\\\/\\\/martinluther.ca\\\/de\\\/2015\\\/08\\\/aufraeumarbeiten-erfolgreich-im-hof-rund-um-5-superior-avenue-und-den-day-care-2015\\\/#article\",\"isPartOf\":{\"@id\":\"https:\\\/\\\/martinluther.ca\\\/de\\\/2015\\\/08\\\/aufraeumarbeiten-erfolgreich-im-hof-rund-um-5-superior-avenue-und-den-day-care-2015\\\/\"},\"author\":{\"name\":\"Mona Kakoschke Frantzke\",\"@id\":\"https:\\\/\\\/martinluther.ca\\\/de\\\/#\\\/schema\\\/person\\\/815c51710f70b050f0476f18da6b0c8f\"},\"headline\":\"Aufr\u00e4umarbeiten Erfolgreich im Hof rund um 5 Superior Avenue und den Day Care 2015\",\"datePublished\":\"2015-08-23T14:11:40+00:00\",\"dateModified\":\"2025-11-22T18:06:57+00:00\",\"mainEntityOfPage\":{\"@id\":\"https:\\\/\\\/martinluther.ca\\\/de\\\/2015\\\/08\\\/aufraeumarbeiten-erfolgreich-im-hof-rund-um-5-superior-avenue-und-den-day-care-2015\\\/\"},\"wordCount\":212,\"publisher\":{\"@id\":\"https:\\\/\\\/martinluther.ca\\\/de\\\/#organization\"},\"image\":{\"@id\":\"https:\\\/\\\/martinluther.ca\\\/de\\\/2015\\\/08\\\/aufraeumarbeiten-erfolgreich-im-hof-rund-um-5-superior-avenue-und-den-day-care-2015\\\/#primaryimage\"},\"thumbnailUrl\":\"https:\\\/\\\/martinluther.ca\\\/wp-content\\\/uploads\\\/2015\\\/08\\\/Daycare-Yard-Cleanup-02BB.jpg\",\"articleSection\":[\"News Blog - German\"],\"inLanguage\":\"de\"},{\"@type\":\"WebPage\",\"@id\":\"https:\\\/\\\/martinluther.ca\\\/de\\\/2015\\\/08\\\/aufraeumarbeiten-erfolgreich-im-hof-rund-um-5-superior-avenue-und-den-day-care-2015\\\/\",\"url\":\"https:\\\/\\\/martinluther.ca\\\/de\\\/2015\\\/08\\\/aufraeumarbeiten-erfolgreich-im-hof-rund-um-5-superior-avenue-und-den-day-care-2015\\\/\",\"name\":\"Aufr\u00e4umarbeiten Erfolgreich im Hof rund um 5 Superior Avenue und den Day Care 2015 - Martin Luther Evangelische Kirche Toronto\",\"isPartOf\":{\"@id\":\"https:\\\/\\\/martinluther.ca\\\/de\\\/#website\"},\"primaryImageOfPage\":{\"@id\":\"https:\\\/\\\/martinluther.ca\\\/de\\\/2015\\\/08\\\/aufraeumarbeiten-erfolgreich-im-hof-rund-um-5-superior-avenue-und-den-day-care-2015\\\/#primaryimage\"},\"image\":{\"@id\":\"https:\\\/\\\/martinluther.ca\\\/de\\\/2015\\\/08\\\/aufraeumarbeiten-erfolgreich-im-hof-rund-um-5-superior-avenue-und-den-day-care-2015\\\/#primaryimage\"},\"thumbnailUrl\":\"https:\\\/\\\/martinluther.ca\\\/wp-content\\\/uploads\\\/2015\\\/08\\\/Daycare-Yard-Cleanup-02BB.jpg\",\"datePublished\":\"2015-08-23T14:11:40+00:00\",\"dateModified\":\"2025-11-22T18:06:57+00:00\",\"breadcrumb\":{\"@id\":\"https:\\\/\\\/martinluther.ca\\\/de\\\/2015\\\/08\\\/aufraeumarbeiten-erfolgreich-im-hof-rund-um-5-superior-avenue-und-den-day-care-2015\\\/#breadcrumb\"},\"inLanguage\":\"de\",\"potentialAction\":[{\"@type\":\"ReadAction\",\"target\":[\"https:\\\/\\\/martinluther.ca\\\/de\\\/2015\\\/08\\\/aufraeumarbeiten-erfolgreich-im-hof-rund-um-5-superior-avenue-und-den-day-care-2015\\\/\"]}]},{\"@type\":\"ImageObject\",\"inLanguage\":\"de\",\"@id\":\"https:\\\/\\\/martinluther.ca\\\/de\\\/2015\\\/08\\\/aufraeumarbeiten-erfolgreich-im-hof-rund-um-5-superior-avenue-und-den-day-care-2015\\\/#primaryimage\",\"url\":\"https:\\\/\\\/martinluther.ca\\\/wp-content\\\/uploads\\\/2015\\\/08\\\/Daycare-Yard-Cleanup-02BB.jpg\",\"contentUrl\":\"https:\\\/\\\/martinluther.ca\\\/wp-content\\\/uploads\\\/2015\\\/08\\\/Daycare-Yard-Cleanup-02BB.jpg\",\"width\":1024,\"height\":768,\"caption\":\"2015 Daycare Yard Cleanup\"},{\"@type\":\"BreadcrumbList\",\"@id\":\"https:\\\/\\\/martinluther.ca\\\/de\\\/2015\\\/08\\\/aufraeumarbeiten-erfolgreich-im-hof-rund-um-5-superior-avenue-und-den-day-care-2015\\\/#breadcrumb\",\"itemListElement\":[{\"@type\":\"ListItem\",\"position\":1,\"name\":\"Home\",\"item\":\"https:\\\/\\\/martinluther.ca\\\/de\\\/\"},{\"@type\":\"ListItem\",\"position\":2,\"name\":\"Aufr\u00e4umarbeiten Erfolgreich im Hof rund um 5 Superior Avenue und den Day Care 2015\"}]},{\"@type\":\"WebSite\",\"@id\":\"https:\\\/\\\/martinluther.ca\\\/de\\\/#website\",\"url\":\"https:\\\/\\\/martinluther.ca\\\/de\\\/\",\"name\":\"Martin Luther Evangelical Church Toronto\",\"description\":\"Deutsch &amp; Englisch\",\"publisher\":{\"@id\":\"https:\\\/\\\/martinluther.ca\\\/de\\\/#organization\"},\"potentialAction\":[{\"@type\":\"SearchAction\",\"target\":{\"@type\":\"EntryPoint\",\"urlTemplate\":\"https:\\\/\\\/martinluther.ca\\\/de\\\/?s={search_term_string}\"},\"query-input\":{\"@type\":\"PropertyValueSpecification\",\"valueRequired\":true,\"valueName\":\"search_term_string\"}}],\"inLanguage\":\"de\"},{\"@type\":\"Organization\",\"@id\":\"https:\\\/\\\/martinluther.ca\\\/de\\\/#organization\",\"name\":\"Martin Luther Evangelical Church Toronto\",\"url\":\"https:\\\/\\\/martinluther.ca\\\/de\\\/\",\"logo\":{\"@type\":\"ImageObject\",\"inLanguage\":\"de\",\"@id\":\"https:\\\/\\\/martinluther.ca\\\/de\\\/#\\\/schema\\\/logo\\\/image\\\/\",\"url\":\"https:\\\/\\\/martinluther.ca\\\/wp-content\\\/uploads\\\/2016\\\/12\\\/ml-logo-300.png\",\"contentUrl\":\"https:\\\/\\\/martinluther.ca\\\/wp-content\\\/uploads\\\/2016\\\/12\\\/ml-logo-300.png\",\"width\":300,\"height\":150,\"caption\":\"Martin Luther Evangelical Church Toronto\"},\"image\":{\"@id\":\"https:\\\/\\\/martinluther.ca\\\/de\\\/#\\\/schema\\\/logo\\\/image\\\/\"},\"sameAs\":[\"https:\\\/\\\/www.facebook.com\\\/martinlutherchurchtoronto\",\"https:\\\/\\\/www.instagram.com\\\/lutheransbythelake\\\/\",\"https:\\\/\\\/www.youtube.com\\\/MartinLutherChurchToronto\"]},{\"@type\":\"Person\",\"@id\":\"https:\\\/\\\/martinluther.ca\\\/de\\\/#\\\/schema\\\/person\\\/815c51710f70b050f0476f18da6b0c8f\",\"name\":\"Mona Kakoschke Frantzke\",\"image\":{\"@type\":\"ImageObject\",\"inLanguage\":\"de\",\"@id\":\"https:\\\/\\\/secure.gravatar.com\\\/avatar\\\/0deb16854ca545cd2e9fc8001ca110d262b80d5c8317b38dc542265fbea0ed19?s=96&d=mm&r=g\",\"url\":\"https:\\\/\\\/secure.gravatar.com\\\/avatar\\\/0deb16854ca545cd2e9fc8001ca110d262b80d5c8317b38dc542265fbea0ed19?s=96&d=mm&r=g\",\"contentUrl\":\"https:\\\/\\\/secure.gravatar.com\\\/avatar\\\/0deb16854ca545cd2e9fc8001ca110d262b80d5c8317b38dc542265fbea0ed19?s=96&d=mm&r=g\",\"caption\":\"Mona Kakoschke Frantzke\"},\"url\":false}]}<\/script>\n<!-- \/ Yoast SEO plugin. -->","yoast_head_json":{"title":"Aufr\u00e4umarbeiten Erfolgreich im Hof rund um 5 Superior Avenue und den Day Care 2015 - Martin Luther Evangelische Kirche Toronto","robots":{"index":"index","follow":"follow","max-snippet":"max-snippet:-1","max-image-preview":"max-image-preview:large","max-video-preview":"max-video-preview:-1"},"canonical":"https:\/\/martinluther.ca\/de\/2015\/08\/aufraeumarbeiten-erfolgreich-im-hof-rund-um-5-superior-avenue-und-den-day-care-2015\/","og_locale":"de_DE","og_type":"article","og_title":"Aufr\u00e4umarbeiten Erfolgreich im Hof rund um 5 Superior Avenue und den Day Care 2015 - Martin Luther Evangelische Kirche Toronto","og_description":"Jeder z\u00e4hlt. Innerhalb von drei Stunden verwandelten 7 Kinder und 17 Erwachsene den Hof rund um 5 Superior Avenue und den Day Care Spielplatz aus einem Dschungel in ein gr\u00fcnes Paradies. Ein 12-Yard M\u00fcll Container wurde bis zum Rand gef\u00fcllt. Somit ein 12-Yard Dankesch\u00f6n an alle Freiwilligen.Sie und ihre Familie sind herzlich eingeladen: Helfen Sie&hellip;","og_url":"https:\/\/martinluther.ca\/de\/2015\/08\/aufraeumarbeiten-erfolgreich-im-hof-rund-um-5-superior-avenue-und-den-day-care-2015\/","og_site_name":"Martin Luther Evangelische Kirche Toronto","article_publisher":"https:\/\/www.facebook.com\/martinlutherchurchtoronto","article_published_time":"2015-08-23T14:11:40+00:00","article_modified_time":"2025-11-22T18:06:57+00:00","og_image":[{"width":1024,"height":768,"url":"https:\/\/martinluther.ca\/wp-content\/uploads\/2015\/08\/Daycare-Yard-Cleanup-02BB.jpg","type":"image\/jpeg"}],"author":"Mona Kakoschke Frantzke","twitter_card":"summary_large_image","twitter_misc":{"Verfasst von":"Mona Kakoschke Frantzke","Gesch\u00e4tzte Lesezeit":"1\u00a0Minute"},"schema":{"@context":"https:\/\/schema.org","@graph":[{"@type":"Article","@id":"https:\/\/martinluther.ca\/de\/2015\/08\/aufraeumarbeiten-erfolgreich-im-hof-rund-um-5-superior-avenue-und-den-day-care-2015\/#article","isPartOf":{"@id":"https:\/\/martinluther.ca\/de\/2015\/08\/aufraeumarbeiten-erfolgreich-im-hof-rund-um-5-superior-avenue-und-den-day-care-2015\/"},"author":{"name":"Mona Kakoschke Frantzke","@id":"https:\/\/martinluther.ca\/de\/#\/schema\/person\/815c51710f70b050f0476f18da6b0c8f"},"headline":"Aufr\u00e4umarbeiten Erfolgreich im Hof rund um 5 Superior Avenue und den Day Care 2015","datePublished":"2015-08-23T14:11:40+00:00","dateModified":"2025-11-22T18:06:57+00:00","mainEntityOfPage":{"@id":"https:\/\/martinluther.ca\/de\/2015\/08\/aufraeumarbeiten-erfolgreich-im-hof-rund-um-5-superior-avenue-und-den-day-care-2015\/"},"wordCount":212,"publisher":{"@id":"https:\/\/martinluther.ca\/de\/#organization"},"image":{"@id":"https:\/\/martinluther.ca\/de\/2015\/08\/aufraeumarbeiten-erfolgreich-im-hof-rund-um-5-superior-avenue-und-den-day-care-2015\/#primaryimage"},"thumbnailUrl":"https:\/\/martinluther.ca\/wp-content\/uploads\/2015\/08\/Daycare-Yard-Cleanup-02BB.jpg","articleSection":["News Blog - German"],"inLanguage":"de"},{"@type":"WebPage","@id":"https:\/\/martinluther.ca\/de\/2015\/08\/aufraeumarbeiten-erfolgreich-im-hof-rund-um-5-superior-avenue-und-den-day-care-2015\/","url":"https:\/\/martinluther.ca\/de\/2015\/08\/aufraeumarbeiten-erfolgreich-im-hof-rund-um-5-superior-avenue-und-den-day-care-2015\/","name":"Aufr\u00e4umarbeiten Erfolgreich im Hof rund um 5 Superior Avenue und den Day Care 2015 - Martin Luther Evangelische Kirche Toronto","isPartOf":{"@id":"https:\/\/martinluther.ca\/de\/#website"},"primaryImageOfPage":{"@id":"https:\/\/martinluther.ca\/de\/2015\/08\/aufraeumarbeiten-erfolgreich-im-hof-rund-um-5-superior-avenue-und-den-day-care-2015\/#primaryimage"},"image":{"@id":"https:\/\/martinluther.ca\/de\/2015\/08\/aufraeumarbeiten-erfolgreich-im-hof-rund-um-5-superior-avenue-und-den-day-care-2015\/#primaryimage"},"thumbnailUrl":"https:\/\/martinluther.ca\/wp-content\/uploads\/2015\/08\/Daycare-Yard-Cleanup-02BB.jpg","datePublished":"2015-08-23T14:11:40+00:00","dateModified":"2025-11-22T18:06:57+00:00","breadcrumb":{"@id":"https:\/\/martinluther.ca\/de\/2015\/08\/aufraeumarbeiten-erfolgreich-im-hof-rund-um-5-superior-avenue-und-den-day-care-2015\/#breadcrumb"},"inLanguage":"de","potentialAction":[{"@type":"ReadAction","target":["https:\/\/martinluther.ca\/de\/2015\/08\/aufraeumarbeiten-erfolgreich-im-hof-rund-um-5-superior-avenue-und-den-day-care-2015\/"]}]},{"@type":"ImageObject","inLanguage":"de","@id":"https:\/\/martinluther.ca\/de\/2015\/08\/aufraeumarbeiten-erfolgreich-im-hof-rund-um-5-superior-avenue-und-den-day-care-2015\/#primaryimage","url":"https:\/\/martinluther.ca\/wp-content\/uploads\/2015\/08\/Daycare-Yard-Cleanup-02BB.jpg","contentUrl":"https:\/\/martinluther.ca\/wp-content\/uploads\/2015\/08\/Daycare-Yard-Cleanup-02BB.jpg","width":1024,"height":768,"caption":"2015 Daycare Yard Cleanup"},{"@type":"BreadcrumbList","@id":"https:\/\/martinluther.ca\/de\/2015\/08\/aufraeumarbeiten-erfolgreich-im-hof-rund-um-5-superior-avenue-und-den-day-care-2015\/#breadcrumb","itemListElement":[{"@type":"ListItem","position":1,"name":"Home","item":"https:\/\/martinluther.ca\/de\/"},{"@type":"ListItem","position":2,"name":"Aufr\u00e4umarbeiten Erfolgreich im Hof rund um 5 Superior Avenue und den Day Care 2015"}]},{"@type":"WebSite","@id":"https:\/\/martinluther.ca\/de\/#website","url":"https:\/\/martinluther.ca\/de\/","name":"Martin Luther Evangelical Church Toronto","description":"Deutsch &amp; Englisch","publisher":{"@id":"https:\/\/martinluther.ca\/de\/#organization"},"potentialAction":[{"@type":"SearchAction","target":{"@type":"EntryPoint","urlTemplate":"https:\/\/martinluther.ca\/de\/?s={search_term_string}"},"query-input":{"@type":"PropertyValueSpecification","valueRequired":true,"valueName":"search_term_string"}}],"inLanguage":"de"},{"@type":"Organization","@id":"https:\/\/martinluther.ca\/de\/#organization","name":"Martin Luther Evangelical Church Toronto","url":"https:\/\/martinluther.ca\/de\/","logo":{"@type":"ImageObject","inLanguage":"de","@id":"https:\/\/martinluther.ca\/de\/#\/schema\/logo\/image\/","url":"https:\/\/martinluther.ca\/wp-content\/uploads\/2016\/12\/ml-logo-300.png","contentUrl":"https:\/\/martinluther.ca\/wp-content\/uploads\/2016\/12\/ml-logo-300.png","width":300,"height":150,"caption":"Martin Luther Evangelical Church Toronto"},"image":{"@id":"https:\/\/martinluther.ca\/de\/#\/schema\/logo\/image\/"},"sameAs":["https:\/\/www.facebook.com\/martinlutherchurchtoronto","https:\/\/www.instagram.com\/lutheransbythelake\/","https:\/\/www.youtube.com\/MartinLutherChurchToronto"]},{"@type":"Person","@id":"https:\/\/martinluther.ca\/de\/#\/schema\/person\/815c51710f70b050f0476f18da6b0c8f","name":"Mona Kakoschke Frantzke","image":{"@type":"ImageObject","inLanguage":"de","@id":"https:\/\/secure.gravatar.com\/avatar\/0deb16854ca545cd2e9fc8001ca110d262b80d5c8317b38dc542265fbea0ed19?s=96&d=mm&r=g","url":"https:\/\/secure.gravatar.com\/avatar\/0deb16854ca545cd2e9fc8001ca110d262b80d5c8317b38dc542265fbea0ed19?s=96&d=mm&r=g","contentUrl":"https:\/\/secure.gravatar.com\/avatar\/0deb16854ca545cd2e9fc8001ca110d262b80d5c8317b38dc542265fbea0ed19?s=96&d=mm&r=g","caption":"Mona Kakoschke Frantzke"},"url":false}]}},"_links":{"self":[{"href":"https:\/\/martinluther.ca\/de\/wp-json\/wp\/v2\/posts\/23747","targetHints":{"allow":["GET"]}}],"collection":[{"href":"https:\/\/martinluther.ca\/de\/wp-json\/wp\/v2\/posts"}],"about":[{"href":"https:\/\/martinluther.ca\/de\/wp-json\/wp\/v2\/types\/post"}],"author":[{"embeddable":true,"href":"https:\/\/martinluther.ca\/de\/wp-json\/wp\/v2\/users\/9"}],"replies":[{"embeddable":true,"href":"https:\/\/martinluther.ca\/de\/wp-json\/wp\/v2\/comments?post=23747"}],"version-history":[{"count":4,"href":"https:\/\/martinluther.ca\/de\/wp-json\/wp\/v2\/posts\/23747\/revisions"}],"predecessor-version":[{"id":56222,"href":"https:\/\/martinluther.ca\/de\/wp-json\/wp\/v2\/posts\/23747\/revisions\/56222"}],"wp:featuredmedia":[{"embeddable":true,"href":"https:\/\/martinluther.ca\/de\/wp-json\/wp\/v2\/media\/22609"}],"wp:attachment":[{"href":"https:\/\/martinluther.ca\/de\/wp-json\/wp\/v2\/media?parent=23747"}],"wp:term":[{"taxonomy":"category","embeddable":true,"href":"https:\/\/martinluther.ca\/de\/wp-json\/wp\/v2\/categories?post=23747"},{"taxonomy":"post_tag","embeddable":true,"href":"https:\/\/martinluther.ca\/de\/wp-json\/wp\/v2\/tags?post=23747"},{"taxonomy":"post_series","embeddable":true,"href":"https:\/\/martinluther.ca\/de\/wp-json\/wp\/v2\/post_series?post=23747"}],"curies":[{"name":"wp","href":"https:\/\/api.w.org\/{rel}","templated":true}]}}