{"id":23749,"date":"2015-08-18T10:17:25","date_gmt":"2015-08-18T14:17:25","guid":{"rendered":"https:\/\/martinluther.ca\/de\/?p=23749"},"modified":"2018-02-17T00:19:22","modified_gmt":"2018-02-17T05:19:22","slug":"kindertagesstaette-in-der-superior-avenue-wir-blieben-standhaft-2","status":"publish","type":"post","link":"https:\/\/martinluther.ca\/de\/2015\/08\/kindertagesstaette-in-der-superior-avenue-wir-blieben-standhaft-2\/","title":{"rendered":"Kindertagesst\u00e4tte in der Superior Avenue: Wir blieben standhaft"},"content":{"rendered":"<p>Im Oktober 2013 wurde das Kita Geb\u00e4ude in der Superior Avenue 5 durch einen Brand gr\u00f6\u00dftenteils zerst\u00f6rt. Das Kleinkindprogramm musste geschlossen werden w\u00e4hrend die Kinder der Vorschule im Kirchengeb\u00e4ude Unterschlupf fanden. Anfangs rechneten wir mit einer Bauzeit von 8 \u2013 12 Monaten. Nach fast zwei Jahren Renovierungsarbeiten freuen sich nun alle Beteiligten auf eine Wiederer\u00f6ffnung im September 2015.<\/p>\n<p>Wenn Sie mehr wissen wollen oder selbst an der Er\u00f6ffnung teilhaben m\u00f6chten, lesen Sie den News Blog unter Gemeindeleben auf dieser Webseite.<\/p>\n<p>Wir sind \u00fcber jede Spende zur Wiederer\u00f6ffnung der Tagesst\u00e4tte dankbar!<\/p>\n<p>Spenden k\u00f6nnen an jeder Zweigstelle lokaler BMO Banken in der GTA abgegeben werden oder direkt in der Martin Luther Kirche. Egal, wie gro\u00df oder klein, alle Spenden sind willkommen. Spendenquittung ab $20.00 <strong>\u201c5 Superior Trust\u201d BMO Account # 2435 8978 800 <\/strong><\/p>\n<p><strong>Lesen Sie weiter in Englisch:<\/strong><\/p>\n<p><strong>Day Care at 5 Superior Avenue: Standing Firm on Shifting Grounds. Part three of a three part series.<\/strong><\/p>\n<p>In October of 2013, a fire destroyed part of the Martin Luther Church Day Care building at 5 Superior Avenue. Now, after almost 2 years of renovations to meet new regulations, the Day Care is getting back on its feet. Balancing an adaptable mindset along with an unshakable philosophy they discovered, was the key to using this crisis to once again evaluate and confirm their commitment to the children and families in the neighborhood.<\/p>\n<p>For 45 years, the Martin Luther Church Day Care has provided subsidized care to the children in the Mimico community &#8211; starting with just 23 children in 1970, and growing to support four age-tailored programs and more than 72 children over the years. &#8222;The past has taught us to be flexible&#8220; says supervisor Teresa Kurek &#8222;During [our] lifespan [we] have changed the dynamics constantly. Programs are offered when the need arises and closed or transformed when that need changes.&#8220;<\/p>\n<figure id=\"attachment_22451\" aria-describedby=\"caption-attachment-22451\" style=\"width: 225px\" class=\"wp-caption alignright\"><img loading=\"lazy\" decoding=\"async\" class=\"size-medium wp-image-22451\" src=\"https:\/\/martinluther.ca\/wp-content\/uploads\/2015\/08\/2015-Daycare-Reopening-26BB-225x300.jpg\" alt=\"Daycare with 2015 Re-opening banner\" width=\"225\" height=\"300\" srcset=\"https:\/\/martinluther.ca\/wp-content\/uploads\/2015\/08\/2015-Daycare-Reopening-26BB-225x300.jpg 225w, https:\/\/martinluther.ca\/wp-content\/uploads\/2015\/08\/2015-Daycare-Reopening-26BB.jpg 768w\" sizes=\"auto, (max-width: 225px) 100vw, 225px\" \/><figcaption id=\"caption-attachment-22451\" class=\"wp-caption-text\">Daycare Toddler Program Re-opening in Sept 2015<\/figcaption><\/figure>\n<p>The fire 21 months ago was just the daycare&#8217;s latest challenge in flexibility. Losing the ability to operate in the building at 5 Superior Avenue meant having to relocate the pre-school program and closing the toddler program altogether. &#8222;We have jumped every hurdle so far\u201d says Inge KooTze Mew, board member Martin Luther Church Day Care, &#8222;It\u2019s a combination of keeping what is important at our core \u2013 passionate teachers, partnership with parents &#8211; and being adaptable.\u201d As the renovations come to an end and the re-opening nears, the mission remains what it has always been: ensure that excellent care is provided to as many of the neighbourhood&#8217;s children as possible.<\/p>\n<p>The Martin Luther Church Day Care&#8217;s educational philosophy has also seen the benefits of both adapting to new ideas and working from a place of strong values. Since its inception, play-based learning and family-type care have been the foundation for the daycare&#8217;s mission statement. Today, the daycare&#8217;s teachers continue to support learning by doing and foster a family atmosphere, but unlike a couple of decades ago, the organization now follows a government mandated curriculum and has put a special focus on learning with family and children to find out how to best encourage the individual child.<\/p>\n<p>The timeline of the re-opening gave the daycare staff some important choices to make, but in each case the determination to keep the children&#8217;s interests at heart overpowered taking the easy road. It may have been far easier to move into another space instead of renovating the burned building, but the daycare deliberately chose to stay in the space for the familiar environment and proximity to the other programs in the church. \u201cI was happy here, because it was like home. It is in a residential building. It is small \u2013 perfect\u201d Kurek says. Likewise, new regulations by the Government of Ontario allowing a larger teacher to child ratio were disregarded in order to give each child more individualized attention.<\/p>\n<p>New facilities installed during the renovation, including a new kitchen, will no doubt help the daycare fulfil all ministry requirements. Child sized washrooms, for example help foster independence, while a newly renovated play-space will support the daycare\u2019s \u201clearning by doing\u201d approach. Best of all, when the building re-opens in the fall, there will be space for 56 children &#8211; plenty of room to welcome back both the preschool and the toddler program.<\/p>\n<figure id=\"attachment_22453\" aria-describedby=\"caption-attachment-22453\" style=\"width: 300px\" class=\"wp-caption alignright\"><img loading=\"lazy\" decoding=\"async\" class=\"size-medium wp-image-22453\" src=\"https:\/\/martinluther.ca\/wp-content\/uploads\/2015\/08\/2015-Daycare-Reopening-25BB-300x225.jpg\" alt=\"2Daycare Reopening in September 2015\" width=\"300\" height=\"225\" srcset=\"https:\/\/martinluther.ca\/wp-content\/uploads\/2015\/08\/2015-Daycare-Reopening-25BB-300x225.jpg 300w, https:\/\/martinluther.ca\/wp-content\/uploads\/2015\/08\/2015-Daycare-Reopening-25BB.jpg 1024w\" sizes=\"auto, (max-width: 300px) 100vw, 300px\" \/><figcaption id=\"caption-attachment-22453\" class=\"wp-caption-text\">Daycare Reopening in September 2015<\/figcaption><\/figure>\n<p>An exciting final part of the renovation is planned for after the re-opening in September 2105. The grey, plain walls on the outside of the daycare building are being painted over in favour of a mural that hopes to bring some of the vibrancy inside the daycare to its external walls. Not only will it spice up the scenery on Superior Avenue, but organizers are hoping the painting will integrate the daycare into the community further and create visibility. \u201cWe are living in a vibrant, active and culturally rich neighbourhood along the lakeshore in Mimico that shows passion for the arts\u201d says church president Iris Schweiger, \u201cThis is the perfect opportunity to add to that spirit, as well as show the community what the daycare is all about.\u201d<\/p>\n<p>As the renovations come to an end, those working hard on the re-opening have begun to see the last two years as a blessing in disguise and a chance to breathe new life into the organization. \u201cSince the lakeshore is changing so quickly right now, we have to reinvent ourselves\u201d reflects the church\u2019s pastor, Pastor Christian Ceconi, \u201cEven so, the goal stays the same: we want to create a special place for children and families, because children are a blessing in every community.\u201d &#8211; Sonja Schweiger, August 18, 2015<\/p>\n<figure id=\"attachment_22501\" aria-describedby=\"caption-attachment-22501\" style=\"width: 300px\" class=\"wp-caption alignleft\"><img loading=\"lazy\" decoding=\"async\" class=\"size-medium wp-image-22501\" src=\"https:\/\/martinluther.ca\/wp-content\/uploads\/2015\/08\/2015-Daycare-Reopening-40BB-300x225.jpg\" alt=\"2015 Daycare Backyard\" width=\"300\" height=\"225\" srcset=\"https:\/\/martinluther.ca\/wp-content\/uploads\/2015\/08\/2015-Daycare-Reopening-40BB-300x225.jpg 300w, https:\/\/martinluther.ca\/wp-content\/uploads\/2015\/08\/2015-Daycare-Reopening-40BB.jpg 1024w\" sizes=\"auto, (max-width: 300px) 100vw, 300px\" \/><figcaption id=\"caption-attachment-22501\" class=\"wp-caption-text\">Daycare backyard playground, NOW, 2015<\/figcaption><\/figure>\n<figure id=\"attachment_22447\" aria-describedby=\"caption-attachment-22447\" style=\"width: 300px\" class=\"wp-caption alignleft\"><img loading=\"lazy\" decoding=\"async\" class=\"size-medium wp-image-22447\" src=\"https:\/\/martinluther.ca\/wp-content\/uploads\/2015\/08\/2015-Daycare-Reopening-24BB-300x225.jpg\" alt=\"2015 MLC Day Care Re-opening\" width=\"300\" height=\"225\" srcset=\"https:\/\/martinluther.ca\/wp-content\/uploads\/2015\/08\/2015-Daycare-Reopening-24BB-300x225.jpg 300w, https:\/\/martinluther.ca\/wp-content\/uploads\/2015\/08\/2015-Daycare-Reopening-24BB.jpg 1024w\" sizes=\"auto, (max-width: 300px) 100vw, 300px\" \/><figcaption id=\"caption-attachment-22447\" class=\"wp-caption-text\">2015 MLC Day Care Re-opening<\/figcaption><\/figure>\n","protected":false},"excerpt":{"rendered":"<p>Im Oktober 2013 wurde das Kita Geb\u00e4ude in der Superior Avenue 5 durch einen Brand gr\u00f6\u00dftenteils zerst\u00f6rt. Das Kleinkindprogramm musste geschlossen werden w\u00e4hrend die Kinder der Vorschule im Kirchengeb\u00e4ude Unterschlupf fanden. Anfangs rechneten wir mit einer Bauzeit von 8 \u2013 12 Monaten. Nach fast zwei Jahren Renovierungsarbeiten freuen sich nun alle Beteiligten auf eine Wiederer\u00f6ffnung&hellip;<\/p>\n","protected":false},"author":9,"featured_media":22452,"comment_status":"closed","ping_status":"closed","sticky":false,"template":"","format":"standard","meta":{"footnotes":""},"categories":[69],"tags":[],"post_series":[],"class_list":["post-23749","post","type-post","status-publish","format-standard","has-post-thumbnail","hentry","category-news-blog-german","entry","has-media"],"yoast_head":"<!-- This site is optimized with the Yoast SEO plugin v27.5 - https:\/\/yoast.com\/product\/yoast-seo-wordpress\/ -->\n<title>Kindertagesst\u00e4tte in der Superior Avenue: Wir blieben standhaft - Martin Luther Evangelische Kirche Toronto<\/title>\n<meta name=\"robots\" content=\"index, follow, max-snippet:-1, max-image-preview:large, max-video-preview:-1\" \/>\n<link rel=\"canonical\" href=\"https:\/\/martinluther.ca\/de\/2015\/08\/kindertagesstaette-in-der-superior-avenue-wir-blieben-standhaft-2\/\" \/>\n<meta property=\"og:locale\" content=\"de_DE\" \/>\n<meta property=\"og:type\" content=\"article\" \/>\n<meta property=\"og:title\" content=\"Kindertagesst\u00e4tte in der Superior Avenue: Wir blieben standhaft - Martin Luther Evangelische Kirche Toronto\" \/>\n<meta property=\"og:description\" content=\"Im Oktober 2013 wurde das Kita Geb\u00e4ude in der Superior Avenue 5 durch einen Brand gr\u00f6\u00dftenteils zerst\u00f6rt. Das Kleinkindprogramm musste geschlossen werden w\u00e4hrend die Kinder der Vorschule im Kirchengeb\u00e4ude Unterschlupf fanden. Anfangs rechneten wir mit einer Bauzeit von 8 \u2013 12 Monaten. Nach fast zwei Jahren Renovierungsarbeiten freuen sich nun alle Beteiligten auf eine Wiederer\u00f6ffnung&hellip;\" \/>\n<meta property=\"og:url\" content=\"https:\/\/martinluther.ca\/de\/2015\/08\/kindertagesstaette-in-der-superior-avenue-wir-blieben-standhaft-2\/\" \/>\n<meta property=\"og:site_name\" content=\"Martin Luther Evangelische Kirche Toronto\" \/>\n<meta property=\"article:publisher\" content=\"https:\/\/www.facebook.com\/martinlutherchurchtoronto\" \/>\n<meta property=\"article:published_time\" content=\"2015-08-18T14:17:25+00:00\" \/>\n<meta property=\"article:modified_time\" content=\"2018-02-17T05:19:22+00:00\" \/>\n<meta property=\"og:image\" content=\"https:\/\/martinluther.ca\/wp-content\/uploads\/2015\/08\/2015-Daycare-Reopening-27CC.jpg\" \/>\n\t<meta property=\"og:image:width\" content=\"1024\" \/>\n\t<meta property=\"og:image:height\" content=\"768\" \/>\n\t<meta property=\"og:image:type\" content=\"image\/jpeg\" \/>\n<meta name=\"author\" content=\"Mona Kakoschke Frantzke\" \/>\n<meta name=\"twitter:card\" content=\"summary_large_image\" \/>\n<meta name=\"twitter:label1\" content=\"Verfasst von\" \/>\n\t<meta name=\"twitter:data1\" content=\"Mona Kakoschke Frantzke\" \/>\n\t<meta name=\"twitter:label2\" content=\"Gesch\u00e4tzte Lesezeit\" \/>\n\t<meta name=\"twitter:data2\" content=\"5\u00a0Minuten\" \/>\n<script type=\"application\/ld+json\" class=\"yoast-schema-graph\">{\"@context\":\"https:\\\/\\\/schema.org\",\"@graph\":[{\"@type\":\"Article\",\"@id\":\"https:\\\/\\\/martinluther.ca\\\/de\\\/2015\\\/08\\\/kindertagesstaette-in-der-superior-avenue-wir-blieben-standhaft-2\\\/#article\",\"isPartOf\":{\"@id\":\"https:\\\/\\\/martinluther.ca\\\/de\\\/2015\\\/08\\\/kindertagesstaette-in-der-superior-avenue-wir-blieben-standhaft-2\\\/\"},\"author\":{\"name\":\"Mona Kakoschke Frantzke\",\"@id\":\"https:\\\/\\\/martinluther.ca\\\/de\\\/#\\\/schema\\\/person\\\/815c51710f70b050f0476f18da6b0c8f\"},\"headline\":\"Kindertagesst\u00e4tte in der Superior Avenue: Wir blieben standhaft\",\"datePublished\":\"2015-08-18T14:17:25+00:00\",\"dateModified\":\"2018-02-17T05:19:22+00:00\",\"mainEntityOfPage\":{\"@id\":\"https:\\\/\\\/martinluther.ca\\\/de\\\/2015\\\/08\\\/kindertagesstaette-in-der-superior-avenue-wir-blieben-standhaft-2\\\/\"},\"wordCount\":970,\"publisher\":{\"@id\":\"https:\\\/\\\/martinluther.ca\\\/de\\\/#organization\"},\"image\":{\"@id\":\"https:\\\/\\\/martinluther.ca\\\/de\\\/2015\\\/08\\\/kindertagesstaette-in-der-superior-avenue-wir-blieben-standhaft-2\\\/#primaryimage\"},\"thumbnailUrl\":\"https:\\\/\\\/martinluther.ca\\\/wp-content\\\/uploads\\\/2015\\\/08\\\/2015-Daycare-Reopening-27CC.jpg\",\"articleSection\":[\"News Blog - German\"],\"inLanguage\":\"de\"},{\"@type\":\"WebPage\",\"@id\":\"https:\\\/\\\/martinluther.ca\\\/de\\\/2015\\\/08\\\/kindertagesstaette-in-der-superior-avenue-wir-blieben-standhaft-2\\\/\",\"url\":\"https:\\\/\\\/martinluther.ca\\\/de\\\/2015\\\/08\\\/kindertagesstaette-in-der-superior-avenue-wir-blieben-standhaft-2\\\/\",\"name\":\"Kindertagesst\u00e4tte in der Superior Avenue: Wir blieben standhaft - Martin Luther Evangelische Kirche Toronto\",\"isPartOf\":{\"@id\":\"https:\\\/\\\/martinluther.ca\\\/de\\\/#website\"},\"primaryImageOfPage\":{\"@id\":\"https:\\\/\\\/martinluther.ca\\\/de\\\/2015\\\/08\\\/kindertagesstaette-in-der-superior-avenue-wir-blieben-standhaft-2\\\/#primaryimage\"},\"image\":{\"@id\":\"https:\\\/\\\/martinluther.ca\\\/de\\\/2015\\\/08\\\/kindertagesstaette-in-der-superior-avenue-wir-blieben-standhaft-2\\\/#primaryimage\"},\"thumbnailUrl\":\"https:\\\/\\\/martinluther.ca\\\/wp-content\\\/uploads\\\/2015\\\/08\\\/2015-Daycare-Reopening-27CC.jpg\",\"datePublished\":\"2015-08-18T14:17:25+00:00\",\"dateModified\":\"2018-02-17T05:19:22+00:00\",\"breadcrumb\":{\"@id\":\"https:\\\/\\\/martinluther.ca\\\/de\\\/2015\\\/08\\\/kindertagesstaette-in-der-superior-avenue-wir-blieben-standhaft-2\\\/#breadcrumb\"},\"inLanguage\":\"de\",\"potentialAction\":[{\"@type\":\"ReadAction\",\"target\":[\"https:\\\/\\\/martinluther.ca\\\/de\\\/2015\\\/08\\\/kindertagesstaette-in-der-superior-avenue-wir-blieben-standhaft-2\\\/\"]}]},{\"@type\":\"ImageObject\",\"inLanguage\":\"de\",\"@id\":\"https:\\\/\\\/martinluther.ca\\\/de\\\/2015\\\/08\\\/kindertagesstaette-in-der-superior-avenue-wir-blieben-standhaft-2\\\/#primaryimage\",\"url\":\"https:\\\/\\\/martinluther.ca\\\/wp-content\\\/uploads\\\/2015\\\/08\\\/2015-Daycare-Reopening-27CC.jpg\",\"contentUrl\":\"https:\\\/\\\/martinluther.ca\\\/wp-content\\\/uploads\\\/2015\\\/08\\\/2015-Daycare-Reopening-27CC.jpg\",\"width\":1024,\"height\":768,\"caption\":\"2015 MLC Daycare Re-opening\"},{\"@type\":\"BreadcrumbList\",\"@id\":\"https:\\\/\\\/martinluther.ca\\\/de\\\/2015\\\/08\\\/kindertagesstaette-in-der-superior-avenue-wir-blieben-standhaft-2\\\/#breadcrumb\",\"itemListElement\":[{\"@type\":\"ListItem\",\"position\":1,\"name\":\"Home\",\"item\":\"https:\\\/\\\/martinluther.ca\\\/de\\\/\"},{\"@type\":\"ListItem\",\"position\":2,\"name\":\"Kindertagesst\u00e4tte in der Superior Avenue: Wir blieben standhaft\"}]},{\"@type\":\"WebSite\",\"@id\":\"https:\\\/\\\/martinluther.ca\\\/de\\\/#website\",\"url\":\"https:\\\/\\\/martinluther.ca\\\/de\\\/\",\"name\":\"Martin Luther Evangelical Church Toronto\",\"description\":\"Deutsch &amp; Englisch\",\"publisher\":{\"@id\":\"https:\\\/\\\/martinluther.ca\\\/de\\\/#organization\"},\"potentialAction\":[{\"@type\":\"SearchAction\",\"target\":{\"@type\":\"EntryPoint\",\"urlTemplate\":\"https:\\\/\\\/martinluther.ca\\\/de\\\/?s={search_term_string}\"},\"query-input\":{\"@type\":\"PropertyValueSpecification\",\"valueRequired\":true,\"valueName\":\"search_term_string\"}}],\"inLanguage\":\"de\"},{\"@type\":\"Organization\",\"@id\":\"https:\\\/\\\/martinluther.ca\\\/de\\\/#organization\",\"name\":\"Martin Luther Evangelical Church Toronto\",\"url\":\"https:\\\/\\\/martinluther.ca\\\/de\\\/\",\"logo\":{\"@type\":\"ImageObject\",\"inLanguage\":\"de\",\"@id\":\"https:\\\/\\\/martinluther.ca\\\/de\\\/#\\\/schema\\\/logo\\\/image\\\/\",\"url\":\"https:\\\/\\\/martinluther.ca\\\/wp-content\\\/uploads\\\/2016\\\/12\\\/ml-logo-300.png\",\"contentUrl\":\"https:\\\/\\\/martinluther.ca\\\/wp-content\\\/uploads\\\/2016\\\/12\\\/ml-logo-300.png\",\"width\":300,\"height\":150,\"caption\":\"Martin Luther Evangelical Church Toronto\"},\"image\":{\"@id\":\"https:\\\/\\\/martinluther.ca\\\/de\\\/#\\\/schema\\\/logo\\\/image\\\/\"},\"sameAs\":[\"https:\\\/\\\/www.facebook.com\\\/martinlutherchurchtoronto\",\"https:\\\/\\\/www.instagram.com\\\/lutheransbythelake\\\/\",\"https:\\\/\\\/www.youtube.com\\\/MartinLutherChurchToronto\"]},{\"@type\":\"Person\",\"@id\":\"https:\\\/\\\/martinluther.ca\\\/de\\\/#\\\/schema\\\/person\\\/815c51710f70b050f0476f18da6b0c8f\",\"name\":\"Mona Kakoschke Frantzke\",\"image\":{\"@type\":\"ImageObject\",\"inLanguage\":\"de\",\"@id\":\"https:\\\/\\\/secure.gravatar.com\\\/avatar\\\/0deb16854ca545cd2e9fc8001ca110d262b80d5c8317b38dc542265fbea0ed19?s=96&d=mm&r=g\",\"url\":\"https:\\\/\\\/secure.gravatar.com\\\/avatar\\\/0deb16854ca545cd2e9fc8001ca110d262b80d5c8317b38dc542265fbea0ed19?s=96&d=mm&r=g\",\"contentUrl\":\"https:\\\/\\\/secure.gravatar.com\\\/avatar\\\/0deb16854ca545cd2e9fc8001ca110d262b80d5c8317b38dc542265fbea0ed19?s=96&d=mm&r=g\",\"caption\":\"Mona Kakoschke Frantzke\"},\"url\":false}]}<\/script>\n<!-- \/ Yoast SEO plugin. -->","yoast_head_json":{"title":"Kindertagesst\u00e4tte in der Superior Avenue: Wir blieben standhaft - Martin Luther Evangelische Kirche Toronto","robots":{"index":"index","follow":"follow","max-snippet":"max-snippet:-1","max-image-preview":"max-image-preview:large","max-video-preview":"max-video-preview:-1"},"canonical":"https:\/\/martinluther.ca\/de\/2015\/08\/kindertagesstaette-in-der-superior-avenue-wir-blieben-standhaft-2\/","og_locale":"de_DE","og_type":"article","og_title":"Kindertagesst\u00e4tte in der Superior Avenue: Wir blieben standhaft - Martin Luther Evangelische Kirche Toronto","og_description":"Im Oktober 2013 wurde das Kita Geb\u00e4ude in der Superior Avenue 5 durch einen Brand gr\u00f6\u00dftenteils zerst\u00f6rt. Das Kleinkindprogramm musste geschlossen werden w\u00e4hrend die Kinder der Vorschule im Kirchengeb\u00e4ude Unterschlupf fanden. Anfangs rechneten wir mit einer Bauzeit von 8 \u2013 12 Monaten. Nach fast zwei Jahren Renovierungsarbeiten freuen sich nun alle Beteiligten auf eine Wiederer\u00f6ffnung&hellip;","og_url":"https:\/\/martinluther.ca\/de\/2015\/08\/kindertagesstaette-in-der-superior-avenue-wir-blieben-standhaft-2\/","og_site_name":"Martin Luther Evangelische Kirche Toronto","article_publisher":"https:\/\/www.facebook.com\/martinlutherchurchtoronto","article_published_time":"2015-08-18T14:17:25+00:00","article_modified_time":"2018-02-17T05:19:22+00:00","og_image":[{"width":1024,"height":768,"url":"https:\/\/martinluther.ca\/wp-content\/uploads\/2015\/08\/2015-Daycare-Reopening-27CC.jpg","type":"image\/jpeg"}],"author":"Mona Kakoschke Frantzke","twitter_card":"summary_large_image","twitter_misc":{"Verfasst von":"Mona Kakoschke Frantzke","Gesch\u00e4tzte Lesezeit":"5\u00a0Minuten"},"schema":{"@context":"https:\/\/schema.org","@graph":[{"@type":"Article","@id":"https:\/\/martinluther.ca\/de\/2015\/08\/kindertagesstaette-in-der-superior-avenue-wir-blieben-standhaft-2\/#article","isPartOf":{"@id":"https:\/\/martinluther.ca\/de\/2015\/08\/kindertagesstaette-in-der-superior-avenue-wir-blieben-standhaft-2\/"},"author":{"name":"Mona Kakoschke Frantzke","@id":"https:\/\/martinluther.ca\/de\/#\/schema\/person\/815c51710f70b050f0476f18da6b0c8f"},"headline":"Kindertagesst\u00e4tte in der Superior Avenue: Wir blieben standhaft","datePublished":"2015-08-18T14:17:25+00:00","dateModified":"2018-02-17T05:19:22+00:00","mainEntityOfPage":{"@id":"https:\/\/martinluther.ca\/de\/2015\/08\/kindertagesstaette-in-der-superior-avenue-wir-blieben-standhaft-2\/"},"wordCount":970,"publisher":{"@id":"https:\/\/martinluther.ca\/de\/#organization"},"image":{"@id":"https:\/\/martinluther.ca\/de\/2015\/08\/kindertagesstaette-in-der-superior-avenue-wir-blieben-standhaft-2\/#primaryimage"},"thumbnailUrl":"https:\/\/martinluther.ca\/wp-content\/uploads\/2015\/08\/2015-Daycare-Reopening-27CC.jpg","articleSection":["News Blog - German"],"inLanguage":"de"},{"@type":"WebPage","@id":"https:\/\/martinluther.ca\/de\/2015\/08\/kindertagesstaette-in-der-superior-avenue-wir-blieben-standhaft-2\/","url":"https:\/\/martinluther.ca\/de\/2015\/08\/kindertagesstaette-in-der-superior-avenue-wir-blieben-standhaft-2\/","name":"Kindertagesst\u00e4tte in der Superior Avenue: Wir blieben standhaft - Martin Luther Evangelische Kirche Toronto","isPartOf":{"@id":"https:\/\/martinluther.ca\/de\/#website"},"primaryImageOfPage":{"@id":"https:\/\/martinluther.ca\/de\/2015\/08\/kindertagesstaette-in-der-superior-avenue-wir-blieben-standhaft-2\/#primaryimage"},"image":{"@id":"https:\/\/martinluther.ca\/de\/2015\/08\/kindertagesstaette-in-der-superior-avenue-wir-blieben-standhaft-2\/#primaryimage"},"thumbnailUrl":"https:\/\/martinluther.ca\/wp-content\/uploads\/2015\/08\/2015-Daycare-Reopening-27CC.jpg","datePublished":"2015-08-18T14:17:25+00:00","dateModified":"2018-02-17T05:19:22+00:00","breadcrumb":{"@id":"https:\/\/martinluther.ca\/de\/2015\/08\/kindertagesstaette-in-der-superior-avenue-wir-blieben-standhaft-2\/#breadcrumb"},"inLanguage":"de","potentialAction":[{"@type":"ReadAction","target":["https:\/\/martinluther.ca\/de\/2015\/08\/kindertagesstaette-in-der-superior-avenue-wir-blieben-standhaft-2\/"]}]},{"@type":"ImageObject","inLanguage":"de","@id":"https:\/\/martinluther.ca\/de\/2015\/08\/kindertagesstaette-in-der-superior-avenue-wir-blieben-standhaft-2\/#primaryimage","url":"https:\/\/martinluther.ca\/wp-content\/uploads\/2015\/08\/2015-Daycare-Reopening-27CC.jpg","contentUrl":"https:\/\/martinluther.ca\/wp-content\/uploads\/2015\/08\/2015-Daycare-Reopening-27CC.jpg","width":1024,"height":768,"caption":"2015 MLC Daycare Re-opening"},{"@type":"BreadcrumbList","@id":"https:\/\/martinluther.ca\/de\/2015\/08\/kindertagesstaette-in-der-superior-avenue-wir-blieben-standhaft-2\/#breadcrumb","itemListElement":[{"@type":"ListItem","position":1,"name":"Home","item":"https:\/\/martinluther.ca\/de\/"},{"@type":"ListItem","position":2,"name":"Kindertagesst\u00e4tte in der Superior Avenue: Wir blieben standhaft"}]},{"@type":"WebSite","@id":"https:\/\/martinluther.ca\/de\/#website","url":"https:\/\/martinluther.ca\/de\/","name":"Martin Luther Evangelical Church Toronto","description":"Deutsch &amp; Englisch","publisher":{"@id":"https:\/\/martinluther.ca\/de\/#organization"},"potentialAction":[{"@type":"SearchAction","target":{"@type":"EntryPoint","urlTemplate":"https:\/\/martinluther.ca\/de\/?s={search_term_string}"},"query-input":{"@type":"PropertyValueSpecification","valueRequired":true,"valueName":"search_term_string"}}],"inLanguage":"de"},{"@type":"Organization","@id":"https:\/\/martinluther.ca\/de\/#organization","name":"Martin Luther Evangelical Church Toronto","url":"https:\/\/martinluther.ca\/de\/","logo":{"@type":"ImageObject","inLanguage":"de","@id":"https:\/\/martinluther.ca\/de\/#\/schema\/logo\/image\/","url":"https:\/\/martinluther.ca\/wp-content\/uploads\/2016\/12\/ml-logo-300.png","contentUrl":"https:\/\/martinluther.ca\/wp-content\/uploads\/2016\/12\/ml-logo-300.png","width":300,"height":150,"caption":"Martin Luther Evangelical Church Toronto"},"image":{"@id":"https:\/\/martinluther.ca\/de\/#\/schema\/logo\/image\/"},"sameAs":["https:\/\/www.facebook.com\/martinlutherchurchtoronto","https:\/\/www.instagram.com\/lutheransbythelake\/","https:\/\/www.youtube.com\/MartinLutherChurchToronto"]},{"@type":"Person","@id":"https:\/\/martinluther.ca\/de\/#\/schema\/person\/815c51710f70b050f0476f18da6b0c8f","name":"Mona Kakoschke Frantzke","image":{"@type":"ImageObject","inLanguage":"de","@id":"https:\/\/secure.gravatar.com\/avatar\/0deb16854ca545cd2e9fc8001ca110d262b80d5c8317b38dc542265fbea0ed19?s=96&d=mm&r=g","url":"https:\/\/secure.gravatar.com\/avatar\/0deb16854ca545cd2e9fc8001ca110d262b80d5c8317b38dc542265fbea0ed19?s=96&d=mm&r=g","contentUrl":"https:\/\/secure.gravatar.com\/avatar\/0deb16854ca545cd2e9fc8001ca110d262b80d5c8317b38dc542265fbea0ed19?s=96&d=mm&r=g","caption":"Mona Kakoschke Frantzke"},"url":false}]}},"_links":{"self":[{"href":"https:\/\/martinluther.ca\/de\/wp-json\/wp\/v2\/posts\/23749","targetHints":{"allow":["GET"]}}],"collection":[{"href":"https:\/\/martinluther.ca\/de\/wp-json\/wp\/v2\/posts"}],"about":[{"href":"https:\/\/martinluther.ca\/de\/wp-json\/wp\/v2\/types\/post"}],"author":[{"embeddable":true,"href":"https:\/\/martinluther.ca\/de\/wp-json\/wp\/v2\/users\/9"}],"replies":[{"embeddable":true,"href":"https:\/\/martinluther.ca\/de\/wp-json\/wp\/v2\/comments?post=23749"}],"version-history":[{"count":2,"href":"https:\/\/martinluther.ca\/de\/wp-json\/wp\/v2\/posts\/23749\/revisions"}],"predecessor-version":[{"id":24949,"href":"https:\/\/martinluther.ca\/de\/wp-json\/wp\/v2\/posts\/23749\/revisions\/24949"}],"wp:featuredmedia":[{"embeddable":true,"href":"https:\/\/martinluther.ca\/de\/wp-json\/wp\/v2\/media\/22452"}],"wp:attachment":[{"href":"https:\/\/martinluther.ca\/de\/wp-json\/wp\/v2\/media?parent=23749"}],"wp:term":[{"taxonomy":"category","embeddable":true,"href":"https:\/\/martinluther.ca\/de\/wp-json\/wp\/v2\/categories?post=23749"},{"taxonomy":"post_tag","embeddable":true,"href":"https:\/\/martinluther.ca\/de\/wp-json\/wp\/v2\/tags?post=23749"},{"taxonomy":"post_series","embeddable":true,"href":"https:\/\/martinluther.ca\/de\/wp-json\/wp\/v2\/post_series?post=23749"}],"curies":[{"name":"wp","href":"https:\/\/api.w.org\/{rel}","templated":true}]}}