{"id":23791,"date":"2016-02-04T16:00:13","date_gmt":"2016-02-04T21:00:13","guid":{"rendered":"https:\/\/martinluther.ca\/de\/?p=23791"},"modified":"2016-02-26T21:14:53","modified_gmt":"2016-02-27T02:14:53","slug":"sieben-wochen-voller-entdeckung","status":"publish","type":"post","link":"https:\/\/martinluther.ca\/de\/2016\/02\/sieben-wochen-voller-entdeckung\/","title":{"rendered":"Sieben Wochen voller Entdeckung"},"content":{"rendered":"<p><a href=\"https:\/\/martinluther.ca\/wp-content\/uploads\/2016\/02\/Manessier-Dornenkrone.jpg\"><img loading=\"lazy\" decoding=\"async\" class=\" size-medium wp-image-23793 alignright\" src=\"https:\/\/martinluther.ca\/wp-content\/uploads\/2016\/02\/Manessier-Dornenkrone-233x300.jpg\" alt=\"Manessier - Dornenkrone\" width=\"233\" height=\"300\" srcset=\"https:\/\/martinluther.ca\/wp-content\/uploads\/2016\/02\/Manessier-Dornenkrone-233x300.jpg 233w, https:\/\/martinluther.ca\/wp-content\/uploads\/2016\/02\/Manessier-Dornenkrone.jpg 287w\" sizes=\"auto, (max-width: 233px) 100vw, 233px\" \/><\/a>Wie im vergangenen Jahr feiern wir auch in diesem Jahr wieder Passionsgottesdienste. Beginnend am Aschermittwoch findet an jedem Mittwoch um 18 Uhr ein Gottesdienst in Deutscher Sprache und um 19 Uhr ein Gottesdienst in Englischer Sprache statt.<\/p>\n<p>Die Englischen Gottesdienste feiern wir gemeinsam mit unseren evangelischen Nachbargemeinden aus Mimico. In beiden Gottesdienstreihen wird es um Passionsbilder des franz\u00f6sichen Malers Alfred Manessier gehen.<\/p>\n<p>Wie auch im vergangenen Jahr wird sich der Kirchenraum in der Passionszeit ver\u00e4ndern. Das Gottesdienstteam ist schon kr\u00e4ftig am arbeiten. Lassen Sie sich \u00fcberraschen!<\/p>\n<p>&nbsp;<\/p>\n<p><iframe loading=\"lazy\" src=\"https:\/\/www.youtube.com\/embed\/Qnc1Od7aaPY\" width=\"420\" height=\"315\" frameborder=\"0\" allowfullscreen=\"allowfullscreen\"><\/iframe><\/p>\n","protected":false},"excerpt":{"rendered":"<p>Wie im vergangenen Jahr feiern wir auch in diesem Jahr wieder Passionsgottesdienste. Beginnend am Aschermittwoch findet an jedem Mittwoch um 18 Uhr ein Gottesdienst in Deutscher Sprache und um 19 Uhr ein Gottesdienst in Englischer Sprache statt. Die Englischen Gottesdienste feiern wir gemeinsam mit unseren evangelischen Nachbargemeinden aus Mimico. In beiden Gottesdienstreihen wird es um&hellip;<\/p>\n","protected":false},"author":8,"featured_media":23797,"comment_status":"closed","ping_status":"closed","sticky":false,"template":"","format":"standard","meta":{"footnotes":""},"categories":[69],"tags":[],"post_series":[],"class_list":["post-23791","post","type-post","status-publish","format-standard","has-post-thumbnail","hentry","category-news-blog-german","entry","has-media"],"yoast_head":"<!-- This site is optimized with the Yoast SEO plugin v27.5 - https:\/\/yoast.com\/product\/yoast-seo-wordpress\/ -->\n<title>Sieben Wochen voller Entdeckung - Martin Luther Evangelische Kirche Toronto<\/title>\n<meta name=\"robots\" content=\"index, follow, max-snippet:-1, max-image-preview:large, max-video-preview:-1\" \/>\n<link rel=\"canonical\" href=\"https:\/\/martinluther.ca\/de\/2016\/02\/sieben-wochen-voller-entdeckung\/\" \/>\n<meta property=\"og:locale\" content=\"de_DE\" \/>\n<meta property=\"og:type\" content=\"article\" \/>\n<meta property=\"og:title\" content=\"Sieben Wochen voller Entdeckung - Martin Luther Evangelische Kirche Toronto\" \/>\n<meta property=\"og:description\" content=\"Wie im vergangenen Jahr feiern wir auch in diesem Jahr wieder Passionsgottesdienste. Beginnend am Aschermittwoch findet an jedem Mittwoch um 18 Uhr ein Gottesdienst in Deutscher Sprache und um 19 Uhr ein Gottesdienst in Englischer Sprache statt. Die Englischen Gottesdienste feiern wir gemeinsam mit unseren evangelischen Nachbargemeinden aus Mimico. In beiden Gottesdienstreihen wird es um&hellip;\" \/>\n<meta property=\"og:url\" content=\"https:\/\/martinluther.ca\/de\/2016\/02\/sieben-wochen-voller-entdeckung\/\" \/>\n<meta property=\"og:site_name\" content=\"Martin Luther Evangelische Kirche Toronto\" \/>\n<meta property=\"article:publisher\" content=\"https:\/\/www.facebook.com\/martinlutherchurchtoronto\" \/>\n<meta property=\"article:published_time\" content=\"2016-02-04T21:00:13+00:00\" \/>\n<meta property=\"article:modified_time\" content=\"2016-02-27T02:14:53+00:00\" \/>\n<meta property=\"og:image\" content=\"https:\/\/martinluther.ca\/wp-content\/uploads\/2016\/02\/Manessier-Dornenkrone-website.jpg\" \/>\n\t<meta property=\"og:image:width\" content=\"287\" \/>\n\t<meta property=\"og:image:height\" content=\"214\" \/>\n\t<meta property=\"og:image:type\" content=\"image\/jpeg\" \/>\n<meta name=\"author\" content=\"Marlena Muller\" \/>\n<meta name=\"twitter:card\" content=\"summary_large_image\" \/>\n<meta name=\"twitter:label1\" content=\"Verfasst von\" \/>\n\t<meta name=\"twitter:data1\" content=\"Marlena Muller\" \/>\n<script type=\"application\/ld+json\" class=\"yoast-schema-graph\">{\"@context\":\"https:\\\/\\\/schema.org\",\"@graph\":[{\"@type\":\"Article\",\"@id\":\"https:\\\/\\\/martinluther.ca\\\/de\\\/2016\\\/02\\\/sieben-wochen-voller-entdeckung\\\/#article\",\"isPartOf\":{\"@id\":\"https:\\\/\\\/martinluther.ca\\\/de\\\/2016\\\/02\\\/sieben-wochen-voller-entdeckung\\\/\"},\"author\":{\"name\":\"Marlena Muller\",\"@id\":\"https:\\\/\\\/martinluther.ca\\\/de\\\/#\\\/schema\\\/person\\\/ef4e825f5d9d6fd740bbd7813710e15d\"},\"headline\":\"Sieben Wochen voller Entdeckung\",\"datePublished\":\"2016-02-04T21:00:13+00:00\",\"dateModified\":\"2016-02-27T02:14:53+00:00\",\"mainEntityOfPage\":{\"@id\":\"https:\\\/\\\/martinluther.ca\\\/de\\\/2016\\\/02\\\/sieben-wochen-voller-entdeckung\\\/\"},\"wordCount\":92,\"publisher\":{\"@id\":\"https:\\\/\\\/martinluther.ca\\\/de\\\/#organization\"},\"image\":{\"@id\":\"https:\\\/\\\/martinluther.ca\\\/de\\\/2016\\\/02\\\/sieben-wochen-voller-entdeckung\\\/#primaryimage\"},\"thumbnailUrl\":\"https:\\\/\\\/martinluther.ca\\\/wp-content\\\/uploads\\\/2016\\\/02\\\/Manessier-Dornenkrone-website.jpg\",\"articleSection\":[\"News Blog - German\"],\"inLanguage\":\"de\"},{\"@type\":\"WebPage\",\"@id\":\"https:\\\/\\\/martinluther.ca\\\/de\\\/2016\\\/02\\\/sieben-wochen-voller-entdeckung\\\/\",\"url\":\"https:\\\/\\\/martinluther.ca\\\/de\\\/2016\\\/02\\\/sieben-wochen-voller-entdeckung\\\/\",\"name\":\"Sieben Wochen voller Entdeckung - Martin Luther Evangelische Kirche Toronto\",\"isPartOf\":{\"@id\":\"https:\\\/\\\/martinluther.ca\\\/de\\\/#website\"},\"primaryImageOfPage\":{\"@id\":\"https:\\\/\\\/martinluther.ca\\\/de\\\/2016\\\/02\\\/sieben-wochen-voller-entdeckung\\\/#primaryimage\"},\"image\":{\"@id\":\"https:\\\/\\\/martinluther.ca\\\/de\\\/2016\\\/02\\\/sieben-wochen-voller-entdeckung\\\/#primaryimage\"},\"thumbnailUrl\":\"https:\\\/\\\/martinluther.ca\\\/wp-content\\\/uploads\\\/2016\\\/02\\\/Manessier-Dornenkrone-website.jpg\",\"datePublished\":\"2016-02-04T21:00:13+00:00\",\"dateModified\":\"2016-02-27T02:14:53+00:00\",\"breadcrumb\":{\"@id\":\"https:\\\/\\\/martinluther.ca\\\/de\\\/2016\\\/02\\\/sieben-wochen-voller-entdeckung\\\/#breadcrumb\"},\"inLanguage\":\"de\",\"potentialAction\":[{\"@type\":\"ReadAction\",\"target\":[\"https:\\\/\\\/martinluther.ca\\\/de\\\/2016\\\/02\\\/sieben-wochen-voller-entdeckung\\\/\"]}]},{\"@type\":\"ImageObject\",\"inLanguage\":\"de\",\"@id\":\"https:\\\/\\\/martinluther.ca\\\/de\\\/2016\\\/02\\\/sieben-wochen-voller-entdeckung\\\/#primaryimage\",\"url\":\"https:\\\/\\\/martinluther.ca\\\/wp-content\\\/uploads\\\/2016\\\/02\\\/Manessier-Dornenkrone-website.jpg\",\"contentUrl\":\"https:\\\/\\\/martinluther.ca\\\/wp-content\\\/uploads\\\/2016\\\/02\\\/Manessier-Dornenkrone-website.jpg\",\"width\":287,\"height\":214},{\"@type\":\"BreadcrumbList\",\"@id\":\"https:\\\/\\\/martinluther.ca\\\/de\\\/2016\\\/02\\\/sieben-wochen-voller-entdeckung\\\/#breadcrumb\",\"itemListElement\":[{\"@type\":\"ListItem\",\"position\":1,\"name\":\"Home\",\"item\":\"https:\\\/\\\/martinluther.ca\\\/de\\\/\"},{\"@type\":\"ListItem\",\"position\":2,\"name\":\"Sieben Wochen voller Entdeckung\"}]},{\"@type\":\"WebSite\",\"@id\":\"https:\\\/\\\/martinluther.ca\\\/de\\\/#website\",\"url\":\"https:\\\/\\\/martinluther.ca\\\/de\\\/\",\"name\":\"Martin Luther Evangelical Church Toronto\",\"description\":\"Deutsch &amp; Englisch\",\"publisher\":{\"@id\":\"https:\\\/\\\/martinluther.ca\\\/de\\\/#organization\"},\"potentialAction\":[{\"@type\":\"SearchAction\",\"target\":{\"@type\":\"EntryPoint\",\"urlTemplate\":\"https:\\\/\\\/martinluther.ca\\\/de\\\/?s={search_term_string}\"},\"query-input\":{\"@type\":\"PropertyValueSpecification\",\"valueRequired\":true,\"valueName\":\"search_term_string\"}}],\"inLanguage\":\"de\"},{\"@type\":\"Organization\",\"@id\":\"https:\\\/\\\/martinluther.ca\\\/de\\\/#organization\",\"name\":\"Martin Luther Evangelical Church Toronto\",\"url\":\"https:\\\/\\\/martinluther.ca\\\/de\\\/\",\"logo\":{\"@type\":\"ImageObject\",\"inLanguage\":\"de\",\"@id\":\"https:\\\/\\\/martinluther.ca\\\/de\\\/#\\\/schema\\\/logo\\\/image\\\/\",\"url\":\"https:\\\/\\\/martinluther.ca\\\/wp-content\\\/uploads\\\/2016\\\/12\\\/ml-logo-300.png\",\"contentUrl\":\"https:\\\/\\\/martinluther.ca\\\/wp-content\\\/uploads\\\/2016\\\/12\\\/ml-logo-300.png\",\"width\":300,\"height\":150,\"caption\":\"Martin Luther Evangelical Church Toronto\"},\"image\":{\"@id\":\"https:\\\/\\\/martinluther.ca\\\/de\\\/#\\\/schema\\\/logo\\\/image\\\/\"},\"sameAs\":[\"https:\\\/\\\/www.facebook.com\\\/martinlutherchurchtoronto\",\"https:\\\/\\\/www.instagram.com\\\/lutheransbythelake\\\/\",\"https:\\\/\\\/www.youtube.com\\\/MartinLutherChurchToronto\"]},{\"@type\":\"Person\",\"@id\":\"https:\\\/\\\/martinluther.ca\\\/de\\\/#\\\/schema\\\/person\\\/ef4e825f5d9d6fd740bbd7813710e15d\",\"name\":\"Marlena Muller\",\"image\":{\"@type\":\"ImageObject\",\"inLanguage\":\"de\",\"@id\":\"https:\\\/\\\/secure.gravatar.com\\\/avatar\\\/fe840ff753768b839caa2dd522d4797f19f7e22fa2da83388e0fbfc570b65a37?s=96&d=mm&r=g\",\"url\":\"https:\\\/\\\/secure.gravatar.com\\\/avatar\\\/fe840ff753768b839caa2dd522d4797f19f7e22fa2da83388e0fbfc570b65a37?s=96&d=mm&r=g\",\"contentUrl\":\"https:\\\/\\\/secure.gravatar.com\\\/avatar\\\/fe840ff753768b839caa2dd522d4797f19f7e22fa2da83388e0fbfc570b65a37?s=96&d=mm&r=g\",\"caption\":\"Marlena Muller\"},\"url\":false}]}<\/script>\n<!-- \/ Yoast SEO plugin. -->","yoast_head_json":{"title":"Sieben Wochen voller Entdeckung - Martin Luther Evangelische Kirche Toronto","robots":{"index":"index","follow":"follow","max-snippet":"max-snippet:-1","max-image-preview":"max-image-preview:large","max-video-preview":"max-video-preview:-1"},"canonical":"https:\/\/martinluther.ca\/de\/2016\/02\/sieben-wochen-voller-entdeckung\/","og_locale":"de_DE","og_type":"article","og_title":"Sieben Wochen voller Entdeckung - Martin Luther Evangelische Kirche Toronto","og_description":"Wie im vergangenen Jahr feiern wir auch in diesem Jahr wieder Passionsgottesdienste. Beginnend am Aschermittwoch findet an jedem Mittwoch um 18 Uhr ein Gottesdienst in Deutscher Sprache und um 19 Uhr ein Gottesdienst in Englischer Sprache statt. Die Englischen Gottesdienste feiern wir gemeinsam mit unseren evangelischen Nachbargemeinden aus Mimico. In beiden Gottesdienstreihen wird es um&hellip;","og_url":"https:\/\/martinluther.ca\/de\/2016\/02\/sieben-wochen-voller-entdeckung\/","og_site_name":"Martin Luther Evangelische Kirche Toronto","article_publisher":"https:\/\/www.facebook.com\/martinlutherchurchtoronto","article_published_time":"2016-02-04T21:00:13+00:00","article_modified_time":"2016-02-27T02:14:53+00:00","og_image":[{"width":287,"height":214,"url":"https:\/\/martinluther.ca\/wp-content\/uploads\/2016\/02\/Manessier-Dornenkrone-website.jpg","type":"image\/jpeg"}],"author":"Marlena Muller","twitter_card":"summary_large_image","twitter_misc":{"Verfasst von":"Marlena Muller"},"schema":{"@context":"https:\/\/schema.org","@graph":[{"@type":"Article","@id":"https:\/\/martinluther.ca\/de\/2016\/02\/sieben-wochen-voller-entdeckung\/#article","isPartOf":{"@id":"https:\/\/martinluther.ca\/de\/2016\/02\/sieben-wochen-voller-entdeckung\/"},"author":{"name":"Marlena Muller","@id":"https:\/\/martinluther.ca\/de\/#\/schema\/person\/ef4e825f5d9d6fd740bbd7813710e15d"},"headline":"Sieben Wochen voller Entdeckung","datePublished":"2016-02-04T21:00:13+00:00","dateModified":"2016-02-27T02:14:53+00:00","mainEntityOfPage":{"@id":"https:\/\/martinluther.ca\/de\/2016\/02\/sieben-wochen-voller-entdeckung\/"},"wordCount":92,"publisher":{"@id":"https:\/\/martinluther.ca\/de\/#organization"},"image":{"@id":"https:\/\/martinluther.ca\/de\/2016\/02\/sieben-wochen-voller-entdeckung\/#primaryimage"},"thumbnailUrl":"https:\/\/martinluther.ca\/wp-content\/uploads\/2016\/02\/Manessier-Dornenkrone-website.jpg","articleSection":["News Blog - German"],"inLanguage":"de"},{"@type":"WebPage","@id":"https:\/\/martinluther.ca\/de\/2016\/02\/sieben-wochen-voller-entdeckung\/","url":"https:\/\/martinluther.ca\/de\/2016\/02\/sieben-wochen-voller-entdeckung\/","name":"Sieben Wochen voller Entdeckung - Martin Luther Evangelische Kirche Toronto","isPartOf":{"@id":"https:\/\/martinluther.ca\/de\/#website"},"primaryImageOfPage":{"@id":"https:\/\/martinluther.ca\/de\/2016\/02\/sieben-wochen-voller-entdeckung\/#primaryimage"},"image":{"@id":"https:\/\/martinluther.ca\/de\/2016\/02\/sieben-wochen-voller-entdeckung\/#primaryimage"},"thumbnailUrl":"https:\/\/martinluther.ca\/wp-content\/uploads\/2016\/02\/Manessier-Dornenkrone-website.jpg","datePublished":"2016-02-04T21:00:13+00:00","dateModified":"2016-02-27T02:14:53+00:00","breadcrumb":{"@id":"https:\/\/martinluther.ca\/de\/2016\/02\/sieben-wochen-voller-entdeckung\/#breadcrumb"},"inLanguage":"de","potentialAction":[{"@type":"ReadAction","target":["https:\/\/martinluther.ca\/de\/2016\/02\/sieben-wochen-voller-entdeckung\/"]}]},{"@type":"ImageObject","inLanguage":"de","@id":"https:\/\/martinluther.ca\/de\/2016\/02\/sieben-wochen-voller-entdeckung\/#primaryimage","url":"https:\/\/martinluther.ca\/wp-content\/uploads\/2016\/02\/Manessier-Dornenkrone-website.jpg","contentUrl":"https:\/\/martinluther.ca\/wp-content\/uploads\/2016\/02\/Manessier-Dornenkrone-website.jpg","width":287,"height":214},{"@type":"BreadcrumbList","@id":"https:\/\/martinluther.ca\/de\/2016\/02\/sieben-wochen-voller-entdeckung\/#breadcrumb","itemListElement":[{"@type":"ListItem","position":1,"name":"Home","item":"https:\/\/martinluther.ca\/de\/"},{"@type":"ListItem","position":2,"name":"Sieben Wochen voller Entdeckung"}]},{"@type":"WebSite","@id":"https:\/\/martinluther.ca\/de\/#website","url":"https:\/\/martinluther.ca\/de\/","name":"Martin Luther Evangelical Church Toronto","description":"Deutsch &amp; Englisch","publisher":{"@id":"https:\/\/martinluther.ca\/de\/#organization"},"potentialAction":[{"@type":"SearchAction","target":{"@type":"EntryPoint","urlTemplate":"https:\/\/martinluther.ca\/de\/?s={search_term_string}"},"query-input":{"@type":"PropertyValueSpecification","valueRequired":true,"valueName":"search_term_string"}}],"inLanguage":"de"},{"@type":"Organization","@id":"https:\/\/martinluther.ca\/de\/#organization","name":"Martin Luther Evangelical Church Toronto","url":"https:\/\/martinluther.ca\/de\/","logo":{"@type":"ImageObject","inLanguage":"de","@id":"https:\/\/martinluther.ca\/de\/#\/schema\/logo\/image\/","url":"https:\/\/martinluther.ca\/wp-content\/uploads\/2016\/12\/ml-logo-300.png","contentUrl":"https:\/\/martinluther.ca\/wp-content\/uploads\/2016\/12\/ml-logo-300.png","width":300,"height":150,"caption":"Martin Luther Evangelical Church Toronto"},"image":{"@id":"https:\/\/martinluther.ca\/de\/#\/schema\/logo\/image\/"},"sameAs":["https:\/\/www.facebook.com\/martinlutherchurchtoronto","https:\/\/www.instagram.com\/lutheransbythelake\/","https:\/\/www.youtube.com\/MartinLutherChurchToronto"]},{"@type":"Person","@id":"https:\/\/martinluther.ca\/de\/#\/schema\/person\/ef4e825f5d9d6fd740bbd7813710e15d","name":"Marlena Muller","image":{"@type":"ImageObject","inLanguage":"de","@id":"https:\/\/secure.gravatar.com\/avatar\/fe840ff753768b839caa2dd522d4797f19f7e22fa2da83388e0fbfc570b65a37?s=96&d=mm&r=g","url":"https:\/\/secure.gravatar.com\/avatar\/fe840ff753768b839caa2dd522d4797f19f7e22fa2da83388e0fbfc570b65a37?s=96&d=mm&r=g","contentUrl":"https:\/\/secure.gravatar.com\/avatar\/fe840ff753768b839caa2dd522d4797f19f7e22fa2da83388e0fbfc570b65a37?s=96&d=mm&r=g","caption":"Marlena Muller"},"url":false}]}},"_links":{"self":[{"href":"https:\/\/martinluther.ca\/de\/wp-json\/wp\/v2\/posts\/23791","targetHints":{"allow":["GET"]}}],"collection":[{"href":"https:\/\/martinluther.ca\/de\/wp-json\/wp\/v2\/posts"}],"about":[{"href":"https:\/\/martinluther.ca\/de\/wp-json\/wp\/v2\/types\/post"}],"author":[{"embeddable":true,"href":"https:\/\/martinluther.ca\/de\/wp-json\/wp\/v2\/users\/8"}],"replies":[{"embeddable":true,"href":"https:\/\/martinluther.ca\/de\/wp-json\/wp\/v2\/comments?post=23791"}],"version-history":[{"count":4,"href":"https:\/\/martinluther.ca\/de\/wp-json\/wp\/v2\/posts\/23791\/revisions"}],"predecessor-version":[{"id":23841,"href":"https:\/\/martinluther.ca\/de\/wp-json\/wp\/v2\/posts\/23791\/revisions\/23841"}],"wp:featuredmedia":[{"embeddable":true,"href":"https:\/\/martinluther.ca\/de\/wp-json\/wp\/v2\/media\/23797"}],"wp:attachment":[{"href":"https:\/\/martinluther.ca\/de\/wp-json\/wp\/v2\/media?parent=23791"}],"wp:term":[{"taxonomy":"category","embeddable":true,"href":"https:\/\/martinluther.ca\/de\/wp-json\/wp\/v2\/categories?post=23791"},{"taxonomy":"post_tag","embeddable":true,"href":"https:\/\/martinluther.ca\/de\/wp-json\/wp\/v2\/tags?post=23791"},{"taxonomy":"post_series","embeddable":true,"href":"https:\/\/martinluther.ca\/de\/wp-json\/wp\/v2\/post_series?post=23791"}],"curies":[{"name":"wp","href":"https:\/\/api.w.org\/{rel}","templated":true}]}}