{"id":23852,"date":"2016-03-04T18:27:38","date_gmt":"2016-03-04T23:27:38","guid":{"rendered":"https:\/\/martinluther.ca\/de\/?p=23852"},"modified":"2016-07-07T12:20:52","modified_gmt":"2016-07-07T16:20:52","slug":"alle-gottesdienste-in-der-karwoche-und-an-ostern-2016","status":"publish","type":"post","link":"https:\/\/martinluther.ca\/de\/2016\/03\/alle-gottesdienste-in-der-karwoche-und-an-ostern-2016\/","title":{"rendered":"Alle Gottesdienste in der Karwoche und an Ostern 2016"},"content":{"rendered":"<figure id=\"attachment_21403\" aria-describedby=\"caption-attachment-21403\" style=\"width: 300px\" class=\"wp-caption alignright\"><img loading=\"lazy\" decoding=\"async\" class=\"size-medium wp-image-21403\" src=\"https:\/\/martinluther.ca\/wp-content\/uploads\/2015\/04\/2015-Easter-Sunrise-93BB-300x225.jpg\" alt=\"2015 Easter Sunrise\" width=\"300\" height=\"225\" srcset=\"https:\/\/martinluther.ca\/wp-content\/uploads\/2015\/04\/2015-Easter-Sunrise-93BB-300x225.jpg 300w, https:\/\/martinluther.ca\/wp-content\/uploads\/2015\/04\/2015-Easter-Sunrise-93BB.jpg 1024w\" sizes=\"auto, (max-width: 300px) 100vw, 300px\" \/><figcaption id=\"caption-attachment-21403\" class=\"wp-caption-text\">2015 Easter Sunrise<\/figcaption><\/figure>\n<p><strong>Die Karwoche und die Ostertage werden wir als H\u00f6hepunkt des Kirchenjahres intensiv feiern:<\/strong><\/p>\n<p><strong>Palmsonntag, 20. M\u00e4rz 2016:<\/strong><br \/>\n9.45 Uhr Englischer Gottesdienst<br \/>\n11.00 Uhr Deutscher Gottesdienst mit Chor Harfent\u00f6ne<\/p>\n<p><strong>Mittwoch, 23. M\u00e4rz:<\/strong><br \/>\n18.00 Uhr Deutscher Passions-Gottesdienst<br \/>\n19.00 Uhr Englischer Passions-Gottesdienst<\/p>\n<p><strong>Gr\u00fcndonnerstag, 24. M\u00e4rz:<\/strong><br \/>\n18.00 Uhr Deutscher Gottesdienst m. Hl. Abendmahl<br \/>\n19.00 Uhr Englischer Gottesdienst m. Hl. Abendmahl followed by a <strong>shared meal beneath the cross.<\/strong><\/p>\n<p><strong>Karfreitag, 25. M\u00e4rz:<\/strong><br \/>\n9.45 Uhr Englischer Gottesdienst mit Hl. Abendmahl<br \/>\n11.00 Uhr Deutscher Gottesdienst m. Hl. Abendmahl<br \/>\nBeide Gottesdienste mit Kirchenchor<\/p>\n<p><strong>Ostersonntag, 27. M\u00e4rz:<\/strong><br \/>\n6.30 Uhr Osterfr\u00fchgottesdienst im Humber Bay Park West<br \/>\nAnschl. Osterfr\u00fchst\u00fcck in der Kirche.<br \/>\n10.00 Uhr Osterfestgottesdienst in Englisch und Deutsch mit Hl. Abendmahl<br \/>\nmit Hl. Abendmahl und Kirchenchor<\/p>\n<p><strong>Easter 2015 Photos<\/strong><\/p>\n<div id=\"gallery-1\" class=\"wpex-gallery wpex-grid wpex-grid-cols-5 wpex-gap-20 wpex-lightbox-group wpex-mb-20\"><figure class=\"gallery-item\"><a href=\"https:\/\/martinluther.ca\/wp-content\/uploads\/2015\/04\/2015-Easter-Sunrise-92BB.jpg\" class=\"wpex-lightbox-group-item\"><img loading=\"lazy\" decoding=\"async\" src=\"https:\/\/martinluther.ca\/wp-content\/uploads\/2015\/04\/2015-Easter-Sunrise-92BB.jpg\" alt=\"\" srcset=\"https:\/\/martinluther.ca\/wp-content\/uploads\/2015\/04\/2015-Easter-Sunrise-92BB.jpg 1024w, https:\/\/martinluther.ca\/wp-content\/uploads\/2015\/04\/2015-Easter-Sunrise-92BB-300x225.jpg 300w\" width=\"1024\" height=\"768\"><\/a><\/figure><figure class=\"gallery-item\"><a href=\"https:\/\/martinluther.ca\/wp-content\/uploads\/2015\/04\/2015-Easter-Sunrise-93BB.jpg\" class=\"wpex-lightbox-group-item\" data-caption=\"2015 Easter Sunrise\" data-title=\"2015 Easter Sunrise\"><img loading=\"lazy\" alt=\"2015 Easter Sunrise\" decoding=\"async\" src=\"https:\/\/martinluther.ca\/wp-content\/uploads\/2015\/04\/2015-Easter-Sunrise-93BB.jpg\" srcset=\"https:\/\/martinluther.ca\/wp-content\/uploads\/2015\/04\/2015-Easter-Sunrise-93BB.jpg 1024w, https:\/\/martinluther.ca\/wp-content\/uploads\/2015\/04\/2015-Easter-Sunrise-93BB-300x225.jpg 300w\" width=\"1024\" height=\"768\"><\/a><figcaption class=\"gallery-caption wpex-last-mb-0\">2015 Easter Sunrise<\/figcaption><\/figure><figure class=\"gallery-item\"><a href=\"https:\/\/martinluther.ca\/wp-content\/uploads\/2015\/04\/2015-Easter-Sunrise-85BB.jpg\" class=\"wpex-lightbox-group-item\" data-caption=\"2015 Easter Sunrise\" data-title=\"2015 Easter Sunrise\"><img loading=\"lazy\" alt=\"2015 Easter Sunrise\" decoding=\"async\" src=\"https:\/\/martinluther.ca\/wp-content\/uploads\/2015\/04\/2015-Easter-Sunrise-85BB.jpg\" srcset=\"https:\/\/martinluther.ca\/wp-content\/uploads\/2015\/04\/2015-Easter-Sunrise-85BB.jpg 1022w, https:\/\/martinluther.ca\/wp-content\/uploads\/2015\/04\/2015-Easter-Sunrise-85BB-300x225.jpg 300w\" width=\"1022\" height=\"766\"><\/a><figcaption class=\"gallery-caption wpex-last-mb-0\">2015 Easter Sunrise<\/figcaption><\/figure><figure class=\"gallery-item\"><a href=\"https:\/\/martinluther.ca\/wp-content\/uploads\/2015\/04\/2015-Easter-Sunrise-80BB.jpg\" class=\"wpex-lightbox-group-item\"><img loading=\"lazy\" decoding=\"async\" src=\"https:\/\/martinluther.ca\/wp-content\/uploads\/2015\/04\/2015-Easter-Sunrise-80BB.jpg\" alt=\"\" srcset=\"https:\/\/martinluther.ca\/wp-content\/uploads\/2015\/04\/2015-Easter-Sunrise-80BB.jpg 656w, https:\/\/martinluther.ca\/wp-content\/uploads\/2015\/04\/2015-Easter-Sunrise-80BB-300x225.jpg 300w\" width=\"656\" height=\"492\"><\/a><\/figure><figure class=\"gallery-item\"><a href=\"https:\/\/martinluther.ca\/wp-content\/uploads\/2015\/04\/2015-Easter-Sunrise-07BB.jpg\" class=\"wpex-lightbox-group-item\" data-caption=\"2015 Easter Sunrise\" data-title=\"2015 Easter Sunrise\"><img loading=\"lazy\" alt=\"2015 Easter Sunrise\" decoding=\"async\" src=\"https:\/\/martinluther.ca\/wp-content\/uploads\/2015\/04\/2015-Easter-Sunrise-07BB.jpg\" srcset=\"https:\/\/martinluther.ca\/wp-content\/uploads\/2015\/04\/2015-Easter-Sunrise-07BB.jpg 886w, https:\/\/martinluther.ca\/wp-content\/uploads\/2015\/04\/2015-Easter-Sunrise-07BB-300x225.jpg 300w\" width=\"886\" height=\"665\"><\/a><figcaption class=\"gallery-caption wpex-last-mb-0\">2015 Easter Sunrise<\/figcaption><\/figure><figure class=\"gallery-item\"><a href=\"https:\/\/martinluther.ca\/wp-content\/uploads\/2015\/04\/2015-Easter-Sunrise-from-Marg-43BB.jpg\" class=\"wpex-lightbox-group-item\" data-caption=\"2015 Easter Sunrise\" data-title=\"2015 Easter Sunrise\"><img loading=\"lazy\" alt=\"2015 Easter Sunrise\" decoding=\"async\" src=\"https:\/\/martinluther.ca\/wp-content\/uploads\/2015\/04\/2015-Easter-Sunrise-from-Marg-43BB.jpg\" srcset=\"https:\/\/martinluther.ca\/wp-content\/uploads\/2015\/04\/2015-Easter-Sunrise-from-Marg-43BB.jpg 1024w, https:\/\/martinluther.ca\/wp-content\/uploads\/2015\/04\/2015-Easter-Sunrise-from-Marg-43BB-300x225.jpg 300w\" width=\"1024\" height=\"768\"><\/a><figcaption class=\"gallery-caption wpex-last-mb-0\">2015 Easter Sunrise<\/figcaption><\/figure><figure class=\"gallery-item\"><a href=\"https:\/\/martinluther.ca\/wp-content\/uploads\/2015\/04\/2015-Easter-Sunrise-99BB.jpg\" class=\"wpex-lightbox-group-item\" data-caption=\"2015 Easter Sunrise\" data-title=\"2015 Easter Sunrise\"><img loading=\"lazy\" alt=\"2015 Easter Sunrise\" decoding=\"async\" src=\"https:\/\/martinluther.ca\/wp-content\/uploads\/2015\/04\/2015-Easter-Sunrise-99BB.jpg\" srcset=\"https:\/\/martinluther.ca\/wp-content\/uploads\/2015\/04\/2015-Easter-Sunrise-99BB.jpg 1024w, https:\/\/martinluther.ca\/wp-content\/uploads\/2015\/04\/2015-Easter-Sunrise-99BB-300x225.jpg 300w\" width=\"1024\" height=\"768\"><\/a><figcaption class=\"gallery-caption wpex-last-mb-0\">2015 Easter Sunrise<\/figcaption><\/figure><figure class=\"gallery-item\"><a href=\"https:\/\/martinluther.ca\/wp-content\/uploads\/2015\/04\/2015-Easter-99BB.jpg\" class=\"wpex-lightbox-group-item\" data-title=\"2015 Easter Sunrise\"><img loading=\"lazy\" alt=\"2015 Easter Sunrise\" decoding=\"async\" src=\"https:\/\/martinluther.ca\/wp-content\/uploads\/2015\/04\/2015-Easter-99BB.jpg\" srcset=\"https:\/\/martinluther.ca\/wp-content\/uploads\/2015\/04\/2015-Easter-99BB.jpg 641w, https:\/\/martinluther.ca\/wp-content\/uploads\/2015\/04\/2015-Easter-99BB-300x225.jpg 300w\" width=\"641\" height=\"481\"><\/a><\/figure><\/div>\n\n<p>&nbsp;<\/p>\n<p><strong>Easter 2012 Photos<\/strong><\/p>\n<div id=\"gallery-2\" class=\"wpex-gallery wpex-grid wpex-grid-cols-5 wpex-gap-20 wpex-lightbox-group wpex-mb-20\"><figure class=\"gallery-item\"><a href=\"https:\/\/martinluther.ca\/wp-content\/uploads\/2014\/04\/2102-Choir-GoodFriday2.jpg\" class=\"wpex-lightbox-group-item\"><img loading=\"lazy\" decoding=\"async\" src=\"https:\/\/martinluther.ca\/wp-content\/uploads\/2014\/04\/2102-Choir-GoodFriday2.jpg\" alt=\"\" srcset=\"https:\/\/martinluther.ca\/wp-content\/uploads\/2014\/04\/2102-Choir-GoodFriday2.jpg 628w, https:\/\/martinluther.ca\/wp-content\/uploads\/2014\/04\/2102-Choir-GoodFriday2-300x188.jpg 300w\" width=\"628\" height=\"394\"><\/a><\/figure><figure class=\"gallery-item\"><a href=\"https:\/\/martinluther.ca\/wp-content\/uploads\/2015\/03\/2012-MLC-Easter-Sunrise10BB.jpg\" class=\"wpex-lightbox-group-item\"><img loading=\"lazy\" decoding=\"async\" src=\"https:\/\/martinluther.ca\/wp-content\/uploads\/2015\/03\/2012-MLC-Easter-Sunrise10BB.jpg\" alt=\"\" srcset=\"https:\/\/martinluther.ca\/wp-content\/uploads\/2015\/03\/2012-MLC-Easter-Sunrise10BB.jpg 688w, https:\/\/martinluther.ca\/wp-content\/uploads\/2015\/03\/2012-MLC-Easter-Sunrise10BB-300x196.jpg 300w\" width=\"688\" height=\"450\"><\/a><\/figure><figure class=\"gallery-item\"><a href=\"https:\/\/martinluther.ca\/wp-content\/uploads\/2015\/03\/2012-MLC-Easter-Sunrise1.jpg\" class=\"wpex-lightbox-group-item\"><img loading=\"lazy\" decoding=\"async\" src=\"https:\/\/martinluther.ca\/wp-content\/uploads\/2015\/03\/2012-MLC-Easter-Sunrise1.jpg\" alt=\"\" srcset=\"https:\/\/martinluther.ca\/wp-content\/uploads\/2015\/03\/2012-MLC-Easter-Sunrise1.jpg 800w, https:\/\/martinluther.ca\/wp-content\/uploads\/2015\/03\/2012-MLC-Easter-Sunrise1-300x225.jpg 300w\" width=\"800\" height=\"600\"><\/a><\/figure><\/div>\n\n","protected":false},"excerpt":{"rendered":"<p>Die Karwoche und die Ostertage werden wir als H\u00f6hepunkt des Kirchenjahres intensiv feiern: Palmsonntag, 20. M\u00e4rz 2016: 9.45 Uhr Englischer Gottesdienst 11.00 Uhr Deutscher Gottesdienst mit Chor Harfent\u00f6ne Mittwoch, 23. M\u00e4rz: 18.00 Uhr Deutscher Passions-Gottesdienst 19.00 Uhr Englischer Passions-Gottesdienst Gr\u00fcndonnerstag, 24. M\u00e4rz: 18.00 Uhr Deutscher Gottesdienst m. Hl. Abendmahl 19.00 Uhr Englischer Gottesdienst m. Hl.&hellip;<\/p>\n","protected":false},"author":9,"featured_media":21403,"comment_status":"closed","ping_status":"closed","sticky":false,"template":"","format":"standard","meta":{"footnotes":""},"categories":[69],"tags":[],"post_series":[],"class_list":["post-23852","post","type-post","status-publish","format-standard","has-post-thumbnail","hentry","category-news-blog-german","entry","has-media"],"yoast_head":"<!-- This site is optimized with the Yoast SEO plugin v27.5 - https:\/\/yoast.com\/product\/yoast-seo-wordpress\/ -->\n<title>Alle Gottesdienste in der Karwoche und an Ostern 2016 - Martin Luther Evangelische Kirche Toronto<\/title>\n<meta name=\"robots\" content=\"index, follow, max-snippet:-1, max-image-preview:large, max-video-preview:-1\" \/>\n<link rel=\"canonical\" href=\"https:\/\/martinluther.ca\/de\/2016\/03\/alle-gottesdienste-in-der-karwoche-und-an-ostern-2016\/\" \/>\n<meta property=\"og:locale\" content=\"de_DE\" \/>\n<meta property=\"og:type\" content=\"article\" \/>\n<meta property=\"og:title\" content=\"Alle Gottesdienste in der Karwoche und an Ostern 2016 - Martin Luther Evangelische Kirche Toronto\" \/>\n<meta property=\"og:description\" content=\"Die Karwoche und die Ostertage werden wir als H\u00f6hepunkt des Kirchenjahres intensiv feiern: Palmsonntag, 20. M\u00e4rz 2016: 9.45 Uhr Englischer Gottesdienst 11.00 Uhr Deutscher Gottesdienst mit Chor Harfent\u00f6ne Mittwoch, 23. M\u00e4rz: 18.00 Uhr Deutscher Passions-Gottesdienst 19.00 Uhr Englischer Passions-Gottesdienst Gr\u00fcndonnerstag, 24. M\u00e4rz: 18.00 Uhr Deutscher Gottesdienst m. Hl. Abendmahl 19.00 Uhr Englischer Gottesdienst m. Hl.&hellip;\" \/>\n<meta property=\"og:url\" content=\"https:\/\/martinluther.ca\/de\/2016\/03\/alle-gottesdienste-in-der-karwoche-und-an-ostern-2016\/\" \/>\n<meta property=\"og:site_name\" content=\"Martin Luther Evangelische Kirche Toronto\" \/>\n<meta property=\"article:publisher\" content=\"https:\/\/www.facebook.com\/martinlutherchurchtoronto\" \/>\n<meta property=\"article:published_time\" content=\"2016-03-04T23:27:38+00:00\" \/>\n<meta property=\"article:modified_time\" content=\"2016-07-07T16:20:52+00:00\" \/>\n<meta property=\"og:image\" content=\"https:\/\/martinluther.ca\/wp-content\/uploads\/2015\/04\/2015-Easter-Sunrise-93BB.jpg\" \/>\n\t<meta property=\"og:image:width\" content=\"1024\" \/>\n\t<meta property=\"og:image:height\" content=\"768\" \/>\n\t<meta property=\"og:image:type\" content=\"image\/jpeg\" \/>\n<meta name=\"author\" content=\"Mona Kakoschke Frantzke\" \/>\n<meta name=\"twitter:card\" content=\"summary_large_image\" \/>\n<meta name=\"twitter:label1\" content=\"Verfasst von\" \/>\n\t<meta name=\"twitter:data1\" content=\"Mona Kakoschke Frantzke\" \/>\n\t<meta name=\"twitter:label2\" content=\"Gesch\u00e4tzte Lesezeit\" \/>\n\t<meta name=\"twitter:data2\" content=\"1\u00a0Minute\" \/>\n<script type=\"application\/ld+json\" class=\"yoast-schema-graph\">{\"@context\":\"https:\\\/\\\/schema.org\",\"@graph\":[{\"@type\":\"Article\",\"@id\":\"https:\\\/\\\/martinluther.ca\\\/de\\\/2016\\\/03\\\/alle-gottesdienste-in-der-karwoche-und-an-ostern-2016\\\/#article\",\"isPartOf\":{\"@id\":\"https:\\\/\\\/martinluther.ca\\\/de\\\/2016\\\/03\\\/alle-gottesdienste-in-der-karwoche-und-an-ostern-2016\\\/\"},\"author\":{\"name\":\"Mona Kakoschke Frantzke\",\"@id\":\"https:\\\/\\\/martinluther.ca\\\/de\\\/#\\\/schema\\\/person\\\/815c51710f70b050f0476f18da6b0c8f\"},\"headline\":\"Alle Gottesdienste in der Karwoche und an Ostern 2016\",\"datePublished\":\"2016-03-04T23:27:38+00:00\",\"dateModified\":\"2016-07-07T16:20:52+00:00\",\"mainEntityOfPage\":{\"@id\":\"https:\\\/\\\/martinluther.ca\\\/de\\\/2016\\\/03\\\/alle-gottesdienste-in-der-karwoche-und-an-ostern-2016\\\/\"},\"wordCount\":139,\"publisher\":{\"@id\":\"https:\\\/\\\/martinluther.ca\\\/de\\\/#organization\"},\"image\":{\"@id\":\"https:\\\/\\\/martinluther.ca\\\/de\\\/2016\\\/03\\\/alle-gottesdienste-in-der-karwoche-und-an-ostern-2016\\\/#primaryimage\"},\"thumbnailUrl\":\"https:\\\/\\\/martinluther.ca\\\/wp-content\\\/uploads\\\/2015\\\/04\\\/2015-Easter-Sunrise-93BB.jpg\",\"articleSection\":[\"News Blog - German\"],\"inLanguage\":\"de\"},{\"@type\":\"WebPage\",\"@id\":\"https:\\\/\\\/martinluther.ca\\\/de\\\/2016\\\/03\\\/alle-gottesdienste-in-der-karwoche-und-an-ostern-2016\\\/\",\"url\":\"https:\\\/\\\/martinluther.ca\\\/de\\\/2016\\\/03\\\/alle-gottesdienste-in-der-karwoche-und-an-ostern-2016\\\/\",\"name\":\"Alle Gottesdienste in der Karwoche und an Ostern 2016 - Martin Luther Evangelische Kirche Toronto\",\"isPartOf\":{\"@id\":\"https:\\\/\\\/martinluther.ca\\\/de\\\/#website\"},\"primaryImageOfPage\":{\"@id\":\"https:\\\/\\\/martinluther.ca\\\/de\\\/2016\\\/03\\\/alle-gottesdienste-in-der-karwoche-und-an-ostern-2016\\\/#primaryimage\"},\"image\":{\"@id\":\"https:\\\/\\\/martinluther.ca\\\/de\\\/2016\\\/03\\\/alle-gottesdienste-in-der-karwoche-und-an-ostern-2016\\\/#primaryimage\"},\"thumbnailUrl\":\"https:\\\/\\\/martinluther.ca\\\/wp-content\\\/uploads\\\/2015\\\/04\\\/2015-Easter-Sunrise-93BB.jpg\",\"datePublished\":\"2016-03-04T23:27:38+00:00\",\"dateModified\":\"2016-07-07T16:20:52+00:00\",\"breadcrumb\":{\"@id\":\"https:\\\/\\\/martinluther.ca\\\/de\\\/2016\\\/03\\\/alle-gottesdienste-in-der-karwoche-und-an-ostern-2016\\\/#breadcrumb\"},\"inLanguage\":\"de\",\"potentialAction\":[{\"@type\":\"ReadAction\",\"target\":[\"https:\\\/\\\/martinluther.ca\\\/de\\\/2016\\\/03\\\/alle-gottesdienste-in-der-karwoche-und-an-ostern-2016\\\/\"]}]},{\"@type\":\"ImageObject\",\"inLanguage\":\"de\",\"@id\":\"https:\\\/\\\/martinluther.ca\\\/de\\\/2016\\\/03\\\/alle-gottesdienste-in-der-karwoche-und-an-ostern-2016\\\/#primaryimage\",\"url\":\"https:\\\/\\\/martinluther.ca\\\/wp-content\\\/uploads\\\/2015\\\/04\\\/2015-Easter-Sunrise-93BB.jpg\",\"contentUrl\":\"https:\\\/\\\/martinluther.ca\\\/wp-content\\\/uploads\\\/2015\\\/04\\\/2015-Easter-Sunrise-93BB.jpg\",\"width\":1024,\"height\":768,\"caption\":\"2015 Easter Sunrise\"},{\"@type\":\"BreadcrumbList\",\"@id\":\"https:\\\/\\\/martinluther.ca\\\/de\\\/2016\\\/03\\\/alle-gottesdienste-in-der-karwoche-und-an-ostern-2016\\\/#breadcrumb\",\"itemListElement\":[{\"@type\":\"ListItem\",\"position\":1,\"name\":\"Home\",\"item\":\"https:\\\/\\\/martinluther.ca\\\/de\\\/\"},{\"@type\":\"ListItem\",\"position\":2,\"name\":\"Alle Gottesdienste in der Karwoche und an Ostern 2016\"}]},{\"@type\":\"WebSite\",\"@id\":\"https:\\\/\\\/martinluther.ca\\\/de\\\/#website\",\"url\":\"https:\\\/\\\/martinluther.ca\\\/de\\\/\",\"name\":\"Martin Luther Evangelical Church Toronto\",\"description\":\"Deutsch &amp; Englisch\",\"publisher\":{\"@id\":\"https:\\\/\\\/martinluther.ca\\\/de\\\/#organization\"},\"potentialAction\":[{\"@type\":\"SearchAction\",\"target\":{\"@type\":\"EntryPoint\",\"urlTemplate\":\"https:\\\/\\\/martinluther.ca\\\/de\\\/?s={search_term_string}\"},\"query-input\":{\"@type\":\"PropertyValueSpecification\",\"valueRequired\":true,\"valueName\":\"search_term_string\"}}],\"inLanguage\":\"de\"},{\"@type\":\"Organization\",\"@id\":\"https:\\\/\\\/martinluther.ca\\\/de\\\/#organization\",\"name\":\"Martin Luther Evangelical Church Toronto\",\"url\":\"https:\\\/\\\/martinluther.ca\\\/de\\\/\",\"logo\":{\"@type\":\"ImageObject\",\"inLanguage\":\"de\",\"@id\":\"https:\\\/\\\/martinluther.ca\\\/de\\\/#\\\/schema\\\/logo\\\/image\\\/\",\"url\":\"https:\\\/\\\/martinluther.ca\\\/wp-content\\\/uploads\\\/2016\\\/12\\\/ml-logo-300.png\",\"contentUrl\":\"https:\\\/\\\/martinluther.ca\\\/wp-content\\\/uploads\\\/2016\\\/12\\\/ml-logo-300.png\",\"width\":300,\"height\":150,\"caption\":\"Martin Luther Evangelical Church Toronto\"},\"image\":{\"@id\":\"https:\\\/\\\/martinluther.ca\\\/de\\\/#\\\/schema\\\/logo\\\/image\\\/\"},\"sameAs\":[\"https:\\\/\\\/www.facebook.com\\\/martinlutherchurchtoronto\",\"https:\\\/\\\/www.instagram.com\\\/lutheransbythelake\\\/\",\"https:\\\/\\\/www.youtube.com\\\/MartinLutherChurchToronto\"]},{\"@type\":\"Person\",\"@id\":\"https:\\\/\\\/martinluther.ca\\\/de\\\/#\\\/schema\\\/person\\\/815c51710f70b050f0476f18da6b0c8f\",\"name\":\"Mona Kakoschke Frantzke\",\"image\":{\"@type\":\"ImageObject\",\"inLanguage\":\"de\",\"@id\":\"https:\\\/\\\/secure.gravatar.com\\\/avatar\\\/0deb16854ca545cd2e9fc8001ca110d262b80d5c8317b38dc542265fbea0ed19?s=96&d=mm&r=g\",\"url\":\"https:\\\/\\\/secure.gravatar.com\\\/avatar\\\/0deb16854ca545cd2e9fc8001ca110d262b80d5c8317b38dc542265fbea0ed19?s=96&d=mm&r=g\",\"contentUrl\":\"https:\\\/\\\/secure.gravatar.com\\\/avatar\\\/0deb16854ca545cd2e9fc8001ca110d262b80d5c8317b38dc542265fbea0ed19?s=96&d=mm&r=g\",\"caption\":\"Mona Kakoschke Frantzke\"},\"url\":false}]}<\/script>\n<!-- \/ Yoast SEO plugin. -->","yoast_head_json":{"title":"Alle Gottesdienste in der Karwoche und an Ostern 2016 - Martin Luther Evangelische Kirche Toronto","robots":{"index":"index","follow":"follow","max-snippet":"max-snippet:-1","max-image-preview":"max-image-preview:large","max-video-preview":"max-video-preview:-1"},"canonical":"https:\/\/martinluther.ca\/de\/2016\/03\/alle-gottesdienste-in-der-karwoche-und-an-ostern-2016\/","og_locale":"de_DE","og_type":"article","og_title":"Alle Gottesdienste in der Karwoche und an Ostern 2016 - Martin Luther Evangelische Kirche Toronto","og_description":"Die Karwoche und die Ostertage werden wir als H\u00f6hepunkt des Kirchenjahres intensiv feiern: Palmsonntag, 20. M\u00e4rz 2016: 9.45 Uhr Englischer Gottesdienst 11.00 Uhr Deutscher Gottesdienst mit Chor Harfent\u00f6ne Mittwoch, 23. M\u00e4rz: 18.00 Uhr Deutscher Passions-Gottesdienst 19.00 Uhr Englischer Passions-Gottesdienst Gr\u00fcndonnerstag, 24. M\u00e4rz: 18.00 Uhr Deutscher Gottesdienst m. Hl. Abendmahl 19.00 Uhr Englischer Gottesdienst m. Hl.&hellip;","og_url":"https:\/\/martinluther.ca\/de\/2016\/03\/alle-gottesdienste-in-der-karwoche-und-an-ostern-2016\/","og_site_name":"Martin Luther Evangelische Kirche Toronto","article_publisher":"https:\/\/www.facebook.com\/martinlutherchurchtoronto","article_published_time":"2016-03-04T23:27:38+00:00","article_modified_time":"2016-07-07T16:20:52+00:00","og_image":[{"width":1024,"height":768,"url":"https:\/\/martinluther.ca\/wp-content\/uploads\/2015\/04\/2015-Easter-Sunrise-93BB.jpg","type":"image\/jpeg"}],"author":"Mona Kakoschke Frantzke","twitter_card":"summary_large_image","twitter_misc":{"Verfasst von":"Mona Kakoschke Frantzke","Gesch\u00e4tzte Lesezeit":"1\u00a0Minute"},"schema":{"@context":"https:\/\/schema.org","@graph":[{"@type":"Article","@id":"https:\/\/martinluther.ca\/de\/2016\/03\/alle-gottesdienste-in-der-karwoche-und-an-ostern-2016\/#article","isPartOf":{"@id":"https:\/\/martinluther.ca\/de\/2016\/03\/alle-gottesdienste-in-der-karwoche-und-an-ostern-2016\/"},"author":{"name":"Mona Kakoschke Frantzke","@id":"https:\/\/martinluther.ca\/de\/#\/schema\/person\/815c51710f70b050f0476f18da6b0c8f"},"headline":"Alle Gottesdienste in der Karwoche und an Ostern 2016","datePublished":"2016-03-04T23:27:38+00:00","dateModified":"2016-07-07T16:20:52+00:00","mainEntityOfPage":{"@id":"https:\/\/martinluther.ca\/de\/2016\/03\/alle-gottesdienste-in-der-karwoche-und-an-ostern-2016\/"},"wordCount":139,"publisher":{"@id":"https:\/\/martinluther.ca\/de\/#organization"},"image":{"@id":"https:\/\/martinluther.ca\/de\/2016\/03\/alle-gottesdienste-in-der-karwoche-und-an-ostern-2016\/#primaryimage"},"thumbnailUrl":"https:\/\/martinluther.ca\/wp-content\/uploads\/2015\/04\/2015-Easter-Sunrise-93BB.jpg","articleSection":["News Blog - German"],"inLanguage":"de"},{"@type":"WebPage","@id":"https:\/\/martinluther.ca\/de\/2016\/03\/alle-gottesdienste-in-der-karwoche-und-an-ostern-2016\/","url":"https:\/\/martinluther.ca\/de\/2016\/03\/alle-gottesdienste-in-der-karwoche-und-an-ostern-2016\/","name":"Alle Gottesdienste in der Karwoche und an Ostern 2016 - Martin Luther Evangelische Kirche Toronto","isPartOf":{"@id":"https:\/\/martinluther.ca\/de\/#website"},"primaryImageOfPage":{"@id":"https:\/\/martinluther.ca\/de\/2016\/03\/alle-gottesdienste-in-der-karwoche-und-an-ostern-2016\/#primaryimage"},"image":{"@id":"https:\/\/martinluther.ca\/de\/2016\/03\/alle-gottesdienste-in-der-karwoche-und-an-ostern-2016\/#primaryimage"},"thumbnailUrl":"https:\/\/martinluther.ca\/wp-content\/uploads\/2015\/04\/2015-Easter-Sunrise-93BB.jpg","datePublished":"2016-03-04T23:27:38+00:00","dateModified":"2016-07-07T16:20:52+00:00","breadcrumb":{"@id":"https:\/\/martinluther.ca\/de\/2016\/03\/alle-gottesdienste-in-der-karwoche-und-an-ostern-2016\/#breadcrumb"},"inLanguage":"de","potentialAction":[{"@type":"ReadAction","target":["https:\/\/martinluther.ca\/de\/2016\/03\/alle-gottesdienste-in-der-karwoche-und-an-ostern-2016\/"]}]},{"@type":"ImageObject","inLanguage":"de","@id":"https:\/\/martinluther.ca\/de\/2016\/03\/alle-gottesdienste-in-der-karwoche-und-an-ostern-2016\/#primaryimage","url":"https:\/\/martinluther.ca\/wp-content\/uploads\/2015\/04\/2015-Easter-Sunrise-93BB.jpg","contentUrl":"https:\/\/martinluther.ca\/wp-content\/uploads\/2015\/04\/2015-Easter-Sunrise-93BB.jpg","width":1024,"height":768,"caption":"2015 Easter Sunrise"},{"@type":"BreadcrumbList","@id":"https:\/\/martinluther.ca\/de\/2016\/03\/alle-gottesdienste-in-der-karwoche-und-an-ostern-2016\/#breadcrumb","itemListElement":[{"@type":"ListItem","position":1,"name":"Home","item":"https:\/\/martinluther.ca\/de\/"},{"@type":"ListItem","position":2,"name":"Alle Gottesdienste in der Karwoche und an Ostern 2016"}]},{"@type":"WebSite","@id":"https:\/\/martinluther.ca\/de\/#website","url":"https:\/\/martinluther.ca\/de\/","name":"Martin Luther Evangelical Church Toronto","description":"Deutsch &amp; Englisch","publisher":{"@id":"https:\/\/martinluther.ca\/de\/#organization"},"potentialAction":[{"@type":"SearchAction","target":{"@type":"EntryPoint","urlTemplate":"https:\/\/martinluther.ca\/de\/?s={search_term_string}"},"query-input":{"@type":"PropertyValueSpecification","valueRequired":true,"valueName":"search_term_string"}}],"inLanguage":"de"},{"@type":"Organization","@id":"https:\/\/martinluther.ca\/de\/#organization","name":"Martin Luther Evangelical Church Toronto","url":"https:\/\/martinluther.ca\/de\/","logo":{"@type":"ImageObject","inLanguage":"de","@id":"https:\/\/martinluther.ca\/de\/#\/schema\/logo\/image\/","url":"https:\/\/martinluther.ca\/wp-content\/uploads\/2016\/12\/ml-logo-300.png","contentUrl":"https:\/\/martinluther.ca\/wp-content\/uploads\/2016\/12\/ml-logo-300.png","width":300,"height":150,"caption":"Martin Luther Evangelical Church Toronto"},"image":{"@id":"https:\/\/martinluther.ca\/de\/#\/schema\/logo\/image\/"},"sameAs":["https:\/\/www.facebook.com\/martinlutherchurchtoronto","https:\/\/www.instagram.com\/lutheransbythelake\/","https:\/\/www.youtube.com\/MartinLutherChurchToronto"]},{"@type":"Person","@id":"https:\/\/martinluther.ca\/de\/#\/schema\/person\/815c51710f70b050f0476f18da6b0c8f","name":"Mona Kakoschke Frantzke","image":{"@type":"ImageObject","inLanguage":"de","@id":"https:\/\/secure.gravatar.com\/avatar\/0deb16854ca545cd2e9fc8001ca110d262b80d5c8317b38dc542265fbea0ed19?s=96&d=mm&r=g","url":"https:\/\/secure.gravatar.com\/avatar\/0deb16854ca545cd2e9fc8001ca110d262b80d5c8317b38dc542265fbea0ed19?s=96&d=mm&r=g","contentUrl":"https:\/\/secure.gravatar.com\/avatar\/0deb16854ca545cd2e9fc8001ca110d262b80d5c8317b38dc542265fbea0ed19?s=96&d=mm&r=g","caption":"Mona Kakoschke Frantzke"},"url":false}]}},"_links":{"self":[{"href":"https:\/\/martinluther.ca\/de\/wp-json\/wp\/v2\/posts\/23852","targetHints":{"allow":["GET"]}}],"collection":[{"href":"https:\/\/martinluther.ca\/de\/wp-json\/wp\/v2\/posts"}],"about":[{"href":"https:\/\/martinluther.ca\/de\/wp-json\/wp\/v2\/types\/post"}],"author":[{"embeddable":true,"href":"https:\/\/martinluther.ca\/de\/wp-json\/wp\/v2\/users\/9"}],"replies":[{"embeddable":true,"href":"https:\/\/martinluther.ca\/de\/wp-json\/wp\/v2\/comments?post=23852"}],"version-history":[{"count":10,"href":"https:\/\/martinluther.ca\/de\/wp-json\/wp\/v2\/posts\/23852\/revisions"}],"predecessor-version":[{"id":24475,"href":"https:\/\/martinluther.ca\/de\/wp-json\/wp\/v2\/posts\/23852\/revisions\/24475"}],"wp:featuredmedia":[{"embeddable":true,"href":"https:\/\/martinluther.ca\/de\/wp-json\/wp\/v2\/media\/21403"}],"wp:attachment":[{"href":"https:\/\/martinluther.ca\/de\/wp-json\/wp\/v2\/media?parent=23852"}],"wp:term":[{"taxonomy":"category","embeddable":true,"href":"https:\/\/martinluther.ca\/de\/wp-json\/wp\/v2\/categories?post=23852"},{"taxonomy":"post_tag","embeddable":true,"href":"https:\/\/martinluther.ca\/de\/wp-json\/wp\/v2\/tags?post=23852"},{"taxonomy":"post_series","embeddable":true,"href":"https:\/\/martinluther.ca\/de\/wp-json\/wp\/v2\/post_series?post=23852"}],"curies":[{"name":"wp","href":"https:\/\/api.w.org\/{rel}","templated":true}]}}