{"id":23903,"date":"2016-03-16T14:05:31","date_gmt":"2016-03-16T18:05:31","guid":{"rendered":"https:\/\/martinluther.ca\/de\/?p=23903"},"modified":"2017-01-21T10:21:13","modified_gmt":"2017-01-21T15:21:13","slug":"neues-fluechtlingspatenschaft","status":"publish","type":"post","link":"https:\/\/martinluther.ca\/de\/2016\/03\/neues-fluechtlingspatenschaft\/","title":{"rendered":"Neues: Fl\u00fcchtlingspatenschaft &#038; Danke sch\u00f6n"},"content":{"rendered":"<p><img loading=\"lazy\" decoding=\"async\" class=\"alignright size-medium wp-image-25571\" src=\"https:\/\/martinluther.ca\/wp-content\/uploads\/2017\/01\/2016-04-Spaziergang-am-See-1200-4-3-300x225.jpg\" alt=\"\" width=\"300\" height=\"225\" srcset=\"https:\/\/martinluther.ca\/wp-content\/uploads\/2017\/01\/2016-04-Spaziergang-am-See-1200-4-3-300x225.jpg 300w, https:\/\/martinluther.ca\/wp-content\/uploads\/2017\/01\/2016-04-Spaziergang-am-See-1200-4-3-768x576.jpg 768w, https:\/\/martinluther.ca\/wp-content\/uploads\/2017\/01\/2016-04-Spaziergang-am-See-1200-4-3-1024x768.jpg 1024w, https:\/\/martinluther.ca\/wp-content\/uploads\/2017\/01\/2016-04-Spaziergang-am-See-1200-4-3.jpg 1200w\" sizes=\"auto, (max-width: 300px) 100vw, 300px\" \/>Das Neuste von April 2016- Danke sch\u00f6n von Mary und Ritta:<\/p>\n<p>My name is Mary. My family (James, Salwa, Andreh) and I were displaced from our country (Syria) because of war. We stayed in Lebanon for three years, among hundreds of Syrian families. The life in Lebanon was difficult but we had some relatives who helped us to overcome every difficulty. We tried to adapt there, but all the conditions were against it. In March 2015, we received a call from our cousin Nineve, and she told us the Canadian government accepts refugees and she asked if we want any help, and without thinking, immediately we accepted that and she carried out the necessary procedures. After many days, she said that she found a church who accepted our request. We were very happy. Finally the Lord responded to our prayers. The name of the church was the Martin Luther Church. Everything was perfect. It took about eight months. December 31st 2015 I got to Canada alone and after 15 days my family and my cousin got here too. After that we got the opportunity to go and meet with you, the wonderful members of the church, who helped us get a beautiful and safe life. We are whole heartedly appreciating everything you have done for us. We love you so much and will never forget this initiative, which gave us hope and the ability to be happy. We ask God to descend peace and happiness to all of you.<br \/>\nThank you so much, with all the love and appreciation<\/p>\n<p>Mary<br \/>\nMy name is Ritta and I am 22 years old. I am an Assyrian Syrian girl. I came to Canada on Jan 14, 2016. It is a great experience to come to this beautiful country because here you will feel comfortable and safe. I really want to thank everyone in the Martin Luther Church who helped to bring me to Canada. You have turned my life from tragedy back to life. I saw in you all love, respect, and kindness from the first time we met. You made me optimistic and taught me how to forget the last horrible period of my life. When you invited my uncle&#8217;s family (James Rosto\u00a0 family) and I\u00a0 to attend the holy liturgy, we were so happy to be a part of that.<br \/>\nAll the members of the church who I know and who unfortunately, I don&#8217;t know yet, nice to meet you all. I really appreciate your input to make us happy in different ways. My parents and I will never forget your help and support to bring them to Canada and to keep us together. I am so glad to have people like you in my life and I am sure that we will get closer and be one family. Thank you very much and God bless.<\/p>\n<p>Ritta<\/p>\n<hr \/>\n<p>Endlich durften wir im Januar 2016\u00a0 die Syrische Familie Rosto und Ritta, aus Lebanon kommend, in Toronto in Empfang nehmen. Innerhalb des ersten Monats begann der Vater der vierk\u00f6pfigen Familie Vollzeit zu arbeiten. Somit sorgt er f\u00fcr den Unterhalt seiner Familie und erm\u00f6glichte einen sofortigen Einzug in eine eigene Wohnung. Ritta wohnt weiterhin mit ihrer Cousine.<\/p>\n<p>Wir helfen jetzt als Gruppe bei der Integration. Die Unterst\u00fctzung ist in Arbeitsfelder aufgeteilt, die von verschiedenen Gruppenmitgliedern ausgef\u00fchrt werden, z.B. Ausbildung, Transport, medizinische Versorgung, Wohnen, Arbeiten usw.<\/p>\n<p>Heute unterschrieben wir die Patenschaft f\u00fcr Rittas Eltern als Constituency Gruppe mit der CLWR und hoffen auf einen schnellen Immigrationsprozess.<\/p>\n<p>In der Zwischenzeit arbeiten wir weiter mit unterschiedlichen Kirchen, Fl\u00fcchtlingshilfsorganisationen und der Landesregierung. Dieses dient der Inspiration, gegenseitiger Unterst\u00fctzung und Verfahrensverbesserungen.<\/p>\n<p>Wir nehmen weiterhin Spenden f\u00fcr syrische Fl\u00fcchtlinge entgegen die vor, w\u00e4hrend und nach ihrer Ankunft in Kanada ben\u00f6tigt werden, z.B. wir m\u00f6chten die Familie zu unserem Sommercamp mitnehmen um ihnen die Kanadische Wildness zu zeigen. Alle Zeit und Geldspenden sind jederzeit herzliche willkommen.<\/p>\n<p>Schlie\u00dfen Sie sich der Fl\u00fcchtlingsgruppe der Martin Luther Kirche heute noch an und helfen sie Leben zu Ver\u00e4ndern.<\/p>\n<p>Kontakt: Marlena im Kirchenb\u00fcro, 416-251-8293 oder <a href=\"mailto:churchoffice@martinluther.ca\">churchoffice@martinluther.ca <\/a><\/p>\n","protected":false},"excerpt":{"rendered":"<p>Das Neuste von April 2016- Danke sch\u00f6n von Mary und Ritta: My name is Mary. My family (James, Salwa, Andreh) and I were displaced from our country (Syria) because of war. We stayed in Lebanon for three years, among hundreds of Syrian families. The life in Lebanon was difficult but we had some relatives who&hellip;<\/p>\n","protected":false},"author":8,"featured_media":25571,"comment_status":"closed","ping_status":"closed","sticky":false,"template":"","format":"standard","meta":{"footnotes":""},"categories":[69],"tags":[],"post_series":[],"class_list":["post-23903","post","type-post","status-publish","format-standard","has-post-thumbnail","hentry","category-news-blog-german","entry","has-media"],"yoast_head":"<!-- This site is optimized with the Yoast SEO plugin v27.5 - https:\/\/yoast.com\/product\/yoast-seo-wordpress\/ -->\n<title>Neues: Fl\u00fcchtlingspatenschaft &amp; Danke sch\u00f6n - Martin Luther Evangelische Kirche Toronto<\/title>\n<meta name=\"robots\" content=\"index, follow, max-snippet:-1, max-image-preview:large, max-video-preview:-1\" \/>\n<link rel=\"canonical\" href=\"https:\/\/martinluther.ca\/de\/2016\/03\/neues-fluechtlingspatenschaft\/\" \/>\n<meta property=\"og:locale\" content=\"de_DE\" \/>\n<meta property=\"og:type\" content=\"article\" \/>\n<meta property=\"og:title\" content=\"Neues: Fl\u00fcchtlingspatenschaft &amp; Danke sch\u00f6n - Martin Luther Evangelische Kirche Toronto\" \/>\n<meta property=\"og:description\" content=\"Das Neuste von April 2016- Danke sch\u00f6n von Mary und Ritta: My name is Mary. My family (James, Salwa, Andreh) and I were displaced from our country (Syria) because of war. We stayed in Lebanon for three years, among hundreds of Syrian families. The life in Lebanon was difficult but we had some relatives who&hellip;\" \/>\n<meta property=\"og:url\" content=\"https:\/\/martinluther.ca\/de\/2016\/03\/neues-fluechtlingspatenschaft\/\" \/>\n<meta property=\"og:site_name\" content=\"Martin Luther Evangelische Kirche Toronto\" \/>\n<meta property=\"article:publisher\" content=\"https:\/\/www.facebook.com\/martinlutherchurchtoronto\" \/>\n<meta property=\"article:published_time\" content=\"2016-03-16T18:05:31+00:00\" \/>\n<meta property=\"article:modified_time\" content=\"2017-01-21T15:21:13+00:00\" \/>\n<meta property=\"og:image\" content=\"https:\/\/martinluther.ca\/wp-content\/uploads\/2017\/01\/2016-04-Spaziergang-am-See-1200-4-3.jpg\" \/>\n\t<meta property=\"og:image:width\" content=\"1200\" \/>\n\t<meta property=\"og:image:height\" content=\"900\" \/>\n\t<meta property=\"og:image:type\" content=\"image\/jpeg\" \/>\n<meta name=\"author\" content=\"Marlena Muller\" \/>\n<meta name=\"twitter:card\" content=\"summary_large_image\" \/>\n<meta name=\"twitter:label1\" content=\"Verfasst von\" \/>\n\t<meta name=\"twitter:data1\" content=\"Marlena Muller\" \/>\n\t<meta name=\"twitter:label2\" content=\"Gesch\u00e4tzte Lesezeit\" \/>\n\t<meta name=\"twitter:data2\" content=\"3\u00a0Minuten\" \/>\n<script type=\"application\/ld+json\" class=\"yoast-schema-graph\">{\"@context\":\"https:\\\/\\\/schema.org\",\"@graph\":[{\"@type\":\"Article\",\"@id\":\"https:\\\/\\\/martinluther.ca\\\/de\\\/2016\\\/03\\\/neues-fluechtlingspatenschaft\\\/#article\",\"isPartOf\":{\"@id\":\"https:\\\/\\\/martinluther.ca\\\/de\\\/2016\\\/03\\\/neues-fluechtlingspatenschaft\\\/\"},\"author\":{\"name\":\"Marlena Muller\",\"@id\":\"https:\\\/\\\/martinluther.ca\\\/de\\\/#\\\/schema\\\/person\\\/ef4e825f5d9d6fd740bbd7813710e15d\"},\"headline\":\"Neues: Fl\u00fcchtlingspatenschaft &#038; Danke sch\u00f6n\",\"datePublished\":\"2016-03-16T18:05:31+00:00\",\"dateModified\":\"2017-01-21T15:21:13+00:00\",\"mainEntityOfPage\":{\"@id\":\"https:\\\/\\\/martinluther.ca\\\/de\\\/2016\\\/03\\\/neues-fluechtlingspatenschaft\\\/\"},\"wordCount\":693,\"publisher\":{\"@id\":\"https:\\\/\\\/martinluther.ca\\\/de\\\/#organization\"},\"image\":{\"@id\":\"https:\\\/\\\/martinluther.ca\\\/de\\\/2016\\\/03\\\/neues-fluechtlingspatenschaft\\\/#primaryimage\"},\"thumbnailUrl\":\"https:\\\/\\\/martinluther.ca\\\/wp-content\\\/uploads\\\/2017\\\/01\\\/2016-04-Spaziergang-am-See-1200-4-3.jpg\",\"articleSection\":[\"News Blog - German\"],\"inLanguage\":\"de\"},{\"@type\":\"WebPage\",\"@id\":\"https:\\\/\\\/martinluther.ca\\\/de\\\/2016\\\/03\\\/neues-fluechtlingspatenschaft\\\/\",\"url\":\"https:\\\/\\\/martinluther.ca\\\/de\\\/2016\\\/03\\\/neues-fluechtlingspatenschaft\\\/\",\"name\":\"Neues: Fl\u00fcchtlingspatenschaft & Danke sch\u00f6n - Martin Luther Evangelische Kirche Toronto\",\"isPartOf\":{\"@id\":\"https:\\\/\\\/martinluther.ca\\\/de\\\/#website\"},\"primaryImageOfPage\":{\"@id\":\"https:\\\/\\\/martinluther.ca\\\/de\\\/2016\\\/03\\\/neues-fluechtlingspatenschaft\\\/#primaryimage\"},\"image\":{\"@id\":\"https:\\\/\\\/martinluther.ca\\\/de\\\/2016\\\/03\\\/neues-fluechtlingspatenschaft\\\/#primaryimage\"},\"thumbnailUrl\":\"https:\\\/\\\/martinluther.ca\\\/wp-content\\\/uploads\\\/2017\\\/01\\\/2016-04-Spaziergang-am-See-1200-4-3.jpg\",\"datePublished\":\"2016-03-16T18:05:31+00:00\",\"dateModified\":\"2017-01-21T15:21:13+00:00\",\"breadcrumb\":{\"@id\":\"https:\\\/\\\/martinluther.ca\\\/de\\\/2016\\\/03\\\/neues-fluechtlingspatenschaft\\\/#breadcrumb\"},\"inLanguage\":\"de\",\"potentialAction\":[{\"@type\":\"ReadAction\",\"target\":[\"https:\\\/\\\/martinluther.ca\\\/de\\\/2016\\\/03\\\/neues-fluechtlingspatenschaft\\\/\"]}]},{\"@type\":\"ImageObject\",\"inLanguage\":\"de\",\"@id\":\"https:\\\/\\\/martinluther.ca\\\/de\\\/2016\\\/03\\\/neues-fluechtlingspatenschaft\\\/#primaryimage\",\"url\":\"https:\\\/\\\/martinluther.ca\\\/wp-content\\\/uploads\\\/2017\\\/01\\\/2016-04-Spaziergang-am-See-1200-4-3.jpg\",\"contentUrl\":\"https:\\\/\\\/martinluther.ca\\\/wp-content\\\/uploads\\\/2017\\\/01\\\/2016-04-Spaziergang-am-See-1200-4-3.jpg\",\"width\":1200,\"height\":900},{\"@type\":\"BreadcrumbList\",\"@id\":\"https:\\\/\\\/martinluther.ca\\\/de\\\/2016\\\/03\\\/neues-fluechtlingspatenschaft\\\/#breadcrumb\",\"itemListElement\":[{\"@type\":\"ListItem\",\"position\":1,\"name\":\"Home\",\"item\":\"https:\\\/\\\/martinluther.ca\\\/de\\\/\"},{\"@type\":\"ListItem\",\"position\":2,\"name\":\"Neues: Fl\u00fcchtlingspatenschaft &#038; Danke sch\u00f6n\"}]},{\"@type\":\"WebSite\",\"@id\":\"https:\\\/\\\/martinluther.ca\\\/de\\\/#website\",\"url\":\"https:\\\/\\\/martinluther.ca\\\/de\\\/\",\"name\":\"Martin Luther Evangelical Church Toronto\",\"description\":\"Deutsch &amp; Englisch\",\"publisher\":{\"@id\":\"https:\\\/\\\/martinluther.ca\\\/de\\\/#organization\"},\"potentialAction\":[{\"@type\":\"SearchAction\",\"target\":{\"@type\":\"EntryPoint\",\"urlTemplate\":\"https:\\\/\\\/martinluther.ca\\\/de\\\/?s={search_term_string}\"},\"query-input\":{\"@type\":\"PropertyValueSpecification\",\"valueRequired\":true,\"valueName\":\"search_term_string\"}}],\"inLanguage\":\"de\"},{\"@type\":\"Organization\",\"@id\":\"https:\\\/\\\/martinluther.ca\\\/de\\\/#organization\",\"name\":\"Martin Luther Evangelical Church Toronto\",\"url\":\"https:\\\/\\\/martinluther.ca\\\/de\\\/\",\"logo\":{\"@type\":\"ImageObject\",\"inLanguage\":\"de\",\"@id\":\"https:\\\/\\\/martinluther.ca\\\/de\\\/#\\\/schema\\\/logo\\\/image\\\/\",\"url\":\"https:\\\/\\\/martinluther.ca\\\/wp-content\\\/uploads\\\/2016\\\/12\\\/ml-logo-300.png\",\"contentUrl\":\"https:\\\/\\\/martinluther.ca\\\/wp-content\\\/uploads\\\/2016\\\/12\\\/ml-logo-300.png\",\"width\":300,\"height\":150,\"caption\":\"Martin Luther Evangelical Church Toronto\"},\"image\":{\"@id\":\"https:\\\/\\\/martinluther.ca\\\/de\\\/#\\\/schema\\\/logo\\\/image\\\/\"},\"sameAs\":[\"https:\\\/\\\/www.facebook.com\\\/martinlutherchurchtoronto\",\"https:\\\/\\\/www.instagram.com\\\/lutheransbythelake\\\/\",\"https:\\\/\\\/www.youtube.com\\\/MartinLutherChurchToronto\"]},{\"@type\":\"Person\",\"@id\":\"https:\\\/\\\/martinluther.ca\\\/de\\\/#\\\/schema\\\/person\\\/ef4e825f5d9d6fd740bbd7813710e15d\",\"name\":\"Marlena Muller\",\"image\":{\"@type\":\"ImageObject\",\"inLanguage\":\"de\",\"@id\":\"https:\\\/\\\/secure.gravatar.com\\\/avatar\\\/fe840ff753768b839caa2dd522d4797f19f7e22fa2da83388e0fbfc570b65a37?s=96&d=mm&r=g\",\"url\":\"https:\\\/\\\/secure.gravatar.com\\\/avatar\\\/fe840ff753768b839caa2dd522d4797f19f7e22fa2da83388e0fbfc570b65a37?s=96&d=mm&r=g\",\"contentUrl\":\"https:\\\/\\\/secure.gravatar.com\\\/avatar\\\/fe840ff753768b839caa2dd522d4797f19f7e22fa2da83388e0fbfc570b65a37?s=96&d=mm&r=g\",\"caption\":\"Marlena Muller\"},\"url\":false}]}<\/script>\n<!-- \/ Yoast SEO plugin. -->","yoast_head_json":{"title":"Neues: Fl\u00fcchtlingspatenschaft & Danke sch\u00f6n - Martin Luther Evangelische Kirche Toronto","robots":{"index":"index","follow":"follow","max-snippet":"max-snippet:-1","max-image-preview":"max-image-preview:large","max-video-preview":"max-video-preview:-1"},"canonical":"https:\/\/martinluther.ca\/de\/2016\/03\/neues-fluechtlingspatenschaft\/","og_locale":"de_DE","og_type":"article","og_title":"Neues: Fl\u00fcchtlingspatenschaft & Danke sch\u00f6n - Martin Luther Evangelische Kirche Toronto","og_description":"Das Neuste von April 2016- Danke sch\u00f6n von Mary und Ritta: My name is Mary. My family (James, Salwa, Andreh) and I were displaced from our country (Syria) because of war. We stayed in Lebanon for three years, among hundreds of Syrian families. The life in Lebanon was difficult but we had some relatives who&hellip;","og_url":"https:\/\/martinluther.ca\/de\/2016\/03\/neues-fluechtlingspatenschaft\/","og_site_name":"Martin Luther Evangelische Kirche Toronto","article_publisher":"https:\/\/www.facebook.com\/martinlutherchurchtoronto","article_published_time":"2016-03-16T18:05:31+00:00","article_modified_time":"2017-01-21T15:21:13+00:00","og_image":[{"width":1200,"height":900,"url":"https:\/\/martinluther.ca\/wp-content\/uploads\/2017\/01\/2016-04-Spaziergang-am-See-1200-4-3.jpg","type":"image\/jpeg"}],"author":"Marlena Muller","twitter_card":"summary_large_image","twitter_misc":{"Verfasst von":"Marlena Muller","Gesch\u00e4tzte Lesezeit":"3\u00a0Minuten"},"schema":{"@context":"https:\/\/schema.org","@graph":[{"@type":"Article","@id":"https:\/\/martinluther.ca\/de\/2016\/03\/neues-fluechtlingspatenschaft\/#article","isPartOf":{"@id":"https:\/\/martinluther.ca\/de\/2016\/03\/neues-fluechtlingspatenschaft\/"},"author":{"name":"Marlena Muller","@id":"https:\/\/martinluther.ca\/de\/#\/schema\/person\/ef4e825f5d9d6fd740bbd7813710e15d"},"headline":"Neues: Fl\u00fcchtlingspatenschaft &#038; Danke sch\u00f6n","datePublished":"2016-03-16T18:05:31+00:00","dateModified":"2017-01-21T15:21:13+00:00","mainEntityOfPage":{"@id":"https:\/\/martinluther.ca\/de\/2016\/03\/neues-fluechtlingspatenschaft\/"},"wordCount":693,"publisher":{"@id":"https:\/\/martinluther.ca\/de\/#organization"},"image":{"@id":"https:\/\/martinluther.ca\/de\/2016\/03\/neues-fluechtlingspatenschaft\/#primaryimage"},"thumbnailUrl":"https:\/\/martinluther.ca\/wp-content\/uploads\/2017\/01\/2016-04-Spaziergang-am-See-1200-4-3.jpg","articleSection":["News Blog - German"],"inLanguage":"de"},{"@type":"WebPage","@id":"https:\/\/martinluther.ca\/de\/2016\/03\/neues-fluechtlingspatenschaft\/","url":"https:\/\/martinluther.ca\/de\/2016\/03\/neues-fluechtlingspatenschaft\/","name":"Neues: Fl\u00fcchtlingspatenschaft & Danke sch\u00f6n - Martin Luther Evangelische Kirche Toronto","isPartOf":{"@id":"https:\/\/martinluther.ca\/de\/#website"},"primaryImageOfPage":{"@id":"https:\/\/martinluther.ca\/de\/2016\/03\/neues-fluechtlingspatenschaft\/#primaryimage"},"image":{"@id":"https:\/\/martinluther.ca\/de\/2016\/03\/neues-fluechtlingspatenschaft\/#primaryimage"},"thumbnailUrl":"https:\/\/martinluther.ca\/wp-content\/uploads\/2017\/01\/2016-04-Spaziergang-am-See-1200-4-3.jpg","datePublished":"2016-03-16T18:05:31+00:00","dateModified":"2017-01-21T15:21:13+00:00","breadcrumb":{"@id":"https:\/\/martinluther.ca\/de\/2016\/03\/neues-fluechtlingspatenschaft\/#breadcrumb"},"inLanguage":"de","potentialAction":[{"@type":"ReadAction","target":["https:\/\/martinluther.ca\/de\/2016\/03\/neues-fluechtlingspatenschaft\/"]}]},{"@type":"ImageObject","inLanguage":"de","@id":"https:\/\/martinluther.ca\/de\/2016\/03\/neues-fluechtlingspatenschaft\/#primaryimage","url":"https:\/\/martinluther.ca\/wp-content\/uploads\/2017\/01\/2016-04-Spaziergang-am-See-1200-4-3.jpg","contentUrl":"https:\/\/martinluther.ca\/wp-content\/uploads\/2017\/01\/2016-04-Spaziergang-am-See-1200-4-3.jpg","width":1200,"height":900},{"@type":"BreadcrumbList","@id":"https:\/\/martinluther.ca\/de\/2016\/03\/neues-fluechtlingspatenschaft\/#breadcrumb","itemListElement":[{"@type":"ListItem","position":1,"name":"Home","item":"https:\/\/martinluther.ca\/de\/"},{"@type":"ListItem","position":2,"name":"Neues: Fl\u00fcchtlingspatenschaft &#038; Danke sch\u00f6n"}]},{"@type":"WebSite","@id":"https:\/\/martinluther.ca\/de\/#website","url":"https:\/\/martinluther.ca\/de\/","name":"Martin Luther Evangelical Church Toronto","description":"Deutsch &amp; Englisch","publisher":{"@id":"https:\/\/martinluther.ca\/de\/#organization"},"potentialAction":[{"@type":"SearchAction","target":{"@type":"EntryPoint","urlTemplate":"https:\/\/martinluther.ca\/de\/?s={search_term_string}"},"query-input":{"@type":"PropertyValueSpecification","valueRequired":true,"valueName":"search_term_string"}}],"inLanguage":"de"},{"@type":"Organization","@id":"https:\/\/martinluther.ca\/de\/#organization","name":"Martin Luther Evangelical Church Toronto","url":"https:\/\/martinluther.ca\/de\/","logo":{"@type":"ImageObject","inLanguage":"de","@id":"https:\/\/martinluther.ca\/de\/#\/schema\/logo\/image\/","url":"https:\/\/martinluther.ca\/wp-content\/uploads\/2016\/12\/ml-logo-300.png","contentUrl":"https:\/\/martinluther.ca\/wp-content\/uploads\/2016\/12\/ml-logo-300.png","width":300,"height":150,"caption":"Martin Luther Evangelical Church Toronto"},"image":{"@id":"https:\/\/martinluther.ca\/de\/#\/schema\/logo\/image\/"},"sameAs":["https:\/\/www.facebook.com\/martinlutherchurchtoronto","https:\/\/www.instagram.com\/lutheransbythelake\/","https:\/\/www.youtube.com\/MartinLutherChurchToronto"]},{"@type":"Person","@id":"https:\/\/martinluther.ca\/de\/#\/schema\/person\/ef4e825f5d9d6fd740bbd7813710e15d","name":"Marlena Muller","image":{"@type":"ImageObject","inLanguage":"de","@id":"https:\/\/secure.gravatar.com\/avatar\/fe840ff753768b839caa2dd522d4797f19f7e22fa2da83388e0fbfc570b65a37?s=96&d=mm&r=g","url":"https:\/\/secure.gravatar.com\/avatar\/fe840ff753768b839caa2dd522d4797f19f7e22fa2da83388e0fbfc570b65a37?s=96&d=mm&r=g","contentUrl":"https:\/\/secure.gravatar.com\/avatar\/fe840ff753768b839caa2dd522d4797f19f7e22fa2da83388e0fbfc570b65a37?s=96&d=mm&r=g","caption":"Marlena Muller"},"url":false}]}},"_links":{"self":[{"href":"https:\/\/martinluther.ca\/de\/wp-json\/wp\/v2\/posts\/23903","targetHints":{"allow":["GET"]}}],"collection":[{"href":"https:\/\/martinluther.ca\/de\/wp-json\/wp\/v2\/posts"}],"about":[{"href":"https:\/\/martinluther.ca\/de\/wp-json\/wp\/v2\/types\/post"}],"author":[{"embeddable":true,"href":"https:\/\/martinluther.ca\/de\/wp-json\/wp\/v2\/users\/8"}],"replies":[{"embeddable":true,"href":"https:\/\/martinluther.ca\/de\/wp-json\/wp\/v2\/comments?post=23903"}],"version-history":[{"count":8,"href":"https:\/\/martinluther.ca\/de\/wp-json\/wp\/v2\/posts\/23903\/revisions"}],"predecessor-version":[{"id":25590,"href":"https:\/\/martinluther.ca\/de\/wp-json\/wp\/v2\/posts\/23903\/revisions\/25590"}],"wp:featuredmedia":[{"embeddable":true,"href":"https:\/\/martinluther.ca\/de\/wp-json\/wp\/v2\/media\/25571"}],"wp:attachment":[{"href":"https:\/\/martinluther.ca\/de\/wp-json\/wp\/v2\/media?parent=23903"}],"wp:term":[{"taxonomy":"category","embeddable":true,"href":"https:\/\/martinluther.ca\/de\/wp-json\/wp\/v2\/categories?post=23903"},{"taxonomy":"post_tag","embeddable":true,"href":"https:\/\/martinluther.ca\/de\/wp-json\/wp\/v2\/tags?post=23903"},{"taxonomy":"post_series","embeddable":true,"href":"https:\/\/martinluther.ca\/de\/wp-json\/wp\/v2\/post_series?post=23903"}],"curies":[{"name":"wp","href":"https:\/\/api.w.org\/{rel}","templated":true}]}}