{"id":24075,"date":"2016-04-24T16:02:36","date_gmt":"2016-04-24T20:02:36","guid":{"rendered":"https:\/\/martinluther.ca\/de\/?p=24075"},"modified":"2016-04-24T22:12:05","modified_gmt":"2016-04-25T02:12:05","slug":"hilf-mit-beim-fruehjahrsputz","status":"publish","type":"post","link":"https:\/\/martinluther.ca\/de\/2016\/04\/hilf-mit-beim-fruehjahrsputz\/","title":{"rendered":"Hilf mit beim Fr\u00fchjahrsputz"},"content":{"rendered":"<p>Wir bereiten das Camp Lutherlyn (29. und 30. April) und die Martin Luther Kirche (14. Mai) f\u00fcr den Sommer vor.<\/p>\n<figure id=\"attachment_24060\" aria-describedby=\"caption-attachment-24060\" style=\"width: 300px\" class=\"wp-caption alignright\"><a href=\"https:\/\/martinluther.ca\/wp-content\/uploads\/2016\/04\/2015-Spring-Cleaning-Camp-Lutherlyn-03.jpg\"><img loading=\"lazy\" decoding=\"async\" class=\"size-medium wp-image-24060\" src=\"https:\/\/martinluther.ca\/wp-content\/uploads\/2016\/04\/2015-Spring-Cleaning-Camp-Lutherlyn-03-300x225.jpg\" alt=\"2015 MLC group spring cleaning at Camp Lutherlyn\" width=\"300\" height=\"225\" srcset=\"https:\/\/martinluther.ca\/wp-content\/uploads\/2016\/04\/2015-Spring-Cleaning-Camp-Lutherlyn-03-300x225.jpg 300w, https:\/\/martinluther.ca\/wp-content\/uploads\/2016\/04\/2015-Spring-Cleaning-Camp-Lutherlyn-03.jpg 1024w\" sizes=\"auto, (max-width: 300px) 100vw, 300px\" \/><\/a><figcaption id=\"caption-attachment-24060\" class=\"wp-caption-text\">Camp Lutherlyn, Fr\u00fchjahrsputz 2015<\/figcaption><\/figure>\n<h2>Fr\u00fchjahrsputz in Camp Lutherlyn &#8211; 29. bis 30. April<\/h2>\n<p>Am 29. April (Freitagabend) fahren wir mit einer Gruppe Freiwilliger ins Camp Lutherlyn, um am Samstag30. April beim Fr\u00fchjahrsputz zu helfen. Von Holzspalten \u00fcber Reparaturarbeiten bis zum Saubermachen ist alles dabei. F\u00fcr Unterkunft und Essen ist gesorgt. Also: Gleich anmelden und Mitmachen.<\/p>\n<p><strong>Kontakt:<\/strong> Peter Kaufmann-Buehler durch das Gemeindeb\u00fcro, Tel: 416-251-8293, <a href=\"mailto:churchoffice@martinluther.ca\">churchoffice@martinluther.ca<\/a><\/p>\n<p>&nbsp;<\/p>\n<h2>Fr\u00fchjahrsputz in der Kirche &#8211; 14. Mai um 13.00 Uhr<\/h2>\n<p>Unsere Kirche soll gl\u00e4nzen. Am Samstag, den 14. Mai brauchen wir viele helfende H\u00e4nde um unsere Kirche h\u00fcbsch zu machen f\u00fcr Pfingsten. Eine gro\u00dfartige Aktion f\u00fcr alle, egal, ob jung oder alt. Bitte kurz im Gemeindeb\u00fcro anrufen und Hilfe ank\u00fcndigen.<\/p>\n<p><strong>Kontakt:<\/strong> <a href=\"mailto:churchoffice@martinluther.ca\">churchoffice@martinluther.ca<\/a>, Tel: 416-251-8293<\/p>\n<p><strong>Click on a photo to see slideshow enlarged.<\/strong><\/p>\n<div id=\"gallery-1\" class=\"wpex-gallery wpex-grid wpex-grid-cols-4 wpex-gap-20 wpex-lightbox-group wpex-mb-20\"><figure class=\"gallery-item\"><a href=\"https:\/\/martinluther.ca\/wp-content\/uploads\/2016\/04\/2015-Spring-Cleaning-Camp-Lutherlyn-09.jpg\" class=\"wpex-lightbox-group-item\" data-caption=\"2015 Spring cleaning at Golden Lake\"><img loading=\"lazy\" decoding=\"async\" src=\"https:\/\/martinluther.ca\/wp-content\/uploads\/2016\/04\/2015-Spring-Cleaning-Camp-Lutherlyn-09-1024x682.jpg\" alt=\"\" srcset=\"https:\/\/martinluther.ca\/wp-content\/uploads\/2016\/04\/2015-Spring-Cleaning-Camp-Lutherlyn-09-1024x682.jpg 1024w, https:\/\/martinluther.ca\/wp-content\/uploads\/2016\/04\/2015-Spring-Cleaning-Camp-Lutherlyn-09-300x200.jpg 300w, https:\/\/martinluther.ca\/wp-content\/uploads\/2016\/04\/2015-Spring-Cleaning-Camp-Lutherlyn-09.jpg 1280w\" width=\"1024\" height=\"682\"><\/a><figcaption class=\"gallery-caption wpex-last-mb-0\">2015 Spring cleaning at Golden Lake<\/figcaption><\/figure><figure class=\"gallery-item\"><a href=\"https:\/\/martinluther.ca\/wp-content\/uploads\/2016\/04\/2015-Spring-Cleaning-Camp-Lutherlyn-04.jpg\" class=\"wpex-lightbox-group-item\" data-caption=\"2015 Spring Clean-up at Camp Lutherlyn\"><img loading=\"lazy\" decoding=\"async\" src=\"https:\/\/martinluther.ca\/wp-content\/uploads\/2016\/04\/2015-Spring-Cleaning-Camp-Lutherlyn-04-1024x682.jpg\" alt=\"\" srcset=\"https:\/\/martinluther.ca\/wp-content\/uploads\/2016\/04\/2015-Spring-Cleaning-Camp-Lutherlyn-04-1024x682.jpg 1024w, https:\/\/martinluther.ca\/wp-content\/uploads\/2016\/04\/2015-Spring-Cleaning-Camp-Lutherlyn-04-300x200.jpg 300w, https:\/\/martinluther.ca\/wp-content\/uploads\/2016\/04\/2015-Spring-Cleaning-Camp-Lutherlyn-04.jpg 1280w\" width=\"1024\" height=\"682\"><\/a><figcaption class=\"gallery-caption wpex-last-mb-0\">2015 Spring Clean-up at Camp Lutherlyn<\/figcaption><\/figure><figure class=\"gallery-item\"><a href=\"https:\/\/martinluther.ca\/wp-content\/uploads\/2016\/04\/2015-Spring-Cleaning-Camp-Lutherlyn-05.jpg\" class=\"wpex-lightbox-group-item\" data-caption=\"Clean up at Camp Lutherlyn\" data-title=\"Clean up at Camp Lutherlyn\"><img loading=\"lazy\" alt=\"Clean Up At Camp Lutherlyn\" decoding=\"async\" src=\"https:\/\/martinluther.ca\/wp-content\/uploads\/2016\/04\/2015-Spring-Cleaning-Camp-Lutherlyn-05-1024x682.jpg\" srcset=\"https:\/\/martinluther.ca\/wp-content\/uploads\/2016\/04\/2015-Spring-Cleaning-Camp-Lutherlyn-05-1024x682.jpg 1024w, https:\/\/martinluther.ca\/wp-content\/uploads\/2016\/04\/2015-Spring-Cleaning-Camp-Lutherlyn-05-300x200.jpg 300w, https:\/\/martinluther.ca\/wp-content\/uploads\/2016\/04\/2015-Spring-Cleaning-Camp-Lutherlyn-05.jpg 1280w\" width=\"1024\" height=\"682\"><\/a><figcaption class=\"gallery-caption wpex-last-mb-0\">Clean up at Camp Lutherlyn<\/figcaption><\/figure><figure class=\"gallery-item\"><a href=\"https:\/\/martinluther.ca\/wp-content\/uploads\/2016\/04\/2015-Spring-Cleaning-Camp-Lutherlyn-06.jpg\" class=\"wpex-lightbox-group-item\" data-caption=\"Clearing brush 2015 at Camp Lutherlyn\" data-title=\"Clearing brush at Camp Lutherlyn\"><img loading=\"lazy\" alt=\"Clearing Brush At Camp Lutherlyn\" decoding=\"async\" src=\"https:\/\/martinluther.ca\/wp-content\/uploads\/2016\/04\/2015-Spring-Cleaning-Camp-Lutherlyn-06-1024x682.jpg\" srcset=\"https:\/\/martinluther.ca\/wp-content\/uploads\/2016\/04\/2015-Spring-Cleaning-Camp-Lutherlyn-06-1024x682.jpg 1024w, https:\/\/martinluther.ca\/wp-content\/uploads\/2016\/04\/2015-Spring-Cleaning-Camp-Lutherlyn-06-300x200.jpg 300w, https:\/\/martinluther.ca\/wp-content\/uploads\/2016\/04\/2015-Spring-Cleaning-Camp-Lutherlyn-06.jpg 1280w\" width=\"1024\" height=\"682\"><\/a><figcaption class=\"gallery-caption wpex-last-mb-0\">Clearing brush 2015 at Camp Lutherlyn<\/figcaption><\/figure><figure class=\"gallery-item\"><a href=\"https:\/\/martinluther.ca\/wp-content\/uploads\/2016\/04\/2015-Spring-Cleaning-Camp-Lutherlyn-07.jpg\" class=\"wpex-lightbox-group-item\" data-caption=\"MLC at Camp Lutherlyn 2015 Spring cleaning volunteers\"><img loading=\"lazy\" decoding=\"async\" src=\"https:\/\/martinluther.ca\/wp-content\/uploads\/2016\/04\/2015-Spring-Cleaning-Camp-Lutherlyn-07-1024x682.jpg\" alt=\"\" srcset=\"https:\/\/martinluther.ca\/wp-content\/uploads\/2016\/04\/2015-Spring-Cleaning-Camp-Lutherlyn-07-1024x682.jpg 1024w, https:\/\/martinluther.ca\/wp-content\/uploads\/2016\/04\/2015-Spring-Cleaning-Camp-Lutherlyn-07-300x200.jpg 300w, https:\/\/martinluther.ca\/wp-content\/uploads\/2016\/04\/2015-Spring-Cleaning-Camp-Lutherlyn-07.jpg 1280w\" width=\"1024\" height=\"682\"><\/a><figcaption class=\"gallery-caption wpex-last-mb-0\">MLC at Camp Lutherlyn 2015 Spring cleaning volunteers<\/figcaption><\/figure><figure class=\"gallery-item\"><a href=\"https:\/\/martinluther.ca\/wp-content\/uploads\/2016\/04\/2015-Spring-Cleaning-Camp-Lutherlyn-08.jpg\" class=\"wpex-lightbox-group-item\" data-title=\"Raking leaves at Camp Lutherlyn\"><img loading=\"lazy\" alt=\"Raking Leaves At Camp Lutherlyn\" decoding=\"async\" src=\"https:\/\/martinluther.ca\/wp-content\/uploads\/2016\/04\/2015-Spring-Cleaning-Camp-Lutherlyn-08-1024x682.jpg\" srcset=\"https:\/\/martinluther.ca\/wp-content\/uploads\/2016\/04\/2015-Spring-Cleaning-Camp-Lutherlyn-08-1024x682.jpg 1024w, https:\/\/martinluther.ca\/wp-content\/uploads\/2016\/04\/2015-Spring-Cleaning-Camp-Lutherlyn-08-300x200.jpg 300w, https:\/\/martinluther.ca\/wp-content\/uploads\/2016\/04\/2015-Spring-Cleaning-Camp-Lutherlyn-08.jpg 1280w\" width=\"1024\" height=\"682\"><\/a><\/figure><figure class=\"gallery-item\"><a href=\"https:\/\/martinluther.ca\/wp-content\/uploads\/2016\/04\/Diana-cleaning-church.jpg\" class=\"wpex-lightbox-group-item\" data-caption=\"Daina cleaning benches in 2006\"><img loading=\"lazy\" decoding=\"async\" src=\"https:\/\/martinluther.ca\/wp-content\/uploads\/2016\/04\/Diana-cleaning-church.jpg\" alt=\"\" srcset=\"https:\/\/martinluther.ca\/wp-content\/uploads\/2016\/04\/Diana-cleaning-church.jpg 480w, https:\/\/martinluther.ca\/wp-content\/uploads\/2016\/04\/Diana-cleaning-church-225x300.jpg 225w\" width=\"480\" height=\"640\"><\/a><figcaption class=\"gallery-caption wpex-last-mb-0\">Daina cleaning benches in 2006<\/figcaption><\/figure><figure class=\"gallery-item\"><a href=\"https:\/\/martinluther.ca\/wp-content\/uploads\/2016\/04\/Gisela-cleaning-church.jpg\" class=\"wpex-lightbox-group-item\" data-caption=\"Gisela cleaning benches in 2006\"><img loading=\"lazy\" decoding=\"async\" src=\"https:\/\/martinluther.ca\/wp-content\/uploads\/2016\/04\/Gisela-cleaning-church.jpg\" alt=\"\" srcset=\"https:\/\/martinluther.ca\/wp-content\/uploads\/2016\/04\/Gisela-cleaning-church.jpg 480w, https:\/\/martinluther.ca\/wp-content\/uploads\/2016\/04\/Gisela-cleaning-church-225x300.jpg 225w\" width=\"480\" height=\"640\"><\/a><figcaption class=\"gallery-caption wpex-last-mb-0\">Gisela cleaning benches in 2006<\/figcaption><\/figure><figure class=\"gallery-item\"><a href=\"https:\/\/martinluther.ca\/wp-content\/uploads\/2016\/04\/Church-Pictures-2006-023.jpg\" class=\"wpex-lightbox-group-item\" data-caption=\"Fixing the back stairs on Spring Cleaning day 2006\"><img loading=\"lazy\" decoding=\"async\" src=\"https:\/\/martinluther.ca\/wp-content\/uploads\/2016\/04\/Church-Pictures-2006-023.jpg\" alt=\"\" srcset=\"https:\/\/martinluther.ca\/wp-content\/uploads\/2016\/04\/Church-Pictures-2006-023.jpg 640w, https:\/\/martinluther.ca\/wp-content\/uploads\/2016\/04\/Church-Pictures-2006-023-300x225.jpg 300w\" width=\"640\" height=\"480\"><\/a><figcaption class=\"gallery-caption wpex-last-mb-0\">Fixing the back stairs on Spring Cleaning day 2006<\/figcaption><\/figure><figure class=\"gallery-item\"><a href=\"https:\/\/martinluther.ca\/wp-content\/uploads\/2016\/04\/Church-Pictures-2006-015.jpg\" class=\"wpex-lightbox-group-item\" data-caption=\"Iris in kitchen on Spring Cleaning day 2006\"><img loading=\"lazy\" decoding=\"async\" src=\"https:\/\/martinluther.ca\/wp-content\/uploads\/2016\/04\/Church-Pictures-2006-015.jpg\" alt=\"\" srcset=\"https:\/\/martinluther.ca\/wp-content\/uploads\/2016\/04\/Church-Pictures-2006-015.jpg 640w, https:\/\/martinluther.ca\/wp-content\/uploads\/2016\/04\/Church-Pictures-2006-015-300x225.jpg 300w\" width=\"640\" height=\"480\"><\/a><figcaption class=\"gallery-caption wpex-last-mb-0\">Iris in kitchen on Spring Cleaning day 2006<\/figcaption><\/figure><\/div>\n\n","protected":false},"excerpt":{"rendered":"<p>Wir bereiten das Camp Lutherlyn (29. und 30. April) und die Martin Luther Kirche (14. Mai) f\u00fcr den Sommer vor. Fr\u00fchjahrsputz in Camp Lutherlyn &#8211; 29. bis 30. April Am 29. April (Freitagabend) fahren wir mit einer Gruppe Freiwilliger ins Camp Lutherlyn, um am Samstag30. April beim Fr\u00fchjahrsputz zu helfen. Von Holzspalten \u00fcber Reparaturarbeiten bis&hellip;<\/p>\n","protected":false},"author":9,"featured_media":24060,"comment_status":"closed","ping_status":"closed","sticky":false,"template":"","format":"standard","meta":{"footnotes":""},"categories":[69],"tags":[],"post_series":[],"class_list":["post-24075","post","type-post","status-publish","format-standard","has-post-thumbnail","hentry","category-news-blog-german","entry","has-media"],"yoast_head":"<!-- This site is optimized with the Yoast SEO plugin v27.5 - https:\/\/yoast.com\/product\/yoast-seo-wordpress\/ -->\n<title>Hilf mit beim Fr\u00fchjahrsputz - Martin Luther Evangelische Kirche Toronto<\/title>\n<meta name=\"robots\" content=\"index, follow, max-snippet:-1, max-image-preview:large, max-video-preview:-1\" \/>\n<link rel=\"canonical\" href=\"https:\/\/martinluther.ca\/de\/2016\/04\/hilf-mit-beim-fruehjahrsputz\/\" \/>\n<meta property=\"og:locale\" content=\"de_DE\" \/>\n<meta property=\"og:type\" content=\"article\" \/>\n<meta property=\"og:title\" content=\"Hilf mit beim Fr\u00fchjahrsputz - Martin Luther Evangelische Kirche Toronto\" \/>\n<meta property=\"og:description\" content=\"Wir bereiten das Camp Lutherlyn (29. und 30. April) und die Martin Luther Kirche (14. Mai) f\u00fcr den Sommer vor. Fr\u00fchjahrsputz in Camp Lutherlyn &#8211; 29. bis 30. April Am 29. April (Freitagabend) fahren wir mit einer Gruppe Freiwilliger ins Camp Lutherlyn, um am Samstag30. April beim Fr\u00fchjahrsputz zu helfen. Von Holzspalten \u00fcber Reparaturarbeiten bis&hellip;\" \/>\n<meta property=\"og:url\" content=\"https:\/\/martinluther.ca\/de\/2016\/04\/hilf-mit-beim-fruehjahrsputz\/\" \/>\n<meta property=\"og:site_name\" content=\"Martin Luther Evangelische Kirche Toronto\" \/>\n<meta property=\"article:publisher\" content=\"https:\/\/www.facebook.com\/martinlutherchurchtoronto\" \/>\n<meta property=\"article:published_time\" content=\"2016-04-24T20:02:36+00:00\" \/>\n<meta property=\"article:modified_time\" content=\"2016-04-25T02:12:05+00:00\" \/>\n<meta property=\"og:image\" content=\"https:\/\/martinluther.ca\/wp-content\/uploads\/2016\/04\/2015-Spring-Cleaning-Camp-Lutherlyn-03.jpg\" \/>\n\t<meta property=\"og:image:width\" content=\"1024\" \/>\n\t<meta property=\"og:image:height\" content=\"768\" \/>\n\t<meta property=\"og:image:type\" content=\"image\/jpeg\" \/>\n<meta name=\"author\" content=\"Mona Kakoschke Frantzke\" \/>\n<meta name=\"twitter:card\" content=\"summary_large_image\" \/>\n<meta name=\"twitter:label1\" content=\"Verfasst von\" \/>\n\t<meta name=\"twitter:data1\" content=\"Mona Kakoschke Frantzke\" \/>\n\t<meta name=\"twitter:label2\" content=\"Gesch\u00e4tzte Lesezeit\" \/>\n\t<meta name=\"twitter:data2\" content=\"1\u00a0Minute\" \/>\n<script type=\"application\/ld+json\" class=\"yoast-schema-graph\">{\"@context\":\"https:\\\/\\\/schema.org\",\"@graph\":[{\"@type\":\"Article\",\"@id\":\"https:\\\/\\\/martinluther.ca\\\/de\\\/2016\\\/04\\\/hilf-mit-beim-fruehjahrsputz\\\/#article\",\"isPartOf\":{\"@id\":\"https:\\\/\\\/martinluther.ca\\\/de\\\/2016\\\/04\\\/hilf-mit-beim-fruehjahrsputz\\\/\"},\"author\":{\"name\":\"Mona Kakoschke Frantzke\",\"@id\":\"https:\\\/\\\/martinluther.ca\\\/de\\\/#\\\/schema\\\/person\\\/815c51710f70b050f0476f18da6b0c8f\"},\"headline\":\"Hilf mit beim Fr\u00fchjahrsputz\",\"datePublished\":\"2016-04-24T20:02:36+00:00\",\"dateModified\":\"2016-04-25T02:12:05+00:00\",\"mainEntityOfPage\":{\"@id\":\"https:\\\/\\\/martinluther.ca\\\/de\\\/2016\\\/04\\\/hilf-mit-beim-fruehjahrsputz\\\/\"},\"wordCount\":173,\"publisher\":{\"@id\":\"https:\\\/\\\/martinluther.ca\\\/de\\\/#organization\"},\"image\":{\"@id\":\"https:\\\/\\\/martinluther.ca\\\/de\\\/2016\\\/04\\\/hilf-mit-beim-fruehjahrsputz\\\/#primaryimage\"},\"thumbnailUrl\":\"https:\\\/\\\/martinluther.ca\\\/wp-content\\\/uploads\\\/2016\\\/04\\\/2015-Spring-Cleaning-Camp-Lutherlyn-03.jpg\",\"articleSection\":[\"News Blog - German\"],\"inLanguage\":\"de\"},{\"@type\":\"WebPage\",\"@id\":\"https:\\\/\\\/martinluther.ca\\\/de\\\/2016\\\/04\\\/hilf-mit-beim-fruehjahrsputz\\\/\",\"url\":\"https:\\\/\\\/martinluther.ca\\\/de\\\/2016\\\/04\\\/hilf-mit-beim-fruehjahrsputz\\\/\",\"name\":\"Hilf mit beim Fr\u00fchjahrsputz - Martin Luther Evangelische Kirche Toronto\",\"isPartOf\":{\"@id\":\"https:\\\/\\\/martinluther.ca\\\/de\\\/#website\"},\"primaryImageOfPage\":{\"@id\":\"https:\\\/\\\/martinluther.ca\\\/de\\\/2016\\\/04\\\/hilf-mit-beim-fruehjahrsputz\\\/#primaryimage\"},\"image\":{\"@id\":\"https:\\\/\\\/martinluther.ca\\\/de\\\/2016\\\/04\\\/hilf-mit-beim-fruehjahrsputz\\\/#primaryimage\"},\"thumbnailUrl\":\"https:\\\/\\\/martinluther.ca\\\/wp-content\\\/uploads\\\/2016\\\/04\\\/2015-Spring-Cleaning-Camp-Lutherlyn-03.jpg\",\"datePublished\":\"2016-04-24T20:02:36+00:00\",\"dateModified\":\"2016-04-25T02:12:05+00:00\",\"breadcrumb\":{\"@id\":\"https:\\\/\\\/martinluther.ca\\\/de\\\/2016\\\/04\\\/hilf-mit-beim-fruehjahrsputz\\\/#breadcrumb\"},\"inLanguage\":\"de\",\"potentialAction\":[{\"@type\":\"ReadAction\",\"target\":[\"https:\\\/\\\/martinluther.ca\\\/de\\\/2016\\\/04\\\/hilf-mit-beim-fruehjahrsputz\\\/\"]}]},{\"@type\":\"ImageObject\",\"inLanguage\":\"de\",\"@id\":\"https:\\\/\\\/martinluther.ca\\\/de\\\/2016\\\/04\\\/hilf-mit-beim-fruehjahrsputz\\\/#primaryimage\",\"url\":\"https:\\\/\\\/martinluther.ca\\\/wp-content\\\/uploads\\\/2016\\\/04\\\/2015-Spring-Cleaning-Camp-Lutherlyn-03.jpg\",\"contentUrl\":\"https:\\\/\\\/martinluther.ca\\\/wp-content\\\/uploads\\\/2016\\\/04\\\/2015-Spring-Cleaning-Camp-Lutherlyn-03.jpg\",\"width\":1024,\"height\":768,\"caption\":\"2015 spring cleaning at Camp Lutherlyn\"},{\"@type\":\"BreadcrumbList\",\"@id\":\"https:\\\/\\\/martinluther.ca\\\/de\\\/2016\\\/04\\\/hilf-mit-beim-fruehjahrsputz\\\/#breadcrumb\",\"itemListElement\":[{\"@type\":\"ListItem\",\"position\":1,\"name\":\"Home\",\"item\":\"https:\\\/\\\/martinluther.ca\\\/de\\\/\"},{\"@type\":\"ListItem\",\"position\":2,\"name\":\"Hilf mit beim Fr\u00fchjahrsputz\"}]},{\"@type\":\"WebSite\",\"@id\":\"https:\\\/\\\/martinluther.ca\\\/de\\\/#website\",\"url\":\"https:\\\/\\\/martinluther.ca\\\/de\\\/\",\"name\":\"Martin Luther Evangelical Church Toronto\",\"description\":\"Deutsch &amp; Englisch\",\"publisher\":{\"@id\":\"https:\\\/\\\/martinluther.ca\\\/de\\\/#organization\"},\"potentialAction\":[{\"@type\":\"SearchAction\",\"target\":{\"@type\":\"EntryPoint\",\"urlTemplate\":\"https:\\\/\\\/martinluther.ca\\\/de\\\/?s={search_term_string}\"},\"query-input\":{\"@type\":\"PropertyValueSpecification\",\"valueRequired\":true,\"valueName\":\"search_term_string\"}}],\"inLanguage\":\"de\"},{\"@type\":\"Organization\",\"@id\":\"https:\\\/\\\/martinluther.ca\\\/de\\\/#organization\",\"name\":\"Martin Luther Evangelical Church Toronto\",\"url\":\"https:\\\/\\\/martinluther.ca\\\/de\\\/\",\"logo\":{\"@type\":\"ImageObject\",\"inLanguage\":\"de\",\"@id\":\"https:\\\/\\\/martinluther.ca\\\/de\\\/#\\\/schema\\\/logo\\\/image\\\/\",\"url\":\"https:\\\/\\\/martinluther.ca\\\/wp-content\\\/uploads\\\/2016\\\/12\\\/ml-logo-300.png\",\"contentUrl\":\"https:\\\/\\\/martinluther.ca\\\/wp-content\\\/uploads\\\/2016\\\/12\\\/ml-logo-300.png\",\"width\":300,\"height\":150,\"caption\":\"Martin Luther Evangelical Church Toronto\"},\"image\":{\"@id\":\"https:\\\/\\\/martinluther.ca\\\/de\\\/#\\\/schema\\\/logo\\\/image\\\/\"},\"sameAs\":[\"https:\\\/\\\/www.facebook.com\\\/martinlutherchurchtoronto\",\"https:\\\/\\\/www.instagram.com\\\/lutheransbythelake\\\/\",\"https:\\\/\\\/www.youtube.com\\\/MartinLutherChurchToronto\"]},{\"@type\":\"Person\",\"@id\":\"https:\\\/\\\/martinluther.ca\\\/de\\\/#\\\/schema\\\/person\\\/815c51710f70b050f0476f18da6b0c8f\",\"name\":\"Mona Kakoschke Frantzke\",\"image\":{\"@type\":\"ImageObject\",\"inLanguage\":\"de\",\"@id\":\"https:\\\/\\\/secure.gravatar.com\\\/avatar\\\/0deb16854ca545cd2e9fc8001ca110d262b80d5c8317b38dc542265fbea0ed19?s=96&d=mm&r=g\",\"url\":\"https:\\\/\\\/secure.gravatar.com\\\/avatar\\\/0deb16854ca545cd2e9fc8001ca110d262b80d5c8317b38dc542265fbea0ed19?s=96&d=mm&r=g\",\"contentUrl\":\"https:\\\/\\\/secure.gravatar.com\\\/avatar\\\/0deb16854ca545cd2e9fc8001ca110d262b80d5c8317b38dc542265fbea0ed19?s=96&d=mm&r=g\",\"caption\":\"Mona Kakoschke Frantzke\"},\"url\":false}]}<\/script>\n<!-- \/ Yoast SEO plugin. -->","yoast_head_json":{"title":"Hilf mit beim Fr\u00fchjahrsputz - Martin Luther Evangelische Kirche Toronto","robots":{"index":"index","follow":"follow","max-snippet":"max-snippet:-1","max-image-preview":"max-image-preview:large","max-video-preview":"max-video-preview:-1"},"canonical":"https:\/\/martinluther.ca\/de\/2016\/04\/hilf-mit-beim-fruehjahrsputz\/","og_locale":"de_DE","og_type":"article","og_title":"Hilf mit beim Fr\u00fchjahrsputz - Martin Luther Evangelische Kirche Toronto","og_description":"Wir bereiten das Camp Lutherlyn (29. und 30. April) und die Martin Luther Kirche (14. Mai) f\u00fcr den Sommer vor. Fr\u00fchjahrsputz in Camp Lutherlyn &#8211; 29. bis 30. April Am 29. April (Freitagabend) fahren wir mit einer Gruppe Freiwilliger ins Camp Lutherlyn, um am Samstag30. April beim Fr\u00fchjahrsputz zu helfen. Von Holzspalten \u00fcber Reparaturarbeiten bis&hellip;","og_url":"https:\/\/martinluther.ca\/de\/2016\/04\/hilf-mit-beim-fruehjahrsputz\/","og_site_name":"Martin Luther Evangelische Kirche Toronto","article_publisher":"https:\/\/www.facebook.com\/martinlutherchurchtoronto","article_published_time":"2016-04-24T20:02:36+00:00","article_modified_time":"2016-04-25T02:12:05+00:00","og_image":[{"width":1024,"height":768,"url":"https:\/\/martinluther.ca\/wp-content\/uploads\/2016\/04\/2015-Spring-Cleaning-Camp-Lutherlyn-03.jpg","type":"image\/jpeg"}],"author":"Mona Kakoschke Frantzke","twitter_card":"summary_large_image","twitter_misc":{"Verfasst von":"Mona Kakoschke Frantzke","Gesch\u00e4tzte Lesezeit":"1\u00a0Minute"},"schema":{"@context":"https:\/\/schema.org","@graph":[{"@type":"Article","@id":"https:\/\/martinluther.ca\/de\/2016\/04\/hilf-mit-beim-fruehjahrsputz\/#article","isPartOf":{"@id":"https:\/\/martinluther.ca\/de\/2016\/04\/hilf-mit-beim-fruehjahrsputz\/"},"author":{"name":"Mona Kakoschke Frantzke","@id":"https:\/\/martinluther.ca\/de\/#\/schema\/person\/815c51710f70b050f0476f18da6b0c8f"},"headline":"Hilf mit beim Fr\u00fchjahrsputz","datePublished":"2016-04-24T20:02:36+00:00","dateModified":"2016-04-25T02:12:05+00:00","mainEntityOfPage":{"@id":"https:\/\/martinluther.ca\/de\/2016\/04\/hilf-mit-beim-fruehjahrsputz\/"},"wordCount":173,"publisher":{"@id":"https:\/\/martinluther.ca\/de\/#organization"},"image":{"@id":"https:\/\/martinluther.ca\/de\/2016\/04\/hilf-mit-beim-fruehjahrsputz\/#primaryimage"},"thumbnailUrl":"https:\/\/martinluther.ca\/wp-content\/uploads\/2016\/04\/2015-Spring-Cleaning-Camp-Lutherlyn-03.jpg","articleSection":["News Blog - German"],"inLanguage":"de"},{"@type":"WebPage","@id":"https:\/\/martinluther.ca\/de\/2016\/04\/hilf-mit-beim-fruehjahrsputz\/","url":"https:\/\/martinluther.ca\/de\/2016\/04\/hilf-mit-beim-fruehjahrsputz\/","name":"Hilf mit beim Fr\u00fchjahrsputz - Martin Luther Evangelische Kirche Toronto","isPartOf":{"@id":"https:\/\/martinluther.ca\/de\/#website"},"primaryImageOfPage":{"@id":"https:\/\/martinluther.ca\/de\/2016\/04\/hilf-mit-beim-fruehjahrsputz\/#primaryimage"},"image":{"@id":"https:\/\/martinluther.ca\/de\/2016\/04\/hilf-mit-beim-fruehjahrsputz\/#primaryimage"},"thumbnailUrl":"https:\/\/martinluther.ca\/wp-content\/uploads\/2016\/04\/2015-Spring-Cleaning-Camp-Lutherlyn-03.jpg","datePublished":"2016-04-24T20:02:36+00:00","dateModified":"2016-04-25T02:12:05+00:00","breadcrumb":{"@id":"https:\/\/martinluther.ca\/de\/2016\/04\/hilf-mit-beim-fruehjahrsputz\/#breadcrumb"},"inLanguage":"de","potentialAction":[{"@type":"ReadAction","target":["https:\/\/martinluther.ca\/de\/2016\/04\/hilf-mit-beim-fruehjahrsputz\/"]}]},{"@type":"ImageObject","inLanguage":"de","@id":"https:\/\/martinluther.ca\/de\/2016\/04\/hilf-mit-beim-fruehjahrsputz\/#primaryimage","url":"https:\/\/martinluther.ca\/wp-content\/uploads\/2016\/04\/2015-Spring-Cleaning-Camp-Lutherlyn-03.jpg","contentUrl":"https:\/\/martinluther.ca\/wp-content\/uploads\/2016\/04\/2015-Spring-Cleaning-Camp-Lutherlyn-03.jpg","width":1024,"height":768,"caption":"2015 spring cleaning at Camp Lutherlyn"},{"@type":"BreadcrumbList","@id":"https:\/\/martinluther.ca\/de\/2016\/04\/hilf-mit-beim-fruehjahrsputz\/#breadcrumb","itemListElement":[{"@type":"ListItem","position":1,"name":"Home","item":"https:\/\/martinluther.ca\/de\/"},{"@type":"ListItem","position":2,"name":"Hilf mit beim Fr\u00fchjahrsputz"}]},{"@type":"WebSite","@id":"https:\/\/martinluther.ca\/de\/#website","url":"https:\/\/martinluther.ca\/de\/","name":"Martin Luther Evangelical Church Toronto","description":"Deutsch &amp; Englisch","publisher":{"@id":"https:\/\/martinluther.ca\/de\/#organization"},"potentialAction":[{"@type":"SearchAction","target":{"@type":"EntryPoint","urlTemplate":"https:\/\/martinluther.ca\/de\/?s={search_term_string}"},"query-input":{"@type":"PropertyValueSpecification","valueRequired":true,"valueName":"search_term_string"}}],"inLanguage":"de"},{"@type":"Organization","@id":"https:\/\/martinluther.ca\/de\/#organization","name":"Martin Luther Evangelical Church Toronto","url":"https:\/\/martinluther.ca\/de\/","logo":{"@type":"ImageObject","inLanguage":"de","@id":"https:\/\/martinluther.ca\/de\/#\/schema\/logo\/image\/","url":"https:\/\/martinluther.ca\/wp-content\/uploads\/2016\/12\/ml-logo-300.png","contentUrl":"https:\/\/martinluther.ca\/wp-content\/uploads\/2016\/12\/ml-logo-300.png","width":300,"height":150,"caption":"Martin Luther Evangelical Church Toronto"},"image":{"@id":"https:\/\/martinluther.ca\/de\/#\/schema\/logo\/image\/"},"sameAs":["https:\/\/www.facebook.com\/martinlutherchurchtoronto","https:\/\/www.instagram.com\/lutheransbythelake\/","https:\/\/www.youtube.com\/MartinLutherChurchToronto"]},{"@type":"Person","@id":"https:\/\/martinluther.ca\/de\/#\/schema\/person\/815c51710f70b050f0476f18da6b0c8f","name":"Mona Kakoschke Frantzke","image":{"@type":"ImageObject","inLanguage":"de","@id":"https:\/\/secure.gravatar.com\/avatar\/0deb16854ca545cd2e9fc8001ca110d262b80d5c8317b38dc542265fbea0ed19?s=96&d=mm&r=g","url":"https:\/\/secure.gravatar.com\/avatar\/0deb16854ca545cd2e9fc8001ca110d262b80d5c8317b38dc542265fbea0ed19?s=96&d=mm&r=g","contentUrl":"https:\/\/secure.gravatar.com\/avatar\/0deb16854ca545cd2e9fc8001ca110d262b80d5c8317b38dc542265fbea0ed19?s=96&d=mm&r=g","caption":"Mona Kakoschke Frantzke"},"url":false}]}},"_links":{"self":[{"href":"https:\/\/martinluther.ca\/de\/wp-json\/wp\/v2\/posts\/24075","targetHints":{"allow":["GET"]}}],"collection":[{"href":"https:\/\/martinluther.ca\/de\/wp-json\/wp\/v2\/posts"}],"about":[{"href":"https:\/\/martinluther.ca\/de\/wp-json\/wp\/v2\/types\/post"}],"author":[{"embeddable":true,"href":"https:\/\/martinluther.ca\/de\/wp-json\/wp\/v2\/users\/9"}],"replies":[{"embeddable":true,"href":"https:\/\/martinluther.ca\/de\/wp-json\/wp\/v2\/comments?post=24075"}],"version-history":[{"count":8,"href":"https:\/\/martinluther.ca\/de\/wp-json\/wp\/v2\/posts\/24075\/revisions"}],"predecessor-version":[{"id":24119,"href":"https:\/\/martinluther.ca\/de\/wp-json\/wp\/v2\/posts\/24075\/revisions\/24119"}],"wp:featuredmedia":[{"embeddable":true,"href":"https:\/\/martinluther.ca\/de\/wp-json\/wp\/v2\/media\/24060"}],"wp:attachment":[{"href":"https:\/\/martinluther.ca\/de\/wp-json\/wp\/v2\/media?parent=24075"}],"wp:term":[{"taxonomy":"category","embeddable":true,"href":"https:\/\/martinluther.ca\/de\/wp-json\/wp\/v2\/categories?post=24075"},{"taxonomy":"post_tag","embeddable":true,"href":"https:\/\/martinluther.ca\/de\/wp-json\/wp\/v2\/tags?post=24075"},{"taxonomy":"post_series","embeddable":true,"href":"https:\/\/martinluther.ca\/de\/wp-json\/wp\/v2\/post_series?post=24075"}],"curies":[{"name":"wp","href":"https:\/\/api.w.org\/{rel}","templated":true}]}}