{"id":24193,"date":"2016-05-06T19:22:26","date_gmt":"2016-05-06T23:22:26","guid":{"rendered":"https:\/\/martinluther.ca\/de\/?p=24193"},"modified":"2016-05-17T10:16:02","modified_gmt":"2016-05-17T14:16:02","slug":"flaechenbrand-spendenaufruf-fuer-fort-mcmurray","status":"publish","type":"post","link":"https:\/\/martinluther.ca\/de\/2016\/05\/flaechenbrand-spendenaufruf-fuer-fort-mcmurray\/","title":{"rendered":"Fl\u00e4chenbrand: Spendenaufruf f\u00fcr Fort McMurray"},"content":{"rendered":"<p><a href=\"https:\/\/martinluther.ca\/wp-content\/uploads\/2016\/05\/Fort-Mac7.png\"><img loading=\"lazy\" decoding=\"async\" class=\" size-medium wp-image-24190 alignright\" src=\"https:\/\/martinluther.ca\/wp-content\/uploads\/2016\/05\/Fort-Mac7-300x169.png\" alt=\"Fort Mac\" width=\"300\" height=\"169\" srcset=\"https:\/\/martinluther.ca\/wp-content\/uploads\/2016\/05\/Fort-Mac7-300x169.png 300w, https:\/\/martinluther.ca\/wp-content\/uploads\/2016\/05\/Fort-Mac7.png 1024w, https:\/\/martinluther.ca\/wp-content\/uploads\/2016\/05\/Fort-Mac7-680x380.png 680w\" sizes=\"auto, (max-width: 300px) 100vw, 300px\" \/><\/a>Die Evangelisch-Lutherische Kirche in Kanada (ELIC), die Lutherische Kirche Kanada (LCC) und Canadian Lutheran World Relief (CLWR) haben zu Gebeten und finanzieller Unterst\u00fctzung f\u00fcr alle die jenigen aufgerufen, die vom Fl\u00e4chenbrand betroffen sind.<\/p>\n<p>Weitere Informationen hierzu finden Sie hier: <a href=\"http:\/\/clwr.donorshops.com\/product\/78BA79A\/fortmcmurraywildfirerelief.php\" target=\"_blank\">Canadian Lutheran World Relief<\/a><\/p>\n<p><a href=\"http:\/\/campaign.r20.constantcontact.com\/render?m=1122821552310&amp;ca=11ce5e76-2396-4383-acc7-e355d698c390\" target=\"_blank\">CLWR Update, 12. Mai<\/a><\/p>\n","protected":false},"excerpt":{"rendered":"<p>Die Evangelisch-Lutherische Kirche in Kanada (ELIC), die Lutherische Kirche Kanada (LCC) und Canadian Lutheran World Relief (CLWR) haben zu Gebeten und finanzieller Unterst\u00fctzung f\u00fcr alle die jenigen aufgerufen, die vom Fl\u00e4chenbrand betroffen sind. Weitere Informationen hierzu finden Sie hier: Canadian Lutheran World Relief CLWR Update, 12. Mai<\/p>\n","protected":false},"author":8,"featured_media":24190,"comment_status":"closed","ping_status":"closed","sticky":false,"template":"","format":"standard","meta":{"footnotes":""},"categories":[69],"tags":[],"post_series":[],"class_list":["post-24193","post","type-post","status-publish","format-standard","has-post-thumbnail","hentry","category-news-blog-german","entry","has-media"],"yoast_head":"<!-- This site is optimized with the Yoast SEO plugin v27.5 - https:\/\/yoast.com\/product\/yoast-seo-wordpress\/ -->\n<title>Fl\u00e4chenbrand: Spendenaufruf f\u00fcr Fort McMurray - Martin Luther Evangelische Kirche Toronto<\/title>\n<meta name=\"robots\" content=\"index, follow, max-snippet:-1, max-image-preview:large, max-video-preview:-1\" \/>\n<link rel=\"canonical\" href=\"https:\/\/martinluther.ca\/2016\/05\/fort-mcmurray-wildfire-appeal\/\" \/>\n<meta property=\"og:locale\" content=\"de_DE\" \/>\n<meta property=\"og:type\" content=\"article\" \/>\n<meta property=\"og:title\" content=\"Fl\u00e4chenbrand: Spendenaufruf f\u00fcr Fort McMurray - Martin Luther Evangelische Kirche Toronto\" \/>\n<meta property=\"og:description\" content=\"Die Evangelisch-Lutherische Kirche in Kanada (ELIC), die Lutherische Kirche Kanada (LCC) und Canadian Lutheran World Relief (CLWR) haben zu Gebeten und finanzieller Unterst\u00fctzung f\u00fcr alle die jenigen aufgerufen, die vom Fl\u00e4chenbrand betroffen sind. Weitere Informationen hierzu finden Sie hier: Canadian Lutheran World Relief CLWR Update, 12. Mai\" \/>\n<meta property=\"og:url\" content=\"https:\/\/martinluther.ca\/2016\/05\/fort-mcmurray-wildfire-appeal\/\" \/>\n<meta property=\"og:site_name\" content=\"Martin Luther Evangelische Kirche Toronto\" \/>\n<meta property=\"article:publisher\" content=\"https:\/\/www.facebook.com\/martinlutherchurchtoronto\" \/>\n<meta property=\"article:published_time\" content=\"2016-05-06T23:22:26+00:00\" \/>\n<meta property=\"article:modified_time\" content=\"2016-05-17T14:16:02+00:00\" \/>\n<meta property=\"og:image\" content=\"https:\/\/martinluther.ca\/wp-content\/uploads\/2016\/05\/Fort-Mac7.png\" \/>\n\t<meta property=\"og:image:width\" content=\"1024\" \/>\n\t<meta property=\"og:image:height\" content=\"576\" \/>\n\t<meta property=\"og:image:type\" content=\"image\/png\" \/>\n<meta name=\"author\" content=\"Marlena Muller\" \/>\n<meta name=\"twitter:card\" content=\"summary_large_image\" \/>\n<meta name=\"twitter:label1\" content=\"Verfasst von\" \/>\n\t<meta name=\"twitter:data1\" content=\"Marlena Muller\" \/>\n<script type=\"application\/ld+json\" class=\"yoast-schema-graph\">{\"@context\":\"https:\\\/\\\/schema.org\",\"@graph\":[{\"@type\":\"Article\",\"@id\":\"https:\\\/\\\/martinluther.ca\\\/2016\\\/05\\\/fort-mcmurray-wildfire-appeal\\\/#article\",\"isPartOf\":{\"@id\":\"https:\\\/\\\/martinluther.ca\\\/2016\\\/05\\\/fort-mcmurray-wildfire-appeal\\\/\"},\"author\":{\"name\":\"Marlena Muller\",\"@id\":\"https:\\\/\\\/martinluther.ca\\\/de\\\/#\\\/schema\\\/person\\\/ef4e825f5d9d6fd740bbd7813710e15d\"},\"headline\":\"Fl\u00e4chenbrand: Spendenaufruf f\u00fcr Fort McMurray\",\"datePublished\":\"2016-05-06T23:22:26+00:00\",\"dateModified\":\"2016-05-17T14:16:02+00:00\",\"mainEntityOfPage\":{\"@id\":\"https:\\\/\\\/martinluther.ca\\\/2016\\\/05\\\/fort-mcmurray-wildfire-appeal\\\/\"},\"wordCount\":56,\"publisher\":{\"@id\":\"https:\\\/\\\/martinluther.ca\\\/de\\\/#organization\"},\"image\":{\"@id\":\"https:\\\/\\\/martinluther.ca\\\/2016\\\/05\\\/fort-mcmurray-wildfire-appeal\\\/#primaryimage\"},\"thumbnailUrl\":\"https:\\\/\\\/martinluther.ca\\\/wp-content\\\/uploads\\\/2016\\\/05\\\/Fort-Mac7.png\",\"articleSection\":[\"News Blog - German\"],\"inLanguage\":\"de\"},{\"@type\":\"WebPage\",\"@id\":\"https:\\\/\\\/martinluther.ca\\\/2016\\\/05\\\/fort-mcmurray-wildfire-appeal\\\/\",\"url\":\"https:\\\/\\\/martinluther.ca\\\/2016\\\/05\\\/fort-mcmurray-wildfire-appeal\\\/\",\"name\":\"Fl\u00e4chenbrand: Spendenaufruf f\u00fcr Fort McMurray - Martin Luther Evangelische Kirche Toronto\",\"isPartOf\":{\"@id\":\"https:\\\/\\\/martinluther.ca\\\/de\\\/#website\"},\"primaryImageOfPage\":{\"@id\":\"https:\\\/\\\/martinluther.ca\\\/2016\\\/05\\\/fort-mcmurray-wildfire-appeal\\\/#primaryimage\"},\"image\":{\"@id\":\"https:\\\/\\\/martinluther.ca\\\/2016\\\/05\\\/fort-mcmurray-wildfire-appeal\\\/#primaryimage\"},\"thumbnailUrl\":\"https:\\\/\\\/martinluther.ca\\\/wp-content\\\/uploads\\\/2016\\\/05\\\/Fort-Mac7.png\",\"datePublished\":\"2016-05-06T23:22:26+00:00\",\"dateModified\":\"2016-05-17T14:16:02+00:00\",\"breadcrumb\":{\"@id\":\"https:\\\/\\\/martinluther.ca\\\/2016\\\/05\\\/fort-mcmurray-wildfire-appeal\\\/#breadcrumb\"},\"inLanguage\":\"de\",\"potentialAction\":[{\"@type\":\"ReadAction\",\"target\":[\"https:\\\/\\\/martinluther.ca\\\/2016\\\/05\\\/fort-mcmurray-wildfire-appeal\\\/\"]}]},{\"@type\":\"ImageObject\",\"inLanguage\":\"de\",\"@id\":\"https:\\\/\\\/martinluther.ca\\\/2016\\\/05\\\/fort-mcmurray-wildfire-appeal\\\/#primaryimage\",\"url\":\"https:\\\/\\\/martinluther.ca\\\/wp-content\\\/uploads\\\/2016\\\/05\\\/Fort-Mac7.png\",\"contentUrl\":\"https:\\\/\\\/martinluther.ca\\\/wp-content\\\/uploads\\\/2016\\\/05\\\/Fort-Mac7.png\",\"width\":1024,\"height\":576},{\"@type\":\"BreadcrumbList\",\"@id\":\"https:\\\/\\\/martinluther.ca\\\/2016\\\/05\\\/fort-mcmurray-wildfire-appeal\\\/#breadcrumb\",\"itemListElement\":[{\"@type\":\"ListItem\",\"position\":1,\"name\":\"Home\",\"item\":\"https:\\\/\\\/martinluther.ca\\\/de\\\/\"},{\"@type\":\"ListItem\",\"position\":2,\"name\":\"Fl\u00e4chenbrand: Spendenaufruf f\u00fcr Fort McMurray\"}]},{\"@type\":\"WebSite\",\"@id\":\"https:\\\/\\\/martinluther.ca\\\/de\\\/#website\",\"url\":\"https:\\\/\\\/martinluther.ca\\\/de\\\/\",\"name\":\"Martin Luther Evangelical Church Toronto\",\"description\":\"Deutsch &amp; Englisch\",\"publisher\":{\"@id\":\"https:\\\/\\\/martinluther.ca\\\/de\\\/#organization\"},\"potentialAction\":[{\"@type\":\"SearchAction\",\"target\":{\"@type\":\"EntryPoint\",\"urlTemplate\":\"https:\\\/\\\/martinluther.ca\\\/de\\\/?s={search_term_string}\"},\"query-input\":{\"@type\":\"PropertyValueSpecification\",\"valueRequired\":true,\"valueName\":\"search_term_string\"}}],\"inLanguage\":\"de\"},{\"@type\":\"Organization\",\"@id\":\"https:\\\/\\\/martinluther.ca\\\/de\\\/#organization\",\"name\":\"Martin Luther Evangelical Church Toronto\",\"url\":\"https:\\\/\\\/martinluther.ca\\\/de\\\/\",\"logo\":{\"@type\":\"ImageObject\",\"inLanguage\":\"de\",\"@id\":\"https:\\\/\\\/martinluther.ca\\\/de\\\/#\\\/schema\\\/logo\\\/image\\\/\",\"url\":\"https:\\\/\\\/martinluther.ca\\\/wp-content\\\/uploads\\\/2016\\\/12\\\/ml-logo-300.png\",\"contentUrl\":\"https:\\\/\\\/martinluther.ca\\\/wp-content\\\/uploads\\\/2016\\\/12\\\/ml-logo-300.png\",\"width\":300,\"height\":150,\"caption\":\"Martin Luther Evangelical Church Toronto\"},\"image\":{\"@id\":\"https:\\\/\\\/martinluther.ca\\\/de\\\/#\\\/schema\\\/logo\\\/image\\\/\"},\"sameAs\":[\"https:\\\/\\\/www.facebook.com\\\/martinlutherchurchtoronto\",\"https:\\\/\\\/www.instagram.com\\\/lutheransbythelake\\\/\",\"https:\\\/\\\/www.youtube.com\\\/MartinLutherChurchToronto\"]},{\"@type\":\"Person\",\"@id\":\"https:\\\/\\\/martinluther.ca\\\/de\\\/#\\\/schema\\\/person\\\/ef4e825f5d9d6fd740bbd7813710e15d\",\"name\":\"Marlena Muller\",\"image\":{\"@type\":\"ImageObject\",\"inLanguage\":\"de\",\"@id\":\"https:\\\/\\\/secure.gravatar.com\\\/avatar\\\/fe840ff753768b839caa2dd522d4797f19f7e22fa2da83388e0fbfc570b65a37?s=96&d=mm&r=g\",\"url\":\"https:\\\/\\\/secure.gravatar.com\\\/avatar\\\/fe840ff753768b839caa2dd522d4797f19f7e22fa2da83388e0fbfc570b65a37?s=96&d=mm&r=g\",\"contentUrl\":\"https:\\\/\\\/secure.gravatar.com\\\/avatar\\\/fe840ff753768b839caa2dd522d4797f19f7e22fa2da83388e0fbfc570b65a37?s=96&d=mm&r=g\",\"caption\":\"Marlena Muller\"},\"url\":false}]}<\/script>\n<!-- \/ Yoast SEO plugin. -->","yoast_head_json":{"title":"Fl\u00e4chenbrand: Spendenaufruf f\u00fcr Fort McMurray - Martin Luther Evangelische Kirche Toronto","robots":{"index":"index","follow":"follow","max-snippet":"max-snippet:-1","max-image-preview":"max-image-preview:large","max-video-preview":"max-video-preview:-1"},"canonical":"https:\/\/martinluther.ca\/2016\/05\/fort-mcmurray-wildfire-appeal\/","og_locale":"de_DE","og_type":"article","og_title":"Fl\u00e4chenbrand: Spendenaufruf f\u00fcr Fort McMurray - Martin Luther Evangelische Kirche Toronto","og_description":"Die Evangelisch-Lutherische Kirche in Kanada (ELIC), die Lutherische Kirche Kanada (LCC) und Canadian Lutheran World Relief (CLWR) haben zu Gebeten und finanzieller Unterst\u00fctzung f\u00fcr alle die jenigen aufgerufen, die vom Fl\u00e4chenbrand betroffen sind. Weitere Informationen hierzu finden Sie hier: Canadian Lutheran World Relief CLWR Update, 12. Mai","og_url":"https:\/\/martinluther.ca\/2016\/05\/fort-mcmurray-wildfire-appeal\/","og_site_name":"Martin Luther Evangelische Kirche Toronto","article_publisher":"https:\/\/www.facebook.com\/martinlutherchurchtoronto","article_published_time":"2016-05-06T23:22:26+00:00","article_modified_time":"2016-05-17T14:16:02+00:00","og_image":[{"width":1024,"height":576,"url":"https:\/\/martinluther.ca\/wp-content\/uploads\/2016\/05\/Fort-Mac7.png","type":"image\/png"}],"author":"Marlena Muller","twitter_card":"summary_large_image","twitter_misc":{"Verfasst von":"Marlena Muller"},"schema":{"@context":"https:\/\/schema.org","@graph":[{"@type":"Article","@id":"https:\/\/martinluther.ca\/2016\/05\/fort-mcmurray-wildfire-appeal\/#article","isPartOf":{"@id":"https:\/\/martinluther.ca\/2016\/05\/fort-mcmurray-wildfire-appeal\/"},"author":{"name":"Marlena Muller","@id":"https:\/\/martinluther.ca\/de\/#\/schema\/person\/ef4e825f5d9d6fd740bbd7813710e15d"},"headline":"Fl\u00e4chenbrand: Spendenaufruf f\u00fcr Fort McMurray","datePublished":"2016-05-06T23:22:26+00:00","dateModified":"2016-05-17T14:16:02+00:00","mainEntityOfPage":{"@id":"https:\/\/martinluther.ca\/2016\/05\/fort-mcmurray-wildfire-appeal\/"},"wordCount":56,"publisher":{"@id":"https:\/\/martinluther.ca\/de\/#organization"},"image":{"@id":"https:\/\/martinluther.ca\/2016\/05\/fort-mcmurray-wildfire-appeal\/#primaryimage"},"thumbnailUrl":"https:\/\/martinluther.ca\/wp-content\/uploads\/2016\/05\/Fort-Mac7.png","articleSection":["News Blog - German"],"inLanguage":"de"},{"@type":"WebPage","@id":"https:\/\/martinluther.ca\/2016\/05\/fort-mcmurray-wildfire-appeal\/","url":"https:\/\/martinluther.ca\/2016\/05\/fort-mcmurray-wildfire-appeal\/","name":"Fl\u00e4chenbrand: Spendenaufruf f\u00fcr Fort McMurray - Martin Luther Evangelische Kirche Toronto","isPartOf":{"@id":"https:\/\/martinluther.ca\/de\/#website"},"primaryImageOfPage":{"@id":"https:\/\/martinluther.ca\/2016\/05\/fort-mcmurray-wildfire-appeal\/#primaryimage"},"image":{"@id":"https:\/\/martinluther.ca\/2016\/05\/fort-mcmurray-wildfire-appeal\/#primaryimage"},"thumbnailUrl":"https:\/\/martinluther.ca\/wp-content\/uploads\/2016\/05\/Fort-Mac7.png","datePublished":"2016-05-06T23:22:26+00:00","dateModified":"2016-05-17T14:16:02+00:00","breadcrumb":{"@id":"https:\/\/martinluther.ca\/2016\/05\/fort-mcmurray-wildfire-appeal\/#breadcrumb"},"inLanguage":"de","potentialAction":[{"@type":"ReadAction","target":["https:\/\/martinluther.ca\/2016\/05\/fort-mcmurray-wildfire-appeal\/"]}]},{"@type":"ImageObject","inLanguage":"de","@id":"https:\/\/martinluther.ca\/2016\/05\/fort-mcmurray-wildfire-appeal\/#primaryimage","url":"https:\/\/martinluther.ca\/wp-content\/uploads\/2016\/05\/Fort-Mac7.png","contentUrl":"https:\/\/martinluther.ca\/wp-content\/uploads\/2016\/05\/Fort-Mac7.png","width":1024,"height":576},{"@type":"BreadcrumbList","@id":"https:\/\/martinluther.ca\/2016\/05\/fort-mcmurray-wildfire-appeal\/#breadcrumb","itemListElement":[{"@type":"ListItem","position":1,"name":"Home","item":"https:\/\/martinluther.ca\/de\/"},{"@type":"ListItem","position":2,"name":"Fl\u00e4chenbrand: Spendenaufruf f\u00fcr Fort McMurray"}]},{"@type":"WebSite","@id":"https:\/\/martinluther.ca\/de\/#website","url":"https:\/\/martinluther.ca\/de\/","name":"Martin Luther Evangelical Church Toronto","description":"Deutsch &amp; Englisch","publisher":{"@id":"https:\/\/martinluther.ca\/de\/#organization"},"potentialAction":[{"@type":"SearchAction","target":{"@type":"EntryPoint","urlTemplate":"https:\/\/martinluther.ca\/de\/?s={search_term_string}"},"query-input":{"@type":"PropertyValueSpecification","valueRequired":true,"valueName":"search_term_string"}}],"inLanguage":"de"},{"@type":"Organization","@id":"https:\/\/martinluther.ca\/de\/#organization","name":"Martin Luther Evangelical Church Toronto","url":"https:\/\/martinluther.ca\/de\/","logo":{"@type":"ImageObject","inLanguage":"de","@id":"https:\/\/martinluther.ca\/de\/#\/schema\/logo\/image\/","url":"https:\/\/martinluther.ca\/wp-content\/uploads\/2016\/12\/ml-logo-300.png","contentUrl":"https:\/\/martinluther.ca\/wp-content\/uploads\/2016\/12\/ml-logo-300.png","width":300,"height":150,"caption":"Martin Luther Evangelical Church Toronto"},"image":{"@id":"https:\/\/martinluther.ca\/de\/#\/schema\/logo\/image\/"},"sameAs":["https:\/\/www.facebook.com\/martinlutherchurchtoronto","https:\/\/www.instagram.com\/lutheransbythelake\/","https:\/\/www.youtube.com\/MartinLutherChurchToronto"]},{"@type":"Person","@id":"https:\/\/martinluther.ca\/de\/#\/schema\/person\/ef4e825f5d9d6fd740bbd7813710e15d","name":"Marlena Muller","image":{"@type":"ImageObject","inLanguage":"de","@id":"https:\/\/secure.gravatar.com\/avatar\/fe840ff753768b839caa2dd522d4797f19f7e22fa2da83388e0fbfc570b65a37?s=96&d=mm&r=g","url":"https:\/\/secure.gravatar.com\/avatar\/fe840ff753768b839caa2dd522d4797f19f7e22fa2da83388e0fbfc570b65a37?s=96&d=mm&r=g","contentUrl":"https:\/\/secure.gravatar.com\/avatar\/fe840ff753768b839caa2dd522d4797f19f7e22fa2da83388e0fbfc570b65a37?s=96&d=mm&r=g","caption":"Marlena Muller"},"url":false}]}},"_links":{"self":[{"href":"https:\/\/martinluther.ca\/de\/wp-json\/wp\/v2\/posts\/24193","targetHints":{"allow":["GET"]}}],"collection":[{"href":"https:\/\/martinluther.ca\/de\/wp-json\/wp\/v2\/posts"}],"about":[{"href":"https:\/\/martinluther.ca\/de\/wp-json\/wp\/v2\/types\/post"}],"author":[{"embeddable":true,"href":"https:\/\/martinluther.ca\/de\/wp-json\/wp\/v2\/users\/8"}],"replies":[{"embeddable":true,"href":"https:\/\/martinluther.ca\/de\/wp-json\/wp\/v2\/comments?post=24193"}],"version-history":[{"count":4,"href":"https:\/\/martinluther.ca\/de\/wp-json\/wp\/v2\/posts\/24193\/revisions"}],"predecessor-version":[{"id":24254,"href":"https:\/\/martinluther.ca\/de\/wp-json\/wp\/v2\/posts\/24193\/revisions\/24254"}],"wp:featuredmedia":[{"embeddable":true,"href":"https:\/\/martinluther.ca\/de\/wp-json\/wp\/v2\/media\/24190"}],"wp:attachment":[{"href":"https:\/\/martinluther.ca\/de\/wp-json\/wp\/v2\/media?parent=24193"}],"wp:term":[{"taxonomy":"category","embeddable":true,"href":"https:\/\/martinluther.ca\/de\/wp-json\/wp\/v2\/categories?post=24193"},{"taxonomy":"post_tag","embeddable":true,"href":"https:\/\/martinluther.ca\/de\/wp-json\/wp\/v2\/tags?post=24193"},{"taxonomy":"post_series","embeddable":true,"href":"https:\/\/martinluther.ca\/de\/wp-json\/wp\/v2\/post_series?post=24193"}],"curies":[{"name":"wp","href":"https:\/\/api.w.org\/{rel}","templated":true}]}}