{"id":24392,"date":"2016-07-01T12:43:15","date_gmt":"2016-07-01T16:43:15","guid":{"rendered":"https:\/\/martinluther.ca\/de\/?p=24392"},"modified":"2016-08-19T15:47:58","modified_gmt":"2016-08-19T19:47:58","slug":"sommer-gottesdienste-2016","status":"publish","type":"post","link":"https:\/\/martinluther.ca\/de\/2016\/07\/sommer-gottesdienste-2016\/","title":{"rendered":"Gottesdienstplan Sommer 2016 und Abschied von Diakonin Hilke"},"content":{"rendered":"<figure id=\"attachment_24401\" aria-describedby=\"caption-attachment-24401\" style=\"width: 254px\" class=\"wp-caption alignright\"><img loading=\"lazy\" decoding=\"async\" class=\"size-medium wp-image-24401\" src=\"https:\/\/martinluther.ca\/wp-content\/uploads\/2016\/07\/2016-Summer-ScheduleE-254x300.jpg\" alt=\"2016 Summer Schedule of Worship Services\" width=\"254\" height=\"300\" srcset=\"https:\/\/martinluther.ca\/wp-content\/uploads\/2016\/07\/2016-Summer-ScheduleE-254x300.jpg 254w, https:\/\/martinluther.ca\/wp-content\/uploads\/2016\/07\/2016-Summer-ScheduleE.jpg 448w\" sizes=\"auto, (max-width: 254px) 100vw, 254px\" \/><figcaption id=\"caption-attachment-24401\" class=\"wp-caption-text\">2016 Summer Schedule of Worship Services<\/figcaption><\/figure>\n<p><strong>Familie Ceconi wird vom 30. Juni bis zum 5. August nach Deutschland reisen.<\/strong> Darum werden die englischen und deutschen Gottesdienste am 3. und 10. Juli von <strong>Diakonin Hilke Troff<\/strong> geleitet. Sie wird au\u00dferdem f\u00fcr seelsorgliche Anliegen zur Verf\u00fcgung stehen (erreichbar unter Telefon 905-717-5937).<\/p>\n<p>Bei Trauerf\u00e4llen ist vom 30. Juni bis 14. Juli P<strong>astor Sebastian Meadows-Helmer<\/strong> (Christ the King Dietrich Bonhoeffer Kirche) zust\u00e4ndig (erreichbar unter Telefon 905-889-0873).<\/p>\n<p>Ab 15. Juli vertritt <strong>Pastor Dr. Gerhard Hille<\/strong> bis zur R\u00fcckkehr von Pastor Ceconi am 5. August. Er ist f\u00fcr Gottesdienste und alle anderen pastoralen Anliegen Ihr Ansprechpartner und Ihnen allen ja bereits seit langem vertraut. Er ist ebenfalls unter der Telefonnummer 905-717-5937 erreichbar.<\/p>\n<p>Wir werden wieder\u00a0Heligen Abendmahl mit Pastor Ceconi am 14. August feieren. Also\u00a0kein Hl. Abendmahl in den Gottesdiensten in Juli. Wir danken allen Vertreterinnen und Vertretern von Herzen f\u00fcr ihre Unterst\u00fctzung! Mehrere Informationen im <a href=\"https:\/\/martinluther.ca\/wp-content\/uploads\/2016\/05\/JunJul2016MLKGemeindebrief2.pdf\" target=\"_blank\">Gemeindebrief<\/a><\/p>\n<figure id=\"attachment_24594\" aria-describedby=\"caption-attachment-24594\" style=\"width: 285px\" class=\"wp-caption alignright\"><img loading=\"lazy\" decoding=\"async\" class=\"size-medium wp-image-24594\" src=\"https:\/\/martinluther.ca\/wp-content\/uploads\/2016\/08\/2016-Sommer-GDPlan-nach-Camp-285x300.jpg\" alt=\"2016 Gottesdienstplan Ende-Sommer\" width=\"285\" height=\"300\" srcset=\"https:\/\/martinluther.ca\/wp-content\/uploads\/2016\/08\/2016-Sommer-GDPlan-nach-Camp-285x300.jpg 285w, https:\/\/martinluther.ca\/wp-content\/uploads\/2016\/08\/2016-Sommer-GDPlan-nach-Camp.jpg 444w\" sizes=\"auto, (max-width: 285px) 100vw, 285px\" \/><figcaption id=\"caption-attachment-24594\" class=\"wp-caption-text\">2016 Gottesdienstplan Ende-Sommer<\/figcaption><\/figure>\n<p><strong>Gottesdienstplan Ende-Sommer 2016\u00a0<\/strong>(hinzugef\u00fcgt)<br \/>\n21. Aug. 2016 &#8212; 11.00 Uhr Gemeinsamer Gottesdienst mit Pastor Mikelic<br \/>\n28. Aug. 2016 &#8212; 9.45 Uhr Englischer GD 11.00 Uhr Deutscher GD<br \/>\n4. Sept. 2016 &#8212; 9.45 Uhr Englischer GD 11.00 Uhr Deutscher GD mit Pastor Mikelic u mit Kindergottesdienst<br \/>\n11. Sept. 2016 &#8212; 9.45 Uhr Englischer GD 11.00 Uhr Deutscher GD Beide mit Segnung zum Schuljahresbeginn und Hl. Abendmahl<br \/>\n18. Sept. 2016 &#8212; 11:00 am Gemeinsamer Gottesdienst mit Besuch von Pastorin Claudia Ostrarek (EKD) u mit Kindergottesdienst<br \/>\n25. Sept. 2016 &#8212; 9.45 Uhr Englischer GD 11.00 Uhr Deutscher GD<br \/>\n2. Okt. 2016 &#8212; Deutsches Erntedankfest 9.45 Uhr Englischer GD 11.00 Uhr Deutscher GD Beide mit Gemeindechor u mit Kindergottesdienst<br \/>\n9. Okt. 2016 &#8212; Kanad. Erntedankfest 9.45 Uhr Englischer GD 11.00 Uhr Deutscher GD Beide mit Hl. Abendmahl<\/p>\n<p>&nbsp;<\/p>\n<p>&nbsp;<\/p>\n<figure id=\"attachment_24445\" aria-describedby=\"caption-attachment-24445\" style=\"width: 300px\" class=\"wp-caption alignright\"><img loading=\"lazy\" decoding=\"async\" class=\"size-medium wp-image-24445\" src=\"https:\/\/martinluther.ca\/wp-content\/uploads\/2016\/07\/2016-Hilke-Troff7BB-1024-300x225.jpg\" alt=\"2016 Hilke Troff at MLC\" width=\"300\" height=\"225\" srcset=\"https:\/\/martinluther.ca\/wp-content\/uploads\/2016\/07\/2016-Hilke-Troff7BB-1024-300x225.jpg 300w, https:\/\/martinluther.ca\/wp-content\/uploads\/2016\/07\/2016-Hilke-Troff7BB-1024.jpg 1024w\" sizes=\"auto, (max-width: 300px) 100vw, 300px\" \/><figcaption id=\"caption-attachment-24445\" class=\"wp-caption-text\">2016 Hilke Troff at MLC<\/figcaption><\/figure>\n<p><strong>&#8222;<\/strong><strong>Liebe Gemeinde \u201eIt\u00b4s time to say goodbye\u201d<\/strong><br \/>\nVor sechs Wochen kam ich aus Deutschland, um zwei Monate in Ihrer Gemeinde mitzuarbeiten und ihre Mitglieder kennenzulernen. Au\u00dferdem hatten ich beim Campen und anderen Gelegenheiten die M\u00f6glichkeit die geniale Landschaft Kanadas zu erleben.<\/p>\n<p>Kaum zu glauben, die Zeit ist nun fast um, noch ein Gottesdienst, eine Woche Dienst in Camp Lutherlyn und dann hei\u00dft es Abschied nehmen von dieser tollen Stadt und ihren Bewohnern.<\/p>\n<p>Als ich kam wollte ich erfahren wie die Menschen hier leben und sie kennenlernen, dieser Wunsch hat sich mehr als erf\u00fcllt ,ich bin mit offenen Armen empfangen worden und f\u00fchlte mich gleich in die Gemeinschaft aufgenommen. Ich habe sie als gastfreundlich, gro\u00dfz\u00fcgig und offen f\u00fcr neue Menschen erlebt. Diese Erfahrungen und sie als Gemeindeglieder haben dazu beigetragen, dass ich mehr mitnehme als Fotos vom CN-Tower, Geschichten von Menschen, die mich begleiten werden auch in Deutschland. Vielen Dank daf\u00fcr. &#8220;<br \/>\n&#8211; Hilke Troff<\/p>\n<div id=\"gallery-1\" class=\"wpex-gallery wpex-grid wpex-grid-cols-3 wpex-gap-20 wpex-lightbox-group wpex-mb-20\"><figure class=\"gallery-item\"><a href=\"https:\/\/martinluther.ca\/wp-content\/uploads\/2016\/07\/2016-Hilke-Troff-MLC-FrontBB-1024.jpg\" class=\"wpex-lightbox-group-item\" data-caption=\"2016 Hilke Troff\"><img loading=\"lazy\" decoding=\"async\" src=\"https:\/\/martinluther.ca\/wp-content\/uploads\/2016\/07\/2016-Hilke-Troff-MLC-FrontBB-1024-824x1024.jpg\" alt=\"\" srcset=\"https:\/\/martinluther.ca\/wp-content\/uploads\/2016\/07\/2016-Hilke-Troff-MLC-FrontBB-1024-824x1024.jpg 824w, https:\/\/martinluther.ca\/wp-content\/uploads\/2016\/07\/2016-Hilke-Troff-MLC-FrontBB-1024-242x300.jpg 242w, https:\/\/martinluther.ca\/wp-content\/uploads\/2016\/07\/2016-Hilke-Troff-MLC-FrontBB-1024.jpg 1024w\" width=\"824\" height=\"1024\"><\/a><figcaption class=\"gallery-caption wpex-last-mb-0\">2016 Hilke Troff<\/figcaption><\/figure><figure class=\"gallery-item\"><a href=\"https:\/\/martinluther.ca\/wp-content\/uploads\/2016\/07\/2016-Drum-Circle-and-Hilke-1024.jpg\" class=\"wpex-lightbox-group-item\"><img loading=\"lazy\" decoding=\"async\" src=\"https:\/\/martinluther.ca\/wp-content\/uploads\/2016\/07\/2016-Drum-Circle-and-Hilke-1024.jpg\" alt=\"\" srcset=\"https:\/\/martinluther.ca\/wp-content\/uploads\/2016\/07\/2016-Drum-Circle-and-Hilke-1024.jpg 1024w, https:\/\/martinluther.ca\/wp-content\/uploads\/2016\/07\/2016-Drum-Circle-and-Hilke-1024-300x225.jpg 300w\" width=\"1024\" height=\"768\"><\/a><\/figure><figure class=\"gallery-item\"><a href=\"https:\/\/martinluther.ca\/wp-content\/uploads\/2016\/07\/2016-Hilke-Troff-MLCNaveCC-1024.jpg\" class=\"wpex-lightbox-group-item\" data-caption=\"2016 Hilke Troff\"><img loading=\"lazy\" decoding=\"async\" src=\"https:\/\/martinluther.ca\/wp-content\/uploads\/2016\/07\/2016-Hilke-Troff-MLCNaveCC-1024.jpg\" alt=\"\" srcset=\"https:\/\/martinluther.ca\/wp-content\/uploads\/2016\/07\/2016-Hilke-Troff-MLCNaveCC-1024.jpg 1024w, https:\/\/martinluther.ca\/wp-content\/uploads\/2016\/07\/2016-Hilke-Troff-MLCNaveCC-1024-300x225.jpg 300w\" width=\"1024\" height=\"768\"><\/a><figcaption class=\"gallery-caption wpex-last-mb-0\">2016 Hilke Troff<\/figcaption><\/figure><figure class=\"gallery-item\"><a href=\"https:\/\/martinluther.ca\/wp-content\/uploads\/2016\/07\/2016-Hilke-Troff3-1024.jpg\" class=\"wpex-lightbox-group-item\" data-caption=\"2016 Hilke Troff\"><img loading=\"lazy\" decoding=\"async\" src=\"https:\/\/martinluther.ca\/wp-content\/uploads\/2016\/07\/2016-Hilke-Troff3-1024-768x1024.jpg\" alt=\"\" srcset=\"https:\/\/martinluther.ca\/wp-content\/uploads\/2016\/07\/2016-Hilke-Troff3-1024-768x1024.jpg 768w, https:\/\/martinluther.ca\/wp-content\/uploads\/2016\/07\/2016-Hilke-Troff3-1024-225x300.jpg 225w, https:\/\/martinluther.ca\/wp-content\/uploads\/2016\/07\/2016-Hilke-Troff3-1024.jpg 1024w\" width=\"768\" height=\"1024\"><\/a><figcaption class=\"gallery-caption wpex-last-mb-0\">2016 Hilke Troff<\/figcaption><\/figure><figure class=\"gallery-item\"><a href=\"https:\/\/martinluther.ca\/wp-content\/uploads\/2016\/07\/2016-Hilke-Troff-Picnic1-1024.jpg\" class=\"wpex-lightbox-group-item\" data-caption=\"2016 Church Picnic\" data-title=\"2016 Church Picnic\"><img loading=\"lazy\" alt=\"2016 Church Picnic\" decoding=\"async\" src=\"https:\/\/martinluther.ca\/wp-content\/uploads\/2016\/07\/2016-Hilke-Troff-Picnic1-1024.jpg\" srcset=\"https:\/\/martinluther.ca\/wp-content\/uploads\/2016\/07\/2016-Hilke-Troff-Picnic1-1024.jpg 1024w, https:\/\/martinluther.ca\/wp-content\/uploads\/2016\/07\/2016-Hilke-Troff-Picnic1-1024-300x225.jpg 300w\" width=\"1024\" height=\"768\"><\/a><figcaption class=\"gallery-caption wpex-last-mb-0\">2016 Church Picnic<\/figcaption><\/figure><\/div>\n\n","protected":false},"excerpt":{"rendered":"<p>Familie Ceconi wird vom 30. Juni bis zum 5. August nach Deutschland reisen. Darum werden die englischen und deutschen Gottesdienste am 3. und 10. Juli von Diakonin Hilke Troff geleitet. Sie wird au\u00dferdem f\u00fcr seelsorgliche Anliegen zur Verf\u00fcgung stehen (erreichbar unter Telefon 905-717-5937). Bei Trauerf\u00e4llen ist vom 30. Juni bis 14. Juli Pastor Sebastian Meadows-Helmer&hellip;<\/p>\n","protected":false},"author":9,"featured_media":24445,"comment_status":"closed","ping_status":"closed","sticky":false,"template":"","format":"standard","meta":{"footnotes":""},"categories":[69],"tags":[],"post_series":[],"class_list":["post-24392","post","type-post","status-publish","format-standard","has-post-thumbnail","hentry","category-news-blog-german","entry","has-media"],"yoast_head":"<!-- This site is optimized with the Yoast SEO plugin v27.5 - https:\/\/yoast.com\/product\/yoast-seo-wordpress\/ -->\n<title>Gottesdienstplan Sommer 2016 und Abschied von Diakonin Hilke - Martin Luther Evangelische Kirche Toronto<\/title>\n<meta name=\"robots\" content=\"index, follow, max-snippet:-1, max-image-preview:large, max-video-preview:-1\" \/>\n<link rel=\"canonical\" href=\"https:\/\/martinluther.ca\/2016\/07\/summer-schedule-2016\/\" \/>\n<meta property=\"og:locale\" content=\"de_DE\" \/>\n<meta property=\"og:type\" content=\"article\" \/>\n<meta property=\"og:title\" content=\"Gottesdienstplan Sommer 2016 und Abschied von Diakonin Hilke - Martin Luther Evangelische Kirche Toronto\" \/>\n<meta property=\"og:description\" content=\"Familie Ceconi wird vom 30. Juni bis zum 5. August nach Deutschland reisen. Darum werden die englischen und deutschen Gottesdienste am 3. und 10. Juli von Diakonin Hilke Troff geleitet. Sie wird au\u00dferdem f\u00fcr seelsorgliche Anliegen zur Verf\u00fcgung stehen (erreichbar unter Telefon 905-717-5937). Bei Trauerf\u00e4llen ist vom 30. Juni bis 14. Juli Pastor Sebastian Meadows-Helmer&hellip;\" \/>\n<meta property=\"og:url\" content=\"https:\/\/martinluther.ca\/2016\/07\/summer-schedule-2016\/\" \/>\n<meta property=\"og:site_name\" content=\"Martin Luther Evangelische Kirche Toronto\" \/>\n<meta property=\"article:publisher\" content=\"https:\/\/www.facebook.com\/martinlutherchurchtoronto\" \/>\n<meta property=\"article:published_time\" content=\"2016-07-01T16:43:15+00:00\" \/>\n<meta property=\"article:modified_time\" content=\"2016-08-19T19:47:58+00:00\" \/>\n<meta property=\"og:image\" content=\"https:\/\/martinluther.ca\/wp-content\/uploads\/2016\/07\/2016-Hilke-Troff7BB-1024.jpg\" \/>\n\t<meta property=\"og:image:width\" content=\"1024\" \/>\n\t<meta property=\"og:image:height\" content=\"768\" \/>\n\t<meta property=\"og:image:type\" content=\"image\/jpeg\" \/>\n<meta name=\"author\" content=\"Mona Kakoschke Frantzke\" \/>\n<meta name=\"twitter:card\" content=\"summary_large_image\" \/>\n<meta name=\"twitter:label1\" content=\"Verfasst von\" \/>\n\t<meta name=\"twitter:data1\" content=\"Mona Kakoschke Frantzke\" \/>\n\t<meta name=\"twitter:label2\" content=\"Gesch\u00e4tzte Lesezeit\" \/>\n\t<meta name=\"twitter:data2\" content=\"2\u00a0Minuten\" \/>\n<script type=\"application\/ld+json\" class=\"yoast-schema-graph\">{\"@context\":\"https:\\\/\\\/schema.org\",\"@graph\":[{\"@type\":\"Article\",\"@id\":\"https:\\\/\\\/martinluther.ca\\\/2016\\\/07\\\/summer-schedule-2016\\\/#article\",\"isPartOf\":{\"@id\":\"https:\\\/\\\/martinluther.ca\\\/2016\\\/07\\\/summer-schedule-2016\\\/\"},\"author\":{\"name\":\"Mona Kakoschke Frantzke\",\"@id\":\"https:\\\/\\\/martinluther.ca\\\/de\\\/#\\\/schema\\\/person\\\/815c51710f70b050f0476f18da6b0c8f\"},\"headline\":\"Gottesdienstplan Sommer 2016 und Abschied von Diakonin Hilke\",\"datePublished\":\"2016-07-01T16:43:15+00:00\",\"dateModified\":\"2016-08-19T19:47:58+00:00\",\"mainEntityOfPage\":{\"@id\":\"https:\\\/\\\/martinluther.ca\\\/2016\\\/07\\\/summer-schedule-2016\\\/\"},\"wordCount\":460,\"publisher\":{\"@id\":\"https:\\\/\\\/martinluther.ca\\\/de\\\/#organization\"},\"image\":{\"@id\":\"https:\\\/\\\/martinluther.ca\\\/2016\\\/07\\\/summer-schedule-2016\\\/#primaryimage\"},\"thumbnailUrl\":\"https:\\\/\\\/martinluther.ca\\\/wp-content\\\/uploads\\\/2016\\\/07\\\/2016-Hilke-Troff7BB-1024.jpg\",\"articleSection\":[\"News Blog - German\"],\"inLanguage\":\"de\"},{\"@type\":\"WebPage\",\"@id\":\"https:\\\/\\\/martinluther.ca\\\/2016\\\/07\\\/summer-schedule-2016\\\/\",\"url\":\"https:\\\/\\\/martinluther.ca\\\/2016\\\/07\\\/summer-schedule-2016\\\/\",\"name\":\"Gottesdienstplan Sommer 2016 und Abschied von Diakonin Hilke - Martin Luther Evangelische Kirche Toronto\",\"isPartOf\":{\"@id\":\"https:\\\/\\\/martinluther.ca\\\/de\\\/#website\"},\"primaryImageOfPage\":{\"@id\":\"https:\\\/\\\/martinluther.ca\\\/2016\\\/07\\\/summer-schedule-2016\\\/#primaryimage\"},\"image\":{\"@id\":\"https:\\\/\\\/martinluther.ca\\\/2016\\\/07\\\/summer-schedule-2016\\\/#primaryimage\"},\"thumbnailUrl\":\"https:\\\/\\\/martinluther.ca\\\/wp-content\\\/uploads\\\/2016\\\/07\\\/2016-Hilke-Troff7BB-1024.jpg\",\"datePublished\":\"2016-07-01T16:43:15+00:00\",\"dateModified\":\"2016-08-19T19:47:58+00:00\",\"breadcrumb\":{\"@id\":\"https:\\\/\\\/martinluther.ca\\\/2016\\\/07\\\/summer-schedule-2016\\\/#breadcrumb\"},\"inLanguage\":\"de\",\"potentialAction\":[{\"@type\":\"ReadAction\",\"target\":[\"https:\\\/\\\/martinluther.ca\\\/2016\\\/07\\\/summer-schedule-2016\\\/\"]}]},{\"@type\":\"ImageObject\",\"inLanguage\":\"de\",\"@id\":\"https:\\\/\\\/martinluther.ca\\\/2016\\\/07\\\/summer-schedule-2016\\\/#primaryimage\",\"url\":\"https:\\\/\\\/martinluther.ca\\\/wp-content\\\/uploads\\\/2016\\\/07\\\/2016-Hilke-Troff7BB-1024.jpg\",\"contentUrl\":\"https:\\\/\\\/martinluther.ca\\\/wp-content\\\/uploads\\\/2016\\\/07\\\/2016-Hilke-Troff7BB-1024.jpg\",\"width\":1024,\"height\":768,\"caption\":\"2016 Hilke Troff at MLC\"},{\"@type\":\"BreadcrumbList\",\"@id\":\"https:\\\/\\\/martinluther.ca\\\/2016\\\/07\\\/summer-schedule-2016\\\/#breadcrumb\",\"itemListElement\":[{\"@type\":\"ListItem\",\"position\":1,\"name\":\"Home\",\"item\":\"https:\\\/\\\/martinluther.ca\\\/de\\\/\"},{\"@type\":\"ListItem\",\"position\":2,\"name\":\"Gottesdienstplan Sommer 2016 und Abschied von Diakonin Hilke\"}]},{\"@type\":\"WebSite\",\"@id\":\"https:\\\/\\\/martinluther.ca\\\/de\\\/#website\",\"url\":\"https:\\\/\\\/martinluther.ca\\\/de\\\/\",\"name\":\"Martin Luther Evangelical Church Toronto\",\"description\":\"Deutsch &amp; Englisch\",\"publisher\":{\"@id\":\"https:\\\/\\\/martinluther.ca\\\/de\\\/#organization\"},\"potentialAction\":[{\"@type\":\"SearchAction\",\"target\":{\"@type\":\"EntryPoint\",\"urlTemplate\":\"https:\\\/\\\/martinluther.ca\\\/de\\\/?s={search_term_string}\"},\"query-input\":{\"@type\":\"PropertyValueSpecification\",\"valueRequired\":true,\"valueName\":\"search_term_string\"}}],\"inLanguage\":\"de\"},{\"@type\":\"Organization\",\"@id\":\"https:\\\/\\\/martinluther.ca\\\/de\\\/#organization\",\"name\":\"Martin Luther Evangelical Church Toronto\",\"url\":\"https:\\\/\\\/martinluther.ca\\\/de\\\/\",\"logo\":{\"@type\":\"ImageObject\",\"inLanguage\":\"de\",\"@id\":\"https:\\\/\\\/martinluther.ca\\\/de\\\/#\\\/schema\\\/logo\\\/image\\\/\",\"url\":\"https:\\\/\\\/martinluther.ca\\\/wp-content\\\/uploads\\\/2016\\\/12\\\/ml-logo-300.png\",\"contentUrl\":\"https:\\\/\\\/martinluther.ca\\\/wp-content\\\/uploads\\\/2016\\\/12\\\/ml-logo-300.png\",\"width\":300,\"height\":150,\"caption\":\"Martin Luther Evangelical Church Toronto\"},\"image\":{\"@id\":\"https:\\\/\\\/martinluther.ca\\\/de\\\/#\\\/schema\\\/logo\\\/image\\\/\"},\"sameAs\":[\"https:\\\/\\\/www.facebook.com\\\/martinlutherchurchtoronto\",\"https:\\\/\\\/www.instagram.com\\\/lutheransbythelake\\\/\",\"https:\\\/\\\/www.youtube.com\\\/MartinLutherChurchToronto\"]},{\"@type\":\"Person\",\"@id\":\"https:\\\/\\\/martinluther.ca\\\/de\\\/#\\\/schema\\\/person\\\/815c51710f70b050f0476f18da6b0c8f\",\"name\":\"Mona Kakoschke Frantzke\",\"image\":{\"@type\":\"ImageObject\",\"inLanguage\":\"de\",\"@id\":\"https:\\\/\\\/secure.gravatar.com\\\/avatar\\\/0deb16854ca545cd2e9fc8001ca110d262b80d5c8317b38dc542265fbea0ed19?s=96&d=mm&r=g\",\"url\":\"https:\\\/\\\/secure.gravatar.com\\\/avatar\\\/0deb16854ca545cd2e9fc8001ca110d262b80d5c8317b38dc542265fbea0ed19?s=96&d=mm&r=g\",\"contentUrl\":\"https:\\\/\\\/secure.gravatar.com\\\/avatar\\\/0deb16854ca545cd2e9fc8001ca110d262b80d5c8317b38dc542265fbea0ed19?s=96&d=mm&r=g\",\"caption\":\"Mona Kakoschke Frantzke\"},\"url\":false}]}<\/script>\n<!-- \/ Yoast SEO plugin. -->","yoast_head_json":{"title":"Gottesdienstplan Sommer 2016 und Abschied von Diakonin Hilke - Martin Luther Evangelische Kirche Toronto","robots":{"index":"index","follow":"follow","max-snippet":"max-snippet:-1","max-image-preview":"max-image-preview:large","max-video-preview":"max-video-preview:-1"},"canonical":"https:\/\/martinluther.ca\/2016\/07\/summer-schedule-2016\/","og_locale":"de_DE","og_type":"article","og_title":"Gottesdienstplan Sommer 2016 und Abschied von Diakonin Hilke - Martin Luther Evangelische Kirche Toronto","og_description":"Familie Ceconi wird vom 30. Juni bis zum 5. August nach Deutschland reisen. Darum werden die englischen und deutschen Gottesdienste am 3. und 10. Juli von Diakonin Hilke Troff geleitet. Sie wird au\u00dferdem f\u00fcr seelsorgliche Anliegen zur Verf\u00fcgung stehen (erreichbar unter Telefon 905-717-5937). Bei Trauerf\u00e4llen ist vom 30. Juni bis 14. Juli Pastor Sebastian Meadows-Helmer&hellip;","og_url":"https:\/\/martinluther.ca\/2016\/07\/summer-schedule-2016\/","og_site_name":"Martin Luther Evangelische Kirche Toronto","article_publisher":"https:\/\/www.facebook.com\/martinlutherchurchtoronto","article_published_time":"2016-07-01T16:43:15+00:00","article_modified_time":"2016-08-19T19:47:58+00:00","og_image":[{"width":1024,"height":768,"url":"https:\/\/martinluther.ca\/wp-content\/uploads\/2016\/07\/2016-Hilke-Troff7BB-1024.jpg","type":"image\/jpeg"}],"author":"Mona Kakoschke Frantzke","twitter_card":"summary_large_image","twitter_misc":{"Verfasst von":"Mona Kakoschke Frantzke","Gesch\u00e4tzte Lesezeit":"2\u00a0Minuten"},"schema":{"@context":"https:\/\/schema.org","@graph":[{"@type":"Article","@id":"https:\/\/martinluther.ca\/2016\/07\/summer-schedule-2016\/#article","isPartOf":{"@id":"https:\/\/martinluther.ca\/2016\/07\/summer-schedule-2016\/"},"author":{"name":"Mona Kakoschke Frantzke","@id":"https:\/\/martinluther.ca\/de\/#\/schema\/person\/815c51710f70b050f0476f18da6b0c8f"},"headline":"Gottesdienstplan Sommer 2016 und Abschied von Diakonin Hilke","datePublished":"2016-07-01T16:43:15+00:00","dateModified":"2016-08-19T19:47:58+00:00","mainEntityOfPage":{"@id":"https:\/\/martinluther.ca\/2016\/07\/summer-schedule-2016\/"},"wordCount":460,"publisher":{"@id":"https:\/\/martinluther.ca\/de\/#organization"},"image":{"@id":"https:\/\/martinluther.ca\/2016\/07\/summer-schedule-2016\/#primaryimage"},"thumbnailUrl":"https:\/\/martinluther.ca\/wp-content\/uploads\/2016\/07\/2016-Hilke-Troff7BB-1024.jpg","articleSection":["News Blog - German"],"inLanguage":"de"},{"@type":"WebPage","@id":"https:\/\/martinluther.ca\/2016\/07\/summer-schedule-2016\/","url":"https:\/\/martinluther.ca\/2016\/07\/summer-schedule-2016\/","name":"Gottesdienstplan Sommer 2016 und Abschied von Diakonin Hilke - Martin Luther Evangelische Kirche Toronto","isPartOf":{"@id":"https:\/\/martinluther.ca\/de\/#website"},"primaryImageOfPage":{"@id":"https:\/\/martinluther.ca\/2016\/07\/summer-schedule-2016\/#primaryimage"},"image":{"@id":"https:\/\/martinluther.ca\/2016\/07\/summer-schedule-2016\/#primaryimage"},"thumbnailUrl":"https:\/\/martinluther.ca\/wp-content\/uploads\/2016\/07\/2016-Hilke-Troff7BB-1024.jpg","datePublished":"2016-07-01T16:43:15+00:00","dateModified":"2016-08-19T19:47:58+00:00","breadcrumb":{"@id":"https:\/\/martinluther.ca\/2016\/07\/summer-schedule-2016\/#breadcrumb"},"inLanguage":"de","potentialAction":[{"@type":"ReadAction","target":["https:\/\/martinluther.ca\/2016\/07\/summer-schedule-2016\/"]}]},{"@type":"ImageObject","inLanguage":"de","@id":"https:\/\/martinluther.ca\/2016\/07\/summer-schedule-2016\/#primaryimage","url":"https:\/\/martinluther.ca\/wp-content\/uploads\/2016\/07\/2016-Hilke-Troff7BB-1024.jpg","contentUrl":"https:\/\/martinluther.ca\/wp-content\/uploads\/2016\/07\/2016-Hilke-Troff7BB-1024.jpg","width":1024,"height":768,"caption":"2016 Hilke Troff at MLC"},{"@type":"BreadcrumbList","@id":"https:\/\/martinluther.ca\/2016\/07\/summer-schedule-2016\/#breadcrumb","itemListElement":[{"@type":"ListItem","position":1,"name":"Home","item":"https:\/\/martinluther.ca\/de\/"},{"@type":"ListItem","position":2,"name":"Gottesdienstplan Sommer 2016 und Abschied von Diakonin Hilke"}]},{"@type":"WebSite","@id":"https:\/\/martinluther.ca\/de\/#website","url":"https:\/\/martinluther.ca\/de\/","name":"Martin Luther Evangelical Church Toronto","description":"Deutsch &amp; Englisch","publisher":{"@id":"https:\/\/martinluther.ca\/de\/#organization"},"potentialAction":[{"@type":"SearchAction","target":{"@type":"EntryPoint","urlTemplate":"https:\/\/martinluther.ca\/de\/?s={search_term_string}"},"query-input":{"@type":"PropertyValueSpecification","valueRequired":true,"valueName":"search_term_string"}}],"inLanguage":"de"},{"@type":"Organization","@id":"https:\/\/martinluther.ca\/de\/#organization","name":"Martin Luther Evangelical Church Toronto","url":"https:\/\/martinluther.ca\/de\/","logo":{"@type":"ImageObject","inLanguage":"de","@id":"https:\/\/martinluther.ca\/de\/#\/schema\/logo\/image\/","url":"https:\/\/martinluther.ca\/wp-content\/uploads\/2016\/12\/ml-logo-300.png","contentUrl":"https:\/\/martinluther.ca\/wp-content\/uploads\/2016\/12\/ml-logo-300.png","width":300,"height":150,"caption":"Martin Luther Evangelical Church Toronto"},"image":{"@id":"https:\/\/martinluther.ca\/de\/#\/schema\/logo\/image\/"},"sameAs":["https:\/\/www.facebook.com\/martinlutherchurchtoronto","https:\/\/www.instagram.com\/lutheransbythelake\/","https:\/\/www.youtube.com\/MartinLutherChurchToronto"]},{"@type":"Person","@id":"https:\/\/martinluther.ca\/de\/#\/schema\/person\/815c51710f70b050f0476f18da6b0c8f","name":"Mona Kakoschke Frantzke","image":{"@type":"ImageObject","inLanguage":"de","@id":"https:\/\/secure.gravatar.com\/avatar\/0deb16854ca545cd2e9fc8001ca110d262b80d5c8317b38dc542265fbea0ed19?s=96&d=mm&r=g","url":"https:\/\/secure.gravatar.com\/avatar\/0deb16854ca545cd2e9fc8001ca110d262b80d5c8317b38dc542265fbea0ed19?s=96&d=mm&r=g","contentUrl":"https:\/\/secure.gravatar.com\/avatar\/0deb16854ca545cd2e9fc8001ca110d262b80d5c8317b38dc542265fbea0ed19?s=96&d=mm&r=g","caption":"Mona Kakoschke Frantzke"},"url":false}]}},"_links":{"self":[{"href":"https:\/\/martinluther.ca\/de\/wp-json\/wp\/v2\/posts\/24392","targetHints":{"allow":["GET"]}}],"collection":[{"href":"https:\/\/martinluther.ca\/de\/wp-json\/wp\/v2\/posts"}],"about":[{"href":"https:\/\/martinluther.ca\/de\/wp-json\/wp\/v2\/types\/post"}],"author":[{"embeddable":true,"href":"https:\/\/martinluther.ca\/de\/wp-json\/wp\/v2\/users\/9"}],"replies":[{"embeddable":true,"href":"https:\/\/martinluther.ca\/de\/wp-json\/wp\/v2\/comments?post=24392"}],"version-history":[{"count":10,"href":"https:\/\/martinluther.ca\/de\/wp-json\/wp\/v2\/posts\/24392\/revisions"}],"predecessor-version":[{"id":24596,"href":"https:\/\/martinluther.ca\/de\/wp-json\/wp\/v2\/posts\/24392\/revisions\/24596"}],"wp:featuredmedia":[{"embeddable":true,"href":"https:\/\/martinluther.ca\/de\/wp-json\/wp\/v2\/media\/24445"}],"wp:attachment":[{"href":"https:\/\/martinluther.ca\/de\/wp-json\/wp\/v2\/media?parent=24392"}],"wp:term":[{"taxonomy":"category","embeddable":true,"href":"https:\/\/martinluther.ca\/de\/wp-json\/wp\/v2\/categories?post=24392"},{"taxonomy":"post_tag","embeddable":true,"href":"https:\/\/martinluther.ca\/de\/wp-json\/wp\/v2\/tags?post=24392"},{"taxonomy":"post_series","embeddable":true,"href":"https:\/\/martinluther.ca\/de\/wp-json\/wp\/v2\/post_series?post=24392"}],"curies":[{"name":"wp","href":"https:\/\/api.w.org\/{rel}","templated":true}]}}