{"id":24473,"date":"2016-05-14T12:10:20","date_gmt":"2016-05-14T16:10:20","guid":{"rendered":"https:\/\/martinluther.ca\/de\/?p=24473"},"modified":"2016-07-22T15:48:03","modified_gmt":"2016-07-22T19:48:03","slug":"konfirmation-an-pfingsten-und-abschied-von-unserem-vikar","status":"publish","type":"post","link":"https:\/\/martinluther.ca\/de\/2016\/05\/konfirmation-an-pfingsten-und-abschied-von-unserem-vikar\/","title":{"rendered":"Konfirmation an Pfingsten und Abschied von Vikar Moritz"},"content":{"rendered":"<p><strong>Konfirmation an Pfingsten<\/strong><br \/>\n15. Mai 2016 Im gemeinsamen Pfingstgottesdienst 11.00 Uhr \u00a0werden <strong>Ida, Noah, Sebastian und Yannick<\/strong> konfirmiert. Kommen Sie zahlreich zum Pfingstgottesdienst und lassen Sie unsere\u00a0Konfirmand\/innen sp\u00fcren, dass sie Teil einer glaubensfrohen Gemeinde sind.<\/p>\n<div id=\"gallery-1\" class=\"wpex-gallery wpex-grid wpex-grid-cols-5 wpex-gap-20 wpex-lightbox-group wpex-mb-20\"><figure class=\"gallery-item\"><a href=\"https:\/\/martinluther.ca\/wp-content\/uploads\/2016\/07\/2016-Confirmands4-1024.jpg\" class=\"wpex-lightbox-group-item\" data-caption=\"2016 Confirmation\"><img loading=\"lazy\" decoding=\"async\" src=\"https:\/\/martinluther.ca\/wp-content\/uploads\/2016\/07\/2016-Confirmands4-1024-681x1024.jpg\" alt=\"\" srcset=\"https:\/\/martinluther.ca\/wp-content\/uploads\/2016\/07\/2016-Confirmands4-1024-681x1024.jpg 681w, https:\/\/martinluther.ca\/wp-content\/uploads\/2016\/07\/2016-Confirmands4-1024-200x300.jpg 200w, https:\/\/martinluther.ca\/wp-content\/uploads\/2016\/07\/2016-Confirmands4-1024.jpg 1024w\" width=\"681\" height=\"1024\"><\/a><figcaption class=\"gallery-caption wpex-last-mb-0\">2016 Confirmation<\/figcaption><\/figure><figure class=\"gallery-item\"><a href=\"https:\/\/martinluther.ca\/wp-content\/uploads\/2016\/07\/2016-Confirmands5-1024.jpg\" class=\"wpex-lightbox-group-item\"><img loading=\"lazy\" decoding=\"async\" src=\"https:\/\/martinluther.ca\/wp-content\/uploads\/2016\/07\/2016-Confirmands5-1024-681x1024.jpg\" alt=\"\" srcset=\"https:\/\/martinluther.ca\/wp-content\/uploads\/2016\/07\/2016-Confirmands5-1024-681x1024.jpg 681w, https:\/\/martinluther.ca\/wp-content\/uploads\/2016\/07\/2016-Confirmands5-1024-200x300.jpg 200w, https:\/\/martinluther.ca\/wp-content\/uploads\/2016\/07\/2016-Confirmands5-1024.jpg 1024w\" width=\"681\" height=\"1024\"><\/a><\/figure><figure class=\"gallery-item\"><a href=\"https:\/\/martinluther.ca\/wp-content\/uploads\/2016\/07\/2016-Confirmands2-1024.jpg\" class=\"wpex-lightbox-group-item\"><img loading=\"lazy\" decoding=\"async\" src=\"https:\/\/martinluther.ca\/wp-content\/uploads\/2016\/07\/2016-Confirmands2-1024-681x1024.jpg\" alt=\"\" srcset=\"https:\/\/martinluther.ca\/wp-content\/uploads\/2016\/07\/2016-Confirmands2-1024-681x1024.jpg 681w, https:\/\/martinluther.ca\/wp-content\/uploads\/2016\/07\/2016-Confirmands2-1024-200x300.jpg 200w, https:\/\/martinluther.ca\/wp-content\/uploads\/2016\/07\/2016-Confirmands2-1024.jpg 1024w\" width=\"681\" height=\"1024\"><\/a><\/figure><figure class=\"gallery-item\"><a href=\"https:\/\/martinluther.ca\/wp-content\/uploads\/2016\/07\/2016-Confirmands6BB-1024.jpg\" class=\"wpex-lightbox-group-item\"><img loading=\"lazy\" decoding=\"async\" src=\"https:\/\/martinluther.ca\/wp-content\/uploads\/2016\/07\/2016-Confirmands6BB-1024.jpg\" alt=\"\" srcset=\"https:\/\/martinluther.ca\/wp-content\/uploads\/2016\/07\/2016-Confirmands6BB-1024.jpg 1024w, https:\/\/martinluther.ca\/wp-content\/uploads\/2016\/07\/2016-Confirmands6BB-1024-300x225.jpg 300w\" width=\"1024\" height=\"768\"><\/a><\/figure><figure class=\"gallery-item\"><a href=\"https:\/\/martinluther.ca\/wp-content\/uploads\/2016\/07\/2016-Confirmands3B-1024.jpg\" class=\"wpex-lightbox-group-item\" data-caption=\"2016 Confirmation\"><img loading=\"lazy\" decoding=\"async\" src=\"https:\/\/martinluther.ca\/wp-content\/uploads\/2016\/07\/2016-Confirmands3B-1024.jpg\" alt=\"\" srcset=\"https:\/\/martinluther.ca\/wp-content\/uploads\/2016\/07\/2016-Confirmands3B-1024.jpg 1024w, https:\/\/martinluther.ca\/wp-content\/uploads\/2016\/07\/2016-Confirmands3B-1024-300x225.jpg 300w\" width=\"1024\" height=\"768\"><\/a><figcaption class=\"gallery-caption wpex-last-mb-0\">2016 Confirmation<\/figcaption><\/figure><\/div>\n\n<p><strong>Abschied von unserem Vikar Moritz Menacher<\/strong><br \/>\nIm letzten Sommer konnten wir mit gro\u00dfer Freude unseren Vikar Moritz Menacher und seine Frau Hanna Reichel in unserer Gemeinde begr\u00fc\u00dfen. Seitdem sind die Monate wie\u00a0im Fluge vergangen.\u00a0Nun ist es schon bald Zeit zum Abschiednehmen. Darum laden wir herzlich zur Abschiedsfeier mit Imbiss und Gespr\u00e4chen\u00a0nach dem Pfingstgottesdienst um 11 Uhr ein.\u00a0Im Namen der ganzen Gemeinde schon jetzt ein herzliches Dankesch\u00f6n an Moritz und seine Familie!<\/p>\n<p><strong>&#8222;Ein Jahr Martin Luther Gemeinde &#8211;<\/strong><\/p>\n<figure id=\"attachment_24498\" aria-describedby=\"caption-attachment-24498\" style=\"width: 300px\" class=\"wp-caption alignright\"><img loading=\"lazy\" decoding=\"async\" class=\"size-medium wp-image-24498\" src=\"https:\/\/martinluther.ca\/wp-content\/uploads\/2016\/07\/2016-Moritz-Menacher-family-at-MLCBB-1024-300x225.jpg\" alt=\"2016 Moritz Menacher and family\" width=\"300\" height=\"225\" srcset=\"https:\/\/martinluther.ca\/wp-content\/uploads\/2016\/07\/2016-Moritz-Menacher-family-at-MLCBB-1024-300x225.jpg 300w, https:\/\/martinluther.ca\/wp-content\/uploads\/2016\/07\/2016-Moritz-Menacher-family-at-MLCBB-1024-1024x768.jpg 1024w\" sizes=\"auto, (max-width: 300px) 100vw, 300px\" \/><figcaption id=\"caption-attachment-24498\" class=\"wp-caption-text\">2016 Moritz Menacher and family<\/figcaption><\/figure>\n<p>Vor ziemlich genau einem Jahr bin ich in Toronto angekommen. In diesem einen Jahr, das ich, zuerst alleine, dann mit meiner Familie, als Vikar in der Martin Luther Gemeinde verbracht habe, ist viel passiert. Wenn ich jetzt inDeutschland auf dieses Jahr zur\u00fcckblicke, dann w\u00fcrde ich es als\u00a0Jahr des Wachstums beschreiben.<\/p>\n<p>Ich bin der Weinstock, ihr seid die Reben. Wer in mir bleibt und ich in ihm, der bringt viel Frucht. (Johannes 15,5)<\/p>\n<p>Dieses Bild des Weinstocks passt gut zur Martin Luther Kirche. So wie jeder Weinstock braucht auch jede Gemeinschaft Hege und Pflege, damit sie Frucht bringt und w\u00e4chst.\u00a0Die Martin Luther Gemeinde hegt und pflegt ihre Gemeinschaft mit Hingabe. Sie ist ein Ort, an dem die Menschen durch ihren Glauben in Christus sind und dadurch wachsen\u00a0und viel Frucht bringen k\u00f6nnen. Diese Hege und Pflege konnte ich im Summercamp, bei Kaffee und Kuchen nach dem Gottesdienst, im Kirchenvorstand, im Chor und an vielen\u00a0anderen Orten erleben. W\u00e4hrend meiner Zeit in der Martin Luther Kirche ist die Gemeinde gewachsen. Es wurden neue Mitglieder aufgenommen und im Gottesdienst begr\u00fc\u00dft.<\/p>\n<p>Das Wachstum\u00a0einer Gemeinde ist in der heutigen Zeit nicht mehr selbstverst\u00e4ndlich, sondern ein Zeichen daf\u00fcr, was f\u00fcr eine lebendige und einladende Gemeinschaft die Martin Luther\u00a0Gemeinde ist. Das Jahr in Kanada war aber auch f\u00fcr mich pers\u00f6nlich ein Jahr des Wachstums. Die vielf\u00e4ltigen Begegnungen mit Ihnen und die Erfahrungen in der Gemeinde und in Kanada\u00a0haben mich weiter in meine Aufgaben als Pastor hineinwachsen lassen. Ich wurde best\u00e4rkt in meiner Entscheidung, Pastor zu werden. Daf\u00fcr danke ich Ihnen allen, und hoffe,<br \/>\nmit Gottes Hilfe viel Frucht zu bringen.<\/p>\n<p>Ein Jahr des Wachstums war es auch f\u00fcr meine Familie, die um ein Mitglied gr\u00f6\u00dfer\u00a0wurde. Hanna und ich sind Eltern geworden. Durch Sie haben wir so viel Hilfe und Unterst\u00fctzung bekommen, dass wir uns geborgen und aufgenommen gef\u00fchlt haben! Auf\u00a0diesem Weg m\u00f6chten wir, auch im Namen von Joshua Jacob, herzlich \u201eDanke\u201c sagen! Wir w\u00fcnschen der Martin Luther Gemeinde Gottes belebenden Segen, damit sie ein fruchtbarer Ort des Glaubens bleibt, an dem sich Mitglieder umeinander k\u00fcmmern.\u00a0Auf Wiedersehen und herzliche Gr\u00fc\u00dfe aus Deutschland.&#8220;<\/p>\n<p>&#8211; Moritz Menacher mit Hanna und Joshua Jacob (Mai &#8211; Juni 2016 Gemeindebrief)<\/p>\n<div id=\"gallery-2\" class=\"wpex-gallery wpex-grid wpex-grid-cols-5 wpex-gap-20 wpex-lightbox-group wpex-mb-20\"><figure class=\"gallery-item\"><a href=\"https:\/\/martinluther.ca\/wp-content\/uploads\/2016\/07\/2015-Camp-Lutherlyn-51.jpg\" class=\"wpex-lightbox-group-item\" data-caption=\"2015 Moritz Menacher\"><img loading=\"lazy\" decoding=\"async\" src=\"https:\/\/martinluther.ca\/wp-content\/uploads\/2016\/07\/2015-Camp-Lutherlyn-51-1024x683.jpg\" alt=\"\" srcset=\"https:\/\/martinluther.ca\/wp-content\/uploads\/2016\/07\/2015-Camp-Lutherlyn-51-1024x683.jpg 1024w, https:\/\/martinluther.ca\/wp-content\/uploads\/2016\/07\/2015-Camp-Lutherlyn-51-300x200.jpg 300w\" width=\"1024\" height=\"683\"><\/a><figcaption class=\"gallery-caption wpex-last-mb-0\">2015 Moritz Menacher<\/figcaption><\/figure><figure class=\"gallery-item\"><a href=\"https:\/\/martinluther.ca\/wp-content\/uploads\/2016\/07\/2016-Confirmands-1024.jpg\" class=\"wpex-lightbox-group-item\" data-caption=\"2016 Confirmation\"><img loading=\"lazy\" decoding=\"async\" src=\"https:\/\/martinluther.ca\/wp-content\/uploads\/2016\/07\/2016-Confirmands-1024.jpg\" alt=\"\" srcset=\"https:\/\/martinluther.ca\/wp-content\/uploads\/2016\/07\/2016-Confirmands-1024.jpg 1024w, https:\/\/martinluther.ca\/wp-content\/uploads\/2016\/07\/2016-Confirmands-1024-300x225.jpg 300w\" width=\"1024\" height=\"768\"><\/a><figcaption class=\"gallery-caption wpex-last-mb-0\">2016 Confirmation<\/figcaption><\/figure><figure class=\"gallery-item\"><a href=\"https:\/\/martinluther.ca\/wp-content\/uploads\/2016\/07\/2015-June-Vikar-Moritz-Menacher-03BB.jpg\" class=\"wpex-lightbox-group-item\" data-caption=\"2015 Moritz Menacher\"><img loading=\"lazy\" decoding=\"async\" src=\"https:\/\/martinluther.ca\/wp-content\/uploads\/2016\/07\/2015-June-Vikar-Moritz-Menacher-03BB.jpg\" alt=\"\" srcset=\"https:\/\/martinluther.ca\/wp-content\/uploads\/2016\/07\/2015-June-Vikar-Moritz-Menacher-03BB.jpg 1024w, https:\/\/martinluther.ca\/wp-content\/uploads\/2016\/07\/2015-June-Vikar-Moritz-Menacher-03BB-300x225.jpg 300w\" width=\"1024\" height=\"768\"><\/a><figcaption class=\"gallery-caption wpex-last-mb-0\">2015 Moritz Menacher<\/figcaption><\/figure><figure class=\"gallery-item\"><a href=\"https:\/\/martinluther.ca\/wp-content\/uploads\/2016\/07\/2015-Camp-Lutherlyn-02.jpg\" class=\"wpex-lightbox-group-item\" data-caption=\"2015 Moritz Menacher\"><img loading=\"lazy\" decoding=\"async\" src=\"https:\/\/martinluther.ca\/wp-content\/uploads\/2016\/07\/2015-Camp-Lutherlyn-02-1024x683.jpg\" alt=\"\" srcset=\"https:\/\/martinluther.ca\/wp-content\/uploads\/2016\/07\/2015-Camp-Lutherlyn-02-1024x683.jpg 1024w, https:\/\/martinluther.ca\/wp-content\/uploads\/2016\/07\/2015-Camp-Lutherlyn-02-300x200.jpg 300w\" width=\"1024\" height=\"683\"><\/a><figcaption class=\"gallery-caption wpex-last-mb-0\">2015 Moritz Menacher<\/figcaption><\/figure><figure class=\"gallery-item\"><a href=\"https:\/\/martinluther.ca\/wp-content\/uploads\/2016\/07\/2015-Moritz-Menacher1.jpg\" class=\"wpex-lightbox-group-item\" data-caption=\"2015 Moritz Menacher\"><img loading=\"lazy\" decoding=\"async\" src=\"https:\/\/martinluther.ca\/wp-content\/uploads\/2016\/07\/2015-Moritz-Menacher1.jpg\" alt=\"\" srcset=\"https:\/\/martinluther.ca\/wp-content\/uploads\/2016\/07\/2015-Moritz-Menacher1.jpg 1024w, https:\/\/martinluther.ca\/wp-content\/uploads\/2016\/07\/2015-Moritz-Menacher1-300x225.jpg 300w\" width=\"1024\" height=\"768\"><\/a><figcaption class=\"gallery-caption wpex-last-mb-0\">2015 Moritz Menacher<\/figcaption><\/figure><\/div>\n\n","protected":false},"excerpt":{"rendered":"<p>Konfirmation an Pfingsten 15. Mai 2016 Im gemeinsamen Pfingstgottesdienst 11.00 Uhr \u00a0werden Ida, Noah, Sebastian und Yannick konfirmiert. Kommen Sie zahlreich zum Pfingstgottesdienst und lassen Sie unsere\u00a0Konfirmand\/innen sp\u00fcren, dass sie Teil einer glaubensfrohen Gemeinde sind. Abschied von unserem Vikar Moritz Menacher Im letzten Sommer konnten wir mit gro\u00dfer Freude unseren Vikar Moritz Menacher und seine&hellip;<\/p>\n","protected":false},"author":9,"featured_media":24495,"comment_status":"closed","ping_status":"closed","sticky":false,"template":"","format":"standard","meta":{"footnotes":""},"categories":[69],"tags":[],"post_series":[],"class_list":["post-24473","post","type-post","status-publish","format-standard","has-post-thumbnail","hentry","category-news-blog-german","entry","has-media"],"yoast_head":"<!-- This site is optimized with the Yoast SEO plugin v27.5 - https:\/\/yoast.com\/product\/yoast-seo-wordpress\/ -->\n<title>Konfirmation an Pfingsten und Abschied von Vikar Moritz - Martin Luther Evangelische Kirche Toronto<\/title>\n<meta name=\"robots\" content=\"index, follow, max-snippet:-1, max-image-preview:large, max-video-preview:-1\" \/>\n<link rel=\"canonical\" href=\"https:\/\/martinluther.ca\/de\/2016\/05\/konfirmation-an-pfingsten-und-abschied-von-unserem-vikar\/\" \/>\n<meta property=\"og:locale\" content=\"de_DE\" \/>\n<meta property=\"og:type\" content=\"article\" \/>\n<meta property=\"og:title\" content=\"Konfirmation an Pfingsten und Abschied von Vikar Moritz - Martin Luther Evangelische Kirche Toronto\" \/>\n<meta property=\"og:description\" content=\"Konfirmation an Pfingsten 15. Mai 2016 Im gemeinsamen Pfingstgottesdienst 11.00 Uhr \u00a0werden Ida, Noah, Sebastian und Yannick konfirmiert. Kommen Sie zahlreich zum Pfingstgottesdienst und lassen Sie unsere\u00a0Konfirmand\/innen sp\u00fcren, dass sie Teil einer glaubensfrohen Gemeinde sind. Abschied von unserem Vikar Moritz Menacher Im letzten Sommer konnten wir mit gro\u00dfer Freude unseren Vikar Moritz Menacher und seine&hellip;\" \/>\n<meta property=\"og:url\" content=\"https:\/\/martinluther.ca\/de\/2016\/05\/konfirmation-an-pfingsten-und-abschied-von-unserem-vikar\/\" \/>\n<meta property=\"og:site_name\" content=\"Martin Luther Evangelische Kirche Toronto\" \/>\n<meta property=\"article:publisher\" content=\"https:\/\/www.facebook.com\/martinlutherchurchtoronto\" \/>\n<meta property=\"article:published_time\" content=\"2016-05-14T16:10:20+00:00\" \/>\n<meta property=\"article:modified_time\" content=\"2016-07-22T19:48:03+00:00\" \/>\n<meta property=\"og:image\" content=\"https:\/\/martinluther.ca\/wp-content\/uploads\/2016\/07\/2016-Confirmands-1024.jpg\" \/>\n\t<meta property=\"og:image:width\" content=\"1024\" \/>\n\t<meta property=\"og:image:height\" content=\"768\" \/>\n\t<meta property=\"og:image:type\" content=\"image\/jpeg\" \/>\n<meta name=\"author\" content=\"Mona Kakoschke Frantzke\" \/>\n<meta name=\"twitter:card\" content=\"summary_large_image\" \/>\n<meta name=\"twitter:label1\" content=\"Verfasst von\" \/>\n\t<meta name=\"twitter:data1\" content=\"Mona Kakoschke Frantzke\" \/>\n\t<meta name=\"twitter:label2\" content=\"Gesch\u00e4tzte Lesezeit\" \/>\n\t<meta name=\"twitter:data2\" content=\"3\u00a0Minuten\" \/>\n<script type=\"application\/ld+json\" class=\"yoast-schema-graph\">{\"@context\":\"https:\\\/\\\/schema.org\",\"@graph\":[{\"@type\":\"Article\",\"@id\":\"https:\\\/\\\/martinluther.ca\\\/de\\\/2016\\\/05\\\/konfirmation-an-pfingsten-und-abschied-von-unserem-vikar\\\/#article\",\"isPartOf\":{\"@id\":\"https:\\\/\\\/martinluther.ca\\\/de\\\/2016\\\/05\\\/konfirmation-an-pfingsten-und-abschied-von-unserem-vikar\\\/\"},\"author\":{\"name\":\"Mona Kakoschke Frantzke\",\"@id\":\"https:\\\/\\\/martinluther.ca\\\/de\\\/#\\\/schema\\\/person\\\/815c51710f70b050f0476f18da6b0c8f\"},\"headline\":\"Konfirmation an Pfingsten und Abschied von Vikar Moritz\",\"datePublished\":\"2016-05-14T16:10:20+00:00\",\"dateModified\":\"2016-07-22T19:48:03+00:00\",\"mainEntityOfPage\":{\"@id\":\"https:\\\/\\\/martinluther.ca\\\/de\\\/2016\\\/05\\\/konfirmation-an-pfingsten-und-abschied-von-unserem-vikar\\\/\"},\"wordCount\":533,\"publisher\":{\"@id\":\"https:\\\/\\\/martinluther.ca\\\/de\\\/#organization\"},\"image\":{\"@id\":\"https:\\\/\\\/martinluther.ca\\\/de\\\/2016\\\/05\\\/konfirmation-an-pfingsten-und-abschied-von-unserem-vikar\\\/#primaryimage\"},\"thumbnailUrl\":\"https:\\\/\\\/martinluther.ca\\\/wp-content\\\/uploads\\\/2016\\\/07\\\/2016-Confirmands-1024.jpg\",\"articleSection\":[\"News Blog - German\"],\"inLanguage\":\"de\"},{\"@type\":\"WebPage\",\"@id\":\"https:\\\/\\\/martinluther.ca\\\/de\\\/2016\\\/05\\\/konfirmation-an-pfingsten-und-abschied-von-unserem-vikar\\\/\",\"url\":\"https:\\\/\\\/martinluther.ca\\\/de\\\/2016\\\/05\\\/konfirmation-an-pfingsten-und-abschied-von-unserem-vikar\\\/\",\"name\":\"Konfirmation an Pfingsten und Abschied von Vikar Moritz - Martin Luther Evangelische Kirche Toronto\",\"isPartOf\":{\"@id\":\"https:\\\/\\\/martinluther.ca\\\/de\\\/#website\"},\"primaryImageOfPage\":{\"@id\":\"https:\\\/\\\/martinluther.ca\\\/de\\\/2016\\\/05\\\/konfirmation-an-pfingsten-und-abschied-von-unserem-vikar\\\/#primaryimage\"},\"image\":{\"@id\":\"https:\\\/\\\/martinluther.ca\\\/de\\\/2016\\\/05\\\/konfirmation-an-pfingsten-und-abschied-von-unserem-vikar\\\/#primaryimage\"},\"thumbnailUrl\":\"https:\\\/\\\/martinluther.ca\\\/wp-content\\\/uploads\\\/2016\\\/07\\\/2016-Confirmands-1024.jpg\",\"datePublished\":\"2016-05-14T16:10:20+00:00\",\"dateModified\":\"2016-07-22T19:48:03+00:00\",\"breadcrumb\":{\"@id\":\"https:\\\/\\\/martinluther.ca\\\/de\\\/2016\\\/05\\\/konfirmation-an-pfingsten-und-abschied-von-unserem-vikar\\\/#breadcrumb\"},\"inLanguage\":\"de\",\"potentialAction\":[{\"@type\":\"ReadAction\",\"target\":[\"https:\\\/\\\/martinluther.ca\\\/de\\\/2016\\\/05\\\/konfirmation-an-pfingsten-und-abschied-von-unserem-vikar\\\/\"]}]},{\"@type\":\"ImageObject\",\"inLanguage\":\"de\",\"@id\":\"https:\\\/\\\/martinluther.ca\\\/de\\\/2016\\\/05\\\/konfirmation-an-pfingsten-und-abschied-von-unserem-vikar\\\/#primaryimage\",\"url\":\"https:\\\/\\\/martinluther.ca\\\/wp-content\\\/uploads\\\/2016\\\/07\\\/2016-Confirmands-1024.jpg\",\"contentUrl\":\"https:\\\/\\\/martinluther.ca\\\/wp-content\\\/uploads\\\/2016\\\/07\\\/2016-Confirmands-1024.jpg\",\"width\":1024,\"height\":768,\"caption\":\"2016 Confirmation\"},{\"@type\":\"BreadcrumbList\",\"@id\":\"https:\\\/\\\/martinluther.ca\\\/de\\\/2016\\\/05\\\/konfirmation-an-pfingsten-und-abschied-von-unserem-vikar\\\/#breadcrumb\",\"itemListElement\":[{\"@type\":\"ListItem\",\"position\":1,\"name\":\"Home\",\"item\":\"https:\\\/\\\/martinluther.ca\\\/de\\\/\"},{\"@type\":\"ListItem\",\"position\":2,\"name\":\"Konfirmation an Pfingsten und Abschied von Vikar Moritz\"}]},{\"@type\":\"WebSite\",\"@id\":\"https:\\\/\\\/martinluther.ca\\\/de\\\/#website\",\"url\":\"https:\\\/\\\/martinluther.ca\\\/de\\\/\",\"name\":\"Martin Luther Evangelical Church Toronto\",\"description\":\"Deutsch &amp; Englisch\",\"publisher\":{\"@id\":\"https:\\\/\\\/martinluther.ca\\\/de\\\/#organization\"},\"potentialAction\":[{\"@type\":\"SearchAction\",\"target\":{\"@type\":\"EntryPoint\",\"urlTemplate\":\"https:\\\/\\\/martinluther.ca\\\/de\\\/?s={search_term_string}\"},\"query-input\":{\"@type\":\"PropertyValueSpecification\",\"valueRequired\":true,\"valueName\":\"search_term_string\"}}],\"inLanguage\":\"de\"},{\"@type\":\"Organization\",\"@id\":\"https:\\\/\\\/martinluther.ca\\\/de\\\/#organization\",\"name\":\"Martin Luther Evangelical Church Toronto\",\"url\":\"https:\\\/\\\/martinluther.ca\\\/de\\\/\",\"logo\":{\"@type\":\"ImageObject\",\"inLanguage\":\"de\",\"@id\":\"https:\\\/\\\/martinluther.ca\\\/de\\\/#\\\/schema\\\/logo\\\/image\\\/\",\"url\":\"https:\\\/\\\/martinluther.ca\\\/wp-content\\\/uploads\\\/2016\\\/12\\\/ml-logo-300.png\",\"contentUrl\":\"https:\\\/\\\/martinluther.ca\\\/wp-content\\\/uploads\\\/2016\\\/12\\\/ml-logo-300.png\",\"width\":300,\"height\":150,\"caption\":\"Martin Luther Evangelical Church Toronto\"},\"image\":{\"@id\":\"https:\\\/\\\/martinluther.ca\\\/de\\\/#\\\/schema\\\/logo\\\/image\\\/\"},\"sameAs\":[\"https:\\\/\\\/www.facebook.com\\\/martinlutherchurchtoronto\",\"https:\\\/\\\/www.instagram.com\\\/lutheransbythelake\\\/\",\"https:\\\/\\\/www.youtube.com\\\/MartinLutherChurchToronto\"]},{\"@type\":\"Person\",\"@id\":\"https:\\\/\\\/martinluther.ca\\\/de\\\/#\\\/schema\\\/person\\\/815c51710f70b050f0476f18da6b0c8f\",\"name\":\"Mona Kakoschke Frantzke\",\"image\":{\"@type\":\"ImageObject\",\"inLanguage\":\"de\",\"@id\":\"https:\\\/\\\/secure.gravatar.com\\\/avatar\\\/0deb16854ca545cd2e9fc8001ca110d262b80d5c8317b38dc542265fbea0ed19?s=96&d=mm&r=g\",\"url\":\"https:\\\/\\\/secure.gravatar.com\\\/avatar\\\/0deb16854ca545cd2e9fc8001ca110d262b80d5c8317b38dc542265fbea0ed19?s=96&d=mm&r=g\",\"contentUrl\":\"https:\\\/\\\/secure.gravatar.com\\\/avatar\\\/0deb16854ca545cd2e9fc8001ca110d262b80d5c8317b38dc542265fbea0ed19?s=96&d=mm&r=g\",\"caption\":\"Mona Kakoschke Frantzke\"},\"url\":false}]}<\/script>\n<!-- \/ Yoast SEO plugin. -->","yoast_head_json":{"title":"Konfirmation an Pfingsten und Abschied von Vikar Moritz - Martin Luther Evangelische Kirche Toronto","robots":{"index":"index","follow":"follow","max-snippet":"max-snippet:-1","max-image-preview":"max-image-preview:large","max-video-preview":"max-video-preview:-1"},"canonical":"https:\/\/martinluther.ca\/de\/2016\/05\/konfirmation-an-pfingsten-und-abschied-von-unserem-vikar\/","og_locale":"de_DE","og_type":"article","og_title":"Konfirmation an Pfingsten und Abschied von Vikar Moritz - Martin Luther Evangelische Kirche Toronto","og_description":"Konfirmation an Pfingsten 15. Mai 2016 Im gemeinsamen Pfingstgottesdienst 11.00 Uhr \u00a0werden Ida, Noah, Sebastian und Yannick konfirmiert. Kommen Sie zahlreich zum Pfingstgottesdienst und lassen Sie unsere\u00a0Konfirmand\/innen sp\u00fcren, dass sie Teil einer glaubensfrohen Gemeinde sind. Abschied von unserem Vikar Moritz Menacher Im letzten Sommer konnten wir mit gro\u00dfer Freude unseren Vikar Moritz Menacher und seine&hellip;","og_url":"https:\/\/martinluther.ca\/de\/2016\/05\/konfirmation-an-pfingsten-und-abschied-von-unserem-vikar\/","og_site_name":"Martin Luther Evangelische Kirche Toronto","article_publisher":"https:\/\/www.facebook.com\/martinlutherchurchtoronto","article_published_time":"2016-05-14T16:10:20+00:00","article_modified_time":"2016-07-22T19:48:03+00:00","og_image":[{"width":1024,"height":768,"url":"https:\/\/martinluther.ca\/wp-content\/uploads\/2016\/07\/2016-Confirmands-1024.jpg","type":"image\/jpeg"}],"author":"Mona Kakoschke Frantzke","twitter_card":"summary_large_image","twitter_misc":{"Verfasst von":"Mona Kakoschke Frantzke","Gesch\u00e4tzte Lesezeit":"3\u00a0Minuten"},"schema":{"@context":"https:\/\/schema.org","@graph":[{"@type":"Article","@id":"https:\/\/martinluther.ca\/de\/2016\/05\/konfirmation-an-pfingsten-und-abschied-von-unserem-vikar\/#article","isPartOf":{"@id":"https:\/\/martinluther.ca\/de\/2016\/05\/konfirmation-an-pfingsten-und-abschied-von-unserem-vikar\/"},"author":{"name":"Mona Kakoschke Frantzke","@id":"https:\/\/martinluther.ca\/de\/#\/schema\/person\/815c51710f70b050f0476f18da6b0c8f"},"headline":"Konfirmation an Pfingsten und Abschied von Vikar Moritz","datePublished":"2016-05-14T16:10:20+00:00","dateModified":"2016-07-22T19:48:03+00:00","mainEntityOfPage":{"@id":"https:\/\/martinluther.ca\/de\/2016\/05\/konfirmation-an-pfingsten-und-abschied-von-unserem-vikar\/"},"wordCount":533,"publisher":{"@id":"https:\/\/martinluther.ca\/de\/#organization"},"image":{"@id":"https:\/\/martinluther.ca\/de\/2016\/05\/konfirmation-an-pfingsten-und-abschied-von-unserem-vikar\/#primaryimage"},"thumbnailUrl":"https:\/\/martinluther.ca\/wp-content\/uploads\/2016\/07\/2016-Confirmands-1024.jpg","articleSection":["News Blog - German"],"inLanguage":"de"},{"@type":"WebPage","@id":"https:\/\/martinluther.ca\/de\/2016\/05\/konfirmation-an-pfingsten-und-abschied-von-unserem-vikar\/","url":"https:\/\/martinluther.ca\/de\/2016\/05\/konfirmation-an-pfingsten-und-abschied-von-unserem-vikar\/","name":"Konfirmation an Pfingsten und Abschied von Vikar Moritz - Martin Luther Evangelische Kirche Toronto","isPartOf":{"@id":"https:\/\/martinluther.ca\/de\/#website"},"primaryImageOfPage":{"@id":"https:\/\/martinluther.ca\/de\/2016\/05\/konfirmation-an-pfingsten-und-abschied-von-unserem-vikar\/#primaryimage"},"image":{"@id":"https:\/\/martinluther.ca\/de\/2016\/05\/konfirmation-an-pfingsten-und-abschied-von-unserem-vikar\/#primaryimage"},"thumbnailUrl":"https:\/\/martinluther.ca\/wp-content\/uploads\/2016\/07\/2016-Confirmands-1024.jpg","datePublished":"2016-05-14T16:10:20+00:00","dateModified":"2016-07-22T19:48:03+00:00","breadcrumb":{"@id":"https:\/\/martinluther.ca\/de\/2016\/05\/konfirmation-an-pfingsten-und-abschied-von-unserem-vikar\/#breadcrumb"},"inLanguage":"de","potentialAction":[{"@type":"ReadAction","target":["https:\/\/martinluther.ca\/de\/2016\/05\/konfirmation-an-pfingsten-und-abschied-von-unserem-vikar\/"]}]},{"@type":"ImageObject","inLanguage":"de","@id":"https:\/\/martinluther.ca\/de\/2016\/05\/konfirmation-an-pfingsten-und-abschied-von-unserem-vikar\/#primaryimage","url":"https:\/\/martinluther.ca\/wp-content\/uploads\/2016\/07\/2016-Confirmands-1024.jpg","contentUrl":"https:\/\/martinluther.ca\/wp-content\/uploads\/2016\/07\/2016-Confirmands-1024.jpg","width":1024,"height":768,"caption":"2016 Confirmation"},{"@type":"BreadcrumbList","@id":"https:\/\/martinluther.ca\/de\/2016\/05\/konfirmation-an-pfingsten-und-abschied-von-unserem-vikar\/#breadcrumb","itemListElement":[{"@type":"ListItem","position":1,"name":"Home","item":"https:\/\/martinluther.ca\/de\/"},{"@type":"ListItem","position":2,"name":"Konfirmation an Pfingsten und Abschied von Vikar Moritz"}]},{"@type":"WebSite","@id":"https:\/\/martinluther.ca\/de\/#website","url":"https:\/\/martinluther.ca\/de\/","name":"Martin Luther Evangelical Church Toronto","description":"Deutsch &amp; Englisch","publisher":{"@id":"https:\/\/martinluther.ca\/de\/#organization"},"potentialAction":[{"@type":"SearchAction","target":{"@type":"EntryPoint","urlTemplate":"https:\/\/martinluther.ca\/de\/?s={search_term_string}"},"query-input":{"@type":"PropertyValueSpecification","valueRequired":true,"valueName":"search_term_string"}}],"inLanguage":"de"},{"@type":"Organization","@id":"https:\/\/martinluther.ca\/de\/#organization","name":"Martin Luther Evangelical Church Toronto","url":"https:\/\/martinluther.ca\/de\/","logo":{"@type":"ImageObject","inLanguage":"de","@id":"https:\/\/martinluther.ca\/de\/#\/schema\/logo\/image\/","url":"https:\/\/martinluther.ca\/wp-content\/uploads\/2016\/12\/ml-logo-300.png","contentUrl":"https:\/\/martinluther.ca\/wp-content\/uploads\/2016\/12\/ml-logo-300.png","width":300,"height":150,"caption":"Martin Luther Evangelical Church Toronto"},"image":{"@id":"https:\/\/martinluther.ca\/de\/#\/schema\/logo\/image\/"},"sameAs":["https:\/\/www.facebook.com\/martinlutherchurchtoronto","https:\/\/www.instagram.com\/lutheransbythelake\/","https:\/\/www.youtube.com\/MartinLutherChurchToronto"]},{"@type":"Person","@id":"https:\/\/martinluther.ca\/de\/#\/schema\/person\/815c51710f70b050f0476f18da6b0c8f","name":"Mona Kakoschke Frantzke","image":{"@type":"ImageObject","inLanguage":"de","@id":"https:\/\/secure.gravatar.com\/avatar\/0deb16854ca545cd2e9fc8001ca110d262b80d5c8317b38dc542265fbea0ed19?s=96&d=mm&r=g","url":"https:\/\/secure.gravatar.com\/avatar\/0deb16854ca545cd2e9fc8001ca110d262b80d5c8317b38dc542265fbea0ed19?s=96&d=mm&r=g","contentUrl":"https:\/\/secure.gravatar.com\/avatar\/0deb16854ca545cd2e9fc8001ca110d262b80d5c8317b38dc542265fbea0ed19?s=96&d=mm&r=g","caption":"Mona Kakoschke Frantzke"},"url":false}]}},"_links":{"self":[{"href":"https:\/\/martinluther.ca\/de\/wp-json\/wp\/v2\/posts\/24473","targetHints":{"allow":["GET"]}}],"collection":[{"href":"https:\/\/martinluther.ca\/de\/wp-json\/wp\/v2\/posts"}],"about":[{"href":"https:\/\/martinluther.ca\/de\/wp-json\/wp\/v2\/types\/post"}],"author":[{"embeddable":true,"href":"https:\/\/martinluther.ca\/de\/wp-json\/wp\/v2\/users\/9"}],"replies":[{"embeddable":true,"href":"https:\/\/martinluther.ca\/de\/wp-json\/wp\/v2\/comments?post=24473"}],"version-history":[{"count":6,"href":"https:\/\/martinluther.ca\/de\/wp-json\/wp\/v2\/posts\/24473\/revisions"}],"predecessor-version":[{"id":24537,"href":"https:\/\/martinluther.ca\/de\/wp-json\/wp\/v2\/posts\/24473\/revisions\/24537"}],"wp:featuredmedia":[{"embeddable":true,"href":"https:\/\/martinluther.ca\/de\/wp-json\/wp\/v2\/media\/24495"}],"wp:attachment":[{"href":"https:\/\/martinluther.ca\/de\/wp-json\/wp\/v2\/media?parent=24473"}],"wp:term":[{"taxonomy":"category","embeddable":true,"href":"https:\/\/martinluther.ca\/de\/wp-json\/wp\/v2\/categories?post=24473"},{"taxonomy":"post_tag","embeddable":true,"href":"https:\/\/martinluther.ca\/de\/wp-json\/wp\/v2\/tags?post=24473"},{"taxonomy":"post_series","embeddable":true,"href":"https:\/\/martinluther.ca\/de\/wp-json\/wp\/v2\/post_series?post=24473"}],"curies":[{"name":"wp","href":"https:\/\/api.w.org\/{rel}","templated":true}]}}