{"id":24581,"date":"2016-08-18T19:20:01","date_gmt":"2016-08-18T23:20:01","guid":{"rendered":"https:\/\/martinluther.ca\/de\/?p=24581"},"modified":"2016-08-18T19:22:52","modified_gmt":"2016-08-18T23:22:52","slug":"in-80-tagen-um-die-welt-reist-mit-pastor-ceconi","status":"publish","type":"post","link":"https:\/\/martinluther.ca\/de\/2016\/08\/in-80-tagen-um-die-welt-reist-mit-pastor-ceconi\/","title":{"rendered":"In 80 Tagen um die Welt: Reist mit Pastor Ceconi"},"content":{"rendered":"<p><a href=\"https:\/\/martinluther.ca\/wp-content\/uploads\/2016\/08\/pastor_title-page.jpg\"><img loading=\"lazy\" decoding=\"async\" class=\"alignright size-medium wp-image-24579\" src=\"https:\/\/martinluther.ca\/wp-content\/uploads\/2016\/08\/pastor_title-page-300x200.jpg\" alt=\"pastor_title page\" width=\"300\" height=\"200\" \/><\/a>Am 6. August strahlte der \u201eRundfunk Berlin-Brandenburg\u201c Pastor Ceconi\u2019s Beitrag \u00fcber Kanada aus. Am Projekt des kirchlichen Rundfunkdienstes, das \u00a0\u00fcber einen Zeitraum von 80 Tagen l\u00e4uft, beteiligen sich mehr als 50 Evangelische und Katholische Autoren.<\/p>\n<p><a href=\"http:\/\/rundfunkdienst.ekbo.de\/radio\/in-80-tagen-um-die-welt\/682016-dr-christian-ceconi.html\" target=\"_blank\">Lesen oder h\u00f6ren <\/a>Sie seinen Bericht \u00fcber die First Nations und die Bem\u00fchungen um Vers\u00f6hnung in Anbetracht einer Geschichte von Missachtung und Missbrauch unter Beteiligung von Staat und Kirchen.<\/p>\n","protected":false},"excerpt":{"rendered":"<p>Am 6. August strahlte der \u201eRundfunk Berlin-Brandenburg\u201c Pastor Ceconi\u2019s Beitrag \u00fcber Kanada aus. Am Projekt des kirchlichen Rundfunkdienstes, das \u00a0\u00fcber einen Zeitraum von 80 Tagen l\u00e4uft, beteiligen sich mehr als 50 Evangelische und Katholische Autoren. Lesen oder h\u00f6ren Sie seinen Bericht \u00fcber die First Nations und die Bem\u00fchungen um Vers\u00f6hnung in Anbetracht einer Geschichte von&hellip;<\/p>\n","protected":false},"author":8,"featured_media":24579,"comment_status":"closed","ping_status":"closed","sticky":false,"template":"","format":"standard","meta":{"footnotes":""},"categories":[69],"tags":[],"post_series":[],"class_list":["post-24581","post","type-post","status-publish","format-standard","has-post-thumbnail","hentry","category-news-blog-german","entry","has-media"],"yoast_head":"<!-- This site is optimized with the Yoast SEO plugin v27.5 - https:\/\/yoast.com\/product\/yoast-seo-wordpress\/ -->\n<title>In 80 Tagen um die Welt: Reist mit Pastor Ceconi - Martin Luther Evangelische Kirche Toronto<\/title>\n<meta name=\"robots\" content=\"index, follow, max-snippet:-1, max-image-preview:large, max-video-preview:-1\" \/>\n<link rel=\"canonical\" href=\"https:\/\/martinluther.ca\/2016\/08\/around-the-world-in-80-days-join-pastor-ceconi\/\" \/>\n<meta property=\"og:locale\" content=\"de_DE\" \/>\n<meta property=\"og:type\" content=\"article\" \/>\n<meta property=\"og:title\" content=\"In 80 Tagen um die Welt: Reist mit Pastor Ceconi - Martin Luther Evangelische Kirche Toronto\" \/>\n<meta property=\"og:description\" content=\"Am 6. August strahlte der \u201eRundfunk Berlin-Brandenburg\u201c Pastor Ceconi\u2019s Beitrag \u00fcber Kanada aus. Am Projekt des kirchlichen Rundfunkdienstes, das \u00a0\u00fcber einen Zeitraum von 80 Tagen l\u00e4uft, beteiligen sich mehr als 50 Evangelische und Katholische Autoren. Lesen oder h\u00f6ren Sie seinen Bericht \u00fcber die First Nations und die Bem\u00fchungen um Vers\u00f6hnung in Anbetracht einer Geschichte von&hellip;\" \/>\n<meta property=\"og:url\" content=\"https:\/\/martinluther.ca\/2016\/08\/around-the-world-in-80-days-join-pastor-ceconi\/\" \/>\n<meta property=\"og:site_name\" content=\"Martin Luther Evangelische Kirche Toronto\" \/>\n<meta property=\"article:publisher\" content=\"https:\/\/www.facebook.com\/martinlutherchurchtoronto\" \/>\n<meta property=\"article:published_time\" content=\"2016-08-18T23:20:01+00:00\" \/>\n<meta property=\"article:modified_time\" content=\"2016-08-18T23:22:52+00:00\" \/>\n<meta property=\"og:image\" content=\"https:\/\/martinluther.ca\/wp-content\/uploads\/2016\/08\/pastor_title-page-1024x1024.jpg\" \/>\n\t<meta property=\"og:image:width\" content=\"1024\" \/>\n\t<meta property=\"og:image:height\" content=\"1024\" \/>\n\t<meta property=\"og:image:type\" content=\"image\/jpeg\" \/>\n<meta name=\"author\" content=\"Marlena Muller\" \/>\n<meta name=\"twitter:card\" content=\"summary_large_image\" \/>\n<meta name=\"twitter:label1\" content=\"Verfasst von\" \/>\n\t<meta name=\"twitter:data1\" content=\"Marlena Muller\" \/>\n<script type=\"application\/ld+json\" class=\"yoast-schema-graph\">{\"@context\":\"https:\\\/\\\/schema.org\",\"@graph\":[{\"@type\":\"Article\",\"@id\":\"https:\\\/\\\/martinluther.ca\\\/2016\\\/08\\\/around-the-world-in-80-days-join-pastor-ceconi\\\/#article\",\"isPartOf\":{\"@id\":\"https:\\\/\\\/martinluther.ca\\\/2016\\\/08\\\/around-the-world-in-80-days-join-pastor-ceconi\\\/\"},\"author\":{\"name\":\"Marlena Muller\",\"@id\":\"https:\\\/\\\/martinluther.ca\\\/de\\\/#\\\/schema\\\/person\\\/ef4e825f5d9d6fd740bbd7813710e15d\"},\"headline\":\"In 80 Tagen um die Welt: Reist mit Pastor Ceconi\",\"datePublished\":\"2016-08-18T23:20:01+00:00\",\"dateModified\":\"2016-08-18T23:22:52+00:00\",\"mainEntityOfPage\":{\"@id\":\"https:\\\/\\\/martinluther.ca\\\/2016\\\/08\\\/around-the-world-in-80-days-join-pastor-ceconi\\\/\"},\"wordCount\":75,\"publisher\":{\"@id\":\"https:\\\/\\\/martinluther.ca\\\/de\\\/#organization\"},\"image\":{\"@id\":\"https:\\\/\\\/martinluther.ca\\\/2016\\\/08\\\/around-the-world-in-80-days-join-pastor-ceconi\\\/#primaryimage\"},\"thumbnailUrl\":\"https:\\\/\\\/martinluther.ca\\\/wp-content\\\/uploads\\\/2016\\\/08\\\/pastor_title-page.jpg\",\"articleSection\":[\"News Blog - German\"],\"inLanguage\":\"de\"},{\"@type\":\"WebPage\",\"@id\":\"https:\\\/\\\/martinluther.ca\\\/2016\\\/08\\\/around-the-world-in-80-days-join-pastor-ceconi\\\/\",\"url\":\"https:\\\/\\\/martinluther.ca\\\/2016\\\/08\\\/around-the-world-in-80-days-join-pastor-ceconi\\\/\",\"name\":\"In 80 Tagen um die Welt: Reist mit Pastor Ceconi - Martin Luther Evangelische Kirche Toronto\",\"isPartOf\":{\"@id\":\"https:\\\/\\\/martinluther.ca\\\/de\\\/#website\"},\"primaryImageOfPage\":{\"@id\":\"https:\\\/\\\/martinluther.ca\\\/2016\\\/08\\\/around-the-world-in-80-days-join-pastor-ceconi\\\/#primaryimage\"},\"image\":{\"@id\":\"https:\\\/\\\/martinluther.ca\\\/2016\\\/08\\\/around-the-world-in-80-days-join-pastor-ceconi\\\/#primaryimage\"},\"thumbnailUrl\":\"https:\\\/\\\/martinluther.ca\\\/wp-content\\\/uploads\\\/2016\\\/08\\\/pastor_title-page.jpg\",\"datePublished\":\"2016-08-18T23:20:01+00:00\",\"dateModified\":\"2016-08-18T23:22:52+00:00\",\"breadcrumb\":{\"@id\":\"https:\\\/\\\/martinluther.ca\\\/2016\\\/08\\\/around-the-world-in-80-days-join-pastor-ceconi\\\/#breadcrumb\"},\"inLanguage\":\"de\",\"potentialAction\":[{\"@type\":\"ReadAction\",\"target\":[\"https:\\\/\\\/martinluther.ca\\\/2016\\\/08\\\/around-the-world-in-80-days-join-pastor-ceconi\\\/\"]}]},{\"@type\":\"ImageObject\",\"inLanguage\":\"de\",\"@id\":\"https:\\\/\\\/martinluther.ca\\\/2016\\\/08\\\/around-the-world-in-80-days-join-pastor-ceconi\\\/#primaryimage\",\"url\":\"https:\\\/\\\/martinluther.ca\\\/wp-content\\\/uploads\\\/2016\\\/08\\\/pastor_title-page.jpg\",\"contentUrl\":\"https:\\\/\\\/martinluther.ca\\\/wp-content\\\/uploads\\\/2016\\\/08\\\/pastor_title-page.jpg\",\"width\":4608,\"height\":3072},{\"@type\":\"BreadcrumbList\",\"@id\":\"https:\\\/\\\/martinluther.ca\\\/2016\\\/08\\\/around-the-world-in-80-days-join-pastor-ceconi\\\/#breadcrumb\",\"itemListElement\":[{\"@type\":\"ListItem\",\"position\":1,\"name\":\"Home\",\"item\":\"https:\\\/\\\/martinluther.ca\\\/de\\\/\"},{\"@type\":\"ListItem\",\"position\":2,\"name\":\"In 80 Tagen um die Welt: Reist mit Pastor Ceconi\"}]},{\"@type\":\"WebSite\",\"@id\":\"https:\\\/\\\/martinluther.ca\\\/de\\\/#website\",\"url\":\"https:\\\/\\\/martinluther.ca\\\/de\\\/\",\"name\":\"Martin Luther Evangelical Church Toronto\",\"description\":\"Deutsch &amp; Englisch\",\"publisher\":{\"@id\":\"https:\\\/\\\/martinluther.ca\\\/de\\\/#organization\"},\"potentialAction\":[{\"@type\":\"SearchAction\",\"target\":{\"@type\":\"EntryPoint\",\"urlTemplate\":\"https:\\\/\\\/martinluther.ca\\\/de\\\/?s={search_term_string}\"},\"query-input\":{\"@type\":\"PropertyValueSpecification\",\"valueRequired\":true,\"valueName\":\"search_term_string\"}}],\"inLanguage\":\"de\"},{\"@type\":\"Organization\",\"@id\":\"https:\\\/\\\/martinluther.ca\\\/de\\\/#organization\",\"name\":\"Martin Luther Evangelical Church Toronto\",\"url\":\"https:\\\/\\\/martinluther.ca\\\/de\\\/\",\"logo\":{\"@type\":\"ImageObject\",\"inLanguage\":\"de\",\"@id\":\"https:\\\/\\\/martinluther.ca\\\/de\\\/#\\\/schema\\\/logo\\\/image\\\/\",\"url\":\"https:\\\/\\\/martinluther.ca\\\/wp-content\\\/uploads\\\/2016\\\/12\\\/ml-logo-300.png\",\"contentUrl\":\"https:\\\/\\\/martinluther.ca\\\/wp-content\\\/uploads\\\/2016\\\/12\\\/ml-logo-300.png\",\"width\":300,\"height\":150,\"caption\":\"Martin Luther Evangelical Church Toronto\"},\"image\":{\"@id\":\"https:\\\/\\\/martinluther.ca\\\/de\\\/#\\\/schema\\\/logo\\\/image\\\/\"},\"sameAs\":[\"https:\\\/\\\/www.facebook.com\\\/martinlutherchurchtoronto\",\"https:\\\/\\\/www.instagram.com\\\/lutheransbythelake\\\/\",\"https:\\\/\\\/www.youtube.com\\\/MartinLutherChurchToronto\"]},{\"@type\":\"Person\",\"@id\":\"https:\\\/\\\/martinluther.ca\\\/de\\\/#\\\/schema\\\/person\\\/ef4e825f5d9d6fd740bbd7813710e15d\",\"name\":\"Marlena Muller\",\"image\":{\"@type\":\"ImageObject\",\"inLanguage\":\"de\",\"@id\":\"https:\\\/\\\/secure.gravatar.com\\\/avatar\\\/fe840ff753768b839caa2dd522d4797f19f7e22fa2da83388e0fbfc570b65a37?s=96&d=mm&r=g\",\"url\":\"https:\\\/\\\/secure.gravatar.com\\\/avatar\\\/fe840ff753768b839caa2dd522d4797f19f7e22fa2da83388e0fbfc570b65a37?s=96&d=mm&r=g\",\"contentUrl\":\"https:\\\/\\\/secure.gravatar.com\\\/avatar\\\/fe840ff753768b839caa2dd522d4797f19f7e22fa2da83388e0fbfc570b65a37?s=96&d=mm&r=g\",\"caption\":\"Marlena Muller\"},\"url\":false}]}<\/script>\n<!-- \/ Yoast SEO plugin. -->","yoast_head_json":{"title":"In 80 Tagen um die Welt: Reist mit Pastor Ceconi - Martin Luther Evangelische Kirche Toronto","robots":{"index":"index","follow":"follow","max-snippet":"max-snippet:-1","max-image-preview":"max-image-preview:large","max-video-preview":"max-video-preview:-1"},"canonical":"https:\/\/martinluther.ca\/2016\/08\/around-the-world-in-80-days-join-pastor-ceconi\/","og_locale":"de_DE","og_type":"article","og_title":"In 80 Tagen um die Welt: Reist mit Pastor Ceconi - Martin Luther Evangelische Kirche Toronto","og_description":"Am 6. August strahlte der \u201eRundfunk Berlin-Brandenburg\u201c Pastor Ceconi\u2019s Beitrag \u00fcber Kanada aus. Am Projekt des kirchlichen Rundfunkdienstes, das \u00a0\u00fcber einen Zeitraum von 80 Tagen l\u00e4uft, beteiligen sich mehr als 50 Evangelische und Katholische Autoren. Lesen oder h\u00f6ren Sie seinen Bericht \u00fcber die First Nations und die Bem\u00fchungen um Vers\u00f6hnung in Anbetracht einer Geschichte von&hellip;","og_url":"https:\/\/martinluther.ca\/2016\/08\/around-the-world-in-80-days-join-pastor-ceconi\/","og_site_name":"Martin Luther Evangelische Kirche Toronto","article_publisher":"https:\/\/www.facebook.com\/martinlutherchurchtoronto","article_published_time":"2016-08-18T23:20:01+00:00","article_modified_time":"2016-08-18T23:22:52+00:00","og_image":[{"width":1024,"height":1024,"url":"https:\/\/martinluther.ca\/wp-content\/uploads\/2016\/08\/pastor_title-page-1024x1024.jpg","type":"image\/jpeg"}],"author":"Marlena Muller","twitter_card":"summary_large_image","twitter_misc":{"Verfasst von":"Marlena Muller"},"schema":{"@context":"https:\/\/schema.org","@graph":[{"@type":"Article","@id":"https:\/\/martinluther.ca\/2016\/08\/around-the-world-in-80-days-join-pastor-ceconi\/#article","isPartOf":{"@id":"https:\/\/martinluther.ca\/2016\/08\/around-the-world-in-80-days-join-pastor-ceconi\/"},"author":{"name":"Marlena Muller","@id":"https:\/\/martinluther.ca\/de\/#\/schema\/person\/ef4e825f5d9d6fd740bbd7813710e15d"},"headline":"In 80 Tagen um die Welt: Reist mit Pastor Ceconi","datePublished":"2016-08-18T23:20:01+00:00","dateModified":"2016-08-18T23:22:52+00:00","mainEntityOfPage":{"@id":"https:\/\/martinluther.ca\/2016\/08\/around-the-world-in-80-days-join-pastor-ceconi\/"},"wordCount":75,"publisher":{"@id":"https:\/\/martinluther.ca\/de\/#organization"},"image":{"@id":"https:\/\/martinluther.ca\/2016\/08\/around-the-world-in-80-days-join-pastor-ceconi\/#primaryimage"},"thumbnailUrl":"https:\/\/martinluther.ca\/wp-content\/uploads\/2016\/08\/pastor_title-page.jpg","articleSection":["News Blog - German"],"inLanguage":"de"},{"@type":"WebPage","@id":"https:\/\/martinluther.ca\/2016\/08\/around-the-world-in-80-days-join-pastor-ceconi\/","url":"https:\/\/martinluther.ca\/2016\/08\/around-the-world-in-80-days-join-pastor-ceconi\/","name":"In 80 Tagen um die Welt: Reist mit Pastor Ceconi - Martin Luther Evangelische Kirche Toronto","isPartOf":{"@id":"https:\/\/martinluther.ca\/de\/#website"},"primaryImageOfPage":{"@id":"https:\/\/martinluther.ca\/2016\/08\/around-the-world-in-80-days-join-pastor-ceconi\/#primaryimage"},"image":{"@id":"https:\/\/martinluther.ca\/2016\/08\/around-the-world-in-80-days-join-pastor-ceconi\/#primaryimage"},"thumbnailUrl":"https:\/\/martinluther.ca\/wp-content\/uploads\/2016\/08\/pastor_title-page.jpg","datePublished":"2016-08-18T23:20:01+00:00","dateModified":"2016-08-18T23:22:52+00:00","breadcrumb":{"@id":"https:\/\/martinluther.ca\/2016\/08\/around-the-world-in-80-days-join-pastor-ceconi\/#breadcrumb"},"inLanguage":"de","potentialAction":[{"@type":"ReadAction","target":["https:\/\/martinluther.ca\/2016\/08\/around-the-world-in-80-days-join-pastor-ceconi\/"]}]},{"@type":"ImageObject","inLanguage":"de","@id":"https:\/\/martinluther.ca\/2016\/08\/around-the-world-in-80-days-join-pastor-ceconi\/#primaryimage","url":"https:\/\/martinluther.ca\/wp-content\/uploads\/2016\/08\/pastor_title-page.jpg","contentUrl":"https:\/\/martinluther.ca\/wp-content\/uploads\/2016\/08\/pastor_title-page.jpg","width":4608,"height":3072},{"@type":"BreadcrumbList","@id":"https:\/\/martinluther.ca\/2016\/08\/around-the-world-in-80-days-join-pastor-ceconi\/#breadcrumb","itemListElement":[{"@type":"ListItem","position":1,"name":"Home","item":"https:\/\/martinluther.ca\/de\/"},{"@type":"ListItem","position":2,"name":"In 80 Tagen um die Welt: Reist mit Pastor Ceconi"}]},{"@type":"WebSite","@id":"https:\/\/martinluther.ca\/de\/#website","url":"https:\/\/martinluther.ca\/de\/","name":"Martin Luther Evangelical Church Toronto","description":"Deutsch &amp; Englisch","publisher":{"@id":"https:\/\/martinluther.ca\/de\/#organization"},"potentialAction":[{"@type":"SearchAction","target":{"@type":"EntryPoint","urlTemplate":"https:\/\/martinluther.ca\/de\/?s={search_term_string}"},"query-input":{"@type":"PropertyValueSpecification","valueRequired":true,"valueName":"search_term_string"}}],"inLanguage":"de"},{"@type":"Organization","@id":"https:\/\/martinluther.ca\/de\/#organization","name":"Martin Luther Evangelical Church Toronto","url":"https:\/\/martinluther.ca\/de\/","logo":{"@type":"ImageObject","inLanguage":"de","@id":"https:\/\/martinluther.ca\/de\/#\/schema\/logo\/image\/","url":"https:\/\/martinluther.ca\/wp-content\/uploads\/2016\/12\/ml-logo-300.png","contentUrl":"https:\/\/martinluther.ca\/wp-content\/uploads\/2016\/12\/ml-logo-300.png","width":300,"height":150,"caption":"Martin Luther Evangelical Church Toronto"},"image":{"@id":"https:\/\/martinluther.ca\/de\/#\/schema\/logo\/image\/"},"sameAs":["https:\/\/www.facebook.com\/martinlutherchurchtoronto","https:\/\/www.instagram.com\/lutheransbythelake\/","https:\/\/www.youtube.com\/MartinLutherChurchToronto"]},{"@type":"Person","@id":"https:\/\/martinluther.ca\/de\/#\/schema\/person\/ef4e825f5d9d6fd740bbd7813710e15d","name":"Marlena Muller","image":{"@type":"ImageObject","inLanguage":"de","@id":"https:\/\/secure.gravatar.com\/avatar\/fe840ff753768b839caa2dd522d4797f19f7e22fa2da83388e0fbfc570b65a37?s=96&d=mm&r=g","url":"https:\/\/secure.gravatar.com\/avatar\/fe840ff753768b839caa2dd522d4797f19f7e22fa2da83388e0fbfc570b65a37?s=96&d=mm&r=g","contentUrl":"https:\/\/secure.gravatar.com\/avatar\/fe840ff753768b839caa2dd522d4797f19f7e22fa2da83388e0fbfc570b65a37?s=96&d=mm&r=g","caption":"Marlena Muller"},"url":false}]}},"_links":{"self":[{"href":"https:\/\/martinluther.ca\/de\/wp-json\/wp\/v2\/posts\/24581","targetHints":{"allow":["GET"]}}],"collection":[{"href":"https:\/\/martinluther.ca\/de\/wp-json\/wp\/v2\/posts"}],"about":[{"href":"https:\/\/martinluther.ca\/de\/wp-json\/wp\/v2\/types\/post"}],"author":[{"embeddable":true,"href":"https:\/\/martinluther.ca\/de\/wp-json\/wp\/v2\/users\/8"}],"replies":[{"embeddable":true,"href":"https:\/\/martinluther.ca\/de\/wp-json\/wp\/v2\/comments?post=24581"}],"version-history":[{"count":1,"href":"https:\/\/martinluther.ca\/de\/wp-json\/wp\/v2\/posts\/24581\/revisions"}],"predecessor-version":[{"id":24582,"href":"https:\/\/martinluther.ca\/de\/wp-json\/wp\/v2\/posts\/24581\/revisions\/24582"}],"wp:featuredmedia":[{"embeddable":true,"href":"https:\/\/martinluther.ca\/de\/wp-json\/wp\/v2\/media\/24579"}],"wp:attachment":[{"href":"https:\/\/martinluther.ca\/de\/wp-json\/wp\/v2\/media?parent=24581"}],"wp:term":[{"taxonomy":"category","embeddable":true,"href":"https:\/\/martinluther.ca\/de\/wp-json\/wp\/v2\/categories?post=24581"},{"taxonomy":"post_tag","embeddable":true,"href":"https:\/\/martinluther.ca\/de\/wp-json\/wp\/v2\/tags?post=24581"},{"taxonomy":"post_series","embeddable":true,"href":"https:\/\/martinluther.ca\/de\/wp-json\/wp\/v2\/post_series?post=24581"}],"curies":[{"name":"wp","href":"https:\/\/api.w.org\/{rel}","templated":true}]}}