{"id":24700,"date":"2016-09-07T14:26:25","date_gmt":"2016-09-07T18:26:25","guid":{"rendered":"https:\/\/martinluther.ca\/de\/?p=24700"},"modified":"2016-09-07T17:34:14","modified_gmt":"2016-09-07T21:34:14","slug":"segnung-zum-schuljahresbeginn-am-11-sept-und-ein-willkommen-intern-luisa-lenz","status":"publish","type":"post","link":"https:\/\/martinluther.ca\/de\/2016\/09\/segnung-zum-schuljahresbeginn-am-11-sept-und-ein-willkommen-intern-luisa-lenz\/","title":{"rendered":"Segnung zum Schuljahresbeginn am 11. Sept und ein Willkommen Praktikantin Luisa"},"content":{"rendered":"<figure id=\"attachment_24707\" aria-describedby=\"caption-attachment-24707\" style=\"width: 225px\" class=\"wp-caption alignright\"><img loading=\"lazy\" decoding=\"async\" class=\"size-medium wp-image-24707\" src=\"https:\/\/martinluther.ca\/wp-content\/uploads\/2016\/09\/Luisa-Lenz-1200-225x300.jpg\" alt=\"Luisa Lenz 2016 MLC Intern\" width=\"225\" height=\"300\" srcset=\"https:\/\/martinluther.ca\/wp-content\/uploads\/2016\/09\/Luisa-Lenz-1200-225x300.jpg 225w, https:\/\/martinluther.ca\/wp-content\/uploads\/2016\/09\/Luisa-Lenz-1200-768x1024.jpg 768w, https:\/\/martinluther.ca\/wp-content\/uploads\/2016\/09\/Luisa-Lenz-1200.jpg 1200w\" sizes=\"auto, (max-width: 225px) 100vw, 225px\" \/><figcaption id=\"caption-attachment-24707\" class=\"wp-caption-text\">Luisa Lenz 2016 MLK Intern<\/figcaption><\/figure>\n<p><strong>Gottesdienst mit Segnung zum Schuljahresbeginn am 11. September 2016<\/strong><\/p>\n<p>\u201eBack to school\u201d hei\u00dft es nach den Sommerferien und f\u00fcr viele auch zur\u00fcck in die Kirche. In diesem Jahr werden wir Beides miteinander verbinden und laden alle Kinder und Jugendlichen zum Gottesdienst ein. Kinder, die erstmals zur Schule gehen (und alle anderen Kinder, die das m\u00f6chten) werden im Rahmen des Gottesdienstes gesegnet.<\/p>\n<p>Also unbedingt dabei sein: 11. September, 9.45 Uhr in englischer Sprache und 11.00 Uhr in deutscher Sprache.<\/p>\n<p>Anmeldungen f\u00fcr Jugendliche (12-15 Jahre) f\u00fcr den <strong>Konfirmandenkurs der am 24.-25.9 anf\u00e4ngt <\/strong>sind noch m\u00f6glich. Konfirmation am Pfingsten 2017.<\/p>\n<p><strong>Ein Wilkommen Praktikantin Luisa Lenz<\/strong><\/p>\n<p>In den Gottesdiensten hei\u00dfen wir auch Luisa Lenz wilkommen. Sie wird 4 Monate von 1. September bis zum 31. Dezember 2016 ein Praktikum im Kirchenb\u00fcro absolvieren und bleibt bis ende Januar 2017 in Toronto. Luisa\u2019s Hauptprojekte: Konfirmandenkurs, Weihnachtsspiel, Martin Luther Church Day Care (einmal der Woche), und \u201cGerman Meetup Group\u201d. Sie hat sich in dem Aug \u2013 Sept 2016 Gemeindebrief vorgestellt:<\/p>\n<p>Ich hei\u00dfe Luisa und ich bin 22 Jahre alt. Ich studiere Religions\u00acp\u00e4dagogik an der Evangelischen Hochschule in Freiburg. Im 3. Semester meines Studiums bekomme ich die Chance ein Praxissemester im Ausland zu absolvieren und freue mich sehr darauf, bald nach Toronto kommen zu d\u00fcrfen und die Ge\u00acmeinde kennenzulernen.<\/p>\n<p>Leider habe ich noch nicht sehr viel Arbeitserfahrung in einer Kirchengemeinde gesammelt, aber gerade deshalb bin ich darauf gespannt, mehr \u00fcber die T\u00e4tigheiten in der Kirche zu lernen.<\/p>\n<p>Mir macht es sehr viel Spa\u00df, mit Kindern und Jugendlichen zu arbeiten und ich habe in diesem Bereich auch schon einige Praktika gemacht. Ich freue mich darauf, dies auch in Toronto in die Praxis umzusetzen und mich neuen Herausforderungen zu stellen.<\/p>\n<p>Mein Ziel ist es, ein Teil Ihrer Gemeinde zu werden und viele Erfahrungen zu sammeln, die ich in meine sp\u00e4tere Arbeit in Deutschland einbringen kann.<\/p>\n","protected":false},"excerpt":{"rendered":"<p>Gottesdienst mit Segnung zum Schuljahresbeginn am 11. September 2016 \u201eBack to school\u201d hei\u00dft es nach den Sommerferien und f\u00fcr viele auch zur\u00fcck in die Kirche. In diesem Jahr werden wir Beides miteinander verbinden und laden alle Kinder und Jugendlichen zum Gottesdienst ein. Kinder, die erstmals zur Schule gehen (und alle anderen Kinder, die das m\u00f6chten)&hellip;<\/p>\n","protected":false},"author":9,"featured_media":24707,"comment_status":"closed","ping_status":"closed","sticky":false,"template":"","format":"standard","meta":{"footnotes":""},"categories":[69],"tags":[],"post_series":[],"class_list":["post-24700","post","type-post","status-publish","format-standard","has-post-thumbnail","hentry","category-news-blog-german","entry","has-media"],"yoast_head":"<!-- This site is optimized with the Yoast SEO plugin v27.5 - https:\/\/yoast.com\/product\/yoast-seo-wordpress\/ -->\n<title>Segnung zum Schuljahresbeginn am 11. Sept und ein Willkommen Praktikantin Luisa - Martin Luther Evangelische Kirche Toronto<\/title>\n<meta name=\"robots\" content=\"index, follow, max-snippet:-1, max-image-preview:large, max-video-preview:-1\" \/>\n<link rel=\"canonical\" href=\"https:\/\/martinluther.ca\/de\/2016\/09\/segnung-zum-schuljahresbeginn-am-11-sept-und-ein-willkommen-intern-luisa-lenz\/\" \/>\n<meta property=\"og:locale\" content=\"de_DE\" \/>\n<meta property=\"og:type\" content=\"article\" \/>\n<meta property=\"og:title\" content=\"Segnung zum Schuljahresbeginn am 11. Sept und ein Willkommen Praktikantin Luisa - Martin Luther Evangelische Kirche Toronto\" \/>\n<meta property=\"og:description\" content=\"Gottesdienst mit Segnung zum Schuljahresbeginn am 11. September 2016 \u201eBack to school\u201d hei\u00dft es nach den Sommerferien und f\u00fcr viele auch zur\u00fcck in die Kirche. In diesem Jahr werden wir Beides miteinander verbinden und laden alle Kinder und Jugendlichen zum Gottesdienst ein. Kinder, die erstmals zur Schule gehen (und alle anderen Kinder, die das m\u00f6chten)&hellip;\" \/>\n<meta property=\"og:url\" content=\"https:\/\/martinluther.ca\/de\/2016\/09\/segnung-zum-schuljahresbeginn-am-11-sept-und-ein-willkommen-intern-luisa-lenz\/\" \/>\n<meta property=\"og:site_name\" content=\"Martin Luther Evangelische Kirche Toronto\" \/>\n<meta property=\"article:publisher\" content=\"https:\/\/www.facebook.com\/martinlutherchurchtoronto\" \/>\n<meta property=\"article:published_time\" content=\"2016-09-07T18:26:25+00:00\" \/>\n<meta property=\"article:modified_time\" content=\"2016-09-07T21:34:14+00:00\" \/>\n<meta property=\"og:image\" content=\"https:\/\/martinluther.ca\/wp-content\/uploads\/2016\/09\/Luisa-Lenz-1200.jpg\" \/>\n\t<meta property=\"og:image:width\" content=\"1200\" \/>\n\t<meta property=\"og:image:height\" content=\"1600\" \/>\n\t<meta property=\"og:image:type\" content=\"image\/jpeg\" \/>\n<meta name=\"author\" content=\"Mona Kakoschke Frantzke\" \/>\n<meta name=\"twitter:card\" content=\"summary_large_image\" \/>\n<meta name=\"twitter:label1\" content=\"Verfasst von\" \/>\n\t<meta name=\"twitter:data1\" content=\"Mona Kakoschke Frantzke\" \/>\n\t<meta name=\"twitter:label2\" content=\"Gesch\u00e4tzte Lesezeit\" \/>\n\t<meta name=\"twitter:data2\" content=\"2\u00a0Minuten\" \/>\n<script type=\"application\/ld+json\" class=\"yoast-schema-graph\">{\"@context\":\"https:\\\/\\\/schema.org\",\"@graph\":[{\"@type\":\"Article\",\"@id\":\"https:\\\/\\\/martinluther.ca\\\/de\\\/2016\\\/09\\\/segnung-zum-schuljahresbeginn-am-11-sept-und-ein-willkommen-intern-luisa-lenz\\\/#article\",\"isPartOf\":{\"@id\":\"https:\\\/\\\/martinluther.ca\\\/de\\\/2016\\\/09\\\/segnung-zum-schuljahresbeginn-am-11-sept-und-ein-willkommen-intern-luisa-lenz\\\/\"},\"author\":{\"name\":\"Mona Kakoschke Frantzke\",\"@id\":\"https:\\\/\\\/martinluther.ca\\\/de\\\/#\\\/schema\\\/person\\\/815c51710f70b050f0476f18da6b0c8f\"},\"headline\":\"Segnung zum Schuljahresbeginn am 11. Sept und ein Willkommen Praktikantin Luisa\",\"datePublished\":\"2016-09-07T18:26:25+00:00\",\"dateModified\":\"2016-09-07T21:34:14+00:00\",\"mainEntityOfPage\":{\"@id\":\"https:\\\/\\\/martinluther.ca\\\/de\\\/2016\\\/09\\\/segnung-zum-schuljahresbeginn-am-11-sept-und-ein-willkommen-intern-luisa-lenz\\\/\"},\"wordCount\":329,\"publisher\":{\"@id\":\"https:\\\/\\\/martinluther.ca\\\/de\\\/#organization\"},\"image\":{\"@id\":\"https:\\\/\\\/martinluther.ca\\\/de\\\/2016\\\/09\\\/segnung-zum-schuljahresbeginn-am-11-sept-und-ein-willkommen-intern-luisa-lenz\\\/#primaryimage\"},\"thumbnailUrl\":\"https:\\\/\\\/martinluther.ca\\\/wp-content\\\/uploads\\\/2016\\\/09\\\/Luisa-Lenz-1200.jpg\",\"articleSection\":[\"News Blog - German\"],\"inLanguage\":\"de\"},{\"@type\":\"WebPage\",\"@id\":\"https:\\\/\\\/martinluther.ca\\\/de\\\/2016\\\/09\\\/segnung-zum-schuljahresbeginn-am-11-sept-und-ein-willkommen-intern-luisa-lenz\\\/\",\"url\":\"https:\\\/\\\/martinluther.ca\\\/de\\\/2016\\\/09\\\/segnung-zum-schuljahresbeginn-am-11-sept-und-ein-willkommen-intern-luisa-lenz\\\/\",\"name\":\"Segnung zum Schuljahresbeginn am 11. Sept und ein Willkommen Praktikantin Luisa - Martin Luther Evangelische Kirche Toronto\",\"isPartOf\":{\"@id\":\"https:\\\/\\\/martinluther.ca\\\/de\\\/#website\"},\"primaryImageOfPage\":{\"@id\":\"https:\\\/\\\/martinluther.ca\\\/de\\\/2016\\\/09\\\/segnung-zum-schuljahresbeginn-am-11-sept-und-ein-willkommen-intern-luisa-lenz\\\/#primaryimage\"},\"image\":{\"@id\":\"https:\\\/\\\/martinluther.ca\\\/de\\\/2016\\\/09\\\/segnung-zum-schuljahresbeginn-am-11-sept-und-ein-willkommen-intern-luisa-lenz\\\/#primaryimage\"},\"thumbnailUrl\":\"https:\\\/\\\/martinluther.ca\\\/wp-content\\\/uploads\\\/2016\\\/09\\\/Luisa-Lenz-1200.jpg\",\"datePublished\":\"2016-09-07T18:26:25+00:00\",\"dateModified\":\"2016-09-07T21:34:14+00:00\",\"breadcrumb\":{\"@id\":\"https:\\\/\\\/martinluther.ca\\\/de\\\/2016\\\/09\\\/segnung-zum-schuljahresbeginn-am-11-sept-und-ein-willkommen-intern-luisa-lenz\\\/#breadcrumb\"},\"inLanguage\":\"de\",\"potentialAction\":[{\"@type\":\"ReadAction\",\"target\":[\"https:\\\/\\\/martinluther.ca\\\/de\\\/2016\\\/09\\\/segnung-zum-schuljahresbeginn-am-11-sept-und-ein-willkommen-intern-luisa-lenz\\\/\"]}]},{\"@type\":\"ImageObject\",\"inLanguage\":\"de\",\"@id\":\"https:\\\/\\\/martinluther.ca\\\/de\\\/2016\\\/09\\\/segnung-zum-schuljahresbeginn-am-11-sept-und-ein-willkommen-intern-luisa-lenz\\\/#primaryimage\",\"url\":\"https:\\\/\\\/martinluther.ca\\\/wp-content\\\/uploads\\\/2016\\\/09\\\/Luisa-Lenz-1200.jpg\",\"contentUrl\":\"https:\\\/\\\/martinluther.ca\\\/wp-content\\\/uploads\\\/2016\\\/09\\\/Luisa-Lenz-1200.jpg\",\"width\":1200,\"height\":1600,\"caption\":\"Luisa Lenz 2016 MLK Intern\"},{\"@type\":\"BreadcrumbList\",\"@id\":\"https:\\\/\\\/martinluther.ca\\\/de\\\/2016\\\/09\\\/segnung-zum-schuljahresbeginn-am-11-sept-und-ein-willkommen-intern-luisa-lenz\\\/#breadcrumb\",\"itemListElement\":[{\"@type\":\"ListItem\",\"position\":1,\"name\":\"Home\",\"item\":\"https:\\\/\\\/martinluther.ca\\\/de\\\/\"},{\"@type\":\"ListItem\",\"position\":2,\"name\":\"Segnung zum Schuljahresbeginn am 11. Sept und ein Willkommen Praktikantin Luisa\"}]},{\"@type\":\"WebSite\",\"@id\":\"https:\\\/\\\/martinluther.ca\\\/de\\\/#website\",\"url\":\"https:\\\/\\\/martinluther.ca\\\/de\\\/\",\"name\":\"Martin Luther Evangelical Church Toronto\",\"description\":\"Deutsch &amp; Englisch\",\"publisher\":{\"@id\":\"https:\\\/\\\/martinluther.ca\\\/de\\\/#organization\"},\"potentialAction\":[{\"@type\":\"SearchAction\",\"target\":{\"@type\":\"EntryPoint\",\"urlTemplate\":\"https:\\\/\\\/martinluther.ca\\\/de\\\/?s={search_term_string}\"},\"query-input\":{\"@type\":\"PropertyValueSpecification\",\"valueRequired\":true,\"valueName\":\"search_term_string\"}}],\"inLanguage\":\"de\"},{\"@type\":\"Organization\",\"@id\":\"https:\\\/\\\/martinluther.ca\\\/de\\\/#organization\",\"name\":\"Martin Luther Evangelical Church Toronto\",\"url\":\"https:\\\/\\\/martinluther.ca\\\/de\\\/\",\"logo\":{\"@type\":\"ImageObject\",\"inLanguage\":\"de\",\"@id\":\"https:\\\/\\\/martinluther.ca\\\/de\\\/#\\\/schema\\\/logo\\\/image\\\/\",\"url\":\"https:\\\/\\\/martinluther.ca\\\/wp-content\\\/uploads\\\/2016\\\/12\\\/ml-logo-300.png\",\"contentUrl\":\"https:\\\/\\\/martinluther.ca\\\/wp-content\\\/uploads\\\/2016\\\/12\\\/ml-logo-300.png\",\"width\":300,\"height\":150,\"caption\":\"Martin Luther Evangelical Church Toronto\"},\"image\":{\"@id\":\"https:\\\/\\\/martinluther.ca\\\/de\\\/#\\\/schema\\\/logo\\\/image\\\/\"},\"sameAs\":[\"https:\\\/\\\/www.facebook.com\\\/martinlutherchurchtoronto\",\"https:\\\/\\\/www.instagram.com\\\/lutheransbythelake\\\/\",\"https:\\\/\\\/www.youtube.com\\\/MartinLutherChurchToronto\"]},{\"@type\":\"Person\",\"@id\":\"https:\\\/\\\/martinluther.ca\\\/de\\\/#\\\/schema\\\/person\\\/815c51710f70b050f0476f18da6b0c8f\",\"name\":\"Mona Kakoschke Frantzke\",\"image\":{\"@type\":\"ImageObject\",\"inLanguage\":\"de\",\"@id\":\"https:\\\/\\\/secure.gravatar.com\\\/avatar\\\/0deb16854ca545cd2e9fc8001ca110d262b80d5c8317b38dc542265fbea0ed19?s=96&d=mm&r=g\",\"url\":\"https:\\\/\\\/secure.gravatar.com\\\/avatar\\\/0deb16854ca545cd2e9fc8001ca110d262b80d5c8317b38dc542265fbea0ed19?s=96&d=mm&r=g\",\"contentUrl\":\"https:\\\/\\\/secure.gravatar.com\\\/avatar\\\/0deb16854ca545cd2e9fc8001ca110d262b80d5c8317b38dc542265fbea0ed19?s=96&d=mm&r=g\",\"caption\":\"Mona Kakoschke Frantzke\"},\"url\":false}]}<\/script>\n<!-- \/ Yoast SEO plugin. -->","yoast_head_json":{"title":"Segnung zum Schuljahresbeginn am 11. Sept und ein Willkommen Praktikantin Luisa - Martin Luther Evangelische Kirche Toronto","robots":{"index":"index","follow":"follow","max-snippet":"max-snippet:-1","max-image-preview":"max-image-preview:large","max-video-preview":"max-video-preview:-1"},"canonical":"https:\/\/martinluther.ca\/de\/2016\/09\/segnung-zum-schuljahresbeginn-am-11-sept-und-ein-willkommen-intern-luisa-lenz\/","og_locale":"de_DE","og_type":"article","og_title":"Segnung zum Schuljahresbeginn am 11. Sept und ein Willkommen Praktikantin Luisa - Martin Luther Evangelische Kirche Toronto","og_description":"Gottesdienst mit Segnung zum Schuljahresbeginn am 11. September 2016 \u201eBack to school\u201d hei\u00dft es nach den Sommerferien und f\u00fcr viele auch zur\u00fcck in die Kirche. In diesem Jahr werden wir Beides miteinander verbinden und laden alle Kinder und Jugendlichen zum Gottesdienst ein. Kinder, die erstmals zur Schule gehen (und alle anderen Kinder, die das m\u00f6chten)&hellip;","og_url":"https:\/\/martinluther.ca\/de\/2016\/09\/segnung-zum-schuljahresbeginn-am-11-sept-und-ein-willkommen-intern-luisa-lenz\/","og_site_name":"Martin Luther Evangelische Kirche Toronto","article_publisher":"https:\/\/www.facebook.com\/martinlutherchurchtoronto","article_published_time":"2016-09-07T18:26:25+00:00","article_modified_time":"2016-09-07T21:34:14+00:00","og_image":[{"width":1200,"height":1600,"url":"https:\/\/martinluther.ca\/wp-content\/uploads\/2016\/09\/Luisa-Lenz-1200.jpg","type":"image\/jpeg"}],"author":"Mona Kakoschke Frantzke","twitter_card":"summary_large_image","twitter_misc":{"Verfasst von":"Mona Kakoschke Frantzke","Gesch\u00e4tzte Lesezeit":"2\u00a0Minuten"},"schema":{"@context":"https:\/\/schema.org","@graph":[{"@type":"Article","@id":"https:\/\/martinluther.ca\/de\/2016\/09\/segnung-zum-schuljahresbeginn-am-11-sept-und-ein-willkommen-intern-luisa-lenz\/#article","isPartOf":{"@id":"https:\/\/martinluther.ca\/de\/2016\/09\/segnung-zum-schuljahresbeginn-am-11-sept-und-ein-willkommen-intern-luisa-lenz\/"},"author":{"name":"Mona Kakoschke Frantzke","@id":"https:\/\/martinluther.ca\/de\/#\/schema\/person\/815c51710f70b050f0476f18da6b0c8f"},"headline":"Segnung zum Schuljahresbeginn am 11. Sept und ein Willkommen Praktikantin Luisa","datePublished":"2016-09-07T18:26:25+00:00","dateModified":"2016-09-07T21:34:14+00:00","mainEntityOfPage":{"@id":"https:\/\/martinluther.ca\/de\/2016\/09\/segnung-zum-schuljahresbeginn-am-11-sept-und-ein-willkommen-intern-luisa-lenz\/"},"wordCount":329,"publisher":{"@id":"https:\/\/martinluther.ca\/de\/#organization"},"image":{"@id":"https:\/\/martinluther.ca\/de\/2016\/09\/segnung-zum-schuljahresbeginn-am-11-sept-und-ein-willkommen-intern-luisa-lenz\/#primaryimage"},"thumbnailUrl":"https:\/\/martinluther.ca\/wp-content\/uploads\/2016\/09\/Luisa-Lenz-1200.jpg","articleSection":["News Blog - German"],"inLanguage":"de"},{"@type":"WebPage","@id":"https:\/\/martinluther.ca\/de\/2016\/09\/segnung-zum-schuljahresbeginn-am-11-sept-und-ein-willkommen-intern-luisa-lenz\/","url":"https:\/\/martinluther.ca\/de\/2016\/09\/segnung-zum-schuljahresbeginn-am-11-sept-und-ein-willkommen-intern-luisa-lenz\/","name":"Segnung zum Schuljahresbeginn am 11. Sept und ein Willkommen Praktikantin Luisa - Martin Luther Evangelische Kirche Toronto","isPartOf":{"@id":"https:\/\/martinluther.ca\/de\/#website"},"primaryImageOfPage":{"@id":"https:\/\/martinluther.ca\/de\/2016\/09\/segnung-zum-schuljahresbeginn-am-11-sept-und-ein-willkommen-intern-luisa-lenz\/#primaryimage"},"image":{"@id":"https:\/\/martinluther.ca\/de\/2016\/09\/segnung-zum-schuljahresbeginn-am-11-sept-und-ein-willkommen-intern-luisa-lenz\/#primaryimage"},"thumbnailUrl":"https:\/\/martinluther.ca\/wp-content\/uploads\/2016\/09\/Luisa-Lenz-1200.jpg","datePublished":"2016-09-07T18:26:25+00:00","dateModified":"2016-09-07T21:34:14+00:00","breadcrumb":{"@id":"https:\/\/martinluther.ca\/de\/2016\/09\/segnung-zum-schuljahresbeginn-am-11-sept-und-ein-willkommen-intern-luisa-lenz\/#breadcrumb"},"inLanguage":"de","potentialAction":[{"@type":"ReadAction","target":["https:\/\/martinluther.ca\/de\/2016\/09\/segnung-zum-schuljahresbeginn-am-11-sept-und-ein-willkommen-intern-luisa-lenz\/"]}]},{"@type":"ImageObject","inLanguage":"de","@id":"https:\/\/martinluther.ca\/de\/2016\/09\/segnung-zum-schuljahresbeginn-am-11-sept-und-ein-willkommen-intern-luisa-lenz\/#primaryimage","url":"https:\/\/martinluther.ca\/wp-content\/uploads\/2016\/09\/Luisa-Lenz-1200.jpg","contentUrl":"https:\/\/martinluther.ca\/wp-content\/uploads\/2016\/09\/Luisa-Lenz-1200.jpg","width":1200,"height":1600,"caption":"Luisa Lenz 2016 MLK Intern"},{"@type":"BreadcrumbList","@id":"https:\/\/martinluther.ca\/de\/2016\/09\/segnung-zum-schuljahresbeginn-am-11-sept-und-ein-willkommen-intern-luisa-lenz\/#breadcrumb","itemListElement":[{"@type":"ListItem","position":1,"name":"Home","item":"https:\/\/martinluther.ca\/de\/"},{"@type":"ListItem","position":2,"name":"Segnung zum Schuljahresbeginn am 11. Sept und ein Willkommen Praktikantin Luisa"}]},{"@type":"WebSite","@id":"https:\/\/martinluther.ca\/de\/#website","url":"https:\/\/martinluther.ca\/de\/","name":"Martin Luther Evangelical Church Toronto","description":"Deutsch &amp; Englisch","publisher":{"@id":"https:\/\/martinluther.ca\/de\/#organization"},"potentialAction":[{"@type":"SearchAction","target":{"@type":"EntryPoint","urlTemplate":"https:\/\/martinluther.ca\/de\/?s={search_term_string}"},"query-input":{"@type":"PropertyValueSpecification","valueRequired":true,"valueName":"search_term_string"}}],"inLanguage":"de"},{"@type":"Organization","@id":"https:\/\/martinluther.ca\/de\/#organization","name":"Martin Luther Evangelical Church Toronto","url":"https:\/\/martinluther.ca\/de\/","logo":{"@type":"ImageObject","inLanguage":"de","@id":"https:\/\/martinluther.ca\/de\/#\/schema\/logo\/image\/","url":"https:\/\/martinluther.ca\/wp-content\/uploads\/2016\/12\/ml-logo-300.png","contentUrl":"https:\/\/martinluther.ca\/wp-content\/uploads\/2016\/12\/ml-logo-300.png","width":300,"height":150,"caption":"Martin Luther Evangelical Church Toronto"},"image":{"@id":"https:\/\/martinluther.ca\/de\/#\/schema\/logo\/image\/"},"sameAs":["https:\/\/www.facebook.com\/martinlutherchurchtoronto","https:\/\/www.instagram.com\/lutheransbythelake\/","https:\/\/www.youtube.com\/MartinLutherChurchToronto"]},{"@type":"Person","@id":"https:\/\/martinluther.ca\/de\/#\/schema\/person\/815c51710f70b050f0476f18da6b0c8f","name":"Mona Kakoschke Frantzke","image":{"@type":"ImageObject","inLanguage":"de","@id":"https:\/\/secure.gravatar.com\/avatar\/0deb16854ca545cd2e9fc8001ca110d262b80d5c8317b38dc542265fbea0ed19?s=96&d=mm&r=g","url":"https:\/\/secure.gravatar.com\/avatar\/0deb16854ca545cd2e9fc8001ca110d262b80d5c8317b38dc542265fbea0ed19?s=96&d=mm&r=g","contentUrl":"https:\/\/secure.gravatar.com\/avatar\/0deb16854ca545cd2e9fc8001ca110d262b80d5c8317b38dc542265fbea0ed19?s=96&d=mm&r=g","caption":"Mona Kakoschke Frantzke"},"url":false}]}},"_links":{"self":[{"href":"https:\/\/martinluther.ca\/de\/wp-json\/wp\/v2\/posts\/24700","targetHints":{"allow":["GET"]}}],"collection":[{"href":"https:\/\/martinluther.ca\/de\/wp-json\/wp\/v2\/posts"}],"about":[{"href":"https:\/\/martinluther.ca\/de\/wp-json\/wp\/v2\/types\/post"}],"author":[{"embeddable":true,"href":"https:\/\/martinluther.ca\/de\/wp-json\/wp\/v2\/users\/9"}],"replies":[{"embeddable":true,"href":"https:\/\/martinluther.ca\/de\/wp-json\/wp\/v2\/comments?post=24700"}],"version-history":[{"count":7,"href":"https:\/\/martinluther.ca\/de\/wp-json\/wp\/v2\/posts\/24700\/revisions"}],"predecessor-version":[{"id":24722,"href":"https:\/\/martinluther.ca\/de\/wp-json\/wp\/v2\/posts\/24700\/revisions\/24722"}],"wp:featuredmedia":[{"embeddable":true,"href":"https:\/\/martinluther.ca\/de\/wp-json\/wp\/v2\/media\/24707"}],"wp:attachment":[{"href":"https:\/\/martinluther.ca\/de\/wp-json\/wp\/v2\/media?parent=24700"}],"wp:term":[{"taxonomy":"category","embeddable":true,"href":"https:\/\/martinluther.ca\/de\/wp-json\/wp\/v2\/categories?post=24700"},{"taxonomy":"post_tag","embeddable":true,"href":"https:\/\/martinluther.ca\/de\/wp-json\/wp\/v2\/tags?post=24700"},{"taxonomy":"post_series","embeddable":true,"href":"https:\/\/martinluther.ca\/de\/wp-json\/wp\/v2\/post_series?post=24700"}],"curies":[{"name":"wp","href":"https:\/\/api.w.org\/{rel}","templated":true}]}}