{"id":24780,"date":"2016-09-30T13:52:55","date_gmt":"2016-09-30T17:52:55","guid":{"rendered":"https:\/\/martinluther.ca\/de\/?p=24780"},"modified":"2018-02-16T23:09:33","modified_gmt":"2018-02-17T04:09:33","slug":"es-ist-geschafft-die-kindertaggesstaette-in-5-superior-avenue-hat-die-lizenz-erhalten","status":"publish","type":"post","link":"https:\/\/martinluther.ca\/de\/2016\/09\/es-ist-geschafft-die-kindertaggesstaette-in-5-superior-avenue-hat-die-lizenz-erhalten\/","title":{"rendered":"Wir gratulieren die Kindertaggesst\u00e4tte f\u00fcr die Wiederer\u00f6ffnung von 5 Superior"},"content":{"rendered":"<figure id=\"attachment_24966\" aria-describedby=\"caption-attachment-24966\" style=\"width: 300px\" class=\"wp-caption alignright\"><a href=\"https:\/\/martinluther.ca\/wp-content\/uploads\/2016\/11\/2016-11-21-reopening-001-e1479764165101.jpg\"><img loading=\"lazy\" decoding=\"async\" class=\"wp-image-24966 size-medium\" src=\"https:\/\/martinluther.ca\/wp-content\/uploads\/2016\/11\/2016-11-21-reopening-001-300x225.jpg\" alt=\"Die Wiederer\u00f6ffnung der Kindertagesst\u00e4tte in 5 Superior Ave. am 21. November\" width=\"300\" height=\"225\" \/><\/a><figcaption id=\"caption-attachment-24966\" class=\"wp-caption-text\">Die Wiederer\u00f6ffnung der Kindertagesst\u00e4tte in 5 Superior Ave. am 21. November<\/figcaption><\/figure>\n<p>Die Vorschulkinder der Martin Luther Kindertaggest\u00e4tte haben sich\u00a0gefreut am 21.\u00a0November, 2016\u00a0im renovierten 5 Superior Ave. Programraum zu spielen.<\/p>\n<p>Wir haben die Lizenz und den Vertrag mit der Stadt erhalten\u00a0\u00a0und k\u00f6nnen nun neben\u00a0voll zahlenden auch bezuschusste Kinder aufnehmen.<\/p>\n<p>Neugierig? Kommen Sie vorbei! Wir zeigen Ihnen gerne die neuen Programmr\u00e4ume.<\/p>\n<p>Besuchen Sie die <a href=\"http:\/\/martinlutherdaycare.ca\" target=\"_blank\" rel=\"noopener\">Martin Luther Daycare Homepage <\/a>oder <a href=\"https:\/\/www.facebook.com\/MartinLutherDaycareEtobicoke\/\" target=\"_blank\" rel=\"noopener\">die Facebook-Seite<\/a>.<\/p>\n<p>Kontakt: Margarete, 416-259-2861, <a href=\"mailto:office@martinlutherdaycare.ca\" target=\"_blank\" rel=\"noopener\">office@martinlutherdaycare.ca<\/a><\/p>\n<p>Hier k\u00f6nnen Sie mehr \u00fcber die\u00a0Geschichte unserer Kindertagesst\u00e4tte nachlesen:<\/p>\n<p>(published last year, August 2015)\u00a0in three parts: <a href=\"https:\/\/martinluther.ca\/de\/2015\/08\/kita-damals-und-heute\/\" target=\"_blank\" rel=\"noopener\">Damals und Heute<\/a>, <a href=\"https:\/\/martinluther.ca\/de\/2015\/08\/kita-vielfalt\/\" target=\"_blank\" rel=\"noopener\">Wir begr\u00fc\u00dfen Vielfalt<\/a> and<a href=\"https:\/\/martinluther.ca\/de\/2015\/08\/kindertagesstaette-in-der-superior-avenue-wir-blieben-standhaft-2\/\" target=\"_blank\" rel=\"noopener\"> Wir blieben standhaft<\/a>.<\/p>\n<div id=\"gallery-1\" class=\"wpex-gallery wpex-grid wpex-grid-cols-4 wpex-gap-20 wpex-lightbox-group wpex-mb-20\"><figure class=\"gallery-item\"><a href=\"https:\/\/martinluther.ca\/wp-content\/uploads\/2016\/10\/2016-MLC-Day-Care-7-1200.jpg\" class=\"wpex-lightbox-group-item\"><img loading=\"lazy\" decoding=\"async\" src=\"https:\/\/martinluther.ca\/wp-content\/uploads\/2016\/10\/2016-MLC-Day-Care-7-1200-1024x768.jpg\" alt=\"\" srcset=\"https:\/\/martinluther.ca\/wp-content\/uploads\/2016\/10\/2016-MLC-Day-Care-7-1200-1024x768.jpg 1024w, https:\/\/martinluther.ca\/wp-content\/uploads\/2016\/10\/2016-MLC-Day-Care-7-1200-300x225.jpg 300w, https:\/\/martinluther.ca\/wp-content\/uploads\/2016\/10\/2016-MLC-Day-Care-7-1200.jpg 1200w\" width=\"1024\" height=\"768\"><\/a><\/figure><figure class=\"gallery-item\"><a href=\"https:\/\/martinluther.ca\/wp-content\/uploads\/2016\/10\/2016-MLC-Day-Care-6-1200.jpg\" class=\"wpex-lightbox-group-item\"><img loading=\"lazy\" decoding=\"async\" src=\"https:\/\/martinluther.ca\/wp-content\/uploads\/2016\/10\/2016-MLC-Day-Care-6-1200-1024x768.jpg\" alt=\"\" srcset=\"https:\/\/martinluther.ca\/wp-content\/uploads\/2016\/10\/2016-MLC-Day-Care-6-1200-1024x768.jpg 1024w, https:\/\/martinluther.ca\/wp-content\/uploads\/2016\/10\/2016-MLC-Day-Care-6-1200-300x225.jpg 300w, https:\/\/martinluther.ca\/wp-content\/uploads\/2016\/10\/2016-MLC-Day-Care-6-1200.jpg 1200w\" width=\"1024\" height=\"768\"><\/a><\/figure><figure class=\"gallery-item\"><a href=\"https:\/\/martinluther.ca\/wp-content\/uploads\/2016\/11\/2016-11-21-reopening-001-e1479764165101.jpg\" class=\"wpex-lightbox-group-item\" data-caption=\"Die Wiederer\u00f6ffnung der Kindertagesst\u00e4tte im 5 Superior Ave. am 21. November\"><img loading=\"lazy\" decoding=\"async\" src=\"https:\/\/martinluther.ca\/wp-content\/uploads\/2016\/11\/2016-11-21-reopening-001-e1479764165101-1024x768.jpg\" alt=\"\" srcset=\"https:\/\/martinluther.ca\/wp-content\/uploads\/2016\/11\/2016-11-21-reopening-001-e1479764165101-1024x768.jpg 1024w, https:\/\/martinluther.ca\/wp-content\/uploads\/2016\/11\/2016-11-21-reopening-001-e1479764165101.jpg 1200w\" width=\"1024\" height=\"768\"><\/a><figcaption class=\"gallery-caption wpex-last-mb-0\">Die Wiederer\u00f6ffnung der Kindertagesst\u00e4tte im 5 Superior Ave. am 21. November<\/figcaption><\/figure><figure class=\"gallery-item\"><a href=\"https:\/\/martinluther.ca\/wp-content\/uploads\/2016\/10\/2016-MLC-Day-Care-1-1200.jpg\" class=\"wpex-lightbox-group-item\"><img loading=\"lazy\" decoding=\"async\" src=\"https:\/\/martinluther.ca\/wp-content\/uploads\/2016\/10\/2016-MLC-Day-Care-1-1200-1024x768.jpg\" alt=\"\" srcset=\"https:\/\/martinluther.ca\/wp-content\/uploads\/2016\/10\/2016-MLC-Day-Care-1-1200-1024x768.jpg 1024w, https:\/\/martinluther.ca\/wp-content\/uploads\/2016\/10\/2016-MLC-Day-Care-1-1200-300x225.jpg 300w, https:\/\/martinluther.ca\/wp-content\/uploads\/2016\/10\/2016-MLC-Day-Care-1-1200.jpg 1200w\" width=\"1024\" height=\"768\"><\/a><\/figure><figure class=\"gallery-item\"><a href=\"https:\/\/martinluther.ca\/wp-content\/uploads\/2016\/10\/2016-MLC-Day-Care-8-1200.jpg\" class=\"wpex-lightbox-group-item\"><img loading=\"lazy\" decoding=\"async\" src=\"https:\/\/martinluther.ca\/wp-content\/uploads\/2016\/10\/2016-MLC-Day-Care-8-1200-1024x768.jpg\" alt=\"\" srcset=\"https:\/\/martinluther.ca\/wp-content\/uploads\/2016\/10\/2016-MLC-Day-Care-8-1200-1024x768.jpg 1024w, https:\/\/martinluther.ca\/wp-content\/uploads\/2016\/10\/2016-MLC-Day-Care-8-1200-300x225.jpg 300w, https:\/\/martinluther.ca\/wp-content\/uploads\/2016\/10\/2016-MLC-Day-Care-8-1200.jpg 1071w\" width=\"1024\" height=\"768\"><\/a><\/figure><figure class=\"gallery-item\"><a href=\"https:\/\/martinluther.ca\/wp-content\/uploads\/2016\/05\/IMG_20160504_132758697.jpg\" class=\"wpex-lightbox-group-item\"><img loading=\"lazy\" decoding=\"async\" src=\"https:\/\/martinluther.ca\/wp-content\/uploads\/2016\/05\/IMG_20160504_132758697-768x1024.jpg\" alt=\"\" srcset=\"https:\/\/martinluther.ca\/wp-content\/uploads\/2016\/05\/IMG_20160504_132758697-768x1024.jpg 768w, https:\/\/martinluther.ca\/wp-content\/uploads\/2016\/05\/IMG_20160504_132758697-225x300.jpg 225w, https:\/\/martinluther.ca\/wp-content\/uploads\/2016\/05\/IMG_20160504_132758697.jpg 900w\" width=\"768\" height=\"1024\"><\/a><\/figure><figure class=\"gallery-item\"><a href=\"https:\/\/martinluther.ca\/wp-content\/uploads\/2016\/10\/2016-MLC-Day-Care-2-1200.jpg\" class=\"wpex-lightbox-group-item\"><img loading=\"lazy\" decoding=\"async\" src=\"https:\/\/martinluther.ca\/wp-content\/uploads\/2016\/10\/2016-MLC-Day-Care-2-1200-1024x768.jpg\" alt=\"\" srcset=\"https:\/\/martinluther.ca\/wp-content\/uploads\/2016\/10\/2016-MLC-Day-Care-2-1200-1024x768.jpg 1024w, https:\/\/martinluther.ca\/wp-content\/uploads\/2016\/10\/2016-MLC-Day-Care-2-1200-300x225.jpg 300w, https:\/\/martinluther.ca\/wp-content\/uploads\/2016\/10\/2016-MLC-Day-Care-2-1200.jpg 1200w\" width=\"1024\" height=\"768\"><\/a><\/figure><\/div>\n\n","protected":false},"excerpt":{"rendered":"<p>Die Vorschulkinder der Martin Luther Kindertaggest\u00e4tte haben sich\u00a0gefreut am 21.\u00a0November, 2016\u00a0im renovierten 5 Superior Ave. Programraum zu spielen. Wir haben die Lizenz und den Vertrag mit der Stadt erhalten\u00a0\u00a0und k\u00f6nnen nun neben\u00a0voll zahlenden auch bezuschusste Kinder aufnehmen. Neugierig? Kommen Sie vorbei! Wir zeigen Ihnen gerne die neuen Programmr\u00e4ume. Besuchen Sie die Martin Luther Daycare Homepage&hellip;<\/p>\n","protected":false},"author":8,"featured_media":24831,"comment_status":"closed","ping_status":"closed","sticky":false,"template":"","format":"standard","meta":{"footnotes":""},"categories":[69],"tags":[],"post_series":[],"class_list":["post-24780","post","type-post","status-publish","format-standard","has-post-thumbnail","hentry","category-news-blog-german","entry","has-media"],"yoast_head":"<!-- This site is optimized with the Yoast SEO plugin v27.5 - https:\/\/yoast.com\/product\/yoast-seo-wordpress\/ -->\n<title>Wir gratulieren die Kindertaggesst\u00e4tte f\u00fcr die Wiederer\u00f6ffnung von 5 Superior - Martin Luther Evangelische Kirche Toronto<\/title>\n<meta name=\"robots\" content=\"index, follow, max-snippet:-1, max-image-preview:large, max-video-preview:-1\" \/>\n<link rel=\"canonical\" href=\"https:\/\/martinluther.ca\/de\/2016\/09\/es-ist-geschafft-die-kindertaggesstaette-in-5-superior-avenue-hat-die-lizenz-erhalten\/\" \/>\n<meta property=\"og:locale\" content=\"de_DE\" \/>\n<meta property=\"og:type\" content=\"article\" \/>\n<meta property=\"og:title\" content=\"Wir gratulieren die Kindertaggesst\u00e4tte f\u00fcr die Wiederer\u00f6ffnung von 5 Superior - Martin Luther Evangelische Kirche Toronto\" \/>\n<meta property=\"og:description\" content=\"Die Vorschulkinder der Martin Luther Kindertaggest\u00e4tte haben sich\u00a0gefreut am 21.\u00a0November, 2016\u00a0im renovierten 5 Superior Ave. Programraum zu spielen. Wir haben die Lizenz und den Vertrag mit der Stadt erhalten\u00a0\u00a0und k\u00f6nnen nun neben\u00a0voll zahlenden auch bezuschusste Kinder aufnehmen. Neugierig? Kommen Sie vorbei! Wir zeigen Ihnen gerne die neuen Programmr\u00e4ume. Besuchen Sie die Martin Luther Daycare Homepage&hellip;\" \/>\n<meta property=\"og:url\" content=\"https:\/\/martinluther.ca\/de\/2016\/09\/es-ist-geschafft-die-kindertaggesstaette-in-5-superior-avenue-hat-die-lizenz-erhalten\/\" \/>\n<meta property=\"og:site_name\" content=\"Martin Luther Evangelische Kirche Toronto\" \/>\n<meta property=\"article:publisher\" content=\"https:\/\/www.facebook.com\/martinlutherchurchtoronto\" \/>\n<meta property=\"article:published_time\" content=\"2016-09-30T17:52:55+00:00\" \/>\n<meta property=\"article:modified_time\" content=\"2018-02-17T04:09:33+00:00\" \/>\n<meta property=\"og:image\" content=\"https:\/\/martinluther.ca\/wp-content\/uploads\/2016\/10\/2016-MLC-Day-Care-8-1200.jpg\" \/>\n\t<meta property=\"og:image:width\" content=\"1071\" \/>\n\t<meta property=\"og:image:height\" content=\"803\" \/>\n\t<meta property=\"og:image:type\" content=\"image\/jpeg\" \/>\n<meta name=\"author\" content=\"Marlena Muller\" \/>\n<meta name=\"twitter:card\" content=\"summary_large_image\" \/>\n<meta name=\"twitter:label1\" content=\"Verfasst von\" \/>\n\t<meta name=\"twitter:data1\" content=\"Marlena Muller\" \/>\n\t<meta name=\"twitter:label2\" content=\"Gesch\u00e4tzte Lesezeit\" \/>\n\t<meta name=\"twitter:data2\" content=\"1\u00a0Minute\" \/>\n<script type=\"application\/ld+json\" class=\"yoast-schema-graph\">{\"@context\":\"https:\\\/\\\/schema.org\",\"@graph\":[{\"@type\":\"Article\",\"@id\":\"https:\\\/\\\/martinluther.ca\\\/de\\\/2016\\\/09\\\/es-ist-geschafft-die-kindertaggesstaette-in-5-superior-avenue-hat-die-lizenz-erhalten\\\/#article\",\"isPartOf\":{\"@id\":\"https:\\\/\\\/martinluther.ca\\\/de\\\/2016\\\/09\\\/es-ist-geschafft-die-kindertaggesstaette-in-5-superior-avenue-hat-die-lizenz-erhalten\\\/\"},\"author\":{\"name\":\"Marlena Muller\",\"@id\":\"https:\\\/\\\/martinluther.ca\\\/de\\\/#\\\/schema\\\/person\\\/ef4e825f5d9d6fd740bbd7813710e15d\"},\"headline\":\"Wir gratulieren die Kindertaggesst\u00e4tte f\u00fcr die Wiederer\u00f6ffnung von 5 Superior\",\"datePublished\":\"2016-09-30T17:52:55+00:00\",\"dateModified\":\"2018-02-17T04:09:33+00:00\",\"mainEntityOfPage\":{\"@id\":\"https:\\\/\\\/martinluther.ca\\\/de\\\/2016\\\/09\\\/es-ist-geschafft-die-kindertaggesstaette-in-5-superior-avenue-hat-die-lizenz-erhalten\\\/\"},\"wordCount\":135,\"publisher\":{\"@id\":\"https:\\\/\\\/martinluther.ca\\\/de\\\/#organization\"},\"image\":{\"@id\":\"https:\\\/\\\/martinluther.ca\\\/de\\\/2016\\\/09\\\/es-ist-geschafft-die-kindertaggesstaette-in-5-superior-avenue-hat-die-lizenz-erhalten\\\/#primaryimage\"},\"thumbnailUrl\":\"https:\\\/\\\/martinluther.ca\\\/wp-content\\\/uploads\\\/2016\\\/10\\\/2016-MLC-Day-Care-8-1200.jpg\",\"articleSection\":[\"News Blog - German\"],\"inLanguage\":\"de\"},{\"@type\":\"WebPage\",\"@id\":\"https:\\\/\\\/martinluther.ca\\\/de\\\/2016\\\/09\\\/es-ist-geschafft-die-kindertaggesstaette-in-5-superior-avenue-hat-die-lizenz-erhalten\\\/\",\"url\":\"https:\\\/\\\/martinluther.ca\\\/de\\\/2016\\\/09\\\/es-ist-geschafft-die-kindertaggesstaette-in-5-superior-avenue-hat-die-lizenz-erhalten\\\/\",\"name\":\"Wir gratulieren die Kindertaggesst\u00e4tte f\u00fcr die Wiederer\u00f6ffnung von 5 Superior - Martin Luther Evangelische Kirche Toronto\",\"isPartOf\":{\"@id\":\"https:\\\/\\\/martinluther.ca\\\/de\\\/#website\"},\"primaryImageOfPage\":{\"@id\":\"https:\\\/\\\/martinluther.ca\\\/de\\\/2016\\\/09\\\/es-ist-geschafft-die-kindertaggesstaette-in-5-superior-avenue-hat-die-lizenz-erhalten\\\/#primaryimage\"},\"image\":{\"@id\":\"https:\\\/\\\/martinluther.ca\\\/de\\\/2016\\\/09\\\/es-ist-geschafft-die-kindertaggesstaette-in-5-superior-avenue-hat-die-lizenz-erhalten\\\/#primaryimage\"},\"thumbnailUrl\":\"https:\\\/\\\/martinluther.ca\\\/wp-content\\\/uploads\\\/2016\\\/10\\\/2016-MLC-Day-Care-8-1200.jpg\",\"datePublished\":\"2016-09-30T17:52:55+00:00\",\"dateModified\":\"2018-02-17T04:09:33+00:00\",\"breadcrumb\":{\"@id\":\"https:\\\/\\\/martinluther.ca\\\/de\\\/2016\\\/09\\\/es-ist-geschafft-die-kindertaggesstaette-in-5-superior-avenue-hat-die-lizenz-erhalten\\\/#breadcrumb\"},\"inLanguage\":\"de\",\"potentialAction\":[{\"@type\":\"ReadAction\",\"target\":[\"https:\\\/\\\/martinluther.ca\\\/de\\\/2016\\\/09\\\/es-ist-geschafft-die-kindertaggesstaette-in-5-superior-avenue-hat-die-lizenz-erhalten\\\/\"]}]},{\"@type\":\"ImageObject\",\"inLanguage\":\"de\",\"@id\":\"https:\\\/\\\/martinluther.ca\\\/de\\\/2016\\\/09\\\/es-ist-geschafft-die-kindertaggesstaette-in-5-superior-avenue-hat-die-lizenz-erhalten\\\/#primaryimage\",\"url\":\"https:\\\/\\\/martinluther.ca\\\/wp-content\\\/uploads\\\/2016\\\/10\\\/2016-MLC-Day-Care-8-1200.jpg\",\"contentUrl\":\"https:\\\/\\\/martinluther.ca\\\/wp-content\\\/uploads\\\/2016\\\/10\\\/2016-MLC-Day-Care-8-1200.jpg\",\"width\":1071,\"height\":803,\"caption\":\"2016 MLC Day Care\"},{\"@type\":\"BreadcrumbList\",\"@id\":\"https:\\\/\\\/martinluther.ca\\\/de\\\/2016\\\/09\\\/es-ist-geschafft-die-kindertaggesstaette-in-5-superior-avenue-hat-die-lizenz-erhalten\\\/#breadcrumb\",\"itemListElement\":[{\"@type\":\"ListItem\",\"position\":1,\"name\":\"Home\",\"item\":\"https:\\\/\\\/martinluther.ca\\\/de\\\/\"},{\"@type\":\"ListItem\",\"position\":2,\"name\":\"Wir gratulieren die Kindertaggesst\u00e4tte f\u00fcr die Wiederer\u00f6ffnung von 5 Superior\"}]},{\"@type\":\"WebSite\",\"@id\":\"https:\\\/\\\/martinluther.ca\\\/de\\\/#website\",\"url\":\"https:\\\/\\\/martinluther.ca\\\/de\\\/\",\"name\":\"Martin Luther Evangelical Church Toronto\",\"description\":\"Deutsch &amp; Englisch\",\"publisher\":{\"@id\":\"https:\\\/\\\/martinluther.ca\\\/de\\\/#organization\"},\"potentialAction\":[{\"@type\":\"SearchAction\",\"target\":{\"@type\":\"EntryPoint\",\"urlTemplate\":\"https:\\\/\\\/martinluther.ca\\\/de\\\/?s={search_term_string}\"},\"query-input\":{\"@type\":\"PropertyValueSpecification\",\"valueRequired\":true,\"valueName\":\"search_term_string\"}}],\"inLanguage\":\"de\"},{\"@type\":\"Organization\",\"@id\":\"https:\\\/\\\/martinluther.ca\\\/de\\\/#organization\",\"name\":\"Martin Luther Evangelical Church Toronto\",\"url\":\"https:\\\/\\\/martinluther.ca\\\/de\\\/\",\"logo\":{\"@type\":\"ImageObject\",\"inLanguage\":\"de\",\"@id\":\"https:\\\/\\\/martinluther.ca\\\/de\\\/#\\\/schema\\\/logo\\\/image\\\/\",\"url\":\"https:\\\/\\\/martinluther.ca\\\/wp-content\\\/uploads\\\/2016\\\/12\\\/ml-logo-300.png\",\"contentUrl\":\"https:\\\/\\\/martinluther.ca\\\/wp-content\\\/uploads\\\/2016\\\/12\\\/ml-logo-300.png\",\"width\":300,\"height\":150,\"caption\":\"Martin Luther Evangelical Church Toronto\"},\"image\":{\"@id\":\"https:\\\/\\\/martinluther.ca\\\/de\\\/#\\\/schema\\\/logo\\\/image\\\/\"},\"sameAs\":[\"https:\\\/\\\/www.facebook.com\\\/martinlutherchurchtoronto\",\"https:\\\/\\\/www.instagram.com\\\/lutheransbythelake\\\/\",\"https:\\\/\\\/www.youtube.com\\\/MartinLutherChurchToronto\"]},{\"@type\":\"Person\",\"@id\":\"https:\\\/\\\/martinluther.ca\\\/de\\\/#\\\/schema\\\/person\\\/ef4e825f5d9d6fd740bbd7813710e15d\",\"name\":\"Marlena Muller\",\"image\":{\"@type\":\"ImageObject\",\"inLanguage\":\"de\",\"@id\":\"https:\\\/\\\/secure.gravatar.com\\\/avatar\\\/fe840ff753768b839caa2dd522d4797f19f7e22fa2da83388e0fbfc570b65a37?s=96&d=mm&r=g\",\"url\":\"https:\\\/\\\/secure.gravatar.com\\\/avatar\\\/fe840ff753768b839caa2dd522d4797f19f7e22fa2da83388e0fbfc570b65a37?s=96&d=mm&r=g\",\"contentUrl\":\"https:\\\/\\\/secure.gravatar.com\\\/avatar\\\/fe840ff753768b839caa2dd522d4797f19f7e22fa2da83388e0fbfc570b65a37?s=96&d=mm&r=g\",\"caption\":\"Marlena Muller\"},\"url\":false}]}<\/script>\n<!-- \/ Yoast SEO plugin. -->","yoast_head_json":{"title":"Wir gratulieren die Kindertaggesst\u00e4tte f\u00fcr die Wiederer\u00f6ffnung von 5 Superior - Martin Luther Evangelische Kirche Toronto","robots":{"index":"index","follow":"follow","max-snippet":"max-snippet:-1","max-image-preview":"max-image-preview:large","max-video-preview":"max-video-preview:-1"},"canonical":"https:\/\/martinluther.ca\/de\/2016\/09\/es-ist-geschafft-die-kindertaggesstaette-in-5-superior-avenue-hat-die-lizenz-erhalten\/","og_locale":"de_DE","og_type":"article","og_title":"Wir gratulieren die Kindertaggesst\u00e4tte f\u00fcr die Wiederer\u00f6ffnung von 5 Superior - Martin Luther Evangelische Kirche Toronto","og_description":"Die Vorschulkinder der Martin Luther Kindertaggest\u00e4tte haben sich\u00a0gefreut am 21.\u00a0November, 2016\u00a0im renovierten 5 Superior Ave. Programraum zu spielen. Wir haben die Lizenz und den Vertrag mit der Stadt erhalten\u00a0\u00a0und k\u00f6nnen nun neben\u00a0voll zahlenden auch bezuschusste Kinder aufnehmen. Neugierig? Kommen Sie vorbei! Wir zeigen Ihnen gerne die neuen Programmr\u00e4ume. Besuchen Sie die Martin Luther Daycare Homepage&hellip;","og_url":"https:\/\/martinluther.ca\/de\/2016\/09\/es-ist-geschafft-die-kindertaggesstaette-in-5-superior-avenue-hat-die-lizenz-erhalten\/","og_site_name":"Martin Luther Evangelische Kirche Toronto","article_publisher":"https:\/\/www.facebook.com\/martinlutherchurchtoronto","article_published_time":"2016-09-30T17:52:55+00:00","article_modified_time":"2018-02-17T04:09:33+00:00","og_image":[{"width":1071,"height":803,"url":"https:\/\/martinluther.ca\/wp-content\/uploads\/2016\/10\/2016-MLC-Day-Care-8-1200.jpg","type":"image\/jpeg"}],"author":"Marlena Muller","twitter_card":"summary_large_image","twitter_misc":{"Verfasst von":"Marlena Muller","Gesch\u00e4tzte Lesezeit":"1\u00a0Minute"},"schema":{"@context":"https:\/\/schema.org","@graph":[{"@type":"Article","@id":"https:\/\/martinluther.ca\/de\/2016\/09\/es-ist-geschafft-die-kindertaggesstaette-in-5-superior-avenue-hat-die-lizenz-erhalten\/#article","isPartOf":{"@id":"https:\/\/martinluther.ca\/de\/2016\/09\/es-ist-geschafft-die-kindertaggesstaette-in-5-superior-avenue-hat-die-lizenz-erhalten\/"},"author":{"name":"Marlena Muller","@id":"https:\/\/martinluther.ca\/de\/#\/schema\/person\/ef4e825f5d9d6fd740bbd7813710e15d"},"headline":"Wir gratulieren die Kindertaggesst\u00e4tte f\u00fcr die Wiederer\u00f6ffnung von 5 Superior","datePublished":"2016-09-30T17:52:55+00:00","dateModified":"2018-02-17T04:09:33+00:00","mainEntityOfPage":{"@id":"https:\/\/martinluther.ca\/de\/2016\/09\/es-ist-geschafft-die-kindertaggesstaette-in-5-superior-avenue-hat-die-lizenz-erhalten\/"},"wordCount":135,"publisher":{"@id":"https:\/\/martinluther.ca\/de\/#organization"},"image":{"@id":"https:\/\/martinluther.ca\/de\/2016\/09\/es-ist-geschafft-die-kindertaggesstaette-in-5-superior-avenue-hat-die-lizenz-erhalten\/#primaryimage"},"thumbnailUrl":"https:\/\/martinluther.ca\/wp-content\/uploads\/2016\/10\/2016-MLC-Day-Care-8-1200.jpg","articleSection":["News Blog - German"],"inLanguage":"de"},{"@type":"WebPage","@id":"https:\/\/martinluther.ca\/de\/2016\/09\/es-ist-geschafft-die-kindertaggesstaette-in-5-superior-avenue-hat-die-lizenz-erhalten\/","url":"https:\/\/martinluther.ca\/de\/2016\/09\/es-ist-geschafft-die-kindertaggesstaette-in-5-superior-avenue-hat-die-lizenz-erhalten\/","name":"Wir gratulieren die Kindertaggesst\u00e4tte f\u00fcr die Wiederer\u00f6ffnung von 5 Superior - Martin Luther Evangelische Kirche Toronto","isPartOf":{"@id":"https:\/\/martinluther.ca\/de\/#website"},"primaryImageOfPage":{"@id":"https:\/\/martinluther.ca\/de\/2016\/09\/es-ist-geschafft-die-kindertaggesstaette-in-5-superior-avenue-hat-die-lizenz-erhalten\/#primaryimage"},"image":{"@id":"https:\/\/martinluther.ca\/de\/2016\/09\/es-ist-geschafft-die-kindertaggesstaette-in-5-superior-avenue-hat-die-lizenz-erhalten\/#primaryimage"},"thumbnailUrl":"https:\/\/martinluther.ca\/wp-content\/uploads\/2016\/10\/2016-MLC-Day-Care-8-1200.jpg","datePublished":"2016-09-30T17:52:55+00:00","dateModified":"2018-02-17T04:09:33+00:00","breadcrumb":{"@id":"https:\/\/martinluther.ca\/de\/2016\/09\/es-ist-geschafft-die-kindertaggesstaette-in-5-superior-avenue-hat-die-lizenz-erhalten\/#breadcrumb"},"inLanguage":"de","potentialAction":[{"@type":"ReadAction","target":["https:\/\/martinluther.ca\/de\/2016\/09\/es-ist-geschafft-die-kindertaggesstaette-in-5-superior-avenue-hat-die-lizenz-erhalten\/"]}]},{"@type":"ImageObject","inLanguage":"de","@id":"https:\/\/martinluther.ca\/de\/2016\/09\/es-ist-geschafft-die-kindertaggesstaette-in-5-superior-avenue-hat-die-lizenz-erhalten\/#primaryimage","url":"https:\/\/martinluther.ca\/wp-content\/uploads\/2016\/10\/2016-MLC-Day-Care-8-1200.jpg","contentUrl":"https:\/\/martinluther.ca\/wp-content\/uploads\/2016\/10\/2016-MLC-Day-Care-8-1200.jpg","width":1071,"height":803,"caption":"2016 MLC Day Care"},{"@type":"BreadcrumbList","@id":"https:\/\/martinluther.ca\/de\/2016\/09\/es-ist-geschafft-die-kindertaggesstaette-in-5-superior-avenue-hat-die-lizenz-erhalten\/#breadcrumb","itemListElement":[{"@type":"ListItem","position":1,"name":"Home","item":"https:\/\/martinluther.ca\/de\/"},{"@type":"ListItem","position":2,"name":"Wir gratulieren die Kindertaggesst\u00e4tte f\u00fcr die Wiederer\u00f6ffnung von 5 Superior"}]},{"@type":"WebSite","@id":"https:\/\/martinluther.ca\/de\/#website","url":"https:\/\/martinluther.ca\/de\/","name":"Martin Luther Evangelical Church Toronto","description":"Deutsch &amp; Englisch","publisher":{"@id":"https:\/\/martinluther.ca\/de\/#organization"},"potentialAction":[{"@type":"SearchAction","target":{"@type":"EntryPoint","urlTemplate":"https:\/\/martinluther.ca\/de\/?s={search_term_string}"},"query-input":{"@type":"PropertyValueSpecification","valueRequired":true,"valueName":"search_term_string"}}],"inLanguage":"de"},{"@type":"Organization","@id":"https:\/\/martinluther.ca\/de\/#organization","name":"Martin Luther Evangelical Church Toronto","url":"https:\/\/martinluther.ca\/de\/","logo":{"@type":"ImageObject","inLanguage":"de","@id":"https:\/\/martinluther.ca\/de\/#\/schema\/logo\/image\/","url":"https:\/\/martinluther.ca\/wp-content\/uploads\/2016\/12\/ml-logo-300.png","contentUrl":"https:\/\/martinluther.ca\/wp-content\/uploads\/2016\/12\/ml-logo-300.png","width":300,"height":150,"caption":"Martin Luther Evangelical Church Toronto"},"image":{"@id":"https:\/\/martinluther.ca\/de\/#\/schema\/logo\/image\/"},"sameAs":["https:\/\/www.facebook.com\/martinlutherchurchtoronto","https:\/\/www.instagram.com\/lutheransbythelake\/","https:\/\/www.youtube.com\/MartinLutherChurchToronto"]},{"@type":"Person","@id":"https:\/\/martinluther.ca\/de\/#\/schema\/person\/ef4e825f5d9d6fd740bbd7813710e15d","name":"Marlena Muller","image":{"@type":"ImageObject","inLanguage":"de","@id":"https:\/\/secure.gravatar.com\/avatar\/fe840ff753768b839caa2dd522d4797f19f7e22fa2da83388e0fbfc570b65a37?s=96&d=mm&r=g","url":"https:\/\/secure.gravatar.com\/avatar\/fe840ff753768b839caa2dd522d4797f19f7e22fa2da83388e0fbfc570b65a37?s=96&d=mm&r=g","contentUrl":"https:\/\/secure.gravatar.com\/avatar\/fe840ff753768b839caa2dd522d4797f19f7e22fa2da83388e0fbfc570b65a37?s=96&d=mm&r=g","caption":"Marlena Muller"},"url":false}]}},"_links":{"self":[{"href":"https:\/\/martinluther.ca\/de\/wp-json\/wp\/v2\/posts\/24780","targetHints":{"allow":["GET"]}}],"collection":[{"href":"https:\/\/martinluther.ca\/de\/wp-json\/wp\/v2\/posts"}],"about":[{"href":"https:\/\/martinluther.ca\/de\/wp-json\/wp\/v2\/types\/post"}],"author":[{"embeddable":true,"href":"https:\/\/martinluther.ca\/de\/wp-json\/wp\/v2\/users\/8"}],"replies":[{"embeddable":true,"href":"https:\/\/martinluther.ca\/de\/wp-json\/wp\/v2\/comments?post=24780"}],"version-history":[{"count":13,"href":"https:\/\/martinluther.ca\/de\/wp-json\/wp\/v2\/posts\/24780\/revisions"}],"predecessor-version":[{"id":27994,"href":"https:\/\/martinluther.ca\/de\/wp-json\/wp\/v2\/posts\/24780\/revisions\/27994"}],"wp:featuredmedia":[{"embeddable":true,"href":"https:\/\/martinluther.ca\/de\/wp-json\/wp\/v2\/media\/24831"}],"wp:attachment":[{"href":"https:\/\/martinluther.ca\/de\/wp-json\/wp\/v2\/media?parent=24780"}],"wp:term":[{"taxonomy":"category","embeddable":true,"href":"https:\/\/martinluther.ca\/de\/wp-json\/wp\/v2\/categories?post=24780"},{"taxonomy":"post_tag","embeddable":true,"href":"https:\/\/martinluther.ca\/de\/wp-json\/wp\/v2\/tags?post=24780"},{"taxonomy":"post_series","embeddable":true,"href":"https:\/\/martinluther.ca\/de\/wp-json\/wp\/v2\/post_series?post=24780"}],"curies":[{"name":"wp","href":"https:\/\/api.w.org\/{rel}","templated":true}]}}