{"id":24819,"date":"2016-10-05T10:11:03","date_gmt":"2016-10-05T14:11:03","guid":{"rendered":"https:\/\/martinluther.ca\/de\/?p=24819"},"modified":"2016-10-24T16:28:34","modified_gmt":"2016-10-24T20:28:34","slug":"macht-mit-camp-lutherlyn-aufraeumarbeiten-im-herbst-am-15-oktober","status":"publish","type":"post","link":"https:\/\/martinluther.ca\/de\/2016\/10\/macht-mit-camp-lutherlyn-aufraeumarbeiten-im-herbst-am-15-oktober\/","title":{"rendered":"Camp Lutherlyn  Winterfest und Aufger\u00e4umt"},"content":{"rendered":"<figure id=\"attachment_24899\" aria-describedby=\"caption-attachment-24899\" style=\"width: 300px\" class=\"wp-caption alignright\"><img loading=\"lazy\" decoding=\"async\" class=\"size-medium wp-image-24899\" src=\"https:\/\/martinluther.ca\/wp-content\/uploads\/2016\/10\/2016-Fall-Cleanuo-4-1200-300x225.jpg\" alt=\"2016 Fall Clean-up at Camp Lutherlyn\" width=\"300\" height=\"225\" srcset=\"https:\/\/martinluther.ca\/wp-content\/uploads\/2016\/10\/2016-Fall-Cleanuo-4-1200-300x225.jpg 300w, https:\/\/martinluther.ca\/wp-content\/uploads\/2016\/10\/2016-Fall-Cleanuo-4-1200.jpg 900w\" sizes=\"auto, (max-width: 300px) 100vw, 300px\" \/><figcaption id=\"caption-attachment-24899\" class=\"wp-caption-text\">2016 Fall Clean-up at Camp Lutherlyn<\/figcaption><\/figure>\n<p>Viel geleistet, viel Spa\u00df, tolles Wetter. Team Building erfolgreich.<\/p>\n<p>15 hochmotivierte MLC Freunde und Mitglieder packten flei\u00dfig an und krempelten das Camp von Innen nach Au\u00dfen um.<\/p>\n<p>Der Winter kann kommen.<br \/>\n&#8211;Updated on October 24, 2016<\/p>\n<p>Posted on October 5, 2016:<\/p>\n<p>Im Anschluss an das erfolgreiche Fr\u00fchlingsaufr\u00e4umen und Sommercamp im Camp Lutherlyn wurden wir jetzt f\u00fcr Aufr\u00e4umarbeiten im Herbst eingeladen. Die Martin Luther Kirche wird ein Team von Helfern zusammenstellen und sich um Mitfahrgelegenheiten k\u00fcmmern. Die Abfahrt ist f\u00fcr Freitagnachmittag geplant. Die R\u00fcckfahrt kann am Samstagabend oder Sonntagmorgen angetreten werden.<\/p>\n<p>Die Wintersicherung des Camps steht auf dem Plan und nat\u00fcrlich \u201eHolz hacken\u201c. Alle notwendigen Werkzeuge sind vor Ort vorhanden. Bitte bringt einen Schlafsack, Kissen, den Witterungsverh\u00e4ltnissen angepasste Kleidung und pers\u00f6nliche Schutzausr\u00fcstung zur Bedienung von Kettens\u00e4gen und Holzspalter. F\u00fcr Verpflegung ist gesorgt.<\/p>\n<p>Kontakt: Peter Kaufmann-Buehler, <a href=\"mailto:peterkb.243@googlemail.com\">peterkb.243@googlemail.com<\/a><\/p>\n<figure id=\"attachment_24898\" aria-describedby=\"caption-attachment-24898\" style=\"width: 300px\" class=\"wp-caption alignleft\"><img loading=\"lazy\" decoding=\"async\" class=\"size-medium wp-image-24898\" src=\"https:\/\/martinluther.ca\/wp-content\/uploads\/2016\/10\/2016-Fall-Cleanup-3-1200-300x225.jpg\" alt=\"2016 Fall Clean-up at Camp Lutherlyn\" width=\"300\" height=\"225\" srcset=\"https:\/\/martinluther.ca\/wp-content\/uploads\/2016\/10\/2016-Fall-Cleanup-3-1200-300x225.jpg 300w, https:\/\/martinluther.ca\/wp-content\/uploads\/2016\/10\/2016-Fall-Cleanup-3-1200-1024x768.jpg 1024w, https:\/\/martinluther.ca\/wp-content\/uploads\/2016\/10\/2016-Fall-Cleanup-3-1200.jpg 1200w\" sizes=\"auto, (max-width: 300px) 100vw, 300px\" \/><figcaption id=\"caption-attachment-24898\" class=\"wp-caption-text\">2016 Fall Clean-up at Camp Lutherlyn<\/figcaption><\/figure>\n","protected":false},"excerpt":{"rendered":"<p>Viel geleistet, viel Spa\u00df, tolles Wetter. Team Building erfolgreich. 15 hochmotivierte MLC Freunde und Mitglieder packten flei\u00dfig an und krempelten das Camp von Innen nach Au\u00dfen um. Der Winter kann kommen. &#8211;Updated on October 24, 2016 Posted on October 5, 2016: Im Anschluss an das erfolgreiche Fr\u00fchlingsaufr\u00e4umen und Sommercamp im Camp Lutherlyn wurden wir jetzt&hellip;<\/p>\n","protected":false},"author":8,"featured_media":24898,"comment_status":"closed","ping_status":"closed","sticky":false,"template":"","format":"standard","meta":{"footnotes":""},"categories":[69],"tags":[],"post_series":[],"class_list":["post-24819","post","type-post","status-publish","format-standard","has-post-thumbnail","hentry","category-news-blog-german","entry","has-media"],"yoast_head":"<!-- This site is optimized with the Yoast SEO plugin v27.5 - https:\/\/yoast.com\/product\/yoast-seo-wordpress\/ -->\n<title>Camp Lutherlyn Winterfest und Aufger\u00e4umt - Martin Luther Evangelische Kirche Toronto<\/title>\n<meta name=\"robots\" content=\"index, follow, max-snippet:-1, max-image-preview:large, max-video-preview:-1\" \/>\n<link rel=\"canonical\" href=\"https:\/\/martinluther.ca\/2016\/10\/get-active-outside-for-camp-lutherlyn-fall-cleaning-sat-oct-15\/\" \/>\n<meta property=\"og:locale\" content=\"de_DE\" \/>\n<meta property=\"og:type\" content=\"article\" \/>\n<meta property=\"og:title\" content=\"Camp Lutherlyn Winterfest und Aufger\u00e4umt - Martin Luther Evangelische Kirche Toronto\" \/>\n<meta property=\"og:description\" content=\"Viel geleistet, viel Spa\u00df, tolles Wetter. Team Building erfolgreich. 15 hochmotivierte MLC Freunde und Mitglieder packten flei\u00dfig an und krempelten das Camp von Innen nach Au\u00dfen um. Der Winter kann kommen. &#8211;Updated on October 24, 2016 Posted on October 5, 2016: Im Anschluss an das erfolgreiche Fr\u00fchlingsaufr\u00e4umen und Sommercamp im Camp Lutherlyn wurden wir jetzt&hellip;\" \/>\n<meta property=\"og:url\" content=\"https:\/\/martinluther.ca\/2016\/10\/get-active-outside-for-camp-lutherlyn-fall-cleaning-sat-oct-15\/\" \/>\n<meta property=\"og:site_name\" content=\"Martin Luther Evangelische Kirche Toronto\" \/>\n<meta property=\"article:publisher\" content=\"https:\/\/www.facebook.com\/martinlutherchurchtoronto\" \/>\n<meta property=\"article:published_time\" content=\"2016-10-05T14:11:03+00:00\" \/>\n<meta property=\"article:modified_time\" content=\"2016-10-24T20:28:34+00:00\" \/>\n<meta property=\"og:image\" content=\"https:\/\/martinluther.ca\/wp-content\/uploads\/2016\/10\/2016-Fall-Cleanup-3-1200.jpg\" \/>\n\t<meta property=\"og:image:width\" content=\"1200\" \/>\n\t<meta property=\"og:image:height\" content=\"900\" \/>\n\t<meta property=\"og:image:type\" content=\"image\/jpeg\" \/>\n<meta name=\"author\" content=\"Marlena Muller\" \/>\n<meta name=\"twitter:card\" content=\"summary_large_image\" \/>\n<meta name=\"twitter:label1\" content=\"Verfasst von\" \/>\n\t<meta name=\"twitter:data1\" content=\"Marlena Muller\" \/>\n\t<meta name=\"twitter:label2\" content=\"Gesch\u00e4tzte Lesezeit\" \/>\n\t<meta name=\"twitter:data2\" content=\"1\u00a0Minute\" \/>\n<script type=\"application\/ld+json\" class=\"yoast-schema-graph\">{\"@context\":\"https:\\\/\\\/schema.org\",\"@graph\":[{\"@type\":\"Article\",\"@id\":\"https:\\\/\\\/martinluther.ca\\\/2016\\\/10\\\/get-active-outside-for-camp-lutherlyn-fall-cleaning-sat-oct-15\\\/#article\",\"isPartOf\":{\"@id\":\"https:\\\/\\\/martinluther.ca\\\/2016\\\/10\\\/get-active-outside-for-camp-lutherlyn-fall-cleaning-sat-oct-15\\\/\"},\"author\":{\"name\":\"Marlena Muller\",\"@id\":\"https:\\\/\\\/martinluther.ca\\\/de\\\/#\\\/schema\\\/person\\\/ef4e825f5d9d6fd740bbd7813710e15d\"},\"headline\":\"Camp Lutherlyn Winterfest und Aufger\u00e4umt\",\"datePublished\":\"2016-10-05T14:11:03+00:00\",\"dateModified\":\"2016-10-24T20:28:34+00:00\",\"mainEntityOfPage\":{\"@id\":\"https:\\\/\\\/martinluther.ca\\\/2016\\\/10\\\/get-active-outside-for-camp-lutherlyn-fall-cleaning-sat-oct-15\\\/\"},\"wordCount\":177,\"publisher\":{\"@id\":\"https:\\\/\\\/martinluther.ca\\\/de\\\/#organization\"},\"image\":{\"@id\":\"https:\\\/\\\/martinluther.ca\\\/2016\\\/10\\\/get-active-outside-for-camp-lutherlyn-fall-cleaning-sat-oct-15\\\/#primaryimage\"},\"thumbnailUrl\":\"https:\\\/\\\/martinluther.ca\\\/wp-content\\\/uploads\\\/2016\\\/10\\\/2016-Fall-Cleanup-3-1200.jpg\",\"articleSection\":[\"News Blog - German\"],\"inLanguage\":\"de\"},{\"@type\":\"WebPage\",\"@id\":\"https:\\\/\\\/martinluther.ca\\\/2016\\\/10\\\/get-active-outside-for-camp-lutherlyn-fall-cleaning-sat-oct-15\\\/\",\"url\":\"https:\\\/\\\/martinluther.ca\\\/2016\\\/10\\\/get-active-outside-for-camp-lutherlyn-fall-cleaning-sat-oct-15\\\/\",\"name\":\"Camp Lutherlyn Winterfest und Aufger\u00e4umt - Martin Luther Evangelische Kirche Toronto\",\"isPartOf\":{\"@id\":\"https:\\\/\\\/martinluther.ca\\\/de\\\/#website\"},\"primaryImageOfPage\":{\"@id\":\"https:\\\/\\\/martinluther.ca\\\/2016\\\/10\\\/get-active-outside-for-camp-lutherlyn-fall-cleaning-sat-oct-15\\\/#primaryimage\"},\"image\":{\"@id\":\"https:\\\/\\\/martinluther.ca\\\/2016\\\/10\\\/get-active-outside-for-camp-lutherlyn-fall-cleaning-sat-oct-15\\\/#primaryimage\"},\"thumbnailUrl\":\"https:\\\/\\\/martinluther.ca\\\/wp-content\\\/uploads\\\/2016\\\/10\\\/2016-Fall-Cleanup-3-1200.jpg\",\"datePublished\":\"2016-10-05T14:11:03+00:00\",\"dateModified\":\"2016-10-24T20:28:34+00:00\",\"breadcrumb\":{\"@id\":\"https:\\\/\\\/martinluther.ca\\\/2016\\\/10\\\/get-active-outside-for-camp-lutherlyn-fall-cleaning-sat-oct-15\\\/#breadcrumb\"},\"inLanguage\":\"de\",\"potentialAction\":[{\"@type\":\"ReadAction\",\"target\":[\"https:\\\/\\\/martinluther.ca\\\/2016\\\/10\\\/get-active-outside-for-camp-lutherlyn-fall-cleaning-sat-oct-15\\\/\"]}]},{\"@type\":\"ImageObject\",\"inLanguage\":\"de\",\"@id\":\"https:\\\/\\\/martinluther.ca\\\/2016\\\/10\\\/get-active-outside-for-camp-lutherlyn-fall-cleaning-sat-oct-15\\\/#primaryimage\",\"url\":\"https:\\\/\\\/martinluther.ca\\\/wp-content\\\/uploads\\\/2016\\\/10\\\/2016-Fall-Cleanup-3-1200.jpg\",\"contentUrl\":\"https:\\\/\\\/martinluther.ca\\\/wp-content\\\/uploads\\\/2016\\\/10\\\/2016-Fall-Cleanup-3-1200.jpg\",\"width\":1200,\"height\":900,\"caption\":\"2016 Fall Clean-up at Camp Lutherlyn\"},{\"@type\":\"BreadcrumbList\",\"@id\":\"https:\\\/\\\/martinluther.ca\\\/2016\\\/10\\\/get-active-outside-for-camp-lutherlyn-fall-cleaning-sat-oct-15\\\/#breadcrumb\",\"itemListElement\":[{\"@type\":\"ListItem\",\"position\":1,\"name\":\"Home\",\"item\":\"https:\\\/\\\/martinluther.ca\\\/de\\\/\"},{\"@type\":\"ListItem\",\"position\":2,\"name\":\"Camp Lutherlyn Winterfest und Aufger\u00e4umt\"}]},{\"@type\":\"WebSite\",\"@id\":\"https:\\\/\\\/martinluther.ca\\\/de\\\/#website\",\"url\":\"https:\\\/\\\/martinluther.ca\\\/de\\\/\",\"name\":\"Martin Luther Evangelical Church Toronto\",\"description\":\"Deutsch &amp; Englisch\",\"publisher\":{\"@id\":\"https:\\\/\\\/martinluther.ca\\\/de\\\/#organization\"},\"potentialAction\":[{\"@type\":\"SearchAction\",\"target\":{\"@type\":\"EntryPoint\",\"urlTemplate\":\"https:\\\/\\\/martinluther.ca\\\/de\\\/?s={search_term_string}\"},\"query-input\":{\"@type\":\"PropertyValueSpecification\",\"valueRequired\":true,\"valueName\":\"search_term_string\"}}],\"inLanguage\":\"de\"},{\"@type\":\"Organization\",\"@id\":\"https:\\\/\\\/martinluther.ca\\\/de\\\/#organization\",\"name\":\"Martin Luther Evangelical Church Toronto\",\"url\":\"https:\\\/\\\/martinluther.ca\\\/de\\\/\",\"logo\":{\"@type\":\"ImageObject\",\"inLanguage\":\"de\",\"@id\":\"https:\\\/\\\/martinluther.ca\\\/de\\\/#\\\/schema\\\/logo\\\/image\\\/\",\"url\":\"https:\\\/\\\/martinluther.ca\\\/wp-content\\\/uploads\\\/2016\\\/12\\\/ml-logo-300.png\",\"contentUrl\":\"https:\\\/\\\/martinluther.ca\\\/wp-content\\\/uploads\\\/2016\\\/12\\\/ml-logo-300.png\",\"width\":300,\"height\":150,\"caption\":\"Martin Luther Evangelical Church Toronto\"},\"image\":{\"@id\":\"https:\\\/\\\/martinluther.ca\\\/de\\\/#\\\/schema\\\/logo\\\/image\\\/\"},\"sameAs\":[\"https:\\\/\\\/www.facebook.com\\\/martinlutherchurchtoronto\",\"https:\\\/\\\/www.instagram.com\\\/lutheransbythelake\\\/\",\"https:\\\/\\\/www.youtube.com\\\/MartinLutherChurchToronto\"]},{\"@type\":\"Person\",\"@id\":\"https:\\\/\\\/martinluther.ca\\\/de\\\/#\\\/schema\\\/person\\\/ef4e825f5d9d6fd740bbd7813710e15d\",\"name\":\"Marlena Muller\",\"image\":{\"@type\":\"ImageObject\",\"inLanguage\":\"de\",\"@id\":\"https:\\\/\\\/secure.gravatar.com\\\/avatar\\\/fe840ff753768b839caa2dd522d4797f19f7e22fa2da83388e0fbfc570b65a37?s=96&d=mm&r=g\",\"url\":\"https:\\\/\\\/secure.gravatar.com\\\/avatar\\\/fe840ff753768b839caa2dd522d4797f19f7e22fa2da83388e0fbfc570b65a37?s=96&d=mm&r=g\",\"contentUrl\":\"https:\\\/\\\/secure.gravatar.com\\\/avatar\\\/fe840ff753768b839caa2dd522d4797f19f7e22fa2da83388e0fbfc570b65a37?s=96&d=mm&r=g\",\"caption\":\"Marlena Muller\"},\"url\":false}]}<\/script>\n<!-- \/ Yoast SEO plugin. -->","yoast_head_json":{"title":"Camp Lutherlyn Winterfest und Aufger\u00e4umt - Martin Luther Evangelische Kirche Toronto","robots":{"index":"index","follow":"follow","max-snippet":"max-snippet:-1","max-image-preview":"max-image-preview:large","max-video-preview":"max-video-preview:-1"},"canonical":"https:\/\/martinluther.ca\/2016\/10\/get-active-outside-for-camp-lutherlyn-fall-cleaning-sat-oct-15\/","og_locale":"de_DE","og_type":"article","og_title":"Camp Lutherlyn Winterfest und Aufger\u00e4umt - Martin Luther Evangelische Kirche Toronto","og_description":"Viel geleistet, viel Spa\u00df, tolles Wetter. Team Building erfolgreich. 15 hochmotivierte MLC Freunde und Mitglieder packten flei\u00dfig an und krempelten das Camp von Innen nach Au\u00dfen um. Der Winter kann kommen. &#8211;Updated on October 24, 2016 Posted on October 5, 2016: Im Anschluss an das erfolgreiche Fr\u00fchlingsaufr\u00e4umen und Sommercamp im Camp Lutherlyn wurden wir jetzt&hellip;","og_url":"https:\/\/martinluther.ca\/2016\/10\/get-active-outside-for-camp-lutherlyn-fall-cleaning-sat-oct-15\/","og_site_name":"Martin Luther Evangelische Kirche Toronto","article_publisher":"https:\/\/www.facebook.com\/martinlutherchurchtoronto","article_published_time":"2016-10-05T14:11:03+00:00","article_modified_time":"2016-10-24T20:28:34+00:00","og_image":[{"width":1200,"height":900,"url":"https:\/\/martinluther.ca\/wp-content\/uploads\/2016\/10\/2016-Fall-Cleanup-3-1200.jpg","type":"image\/jpeg"}],"author":"Marlena Muller","twitter_card":"summary_large_image","twitter_misc":{"Verfasst von":"Marlena Muller","Gesch\u00e4tzte Lesezeit":"1\u00a0Minute"},"schema":{"@context":"https:\/\/schema.org","@graph":[{"@type":"Article","@id":"https:\/\/martinluther.ca\/2016\/10\/get-active-outside-for-camp-lutherlyn-fall-cleaning-sat-oct-15\/#article","isPartOf":{"@id":"https:\/\/martinluther.ca\/2016\/10\/get-active-outside-for-camp-lutherlyn-fall-cleaning-sat-oct-15\/"},"author":{"name":"Marlena Muller","@id":"https:\/\/martinluther.ca\/de\/#\/schema\/person\/ef4e825f5d9d6fd740bbd7813710e15d"},"headline":"Camp Lutherlyn Winterfest und Aufger\u00e4umt","datePublished":"2016-10-05T14:11:03+00:00","dateModified":"2016-10-24T20:28:34+00:00","mainEntityOfPage":{"@id":"https:\/\/martinluther.ca\/2016\/10\/get-active-outside-for-camp-lutherlyn-fall-cleaning-sat-oct-15\/"},"wordCount":177,"publisher":{"@id":"https:\/\/martinluther.ca\/de\/#organization"},"image":{"@id":"https:\/\/martinluther.ca\/2016\/10\/get-active-outside-for-camp-lutherlyn-fall-cleaning-sat-oct-15\/#primaryimage"},"thumbnailUrl":"https:\/\/martinluther.ca\/wp-content\/uploads\/2016\/10\/2016-Fall-Cleanup-3-1200.jpg","articleSection":["News Blog - German"],"inLanguage":"de"},{"@type":"WebPage","@id":"https:\/\/martinluther.ca\/2016\/10\/get-active-outside-for-camp-lutherlyn-fall-cleaning-sat-oct-15\/","url":"https:\/\/martinluther.ca\/2016\/10\/get-active-outside-for-camp-lutherlyn-fall-cleaning-sat-oct-15\/","name":"Camp Lutherlyn Winterfest und Aufger\u00e4umt - Martin Luther Evangelische Kirche Toronto","isPartOf":{"@id":"https:\/\/martinluther.ca\/de\/#website"},"primaryImageOfPage":{"@id":"https:\/\/martinluther.ca\/2016\/10\/get-active-outside-for-camp-lutherlyn-fall-cleaning-sat-oct-15\/#primaryimage"},"image":{"@id":"https:\/\/martinluther.ca\/2016\/10\/get-active-outside-for-camp-lutherlyn-fall-cleaning-sat-oct-15\/#primaryimage"},"thumbnailUrl":"https:\/\/martinluther.ca\/wp-content\/uploads\/2016\/10\/2016-Fall-Cleanup-3-1200.jpg","datePublished":"2016-10-05T14:11:03+00:00","dateModified":"2016-10-24T20:28:34+00:00","breadcrumb":{"@id":"https:\/\/martinluther.ca\/2016\/10\/get-active-outside-for-camp-lutherlyn-fall-cleaning-sat-oct-15\/#breadcrumb"},"inLanguage":"de","potentialAction":[{"@type":"ReadAction","target":["https:\/\/martinluther.ca\/2016\/10\/get-active-outside-for-camp-lutherlyn-fall-cleaning-sat-oct-15\/"]}]},{"@type":"ImageObject","inLanguage":"de","@id":"https:\/\/martinluther.ca\/2016\/10\/get-active-outside-for-camp-lutherlyn-fall-cleaning-sat-oct-15\/#primaryimage","url":"https:\/\/martinluther.ca\/wp-content\/uploads\/2016\/10\/2016-Fall-Cleanup-3-1200.jpg","contentUrl":"https:\/\/martinluther.ca\/wp-content\/uploads\/2016\/10\/2016-Fall-Cleanup-3-1200.jpg","width":1200,"height":900,"caption":"2016 Fall Clean-up at Camp Lutherlyn"},{"@type":"BreadcrumbList","@id":"https:\/\/martinluther.ca\/2016\/10\/get-active-outside-for-camp-lutherlyn-fall-cleaning-sat-oct-15\/#breadcrumb","itemListElement":[{"@type":"ListItem","position":1,"name":"Home","item":"https:\/\/martinluther.ca\/de\/"},{"@type":"ListItem","position":2,"name":"Camp Lutherlyn Winterfest und Aufger\u00e4umt"}]},{"@type":"WebSite","@id":"https:\/\/martinluther.ca\/de\/#website","url":"https:\/\/martinluther.ca\/de\/","name":"Martin Luther Evangelical Church Toronto","description":"Deutsch &amp; Englisch","publisher":{"@id":"https:\/\/martinluther.ca\/de\/#organization"},"potentialAction":[{"@type":"SearchAction","target":{"@type":"EntryPoint","urlTemplate":"https:\/\/martinluther.ca\/de\/?s={search_term_string}"},"query-input":{"@type":"PropertyValueSpecification","valueRequired":true,"valueName":"search_term_string"}}],"inLanguage":"de"},{"@type":"Organization","@id":"https:\/\/martinluther.ca\/de\/#organization","name":"Martin Luther Evangelical Church Toronto","url":"https:\/\/martinluther.ca\/de\/","logo":{"@type":"ImageObject","inLanguage":"de","@id":"https:\/\/martinluther.ca\/de\/#\/schema\/logo\/image\/","url":"https:\/\/martinluther.ca\/wp-content\/uploads\/2016\/12\/ml-logo-300.png","contentUrl":"https:\/\/martinluther.ca\/wp-content\/uploads\/2016\/12\/ml-logo-300.png","width":300,"height":150,"caption":"Martin Luther Evangelical Church Toronto"},"image":{"@id":"https:\/\/martinluther.ca\/de\/#\/schema\/logo\/image\/"},"sameAs":["https:\/\/www.facebook.com\/martinlutherchurchtoronto","https:\/\/www.instagram.com\/lutheransbythelake\/","https:\/\/www.youtube.com\/MartinLutherChurchToronto"]},{"@type":"Person","@id":"https:\/\/martinluther.ca\/de\/#\/schema\/person\/ef4e825f5d9d6fd740bbd7813710e15d","name":"Marlena Muller","image":{"@type":"ImageObject","inLanguage":"de","@id":"https:\/\/secure.gravatar.com\/avatar\/fe840ff753768b839caa2dd522d4797f19f7e22fa2da83388e0fbfc570b65a37?s=96&d=mm&r=g","url":"https:\/\/secure.gravatar.com\/avatar\/fe840ff753768b839caa2dd522d4797f19f7e22fa2da83388e0fbfc570b65a37?s=96&d=mm&r=g","contentUrl":"https:\/\/secure.gravatar.com\/avatar\/fe840ff753768b839caa2dd522d4797f19f7e22fa2da83388e0fbfc570b65a37?s=96&d=mm&r=g","caption":"Marlena Muller"},"url":false}]}},"_links":{"self":[{"href":"https:\/\/martinluther.ca\/de\/wp-json\/wp\/v2\/posts\/24819","targetHints":{"allow":["GET"]}}],"collection":[{"href":"https:\/\/martinluther.ca\/de\/wp-json\/wp\/v2\/posts"}],"about":[{"href":"https:\/\/martinluther.ca\/de\/wp-json\/wp\/v2\/types\/post"}],"author":[{"embeddable":true,"href":"https:\/\/martinluther.ca\/de\/wp-json\/wp\/v2\/users\/8"}],"replies":[{"embeddable":true,"href":"https:\/\/martinluther.ca\/de\/wp-json\/wp\/v2\/comments?post=24819"}],"version-history":[{"count":5,"href":"https:\/\/martinluther.ca\/de\/wp-json\/wp\/v2\/posts\/24819\/revisions"}],"predecessor-version":[{"id":24901,"href":"https:\/\/martinluther.ca\/de\/wp-json\/wp\/v2\/posts\/24819\/revisions\/24901"}],"wp:featuredmedia":[{"embeddable":true,"href":"https:\/\/martinluther.ca\/de\/wp-json\/wp\/v2\/media\/24898"}],"wp:attachment":[{"href":"https:\/\/martinluther.ca\/de\/wp-json\/wp\/v2\/media?parent=24819"}],"wp:term":[{"taxonomy":"category","embeddable":true,"href":"https:\/\/martinluther.ca\/de\/wp-json\/wp\/v2\/categories?post=24819"},{"taxonomy":"post_tag","embeddable":true,"href":"https:\/\/martinluther.ca\/de\/wp-json\/wp\/v2\/tags?post=24819"},{"taxonomy":"post_series","embeddable":true,"href":"https:\/\/martinluther.ca\/de\/wp-json\/wp\/v2\/post_series?post=24819"}],"curies":[{"name":"wp","href":"https:\/\/api.w.org\/{rel}","templated":true}]}}