{"id":25575,"date":"2017-01-21T09:30:32","date_gmt":"2017-01-21T14:30:32","guid":{"rendered":"https:\/\/martinluther.ca\/?p=25575\/"},"modified":"2018-02-16T23:56:10","modified_gmt":"2018-02-17T04:56:10","slug":"eine-fotoreise-der-integration-kleine-teile-des-ganzen","status":"publish","type":"post","link":"https:\/\/martinluther.ca\/de\/2017\/01\/eine-fotoreise-der-integration-kleine-teile-des-ganzen\/","title":{"rendered":"Eine Fotoreise der Integration: Kleine Teile des Ganzen"},"content":{"rendered":"<figure id=\"attachment_25564\" aria-describedby=\"caption-attachment-25564\" style=\"width: 300px\" class=\"wp-caption alignright\"><img loading=\"lazy\" decoding=\"async\" class=\"wp-image-25564 size-medium\" src=\"https:\/\/martinluther.ca\/wp-content\/uploads\/2017\/01\/2016-12-27-Integrationserlebnis-4-3-300x225.jpg\" alt=\"Syrian Family Rock Climbing 2016\" width=\"300\" height=\"225\" srcset=\"https:\/\/martinluther.ca\/wp-content\/uploads\/2017\/01\/2016-12-27-Integrationserlebnis-4-3-300x225.jpg 300w, https:\/\/martinluther.ca\/wp-content\/uploads\/2017\/01\/2016-12-27-Integrationserlebnis-4-3-768x576.jpg 768w, https:\/\/martinluther.ca\/wp-content\/uploads\/2017\/01\/2016-12-27-Integrationserlebnis-4-3-1024x768.jpg 1024w, https:\/\/martinluther.ca\/wp-content\/uploads\/2017\/01\/2016-12-27-Integrationserlebnis-4-3.jpg 1092w\" sizes=\"auto, (max-width: 300px) 100vw, 300px\" \/><figcaption id=\"caption-attachment-25564\" class=\"wp-caption-text\">9. Team Building \u2013 Wir lernen Klettern und einander zu helfen<\/figcaption><\/figure>\n<p><strong>Eine Fotoreise der Integration: Kleine Teile des Ganzen. Unsere syrische Freunde in 2016&#8230;.<\/strong><\/p>\n<p>1. Englisch Unterricht \u2013 Wir fangen von vorne an<br \/>\n2. Ein Fr\u00fchlingsspaziergang am Ontario See<br \/>\n3. Wir helfen gemeinsam \u2013 Die Tagesst\u00e4tte wird aufger\u00e4umt<br \/>\n4. Erste Grillparty in Kanada \u2013 Wir lernen uns gegenseitig besser kennen<br \/>\n5. McMichaels Kunstausstellung \u2013 Galeriebesuch und Spaziergang<br \/>\n6. Gemeinsame Gartenarbeit<br \/>\n7. Aga Khan Museum \u2013 Wir entdecken ein klein wenig syrischer Geschichte<br \/>\n8. Weihnachtsbasar Fundraiser f\u00fcr Fl\u00fcchtlingshilfe \u2013 Viele Menschen, ein Ziel<br \/>\n9. Team Building \u2013 Wir lernen Klettern und einander zu helfen<\/p>\n<p><strong>Das Betreuungsteam f\u00fcr syrische Familien ist dankbar f\u00fcr alle Unterst\u00fctzung. <\/strong><\/p>\n<p>&nbsp;<\/p>\n<div id=\"gallery-1\" class=\"wpex-gallery wpex-grid wpex-grid-cols-4 wpex-gap-20 wpex-lightbox-group wpex-mb-20\"><figure class=\"gallery-item\"><a href=\"https:\/\/martinluther.ca\/wp-content\/uploads\/2017\/01\/2016-02-English-tutoringC.jpg\" class=\"wpex-lightbox-group-item\" data-caption=\"1. Englisch Unterricht \u2013 Wir fangen von vorne an\"><img loading=\"lazy\" decoding=\"async\" src=\"https:\/\/martinluther.ca\/wp-content\/uploads\/2017\/01\/2016-02-English-tutoringC-768x1024.jpg\" alt=\"\" srcset=\"https:\/\/martinluther.ca\/wp-content\/uploads\/2017\/01\/2016-02-English-tutoringC-768x1024.jpg 768w, https:\/\/martinluther.ca\/wp-content\/uploads\/2017\/01\/2016-02-English-tutoringC-225x300.jpg 225w, https:\/\/martinluther.ca\/wp-content\/uploads\/2017\/01\/2016-02-English-tutoringC.jpg 1200w\" width=\"768\" height=\"1024\"><\/a><figcaption class=\"gallery-caption wpex-last-mb-0\">1. Englisch Unterricht \u2013 Wir fangen von vorne an<\/figcaption><\/figure><figure class=\"gallery-item\"><a href=\"https:\/\/martinluther.ca\/wp-content\/uploads\/2017\/01\/2016-04-Spaziergang-am-See-1200-4-3.jpg\" class=\"wpex-lightbox-group-item\"><img loading=\"lazy\" decoding=\"async\" src=\"https:\/\/martinluther.ca\/wp-content\/uploads\/2017\/01\/2016-04-Spaziergang-am-See-1200-4-3-1024x768.jpg\" alt=\"\" srcset=\"https:\/\/martinluther.ca\/wp-content\/uploads\/2017\/01\/2016-04-Spaziergang-am-See-1200-4-3-1024x768.jpg 1024w, https:\/\/martinluther.ca\/wp-content\/uploads\/2017\/01\/2016-04-Spaziergang-am-See-1200-4-3-300x225.jpg 300w, https:\/\/martinluther.ca\/wp-content\/uploads\/2017\/01\/2016-04-Spaziergang-am-See-1200-4-3-768x576.jpg 768w, https:\/\/martinluther.ca\/wp-content\/uploads\/2017\/01\/2016-04-Spaziergang-am-See-1200-4-3.jpg 1200w\" width=\"1024\" height=\"768\"><\/a><\/figure><figure class=\"gallery-item\"><a href=\"https:\/\/martinluther.ca\/wp-content\/uploads\/2017\/01\/2016-04-23-Day-Care-Clean-up-1200-4-3.jpg\" class=\"wpex-lightbox-group-item\" data-caption=\"3. Wir helfen gemeinsam \u2013 Die Tagesst\u00e4tte wird aufger\u00e4umt\"><img loading=\"lazy\" decoding=\"async\" src=\"https:\/\/martinluther.ca\/wp-content\/uploads\/2017\/01\/2016-04-23-Day-Care-Clean-up-1200-4-3-1024x768.jpg\" alt=\"\" srcset=\"https:\/\/martinluther.ca\/wp-content\/uploads\/2017\/01\/2016-04-23-Day-Care-Clean-up-1200-4-3-1024x768.jpg 1024w, https:\/\/martinluther.ca\/wp-content\/uploads\/2017\/01\/2016-04-23-Day-Care-Clean-up-1200-4-3-300x225.jpg 300w, https:\/\/martinluther.ca\/wp-content\/uploads\/2017\/01\/2016-04-23-Day-Care-Clean-up-1200-4-3-768x576.jpg 768w, https:\/\/martinluther.ca\/wp-content\/uploads\/2017\/01\/2016-04-23-Day-Care-Clean-up-1200-4-3.jpg 1200w\" width=\"1024\" height=\"768\"><\/a><figcaption class=\"gallery-caption wpex-last-mb-0\">3. Wir helfen gemeinsam \u2013 Die Tagesst\u00e4tte wird aufger\u00e4umt<\/figcaption><\/figure><figure class=\"gallery-item\"><a href=\"https:\/\/martinluther.ca\/wp-content\/uploads\/2017\/01\/2016-05-BBQ-1200-4-3.jpg\" class=\"wpex-lightbox-group-item\" data-caption=\"4. Erste Grillparty in Kanada \u2013 Wir lernen uns gegenseitig besser kennen\"><img loading=\"lazy\" decoding=\"async\" src=\"https:\/\/martinluther.ca\/wp-content\/uploads\/2017\/01\/2016-05-BBQ-1200-4-3-1024x768.jpg\" alt=\"\" srcset=\"https:\/\/martinluther.ca\/wp-content\/uploads\/2017\/01\/2016-05-BBQ-1200-4-3-1024x768.jpg 1024w, https:\/\/martinluther.ca\/wp-content\/uploads\/2017\/01\/2016-05-BBQ-1200-4-3-300x225.jpg 300w, https:\/\/martinluther.ca\/wp-content\/uploads\/2017\/01\/2016-05-BBQ-1200-4-3-768x576.jpg 768w, https:\/\/martinluther.ca\/wp-content\/uploads\/2017\/01\/2016-05-BBQ-1200-4-3.jpg 1200w\" width=\"1024\" height=\"768\"><\/a><figcaption class=\"gallery-caption wpex-last-mb-0\">4. Erste Grillparty in Kanada \u2013 Wir lernen uns gegenseitig besser kennen<\/figcaption><\/figure><figure class=\"gallery-item\"><a href=\"https:\/\/martinluther.ca\/wp-content\/uploads\/2017\/01\/2016-06-Visit-and-walk-at-McMichaels-Gallery-1200-4-3.jpg\" class=\"wpex-lightbox-group-item\" data-caption=\"5. McMichaels Kunstausstellung \u2013 Galeriebesuch und Spaziergang\"><img loading=\"lazy\" decoding=\"async\" src=\"https:\/\/martinluther.ca\/wp-content\/uploads\/2017\/01\/2016-06-Visit-and-walk-at-McMichaels-Gallery-1200-4-3-1024x768.jpg\" alt=\"\" srcset=\"https:\/\/martinluther.ca\/wp-content\/uploads\/2017\/01\/2016-06-Visit-and-walk-at-McMichaels-Gallery-1200-4-3-1024x768.jpg 1024w, https:\/\/martinluther.ca\/wp-content\/uploads\/2017\/01\/2016-06-Visit-and-walk-at-McMichaels-Gallery-1200-4-3-300x225.jpg 300w, https:\/\/martinluther.ca\/wp-content\/uploads\/2017\/01\/2016-06-Visit-and-walk-at-McMichaels-Gallery-1200-4-3-768x576.jpg 768w, https:\/\/martinluther.ca\/wp-content\/uploads\/2017\/01\/2016-06-Visit-and-walk-at-McMichaels-Gallery-1200-4-3.jpg 1200w\" width=\"1024\" height=\"768\"><\/a><figcaption class=\"gallery-caption wpex-last-mb-0\">5. McMichaels Kunstausstellung \u2013 Galeriebesuch und Spaziergang<\/figcaption><\/figure><figure class=\"gallery-item\"><a href=\"https:\/\/martinluther.ca\/wp-content\/uploads\/2017\/01\/2016-07-gemeinsame-Gartenarbeit-4-3.jpg\" class=\"wpex-lightbox-group-item\" data-caption=\"6.  Gemeinsame Gartenarbeit\"><img loading=\"lazy\" decoding=\"async\" src=\"https:\/\/martinluther.ca\/wp-content\/uploads\/2017\/01\/2016-07-gemeinsame-Gartenarbeit-4-3-1024x768.jpg\" alt=\"\" srcset=\"https:\/\/martinluther.ca\/wp-content\/uploads\/2017\/01\/2016-07-gemeinsame-Gartenarbeit-4-3-1024x768.jpg 1024w, https:\/\/martinluther.ca\/wp-content\/uploads\/2017\/01\/2016-07-gemeinsame-Gartenarbeit-4-3-300x225.jpg 300w, https:\/\/martinluther.ca\/wp-content\/uploads\/2017\/01\/2016-07-gemeinsame-Gartenarbeit-4-3-768x576.jpg 768w, https:\/\/martinluther.ca\/wp-content\/uploads\/2017\/01\/2016-07-gemeinsame-Gartenarbeit-4-3.jpg 1530w\" width=\"1024\" height=\"768\"><\/a><figcaption class=\"gallery-caption wpex-last-mb-0\">6.  Gemeinsame Gartenarbeit<\/figcaption><\/figure><figure class=\"gallery-item\"><a href=\"https:\/\/martinluther.ca\/wp-content\/uploads\/2017\/01\/2016-11-01-Rosto-Family-Aga-Khan-1200-4-3.jpg\" class=\"wpex-lightbox-group-item\" data-caption=\"7. Aga Khan Museum \u2013 Wir entdecken ein klein wenig syrischer Geschichte\"><img loading=\"lazy\" decoding=\"async\" src=\"https:\/\/martinluther.ca\/wp-content\/uploads\/2017\/01\/2016-11-01-Rosto-Family-Aga-Khan-1200-4-3-768x1024.jpg\" alt=\"\" srcset=\"https:\/\/martinluther.ca\/wp-content\/uploads\/2017\/01\/2016-11-01-Rosto-Family-Aga-Khan-1200-4-3-768x1024.jpg 768w, https:\/\/martinluther.ca\/wp-content\/uploads\/2017\/01\/2016-11-01-Rosto-Family-Aga-Khan-1200-4-3-225x300.jpg 225w, https:\/\/martinluther.ca\/wp-content\/uploads\/2017\/01\/2016-11-01-Rosto-Family-Aga-Khan-1200-4-3.jpg 1200w\" width=\"768\" height=\"1024\"><\/a><figcaption class=\"gallery-caption wpex-last-mb-0\">7. Aga Khan Museum \u2013 Wir entdecken ein klein wenig syrischer Geschichte<\/figcaption><\/figure><figure class=\"gallery-item\"><a href=\"https:\/\/martinluther.ca\/wp-content\/uploads\/2017\/01\/2016-11-27Fundraiser-1200-4-3.jpg\" class=\"wpex-lightbox-group-item\" data-caption=\"8. Weihnachtsbasar Fundraiser f\u00fcr Fl\u00fcchtlingshilfe \u2013 Viele Menschen, ein Ziel\"><img loading=\"lazy\" decoding=\"async\" src=\"https:\/\/martinluther.ca\/wp-content\/uploads\/2017\/01\/2016-11-27Fundraiser-1200-4-3-1024x768.jpg\" alt=\"\" srcset=\"https:\/\/martinluther.ca\/wp-content\/uploads\/2017\/01\/2016-11-27Fundraiser-1200-4-3-1024x768.jpg 1024w, https:\/\/martinluther.ca\/wp-content\/uploads\/2017\/01\/2016-11-27Fundraiser-1200-4-3-300x225.jpg 300w, https:\/\/martinluther.ca\/wp-content\/uploads\/2017\/01\/2016-11-27Fundraiser-1200-4-3-768x576.jpg 768w, https:\/\/martinluther.ca\/wp-content\/uploads\/2017\/01\/2016-11-27Fundraiser-1200-4-3.jpg 1200w\" width=\"1024\" height=\"768\"><\/a><figcaption class=\"gallery-caption wpex-last-mb-0\">8. Weihnachtsbasar Fundraiser f\u00fcr Fl\u00fcchtlingshilfe \u2013 Viele Menschen, ein Ziel<\/figcaption><\/figure><\/div>\n\n","protected":false},"excerpt":{"rendered":"<p>Eine Fotoreise der Integration: Kleine Teile des Ganzen. Unsere syrische Freunde in 2016&#8230;. 1. Englisch Unterricht \u2013 Wir fangen von vorne an 2. Ein Fr\u00fchlingsspaziergang am Ontario See 3. Wir helfen gemeinsam \u2013 Die Tagesst\u00e4tte wird aufger\u00e4umt 4. Erste Grillparty in Kanada \u2013 Wir lernen uns gegenseitig besser kennen 5. McMichaels Kunstausstellung \u2013 Galeriebesuch und&hellip;<\/p>\n","protected":false},"author":9,"featured_media":25564,"comment_status":"closed","ping_status":"closed","sticky":false,"template":"","format":"standard","meta":{"footnotes":""},"categories":[69],"tags":[],"post_series":[],"class_list":["post-25575","post","type-post","status-publish","format-standard","has-post-thumbnail","hentry","category-news-blog-german","entry","has-media"],"yoast_head":"<!-- This site is optimized with the Yoast SEO plugin v27.5 - https:\/\/yoast.com\/product\/yoast-seo-wordpress\/ -->\n<title>Eine Fotoreise der Integration: Kleine Teile des Ganzen - Martin Luther Evangelische Kirche Toronto<\/title>\n<meta name=\"robots\" content=\"index, follow, max-snippet:-1, max-image-preview:large, max-video-preview:-1\" \/>\n<link rel=\"canonical\" href=\"https:\/\/martinluther.ca\/2017\/01\/a-picture-journey-of-integration-for-our-syrian-families\/\" \/>\n<meta property=\"og:locale\" content=\"de_DE\" \/>\n<meta property=\"og:type\" content=\"article\" \/>\n<meta property=\"og:title\" content=\"Eine Fotoreise der Integration: Kleine Teile des Ganzen - Martin Luther Evangelische Kirche Toronto\" \/>\n<meta property=\"og:description\" content=\"Eine Fotoreise der Integration: Kleine Teile des Ganzen. Unsere syrische Freunde in 2016&#8230;. 1. Englisch Unterricht \u2013 Wir fangen von vorne an 2. Ein Fr\u00fchlingsspaziergang am Ontario See 3. Wir helfen gemeinsam \u2013 Die Tagesst\u00e4tte wird aufger\u00e4umt 4. Erste Grillparty in Kanada \u2013 Wir lernen uns gegenseitig besser kennen 5. McMichaels Kunstausstellung \u2013 Galeriebesuch und&hellip;\" \/>\n<meta property=\"og:url\" content=\"https:\/\/martinluther.ca\/2017\/01\/a-picture-journey-of-integration-for-our-syrian-families\/\" \/>\n<meta property=\"og:site_name\" content=\"Martin Luther Evangelische Kirche Toronto\" \/>\n<meta property=\"article:publisher\" content=\"https:\/\/www.facebook.com\/martinlutherchurchtoronto\" \/>\n<meta property=\"article:published_time\" content=\"2017-01-21T14:30:32+00:00\" \/>\n<meta property=\"article:modified_time\" content=\"2018-02-17T04:56:10+00:00\" \/>\n<meta property=\"og:image\" content=\"https:\/\/martinluther.ca\/wp-content\/uploads\/2017\/01\/2016-12-27-Integrationserlebnis-4-3.jpg\" \/>\n\t<meta property=\"og:image:width\" content=\"1092\" \/>\n\t<meta property=\"og:image:height\" content=\"819\" \/>\n\t<meta property=\"og:image:type\" content=\"image\/jpeg\" \/>\n<meta name=\"author\" content=\"Mona Kakoschke Frantzke\" \/>\n<meta name=\"twitter:card\" content=\"summary_large_image\" \/>\n<meta name=\"twitter:label1\" content=\"Verfasst von\" \/>\n\t<meta name=\"twitter:data1\" content=\"Mona Kakoschke Frantzke\" \/>\n\t<meta name=\"twitter:label2\" content=\"Gesch\u00e4tzte Lesezeit\" \/>\n\t<meta name=\"twitter:data2\" content=\"1\u00a0Minute\" \/>\n<script type=\"application\/ld+json\" class=\"yoast-schema-graph\">{\"@context\":\"https:\\\/\\\/schema.org\",\"@graph\":[{\"@type\":\"Article\",\"@id\":\"https:\\\/\\\/martinluther.ca\\\/2017\\\/01\\\/a-picture-journey-of-integration-for-our-syrian-families\\\/#article\",\"isPartOf\":{\"@id\":\"https:\\\/\\\/martinluther.ca\\\/2017\\\/01\\\/a-picture-journey-of-integration-for-our-syrian-families\\\/\"},\"author\":{\"name\":\"Mona Kakoschke Frantzke\",\"@id\":\"https:\\\/\\\/martinluther.ca\\\/de\\\/#\\\/schema\\\/person\\\/815c51710f70b050f0476f18da6b0c8f\"},\"headline\":\"Eine Fotoreise der Integration: Kleine Teile des Ganzen\",\"datePublished\":\"2017-01-21T14:30:32+00:00\",\"dateModified\":\"2018-02-17T04:56:10+00:00\",\"mainEntityOfPage\":{\"@id\":\"https:\\\/\\\/martinluther.ca\\\/2017\\\/01\\\/a-picture-journey-of-integration-for-our-syrian-families\\\/\"},\"wordCount\":121,\"publisher\":{\"@id\":\"https:\\\/\\\/martinluther.ca\\\/de\\\/#organization\"},\"image\":{\"@id\":\"https:\\\/\\\/martinluther.ca\\\/2017\\\/01\\\/a-picture-journey-of-integration-for-our-syrian-families\\\/#primaryimage\"},\"thumbnailUrl\":\"https:\\\/\\\/martinluther.ca\\\/wp-content\\\/uploads\\\/2017\\\/01\\\/2016-12-27-Integrationserlebnis-4-3.jpg\",\"articleSection\":[\"News Blog - German\"],\"inLanguage\":\"de\"},{\"@type\":\"WebPage\",\"@id\":\"https:\\\/\\\/martinluther.ca\\\/2017\\\/01\\\/a-picture-journey-of-integration-for-our-syrian-families\\\/\",\"url\":\"https:\\\/\\\/martinluther.ca\\\/2017\\\/01\\\/a-picture-journey-of-integration-for-our-syrian-families\\\/\",\"name\":\"Eine Fotoreise der Integration: Kleine Teile des Ganzen - Martin Luther Evangelische Kirche Toronto\",\"isPartOf\":{\"@id\":\"https:\\\/\\\/martinluther.ca\\\/de\\\/#website\"},\"primaryImageOfPage\":{\"@id\":\"https:\\\/\\\/martinluther.ca\\\/2017\\\/01\\\/a-picture-journey-of-integration-for-our-syrian-families\\\/#primaryimage\"},\"image\":{\"@id\":\"https:\\\/\\\/martinluther.ca\\\/2017\\\/01\\\/a-picture-journey-of-integration-for-our-syrian-families\\\/#primaryimage\"},\"thumbnailUrl\":\"https:\\\/\\\/martinluther.ca\\\/wp-content\\\/uploads\\\/2017\\\/01\\\/2016-12-27-Integrationserlebnis-4-3.jpg\",\"datePublished\":\"2017-01-21T14:30:32+00:00\",\"dateModified\":\"2018-02-17T04:56:10+00:00\",\"breadcrumb\":{\"@id\":\"https:\\\/\\\/martinluther.ca\\\/2017\\\/01\\\/a-picture-journey-of-integration-for-our-syrian-families\\\/#breadcrumb\"},\"inLanguage\":\"de\",\"potentialAction\":[{\"@type\":\"ReadAction\",\"target\":[\"https:\\\/\\\/martinluther.ca\\\/2017\\\/01\\\/a-picture-journey-of-integration-for-our-syrian-families\\\/\"]}]},{\"@type\":\"ImageObject\",\"inLanguage\":\"de\",\"@id\":\"https:\\\/\\\/martinluther.ca\\\/2017\\\/01\\\/a-picture-journey-of-integration-for-our-syrian-families\\\/#primaryimage\",\"url\":\"https:\\\/\\\/martinluther.ca\\\/wp-content\\\/uploads\\\/2017\\\/01\\\/2016-12-27-Integrationserlebnis-4-3.jpg\",\"contentUrl\":\"https:\\\/\\\/martinluther.ca\\\/wp-content\\\/uploads\\\/2017\\\/01\\\/2016-12-27-Integrationserlebnis-4-3.jpg\",\"width\":1092,\"height\":819,\"caption\":\"Wir lernen Klettern und einander zu helfen\"},{\"@type\":\"BreadcrumbList\",\"@id\":\"https:\\\/\\\/martinluther.ca\\\/2017\\\/01\\\/a-picture-journey-of-integration-for-our-syrian-families\\\/#breadcrumb\",\"itemListElement\":[{\"@type\":\"ListItem\",\"position\":1,\"name\":\"Home\",\"item\":\"https:\\\/\\\/martinluther.ca\\\/de\\\/\"},{\"@type\":\"ListItem\",\"position\":2,\"name\":\"Eine Fotoreise der Integration: Kleine Teile des Ganzen\"}]},{\"@type\":\"WebSite\",\"@id\":\"https:\\\/\\\/martinluther.ca\\\/de\\\/#website\",\"url\":\"https:\\\/\\\/martinluther.ca\\\/de\\\/\",\"name\":\"Martin Luther Evangelical Church Toronto\",\"description\":\"Deutsch &amp; Englisch\",\"publisher\":{\"@id\":\"https:\\\/\\\/martinluther.ca\\\/de\\\/#organization\"},\"potentialAction\":[{\"@type\":\"SearchAction\",\"target\":{\"@type\":\"EntryPoint\",\"urlTemplate\":\"https:\\\/\\\/martinluther.ca\\\/de\\\/?s={search_term_string}\"},\"query-input\":{\"@type\":\"PropertyValueSpecification\",\"valueRequired\":true,\"valueName\":\"search_term_string\"}}],\"inLanguage\":\"de\"},{\"@type\":\"Organization\",\"@id\":\"https:\\\/\\\/martinluther.ca\\\/de\\\/#organization\",\"name\":\"Martin Luther Evangelical Church Toronto\",\"url\":\"https:\\\/\\\/martinluther.ca\\\/de\\\/\",\"logo\":{\"@type\":\"ImageObject\",\"inLanguage\":\"de\",\"@id\":\"https:\\\/\\\/martinluther.ca\\\/de\\\/#\\\/schema\\\/logo\\\/image\\\/\",\"url\":\"https:\\\/\\\/martinluther.ca\\\/wp-content\\\/uploads\\\/2016\\\/12\\\/ml-logo-300.png\",\"contentUrl\":\"https:\\\/\\\/martinluther.ca\\\/wp-content\\\/uploads\\\/2016\\\/12\\\/ml-logo-300.png\",\"width\":300,\"height\":150,\"caption\":\"Martin Luther Evangelical Church Toronto\"},\"image\":{\"@id\":\"https:\\\/\\\/martinluther.ca\\\/de\\\/#\\\/schema\\\/logo\\\/image\\\/\"},\"sameAs\":[\"https:\\\/\\\/www.facebook.com\\\/martinlutherchurchtoronto\",\"https:\\\/\\\/www.instagram.com\\\/lutheransbythelake\\\/\",\"https:\\\/\\\/www.youtube.com\\\/MartinLutherChurchToronto\"]},{\"@type\":\"Person\",\"@id\":\"https:\\\/\\\/martinluther.ca\\\/de\\\/#\\\/schema\\\/person\\\/815c51710f70b050f0476f18da6b0c8f\",\"name\":\"Mona Kakoschke Frantzke\",\"image\":{\"@type\":\"ImageObject\",\"inLanguage\":\"de\",\"@id\":\"https:\\\/\\\/secure.gravatar.com\\\/avatar\\\/0deb16854ca545cd2e9fc8001ca110d262b80d5c8317b38dc542265fbea0ed19?s=96&d=mm&r=g\",\"url\":\"https:\\\/\\\/secure.gravatar.com\\\/avatar\\\/0deb16854ca545cd2e9fc8001ca110d262b80d5c8317b38dc542265fbea0ed19?s=96&d=mm&r=g\",\"contentUrl\":\"https:\\\/\\\/secure.gravatar.com\\\/avatar\\\/0deb16854ca545cd2e9fc8001ca110d262b80d5c8317b38dc542265fbea0ed19?s=96&d=mm&r=g\",\"caption\":\"Mona Kakoschke Frantzke\"},\"url\":false}]}<\/script>\n<!-- \/ Yoast SEO plugin. -->","yoast_head_json":{"title":"Eine Fotoreise der Integration: Kleine Teile des Ganzen - Martin Luther Evangelische Kirche Toronto","robots":{"index":"index","follow":"follow","max-snippet":"max-snippet:-1","max-image-preview":"max-image-preview:large","max-video-preview":"max-video-preview:-1"},"canonical":"https:\/\/martinluther.ca\/2017\/01\/a-picture-journey-of-integration-for-our-syrian-families\/","og_locale":"de_DE","og_type":"article","og_title":"Eine Fotoreise der Integration: Kleine Teile des Ganzen - Martin Luther Evangelische Kirche Toronto","og_description":"Eine Fotoreise der Integration: Kleine Teile des Ganzen. Unsere syrische Freunde in 2016&#8230;. 1. Englisch Unterricht \u2013 Wir fangen von vorne an 2. Ein Fr\u00fchlingsspaziergang am Ontario See 3. Wir helfen gemeinsam \u2013 Die Tagesst\u00e4tte wird aufger\u00e4umt 4. Erste Grillparty in Kanada \u2013 Wir lernen uns gegenseitig besser kennen 5. McMichaels Kunstausstellung \u2013 Galeriebesuch und&hellip;","og_url":"https:\/\/martinluther.ca\/2017\/01\/a-picture-journey-of-integration-for-our-syrian-families\/","og_site_name":"Martin Luther Evangelische Kirche Toronto","article_publisher":"https:\/\/www.facebook.com\/martinlutherchurchtoronto","article_published_time":"2017-01-21T14:30:32+00:00","article_modified_time":"2018-02-17T04:56:10+00:00","og_image":[{"width":1092,"height":819,"url":"https:\/\/martinluther.ca\/wp-content\/uploads\/2017\/01\/2016-12-27-Integrationserlebnis-4-3.jpg","type":"image\/jpeg"}],"author":"Mona Kakoschke Frantzke","twitter_card":"summary_large_image","twitter_misc":{"Verfasst von":"Mona Kakoschke Frantzke","Gesch\u00e4tzte Lesezeit":"1\u00a0Minute"},"schema":{"@context":"https:\/\/schema.org","@graph":[{"@type":"Article","@id":"https:\/\/martinluther.ca\/2017\/01\/a-picture-journey-of-integration-for-our-syrian-families\/#article","isPartOf":{"@id":"https:\/\/martinluther.ca\/2017\/01\/a-picture-journey-of-integration-for-our-syrian-families\/"},"author":{"name":"Mona Kakoschke Frantzke","@id":"https:\/\/martinluther.ca\/de\/#\/schema\/person\/815c51710f70b050f0476f18da6b0c8f"},"headline":"Eine Fotoreise der Integration: Kleine Teile des Ganzen","datePublished":"2017-01-21T14:30:32+00:00","dateModified":"2018-02-17T04:56:10+00:00","mainEntityOfPage":{"@id":"https:\/\/martinluther.ca\/2017\/01\/a-picture-journey-of-integration-for-our-syrian-families\/"},"wordCount":121,"publisher":{"@id":"https:\/\/martinluther.ca\/de\/#organization"},"image":{"@id":"https:\/\/martinluther.ca\/2017\/01\/a-picture-journey-of-integration-for-our-syrian-families\/#primaryimage"},"thumbnailUrl":"https:\/\/martinluther.ca\/wp-content\/uploads\/2017\/01\/2016-12-27-Integrationserlebnis-4-3.jpg","articleSection":["News Blog - German"],"inLanguage":"de"},{"@type":"WebPage","@id":"https:\/\/martinluther.ca\/2017\/01\/a-picture-journey-of-integration-for-our-syrian-families\/","url":"https:\/\/martinluther.ca\/2017\/01\/a-picture-journey-of-integration-for-our-syrian-families\/","name":"Eine Fotoreise der Integration: Kleine Teile des Ganzen - Martin Luther Evangelische Kirche Toronto","isPartOf":{"@id":"https:\/\/martinluther.ca\/de\/#website"},"primaryImageOfPage":{"@id":"https:\/\/martinluther.ca\/2017\/01\/a-picture-journey-of-integration-for-our-syrian-families\/#primaryimage"},"image":{"@id":"https:\/\/martinluther.ca\/2017\/01\/a-picture-journey-of-integration-for-our-syrian-families\/#primaryimage"},"thumbnailUrl":"https:\/\/martinluther.ca\/wp-content\/uploads\/2017\/01\/2016-12-27-Integrationserlebnis-4-3.jpg","datePublished":"2017-01-21T14:30:32+00:00","dateModified":"2018-02-17T04:56:10+00:00","breadcrumb":{"@id":"https:\/\/martinluther.ca\/2017\/01\/a-picture-journey-of-integration-for-our-syrian-families\/#breadcrumb"},"inLanguage":"de","potentialAction":[{"@type":"ReadAction","target":["https:\/\/martinluther.ca\/2017\/01\/a-picture-journey-of-integration-for-our-syrian-families\/"]}]},{"@type":"ImageObject","inLanguage":"de","@id":"https:\/\/martinluther.ca\/2017\/01\/a-picture-journey-of-integration-for-our-syrian-families\/#primaryimage","url":"https:\/\/martinluther.ca\/wp-content\/uploads\/2017\/01\/2016-12-27-Integrationserlebnis-4-3.jpg","contentUrl":"https:\/\/martinluther.ca\/wp-content\/uploads\/2017\/01\/2016-12-27-Integrationserlebnis-4-3.jpg","width":1092,"height":819,"caption":"Wir lernen Klettern und einander zu helfen"},{"@type":"BreadcrumbList","@id":"https:\/\/martinluther.ca\/2017\/01\/a-picture-journey-of-integration-for-our-syrian-families\/#breadcrumb","itemListElement":[{"@type":"ListItem","position":1,"name":"Home","item":"https:\/\/martinluther.ca\/de\/"},{"@type":"ListItem","position":2,"name":"Eine Fotoreise der Integration: Kleine Teile des Ganzen"}]},{"@type":"WebSite","@id":"https:\/\/martinluther.ca\/de\/#website","url":"https:\/\/martinluther.ca\/de\/","name":"Martin Luther Evangelical Church Toronto","description":"Deutsch &amp; Englisch","publisher":{"@id":"https:\/\/martinluther.ca\/de\/#organization"},"potentialAction":[{"@type":"SearchAction","target":{"@type":"EntryPoint","urlTemplate":"https:\/\/martinluther.ca\/de\/?s={search_term_string}"},"query-input":{"@type":"PropertyValueSpecification","valueRequired":true,"valueName":"search_term_string"}}],"inLanguage":"de"},{"@type":"Organization","@id":"https:\/\/martinluther.ca\/de\/#organization","name":"Martin Luther Evangelical Church Toronto","url":"https:\/\/martinluther.ca\/de\/","logo":{"@type":"ImageObject","inLanguage":"de","@id":"https:\/\/martinluther.ca\/de\/#\/schema\/logo\/image\/","url":"https:\/\/martinluther.ca\/wp-content\/uploads\/2016\/12\/ml-logo-300.png","contentUrl":"https:\/\/martinluther.ca\/wp-content\/uploads\/2016\/12\/ml-logo-300.png","width":300,"height":150,"caption":"Martin Luther Evangelical Church Toronto"},"image":{"@id":"https:\/\/martinluther.ca\/de\/#\/schema\/logo\/image\/"},"sameAs":["https:\/\/www.facebook.com\/martinlutherchurchtoronto","https:\/\/www.instagram.com\/lutheransbythelake\/","https:\/\/www.youtube.com\/MartinLutherChurchToronto"]},{"@type":"Person","@id":"https:\/\/martinluther.ca\/de\/#\/schema\/person\/815c51710f70b050f0476f18da6b0c8f","name":"Mona Kakoschke Frantzke","image":{"@type":"ImageObject","inLanguage":"de","@id":"https:\/\/secure.gravatar.com\/avatar\/0deb16854ca545cd2e9fc8001ca110d262b80d5c8317b38dc542265fbea0ed19?s=96&d=mm&r=g","url":"https:\/\/secure.gravatar.com\/avatar\/0deb16854ca545cd2e9fc8001ca110d262b80d5c8317b38dc542265fbea0ed19?s=96&d=mm&r=g","contentUrl":"https:\/\/secure.gravatar.com\/avatar\/0deb16854ca545cd2e9fc8001ca110d262b80d5c8317b38dc542265fbea0ed19?s=96&d=mm&r=g","caption":"Mona Kakoschke Frantzke"},"url":false}]}},"_links":{"self":[{"href":"https:\/\/martinluther.ca\/de\/wp-json\/wp\/v2\/posts\/25575","targetHints":{"allow":["GET"]}}],"collection":[{"href":"https:\/\/martinluther.ca\/de\/wp-json\/wp\/v2\/posts"}],"about":[{"href":"https:\/\/martinluther.ca\/de\/wp-json\/wp\/v2\/types\/post"}],"author":[{"embeddable":true,"href":"https:\/\/martinluther.ca\/de\/wp-json\/wp\/v2\/users\/9"}],"replies":[{"embeddable":true,"href":"https:\/\/martinluther.ca\/de\/wp-json\/wp\/v2\/comments?post=25575"}],"version-history":[{"count":4,"href":"https:\/\/martinluther.ca\/de\/wp-json\/wp\/v2\/posts\/25575\/revisions"}],"predecessor-version":[{"id":26614,"href":"https:\/\/martinluther.ca\/de\/wp-json\/wp\/v2\/posts\/25575\/revisions\/26614"}],"wp:featuredmedia":[{"embeddable":true,"href":"https:\/\/martinluther.ca\/de\/wp-json\/wp\/v2\/media\/25564"}],"wp:attachment":[{"href":"https:\/\/martinluther.ca\/de\/wp-json\/wp\/v2\/media?parent=25575"}],"wp:term":[{"taxonomy":"category","embeddable":true,"href":"https:\/\/martinluther.ca\/de\/wp-json\/wp\/v2\/categories?post=25575"},{"taxonomy":"post_tag","embeddable":true,"href":"https:\/\/martinluther.ca\/de\/wp-json\/wp\/v2\/tags?post=25575"},{"taxonomy":"post_series","embeddable":true,"href":"https:\/\/martinluther.ca\/de\/wp-json\/wp\/v2\/post_series?post=25575"}],"curies":[{"name":"wp","href":"https:\/\/api.w.org\/{rel}","templated":true}]}}