{"id":25594,"date":"2017-01-21T17:09:46","date_gmt":"2017-01-21T22:09:46","guid":{"rendered":"https:\/\/martinluther.ca\/?p=25594\/"},"modified":"2017-02-23T16:27:38","modified_gmt":"2017-02-23T21:27:38","slug":"jetzt-auch-als-buch-in-80-tagen-um-die-welt","status":"publish","type":"post","link":"https:\/\/martinluther.ca\/de\/2017\/01\/jetzt-auch-als-buch-in-80-tagen-um-die-welt\/","title":{"rendered":"Jetzt auch als Buch: In 80 Tagen um die Welt"},"content":{"rendered":"<p><img loading=\"lazy\" decoding=\"async\" class=\"alignright size-medium wp-image-25578\" src=\"https:\/\/martinluther.ca\/wp-content\/uploads\/2017\/01\/in-80-tagen_pic-4-3-225x300.jpg\" alt=\"\" width=\"225\" height=\"300\" srcset=\"https:\/\/martinluther.ca\/wp-content\/uploads\/2017\/01\/in-80-tagen_pic-4-3-225x300.jpg 225w, https:\/\/martinluther.ca\/wp-content\/uploads\/2017\/01\/in-80-tagen_pic-4-3-768x1024.jpg 768w, https:\/\/martinluther.ca\/wp-content\/uploads\/2017\/01\/in-80-tagen_pic-4-3.jpg 983w\" sizes=\"auto, (max-width: 225px) 100vw, 225px\" \/>Im Sommer 2016 war Pastor Christian Ceconi bei Radio Berlin Brandenburg (rbb) auf Sendung. Im Rahmen der Sendereihe &#8222;In 80 Tagen um die Welt&#8220; hat er von dem Bem\u00fchen um Vers\u00f6hnung mit den First Nations hier aus Kanada berichtet.<\/p>\n<p>Nun erscheint die ganze Sendereihe als Lesebuch f\u00fcr alle, die auf Entdeckungsreise gehen wollen. Rundfunkpastorin Barbara Manterfeld-Wormit, die die Reihe begleitet hat und nun ver\u00f6ffentlicht, skizziert den weiten Horizont dieser Reise rund um die eine Welt:<\/p>\n<p>&#8222;Was macht Brahms in Neu Delhi? Was hat der r\u00f6mische Caff\u00e8 sosp\u00e9so mit christlicher N\u00e4chstenliebe zu tun? Warum st\u00f6hnen Kinder in Deutschland \u00fcber die Schule,<br \/>\nw\u00e4hrend sie f\u00fcr die kleine Eleni aus Adis Abeba den Himmel auf Erden bedeutet? Eine \u00f6kumenische Weltreise ins ehemalige Fl\u00fcchtlingslager Idomeni und in die unendlichen Weiten Kanadas. Nach Jerusalem, Sehnsuchtsort zwischen Gewalt und Hoffnung. In ein verlassenes Dorf bei Fukushima und ins amerikanische Zentrum der Macht, wo Martin Luther King pl\u00f6tzlich wei\u00df ist.<\/p>\n<p>Es sind Kurztrips in eine Welt, die anders ist als erwartet. Hoffnungsgeschichten, die zeigen, was uns verbindet: Weil Gott auch auf Bali wohnt und der Christo von Rio allen geh\u00f6rt.&#8220;<\/p>\n<p>Barbara Manterfeld-Wormit (Hg.), In 80 Tagen um die Welt. Eine spirituelle Reise zu den Hotspots der Einen Welt, 112 Seiten, Wichern-Verlag, 2017, 978-3-88981-425-8 (ISBN). Das Buch erscheint Ende M\u00e4rz 2017 in deutscher Sprache und kostet Euro 14,95.<\/p>\n<p>Salt and Light TV (Katholisches Websender) strahlt am 27. Februar 2017 ein weiteres Interview mit Pastor Ceconi und dem \u00d6kumenischen Offizier der Erzdi\u00f6zese von Toronto, Pater Damian, aus.<\/p>\n","protected":false},"excerpt":{"rendered":"<p>Im Sommer 2016 war Pastor Christian Ceconi bei Radio Berlin Brandenburg (rbb) auf Sendung. Im Rahmen der Sendereihe &#8222;In 80 Tagen um die Welt&#8220; hat er von dem Bem\u00fchen um Vers\u00f6hnung mit den First Nations hier aus Kanada berichtet. Nun erscheint die ganze Sendereihe als Lesebuch f\u00fcr alle, die auf Entdeckungsreise gehen wollen. Rundfunkpastorin Barbara&hellip;<\/p>\n","protected":false},"author":9,"featured_media":25596,"comment_status":"closed","ping_status":"closed","sticky":false,"template":"","format":"standard","meta":{"footnotes":""},"categories":[69],"tags":[],"post_series":[],"class_list":["post-25594","post","type-post","status-publish","format-standard","has-post-thumbnail","hentry","category-news-blog-german","entry","has-media"],"yoast_head":"<!-- This site is optimized with the Yoast SEO plugin v27.5 - https:\/\/yoast.com\/product\/yoast-seo-wordpress\/ -->\n<title>Jetzt auch als Buch: In 80 Tagen um die Welt - Martin Luther Evangelische Kirche Toronto<\/title>\n<meta name=\"robots\" content=\"index, follow, max-snippet:-1, max-image-preview:large, max-video-preview:-1\" \/>\n<link rel=\"canonical\" href=\"https:\/\/martinluther.ca\/de\/2017\/01\/jetzt-auch-als-buch-in-80-tagen-um-die-welt\/\" \/>\n<meta property=\"og:locale\" content=\"de_DE\" \/>\n<meta property=\"og:type\" content=\"article\" \/>\n<meta property=\"og:title\" content=\"Jetzt auch als Buch: In 80 Tagen um die Welt - Martin Luther Evangelische Kirche Toronto\" \/>\n<meta property=\"og:description\" content=\"Im Sommer 2016 war Pastor Christian Ceconi bei Radio Berlin Brandenburg (rbb) auf Sendung. Im Rahmen der Sendereihe &#8222;In 80 Tagen um die Welt&#8220; hat er von dem Bem\u00fchen um Vers\u00f6hnung mit den First Nations hier aus Kanada berichtet. Nun erscheint die ganze Sendereihe als Lesebuch f\u00fcr alle, die auf Entdeckungsreise gehen wollen. Rundfunkpastorin Barbara&hellip;\" \/>\n<meta property=\"og:url\" content=\"https:\/\/martinluther.ca\/de\/2017\/01\/jetzt-auch-als-buch-in-80-tagen-um-die-welt\/\" \/>\n<meta property=\"og:site_name\" content=\"Martin Luther Evangelische Kirche Toronto\" \/>\n<meta property=\"article:publisher\" content=\"https:\/\/www.facebook.com\/martinlutherchurchtoronto\" \/>\n<meta property=\"article:published_time\" content=\"2017-01-21T22:09:46+00:00\" \/>\n<meta property=\"article:modified_time\" content=\"2017-02-23T21:27:38+00:00\" \/>\n<meta property=\"og:image\" content=\"https:\/\/martinluther.ca\/wp-content\/uploads\/2017\/01\/in-80-tagen_pic-horizontal4-3.jpg\" \/>\n\t<meta property=\"og:image:width\" content=\"983\" \/>\n\t<meta property=\"og:image:height\" content=\"738\" \/>\n\t<meta property=\"og:image:type\" content=\"image\/jpeg\" \/>\n<meta name=\"author\" content=\"Mona Kakoschke Frantzke\" \/>\n<meta name=\"twitter:card\" content=\"summary_large_image\" \/>\n<meta name=\"twitter:label1\" content=\"Verfasst von\" \/>\n\t<meta name=\"twitter:data1\" content=\"Mona Kakoschke Frantzke\" \/>\n\t<meta name=\"twitter:label2\" content=\"Gesch\u00e4tzte Lesezeit\" \/>\n\t<meta name=\"twitter:data2\" content=\"1\u00a0Minute\" \/>\n<script type=\"application\/ld+json\" class=\"yoast-schema-graph\">{\"@context\":\"https:\\\/\\\/schema.org\",\"@graph\":[{\"@type\":\"Article\",\"@id\":\"https:\\\/\\\/martinluther.ca\\\/de\\\/2017\\\/01\\\/jetzt-auch-als-buch-in-80-tagen-um-die-welt\\\/#article\",\"isPartOf\":{\"@id\":\"https:\\\/\\\/martinluther.ca\\\/de\\\/2017\\\/01\\\/jetzt-auch-als-buch-in-80-tagen-um-die-welt\\\/\"},\"author\":{\"name\":\"Mona Kakoschke Frantzke\",\"@id\":\"https:\\\/\\\/martinluther.ca\\\/de\\\/#\\\/schema\\\/person\\\/815c51710f70b050f0476f18da6b0c8f\"},\"headline\":\"Jetzt auch als Buch: In 80 Tagen um die Welt\",\"datePublished\":\"2017-01-21T22:09:46+00:00\",\"dateModified\":\"2017-02-23T21:27:38+00:00\",\"mainEntityOfPage\":{\"@id\":\"https:\\\/\\\/martinluther.ca\\\/de\\\/2017\\\/01\\\/jetzt-auch-als-buch-in-80-tagen-um-die-welt\\\/\"},\"wordCount\":266,\"publisher\":{\"@id\":\"https:\\\/\\\/martinluther.ca\\\/de\\\/#organization\"},\"image\":{\"@id\":\"https:\\\/\\\/martinluther.ca\\\/de\\\/2017\\\/01\\\/jetzt-auch-als-buch-in-80-tagen-um-die-welt\\\/#primaryimage\"},\"thumbnailUrl\":\"https:\\\/\\\/martinluther.ca\\\/wp-content\\\/uploads\\\/2017\\\/01\\\/in-80-tagen_pic-horizontal4-3.jpg\",\"articleSection\":[\"News Blog - German\"],\"inLanguage\":\"de\"},{\"@type\":\"WebPage\",\"@id\":\"https:\\\/\\\/martinluther.ca\\\/de\\\/2017\\\/01\\\/jetzt-auch-als-buch-in-80-tagen-um-die-welt\\\/\",\"url\":\"https:\\\/\\\/martinluther.ca\\\/de\\\/2017\\\/01\\\/jetzt-auch-als-buch-in-80-tagen-um-die-welt\\\/\",\"name\":\"Jetzt auch als Buch: In 80 Tagen um die Welt - Martin Luther Evangelische Kirche Toronto\",\"isPartOf\":{\"@id\":\"https:\\\/\\\/martinluther.ca\\\/de\\\/#website\"},\"primaryImageOfPage\":{\"@id\":\"https:\\\/\\\/martinluther.ca\\\/de\\\/2017\\\/01\\\/jetzt-auch-als-buch-in-80-tagen-um-die-welt\\\/#primaryimage\"},\"image\":{\"@id\":\"https:\\\/\\\/martinluther.ca\\\/de\\\/2017\\\/01\\\/jetzt-auch-als-buch-in-80-tagen-um-die-welt\\\/#primaryimage\"},\"thumbnailUrl\":\"https:\\\/\\\/martinluther.ca\\\/wp-content\\\/uploads\\\/2017\\\/01\\\/in-80-tagen_pic-horizontal4-3.jpg\",\"datePublished\":\"2017-01-21T22:09:46+00:00\",\"dateModified\":\"2017-02-23T21:27:38+00:00\",\"breadcrumb\":{\"@id\":\"https:\\\/\\\/martinluther.ca\\\/de\\\/2017\\\/01\\\/jetzt-auch-als-buch-in-80-tagen-um-die-welt\\\/#breadcrumb\"},\"inLanguage\":\"de\",\"potentialAction\":[{\"@type\":\"ReadAction\",\"target\":[\"https:\\\/\\\/martinluther.ca\\\/de\\\/2017\\\/01\\\/jetzt-auch-als-buch-in-80-tagen-um-die-welt\\\/\"]}]},{\"@type\":\"ImageObject\",\"inLanguage\":\"de\",\"@id\":\"https:\\\/\\\/martinluther.ca\\\/de\\\/2017\\\/01\\\/jetzt-auch-als-buch-in-80-tagen-um-die-welt\\\/#primaryimage\",\"url\":\"https:\\\/\\\/martinluther.ca\\\/wp-content\\\/uploads\\\/2017\\\/01\\\/in-80-tagen_pic-horizontal4-3.jpg\",\"contentUrl\":\"https:\\\/\\\/martinluther.ca\\\/wp-content\\\/uploads\\\/2017\\\/01\\\/in-80-tagen_pic-horizontal4-3.jpg\",\"width\":983,\"height\":738},{\"@type\":\"BreadcrumbList\",\"@id\":\"https:\\\/\\\/martinluther.ca\\\/de\\\/2017\\\/01\\\/jetzt-auch-als-buch-in-80-tagen-um-die-welt\\\/#breadcrumb\",\"itemListElement\":[{\"@type\":\"ListItem\",\"position\":1,\"name\":\"Home\",\"item\":\"https:\\\/\\\/martinluther.ca\\\/de\\\/\"},{\"@type\":\"ListItem\",\"position\":2,\"name\":\"Jetzt auch als Buch: In 80 Tagen um die Welt\"}]},{\"@type\":\"WebSite\",\"@id\":\"https:\\\/\\\/martinluther.ca\\\/de\\\/#website\",\"url\":\"https:\\\/\\\/martinluther.ca\\\/de\\\/\",\"name\":\"Martin Luther Evangelical Church Toronto\",\"description\":\"Deutsch &amp; Englisch\",\"publisher\":{\"@id\":\"https:\\\/\\\/martinluther.ca\\\/de\\\/#organization\"},\"potentialAction\":[{\"@type\":\"SearchAction\",\"target\":{\"@type\":\"EntryPoint\",\"urlTemplate\":\"https:\\\/\\\/martinluther.ca\\\/de\\\/?s={search_term_string}\"},\"query-input\":{\"@type\":\"PropertyValueSpecification\",\"valueRequired\":true,\"valueName\":\"search_term_string\"}}],\"inLanguage\":\"de\"},{\"@type\":\"Organization\",\"@id\":\"https:\\\/\\\/martinluther.ca\\\/de\\\/#organization\",\"name\":\"Martin Luther Evangelical Church Toronto\",\"url\":\"https:\\\/\\\/martinluther.ca\\\/de\\\/\",\"logo\":{\"@type\":\"ImageObject\",\"inLanguage\":\"de\",\"@id\":\"https:\\\/\\\/martinluther.ca\\\/de\\\/#\\\/schema\\\/logo\\\/image\\\/\",\"url\":\"https:\\\/\\\/martinluther.ca\\\/wp-content\\\/uploads\\\/2016\\\/12\\\/ml-logo-300.png\",\"contentUrl\":\"https:\\\/\\\/martinluther.ca\\\/wp-content\\\/uploads\\\/2016\\\/12\\\/ml-logo-300.png\",\"width\":300,\"height\":150,\"caption\":\"Martin Luther Evangelical Church Toronto\"},\"image\":{\"@id\":\"https:\\\/\\\/martinluther.ca\\\/de\\\/#\\\/schema\\\/logo\\\/image\\\/\"},\"sameAs\":[\"https:\\\/\\\/www.facebook.com\\\/martinlutherchurchtoronto\",\"https:\\\/\\\/www.instagram.com\\\/lutheransbythelake\\\/\",\"https:\\\/\\\/www.youtube.com\\\/MartinLutherChurchToronto\"]},{\"@type\":\"Person\",\"@id\":\"https:\\\/\\\/martinluther.ca\\\/de\\\/#\\\/schema\\\/person\\\/815c51710f70b050f0476f18da6b0c8f\",\"name\":\"Mona Kakoschke Frantzke\",\"image\":{\"@type\":\"ImageObject\",\"inLanguage\":\"de\",\"@id\":\"https:\\\/\\\/secure.gravatar.com\\\/avatar\\\/0deb16854ca545cd2e9fc8001ca110d262b80d5c8317b38dc542265fbea0ed19?s=96&d=mm&r=g\",\"url\":\"https:\\\/\\\/secure.gravatar.com\\\/avatar\\\/0deb16854ca545cd2e9fc8001ca110d262b80d5c8317b38dc542265fbea0ed19?s=96&d=mm&r=g\",\"contentUrl\":\"https:\\\/\\\/secure.gravatar.com\\\/avatar\\\/0deb16854ca545cd2e9fc8001ca110d262b80d5c8317b38dc542265fbea0ed19?s=96&d=mm&r=g\",\"caption\":\"Mona Kakoschke Frantzke\"},\"url\":false}]}<\/script>\n<!-- \/ Yoast SEO plugin. -->","yoast_head_json":{"title":"Jetzt auch als Buch: In 80 Tagen um die Welt - Martin Luther Evangelische Kirche Toronto","robots":{"index":"index","follow":"follow","max-snippet":"max-snippet:-1","max-image-preview":"max-image-preview:large","max-video-preview":"max-video-preview:-1"},"canonical":"https:\/\/martinluther.ca\/de\/2017\/01\/jetzt-auch-als-buch-in-80-tagen-um-die-welt\/","og_locale":"de_DE","og_type":"article","og_title":"Jetzt auch als Buch: In 80 Tagen um die Welt - Martin Luther Evangelische Kirche Toronto","og_description":"Im Sommer 2016 war Pastor Christian Ceconi bei Radio Berlin Brandenburg (rbb) auf Sendung. Im Rahmen der Sendereihe &#8222;In 80 Tagen um die Welt&#8220; hat er von dem Bem\u00fchen um Vers\u00f6hnung mit den First Nations hier aus Kanada berichtet. Nun erscheint die ganze Sendereihe als Lesebuch f\u00fcr alle, die auf Entdeckungsreise gehen wollen. Rundfunkpastorin Barbara&hellip;","og_url":"https:\/\/martinluther.ca\/de\/2017\/01\/jetzt-auch-als-buch-in-80-tagen-um-die-welt\/","og_site_name":"Martin Luther Evangelische Kirche Toronto","article_publisher":"https:\/\/www.facebook.com\/martinlutherchurchtoronto","article_published_time":"2017-01-21T22:09:46+00:00","article_modified_time":"2017-02-23T21:27:38+00:00","og_image":[{"width":983,"height":738,"url":"https:\/\/martinluther.ca\/wp-content\/uploads\/2017\/01\/in-80-tagen_pic-horizontal4-3.jpg","type":"image\/jpeg"}],"author":"Mona Kakoschke Frantzke","twitter_card":"summary_large_image","twitter_misc":{"Verfasst von":"Mona Kakoschke Frantzke","Gesch\u00e4tzte Lesezeit":"1\u00a0Minute"},"schema":{"@context":"https:\/\/schema.org","@graph":[{"@type":"Article","@id":"https:\/\/martinluther.ca\/de\/2017\/01\/jetzt-auch-als-buch-in-80-tagen-um-die-welt\/#article","isPartOf":{"@id":"https:\/\/martinluther.ca\/de\/2017\/01\/jetzt-auch-als-buch-in-80-tagen-um-die-welt\/"},"author":{"name":"Mona Kakoschke Frantzke","@id":"https:\/\/martinluther.ca\/de\/#\/schema\/person\/815c51710f70b050f0476f18da6b0c8f"},"headline":"Jetzt auch als Buch: In 80 Tagen um die Welt","datePublished":"2017-01-21T22:09:46+00:00","dateModified":"2017-02-23T21:27:38+00:00","mainEntityOfPage":{"@id":"https:\/\/martinluther.ca\/de\/2017\/01\/jetzt-auch-als-buch-in-80-tagen-um-die-welt\/"},"wordCount":266,"publisher":{"@id":"https:\/\/martinluther.ca\/de\/#organization"},"image":{"@id":"https:\/\/martinluther.ca\/de\/2017\/01\/jetzt-auch-als-buch-in-80-tagen-um-die-welt\/#primaryimage"},"thumbnailUrl":"https:\/\/martinluther.ca\/wp-content\/uploads\/2017\/01\/in-80-tagen_pic-horizontal4-3.jpg","articleSection":["News Blog - German"],"inLanguage":"de"},{"@type":"WebPage","@id":"https:\/\/martinluther.ca\/de\/2017\/01\/jetzt-auch-als-buch-in-80-tagen-um-die-welt\/","url":"https:\/\/martinluther.ca\/de\/2017\/01\/jetzt-auch-als-buch-in-80-tagen-um-die-welt\/","name":"Jetzt auch als Buch: In 80 Tagen um die Welt - Martin Luther Evangelische Kirche Toronto","isPartOf":{"@id":"https:\/\/martinluther.ca\/de\/#website"},"primaryImageOfPage":{"@id":"https:\/\/martinluther.ca\/de\/2017\/01\/jetzt-auch-als-buch-in-80-tagen-um-die-welt\/#primaryimage"},"image":{"@id":"https:\/\/martinluther.ca\/de\/2017\/01\/jetzt-auch-als-buch-in-80-tagen-um-die-welt\/#primaryimage"},"thumbnailUrl":"https:\/\/martinluther.ca\/wp-content\/uploads\/2017\/01\/in-80-tagen_pic-horizontal4-3.jpg","datePublished":"2017-01-21T22:09:46+00:00","dateModified":"2017-02-23T21:27:38+00:00","breadcrumb":{"@id":"https:\/\/martinluther.ca\/de\/2017\/01\/jetzt-auch-als-buch-in-80-tagen-um-die-welt\/#breadcrumb"},"inLanguage":"de","potentialAction":[{"@type":"ReadAction","target":["https:\/\/martinluther.ca\/de\/2017\/01\/jetzt-auch-als-buch-in-80-tagen-um-die-welt\/"]}]},{"@type":"ImageObject","inLanguage":"de","@id":"https:\/\/martinluther.ca\/de\/2017\/01\/jetzt-auch-als-buch-in-80-tagen-um-die-welt\/#primaryimage","url":"https:\/\/martinluther.ca\/wp-content\/uploads\/2017\/01\/in-80-tagen_pic-horizontal4-3.jpg","contentUrl":"https:\/\/martinluther.ca\/wp-content\/uploads\/2017\/01\/in-80-tagen_pic-horizontal4-3.jpg","width":983,"height":738},{"@type":"BreadcrumbList","@id":"https:\/\/martinluther.ca\/de\/2017\/01\/jetzt-auch-als-buch-in-80-tagen-um-die-welt\/#breadcrumb","itemListElement":[{"@type":"ListItem","position":1,"name":"Home","item":"https:\/\/martinluther.ca\/de\/"},{"@type":"ListItem","position":2,"name":"Jetzt auch als Buch: In 80 Tagen um die Welt"}]},{"@type":"WebSite","@id":"https:\/\/martinluther.ca\/de\/#website","url":"https:\/\/martinluther.ca\/de\/","name":"Martin Luther Evangelical Church Toronto","description":"Deutsch &amp; Englisch","publisher":{"@id":"https:\/\/martinluther.ca\/de\/#organization"},"potentialAction":[{"@type":"SearchAction","target":{"@type":"EntryPoint","urlTemplate":"https:\/\/martinluther.ca\/de\/?s={search_term_string}"},"query-input":{"@type":"PropertyValueSpecification","valueRequired":true,"valueName":"search_term_string"}}],"inLanguage":"de"},{"@type":"Organization","@id":"https:\/\/martinluther.ca\/de\/#organization","name":"Martin Luther Evangelical Church Toronto","url":"https:\/\/martinluther.ca\/de\/","logo":{"@type":"ImageObject","inLanguage":"de","@id":"https:\/\/martinluther.ca\/de\/#\/schema\/logo\/image\/","url":"https:\/\/martinluther.ca\/wp-content\/uploads\/2016\/12\/ml-logo-300.png","contentUrl":"https:\/\/martinluther.ca\/wp-content\/uploads\/2016\/12\/ml-logo-300.png","width":300,"height":150,"caption":"Martin Luther Evangelical Church Toronto"},"image":{"@id":"https:\/\/martinluther.ca\/de\/#\/schema\/logo\/image\/"},"sameAs":["https:\/\/www.facebook.com\/martinlutherchurchtoronto","https:\/\/www.instagram.com\/lutheransbythelake\/","https:\/\/www.youtube.com\/MartinLutherChurchToronto"]},{"@type":"Person","@id":"https:\/\/martinluther.ca\/de\/#\/schema\/person\/815c51710f70b050f0476f18da6b0c8f","name":"Mona Kakoschke Frantzke","image":{"@type":"ImageObject","inLanguage":"de","@id":"https:\/\/secure.gravatar.com\/avatar\/0deb16854ca545cd2e9fc8001ca110d262b80d5c8317b38dc542265fbea0ed19?s=96&d=mm&r=g","url":"https:\/\/secure.gravatar.com\/avatar\/0deb16854ca545cd2e9fc8001ca110d262b80d5c8317b38dc542265fbea0ed19?s=96&d=mm&r=g","contentUrl":"https:\/\/secure.gravatar.com\/avatar\/0deb16854ca545cd2e9fc8001ca110d262b80d5c8317b38dc542265fbea0ed19?s=96&d=mm&r=g","caption":"Mona Kakoschke Frantzke"},"url":false}]}},"_links":{"self":[{"href":"https:\/\/martinluther.ca\/de\/wp-json\/wp\/v2\/posts\/25594","targetHints":{"allow":["GET"]}}],"collection":[{"href":"https:\/\/martinluther.ca\/de\/wp-json\/wp\/v2\/posts"}],"about":[{"href":"https:\/\/martinluther.ca\/de\/wp-json\/wp\/v2\/types\/post"}],"author":[{"embeddable":true,"href":"https:\/\/martinluther.ca\/de\/wp-json\/wp\/v2\/users\/9"}],"replies":[{"embeddable":true,"href":"https:\/\/martinluther.ca\/de\/wp-json\/wp\/v2\/comments?post=25594"}],"version-history":[{"count":2,"href":"https:\/\/martinluther.ca\/de\/wp-json\/wp\/v2\/posts\/25594\/revisions"}],"predecessor-version":[{"id":25599,"href":"https:\/\/martinluther.ca\/de\/wp-json\/wp\/v2\/posts\/25594\/revisions\/25599"}],"wp:featuredmedia":[{"embeddable":true,"href":"https:\/\/martinluther.ca\/de\/wp-json\/wp\/v2\/media\/25596"}],"wp:attachment":[{"href":"https:\/\/martinluther.ca\/de\/wp-json\/wp\/v2\/media?parent=25594"}],"wp:term":[{"taxonomy":"category","embeddable":true,"href":"https:\/\/martinluther.ca\/de\/wp-json\/wp\/v2\/categories?post=25594"},{"taxonomy":"post_tag","embeddable":true,"href":"https:\/\/martinluther.ca\/de\/wp-json\/wp\/v2\/tags?post=25594"},{"taxonomy":"post_series","embeddable":true,"href":"https:\/\/martinluther.ca\/de\/wp-json\/wp\/v2\/post_series?post=25594"}],"curies":[{"name":"wp","href":"https:\/\/api.w.org\/{rel}","templated":true}]}}