{"id":25645,"date":"2017-02-01T13:20:37","date_gmt":"2017-02-01T18:20:37","guid":{"rendered":"https:\/\/martinluther.ca\/?p=25645\/"},"modified":"2017-02-21T12:26:48","modified_gmt":"2017-02-21T17:26:48","slug":"unsere-gedanken-sind-mit-unseren-muslimischen-nachbarn","status":"publish","type":"post","link":"https:\/\/martinluther.ca\/de\/2017\/02\/unsere-gedanken-sind-mit-unseren-muslimischen-nachbarn\/","title":{"rendered":"Unsere Gedanken sind mit unseren muslimischen Nachbarn"},"content":{"rendered":"<div>\n<figure id=\"attachment_25643\" aria-describedby=\"caption-attachment-25643\" style=\"width: 300px\" class=\"wp-caption alignright\"><a href=\"https:\/\/martinluther.ca\/wp-content\/uploads\/2017\/02\/Image-courtesy-of-missisya-at-FreeDigitalPhotos.net_.jpg\"><img loading=\"lazy\" decoding=\"async\" class=\"size-medium wp-image-25643\" src=\"https:\/\/martinluther.ca\/wp-content\/uploads\/2017\/02\/Image-courtesy-of-missisya-at-FreeDigitalPhotos.net_-300x225.jpg\" alt=\"\" width=\"300\" height=\"225\" srcset=\"https:\/\/martinluther.ca\/wp-content\/uploads\/2017\/02\/Image-courtesy-of-missisya-at-FreeDigitalPhotos.net_-300x225.jpg 300w, https:\/\/martinluther.ca\/wp-content\/uploads\/2017\/02\/Image-courtesy-of-missisya-at-FreeDigitalPhotos.net_.jpg 400w\" sizes=\"auto, (max-width: 300px) 100vw, 300px\" \/><\/a><figcaption id=\"caption-attachment-25643\" class=\"wp-caption-text\">Image courtesy of missisya at FreeDigitalPhotos.net<\/figcaption><\/figure>\n<p>Die Nachrichten vom furchtbaren Anschlag auf die Moschee in Quebec City machen uns tief traurig und unsere Gedanken und Gebete sind mit allen Betroffenen genauso wie mit unseren muslimischen Nachbarn. Seit Jahren arbeiten wir in Mimico vertrauensvoll mit allen Religionsgemeinschaften zusammen und treffen uns regelm\u00e4\u00dfig, um voneinander zu lernen und das Zusammenleben in unseren Nachbarschaften zu f\u00f6rdern.<\/p>\n<\/div>\n<div><\/div>\n<div>Wir stehen ein f\u00fcr ein friedliches Miteinander und sehen in unserem Mitmenschen als erstes den Bruder und die Schwester, die Gott geschaffen hat.<br \/>\nLassen Sie uns darum gemeinsam beten f\u00fcr die Opfer des Anschlags und alle Betroffenen und f\u00fcr den Frieden in unseren Nachbarschaften.<\/div>\n<div><\/div>\n<div>Lesen und teilen Sie auch den Hirtenbrief unserer Nationalbisch\u00f6fin @NationalBishop und unseres Bischofs: <a href=\"http:\/\/elcic.ca\/news.cfm?artic\u2026 @ESynodELCIC\">elcic.ca\/news.cfm?artic\u2026 @ESynodELCIC<\/a><\/div>\n","protected":false},"excerpt":{"rendered":"<p>Die Nachrichten vom furchtbaren Anschlag auf die Moschee in Quebec City machen uns tief traurig und unsere Gedanken und Gebete sind mit allen Betroffenen genauso wie mit unseren muslimischen Nachbarn. Seit Jahren arbeiten wir in Mimico vertrauensvoll mit allen Religionsgemeinschaften zusammen und treffen uns regelm\u00e4\u00dfig, um voneinander zu lernen und das Zusammenleben in unseren Nachbarschaften&hellip;<\/p>\n","protected":false},"author":8,"featured_media":25643,"comment_status":"closed","ping_status":"closed","sticky":false,"template":"","format":"standard","meta":{"footnotes":""},"categories":[69],"tags":[],"post_series":[],"class_list":["post-25645","post","type-post","status-publish","format-standard","has-post-thumbnail","hentry","category-news-blog-german","entry","has-media"],"yoast_head":"<!-- This site is optimized with the Yoast SEO plugin v27.5 - https:\/\/yoast.com\/product\/yoast-seo-wordpress\/ -->\n<title>Unsere Gedanken sind mit unseren muslimischen Nachbarn - Martin Luther Evangelische Kirche Toronto<\/title>\n<meta name=\"robots\" content=\"index, follow, max-snippet:-1, max-image-preview:large, max-video-preview:-1\" \/>\n<link rel=\"canonical\" href=\"https:\/\/martinluther.ca\/de\/2017\/02\/unsere-gedanken-sind-mit-unseren-muslimischen-nachbarn\/\" \/>\n<meta property=\"og:locale\" content=\"de_DE\" \/>\n<meta property=\"og:type\" content=\"article\" \/>\n<meta property=\"og:title\" content=\"Unsere Gedanken sind mit unseren muslimischen Nachbarn - Martin Luther Evangelische Kirche Toronto\" \/>\n<meta property=\"og:description\" content=\"Die Nachrichten vom furchtbaren Anschlag auf die Moschee in Quebec City machen uns tief traurig und unsere Gedanken und Gebete sind mit allen Betroffenen genauso wie mit unseren muslimischen Nachbarn. Seit Jahren arbeiten wir in Mimico vertrauensvoll mit allen Religionsgemeinschaften zusammen und treffen uns regelm\u00e4\u00dfig, um voneinander zu lernen und das Zusammenleben in unseren Nachbarschaften&hellip;\" \/>\n<meta property=\"og:url\" content=\"https:\/\/martinluther.ca\/de\/2017\/02\/unsere-gedanken-sind-mit-unseren-muslimischen-nachbarn\/\" \/>\n<meta property=\"og:site_name\" content=\"Martin Luther Evangelische Kirche Toronto\" \/>\n<meta property=\"article:publisher\" content=\"https:\/\/www.facebook.com\/martinlutherchurchtoronto\" \/>\n<meta property=\"article:published_time\" content=\"2017-02-01T18:20:37+00:00\" \/>\n<meta property=\"article:modified_time\" content=\"2017-02-21T17:26:48+00:00\" \/>\n<meta property=\"og:image\" content=\"https:\/\/martinluther.ca\/wp-content\/uploads\/2017\/02\/Image-courtesy-of-missisya-at-FreeDigitalPhotos.net_.jpg\" \/>\n\t<meta property=\"og:image:width\" content=\"400\" \/>\n\t<meta property=\"og:image:height\" content=\"300\" \/>\n\t<meta property=\"og:image:type\" content=\"image\/jpeg\" \/>\n<meta name=\"author\" content=\"Marlena Muller\" \/>\n<meta name=\"twitter:card\" content=\"summary_large_image\" \/>\n<meta name=\"twitter:label1\" content=\"Verfasst von\" \/>\n\t<meta name=\"twitter:data1\" content=\"Marlena Muller\" \/>\n\t<meta name=\"twitter:label2\" content=\"Gesch\u00e4tzte Lesezeit\" \/>\n\t<meta name=\"twitter:data2\" content=\"1\u00a0Minute\" \/>\n<script type=\"application\/ld+json\" class=\"yoast-schema-graph\">{\"@context\":\"https:\\\/\\\/schema.org\",\"@graph\":[{\"@type\":\"Article\",\"@id\":\"https:\\\/\\\/martinluther.ca\\\/de\\\/2017\\\/02\\\/unsere-gedanken-sind-mit-unseren-muslimischen-nachbarn\\\/#article\",\"isPartOf\":{\"@id\":\"https:\\\/\\\/martinluther.ca\\\/de\\\/2017\\\/02\\\/unsere-gedanken-sind-mit-unseren-muslimischen-nachbarn\\\/\"},\"author\":{\"name\":\"Marlena Muller\",\"@id\":\"https:\\\/\\\/martinluther.ca\\\/de\\\/#\\\/schema\\\/person\\\/ef4e825f5d9d6fd740bbd7813710e15d\"},\"headline\":\"Unsere Gedanken sind mit unseren muslimischen Nachbarn\",\"datePublished\":\"2017-02-01T18:20:37+00:00\",\"dateModified\":\"2017-02-21T17:26:48+00:00\",\"mainEntityOfPage\":{\"@id\":\"https:\\\/\\\/martinluther.ca\\\/de\\\/2017\\\/02\\\/unsere-gedanken-sind-mit-unseren-muslimischen-nachbarn\\\/\"},\"wordCount\":147,\"publisher\":{\"@id\":\"https:\\\/\\\/martinluther.ca\\\/de\\\/#organization\"},\"image\":{\"@id\":\"https:\\\/\\\/martinluther.ca\\\/de\\\/2017\\\/02\\\/unsere-gedanken-sind-mit-unseren-muslimischen-nachbarn\\\/#primaryimage\"},\"thumbnailUrl\":\"https:\\\/\\\/martinluther.ca\\\/wp-content\\\/uploads\\\/2017\\\/02\\\/Image-courtesy-of-missisya-at-FreeDigitalPhotos.net_.jpg\",\"articleSection\":[\"News Blog - German\"],\"inLanguage\":\"de\"},{\"@type\":\"WebPage\",\"@id\":\"https:\\\/\\\/martinluther.ca\\\/de\\\/2017\\\/02\\\/unsere-gedanken-sind-mit-unseren-muslimischen-nachbarn\\\/\",\"url\":\"https:\\\/\\\/martinluther.ca\\\/de\\\/2017\\\/02\\\/unsere-gedanken-sind-mit-unseren-muslimischen-nachbarn\\\/\",\"name\":\"Unsere Gedanken sind mit unseren muslimischen Nachbarn - Martin Luther Evangelische Kirche Toronto\",\"isPartOf\":{\"@id\":\"https:\\\/\\\/martinluther.ca\\\/de\\\/#website\"},\"primaryImageOfPage\":{\"@id\":\"https:\\\/\\\/martinluther.ca\\\/de\\\/2017\\\/02\\\/unsere-gedanken-sind-mit-unseren-muslimischen-nachbarn\\\/#primaryimage\"},\"image\":{\"@id\":\"https:\\\/\\\/martinluther.ca\\\/de\\\/2017\\\/02\\\/unsere-gedanken-sind-mit-unseren-muslimischen-nachbarn\\\/#primaryimage\"},\"thumbnailUrl\":\"https:\\\/\\\/martinluther.ca\\\/wp-content\\\/uploads\\\/2017\\\/02\\\/Image-courtesy-of-missisya-at-FreeDigitalPhotos.net_.jpg\",\"datePublished\":\"2017-02-01T18:20:37+00:00\",\"dateModified\":\"2017-02-21T17:26:48+00:00\",\"breadcrumb\":{\"@id\":\"https:\\\/\\\/martinluther.ca\\\/de\\\/2017\\\/02\\\/unsere-gedanken-sind-mit-unseren-muslimischen-nachbarn\\\/#breadcrumb\"},\"inLanguage\":\"de\",\"potentialAction\":[{\"@type\":\"ReadAction\",\"target\":[\"https:\\\/\\\/martinluther.ca\\\/de\\\/2017\\\/02\\\/unsere-gedanken-sind-mit-unseren-muslimischen-nachbarn\\\/\"]}]},{\"@type\":\"ImageObject\",\"inLanguage\":\"de\",\"@id\":\"https:\\\/\\\/martinluther.ca\\\/de\\\/2017\\\/02\\\/unsere-gedanken-sind-mit-unseren-muslimischen-nachbarn\\\/#primaryimage\",\"url\":\"https:\\\/\\\/martinluther.ca\\\/wp-content\\\/uploads\\\/2017\\\/02\\\/Image-courtesy-of-missisya-at-FreeDigitalPhotos.net_.jpg\",\"contentUrl\":\"https:\\\/\\\/martinluther.ca\\\/wp-content\\\/uploads\\\/2017\\\/02\\\/Image-courtesy-of-missisya-at-FreeDigitalPhotos.net_.jpg\",\"width\":400,\"height\":300,\"caption\":\"Image courtesy of missisya at FreeDigitalPhotos.net\"},{\"@type\":\"BreadcrumbList\",\"@id\":\"https:\\\/\\\/martinluther.ca\\\/de\\\/2017\\\/02\\\/unsere-gedanken-sind-mit-unseren-muslimischen-nachbarn\\\/#breadcrumb\",\"itemListElement\":[{\"@type\":\"ListItem\",\"position\":1,\"name\":\"Home\",\"item\":\"https:\\\/\\\/martinluther.ca\\\/de\\\/\"},{\"@type\":\"ListItem\",\"position\":2,\"name\":\"Unsere Gedanken sind mit unseren muslimischen Nachbarn\"}]},{\"@type\":\"WebSite\",\"@id\":\"https:\\\/\\\/martinluther.ca\\\/de\\\/#website\",\"url\":\"https:\\\/\\\/martinluther.ca\\\/de\\\/\",\"name\":\"Martin Luther Evangelical Church Toronto\",\"description\":\"Deutsch &amp; Englisch\",\"publisher\":{\"@id\":\"https:\\\/\\\/martinluther.ca\\\/de\\\/#organization\"},\"potentialAction\":[{\"@type\":\"SearchAction\",\"target\":{\"@type\":\"EntryPoint\",\"urlTemplate\":\"https:\\\/\\\/martinluther.ca\\\/de\\\/?s={search_term_string}\"},\"query-input\":{\"@type\":\"PropertyValueSpecification\",\"valueRequired\":true,\"valueName\":\"search_term_string\"}}],\"inLanguage\":\"de\"},{\"@type\":\"Organization\",\"@id\":\"https:\\\/\\\/martinluther.ca\\\/de\\\/#organization\",\"name\":\"Martin Luther Evangelical Church Toronto\",\"url\":\"https:\\\/\\\/martinluther.ca\\\/de\\\/\",\"logo\":{\"@type\":\"ImageObject\",\"inLanguage\":\"de\",\"@id\":\"https:\\\/\\\/martinluther.ca\\\/de\\\/#\\\/schema\\\/logo\\\/image\\\/\",\"url\":\"https:\\\/\\\/martinluther.ca\\\/wp-content\\\/uploads\\\/2016\\\/12\\\/ml-logo-300.png\",\"contentUrl\":\"https:\\\/\\\/martinluther.ca\\\/wp-content\\\/uploads\\\/2016\\\/12\\\/ml-logo-300.png\",\"width\":300,\"height\":150,\"caption\":\"Martin Luther Evangelical Church Toronto\"},\"image\":{\"@id\":\"https:\\\/\\\/martinluther.ca\\\/de\\\/#\\\/schema\\\/logo\\\/image\\\/\"},\"sameAs\":[\"https:\\\/\\\/www.facebook.com\\\/martinlutherchurchtoronto\",\"https:\\\/\\\/www.instagram.com\\\/lutheransbythelake\\\/\",\"https:\\\/\\\/www.youtube.com\\\/MartinLutherChurchToronto\"]},{\"@type\":\"Person\",\"@id\":\"https:\\\/\\\/martinluther.ca\\\/de\\\/#\\\/schema\\\/person\\\/ef4e825f5d9d6fd740bbd7813710e15d\",\"name\":\"Marlena Muller\",\"image\":{\"@type\":\"ImageObject\",\"inLanguage\":\"de\",\"@id\":\"https:\\\/\\\/secure.gravatar.com\\\/avatar\\\/fe840ff753768b839caa2dd522d4797f19f7e22fa2da83388e0fbfc570b65a37?s=96&d=mm&r=g\",\"url\":\"https:\\\/\\\/secure.gravatar.com\\\/avatar\\\/fe840ff753768b839caa2dd522d4797f19f7e22fa2da83388e0fbfc570b65a37?s=96&d=mm&r=g\",\"contentUrl\":\"https:\\\/\\\/secure.gravatar.com\\\/avatar\\\/fe840ff753768b839caa2dd522d4797f19f7e22fa2da83388e0fbfc570b65a37?s=96&d=mm&r=g\",\"caption\":\"Marlena Muller\"},\"url\":false}]}<\/script>\n<!-- \/ Yoast SEO plugin. -->","yoast_head_json":{"title":"Unsere Gedanken sind mit unseren muslimischen Nachbarn - Martin Luther Evangelische Kirche Toronto","robots":{"index":"index","follow":"follow","max-snippet":"max-snippet:-1","max-image-preview":"max-image-preview:large","max-video-preview":"max-video-preview:-1"},"canonical":"https:\/\/martinluther.ca\/de\/2017\/02\/unsere-gedanken-sind-mit-unseren-muslimischen-nachbarn\/","og_locale":"de_DE","og_type":"article","og_title":"Unsere Gedanken sind mit unseren muslimischen Nachbarn - Martin Luther Evangelische Kirche Toronto","og_description":"Die Nachrichten vom furchtbaren Anschlag auf die Moschee in Quebec City machen uns tief traurig und unsere Gedanken und Gebete sind mit allen Betroffenen genauso wie mit unseren muslimischen Nachbarn. Seit Jahren arbeiten wir in Mimico vertrauensvoll mit allen Religionsgemeinschaften zusammen und treffen uns regelm\u00e4\u00dfig, um voneinander zu lernen und das Zusammenleben in unseren Nachbarschaften&hellip;","og_url":"https:\/\/martinluther.ca\/de\/2017\/02\/unsere-gedanken-sind-mit-unseren-muslimischen-nachbarn\/","og_site_name":"Martin Luther Evangelische Kirche Toronto","article_publisher":"https:\/\/www.facebook.com\/martinlutherchurchtoronto","article_published_time":"2017-02-01T18:20:37+00:00","article_modified_time":"2017-02-21T17:26:48+00:00","og_image":[{"width":400,"height":300,"url":"https:\/\/martinluther.ca\/wp-content\/uploads\/2017\/02\/Image-courtesy-of-missisya-at-FreeDigitalPhotos.net_.jpg","type":"image\/jpeg"}],"author":"Marlena Muller","twitter_card":"summary_large_image","twitter_misc":{"Verfasst von":"Marlena Muller","Gesch\u00e4tzte Lesezeit":"1\u00a0Minute"},"schema":{"@context":"https:\/\/schema.org","@graph":[{"@type":"Article","@id":"https:\/\/martinluther.ca\/de\/2017\/02\/unsere-gedanken-sind-mit-unseren-muslimischen-nachbarn\/#article","isPartOf":{"@id":"https:\/\/martinluther.ca\/de\/2017\/02\/unsere-gedanken-sind-mit-unseren-muslimischen-nachbarn\/"},"author":{"name":"Marlena Muller","@id":"https:\/\/martinluther.ca\/de\/#\/schema\/person\/ef4e825f5d9d6fd740bbd7813710e15d"},"headline":"Unsere Gedanken sind mit unseren muslimischen Nachbarn","datePublished":"2017-02-01T18:20:37+00:00","dateModified":"2017-02-21T17:26:48+00:00","mainEntityOfPage":{"@id":"https:\/\/martinluther.ca\/de\/2017\/02\/unsere-gedanken-sind-mit-unseren-muslimischen-nachbarn\/"},"wordCount":147,"publisher":{"@id":"https:\/\/martinluther.ca\/de\/#organization"},"image":{"@id":"https:\/\/martinluther.ca\/de\/2017\/02\/unsere-gedanken-sind-mit-unseren-muslimischen-nachbarn\/#primaryimage"},"thumbnailUrl":"https:\/\/martinluther.ca\/wp-content\/uploads\/2017\/02\/Image-courtesy-of-missisya-at-FreeDigitalPhotos.net_.jpg","articleSection":["News Blog - German"],"inLanguage":"de"},{"@type":"WebPage","@id":"https:\/\/martinluther.ca\/de\/2017\/02\/unsere-gedanken-sind-mit-unseren-muslimischen-nachbarn\/","url":"https:\/\/martinluther.ca\/de\/2017\/02\/unsere-gedanken-sind-mit-unseren-muslimischen-nachbarn\/","name":"Unsere Gedanken sind mit unseren muslimischen Nachbarn - Martin Luther Evangelische Kirche Toronto","isPartOf":{"@id":"https:\/\/martinluther.ca\/de\/#website"},"primaryImageOfPage":{"@id":"https:\/\/martinluther.ca\/de\/2017\/02\/unsere-gedanken-sind-mit-unseren-muslimischen-nachbarn\/#primaryimage"},"image":{"@id":"https:\/\/martinluther.ca\/de\/2017\/02\/unsere-gedanken-sind-mit-unseren-muslimischen-nachbarn\/#primaryimage"},"thumbnailUrl":"https:\/\/martinluther.ca\/wp-content\/uploads\/2017\/02\/Image-courtesy-of-missisya-at-FreeDigitalPhotos.net_.jpg","datePublished":"2017-02-01T18:20:37+00:00","dateModified":"2017-02-21T17:26:48+00:00","breadcrumb":{"@id":"https:\/\/martinluther.ca\/de\/2017\/02\/unsere-gedanken-sind-mit-unseren-muslimischen-nachbarn\/#breadcrumb"},"inLanguage":"de","potentialAction":[{"@type":"ReadAction","target":["https:\/\/martinluther.ca\/de\/2017\/02\/unsere-gedanken-sind-mit-unseren-muslimischen-nachbarn\/"]}]},{"@type":"ImageObject","inLanguage":"de","@id":"https:\/\/martinluther.ca\/de\/2017\/02\/unsere-gedanken-sind-mit-unseren-muslimischen-nachbarn\/#primaryimage","url":"https:\/\/martinluther.ca\/wp-content\/uploads\/2017\/02\/Image-courtesy-of-missisya-at-FreeDigitalPhotos.net_.jpg","contentUrl":"https:\/\/martinluther.ca\/wp-content\/uploads\/2017\/02\/Image-courtesy-of-missisya-at-FreeDigitalPhotos.net_.jpg","width":400,"height":300,"caption":"Image courtesy of missisya at FreeDigitalPhotos.net"},{"@type":"BreadcrumbList","@id":"https:\/\/martinluther.ca\/de\/2017\/02\/unsere-gedanken-sind-mit-unseren-muslimischen-nachbarn\/#breadcrumb","itemListElement":[{"@type":"ListItem","position":1,"name":"Home","item":"https:\/\/martinluther.ca\/de\/"},{"@type":"ListItem","position":2,"name":"Unsere Gedanken sind mit unseren muslimischen Nachbarn"}]},{"@type":"WebSite","@id":"https:\/\/martinluther.ca\/de\/#website","url":"https:\/\/martinluther.ca\/de\/","name":"Martin Luther Evangelical Church Toronto","description":"Deutsch &amp; Englisch","publisher":{"@id":"https:\/\/martinluther.ca\/de\/#organization"},"potentialAction":[{"@type":"SearchAction","target":{"@type":"EntryPoint","urlTemplate":"https:\/\/martinluther.ca\/de\/?s={search_term_string}"},"query-input":{"@type":"PropertyValueSpecification","valueRequired":true,"valueName":"search_term_string"}}],"inLanguage":"de"},{"@type":"Organization","@id":"https:\/\/martinluther.ca\/de\/#organization","name":"Martin Luther Evangelical Church Toronto","url":"https:\/\/martinluther.ca\/de\/","logo":{"@type":"ImageObject","inLanguage":"de","@id":"https:\/\/martinluther.ca\/de\/#\/schema\/logo\/image\/","url":"https:\/\/martinluther.ca\/wp-content\/uploads\/2016\/12\/ml-logo-300.png","contentUrl":"https:\/\/martinluther.ca\/wp-content\/uploads\/2016\/12\/ml-logo-300.png","width":300,"height":150,"caption":"Martin Luther Evangelical Church Toronto"},"image":{"@id":"https:\/\/martinluther.ca\/de\/#\/schema\/logo\/image\/"},"sameAs":["https:\/\/www.facebook.com\/martinlutherchurchtoronto","https:\/\/www.instagram.com\/lutheransbythelake\/","https:\/\/www.youtube.com\/MartinLutherChurchToronto"]},{"@type":"Person","@id":"https:\/\/martinluther.ca\/de\/#\/schema\/person\/ef4e825f5d9d6fd740bbd7813710e15d","name":"Marlena Muller","image":{"@type":"ImageObject","inLanguage":"de","@id":"https:\/\/secure.gravatar.com\/avatar\/fe840ff753768b839caa2dd522d4797f19f7e22fa2da83388e0fbfc570b65a37?s=96&d=mm&r=g","url":"https:\/\/secure.gravatar.com\/avatar\/fe840ff753768b839caa2dd522d4797f19f7e22fa2da83388e0fbfc570b65a37?s=96&d=mm&r=g","contentUrl":"https:\/\/secure.gravatar.com\/avatar\/fe840ff753768b839caa2dd522d4797f19f7e22fa2da83388e0fbfc570b65a37?s=96&d=mm&r=g","caption":"Marlena Muller"},"url":false}]}},"_links":{"self":[{"href":"https:\/\/martinluther.ca\/de\/wp-json\/wp\/v2\/posts\/25645","targetHints":{"allow":["GET"]}}],"collection":[{"href":"https:\/\/martinluther.ca\/de\/wp-json\/wp\/v2\/posts"}],"about":[{"href":"https:\/\/martinluther.ca\/de\/wp-json\/wp\/v2\/types\/post"}],"author":[{"embeddable":true,"href":"https:\/\/martinluther.ca\/de\/wp-json\/wp\/v2\/users\/8"}],"replies":[{"embeddable":true,"href":"https:\/\/martinluther.ca\/de\/wp-json\/wp\/v2\/comments?post=25645"}],"version-history":[{"count":2,"href":"https:\/\/martinluther.ca\/de\/wp-json\/wp\/v2\/posts\/25645\/revisions"}],"predecessor-version":[{"id":25647,"href":"https:\/\/martinluther.ca\/de\/wp-json\/wp\/v2\/posts\/25645\/revisions\/25647"}],"wp:featuredmedia":[{"embeddable":true,"href":"https:\/\/martinluther.ca\/de\/wp-json\/wp\/v2\/media\/25643"}],"wp:attachment":[{"href":"https:\/\/martinluther.ca\/de\/wp-json\/wp\/v2\/media?parent=25645"}],"wp:term":[{"taxonomy":"category","embeddable":true,"href":"https:\/\/martinluther.ca\/de\/wp-json\/wp\/v2\/categories?post=25645"},{"taxonomy":"post_tag","embeddable":true,"href":"https:\/\/martinluther.ca\/de\/wp-json\/wp\/v2\/tags?post=25645"},{"taxonomy":"post_series","embeddable":true,"href":"https:\/\/martinluther.ca\/de\/wp-json\/wp\/v2\/post_series?post=25645"}],"curies":[{"name":"wp","href":"https:\/\/api.w.org\/{rel}","templated":true}]}}