{"id":25939,"date":"2017-04-18T10:29:06","date_gmt":"2017-04-18T14:29:06","guid":{"rendered":"https:\/\/martinluther.ca\/?p=25939\/"},"modified":"2017-05-07T11:55:46","modified_gmt":"2017-05-07T15:55:46","slug":"fruehjahrsputz-samstags","status":"publish","type":"post","link":"https:\/\/martinluther.ca\/de\/2017\/04\/fruehjahrsputz-samstags\/","title":{"rendered":"Nahe oder weit, wir brauchen Ihre Hilfe beim Fr\u00fchlingsputz"},"content":{"rendered":"<figure id=\"attachment_26185\" aria-describedby=\"caption-attachment-26185\" style=\"width: 300px\" class=\"wp-caption alignright\"><img loading=\"lazy\" decoding=\"async\" class=\"size-medium wp-image-26185\" src=\"https:\/\/martinluther.ca\/wp-content\/uploads\/2017\/04\/2015-Camp-Lutherlyn-Spring-Clean-up-86-3-4-1200-300x225.jpg\" alt=\"Spring Cleaning at Camp Lutherlyn\" width=\"300\" height=\"225\" srcset=\"https:\/\/martinluther.ca\/wp-content\/uploads\/2017\/04\/2015-Camp-Lutherlyn-Spring-Clean-up-86-3-4-1200-300x225.jpg 300w, https:\/\/martinluther.ca\/wp-content\/uploads\/2017\/04\/2015-Camp-Lutherlyn-Spring-Clean-up-86-3-4-1200-768x576.jpg 768w, https:\/\/martinluther.ca\/wp-content\/uploads\/2017\/04\/2015-Camp-Lutherlyn-Spring-Clean-up-86-3-4-1200-1024x768.jpg 1024w, https:\/\/martinluther.ca\/wp-content\/uploads\/2017\/04\/2015-Camp-Lutherlyn-Spring-Clean-up-86-3-4-1200.jpg 1200w\" sizes=\"auto, (max-width: 300px) 100vw, 300px\" \/><figcaption id=\"caption-attachment-26185\" class=\"wp-caption-text\">Spring Cleaning at Camp Lutherlyn<\/figcaption><\/figure>\n<p>Wir bereiten das Camp Lutherlyn (29. April 2017) und die Martin Luther Kirche (13. Mai 2017) f\u00fcr den Sommer vor.<\/p>\n<p><strong>Fr\u00fchjahrsputz in Camp Lutherlyn\u00a0&#8211; Samstag, den\u00a029. April 2017<\/strong><\/p>\n<p>Am 28. April (Freitagabend) fahren wir mit einer Gruppe Freiwilliger ins Camp Lutherlyn, um am Samstag 29. April beim Fr\u00fchjahrsputz zu helfen. Von Holzspalten \u00fcber Reparaturarbeiten bis zum Saubermachen ist alles dabei. F\u00fcr Unterkunft und Essen ist gesorgt. Also: Gleich anmelden und Mitmachen!<\/p>\n<p>Kontakt: Peter Kaufmann-Buehler durch das Gemeindeb\u00fcro, Tel: 416-251-8293, <a href=\"mailto:churchoffice@martinluther.ca\" target=\"_blank\" rel=\"noopener noreferrer\">churchoffice@martinluther.ca<\/a><\/p>\n<figure id=\"attachment_25965\" aria-describedby=\"caption-attachment-25965\" style=\"width: 225px\" class=\"wp-caption alignright\"><img loading=\"lazy\" decoding=\"async\" class=\"wp-image-25965 size-medium\" src=\"https:\/\/martinluther.ca\/wp-content\/uploads\/2017\/03\/2017-Spring-Cleaning-17-225x300.jpg\" alt=\"Spring Cleaning at church\" width=\"225\" height=\"300\" srcset=\"https:\/\/martinluther.ca\/wp-content\/uploads\/2017\/03\/2017-Spring-Cleaning-17-225x300.jpg 225w, https:\/\/martinluther.ca\/wp-content\/uploads\/2017\/03\/2017-Spring-Cleaning-17.jpg 480w\" sizes=\"auto, (max-width: 225px) 100vw, 225px\" \/><figcaption id=\"caption-attachment-25965\" class=\"wp-caption-text\">Spring Cleaning at Martin Luther Church<\/figcaption><\/figure>\n<p><strong>Mittagessen und Fr\u00fchlingskirchenputz &#8211; Samstag, den 13. Mai 2017 um 13.00 Uhr<\/strong><\/p>\n<p>Unsere Kirche soll gl\u00e4nzen!<\/p>\n<p>Kommt und esst im Versammlungsraum der Kirche ein leckeres Mittag um 12 Uhr, vorbereitet von freiwilligen Mitarbeitern der <strong>Wesley Mimico United Church im Rahmen des Community Lunch<\/strong>, und helft im Anschluss beim allj\u00e4hrlichen Kirchenputz. Komm alleine oder mit der ganzen Familie und schenkt unsere Kirche eine Stunde eure Zeit, damit sie wieder beitzsauber wird.<\/p>\n<p>Bringen Sie Ihre eigenen Reinigungsmittel und werfen Sie einen Blick auf <a href=\"https:\/\/martinluther.ca\/wp-content\/uploads\/2017\/05\/MLC-Spring-Cleaning-List-2017.pdf\" target=\"_blank\" rel=\"noopener noreferrer\">die Liste der Dinge zu tun<\/a>. Es werden einige Mitglieder unseres Wartungs-Team anwesend sein, um Aufgaben an Personen zu delegieren, die interessant sind, auch drau\u00dfen zu helfen.<\/p>\n<p>Bitte kurz im Gemeindeb\u00fcro anrufen und Hilfe ank\u00fcndigen. Kontakt: <a href=\"mailto:churchoffice@martinluther.ca\" target=\"_blank\" rel=\"noopener noreferrer\">churchoffice@martinluther.ca<\/a>, Tel. (416) 251-8293.<\/p>\n","protected":false},"excerpt":{"rendered":"<p>Wir bereiten das Camp Lutherlyn (29. April 2017) und die Martin Luther Kirche (13. Mai 2017) f\u00fcr den Sommer vor. Fr\u00fchjahrsputz in Camp Lutherlyn\u00a0&#8211; Samstag, den\u00a029. April 2017 Am 28. April (Freitagabend) fahren wir mit einer Gruppe Freiwilliger ins Camp Lutherlyn, um am Samstag 29. April beim Fr\u00fchjahrsputz zu helfen. Von Holzspalten \u00fcber Reparaturarbeiten bis&hellip;<\/p>\n","protected":false},"author":9,"featured_media":26255,"comment_status":"closed","ping_status":"closed","sticky":false,"template":"","format":"standard","meta":{"footnotes":""},"categories":[69],"tags":[],"post_series":[],"class_list":["post-25939","post","type-post","status-publish","format-standard","has-post-thumbnail","hentry","category-news-blog-german","entry","has-media"],"yoast_head":"<!-- This site is optimized with the Yoast SEO plugin v27.5 - https:\/\/yoast.com\/product\/yoast-seo-wordpress\/ -->\n<title>Nahe oder weit, wir brauchen Ihre Hilfe beim Fr\u00fchlingsputz - Martin Luther Evangelische Kirche Toronto<\/title>\n<meta name=\"robots\" content=\"index, follow, max-snippet:-1, max-image-preview:large, max-video-preview:-1\" \/>\n<link rel=\"canonical\" href=\"https:\/\/martinluther.ca\/de\/2017\/04\/fruehjahrsputz-samstags\/\" \/>\n<meta property=\"og:locale\" content=\"de_DE\" \/>\n<meta property=\"og:type\" content=\"article\" \/>\n<meta property=\"og:title\" content=\"Nahe oder weit, wir brauchen Ihre Hilfe beim Fr\u00fchlingsputz - Martin Luther Evangelische Kirche Toronto\" \/>\n<meta property=\"og:description\" content=\"Wir bereiten das Camp Lutherlyn (29. April 2017) und die Martin Luther Kirche (13. Mai 2017) f\u00fcr den Sommer vor. Fr\u00fchjahrsputz in Camp Lutherlyn\u00a0&#8211; Samstag, den\u00a029. April 2017 Am 28. April (Freitagabend) fahren wir mit einer Gruppe Freiwilliger ins Camp Lutherlyn, um am Samstag 29. April beim Fr\u00fchjahrsputz zu helfen. Von Holzspalten \u00fcber Reparaturarbeiten bis&hellip;\" \/>\n<meta property=\"og:url\" content=\"https:\/\/martinluther.ca\/de\/2017\/04\/fruehjahrsputz-samstags\/\" \/>\n<meta property=\"og:site_name\" content=\"Martin Luther Evangelische Kirche Toronto\" \/>\n<meta property=\"article:publisher\" content=\"https:\/\/www.facebook.com\/martinlutherchurchtoronto\" \/>\n<meta property=\"article:published_time\" content=\"2017-04-18T14:29:06+00:00\" \/>\n<meta property=\"article:modified_time\" content=\"2017-05-07T15:55:46+00:00\" \/>\n<meta property=\"og:image\" content=\"https:\/\/martinluther.ca\/wp-content\/uploads\/2017\/05\/2017-Spring-Cleaning-17-3-4.jpg\" \/>\n\t<meta property=\"og:image:width\" content=\"480\" \/>\n\t<meta property=\"og:image:height\" content=\"360\" \/>\n\t<meta property=\"og:image:type\" content=\"image\/jpeg\" \/>\n<meta name=\"author\" content=\"Mona Kakoschke Frantzke\" \/>\n<meta name=\"twitter:card\" content=\"summary_large_image\" \/>\n<meta name=\"twitter:label1\" content=\"Verfasst von\" \/>\n\t<meta name=\"twitter:data1\" content=\"Mona Kakoschke Frantzke\" \/>\n\t<meta name=\"twitter:label2\" content=\"Gesch\u00e4tzte Lesezeit\" \/>\n\t<meta name=\"twitter:data2\" content=\"1\u00a0Minute\" \/>\n<script type=\"application\/ld+json\" class=\"yoast-schema-graph\">{\"@context\":\"https:\\\/\\\/schema.org\",\"@graph\":[{\"@type\":\"Article\",\"@id\":\"https:\\\/\\\/martinluther.ca\\\/de\\\/2017\\\/04\\\/fruehjahrsputz-samstags\\\/#article\",\"isPartOf\":{\"@id\":\"https:\\\/\\\/martinluther.ca\\\/de\\\/2017\\\/04\\\/fruehjahrsputz-samstags\\\/\"},\"author\":{\"name\":\"Mona Kakoschke Frantzke\",\"@id\":\"https:\\\/\\\/martinluther.ca\\\/de\\\/#\\\/schema\\\/person\\\/815c51710f70b050f0476f18da6b0c8f\"},\"headline\":\"Nahe oder weit, wir brauchen Ihre Hilfe beim Fr\u00fchlingsputz\",\"datePublished\":\"2017-04-18T14:29:06+00:00\",\"dateModified\":\"2017-05-07T15:55:46+00:00\",\"mainEntityOfPage\":{\"@id\":\"https:\\\/\\\/martinluther.ca\\\/de\\\/2017\\\/04\\\/fruehjahrsputz-samstags\\\/\"},\"wordCount\":241,\"publisher\":{\"@id\":\"https:\\\/\\\/martinluther.ca\\\/de\\\/#organization\"},\"image\":{\"@id\":\"https:\\\/\\\/martinluther.ca\\\/de\\\/2017\\\/04\\\/fruehjahrsputz-samstags\\\/#primaryimage\"},\"thumbnailUrl\":\"https:\\\/\\\/martinluther.ca\\\/wp-content\\\/uploads\\\/2017\\\/05\\\/2017-Spring-Cleaning-17-3-4.jpg\",\"articleSection\":[\"News Blog - German\"],\"inLanguage\":\"de\"},{\"@type\":\"WebPage\",\"@id\":\"https:\\\/\\\/martinluther.ca\\\/de\\\/2017\\\/04\\\/fruehjahrsputz-samstags\\\/\",\"url\":\"https:\\\/\\\/martinluther.ca\\\/de\\\/2017\\\/04\\\/fruehjahrsputz-samstags\\\/\",\"name\":\"Nahe oder weit, wir brauchen Ihre Hilfe beim Fr\u00fchlingsputz - Martin Luther Evangelische Kirche Toronto\",\"isPartOf\":{\"@id\":\"https:\\\/\\\/martinluther.ca\\\/de\\\/#website\"},\"primaryImageOfPage\":{\"@id\":\"https:\\\/\\\/martinluther.ca\\\/de\\\/2017\\\/04\\\/fruehjahrsputz-samstags\\\/#primaryimage\"},\"image\":{\"@id\":\"https:\\\/\\\/martinluther.ca\\\/de\\\/2017\\\/04\\\/fruehjahrsputz-samstags\\\/#primaryimage\"},\"thumbnailUrl\":\"https:\\\/\\\/martinluther.ca\\\/wp-content\\\/uploads\\\/2017\\\/05\\\/2017-Spring-Cleaning-17-3-4.jpg\",\"datePublished\":\"2017-04-18T14:29:06+00:00\",\"dateModified\":\"2017-05-07T15:55:46+00:00\",\"breadcrumb\":{\"@id\":\"https:\\\/\\\/martinluther.ca\\\/de\\\/2017\\\/04\\\/fruehjahrsputz-samstags\\\/#breadcrumb\"},\"inLanguage\":\"de\",\"potentialAction\":[{\"@type\":\"ReadAction\",\"target\":[\"https:\\\/\\\/martinluther.ca\\\/de\\\/2017\\\/04\\\/fruehjahrsputz-samstags\\\/\"]}]},{\"@type\":\"ImageObject\",\"inLanguage\":\"de\",\"@id\":\"https:\\\/\\\/martinluther.ca\\\/de\\\/2017\\\/04\\\/fruehjahrsputz-samstags\\\/#primaryimage\",\"url\":\"https:\\\/\\\/martinluther.ca\\\/wp-content\\\/uploads\\\/2017\\\/05\\\/2017-Spring-Cleaning-17-3-4.jpg\",\"contentUrl\":\"https:\\\/\\\/martinluther.ca\\\/wp-content\\\/uploads\\\/2017\\\/05\\\/2017-Spring-Cleaning-17-3-4.jpg\",\"width\":480,\"height\":360},{\"@type\":\"BreadcrumbList\",\"@id\":\"https:\\\/\\\/martinluther.ca\\\/de\\\/2017\\\/04\\\/fruehjahrsputz-samstags\\\/#breadcrumb\",\"itemListElement\":[{\"@type\":\"ListItem\",\"position\":1,\"name\":\"Home\",\"item\":\"https:\\\/\\\/martinluther.ca\\\/de\\\/\"},{\"@type\":\"ListItem\",\"position\":2,\"name\":\"Nahe oder weit, wir brauchen Ihre Hilfe beim Fr\u00fchlingsputz\"}]},{\"@type\":\"WebSite\",\"@id\":\"https:\\\/\\\/martinluther.ca\\\/de\\\/#website\",\"url\":\"https:\\\/\\\/martinluther.ca\\\/de\\\/\",\"name\":\"Martin Luther Evangelical Church Toronto\",\"description\":\"Deutsch &amp; Englisch\",\"publisher\":{\"@id\":\"https:\\\/\\\/martinluther.ca\\\/de\\\/#organization\"},\"potentialAction\":[{\"@type\":\"SearchAction\",\"target\":{\"@type\":\"EntryPoint\",\"urlTemplate\":\"https:\\\/\\\/martinluther.ca\\\/de\\\/?s={search_term_string}\"},\"query-input\":{\"@type\":\"PropertyValueSpecification\",\"valueRequired\":true,\"valueName\":\"search_term_string\"}}],\"inLanguage\":\"de\"},{\"@type\":\"Organization\",\"@id\":\"https:\\\/\\\/martinluther.ca\\\/de\\\/#organization\",\"name\":\"Martin Luther Evangelical Church Toronto\",\"url\":\"https:\\\/\\\/martinluther.ca\\\/de\\\/\",\"logo\":{\"@type\":\"ImageObject\",\"inLanguage\":\"de\",\"@id\":\"https:\\\/\\\/martinluther.ca\\\/de\\\/#\\\/schema\\\/logo\\\/image\\\/\",\"url\":\"https:\\\/\\\/martinluther.ca\\\/wp-content\\\/uploads\\\/2016\\\/12\\\/ml-logo-300.png\",\"contentUrl\":\"https:\\\/\\\/martinluther.ca\\\/wp-content\\\/uploads\\\/2016\\\/12\\\/ml-logo-300.png\",\"width\":300,\"height\":150,\"caption\":\"Martin Luther Evangelical Church Toronto\"},\"image\":{\"@id\":\"https:\\\/\\\/martinluther.ca\\\/de\\\/#\\\/schema\\\/logo\\\/image\\\/\"},\"sameAs\":[\"https:\\\/\\\/www.facebook.com\\\/martinlutherchurchtoronto\",\"https:\\\/\\\/www.instagram.com\\\/lutheransbythelake\\\/\",\"https:\\\/\\\/www.youtube.com\\\/MartinLutherChurchToronto\"]},{\"@type\":\"Person\",\"@id\":\"https:\\\/\\\/martinluther.ca\\\/de\\\/#\\\/schema\\\/person\\\/815c51710f70b050f0476f18da6b0c8f\",\"name\":\"Mona Kakoschke Frantzke\",\"image\":{\"@type\":\"ImageObject\",\"inLanguage\":\"de\",\"@id\":\"https:\\\/\\\/secure.gravatar.com\\\/avatar\\\/0deb16854ca545cd2e9fc8001ca110d262b80d5c8317b38dc542265fbea0ed19?s=96&d=mm&r=g\",\"url\":\"https:\\\/\\\/secure.gravatar.com\\\/avatar\\\/0deb16854ca545cd2e9fc8001ca110d262b80d5c8317b38dc542265fbea0ed19?s=96&d=mm&r=g\",\"contentUrl\":\"https:\\\/\\\/secure.gravatar.com\\\/avatar\\\/0deb16854ca545cd2e9fc8001ca110d262b80d5c8317b38dc542265fbea0ed19?s=96&d=mm&r=g\",\"caption\":\"Mona Kakoschke Frantzke\"},\"url\":false}]}<\/script>\n<!-- \/ Yoast SEO plugin. -->","yoast_head_json":{"title":"Nahe oder weit, wir brauchen Ihre Hilfe beim Fr\u00fchlingsputz - Martin Luther Evangelische Kirche Toronto","robots":{"index":"index","follow":"follow","max-snippet":"max-snippet:-1","max-image-preview":"max-image-preview:large","max-video-preview":"max-video-preview:-1"},"canonical":"https:\/\/martinluther.ca\/de\/2017\/04\/fruehjahrsputz-samstags\/","og_locale":"de_DE","og_type":"article","og_title":"Nahe oder weit, wir brauchen Ihre Hilfe beim Fr\u00fchlingsputz - Martin Luther Evangelische Kirche Toronto","og_description":"Wir bereiten das Camp Lutherlyn (29. April 2017) und die Martin Luther Kirche (13. Mai 2017) f\u00fcr den Sommer vor. Fr\u00fchjahrsputz in Camp Lutherlyn\u00a0&#8211; Samstag, den\u00a029. April 2017 Am 28. April (Freitagabend) fahren wir mit einer Gruppe Freiwilliger ins Camp Lutherlyn, um am Samstag 29. April beim Fr\u00fchjahrsputz zu helfen. Von Holzspalten \u00fcber Reparaturarbeiten bis&hellip;","og_url":"https:\/\/martinluther.ca\/de\/2017\/04\/fruehjahrsputz-samstags\/","og_site_name":"Martin Luther Evangelische Kirche Toronto","article_publisher":"https:\/\/www.facebook.com\/martinlutherchurchtoronto","article_published_time":"2017-04-18T14:29:06+00:00","article_modified_time":"2017-05-07T15:55:46+00:00","og_image":[{"width":480,"height":360,"url":"https:\/\/martinluther.ca\/wp-content\/uploads\/2017\/05\/2017-Spring-Cleaning-17-3-4.jpg","type":"image\/jpeg"}],"author":"Mona Kakoschke Frantzke","twitter_card":"summary_large_image","twitter_misc":{"Verfasst von":"Mona Kakoschke Frantzke","Gesch\u00e4tzte Lesezeit":"1\u00a0Minute"},"schema":{"@context":"https:\/\/schema.org","@graph":[{"@type":"Article","@id":"https:\/\/martinluther.ca\/de\/2017\/04\/fruehjahrsputz-samstags\/#article","isPartOf":{"@id":"https:\/\/martinluther.ca\/de\/2017\/04\/fruehjahrsputz-samstags\/"},"author":{"name":"Mona Kakoschke Frantzke","@id":"https:\/\/martinluther.ca\/de\/#\/schema\/person\/815c51710f70b050f0476f18da6b0c8f"},"headline":"Nahe oder weit, wir brauchen Ihre Hilfe beim Fr\u00fchlingsputz","datePublished":"2017-04-18T14:29:06+00:00","dateModified":"2017-05-07T15:55:46+00:00","mainEntityOfPage":{"@id":"https:\/\/martinluther.ca\/de\/2017\/04\/fruehjahrsputz-samstags\/"},"wordCount":241,"publisher":{"@id":"https:\/\/martinluther.ca\/de\/#organization"},"image":{"@id":"https:\/\/martinluther.ca\/de\/2017\/04\/fruehjahrsputz-samstags\/#primaryimage"},"thumbnailUrl":"https:\/\/martinluther.ca\/wp-content\/uploads\/2017\/05\/2017-Spring-Cleaning-17-3-4.jpg","articleSection":["News Blog - German"],"inLanguage":"de"},{"@type":"WebPage","@id":"https:\/\/martinluther.ca\/de\/2017\/04\/fruehjahrsputz-samstags\/","url":"https:\/\/martinluther.ca\/de\/2017\/04\/fruehjahrsputz-samstags\/","name":"Nahe oder weit, wir brauchen Ihre Hilfe beim Fr\u00fchlingsputz - Martin Luther Evangelische Kirche Toronto","isPartOf":{"@id":"https:\/\/martinluther.ca\/de\/#website"},"primaryImageOfPage":{"@id":"https:\/\/martinluther.ca\/de\/2017\/04\/fruehjahrsputz-samstags\/#primaryimage"},"image":{"@id":"https:\/\/martinluther.ca\/de\/2017\/04\/fruehjahrsputz-samstags\/#primaryimage"},"thumbnailUrl":"https:\/\/martinluther.ca\/wp-content\/uploads\/2017\/05\/2017-Spring-Cleaning-17-3-4.jpg","datePublished":"2017-04-18T14:29:06+00:00","dateModified":"2017-05-07T15:55:46+00:00","breadcrumb":{"@id":"https:\/\/martinluther.ca\/de\/2017\/04\/fruehjahrsputz-samstags\/#breadcrumb"},"inLanguage":"de","potentialAction":[{"@type":"ReadAction","target":["https:\/\/martinluther.ca\/de\/2017\/04\/fruehjahrsputz-samstags\/"]}]},{"@type":"ImageObject","inLanguage":"de","@id":"https:\/\/martinluther.ca\/de\/2017\/04\/fruehjahrsputz-samstags\/#primaryimage","url":"https:\/\/martinluther.ca\/wp-content\/uploads\/2017\/05\/2017-Spring-Cleaning-17-3-4.jpg","contentUrl":"https:\/\/martinluther.ca\/wp-content\/uploads\/2017\/05\/2017-Spring-Cleaning-17-3-4.jpg","width":480,"height":360},{"@type":"BreadcrumbList","@id":"https:\/\/martinluther.ca\/de\/2017\/04\/fruehjahrsputz-samstags\/#breadcrumb","itemListElement":[{"@type":"ListItem","position":1,"name":"Home","item":"https:\/\/martinluther.ca\/de\/"},{"@type":"ListItem","position":2,"name":"Nahe oder weit, wir brauchen Ihre Hilfe beim Fr\u00fchlingsputz"}]},{"@type":"WebSite","@id":"https:\/\/martinluther.ca\/de\/#website","url":"https:\/\/martinluther.ca\/de\/","name":"Martin Luther Evangelical Church Toronto","description":"Deutsch &amp; Englisch","publisher":{"@id":"https:\/\/martinluther.ca\/de\/#organization"},"potentialAction":[{"@type":"SearchAction","target":{"@type":"EntryPoint","urlTemplate":"https:\/\/martinluther.ca\/de\/?s={search_term_string}"},"query-input":{"@type":"PropertyValueSpecification","valueRequired":true,"valueName":"search_term_string"}}],"inLanguage":"de"},{"@type":"Organization","@id":"https:\/\/martinluther.ca\/de\/#organization","name":"Martin Luther Evangelical Church Toronto","url":"https:\/\/martinluther.ca\/de\/","logo":{"@type":"ImageObject","inLanguage":"de","@id":"https:\/\/martinluther.ca\/de\/#\/schema\/logo\/image\/","url":"https:\/\/martinluther.ca\/wp-content\/uploads\/2016\/12\/ml-logo-300.png","contentUrl":"https:\/\/martinluther.ca\/wp-content\/uploads\/2016\/12\/ml-logo-300.png","width":300,"height":150,"caption":"Martin Luther Evangelical Church Toronto"},"image":{"@id":"https:\/\/martinluther.ca\/de\/#\/schema\/logo\/image\/"},"sameAs":["https:\/\/www.facebook.com\/martinlutherchurchtoronto","https:\/\/www.instagram.com\/lutheransbythelake\/","https:\/\/www.youtube.com\/MartinLutherChurchToronto"]},{"@type":"Person","@id":"https:\/\/martinluther.ca\/de\/#\/schema\/person\/815c51710f70b050f0476f18da6b0c8f","name":"Mona Kakoschke Frantzke","image":{"@type":"ImageObject","inLanguage":"de","@id":"https:\/\/secure.gravatar.com\/avatar\/0deb16854ca545cd2e9fc8001ca110d262b80d5c8317b38dc542265fbea0ed19?s=96&d=mm&r=g","url":"https:\/\/secure.gravatar.com\/avatar\/0deb16854ca545cd2e9fc8001ca110d262b80d5c8317b38dc542265fbea0ed19?s=96&d=mm&r=g","contentUrl":"https:\/\/secure.gravatar.com\/avatar\/0deb16854ca545cd2e9fc8001ca110d262b80d5c8317b38dc542265fbea0ed19?s=96&d=mm&r=g","caption":"Mona Kakoschke Frantzke"},"url":false}]}},"_links":{"self":[{"href":"https:\/\/martinluther.ca\/de\/wp-json\/wp\/v2\/posts\/25939","targetHints":{"allow":["GET"]}}],"collection":[{"href":"https:\/\/martinluther.ca\/de\/wp-json\/wp\/v2\/posts"}],"about":[{"href":"https:\/\/martinluther.ca\/de\/wp-json\/wp\/v2\/types\/post"}],"author":[{"embeddable":true,"href":"https:\/\/martinluther.ca\/de\/wp-json\/wp\/v2\/users\/9"}],"replies":[{"embeddable":true,"href":"https:\/\/martinluther.ca\/de\/wp-json\/wp\/v2\/comments?post=25939"}],"version-history":[{"count":10,"href":"https:\/\/martinluther.ca\/de\/wp-json\/wp\/v2\/posts\/25939\/revisions"}],"predecessor-version":[{"id":26261,"href":"https:\/\/martinluther.ca\/de\/wp-json\/wp\/v2\/posts\/25939\/revisions\/26261"}],"wp:featuredmedia":[{"embeddable":true,"href":"https:\/\/martinluther.ca\/de\/wp-json\/wp\/v2\/media\/26255"}],"wp:attachment":[{"href":"https:\/\/martinluther.ca\/de\/wp-json\/wp\/v2\/media?parent=25939"}],"wp:term":[{"taxonomy":"category","embeddable":true,"href":"https:\/\/martinluther.ca\/de\/wp-json\/wp\/v2\/categories?post=25939"},{"taxonomy":"post_tag","embeddable":true,"href":"https:\/\/martinluther.ca\/de\/wp-json\/wp\/v2\/tags?post=25939"},{"taxonomy":"post_series","embeddable":true,"href":"https:\/\/martinluther.ca\/de\/wp-json\/wp\/v2\/post_series?post=25939"}],"curies":[{"name":"wp","href":"https:\/\/api.w.org\/{rel}","templated":true}]}}