{"id":25950,"date":"2017-03-30T15:13:35","date_gmt":"2017-03-30T19:13:35","guid":{"rendered":"https:\/\/martinluther.ca\/?p=25950\/"},"modified":"2017-04-19T15:50:40","modified_gmt":"2017-04-19T19:50:40","slug":"karwoche-und-ostertage-2017-der-martin-luther-kirche","status":"publish","type":"post","link":"https:\/\/martinluther.ca\/de\/2017\/03\/karwoche-und-ostertage-2017-der-martin-luther-kirche\/","title":{"rendered":"Karwoche und Ostertage 2017 in der Martin Luther Kirche"},"content":{"rendered":"<p><img loading=\"lazy\" decoding=\"async\" class=\"alignright size-medium wp-image-25856\" src=\"https:\/\/martinluther.ca\/wp-content\/uploads\/2017\/03\/6.-Maundy-Thursday-Cross-with-crown-of-thorns-Window-300x226.jpg\" alt=\"Maundy Thursday Cross with crown of thorns window at Martin Luther Church\" width=\"300\" height=\"226\" srcset=\"https:\/\/martinluther.ca\/wp-content\/uploads\/2017\/03\/6.-Maundy-Thursday-Cross-with-crown-of-thorns-Window-300x226.jpg 300w, https:\/\/martinluther.ca\/wp-content\/uploads\/2017\/03\/6.-Maundy-Thursday-Cross-with-crown-of-thorns-Window.jpg 336w\" sizes=\"auto, (max-width: 300px) 100vw, 300px\" \/>Der\u00a0H\u00f6hepunkt des Kirchenjahres ist Karwoche und Ostern 2017!<\/p>\n<p>Wir feiern:<\/p>\n<p><strong>Palmsonntag, 9. April 2017:<\/strong><br \/>\n9.45 Uhr Englischer Gottesdienst<br \/>\n11.00 Uhr Deutscher Gottesdienst <strong>mit Chor Harfent\u00f6ne und Konzert<\/strong><\/p>\n<p><strong>Mittwoch, 12. April 2017:<\/strong><br \/>\n12.00 Uhr Deutscher Passions-Gottesdienst. <strong>Nach dem Gottesdienst laden wir ein zu einem Teller\u00a0Suppe.<\/strong><br \/>\n19.00 Uhr Englischer Passions-Gottesdienst<\/p>\n<figure id=\"attachment_23931\" aria-describedby=\"caption-attachment-23931\" style=\"width: 376px\" class=\"wp-caption alignright\"><img loading=\"lazy\" decoding=\"async\" class=\"wp-image-23931\" src=\"https:\/\/martinluther.ca\/wp-content\/uploads\/2016\/03\/How-to-get-to-Easter-Sunrise-Service.bmp\" alt=\"How to get to Easter Sunrise Service\" width=\"376\" height=\"312\" srcset=\"https:\/\/martinluther.ca\/wp-content\/uploads\/2016\/03\/How-to-get-to-Easter-Sunrise-Service.bmp 591w, https:\/\/martinluther.ca\/wp-content\/uploads\/2016\/03\/How-to-get-to-Easter-Sunrise-Service-300x249.bmp 300w\" sizes=\"auto, (max-width: 376px) 100vw, 376px\" \/><figcaption id=\"caption-attachment-23931\" class=\"wp-caption-text\">How to get to Easter Sunrise Service -Humber Bay Park West<\/figcaption><\/figure>\n<p><strong>Gr\u00fcndonnerstag, 13. April 2017:<\/strong><br \/>\n18.00 Uhr Deutscher Gottesdienst<br \/>\n19.00 Uhr\u00a0Englischer Gottesdienst\u00a0<strong>(als Tisch-Abendmahl)<\/strong><br \/>\nBeide mit Hl. Abendmahl<\/p>\n<p><strong>Karfreitag, 14. April 2017:<\/strong><br \/>\n9.45 Uhr Englischer Gottesdienst<br \/>\n11.00 Uhr Deutscher Gottesdienst<br \/>\nBeide mit Hl. Abendmahl <strong>und Kirchenchor<\/strong><\/p>\n<p><strong>Ostersonntag, 16. April 2017:<\/strong><br \/>\n6.00 Uhr Osterfr\u00fchgottesdienst <strong>im Humber Bay Park West<\/strong>, 2225 Lake Shore Boulevard West, Toronto<br \/>\n<strong>Anschl. Osterfr\u00fchst\u00fcck in der Kirche.<\/strong><br \/>\n10.00 Uhr Osterfestgottesdienst in Englisch und Deutsch mit Hl. Abendmahl <strong>und Kirchenchor<\/strong><\/p>\n<p>Ein wunderbares Fr\u00fchst\u00fcck wird anschlie\u00dfend von den M\u00e4nnern der Gemeinde zum 14. mal hintereinander unter der Leitung von Dan serviert. Herzlichen Dank an alle Beteiligten.<\/p>\n<p><strong>Holy Week 2017 Photos <\/strong>&#8211; Click image to open gallery.<\/p>\n<div id=\"gallery-1\" class=\"wpex-gallery wpex-grid wpex-grid-cols-4 wpex-gap-20 wpex-lightbox-group wpex-mb-20\"><figure class=\"gallery-item\"><a href=\"https:\/\/martinluther.ca\/wp-content\/uploads\/2017\/04\/2017-Easter-43.jpg\" class=\"wpex-lightbox-group-item\" data-caption=\"Easter Sunrise\"><img loading=\"lazy\" decoding=\"async\" src=\"https:\/\/martinluther.ca\/wp-content\/uploads\/2017\/04\/2017-Easter-43-1024x768.jpg\" alt=\"\" srcset=\"https:\/\/martinluther.ca\/wp-content\/uploads\/2017\/04\/2017-Easter-43-1024x768.jpg 1024w, https:\/\/martinluther.ca\/wp-content\/uploads\/2017\/04\/2017-Easter-43-300x225.jpg 300w, https:\/\/martinluther.ca\/wp-content\/uploads\/2017\/04\/2017-Easter-43-768x576.jpg 768w, https:\/\/martinluther.ca\/wp-content\/uploads\/2017\/04\/2017-Easter-43.jpg 2048w\" width=\"1024\" height=\"768\"><\/a><figcaption class=\"gallery-caption wpex-last-mb-0\">Easter Sunrise<\/figcaption><\/figure><figure class=\"gallery-item\"><a href=\"https:\/\/martinluther.ca\/wp-content\/uploads\/2017\/04\/2017-Easter-42.jpg\" class=\"wpex-lightbox-group-item\"><img loading=\"lazy\" decoding=\"async\" src=\"https:\/\/martinluther.ca\/wp-content\/uploads\/2017\/04\/2017-Easter-42-1024x768.jpg\" alt=\"\" srcset=\"https:\/\/martinluther.ca\/wp-content\/uploads\/2017\/04\/2017-Easter-42-1024x768.jpg 1024w, https:\/\/martinluther.ca\/wp-content\/uploads\/2017\/04\/2017-Easter-42-300x225.jpg 300w, https:\/\/martinluther.ca\/wp-content\/uploads\/2017\/04\/2017-Easter-42-768x576.jpg 768w, https:\/\/martinluther.ca\/wp-content\/uploads\/2017\/04\/2017-Easter-42.jpg 2048w\" width=\"1024\" height=\"768\"><\/a><\/figure><figure class=\"gallery-item\"><a href=\"https:\/\/martinluther.ca\/wp-content\/uploads\/2017\/04\/2017-Easter-40.jpg\" class=\"wpex-lightbox-group-item\" data-caption=\"Easter Sunrise\"><img loading=\"lazy\" decoding=\"async\" src=\"https:\/\/martinluther.ca\/wp-content\/uploads\/2017\/04\/2017-Easter-40-1024x768.jpg\" alt=\"\" srcset=\"https:\/\/martinluther.ca\/wp-content\/uploads\/2017\/04\/2017-Easter-40-1024x768.jpg 1024w, https:\/\/martinluther.ca\/wp-content\/uploads\/2017\/04\/2017-Easter-40-300x225.jpg 300w, https:\/\/martinluther.ca\/wp-content\/uploads\/2017\/04\/2017-Easter-40-768x576.jpg 768w, https:\/\/martinluther.ca\/wp-content\/uploads\/2017\/04\/2017-Easter-40.jpg 2048w\" width=\"1024\" height=\"768\"><\/a><figcaption class=\"gallery-caption wpex-last-mb-0\">Easter Sunrise<\/figcaption><\/figure><figure class=\"gallery-item\"><a href=\"https:\/\/martinluther.ca\/wp-content\/uploads\/2017\/04\/2017-Easter-39B.jpg\" class=\"wpex-lightbox-group-item\" data-caption=\"2017 Easter Sunrise\" data-title=\"2017 Easter Sunrise\"><img loading=\"lazy\" alt=\"2017 Easter Sunrise\" decoding=\"async\" src=\"https:\/\/martinluther.ca\/wp-content\/uploads\/2017\/04\/2017-Easter-39B-1024x768.jpg\" srcset=\"https:\/\/martinluther.ca\/wp-content\/uploads\/2017\/04\/2017-Easter-39B-1024x768.jpg 1024w, https:\/\/martinluther.ca\/wp-content\/uploads\/2017\/04\/2017-Easter-39B-300x225.jpg 300w, https:\/\/martinluther.ca\/wp-content\/uploads\/2017\/04\/2017-Easter-39B-768x576.jpg 768w, https:\/\/martinluther.ca\/wp-content\/uploads\/2017\/04\/2017-Easter-39B.jpg 1775w\" width=\"1024\" height=\"768\"><\/a><figcaption class=\"gallery-caption wpex-last-mb-0\">2017 Easter Sunrise<\/figcaption><\/figure><figure class=\"gallery-item\"><a href=\"https:\/\/martinluther.ca\/wp-content\/uploads\/2017\/04\/2017-Easter-36.jpg\" class=\"wpex-lightbox-group-item\" data-caption=\"2017 Easter Sunrise\" data-title=\"2017 Easter Sunrise\"><img loading=\"lazy\" alt=\"2017 Easter Sunrise\" decoding=\"async\" src=\"https:\/\/martinluther.ca\/wp-content\/uploads\/2017\/04\/2017-Easter-36-1024x768.jpg\" srcset=\"https:\/\/martinluther.ca\/wp-content\/uploads\/2017\/04\/2017-Easter-36-1024x768.jpg 1024w, https:\/\/martinluther.ca\/wp-content\/uploads\/2017\/04\/2017-Easter-36-300x225.jpg 300w, https:\/\/martinluther.ca\/wp-content\/uploads\/2017\/04\/2017-Easter-36-768x576.jpg 768w, https:\/\/martinluther.ca\/wp-content\/uploads\/2017\/04\/2017-Easter-36.jpg 2048w\" width=\"1024\" height=\"768\"><\/a><figcaption class=\"gallery-caption wpex-last-mb-0\">2017 Easter Sunrise<\/figcaption><\/figure><figure class=\"gallery-item\"><a href=\"https:\/\/martinluther.ca\/wp-content\/uploads\/2017\/04\/2017-Easter-35B.jpg\" class=\"wpex-lightbox-group-item\" data-caption=\"2017 Easter Sunrise\" data-title=\"2017 Easter Sunrise\"><img loading=\"lazy\" alt=\"2017 Easter Sunrise\" decoding=\"async\" src=\"https:\/\/martinluther.ca\/wp-content\/uploads\/2017\/04\/2017-Easter-35B-1024x766.jpg\" srcset=\"https:\/\/martinluther.ca\/wp-content\/uploads\/2017\/04\/2017-Easter-35B-1024x766.jpg 1024w, https:\/\/martinluther.ca\/wp-content\/uploads\/2017\/04\/2017-Easter-35B-300x225.jpg 300w, https:\/\/martinluther.ca\/wp-content\/uploads\/2017\/04\/2017-Easter-35B-768x575.jpg 768w, https:\/\/martinluther.ca\/wp-content\/uploads\/2017\/04\/2017-Easter-35B.jpg 1531w\" width=\"1024\" height=\"766\"><\/a><figcaption class=\"gallery-caption wpex-last-mb-0\">2017 Easter Sunrise<\/figcaption><\/figure><figure class=\"gallery-item\"><a href=\"https:\/\/martinluther.ca\/wp-content\/uploads\/2017\/04\/2017-Easter-32-3-4-1200.jpg\" class=\"wpex-lightbox-group-item\" data-caption=\"Easter Sunrise\"><img loading=\"lazy\" decoding=\"async\" src=\"https:\/\/martinluther.ca\/wp-content\/uploads\/2017\/04\/2017-Easter-32-3-4-1200-1024x767.jpg\" alt=\"\" srcset=\"https:\/\/martinluther.ca\/wp-content\/uploads\/2017\/04\/2017-Easter-32-3-4-1200-1024x767.jpg 1024w, https:\/\/martinluther.ca\/wp-content\/uploads\/2017\/04\/2017-Easter-32-3-4-1200-300x225.jpg 300w, https:\/\/martinluther.ca\/wp-content\/uploads\/2017\/04\/2017-Easter-32-3-4-1200-768x575.jpg 768w, https:\/\/martinluther.ca\/wp-content\/uploads\/2017\/04\/2017-Easter-32-3-4-1200.jpg 1200w\" width=\"1024\" height=\"767\"><\/a><figcaption class=\"gallery-caption wpex-last-mb-0\">Easter Sunrise<\/figcaption><\/figure><figure class=\"gallery-item\"><a href=\"https:\/\/martinluther.ca\/wp-content\/uploads\/2017\/04\/2017-Easter-26-3-4V-1200.jpg\" class=\"wpex-lightbox-group-item\" data-caption=\"2017 Easter Sunrise\" data-title=\"2017 Easter Sunrise\"><img loading=\"lazy\" alt=\"2017 Easter Sunrise\" decoding=\"async\" src=\"https:\/\/martinluther.ca\/wp-content\/uploads\/2017\/04\/2017-Easter-26-3-4V-1200-768x1024.jpg\" srcset=\"https:\/\/martinluther.ca\/wp-content\/uploads\/2017\/04\/2017-Easter-26-3-4V-1200-768x1024.jpg 768w, https:\/\/martinluther.ca\/wp-content\/uploads\/2017\/04\/2017-Easter-26-3-4V-1200-225x300.jpg 225w, https:\/\/martinluther.ca\/wp-content\/uploads\/2017\/04\/2017-Easter-26-3-4V-1200.jpg 1200w\" width=\"768\" height=\"1024\"><\/a><figcaption class=\"gallery-caption wpex-last-mb-0\">2017 Easter Sunrise<\/figcaption><\/figure><figure class=\"gallery-item\"><a href=\"https:\/\/martinluther.ca\/wp-content\/uploads\/2017\/04\/2017-Easter-24CCV-3-4-1200.jpg\" class=\"wpex-lightbox-group-item\"><img loading=\"lazy\" decoding=\"async\" src=\"https:\/\/martinluther.ca\/wp-content\/uploads\/2017\/04\/2017-Easter-24CCV-3-4-1200-768x1024.jpg\" alt=\"\" srcset=\"https:\/\/martinluther.ca\/wp-content\/uploads\/2017\/04\/2017-Easter-24CCV-3-4-1200-768x1024.jpg 768w, https:\/\/martinluther.ca\/wp-content\/uploads\/2017\/04\/2017-Easter-24CCV-3-4-1200-225x300.jpg 225w, https:\/\/martinluther.ca\/wp-content\/uploads\/2017\/04\/2017-Easter-24CCV-3-4-1200.jpg 1200w\" width=\"768\" height=\"1024\"><\/a><\/figure><figure class=\"gallery-item\"><a href=\"https:\/\/martinluther.ca\/wp-content\/uploads\/2017\/04\/2017-Easter-11-3-4-1200.jpg\" class=\"wpex-lightbox-group-item\" data-caption=\"2017 Easter Sunrise\" data-title=\"2017 Easter Sunrise\"><img loading=\"lazy\" alt=\"2017 Easter Sunrise\" decoding=\"async\" src=\"https:\/\/martinluther.ca\/wp-content\/uploads\/2017\/04\/2017-Easter-11-3-4-1200-1024x767.jpg\" srcset=\"https:\/\/martinluther.ca\/wp-content\/uploads\/2017\/04\/2017-Easter-11-3-4-1200-1024x767.jpg 1024w, https:\/\/martinluther.ca\/wp-content\/uploads\/2017\/04\/2017-Easter-11-3-4-1200-300x225.jpg 300w, https:\/\/martinluther.ca\/wp-content\/uploads\/2017\/04\/2017-Easter-11-3-4-1200-768x575.jpg 768w, https:\/\/martinluther.ca\/wp-content\/uploads\/2017\/04\/2017-Easter-11-3-4-1200.jpg 1200w\" width=\"1024\" height=\"767\"><\/a><figcaption class=\"gallery-caption wpex-last-mb-0\">2017 Easter Sunrise<\/figcaption><\/figure><figure class=\"gallery-item\"><a href=\"https:\/\/martinluther.ca\/wp-content\/uploads\/2017\/04\/2017-Easter-10B.jpg\" class=\"wpex-lightbox-group-item\" data-caption=\"2017 Easter Sunrise\" data-title=\"2017 Easter Sunrise\"><img loading=\"lazy\" alt=\"2017 Easter Sunrise\" decoding=\"async\" src=\"https:\/\/martinluther.ca\/wp-content\/uploads\/2017\/04\/2017-Easter-10B-768x1024.jpg\" srcset=\"https:\/\/martinluther.ca\/wp-content\/uploads\/2017\/04\/2017-Easter-10B-768x1024.jpg 768w, https:\/\/martinluther.ca\/wp-content\/uploads\/2017\/04\/2017-Easter-10B-225x300.jpg 225w, https:\/\/martinluther.ca\/wp-content\/uploads\/2017\/04\/2017-Easter-10B.jpg 1200w\" width=\"768\" height=\"1024\"><\/a><figcaption class=\"gallery-caption wpex-last-mb-0\">2017 Easter Sunrise<\/figcaption><\/figure><figure class=\"gallery-item\"><a href=\"https:\/\/martinluther.ca\/wp-content\/uploads\/2017\/04\/2017-Easter-2-3-4-1200.jpg\" class=\"wpex-lightbox-group-item\" data-caption=\"2017 Easter Sunrise\" data-title=\"2017 Easter Sunrise\"><img loading=\"lazy\" alt=\"2017 Easter Sunrise\" decoding=\"async\" src=\"https:\/\/martinluther.ca\/wp-content\/uploads\/2017\/04\/2017-Easter-2-3-4-1200-1024x768.jpg\" srcset=\"https:\/\/martinluther.ca\/wp-content\/uploads\/2017\/04\/2017-Easter-2-3-4-1200-1024x768.jpg 1024w, https:\/\/martinluther.ca\/wp-content\/uploads\/2017\/04\/2017-Easter-2-3-4-1200-300x225.jpg 300w, https:\/\/martinluther.ca\/wp-content\/uploads\/2017\/04\/2017-Easter-2-3-4-1200-768x576.jpg 768w, https:\/\/martinluther.ca\/wp-content\/uploads\/2017\/04\/2017-Easter-2-3-4-1200.jpg 1200w\" width=\"1024\" height=\"768\"><\/a><figcaption class=\"gallery-caption wpex-last-mb-0\">2017 Easter Sunrise<\/figcaption><\/figure><\/div>\n\n<p><strong>Karwoche 2015 Fotos <\/strong>&#8211;\u00a0Click image to open gallery<\/p>\n<div id=\"gallery-2\" class=\"wpex-gallery wpex-grid wpex-grid-cols-5 wpex-gap-20 wpex-lightbox-group wpex-mb-20\"><figure class=\"gallery-item\"><a href=\"https:\/\/martinluther.ca\/wp-content\/uploads\/2015\/04\/2015-Easter-Sunrise-92BB.jpg\" class=\"wpex-lightbox-group-item\"><img loading=\"lazy\" decoding=\"async\" src=\"https:\/\/martinluther.ca\/wp-content\/uploads\/2015\/04\/2015-Easter-Sunrise-92BB.jpg\" alt=\"\" srcset=\"https:\/\/martinluther.ca\/wp-content\/uploads\/2015\/04\/2015-Easter-Sunrise-92BB.jpg 1024w, https:\/\/martinluther.ca\/wp-content\/uploads\/2015\/04\/2015-Easter-Sunrise-92BB-300x225.jpg 300w\" width=\"1024\" height=\"768\"><\/a><\/figure><figure class=\"gallery-item\"><a href=\"https:\/\/martinluther.ca\/wp-content\/uploads\/2015\/04\/2015-Easter-Sunrise-93BB.jpg\" class=\"wpex-lightbox-group-item\" data-caption=\"2015 Easter Sunrise\" data-title=\"2015 Easter Sunrise\"><img loading=\"lazy\" alt=\"2015 Easter Sunrise\" decoding=\"async\" src=\"https:\/\/martinluther.ca\/wp-content\/uploads\/2015\/04\/2015-Easter-Sunrise-93BB.jpg\" srcset=\"https:\/\/martinluther.ca\/wp-content\/uploads\/2015\/04\/2015-Easter-Sunrise-93BB.jpg 1024w, https:\/\/martinluther.ca\/wp-content\/uploads\/2015\/04\/2015-Easter-Sunrise-93BB-300x225.jpg 300w\" width=\"1024\" height=\"768\"><\/a><figcaption class=\"gallery-caption wpex-last-mb-0\">2015 Easter Sunrise<\/figcaption><\/figure><figure class=\"gallery-item\"><a href=\"https:\/\/martinluther.ca\/wp-content\/uploads\/2015\/04\/2015-Easter-Sunrise-85BB.jpg\" class=\"wpex-lightbox-group-item\" data-caption=\"2015 Easter Sunrise\" data-title=\"2015 Easter Sunrise\"><img loading=\"lazy\" alt=\"2015 Easter Sunrise\" decoding=\"async\" src=\"https:\/\/martinluther.ca\/wp-content\/uploads\/2015\/04\/2015-Easter-Sunrise-85BB.jpg\" srcset=\"https:\/\/martinluther.ca\/wp-content\/uploads\/2015\/04\/2015-Easter-Sunrise-85BB.jpg 1022w, https:\/\/martinluther.ca\/wp-content\/uploads\/2015\/04\/2015-Easter-Sunrise-85BB-300x225.jpg 300w\" width=\"1022\" height=\"766\"><\/a><figcaption class=\"gallery-caption wpex-last-mb-0\">2015 Easter Sunrise<\/figcaption><\/figure><figure class=\"gallery-item\"><a href=\"https:\/\/martinluther.ca\/wp-content\/uploads\/2015\/04\/2015-Easter-Sunrise-80BB.jpg\" class=\"wpex-lightbox-group-item\"><img loading=\"lazy\" decoding=\"async\" src=\"https:\/\/martinluther.ca\/wp-content\/uploads\/2015\/04\/2015-Easter-Sunrise-80BB.jpg\" alt=\"\" srcset=\"https:\/\/martinluther.ca\/wp-content\/uploads\/2015\/04\/2015-Easter-Sunrise-80BB.jpg 656w, https:\/\/martinluther.ca\/wp-content\/uploads\/2015\/04\/2015-Easter-Sunrise-80BB-300x225.jpg 300w\" width=\"656\" height=\"492\"><\/a><\/figure><figure class=\"gallery-item\"><a href=\"https:\/\/martinluther.ca\/wp-content\/uploads\/2015\/04\/2015-Easter-Sunrise-07BB.jpg\" class=\"wpex-lightbox-group-item\" data-caption=\"2015 Easter Sunrise\" data-title=\"2015 Easter Sunrise\"><img loading=\"lazy\" alt=\"2015 Easter Sunrise\" decoding=\"async\" src=\"https:\/\/martinluther.ca\/wp-content\/uploads\/2015\/04\/2015-Easter-Sunrise-07BB.jpg\" srcset=\"https:\/\/martinluther.ca\/wp-content\/uploads\/2015\/04\/2015-Easter-Sunrise-07BB.jpg 886w, https:\/\/martinluther.ca\/wp-content\/uploads\/2015\/04\/2015-Easter-Sunrise-07BB-300x225.jpg 300w\" width=\"886\" height=\"665\"><\/a><figcaption class=\"gallery-caption wpex-last-mb-0\">2015 Easter Sunrise<\/figcaption><\/figure><figure class=\"gallery-item\"><a href=\"https:\/\/martinluther.ca\/wp-content\/uploads\/2015\/04\/2015-Easter-Sunrise-from-Marg-43BB.jpg\" class=\"wpex-lightbox-group-item\" data-caption=\"2015 Easter Sunrise\" data-title=\"2015 Easter Sunrise\"><img loading=\"lazy\" alt=\"2015 Easter Sunrise\" decoding=\"async\" src=\"https:\/\/martinluther.ca\/wp-content\/uploads\/2015\/04\/2015-Easter-Sunrise-from-Marg-43BB.jpg\" srcset=\"https:\/\/martinluther.ca\/wp-content\/uploads\/2015\/04\/2015-Easter-Sunrise-from-Marg-43BB.jpg 1024w, https:\/\/martinluther.ca\/wp-content\/uploads\/2015\/04\/2015-Easter-Sunrise-from-Marg-43BB-300x225.jpg 300w\" width=\"1024\" height=\"768\"><\/a><figcaption class=\"gallery-caption wpex-last-mb-0\">2015 Easter Sunrise<\/figcaption><\/figure><figure class=\"gallery-item\"><a href=\"https:\/\/martinluther.ca\/wp-content\/uploads\/2015\/04\/2015-Easter-99BB.jpg\" class=\"wpex-lightbox-group-item\" data-title=\"2015 Easter Sunrise\"><img loading=\"lazy\" alt=\"2015 Easter Sunrise\" decoding=\"async\" src=\"https:\/\/martinluther.ca\/wp-content\/uploads\/2015\/04\/2015-Easter-99BB.jpg\" srcset=\"https:\/\/martinluther.ca\/wp-content\/uploads\/2015\/04\/2015-Easter-99BB.jpg 641w, https:\/\/martinluther.ca\/wp-content\/uploads\/2015\/04\/2015-Easter-99BB-300x225.jpg 300w\" width=\"641\" height=\"481\"><\/a><\/figure><figure class=\"gallery-item\"><a href=\"https:\/\/martinluther.ca\/wp-content\/uploads\/2015\/04\/2015-Easter-Sunrise-99BB.jpg\" class=\"wpex-lightbox-group-item\" data-caption=\"2015 Easter Sunrise\" data-title=\"2015 Easter Sunrise\"><img loading=\"lazy\" alt=\"2015 Easter Sunrise\" decoding=\"async\" src=\"https:\/\/martinluther.ca\/wp-content\/uploads\/2015\/04\/2015-Easter-Sunrise-99BB.jpg\" srcset=\"https:\/\/martinluther.ca\/wp-content\/uploads\/2015\/04\/2015-Easter-Sunrise-99BB.jpg 1024w, https:\/\/martinluther.ca\/wp-content\/uploads\/2015\/04\/2015-Easter-Sunrise-99BB-300x225.jpg 300w\" width=\"1024\" height=\"768\"><\/a><figcaption class=\"gallery-caption wpex-last-mb-0\">2015 Easter Sunrise<\/figcaption><\/figure><\/div>\n\n<p><strong>Karwoche 2012 Fotos <\/strong>&#8211; Click image to open gallery<\/p>\n<div id=\"gallery-3\" class=\"wpex-gallery wpex-grid wpex-grid-cols-5 wpex-gap-20 wpex-lightbox-group wpex-mb-20\"><figure class=\"gallery-item\"><a href=\"https:\/\/martinluther.ca\/wp-content\/uploads\/2014\/04\/2102-Choir-GoodFriday2.jpg\" class=\"wpex-lightbox-group-item\"><img loading=\"lazy\" decoding=\"async\" src=\"https:\/\/martinluther.ca\/wp-content\/uploads\/2014\/04\/2102-Choir-GoodFriday2.jpg\" alt=\"\" srcset=\"https:\/\/martinluther.ca\/wp-content\/uploads\/2014\/04\/2102-Choir-GoodFriday2.jpg 628w, https:\/\/martinluther.ca\/wp-content\/uploads\/2014\/04\/2102-Choir-GoodFriday2-300x188.jpg 300w\" width=\"628\" height=\"394\"><\/a><\/figure><figure class=\"gallery-item\"><a href=\"https:\/\/martinluther.ca\/wp-content\/uploads\/2015\/03\/2012-MLC-Easter-Sunrise10BB.jpg\" class=\"wpex-lightbox-group-item\"><img loading=\"lazy\" decoding=\"async\" src=\"https:\/\/martinluther.ca\/wp-content\/uploads\/2015\/03\/2012-MLC-Easter-Sunrise10BB.jpg\" alt=\"\" srcset=\"https:\/\/martinluther.ca\/wp-content\/uploads\/2015\/03\/2012-MLC-Easter-Sunrise10BB.jpg 688w, https:\/\/martinluther.ca\/wp-content\/uploads\/2015\/03\/2012-MLC-Easter-Sunrise10BB-300x196.jpg 300w\" width=\"688\" height=\"450\"><\/a><\/figure><figure class=\"gallery-item\"><a href=\"https:\/\/martinluther.ca\/wp-content\/uploads\/2015\/03\/2012-MLC-Easter-Sunrise1.jpg\" class=\"wpex-lightbox-group-item\"><img loading=\"lazy\" decoding=\"async\" src=\"https:\/\/martinluther.ca\/wp-content\/uploads\/2015\/03\/2012-MLC-Easter-Sunrise1.jpg\" alt=\"\" srcset=\"https:\/\/martinluther.ca\/wp-content\/uploads\/2015\/03\/2012-MLC-Easter-Sunrise1.jpg 800w, https:\/\/martinluther.ca\/wp-content\/uploads\/2015\/03\/2012-MLC-Easter-Sunrise1-300x225.jpg 300w\" width=\"800\" height=\"600\"><\/a><\/figure><\/div>\n\n<p><strong>Karwoche 2011 Fotos <\/strong>&#8211; Click image to open gallery<\/p>\n<div id=\"gallery-4\" class=\"wpex-gallery wpex-grid wpex-grid-cols-5 wpex-gap-20 wpex-lightbox-group wpex-mb-20\"><figure class=\"gallery-item\"><a href=\"https:\/\/martinluther.ca\/wp-content\/uploads\/2015\/03\/2011-EasterSunriseService-012BB.jpg\" class=\"wpex-lightbox-group-item\" data-caption=\"2011 Easter Sunrise\" data-title=\"2011 Easter Sunrise\"><img loading=\"lazy\" alt=\"2011 Easter Sunrise\" decoding=\"async\" src=\"https:\/\/martinluther.ca\/wp-content\/uploads\/2015\/03\/2011-EasterSunriseService-012BB-1024x719.jpg\" srcset=\"https:\/\/martinluther.ca\/wp-content\/uploads\/2015\/03\/2011-EasterSunriseService-012BB-1024x719.jpg 1024w, https:\/\/martinluther.ca\/wp-content\/uploads\/2015\/03\/2011-EasterSunriseService-012BB-300x211.jpg 300w, https:\/\/martinluther.ca\/wp-content\/uploads\/2015\/03\/2011-EasterSunriseService-012BB.jpg 1492w\" width=\"1024\" height=\"719\"><\/a><figcaption class=\"gallery-caption wpex-last-mb-0\">2011 Easter Sunrise<\/figcaption><\/figure><figure class=\"gallery-item\"><a href=\"https:\/\/martinluther.ca\/wp-content\/uploads\/2015\/03\/2011-EasterSunriseService-017BB.jpg\" class=\"wpex-lightbox-group-item\"><img loading=\"lazy\" decoding=\"async\" src=\"https:\/\/martinluther.ca\/wp-content\/uploads\/2015\/03\/2011-EasterSunriseService-017BB-1024x814.jpg\" alt=\"\" srcset=\"https:\/\/martinluther.ca\/wp-content\/uploads\/2015\/03\/2011-EasterSunriseService-017BB-1024x814.jpg 1024w, https:\/\/martinluther.ca\/wp-content\/uploads\/2015\/03\/2011-EasterSunriseService-017BB-300x238.jpg 300w, https:\/\/martinluther.ca\/wp-content\/uploads\/2015\/03\/2011-EasterSunriseService-017BB.jpg 1433w\" width=\"1024\" height=\"814\"><\/a><\/figure><figure class=\"gallery-item\"><a href=\"https:\/\/martinluther.ca\/wp-content\/uploads\/2015\/03\/2011-EasterSunriseService-015.jpg\" class=\"wpex-lightbox-group-item\"><img loading=\"lazy\" decoding=\"async\" src=\"https:\/\/martinluther.ca\/wp-content\/uploads\/2015\/03\/2011-EasterSunriseService-015-1024x768.jpg\" alt=\"\" srcset=\"https:\/\/martinluther.ca\/wp-content\/uploads\/2015\/03\/2011-EasterSunriseService-015-1024x768.jpg 1024w, https:\/\/martinluther.ca\/wp-content\/uploads\/2015\/03\/2011-EasterSunriseService-015-300x225.jpg 300w, https:\/\/martinluther.ca\/wp-content\/uploads\/2015\/03\/2011-EasterSunriseService-015.jpg 2048w\" width=\"1024\" height=\"768\"><\/a><\/figure><figure class=\"gallery-item\"><a href=\"https:\/\/martinluther.ca\/wp-content\/uploads\/2015\/03\/2011-EasterSunriseService-021BB.jpg\" class=\"wpex-lightbox-group-item\" data-caption=\"2011 Easter Sunrise\" data-title=\"2011 Easter Sunrise\"><img loading=\"lazy\" alt=\"2011 Easter Sunrise\" decoding=\"async\" src=\"https:\/\/martinluther.ca\/wp-content\/uploads\/2015\/03\/2011-EasterSunriseService-021BB-1024x611.jpg\" srcset=\"https:\/\/martinluther.ca\/wp-content\/uploads\/2015\/03\/2011-EasterSunriseService-021BB-1024x611.jpg 1024w, https:\/\/martinluther.ca\/wp-content\/uploads\/2015\/03\/2011-EasterSunriseService-021BB-300x179.jpg 300w, https:\/\/martinluther.ca\/wp-content\/uploads\/2015\/03\/2011-EasterSunriseService-021BB.jpg 1881w\" width=\"1024\" height=\"611\"><\/a><figcaption class=\"gallery-caption wpex-last-mb-0\">2011 Easter Sunrise<\/figcaption><\/figure><figure class=\"gallery-item\"><a href=\"https:\/\/martinluther.ca\/wp-content\/uploads\/2015\/03\/2011-EasterSunriseService-046.jpg\" class=\"wpex-lightbox-group-item\" data-caption=\"2011 Easter Sunrise\" data-title=\"2011 Easter Sunrise\"><img loading=\"lazy\" alt=\"2011 Easter Sunrise\" decoding=\"async\" src=\"https:\/\/martinluther.ca\/wp-content\/uploads\/2015\/03\/2011-EasterSunriseService-046-1024x768.jpg\" srcset=\"https:\/\/martinluther.ca\/wp-content\/uploads\/2015\/03\/2011-EasterSunriseService-046-1024x768.jpg 1024w, https:\/\/martinluther.ca\/wp-content\/uploads\/2015\/03\/2011-EasterSunriseService-046-300x225.jpg 300w, https:\/\/martinluther.ca\/wp-content\/uploads\/2015\/03\/2011-EasterSunriseService-046.jpg 2048w\" width=\"1024\" height=\"768\"><\/a><figcaption class=\"gallery-caption wpex-last-mb-0\">2011 Easter Sunrise<\/figcaption><\/figure><figure class=\"gallery-item\"><a href=\"https:\/\/martinluther.ca\/wp-content\/uploads\/2015\/03\/2011-EasterSunriseService-051BB.jpg\" class=\"wpex-lightbox-group-item\" data-caption=\"2011 Easter Sunrise\" data-title=\"2011 Easter Sunrise\"><img loading=\"lazy\" alt=\"2011 Easter Sunrise\" decoding=\"async\" src=\"https:\/\/martinluther.ca\/wp-content\/uploads\/2015\/03\/2011-EasterSunriseService-051BB-1024x758.jpg\" srcset=\"https:\/\/martinluther.ca\/wp-content\/uploads\/2015\/03\/2011-EasterSunriseService-051BB-1024x758.jpg 1024w, https:\/\/martinluther.ca\/wp-content\/uploads\/2015\/03\/2011-EasterSunriseService-051BB-300x222.jpg 300w, https:\/\/martinluther.ca\/wp-content\/uploads\/2015\/03\/2011-EasterSunriseService-051BB.jpg 1629w\" width=\"1024\" height=\"758\"><\/a><figcaption class=\"gallery-caption wpex-last-mb-0\">2011 Easter Sunrise<\/figcaption><\/figure><figure class=\"gallery-item\"><a href=\"https:\/\/martinluther.ca\/wp-content\/uploads\/2015\/03\/2011-EasterSunriseService-033.jpg\" class=\"wpex-lightbox-group-item\" data-caption=\"2011 Easter Sunrise\" data-title=\"2011 Easter Sunrise\"><img loading=\"lazy\" alt=\"2011 Easter Sunrise\" decoding=\"async\" src=\"https:\/\/martinluther.ca\/wp-content\/uploads\/2015\/03\/2011-EasterSunriseService-033-1024x768.jpg\" srcset=\"https:\/\/martinluther.ca\/wp-content\/uploads\/2015\/03\/2011-EasterSunriseService-033-1024x768.jpg 1024w, https:\/\/martinluther.ca\/wp-content\/uploads\/2015\/03\/2011-EasterSunriseService-033-300x225.jpg 300w, https:\/\/martinluther.ca\/wp-content\/uploads\/2015\/03\/2011-EasterSunriseService-033.jpg 2048w\" width=\"1024\" height=\"768\"><\/a><figcaption class=\"gallery-caption wpex-last-mb-0\">2011 Easter Sunrise<\/figcaption><\/figure><figure class=\"gallery-item\"><a href=\"https:\/\/martinluther.ca\/wp-content\/uploads\/2015\/03\/2011-EasterSunriseService-040BB.jpg\" class=\"wpex-lightbox-group-item\" data-caption=\"2011 Easter Sunrise\" data-title=\"2011 Easter Sunrise\"><img loading=\"lazy\" alt=\"2011 Easter Sunrise\" decoding=\"async\" src=\"https:\/\/martinluther.ca\/wp-content\/uploads\/2015\/03\/2011-EasterSunriseService-040BB-1024x785.jpg\" srcset=\"https:\/\/martinluther.ca\/wp-content\/uploads\/2015\/03\/2011-EasterSunriseService-040BB-1024x785.jpg 1024w, https:\/\/martinluther.ca\/wp-content\/uploads\/2015\/03\/2011-EasterSunriseService-040BB-300x230.jpg 300w, https:\/\/martinluther.ca\/wp-content\/uploads\/2015\/03\/2011-EasterSunriseService-040BB.jpg 1426w\" width=\"1024\" height=\"785\"><\/a><figcaption class=\"gallery-caption wpex-last-mb-0\">2011 Easter Sunrise<\/figcaption><\/figure><figure class=\"gallery-item\"><a href=\"https:\/\/martinluther.ca\/wp-content\/uploads\/2015\/03\/2011-EasterSunriseService-053BB.jpg\" class=\"wpex-lightbox-group-item\" data-caption=\"2011 Easter Sunrise\" data-title=\"2011 Easter Sunrise\"><img loading=\"lazy\" alt=\"2011 Easter Sunrise\" decoding=\"async\" src=\"https:\/\/martinluther.ca\/wp-content\/uploads\/2015\/03\/2011-EasterSunriseService-053BB-1024x778.jpg\" srcset=\"https:\/\/martinluther.ca\/wp-content\/uploads\/2015\/03\/2011-EasterSunriseService-053BB-1024x778.jpg 1024w, https:\/\/martinluther.ca\/wp-content\/uploads\/2015\/03\/2011-EasterSunriseService-053BB-300x228.jpg 300w, https:\/\/martinluther.ca\/wp-content\/uploads\/2015\/03\/2011-EasterSunriseService-053BB.jpg 1518w\" width=\"1024\" height=\"778\"><\/a><figcaption class=\"gallery-caption wpex-last-mb-0\">2011 Easter Sunrise<\/figcaption><\/figure><figure class=\"gallery-item\"><a href=\"https:\/\/martinluther.ca\/wp-content\/uploads\/2015\/03\/2011-EasterSunriseService-068.jpg\" class=\"wpex-lightbox-group-item\"><img loading=\"lazy\" decoding=\"async\" src=\"https:\/\/martinluther.ca\/wp-content\/uploads\/2015\/03\/2011-EasterSunriseService-068-1024x768.jpg\" alt=\"\" srcset=\"https:\/\/martinluther.ca\/wp-content\/uploads\/2015\/03\/2011-EasterSunriseService-068-1024x768.jpg 1024w, https:\/\/martinluther.ca\/wp-content\/uploads\/2015\/03\/2011-EasterSunriseService-068-300x225.jpg 300w, https:\/\/martinluther.ca\/wp-content\/uploads\/2015\/03\/2011-EasterSunriseService-068.jpg 2048w\" width=\"1024\" height=\"768\"><\/a><\/figure><\/div>\n\n","protected":false},"excerpt":{"rendered":"<p>Der\u00a0H\u00f6hepunkt des Kirchenjahres ist Karwoche und Ostern 2017! Wir feiern: Palmsonntag, 9. April 2017: 9.45 Uhr Englischer Gottesdienst 11.00 Uhr Deutscher Gottesdienst mit Chor Harfent\u00f6ne und Konzert Mittwoch, 12. April 2017: 12.00 Uhr Deutscher Passions-Gottesdienst. Nach dem Gottesdienst laden wir ein zu einem Teller\u00a0Suppe. 19.00 Uhr Englischer Passions-Gottesdienst Gr\u00fcndonnerstag, 13. April 2017: 18.00 Uhr Deutscher&hellip;<\/p>\n","protected":false},"author":9,"featured_media":25856,"comment_status":"closed","ping_status":"closed","sticky":false,"template":"","format":"standard","meta":{"footnotes":""},"categories":[69],"tags":[],"post_series":[],"class_list":["post-25950","post","type-post","status-publish","format-standard","has-post-thumbnail","hentry","category-news-blog-german","entry","has-media"],"yoast_head":"<!-- This site is optimized with the Yoast SEO plugin v27.5 - https:\/\/yoast.com\/product\/yoast-seo-wordpress\/ -->\n<title>Karwoche und Ostertage 2017 in der Martin Luther Kirche - Martin Luther Evangelische Kirche Toronto<\/title>\n<meta name=\"robots\" content=\"index, follow, max-snippet:-1, max-image-preview:large, max-video-preview:-1\" \/>\n<link rel=\"canonical\" href=\"https:\/\/martinluther.ca\/de\/2017\/03\/karwoche-und-ostertage-2017-der-martin-luther-kirche\/\" \/>\n<meta property=\"og:locale\" content=\"de_DE\" \/>\n<meta property=\"og:type\" content=\"article\" \/>\n<meta property=\"og:title\" content=\"Karwoche und Ostertage 2017 in der Martin Luther Kirche - Martin Luther Evangelische Kirche Toronto\" \/>\n<meta property=\"og:description\" content=\"Der\u00a0H\u00f6hepunkt des Kirchenjahres ist Karwoche und Ostern 2017! Wir feiern: Palmsonntag, 9. April 2017: 9.45 Uhr Englischer Gottesdienst 11.00 Uhr Deutscher Gottesdienst mit Chor Harfent\u00f6ne und Konzert Mittwoch, 12. April 2017: 12.00 Uhr Deutscher Passions-Gottesdienst. Nach dem Gottesdienst laden wir ein zu einem Teller\u00a0Suppe. 19.00 Uhr Englischer Passions-Gottesdienst Gr\u00fcndonnerstag, 13. April 2017: 18.00 Uhr Deutscher&hellip;\" \/>\n<meta property=\"og:url\" content=\"https:\/\/martinluther.ca\/de\/2017\/03\/karwoche-und-ostertage-2017-der-martin-luther-kirche\/\" \/>\n<meta property=\"og:site_name\" content=\"Martin Luther Evangelische Kirche Toronto\" \/>\n<meta property=\"article:publisher\" content=\"https:\/\/www.facebook.com\/martinlutherchurchtoronto\" \/>\n<meta property=\"article:published_time\" content=\"2017-03-30T19:13:35+00:00\" \/>\n<meta property=\"article:modified_time\" content=\"2017-04-19T19:50:40+00:00\" \/>\n<meta property=\"og:image\" content=\"https:\/\/martinluther.ca\/wp-content\/uploads\/2017\/03\/6.-Maundy-Thursday-Cross-with-crown-of-thorns-Window.jpg\" \/>\n\t<meta property=\"og:image:width\" content=\"336\" \/>\n\t<meta property=\"og:image:height\" content=\"253\" \/>\n\t<meta property=\"og:image:type\" content=\"image\/jpeg\" \/>\n<meta name=\"author\" content=\"Mona Kakoschke Frantzke\" \/>\n<meta name=\"twitter:card\" content=\"summary_large_image\" \/>\n<meta name=\"twitter:label1\" content=\"Verfasst von\" \/>\n\t<meta name=\"twitter:data1\" content=\"Mona Kakoschke Frantzke\" \/>\n\t<meta name=\"twitter:label2\" content=\"Gesch\u00e4tzte Lesezeit\" \/>\n\t<meta name=\"twitter:data2\" content=\"1\u00a0Minute\" \/>\n<script type=\"application\/ld+json\" class=\"yoast-schema-graph\">{\"@context\":\"https:\\\/\\\/schema.org\",\"@graph\":[{\"@type\":\"Article\",\"@id\":\"https:\\\/\\\/martinluther.ca\\\/de\\\/2017\\\/03\\\/karwoche-und-ostertage-2017-der-martin-luther-kirche\\\/#article\",\"isPartOf\":{\"@id\":\"https:\\\/\\\/martinluther.ca\\\/de\\\/2017\\\/03\\\/karwoche-und-ostertage-2017-der-martin-luther-kirche\\\/\"},\"author\":{\"name\":\"Mona Kakoschke Frantzke\",\"@id\":\"https:\\\/\\\/martinluther.ca\\\/de\\\/#\\\/schema\\\/person\\\/815c51710f70b050f0476f18da6b0c8f\"},\"headline\":\"Karwoche und Ostertage 2017 in der Martin Luther Kirche\",\"datePublished\":\"2017-03-30T19:13:35+00:00\",\"dateModified\":\"2017-04-19T19:50:40+00:00\",\"mainEntityOfPage\":{\"@id\":\"https:\\\/\\\/martinluther.ca\\\/de\\\/2017\\\/03\\\/karwoche-und-ostertage-2017-der-martin-luther-kirche\\\/\"},\"wordCount\":204,\"publisher\":{\"@id\":\"https:\\\/\\\/martinluther.ca\\\/de\\\/#organization\"},\"image\":{\"@id\":\"https:\\\/\\\/martinluther.ca\\\/de\\\/2017\\\/03\\\/karwoche-und-ostertage-2017-der-martin-luther-kirche\\\/#primaryimage\"},\"thumbnailUrl\":\"https:\\\/\\\/martinluther.ca\\\/wp-content\\\/uploads\\\/2017\\\/03\\\/6.-Maundy-Thursday-Cross-with-crown-of-thorns-Window.jpg\",\"articleSection\":[\"News Blog - German\"],\"inLanguage\":\"de\"},{\"@type\":\"WebPage\",\"@id\":\"https:\\\/\\\/martinluther.ca\\\/de\\\/2017\\\/03\\\/karwoche-und-ostertage-2017-der-martin-luther-kirche\\\/\",\"url\":\"https:\\\/\\\/martinluther.ca\\\/de\\\/2017\\\/03\\\/karwoche-und-ostertage-2017-der-martin-luther-kirche\\\/\",\"name\":\"Karwoche und Ostertage 2017 in der Martin Luther Kirche - Martin Luther Evangelische Kirche Toronto\",\"isPartOf\":{\"@id\":\"https:\\\/\\\/martinluther.ca\\\/de\\\/#website\"},\"primaryImageOfPage\":{\"@id\":\"https:\\\/\\\/martinluther.ca\\\/de\\\/2017\\\/03\\\/karwoche-und-ostertage-2017-der-martin-luther-kirche\\\/#primaryimage\"},\"image\":{\"@id\":\"https:\\\/\\\/martinluther.ca\\\/de\\\/2017\\\/03\\\/karwoche-und-ostertage-2017-der-martin-luther-kirche\\\/#primaryimage\"},\"thumbnailUrl\":\"https:\\\/\\\/martinluther.ca\\\/wp-content\\\/uploads\\\/2017\\\/03\\\/6.-Maundy-Thursday-Cross-with-crown-of-thorns-Window.jpg\",\"datePublished\":\"2017-03-30T19:13:35+00:00\",\"dateModified\":\"2017-04-19T19:50:40+00:00\",\"breadcrumb\":{\"@id\":\"https:\\\/\\\/martinluther.ca\\\/de\\\/2017\\\/03\\\/karwoche-und-ostertage-2017-der-martin-luther-kirche\\\/#breadcrumb\"},\"inLanguage\":\"de\",\"potentialAction\":[{\"@type\":\"ReadAction\",\"target\":[\"https:\\\/\\\/martinluther.ca\\\/de\\\/2017\\\/03\\\/karwoche-und-ostertage-2017-der-martin-luther-kirche\\\/\"]}]},{\"@type\":\"ImageObject\",\"inLanguage\":\"de\",\"@id\":\"https:\\\/\\\/martinluther.ca\\\/de\\\/2017\\\/03\\\/karwoche-und-ostertage-2017-der-martin-luther-kirche\\\/#primaryimage\",\"url\":\"https:\\\/\\\/martinluther.ca\\\/wp-content\\\/uploads\\\/2017\\\/03\\\/6.-Maundy-Thursday-Cross-with-crown-of-thorns-Window.jpg\",\"contentUrl\":\"https:\\\/\\\/martinluther.ca\\\/wp-content\\\/uploads\\\/2017\\\/03\\\/6.-Maundy-Thursday-Cross-with-crown-of-thorns-Window.jpg\",\"width\":336,\"height\":253,\"caption\":\"6. Maundy Thursday: Night of Jesus\u2018 imprisonment, Symbol: Cross with Crown of Thorns. Flower: Dandelion = Triumph\"},{\"@type\":\"BreadcrumbList\",\"@id\":\"https:\\\/\\\/martinluther.ca\\\/de\\\/2017\\\/03\\\/karwoche-und-ostertage-2017-der-martin-luther-kirche\\\/#breadcrumb\",\"itemListElement\":[{\"@type\":\"ListItem\",\"position\":1,\"name\":\"Home\",\"item\":\"https:\\\/\\\/martinluther.ca\\\/de\\\/\"},{\"@type\":\"ListItem\",\"position\":2,\"name\":\"Karwoche und Ostertage 2017 in der Martin Luther Kirche\"}]},{\"@type\":\"WebSite\",\"@id\":\"https:\\\/\\\/martinluther.ca\\\/de\\\/#website\",\"url\":\"https:\\\/\\\/martinluther.ca\\\/de\\\/\",\"name\":\"Martin Luther Evangelical Church Toronto\",\"description\":\"Deutsch &amp; Englisch\",\"publisher\":{\"@id\":\"https:\\\/\\\/martinluther.ca\\\/de\\\/#organization\"},\"potentialAction\":[{\"@type\":\"SearchAction\",\"target\":{\"@type\":\"EntryPoint\",\"urlTemplate\":\"https:\\\/\\\/martinluther.ca\\\/de\\\/?s={search_term_string}\"},\"query-input\":{\"@type\":\"PropertyValueSpecification\",\"valueRequired\":true,\"valueName\":\"search_term_string\"}}],\"inLanguage\":\"de\"},{\"@type\":\"Organization\",\"@id\":\"https:\\\/\\\/martinluther.ca\\\/de\\\/#organization\",\"name\":\"Martin Luther Evangelical Church Toronto\",\"url\":\"https:\\\/\\\/martinluther.ca\\\/de\\\/\",\"logo\":{\"@type\":\"ImageObject\",\"inLanguage\":\"de\",\"@id\":\"https:\\\/\\\/martinluther.ca\\\/de\\\/#\\\/schema\\\/logo\\\/image\\\/\",\"url\":\"https:\\\/\\\/martinluther.ca\\\/wp-content\\\/uploads\\\/2016\\\/12\\\/ml-logo-300.png\",\"contentUrl\":\"https:\\\/\\\/martinluther.ca\\\/wp-content\\\/uploads\\\/2016\\\/12\\\/ml-logo-300.png\",\"width\":300,\"height\":150,\"caption\":\"Martin Luther Evangelical Church Toronto\"},\"image\":{\"@id\":\"https:\\\/\\\/martinluther.ca\\\/de\\\/#\\\/schema\\\/logo\\\/image\\\/\"},\"sameAs\":[\"https:\\\/\\\/www.facebook.com\\\/martinlutherchurchtoronto\",\"https:\\\/\\\/www.instagram.com\\\/lutheransbythelake\\\/\",\"https:\\\/\\\/www.youtube.com\\\/MartinLutherChurchToronto\"]},{\"@type\":\"Person\",\"@id\":\"https:\\\/\\\/martinluther.ca\\\/de\\\/#\\\/schema\\\/person\\\/815c51710f70b050f0476f18da6b0c8f\",\"name\":\"Mona Kakoschke Frantzke\",\"image\":{\"@type\":\"ImageObject\",\"inLanguage\":\"de\",\"@id\":\"https:\\\/\\\/secure.gravatar.com\\\/avatar\\\/0deb16854ca545cd2e9fc8001ca110d262b80d5c8317b38dc542265fbea0ed19?s=96&d=mm&r=g\",\"url\":\"https:\\\/\\\/secure.gravatar.com\\\/avatar\\\/0deb16854ca545cd2e9fc8001ca110d262b80d5c8317b38dc542265fbea0ed19?s=96&d=mm&r=g\",\"contentUrl\":\"https:\\\/\\\/secure.gravatar.com\\\/avatar\\\/0deb16854ca545cd2e9fc8001ca110d262b80d5c8317b38dc542265fbea0ed19?s=96&d=mm&r=g\",\"caption\":\"Mona Kakoschke Frantzke\"},\"url\":false}]}<\/script>\n<!-- \/ Yoast SEO plugin. -->","yoast_head_json":{"title":"Karwoche und Ostertage 2017 in der Martin Luther Kirche - Martin Luther Evangelische Kirche Toronto","robots":{"index":"index","follow":"follow","max-snippet":"max-snippet:-1","max-image-preview":"max-image-preview:large","max-video-preview":"max-video-preview:-1"},"canonical":"https:\/\/martinluther.ca\/de\/2017\/03\/karwoche-und-ostertage-2017-der-martin-luther-kirche\/","og_locale":"de_DE","og_type":"article","og_title":"Karwoche und Ostertage 2017 in der Martin Luther Kirche - Martin Luther Evangelische Kirche Toronto","og_description":"Der\u00a0H\u00f6hepunkt des Kirchenjahres ist Karwoche und Ostern 2017! Wir feiern: Palmsonntag, 9. April 2017: 9.45 Uhr Englischer Gottesdienst 11.00 Uhr Deutscher Gottesdienst mit Chor Harfent\u00f6ne und Konzert Mittwoch, 12. April 2017: 12.00 Uhr Deutscher Passions-Gottesdienst. Nach dem Gottesdienst laden wir ein zu einem Teller\u00a0Suppe. 19.00 Uhr Englischer Passions-Gottesdienst Gr\u00fcndonnerstag, 13. April 2017: 18.00 Uhr Deutscher&hellip;","og_url":"https:\/\/martinluther.ca\/de\/2017\/03\/karwoche-und-ostertage-2017-der-martin-luther-kirche\/","og_site_name":"Martin Luther Evangelische Kirche Toronto","article_publisher":"https:\/\/www.facebook.com\/martinlutherchurchtoronto","article_published_time":"2017-03-30T19:13:35+00:00","article_modified_time":"2017-04-19T19:50:40+00:00","og_image":[{"width":336,"height":253,"url":"https:\/\/martinluther.ca\/wp-content\/uploads\/2017\/03\/6.-Maundy-Thursday-Cross-with-crown-of-thorns-Window.jpg","type":"image\/jpeg"}],"author":"Mona Kakoschke Frantzke","twitter_card":"summary_large_image","twitter_misc":{"Verfasst von":"Mona Kakoschke Frantzke","Gesch\u00e4tzte Lesezeit":"1\u00a0Minute"},"schema":{"@context":"https:\/\/schema.org","@graph":[{"@type":"Article","@id":"https:\/\/martinluther.ca\/de\/2017\/03\/karwoche-und-ostertage-2017-der-martin-luther-kirche\/#article","isPartOf":{"@id":"https:\/\/martinluther.ca\/de\/2017\/03\/karwoche-und-ostertage-2017-der-martin-luther-kirche\/"},"author":{"name":"Mona Kakoschke Frantzke","@id":"https:\/\/martinluther.ca\/de\/#\/schema\/person\/815c51710f70b050f0476f18da6b0c8f"},"headline":"Karwoche und Ostertage 2017 in der Martin Luther Kirche","datePublished":"2017-03-30T19:13:35+00:00","dateModified":"2017-04-19T19:50:40+00:00","mainEntityOfPage":{"@id":"https:\/\/martinluther.ca\/de\/2017\/03\/karwoche-und-ostertage-2017-der-martin-luther-kirche\/"},"wordCount":204,"publisher":{"@id":"https:\/\/martinluther.ca\/de\/#organization"},"image":{"@id":"https:\/\/martinluther.ca\/de\/2017\/03\/karwoche-und-ostertage-2017-der-martin-luther-kirche\/#primaryimage"},"thumbnailUrl":"https:\/\/martinluther.ca\/wp-content\/uploads\/2017\/03\/6.-Maundy-Thursday-Cross-with-crown-of-thorns-Window.jpg","articleSection":["News Blog - German"],"inLanguage":"de"},{"@type":"WebPage","@id":"https:\/\/martinluther.ca\/de\/2017\/03\/karwoche-und-ostertage-2017-der-martin-luther-kirche\/","url":"https:\/\/martinluther.ca\/de\/2017\/03\/karwoche-und-ostertage-2017-der-martin-luther-kirche\/","name":"Karwoche und Ostertage 2017 in der Martin Luther Kirche - Martin Luther Evangelische Kirche Toronto","isPartOf":{"@id":"https:\/\/martinluther.ca\/de\/#website"},"primaryImageOfPage":{"@id":"https:\/\/martinluther.ca\/de\/2017\/03\/karwoche-und-ostertage-2017-der-martin-luther-kirche\/#primaryimage"},"image":{"@id":"https:\/\/martinluther.ca\/de\/2017\/03\/karwoche-und-ostertage-2017-der-martin-luther-kirche\/#primaryimage"},"thumbnailUrl":"https:\/\/martinluther.ca\/wp-content\/uploads\/2017\/03\/6.-Maundy-Thursday-Cross-with-crown-of-thorns-Window.jpg","datePublished":"2017-03-30T19:13:35+00:00","dateModified":"2017-04-19T19:50:40+00:00","breadcrumb":{"@id":"https:\/\/martinluther.ca\/de\/2017\/03\/karwoche-und-ostertage-2017-der-martin-luther-kirche\/#breadcrumb"},"inLanguage":"de","potentialAction":[{"@type":"ReadAction","target":["https:\/\/martinluther.ca\/de\/2017\/03\/karwoche-und-ostertage-2017-der-martin-luther-kirche\/"]}]},{"@type":"ImageObject","inLanguage":"de","@id":"https:\/\/martinluther.ca\/de\/2017\/03\/karwoche-und-ostertage-2017-der-martin-luther-kirche\/#primaryimage","url":"https:\/\/martinluther.ca\/wp-content\/uploads\/2017\/03\/6.-Maundy-Thursday-Cross-with-crown-of-thorns-Window.jpg","contentUrl":"https:\/\/martinluther.ca\/wp-content\/uploads\/2017\/03\/6.-Maundy-Thursday-Cross-with-crown-of-thorns-Window.jpg","width":336,"height":253,"caption":"6. Maundy Thursday: Night of Jesus\u2018 imprisonment, Symbol: Cross with Crown of Thorns. Flower: Dandelion = Triumph"},{"@type":"BreadcrumbList","@id":"https:\/\/martinluther.ca\/de\/2017\/03\/karwoche-und-ostertage-2017-der-martin-luther-kirche\/#breadcrumb","itemListElement":[{"@type":"ListItem","position":1,"name":"Home","item":"https:\/\/martinluther.ca\/de\/"},{"@type":"ListItem","position":2,"name":"Karwoche und Ostertage 2017 in der Martin Luther Kirche"}]},{"@type":"WebSite","@id":"https:\/\/martinluther.ca\/de\/#website","url":"https:\/\/martinluther.ca\/de\/","name":"Martin Luther Evangelical Church Toronto","description":"Deutsch &amp; Englisch","publisher":{"@id":"https:\/\/martinluther.ca\/de\/#organization"},"potentialAction":[{"@type":"SearchAction","target":{"@type":"EntryPoint","urlTemplate":"https:\/\/martinluther.ca\/de\/?s={search_term_string}"},"query-input":{"@type":"PropertyValueSpecification","valueRequired":true,"valueName":"search_term_string"}}],"inLanguage":"de"},{"@type":"Organization","@id":"https:\/\/martinluther.ca\/de\/#organization","name":"Martin Luther Evangelical Church Toronto","url":"https:\/\/martinluther.ca\/de\/","logo":{"@type":"ImageObject","inLanguage":"de","@id":"https:\/\/martinluther.ca\/de\/#\/schema\/logo\/image\/","url":"https:\/\/martinluther.ca\/wp-content\/uploads\/2016\/12\/ml-logo-300.png","contentUrl":"https:\/\/martinluther.ca\/wp-content\/uploads\/2016\/12\/ml-logo-300.png","width":300,"height":150,"caption":"Martin Luther Evangelical Church Toronto"},"image":{"@id":"https:\/\/martinluther.ca\/de\/#\/schema\/logo\/image\/"},"sameAs":["https:\/\/www.facebook.com\/martinlutherchurchtoronto","https:\/\/www.instagram.com\/lutheransbythelake\/","https:\/\/www.youtube.com\/MartinLutherChurchToronto"]},{"@type":"Person","@id":"https:\/\/martinluther.ca\/de\/#\/schema\/person\/815c51710f70b050f0476f18da6b0c8f","name":"Mona Kakoschke Frantzke","image":{"@type":"ImageObject","inLanguage":"de","@id":"https:\/\/secure.gravatar.com\/avatar\/0deb16854ca545cd2e9fc8001ca110d262b80d5c8317b38dc542265fbea0ed19?s=96&d=mm&r=g","url":"https:\/\/secure.gravatar.com\/avatar\/0deb16854ca545cd2e9fc8001ca110d262b80d5c8317b38dc542265fbea0ed19?s=96&d=mm&r=g","contentUrl":"https:\/\/secure.gravatar.com\/avatar\/0deb16854ca545cd2e9fc8001ca110d262b80d5c8317b38dc542265fbea0ed19?s=96&d=mm&r=g","caption":"Mona Kakoschke Frantzke"},"url":false}]}},"_links":{"self":[{"href":"https:\/\/martinluther.ca\/de\/wp-json\/wp\/v2\/posts\/25950","targetHints":{"allow":["GET"]}}],"collection":[{"href":"https:\/\/martinluther.ca\/de\/wp-json\/wp\/v2\/posts"}],"about":[{"href":"https:\/\/martinluther.ca\/de\/wp-json\/wp\/v2\/types\/post"}],"author":[{"embeddable":true,"href":"https:\/\/martinluther.ca\/de\/wp-json\/wp\/v2\/users\/9"}],"replies":[{"embeddable":true,"href":"https:\/\/martinluther.ca\/de\/wp-json\/wp\/v2\/comments?post=25950"}],"version-history":[{"count":7,"href":"https:\/\/martinluther.ca\/de\/wp-json\/wp\/v2\/posts\/25950\/revisions"}],"predecessor-version":[{"id":26232,"href":"https:\/\/martinluther.ca\/de\/wp-json\/wp\/v2\/posts\/25950\/revisions\/26232"}],"wp:featuredmedia":[{"embeddable":true,"href":"https:\/\/martinluther.ca\/de\/wp-json\/wp\/v2\/media\/25856"}],"wp:attachment":[{"href":"https:\/\/martinluther.ca\/de\/wp-json\/wp\/v2\/media?parent=25950"}],"wp:term":[{"taxonomy":"category","embeddable":true,"href":"https:\/\/martinluther.ca\/de\/wp-json\/wp\/v2\/categories?post=25950"},{"taxonomy":"post_tag","embeddable":true,"href":"https:\/\/martinluther.ca\/de\/wp-json\/wp\/v2\/tags?post=25950"},{"taxonomy":"post_series","embeddable":true,"href":"https:\/\/martinluther.ca\/de\/wp-json\/wp\/v2\/post_series?post=25950"}],"curies":[{"name":"wp","href":"https:\/\/api.w.org\/{rel}","templated":true}]}}