{"id":26085,"date":"2017-04-06T10:05:49","date_gmt":"2017-04-06T14:05:49","guid":{"rendered":"https:\/\/martinluther.ca\/?p=26085\/"},"modified":"2017-04-06T10:06:23","modified_gmt":"2017-04-06T14:06:23","slug":"toronto-lutheran-workshop-tag-fuer-gruppenleiter-samstag-6-mai","status":"publish","type":"post","link":"https:\/\/martinluther.ca\/de\/2017\/04\/toronto-lutheran-workshop-tag-fuer-gruppenleiter-samstag-6-mai\/","title":{"rendered":"Toronto Lutheran Workshop-Tag f\u00fcr Gruppenleiter am Samstag 6. Mai"},"content":{"rendered":"<p><img loading=\"lazy\" decoding=\"async\" class=\"alignright size-medium wp-image-26083\" src=\"https:\/\/martinluther.ca\/wp-content\/uploads\/2017\/04\/TorontoLutheranWorkshopDay2017-poster-3-4-300x225.jpg\" alt=\"Toronto Lutheran Workshop Day 2017 poster\" width=\"300\" height=\"225\" srcset=\"https:\/\/martinluther.ca\/wp-content\/uploads\/2017\/04\/TorontoLutheranWorkshopDay2017-poster-3-4-300x225.jpg 300w, https:\/\/martinluther.ca\/wp-content\/uploads\/2017\/04\/TorontoLutheranWorkshopDay2017-poster-3-4.jpg 734w\" sizes=\"auto, (max-width: 300px) 100vw, 300px\" \/>Lassen Sie sich von anderen Gemeinden unserer Ministry Area inspirieren!<\/p>\n<p>Am <strong>Samstag den 6. Mai 2017<\/strong> veranstaltet das Central Toronto Ministry Area seinen j\u00e4hrlichen Workshop-Tag f\u00fcr Gruppenleiter und alle, die sich in der Kirche engagieren. Verschiedene Gemeinden pr\u00e4sentieren in zwei Workshop-Sitzungen, was sie besonders gut k\u00f6nnen und wovon andere lernen k\u00f6nnen.<\/p>\n<p>Der Tag in <strong>Agricola Lutheran Church<\/strong>, 25 Old York Mills Road, Toronto ON M2P 1B5, beginnt mit einem Fr\u00fchst\u00fccksbuffet um 9 Uhr, bei dem Sie Gelegenheit haben, neue Kontakte zu kn\u00fcpfen. Der Tag endet um 14 Uhr nach einem Abschlussgottesdienst mit Heiligem Abendmahl.<\/p>\n<p>Anmeldung \u00fcber unser Kirchenb\u00fcro\u00a0(416) 251-8293 <a href=\"mailto:churchoffice@martinluther.ca\" target=\"_blank\">churchoffice@martinluther.ca<\/a><\/p>\n<p>Weitere Informationen sind erh\u00e4ltlich auf der Area Website: <a href=\"http:\/\/www.LutheransToronto.org\" target=\"_blank\">www.LutheransToronto.org<\/a><\/p>\n<p>Poster hier\u00a0<a href=\"http:\/\/lutheranstoronto.org\/wp-content\/uploads\/2017\/03\/LTWorkshop11x17Poster_28mar17.pdf\" target=\"_blank\">herunterladen<\/a>.<\/p>\n","protected":false},"excerpt":{"rendered":"<p>Lassen Sie sich von anderen Gemeinden unserer Ministry Area inspirieren! Am Samstag den 6. Mai 2017 veranstaltet das Central Toronto Ministry Area seinen j\u00e4hrlichen Workshop-Tag f\u00fcr Gruppenleiter und alle, die sich in der Kirche engagieren. Verschiedene Gemeinden pr\u00e4sentieren in zwei Workshop-Sitzungen, was sie besonders gut k\u00f6nnen und wovon andere lernen k\u00f6nnen. Der Tag in Agricola&hellip;<\/p>\n","protected":false},"author":9,"featured_media":26083,"comment_status":"closed","ping_status":"closed","sticky":false,"template":"","format":"standard","meta":{"footnotes":""},"categories":[69],"tags":[],"post_series":[],"class_list":["post-26085","post","type-post","status-publish","format-standard","has-post-thumbnail","hentry","category-news-blog-german","entry","has-media"],"yoast_head":"<!-- This site is optimized with the Yoast SEO plugin v27.5 - https:\/\/yoast.com\/product\/yoast-seo-wordpress\/ -->\n<title>Toronto Lutheran Workshop-Tag f\u00fcr Gruppenleiter am Samstag 6. Mai - Martin Luther Evangelische Kirche Toronto<\/title>\n<meta name=\"robots\" content=\"index, follow, max-snippet:-1, max-image-preview:large, max-video-preview:-1\" \/>\n<link rel=\"canonical\" href=\"https:\/\/martinluther.ca\/2017\/04\/lutherans-toronto-workshop-day\/\" \/>\n<meta property=\"og:locale\" content=\"de_DE\" \/>\n<meta property=\"og:type\" content=\"article\" \/>\n<meta property=\"og:title\" content=\"Toronto Lutheran Workshop-Tag f\u00fcr Gruppenleiter am Samstag 6. Mai - Martin Luther Evangelische Kirche Toronto\" \/>\n<meta property=\"og:description\" content=\"Lassen Sie sich von anderen Gemeinden unserer Ministry Area inspirieren! Am Samstag den 6. Mai 2017 veranstaltet das Central Toronto Ministry Area seinen j\u00e4hrlichen Workshop-Tag f\u00fcr Gruppenleiter und alle, die sich in der Kirche engagieren. Verschiedene Gemeinden pr\u00e4sentieren in zwei Workshop-Sitzungen, was sie besonders gut k\u00f6nnen und wovon andere lernen k\u00f6nnen. Der Tag in Agricola&hellip;\" \/>\n<meta property=\"og:url\" content=\"https:\/\/martinluther.ca\/2017\/04\/lutherans-toronto-workshop-day\/\" \/>\n<meta property=\"og:site_name\" content=\"Martin Luther Evangelische Kirche Toronto\" \/>\n<meta property=\"article:publisher\" content=\"https:\/\/www.facebook.com\/martinlutherchurchtoronto\" \/>\n<meta property=\"article:published_time\" content=\"2017-04-06T14:05:49+00:00\" \/>\n<meta property=\"article:modified_time\" content=\"2017-04-06T14:06:23+00:00\" \/>\n<meta property=\"og:image\" content=\"https:\/\/martinluther.ca\/wp-content\/uploads\/2017\/04\/TorontoLutheranWorkshopDay2017-poster-3-4.jpg\" \/>\n\t<meta property=\"og:image:width\" content=\"734\" \/>\n\t<meta property=\"og:image:height\" content=\"550\" \/>\n\t<meta property=\"og:image:type\" content=\"image\/jpeg\" \/>\n<meta name=\"author\" content=\"Mona Kakoschke Frantzke\" \/>\n<meta name=\"twitter:card\" content=\"summary_large_image\" \/>\n<meta name=\"twitter:label1\" content=\"Verfasst von\" \/>\n\t<meta name=\"twitter:data1\" content=\"Mona Kakoschke Frantzke\" \/>\n\t<meta name=\"twitter:label2\" content=\"Gesch\u00e4tzte Lesezeit\" \/>\n\t<meta name=\"twitter:data2\" content=\"1\u00a0Minute\" \/>\n<script type=\"application\/ld+json\" class=\"yoast-schema-graph\">{\"@context\":\"https:\\\/\\\/schema.org\",\"@graph\":[{\"@type\":\"Article\",\"@id\":\"https:\\\/\\\/martinluther.ca\\\/2017\\\/04\\\/lutherans-toronto-workshop-day\\\/#article\",\"isPartOf\":{\"@id\":\"https:\\\/\\\/martinluther.ca\\\/2017\\\/04\\\/lutherans-toronto-workshop-day\\\/\"},\"author\":{\"name\":\"Mona Kakoschke Frantzke\",\"@id\":\"https:\\\/\\\/martinluther.ca\\\/de\\\/#\\\/schema\\\/person\\\/815c51710f70b050f0476f18da6b0c8f\"},\"headline\":\"Toronto Lutheran Workshop-Tag f\u00fcr Gruppenleiter am Samstag 6. Mai\",\"datePublished\":\"2017-04-06T14:05:49+00:00\",\"dateModified\":\"2017-04-06T14:06:23+00:00\",\"mainEntityOfPage\":{\"@id\":\"https:\\\/\\\/martinluther.ca\\\/2017\\\/04\\\/lutherans-toronto-workshop-day\\\/\"},\"wordCount\":131,\"publisher\":{\"@id\":\"https:\\\/\\\/martinluther.ca\\\/de\\\/#organization\"},\"image\":{\"@id\":\"https:\\\/\\\/martinluther.ca\\\/2017\\\/04\\\/lutherans-toronto-workshop-day\\\/#primaryimage\"},\"thumbnailUrl\":\"https:\\\/\\\/martinluther.ca\\\/wp-content\\\/uploads\\\/2017\\\/04\\\/TorontoLutheranWorkshopDay2017-poster-3-4.jpg\",\"articleSection\":[\"News Blog - German\"],\"inLanguage\":\"de\"},{\"@type\":\"WebPage\",\"@id\":\"https:\\\/\\\/martinluther.ca\\\/2017\\\/04\\\/lutherans-toronto-workshop-day\\\/\",\"url\":\"https:\\\/\\\/martinluther.ca\\\/2017\\\/04\\\/lutherans-toronto-workshop-day\\\/\",\"name\":\"Toronto Lutheran Workshop-Tag f\u00fcr Gruppenleiter am Samstag 6. Mai - Martin Luther Evangelische Kirche Toronto\",\"isPartOf\":{\"@id\":\"https:\\\/\\\/martinluther.ca\\\/de\\\/#website\"},\"primaryImageOfPage\":{\"@id\":\"https:\\\/\\\/martinluther.ca\\\/2017\\\/04\\\/lutherans-toronto-workshop-day\\\/#primaryimage\"},\"image\":{\"@id\":\"https:\\\/\\\/martinluther.ca\\\/2017\\\/04\\\/lutherans-toronto-workshop-day\\\/#primaryimage\"},\"thumbnailUrl\":\"https:\\\/\\\/martinluther.ca\\\/wp-content\\\/uploads\\\/2017\\\/04\\\/TorontoLutheranWorkshopDay2017-poster-3-4.jpg\",\"datePublished\":\"2017-04-06T14:05:49+00:00\",\"dateModified\":\"2017-04-06T14:06:23+00:00\",\"breadcrumb\":{\"@id\":\"https:\\\/\\\/martinluther.ca\\\/2017\\\/04\\\/lutherans-toronto-workshop-day\\\/#breadcrumb\"},\"inLanguage\":\"de\",\"potentialAction\":[{\"@type\":\"ReadAction\",\"target\":[\"https:\\\/\\\/martinluther.ca\\\/2017\\\/04\\\/lutherans-toronto-workshop-day\\\/\"]}]},{\"@type\":\"ImageObject\",\"inLanguage\":\"de\",\"@id\":\"https:\\\/\\\/martinluther.ca\\\/2017\\\/04\\\/lutherans-toronto-workshop-day\\\/#primaryimage\",\"url\":\"https:\\\/\\\/martinluther.ca\\\/wp-content\\\/uploads\\\/2017\\\/04\\\/TorontoLutheranWorkshopDay2017-poster-3-4.jpg\",\"contentUrl\":\"https:\\\/\\\/martinluther.ca\\\/wp-content\\\/uploads\\\/2017\\\/04\\\/TorontoLutheranWorkshopDay2017-poster-3-4.jpg\",\"width\":734,\"height\":550,\"caption\":\"Toronto Lutheran Workshop Day 2017 poster\"},{\"@type\":\"BreadcrumbList\",\"@id\":\"https:\\\/\\\/martinluther.ca\\\/2017\\\/04\\\/lutherans-toronto-workshop-day\\\/#breadcrumb\",\"itemListElement\":[{\"@type\":\"ListItem\",\"position\":1,\"name\":\"Home\",\"item\":\"https:\\\/\\\/martinluther.ca\\\/de\\\/\"},{\"@type\":\"ListItem\",\"position\":2,\"name\":\"Toronto Lutheran Workshop-Tag f\u00fcr Gruppenleiter am Samstag 6. Mai\"}]},{\"@type\":\"WebSite\",\"@id\":\"https:\\\/\\\/martinluther.ca\\\/de\\\/#website\",\"url\":\"https:\\\/\\\/martinluther.ca\\\/de\\\/\",\"name\":\"Martin Luther Evangelical Church Toronto\",\"description\":\"Deutsch &amp; Englisch\",\"publisher\":{\"@id\":\"https:\\\/\\\/martinluther.ca\\\/de\\\/#organization\"},\"potentialAction\":[{\"@type\":\"SearchAction\",\"target\":{\"@type\":\"EntryPoint\",\"urlTemplate\":\"https:\\\/\\\/martinluther.ca\\\/de\\\/?s={search_term_string}\"},\"query-input\":{\"@type\":\"PropertyValueSpecification\",\"valueRequired\":true,\"valueName\":\"search_term_string\"}}],\"inLanguage\":\"de\"},{\"@type\":\"Organization\",\"@id\":\"https:\\\/\\\/martinluther.ca\\\/de\\\/#organization\",\"name\":\"Martin Luther Evangelical Church Toronto\",\"url\":\"https:\\\/\\\/martinluther.ca\\\/de\\\/\",\"logo\":{\"@type\":\"ImageObject\",\"inLanguage\":\"de\",\"@id\":\"https:\\\/\\\/martinluther.ca\\\/de\\\/#\\\/schema\\\/logo\\\/image\\\/\",\"url\":\"https:\\\/\\\/martinluther.ca\\\/wp-content\\\/uploads\\\/2016\\\/12\\\/ml-logo-300.png\",\"contentUrl\":\"https:\\\/\\\/martinluther.ca\\\/wp-content\\\/uploads\\\/2016\\\/12\\\/ml-logo-300.png\",\"width\":300,\"height\":150,\"caption\":\"Martin Luther Evangelical Church Toronto\"},\"image\":{\"@id\":\"https:\\\/\\\/martinluther.ca\\\/de\\\/#\\\/schema\\\/logo\\\/image\\\/\"},\"sameAs\":[\"https:\\\/\\\/www.facebook.com\\\/martinlutherchurchtoronto\",\"https:\\\/\\\/www.instagram.com\\\/lutheransbythelake\\\/\",\"https:\\\/\\\/www.youtube.com\\\/MartinLutherChurchToronto\"]},{\"@type\":\"Person\",\"@id\":\"https:\\\/\\\/martinluther.ca\\\/de\\\/#\\\/schema\\\/person\\\/815c51710f70b050f0476f18da6b0c8f\",\"name\":\"Mona Kakoschke Frantzke\",\"image\":{\"@type\":\"ImageObject\",\"inLanguage\":\"de\",\"@id\":\"https:\\\/\\\/secure.gravatar.com\\\/avatar\\\/0deb16854ca545cd2e9fc8001ca110d262b80d5c8317b38dc542265fbea0ed19?s=96&d=mm&r=g\",\"url\":\"https:\\\/\\\/secure.gravatar.com\\\/avatar\\\/0deb16854ca545cd2e9fc8001ca110d262b80d5c8317b38dc542265fbea0ed19?s=96&d=mm&r=g\",\"contentUrl\":\"https:\\\/\\\/secure.gravatar.com\\\/avatar\\\/0deb16854ca545cd2e9fc8001ca110d262b80d5c8317b38dc542265fbea0ed19?s=96&d=mm&r=g\",\"caption\":\"Mona Kakoschke Frantzke\"},\"url\":false}]}<\/script>\n<!-- \/ Yoast SEO plugin. -->","yoast_head_json":{"title":"Toronto Lutheran Workshop-Tag f\u00fcr Gruppenleiter am Samstag 6. Mai - Martin Luther Evangelische Kirche Toronto","robots":{"index":"index","follow":"follow","max-snippet":"max-snippet:-1","max-image-preview":"max-image-preview:large","max-video-preview":"max-video-preview:-1"},"canonical":"https:\/\/martinluther.ca\/2017\/04\/lutherans-toronto-workshop-day\/","og_locale":"de_DE","og_type":"article","og_title":"Toronto Lutheran Workshop-Tag f\u00fcr Gruppenleiter am Samstag 6. Mai - Martin Luther Evangelische Kirche Toronto","og_description":"Lassen Sie sich von anderen Gemeinden unserer Ministry Area inspirieren! Am Samstag den 6. Mai 2017 veranstaltet das Central Toronto Ministry Area seinen j\u00e4hrlichen Workshop-Tag f\u00fcr Gruppenleiter und alle, die sich in der Kirche engagieren. Verschiedene Gemeinden pr\u00e4sentieren in zwei Workshop-Sitzungen, was sie besonders gut k\u00f6nnen und wovon andere lernen k\u00f6nnen. Der Tag in Agricola&hellip;","og_url":"https:\/\/martinluther.ca\/2017\/04\/lutherans-toronto-workshop-day\/","og_site_name":"Martin Luther Evangelische Kirche Toronto","article_publisher":"https:\/\/www.facebook.com\/martinlutherchurchtoronto","article_published_time":"2017-04-06T14:05:49+00:00","article_modified_time":"2017-04-06T14:06:23+00:00","og_image":[{"width":734,"height":550,"url":"https:\/\/martinluther.ca\/wp-content\/uploads\/2017\/04\/TorontoLutheranWorkshopDay2017-poster-3-4.jpg","type":"image\/jpeg"}],"author":"Mona Kakoschke Frantzke","twitter_card":"summary_large_image","twitter_misc":{"Verfasst von":"Mona Kakoschke Frantzke","Gesch\u00e4tzte Lesezeit":"1\u00a0Minute"},"schema":{"@context":"https:\/\/schema.org","@graph":[{"@type":"Article","@id":"https:\/\/martinluther.ca\/2017\/04\/lutherans-toronto-workshop-day\/#article","isPartOf":{"@id":"https:\/\/martinluther.ca\/2017\/04\/lutherans-toronto-workshop-day\/"},"author":{"name":"Mona Kakoschke Frantzke","@id":"https:\/\/martinluther.ca\/de\/#\/schema\/person\/815c51710f70b050f0476f18da6b0c8f"},"headline":"Toronto Lutheran Workshop-Tag f\u00fcr Gruppenleiter am Samstag 6. Mai","datePublished":"2017-04-06T14:05:49+00:00","dateModified":"2017-04-06T14:06:23+00:00","mainEntityOfPage":{"@id":"https:\/\/martinluther.ca\/2017\/04\/lutherans-toronto-workshop-day\/"},"wordCount":131,"publisher":{"@id":"https:\/\/martinluther.ca\/de\/#organization"},"image":{"@id":"https:\/\/martinluther.ca\/2017\/04\/lutherans-toronto-workshop-day\/#primaryimage"},"thumbnailUrl":"https:\/\/martinluther.ca\/wp-content\/uploads\/2017\/04\/TorontoLutheranWorkshopDay2017-poster-3-4.jpg","articleSection":["News Blog - German"],"inLanguage":"de"},{"@type":"WebPage","@id":"https:\/\/martinluther.ca\/2017\/04\/lutherans-toronto-workshop-day\/","url":"https:\/\/martinluther.ca\/2017\/04\/lutherans-toronto-workshop-day\/","name":"Toronto Lutheran Workshop-Tag f\u00fcr Gruppenleiter am Samstag 6. Mai - Martin Luther Evangelische Kirche Toronto","isPartOf":{"@id":"https:\/\/martinluther.ca\/de\/#website"},"primaryImageOfPage":{"@id":"https:\/\/martinluther.ca\/2017\/04\/lutherans-toronto-workshop-day\/#primaryimage"},"image":{"@id":"https:\/\/martinluther.ca\/2017\/04\/lutherans-toronto-workshop-day\/#primaryimage"},"thumbnailUrl":"https:\/\/martinluther.ca\/wp-content\/uploads\/2017\/04\/TorontoLutheranWorkshopDay2017-poster-3-4.jpg","datePublished":"2017-04-06T14:05:49+00:00","dateModified":"2017-04-06T14:06:23+00:00","breadcrumb":{"@id":"https:\/\/martinluther.ca\/2017\/04\/lutherans-toronto-workshop-day\/#breadcrumb"},"inLanguage":"de","potentialAction":[{"@type":"ReadAction","target":["https:\/\/martinluther.ca\/2017\/04\/lutherans-toronto-workshop-day\/"]}]},{"@type":"ImageObject","inLanguage":"de","@id":"https:\/\/martinluther.ca\/2017\/04\/lutherans-toronto-workshop-day\/#primaryimage","url":"https:\/\/martinluther.ca\/wp-content\/uploads\/2017\/04\/TorontoLutheranWorkshopDay2017-poster-3-4.jpg","contentUrl":"https:\/\/martinluther.ca\/wp-content\/uploads\/2017\/04\/TorontoLutheranWorkshopDay2017-poster-3-4.jpg","width":734,"height":550,"caption":"Toronto Lutheran Workshop Day 2017 poster"},{"@type":"BreadcrumbList","@id":"https:\/\/martinluther.ca\/2017\/04\/lutherans-toronto-workshop-day\/#breadcrumb","itemListElement":[{"@type":"ListItem","position":1,"name":"Home","item":"https:\/\/martinluther.ca\/de\/"},{"@type":"ListItem","position":2,"name":"Toronto Lutheran Workshop-Tag f\u00fcr Gruppenleiter am Samstag 6. Mai"}]},{"@type":"WebSite","@id":"https:\/\/martinluther.ca\/de\/#website","url":"https:\/\/martinluther.ca\/de\/","name":"Martin Luther Evangelical Church Toronto","description":"Deutsch &amp; Englisch","publisher":{"@id":"https:\/\/martinluther.ca\/de\/#organization"},"potentialAction":[{"@type":"SearchAction","target":{"@type":"EntryPoint","urlTemplate":"https:\/\/martinluther.ca\/de\/?s={search_term_string}"},"query-input":{"@type":"PropertyValueSpecification","valueRequired":true,"valueName":"search_term_string"}}],"inLanguage":"de"},{"@type":"Organization","@id":"https:\/\/martinluther.ca\/de\/#organization","name":"Martin Luther Evangelical Church Toronto","url":"https:\/\/martinluther.ca\/de\/","logo":{"@type":"ImageObject","inLanguage":"de","@id":"https:\/\/martinluther.ca\/de\/#\/schema\/logo\/image\/","url":"https:\/\/martinluther.ca\/wp-content\/uploads\/2016\/12\/ml-logo-300.png","contentUrl":"https:\/\/martinluther.ca\/wp-content\/uploads\/2016\/12\/ml-logo-300.png","width":300,"height":150,"caption":"Martin Luther Evangelical Church Toronto"},"image":{"@id":"https:\/\/martinluther.ca\/de\/#\/schema\/logo\/image\/"},"sameAs":["https:\/\/www.facebook.com\/martinlutherchurchtoronto","https:\/\/www.instagram.com\/lutheransbythelake\/","https:\/\/www.youtube.com\/MartinLutherChurchToronto"]},{"@type":"Person","@id":"https:\/\/martinluther.ca\/de\/#\/schema\/person\/815c51710f70b050f0476f18da6b0c8f","name":"Mona Kakoschke Frantzke","image":{"@type":"ImageObject","inLanguage":"de","@id":"https:\/\/secure.gravatar.com\/avatar\/0deb16854ca545cd2e9fc8001ca110d262b80d5c8317b38dc542265fbea0ed19?s=96&d=mm&r=g","url":"https:\/\/secure.gravatar.com\/avatar\/0deb16854ca545cd2e9fc8001ca110d262b80d5c8317b38dc542265fbea0ed19?s=96&d=mm&r=g","contentUrl":"https:\/\/secure.gravatar.com\/avatar\/0deb16854ca545cd2e9fc8001ca110d262b80d5c8317b38dc542265fbea0ed19?s=96&d=mm&r=g","caption":"Mona Kakoschke Frantzke"},"url":false}]}},"_links":{"self":[{"href":"https:\/\/martinluther.ca\/de\/wp-json\/wp\/v2\/posts\/26085","targetHints":{"allow":["GET"]}}],"collection":[{"href":"https:\/\/martinluther.ca\/de\/wp-json\/wp\/v2\/posts"}],"about":[{"href":"https:\/\/martinluther.ca\/de\/wp-json\/wp\/v2\/types\/post"}],"author":[{"embeddable":true,"href":"https:\/\/martinluther.ca\/de\/wp-json\/wp\/v2\/users\/9"}],"replies":[{"embeddable":true,"href":"https:\/\/martinluther.ca\/de\/wp-json\/wp\/v2\/comments?post=26085"}],"version-history":[{"count":1,"href":"https:\/\/martinluther.ca\/de\/wp-json\/wp\/v2\/posts\/26085\/revisions"}],"predecessor-version":[{"id":26086,"href":"https:\/\/martinluther.ca\/de\/wp-json\/wp\/v2\/posts\/26085\/revisions\/26086"}],"wp:featuredmedia":[{"embeddable":true,"href":"https:\/\/martinluther.ca\/de\/wp-json\/wp\/v2\/media\/26083"}],"wp:attachment":[{"href":"https:\/\/martinluther.ca\/de\/wp-json\/wp\/v2\/media?parent=26085"}],"wp:term":[{"taxonomy":"category","embeddable":true,"href":"https:\/\/martinluther.ca\/de\/wp-json\/wp\/v2\/categories?post=26085"},{"taxonomy":"post_tag","embeddable":true,"href":"https:\/\/martinluther.ca\/de\/wp-json\/wp\/v2\/tags?post=26085"},{"taxonomy":"post_series","embeddable":true,"href":"https:\/\/martinluther.ca\/de\/wp-json\/wp\/v2\/post_series?post=26085"}],"curies":[{"name":"wp","href":"https:\/\/api.w.org\/{rel}","templated":true}]}}