{"id":26298,"date":"2017-05-29T10:09:06","date_gmt":"2017-05-29T14:09:06","guid":{"rendered":"https:\/\/martinluther.ca\/?p=26298\/"},"modified":"2017-06-22T20:07:55","modified_gmt":"2017-06-23T00:07:55","slug":"vorstellung-vikarin-catharina-klein","status":"publish","type":"post","link":"https:\/\/martinluther.ca\/de\/2017\/05\/vorstellung-vikarin-catharina-klein\/","title":{"rendered":"Vorstellung von Catharina Klein &#8211; neue Vikarin der Martin Luther Gemeinde"},"content":{"rendered":"<p class=\"p1\"><span class=\"s1\">Die Martin Luther Gemeinde freut sich, unsere neue Vikarin, Catharina Klein, vorzustellen, die Ende April aus Deutschland in Toronto angekommen ist und ein Jahr in unserer Gemeinde arbeiten wird. Bevor sie zu uns gekommen ist, hat Catharina (besser bekannt als Thara) \u00fcber zwei Jahre lang als Vikarin in einer Gemeinde in der N\u00e4he von Hamburg gearbeitet. <\/span><\/p>\n<p class=\"p1\"><span class=\"s1\"><img loading=\"lazy\" decoding=\"async\" class=\"size-medium wp-image-26294 alignleft\" src=\"https:\/\/martinluther.ca\/wp-content\/uploads\/2017\/05\/2017-05-23-21.01.14-300x225.jpg\" alt=\"\" width=\"300\" height=\"225\" srcset=\"https:\/\/martinluther.ca\/wp-content\/uploads\/2017\/05\/2017-05-23-21.01.14-300x225.jpg 300w, https:\/\/martinluther.ca\/wp-content\/uploads\/2017\/05\/2017-05-23-21.01.14-768x577.jpg 768w, https:\/\/martinluther.ca\/wp-content\/uploads\/2017\/05\/2017-05-23-21.01.14.jpg 999w\" sizes=\"auto, (max-width: 300px) 100vw, 300px\" \/><\/span><\/p>\n<p class=\"p1\"><span class=\"s1\">Thara, die in Rendsburg, in der Mitte von Schleswig-Holstein, geboren worden ist, hat durch die Arbeit mit Jugendlichen in ihrer Heimatgemeinde ihren Wunsch, Gott zu dienen, immer st\u00e4rker gesp\u00fcrt; durch Unterst\u00fctzung und Beratung ihres Jugendgruppenleiters und anderer Menschen hat sie sich dann schlie\u00dflich entschieden, Theologie in Kiel und sp\u00e4ter M\u00fcnster und Wien zu studieren. Nach ihrem Studium wurde sie Vikarin in Elmshorn. W\u00e4hrend dieser Zeit dort hat sie sich auch \u00fcber die M\u00f6glichkeit eines Auslandsvikariates erkundigt, u.a. auf Grund ihrer Liebe zum Reisen und Treffen von Menschen aus verschiedenen Kulturen und dem damit verbundenen Lernen aus solchen Begegnungen. Nachdem sie mit Pastor Ceconi gesprochen und einiges \u00fcber die Gemeinde hier geh\u00f6rt hatte, hat sie beschlossen, dass die Martin Luther Gemeinde der Ort ist, an dem sie als n\u00e4chstes arbeiten wolle.<\/span><\/p>\n<p class=\"p1\"><span class=\"s1\"><img loading=\"lazy\" decoding=\"async\" class=\"size-medium wp-image-26292 alignright\" src=\"https:\/\/martinluther.ca\/wp-content\/uploads\/2017\/05\/IMG_0017-300x225.jpg\" alt=\"\" width=\"300\" height=\"225\" srcset=\"https:\/\/martinluther.ca\/wp-content\/uploads\/2017\/05\/IMG_0017-300x225.jpg 300w, https:\/\/martinluther.ca\/wp-content\/uploads\/2017\/05\/IMG_0017-768x576.jpg 768w, https:\/\/martinluther.ca\/wp-content\/uploads\/2017\/05\/IMG_0017-1024x768.jpg 1024w, https:\/\/martinluther.ca\/wp-content\/uploads\/2017\/05\/IMG_0017.jpg 1200w\" sizes=\"auto, (max-width: 300px) 100vw, 300px\" \/><\/span><\/p>\n<p class=\"p1\"><span class=\"s1\">Obwohl Thara erst seit einem Monat in Toronto ist, hat sie dank der Martin Luther Gemeinde schon sehr viel erlebt. Schon an ihrem ersten ganzen Tag in Toronto hat sie eine Seniorenresidenz besucht, an einer Trauerfeier teilgenommen und sich an einem Tischgespr\u00e4ch \u00fcber Restorative Justice beteiligt. Ihre zweite Woche war genauso arbeitsreich und bereichernd, besonders da sie die M\u00f6glichkeit hatte, den Sonntagsgottesdienst zu leiten und auf Englisch und Deutsch zu predigen, w\u00e4hrend Pastor Ceconi in Deutschland war. Sie betont, dass die herzliche Begr\u00fc\u00dfung und die Unterst\u00fctzung, die sie vom ersten Tag an von der Gemeinde erhalten hat, es ihr erleichtert haben, sich in ihre Aufgaben zu st\u00fcrzen.<\/span><\/p>\n<p class=\"p1\"><img loading=\"lazy\" decoding=\"async\" class=\"size-medium wp-image-26291 alignleft\" src=\"https:\/\/martinluther.ca\/wp-content\/uploads\/2017\/05\/IMG_0040-300x225.jpg\" alt=\"\" width=\"300\" height=\"225\" srcset=\"https:\/\/martinluther.ca\/wp-content\/uploads\/2017\/05\/IMG_0040-300x225.jpg 300w, https:\/\/martinluther.ca\/wp-content\/uploads\/2017\/05\/IMG_0040-768x576.jpg 768w, https:\/\/martinluther.ca\/wp-content\/uploads\/2017\/05\/IMG_0040-1024x768.jpg 1024w, https:\/\/martinluther.ca\/wp-content\/uploads\/2017\/05\/IMG_0040.jpg 1200w\" sizes=\"auto, (max-width: 300px) 100vw, 300px\" \/><\/p>\n<p class=\"p1\"><span class=\"s1\">In ihrer Freizeit liest sie gerne historische Kriminalromane, h\u00f6rt Country und Folk und \u00fcbt sich im Hoop Dancing. Sie beschreibt Hoop Dancing als etwas Ganzheitliches, das es ihr erlaube, sich kreativ auszudr\u00fccken und zu entspannen, da sie dabei \u00fcber nichts nachdenken m\u00fcsse und sich einfach dem Flow hingeben k\u00f6nne.<\/span><\/p>\n<p class=\"p1\"><span class=\"s1\">Es gibt viele Dinge, die Thara w\u00e4hrend ihrer Zeit in der Martin Luther Gemeinde in Toronto gerne lernen bzw. erfahren w\u00fcrde. Dazu z\u00e4hlen z.B. neue Formen von Gottesdiensten und Gemeinschaft. Auch hofft sie darauf, mehr \u00fcber die Zukunft der Kirche im Allgemeinen und ihre Rolle in unserer sich ver\u00e4ndernden Welt zu lernen. Wie k\u00f6nnen wir unsere Kirche f\u00fcr die Zukunft r\u00fcsten und zugleich unsere Traditionen und unsere Wurzeln bewahren? Sie glaubt, dass ihre Zeit hier in Toronto ihr viele bereichernde Momente und Lernerfahrungen erm\u00f6glichen wird, und freut sich der darauf, in unserer Gemeinde als Vikarin arbeiten zu d\u00fcrfen. <\/span><\/p>\n<p class=\"p1\"><span class=\"s1\">Herzlich willkommen, Thara!<\/span><\/p>\n<p class=\"p1\">\n","protected":false},"excerpt":{"rendered":"<p>Die Martin Luther Gemeinde freut sich, unsere neue Vikarin, Catharina Klein, vorzustellen, die Ende April aus Deutschland in Toronto angekommen ist und ein Jahr in unserer Gemeinde arbeiten wird. Bevor sie zu uns gekommen ist, hat Catharina (besser bekannt als Thara) \u00fcber zwei Jahre lang als Vikarin in einer Gemeinde in der N\u00e4he von Hamburg&hellip;<\/p>\n","protected":false},"author":9,"featured_media":26292,"comment_status":"closed","ping_status":"closed","sticky":false,"template":"","format":"standard","meta":{"footnotes":""},"categories":[69],"tags":[],"post_series":[],"class_list":["post-26298","post","type-post","status-publish","format-standard","has-post-thumbnail","hentry","category-news-blog-german","entry","has-media"],"yoast_head":"<!-- This site is optimized with the Yoast SEO plugin v27.5 - https:\/\/yoast.com\/product\/yoast-seo-wordpress\/ -->\n<title>Vorstellung von Catharina Klein - neue Vikarin der Martin Luther Gemeinde - Martin Luther Evangelische Kirche Toronto<\/title>\n<meta name=\"robots\" content=\"index, follow, max-snippet:-1, max-image-preview:large, max-video-preview:-1\" \/>\n<link rel=\"canonical\" href=\"https:\/\/martinluther.ca\/de\/2017\/05\/vorstellung-vikarin-catharina-klein\/\" \/>\n<meta property=\"og:locale\" content=\"de_DE\" \/>\n<meta property=\"og:type\" content=\"article\" \/>\n<meta property=\"og:title\" content=\"Vorstellung von Catharina Klein - neue Vikarin der Martin Luther Gemeinde - Martin Luther Evangelische Kirche Toronto\" \/>\n<meta property=\"og:description\" content=\"Die Martin Luther Gemeinde freut sich, unsere neue Vikarin, Catharina Klein, vorzustellen, die Ende April aus Deutschland in Toronto angekommen ist und ein Jahr in unserer Gemeinde arbeiten wird. Bevor sie zu uns gekommen ist, hat Catharina (besser bekannt als Thara) \u00fcber zwei Jahre lang als Vikarin in einer Gemeinde in der N\u00e4he von Hamburg&hellip;\" \/>\n<meta property=\"og:url\" content=\"https:\/\/martinluther.ca\/de\/2017\/05\/vorstellung-vikarin-catharina-klein\/\" \/>\n<meta property=\"og:site_name\" content=\"Martin Luther Evangelische Kirche Toronto\" \/>\n<meta property=\"article:publisher\" content=\"https:\/\/www.facebook.com\/martinlutherchurchtoronto\" \/>\n<meta property=\"article:published_time\" content=\"2017-05-29T14:09:06+00:00\" \/>\n<meta property=\"article:modified_time\" content=\"2017-06-23T00:07:55+00:00\" \/>\n<meta property=\"og:image\" content=\"https:\/\/martinluther.ca\/wp-content\/uploads\/2017\/05\/IMG_0017.jpg\" \/>\n\t<meta property=\"og:image:width\" content=\"1200\" \/>\n\t<meta property=\"og:image:height\" content=\"900\" \/>\n\t<meta property=\"og:image:type\" content=\"image\/jpeg\" \/>\n<meta name=\"author\" content=\"Mona Kakoschke Frantzke\" \/>\n<meta name=\"twitter:card\" content=\"summary_large_image\" \/>\n<meta name=\"twitter:label1\" content=\"Verfasst von\" \/>\n\t<meta name=\"twitter:data1\" content=\"Mona Kakoschke Frantzke\" \/>\n\t<meta name=\"twitter:label2\" content=\"Gesch\u00e4tzte Lesezeit\" \/>\n\t<meta name=\"twitter:data2\" content=\"2\u00a0Minuten\" \/>\n<script type=\"application\/ld+json\" class=\"yoast-schema-graph\">{\"@context\":\"https:\\\/\\\/schema.org\",\"@graph\":[{\"@type\":\"Article\",\"@id\":\"https:\\\/\\\/martinluther.ca\\\/de\\\/2017\\\/05\\\/vorstellung-vikarin-catharina-klein\\\/#article\",\"isPartOf\":{\"@id\":\"https:\\\/\\\/martinluther.ca\\\/de\\\/2017\\\/05\\\/vorstellung-vikarin-catharina-klein\\\/\"},\"author\":{\"name\":\"Mona Kakoschke Frantzke\",\"@id\":\"https:\\\/\\\/martinluther.ca\\\/de\\\/#\\\/schema\\\/person\\\/815c51710f70b050f0476f18da6b0c8f\"},\"headline\":\"Vorstellung von Catharina Klein &#8211; neue Vikarin der Martin Luther Gemeinde\",\"datePublished\":\"2017-05-29T14:09:06+00:00\",\"dateModified\":\"2017-06-23T00:07:55+00:00\",\"mainEntityOfPage\":{\"@id\":\"https:\\\/\\\/martinluther.ca\\\/de\\\/2017\\\/05\\\/vorstellung-vikarin-catharina-klein\\\/\"},\"wordCount\":486,\"publisher\":{\"@id\":\"https:\\\/\\\/martinluther.ca\\\/de\\\/#organization\"},\"image\":{\"@id\":\"https:\\\/\\\/martinluther.ca\\\/de\\\/2017\\\/05\\\/vorstellung-vikarin-catharina-klein\\\/#primaryimage\"},\"thumbnailUrl\":\"https:\\\/\\\/martinluther.ca\\\/wp-content\\\/uploads\\\/2017\\\/05\\\/IMG_0017.jpg\",\"articleSection\":[\"News Blog - German\"],\"inLanguage\":\"de\"},{\"@type\":\"WebPage\",\"@id\":\"https:\\\/\\\/martinluther.ca\\\/de\\\/2017\\\/05\\\/vorstellung-vikarin-catharina-klein\\\/\",\"url\":\"https:\\\/\\\/martinluther.ca\\\/de\\\/2017\\\/05\\\/vorstellung-vikarin-catharina-klein\\\/\",\"name\":\"Vorstellung von Catharina Klein - neue Vikarin der Martin Luther Gemeinde - Martin Luther Evangelische Kirche Toronto\",\"isPartOf\":{\"@id\":\"https:\\\/\\\/martinluther.ca\\\/de\\\/#website\"},\"primaryImageOfPage\":{\"@id\":\"https:\\\/\\\/martinluther.ca\\\/de\\\/2017\\\/05\\\/vorstellung-vikarin-catharina-klein\\\/#primaryimage\"},\"image\":{\"@id\":\"https:\\\/\\\/martinluther.ca\\\/de\\\/2017\\\/05\\\/vorstellung-vikarin-catharina-klein\\\/#primaryimage\"},\"thumbnailUrl\":\"https:\\\/\\\/martinluther.ca\\\/wp-content\\\/uploads\\\/2017\\\/05\\\/IMG_0017.jpg\",\"datePublished\":\"2017-05-29T14:09:06+00:00\",\"dateModified\":\"2017-06-23T00:07:55+00:00\",\"breadcrumb\":{\"@id\":\"https:\\\/\\\/martinluther.ca\\\/de\\\/2017\\\/05\\\/vorstellung-vikarin-catharina-klein\\\/#breadcrumb\"},\"inLanguage\":\"de\",\"potentialAction\":[{\"@type\":\"ReadAction\",\"target\":[\"https:\\\/\\\/martinluther.ca\\\/de\\\/2017\\\/05\\\/vorstellung-vikarin-catharina-klein\\\/\"]}]},{\"@type\":\"ImageObject\",\"inLanguage\":\"de\",\"@id\":\"https:\\\/\\\/martinluther.ca\\\/de\\\/2017\\\/05\\\/vorstellung-vikarin-catharina-klein\\\/#primaryimage\",\"url\":\"https:\\\/\\\/martinluther.ca\\\/wp-content\\\/uploads\\\/2017\\\/05\\\/IMG_0017.jpg\",\"contentUrl\":\"https:\\\/\\\/martinluther.ca\\\/wp-content\\\/uploads\\\/2017\\\/05\\\/IMG_0017.jpg\",\"width\":1200,\"height\":900,\"caption\":\"Vikarin Catharina (Thara) Klein May 2017\"},{\"@type\":\"BreadcrumbList\",\"@id\":\"https:\\\/\\\/martinluther.ca\\\/de\\\/2017\\\/05\\\/vorstellung-vikarin-catharina-klein\\\/#breadcrumb\",\"itemListElement\":[{\"@type\":\"ListItem\",\"position\":1,\"name\":\"Home\",\"item\":\"https:\\\/\\\/martinluther.ca\\\/de\\\/\"},{\"@type\":\"ListItem\",\"position\":2,\"name\":\"Vorstellung von Catharina Klein &#8211; neue Vikarin der Martin Luther Gemeinde\"}]},{\"@type\":\"WebSite\",\"@id\":\"https:\\\/\\\/martinluther.ca\\\/de\\\/#website\",\"url\":\"https:\\\/\\\/martinluther.ca\\\/de\\\/\",\"name\":\"Martin Luther Evangelical Church Toronto\",\"description\":\"Deutsch &amp; Englisch\",\"publisher\":{\"@id\":\"https:\\\/\\\/martinluther.ca\\\/de\\\/#organization\"},\"potentialAction\":[{\"@type\":\"SearchAction\",\"target\":{\"@type\":\"EntryPoint\",\"urlTemplate\":\"https:\\\/\\\/martinluther.ca\\\/de\\\/?s={search_term_string}\"},\"query-input\":{\"@type\":\"PropertyValueSpecification\",\"valueRequired\":true,\"valueName\":\"search_term_string\"}}],\"inLanguage\":\"de\"},{\"@type\":\"Organization\",\"@id\":\"https:\\\/\\\/martinluther.ca\\\/de\\\/#organization\",\"name\":\"Martin Luther Evangelical Church Toronto\",\"url\":\"https:\\\/\\\/martinluther.ca\\\/de\\\/\",\"logo\":{\"@type\":\"ImageObject\",\"inLanguage\":\"de\",\"@id\":\"https:\\\/\\\/martinluther.ca\\\/de\\\/#\\\/schema\\\/logo\\\/image\\\/\",\"url\":\"https:\\\/\\\/martinluther.ca\\\/wp-content\\\/uploads\\\/2016\\\/12\\\/ml-logo-300.png\",\"contentUrl\":\"https:\\\/\\\/martinluther.ca\\\/wp-content\\\/uploads\\\/2016\\\/12\\\/ml-logo-300.png\",\"width\":300,\"height\":150,\"caption\":\"Martin Luther Evangelical Church Toronto\"},\"image\":{\"@id\":\"https:\\\/\\\/martinluther.ca\\\/de\\\/#\\\/schema\\\/logo\\\/image\\\/\"},\"sameAs\":[\"https:\\\/\\\/www.facebook.com\\\/martinlutherchurchtoronto\",\"https:\\\/\\\/www.instagram.com\\\/lutheransbythelake\\\/\",\"https:\\\/\\\/www.youtube.com\\\/MartinLutherChurchToronto\"]},{\"@type\":\"Person\",\"@id\":\"https:\\\/\\\/martinluther.ca\\\/de\\\/#\\\/schema\\\/person\\\/815c51710f70b050f0476f18da6b0c8f\",\"name\":\"Mona Kakoschke Frantzke\",\"image\":{\"@type\":\"ImageObject\",\"inLanguage\":\"de\",\"@id\":\"https:\\\/\\\/secure.gravatar.com\\\/avatar\\\/0deb16854ca545cd2e9fc8001ca110d262b80d5c8317b38dc542265fbea0ed19?s=96&d=mm&r=g\",\"url\":\"https:\\\/\\\/secure.gravatar.com\\\/avatar\\\/0deb16854ca545cd2e9fc8001ca110d262b80d5c8317b38dc542265fbea0ed19?s=96&d=mm&r=g\",\"contentUrl\":\"https:\\\/\\\/secure.gravatar.com\\\/avatar\\\/0deb16854ca545cd2e9fc8001ca110d262b80d5c8317b38dc542265fbea0ed19?s=96&d=mm&r=g\",\"caption\":\"Mona Kakoschke Frantzke\"},\"url\":false}]}<\/script>\n<!-- \/ Yoast SEO plugin. -->","yoast_head_json":{"title":"Vorstellung von Catharina Klein - neue Vikarin der Martin Luther Gemeinde - Martin Luther Evangelische Kirche Toronto","robots":{"index":"index","follow":"follow","max-snippet":"max-snippet:-1","max-image-preview":"max-image-preview:large","max-video-preview":"max-video-preview:-1"},"canonical":"https:\/\/martinluther.ca\/de\/2017\/05\/vorstellung-vikarin-catharina-klein\/","og_locale":"de_DE","og_type":"article","og_title":"Vorstellung von Catharina Klein - neue Vikarin der Martin Luther Gemeinde - Martin Luther Evangelische Kirche Toronto","og_description":"Die Martin Luther Gemeinde freut sich, unsere neue Vikarin, Catharina Klein, vorzustellen, die Ende April aus Deutschland in Toronto angekommen ist und ein Jahr in unserer Gemeinde arbeiten wird. Bevor sie zu uns gekommen ist, hat Catharina (besser bekannt als Thara) \u00fcber zwei Jahre lang als Vikarin in einer Gemeinde in der N\u00e4he von Hamburg&hellip;","og_url":"https:\/\/martinluther.ca\/de\/2017\/05\/vorstellung-vikarin-catharina-klein\/","og_site_name":"Martin Luther Evangelische Kirche Toronto","article_publisher":"https:\/\/www.facebook.com\/martinlutherchurchtoronto","article_published_time":"2017-05-29T14:09:06+00:00","article_modified_time":"2017-06-23T00:07:55+00:00","og_image":[{"width":1200,"height":900,"url":"https:\/\/martinluther.ca\/wp-content\/uploads\/2017\/05\/IMG_0017.jpg","type":"image\/jpeg"}],"author":"Mona Kakoschke Frantzke","twitter_card":"summary_large_image","twitter_misc":{"Verfasst von":"Mona Kakoschke Frantzke","Gesch\u00e4tzte Lesezeit":"2\u00a0Minuten"},"schema":{"@context":"https:\/\/schema.org","@graph":[{"@type":"Article","@id":"https:\/\/martinluther.ca\/de\/2017\/05\/vorstellung-vikarin-catharina-klein\/#article","isPartOf":{"@id":"https:\/\/martinluther.ca\/de\/2017\/05\/vorstellung-vikarin-catharina-klein\/"},"author":{"name":"Mona Kakoschke Frantzke","@id":"https:\/\/martinluther.ca\/de\/#\/schema\/person\/815c51710f70b050f0476f18da6b0c8f"},"headline":"Vorstellung von Catharina Klein &#8211; neue Vikarin der Martin Luther Gemeinde","datePublished":"2017-05-29T14:09:06+00:00","dateModified":"2017-06-23T00:07:55+00:00","mainEntityOfPage":{"@id":"https:\/\/martinluther.ca\/de\/2017\/05\/vorstellung-vikarin-catharina-klein\/"},"wordCount":486,"publisher":{"@id":"https:\/\/martinluther.ca\/de\/#organization"},"image":{"@id":"https:\/\/martinluther.ca\/de\/2017\/05\/vorstellung-vikarin-catharina-klein\/#primaryimage"},"thumbnailUrl":"https:\/\/martinluther.ca\/wp-content\/uploads\/2017\/05\/IMG_0017.jpg","articleSection":["News Blog - German"],"inLanguage":"de"},{"@type":"WebPage","@id":"https:\/\/martinluther.ca\/de\/2017\/05\/vorstellung-vikarin-catharina-klein\/","url":"https:\/\/martinluther.ca\/de\/2017\/05\/vorstellung-vikarin-catharina-klein\/","name":"Vorstellung von Catharina Klein - neue Vikarin der Martin Luther Gemeinde - Martin Luther Evangelische Kirche Toronto","isPartOf":{"@id":"https:\/\/martinluther.ca\/de\/#website"},"primaryImageOfPage":{"@id":"https:\/\/martinluther.ca\/de\/2017\/05\/vorstellung-vikarin-catharina-klein\/#primaryimage"},"image":{"@id":"https:\/\/martinluther.ca\/de\/2017\/05\/vorstellung-vikarin-catharina-klein\/#primaryimage"},"thumbnailUrl":"https:\/\/martinluther.ca\/wp-content\/uploads\/2017\/05\/IMG_0017.jpg","datePublished":"2017-05-29T14:09:06+00:00","dateModified":"2017-06-23T00:07:55+00:00","breadcrumb":{"@id":"https:\/\/martinluther.ca\/de\/2017\/05\/vorstellung-vikarin-catharina-klein\/#breadcrumb"},"inLanguage":"de","potentialAction":[{"@type":"ReadAction","target":["https:\/\/martinluther.ca\/de\/2017\/05\/vorstellung-vikarin-catharina-klein\/"]}]},{"@type":"ImageObject","inLanguage":"de","@id":"https:\/\/martinluther.ca\/de\/2017\/05\/vorstellung-vikarin-catharina-klein\/#primaryimage","url":"https:\/\/martinluther.ca\/wp-content\/uploads\/2017\/05\/IMG_0017.jpg","contentUrl":"https:\/\/martinluther.ca\/wp-content\/uploads\/2017\/05\/IMG_0017.jpg","width":1200,"height":900,"caption":"Vikarin Catharina (Thara) Klein May 2017"},{"@type":"BreadcrumbList","@id":"https:\/\/martinluther.ca\/de\/2017\/05\/vorstellung-vikarin-catharina-klein\/#breadcrumb","itemListElement":[{"@type":"ListItem","position":1,"name":"Home","item":"https:\/\/martinluther.ca\/de\/"},{"@type":"ListItem","position":2,"name":"Vorstellung von Catharina Klein &#8211; neue Vikarin der Martin Luther Gemeinde"}]},{"@type":"WebSite","@id":"https:\/\/martinluther.ca\/de\/#website","url":"https:\/\/martinluther.ca\/de\/","name":"Martin Luther Evangelical Church Toronto","description":"Deutsch &amp; Englisch","publisher":{"@id":"https:\/\/martinluther.ca\/de\/#organization"},"potentialAction":[{"@type":"SearchAction","target":{"@type":"EntryPoint","urlTemplate":"https:\/\/martinluther.ca\/de\/?s={search_term_string}"},"query-input":{"@type":"PropertyValueSpecification","valueRequired":true,"valueName":"search_term_string"}}],"inLanguage":"de"},{"@type":"Organization","@id":"https:\/\/martinluther.ca\/de\/#organization","name":"Martin Luther Evangelical Church Toronto","url":"https:\/\/martinluther.ca\/de\/","logo":{"@type":"ImageObject","inLanguage":"de","@id":"https:\/\/martinluther.ca\/de\/#\/schema\/logo\/image\/","url":"https:\/\/martinluther.ca\/wp-content\/uploads\/2016\/12\/ml-logo-300.png","contentUrl":"https:\/\/martinluther.ca\/wp-content\/uploads\/2016\/12\/ml-logo-300.png","width":300,"height":150,"caption":"Martin Luther Evangelical Church Toronto"},"image":{"@id":"https:\/\/martinluther.ca\/de\/#\/schema\/logo\/image\/"},"sameAs":["https:\/\/www.facebook.com\/martinlutherchurchtoronto","https:\/\/www.instagram.com\/lutheransbythelake\/","https:\/\/www.youtube.com\/MartinLutherChurchToronto"]},{"@type":"Person","@id":"https:\/\/martinluther.ca\/de\/#\/schema\/person\/815c51710f70b050f0476f18da6b0c8f","name":"Mona Kakoschke Frantzke","image":{"@type":"ImageObject","inLanguage":"de","@id":"https:\/\/secure.gravatar.com\/avatar\/0deb16854ca545cd2e9fc8001ca110d262b80d5c8317b38dc542265fbea0ed19?s=96&d=mm&r=g","url":"https:\/\/secure.gravatar.com\/avatar\/0deb16854ca545cd2e9fc8001ca110d262b80d5c8317b38dc542265fbea0ed19?s=96&d=mm&r=g","contentUrl":"https:\/\/secure.gravatar.com\/avatar\/0deb16854ca545cd2e9fc8001ca110d262b80d5c8317b38dc542265fbea0ed19?s=96&d=mm&r=g","caption":"Mona Kakoschke Frantzke"},"url":false}]}},"_links":{"self":[{"href":"https:\/\/martinluther.ca\/de\/wp-json\/wp\/v2\/posts\/26298","targetHints":{"allow":["GET"]}}],"collection":[{"href":"https:\/\/martinluther.ca\/de\/wp-json\/wp\/v2\/posts"}],"about":[{"href":"https:\/\/martinluther.ca\/de\/wp-json\/wp\/v2\/types\/post"}],"author":[{"embeddable":true,"href":"https:\/\/martinluther.ca\/de\/wp-json\/wp\/v2\/users\/9"}],"replies":[{"embeddable":true,"href":"https:\/\/martinluther.ca\/de\/wp-json\/wp\/v2\/comments?post=26298"}],"version-history":[{"count":4,"href":"https:\/\/martinluther.ca\/de\/wp-json\/wp\/v2\/posts\/26298\/revisions"}],"predecessor-version":[{"id":26520,"href":"https:\/\/martinluther.ca\/de\/wp-json\/wp\/v2\/posts\/26298\/revisions\/26520"}],"wp:featuredmedia":[{"embeddable":true,"href":"https:\/\/martinluther.ca\/de\/wp-json\/wp\/v2\/media\/26292"}],"wp:attachment":[{"href":"https:\/\/martinluther.ca\/de\/wp-json\/wp\/v2\/media?parent=26298"}],"wp:term":[{"taxonomy":"category","embeddable":true,"href":"https:\/\/martinluther.ca\/de\/wp-json\/wp\/v2\/categories?post=26298"},{"taxonomy":"post_tag","embeddable":true,"href":"https:\/\/martinluther.ca\/de\/wp-json\/wp\/v2\/tags?post=26298"},{"taxonomy":"post_series","embeddable":true,"href":"https:\/\/martinluther.ca\/de\/wp-json\/wp\/v2\/post_series?post=26298"}],"curies":[{"name":"wp","href":"https:\/\/api.w.org\/{rel}","templated":true}]}}