{"id":26637,"date":"2017-06-29T15:44:51","date_gmt":"2017-06-29T19:44:51","guid":{"rendered":"https:\/\/martinluther.ca\/?p=26637\/"},"modified":"2017-07-16T14:48:27","modified_gmt":"2017-07-16T18:48:27","slug":"schule-vorbei-zeit-fuer-unser-sommercamp","status":"publish","type":"post","link":"https:\/\/martinluther.ca\/de\/2017\/06\/schule-vorbei-zeit-fuer-unser-sommercamp\/","title":{"rendered":"Die Schule ist vorbei und nicht mehr lange, dann ist Zeit f\u00fcr unser Sommercamp!"},"content":{"rendered":"<p><img loading=\"lazy\" decoding=\"async\" class=\"alignright wp-image-26011 size-medium\" src=\"https:\/\/martinluther.ca\/wp-content\/uploads\/2017\/04\/2016-Summer-Camp-230-3-4-1024-300x225.jpg\" alt=\"2016 Summer Camp\" width=\"300\" height=\"225\" srcset=\"https:\/\/martinluther.ca\/wp-content\/uploads\/2017\/04\/2016-Summer-Camp-230-3-4-1024-300x225.jpg 300w, https:\/\/martinluther.ca\/wp-content\/uploads\/2017\/04\/2016-Summer-Camp-230-3-4-1024-768x577.jpg 768w, https:\/\/martinluther.ca\/wp-content\/uploads\/2017\/04\/2016-Summer-Camp-230-3-4-1024.jpg 1024w\" sizes=\"auto, (max-width: 300px) 100vw, 300px\" \/>Das Campteam hat f\u00fcr euch schon ein tolles Freizeitprogramm vorbereitet &#8211; mit viel Spa\u00df und Action, gemeinsamen Gottesdiensten, Kleingruppen und Kreativaktionen, Slackline und einem Tag am Strand, \u00dcbernachten auf einer einsamen Insel und noch vielem mehr!<\/p>\n<p>Unser Thema in diesem Jahr ist das Reich Gottes. Was haben Senfk\u00f6rner eigentlich damit zu tun und wie war das genau, als Jesus die Kinder gesegnet hat? Komm, und finde es raus!<\/p>\n<p>Wir haben noch Pl\u00e4tze frei &#8211; wenn du dich noch nicht angemeldet hast, nutze das Anmeldeformular und schick&#8216; es an das Kirchenb\u00fcro. Falls du Fragen haben solltest, kannst du jederzeit gerne Anna Lisa kontaktieren.<\/p>\n<p>Kontakt:\u00a0Anna Lisa\u00a0<a href=\"mailto:campdirector@martinluther.ca\" target=\"_blank\" rel=\"noopener\">campdirector@martinluther.ca<\/a> Telefon: 905-939-7441<\/p>\n<p>Jeden Sommer fahren Familien und Jugendliche zusammen ins Sommerlager<strong> Camp Lutherly am Golden Lake, \u00f6stlich des Algonquin Parks.\u00a0<\/strong>In diesem Jahr findet unser Sommercamp vom<strong> Samstag, 19. August, bis Freitag, 25. August\u00a0 2017 statt.<\/strong><\/p>\n<p><strong>2017 Summer Camp Registration Form\u00a0<a title=\"2017 Summer Camp Registration Form\" href=\"https:\/\/martinluther.ca\/wp-content\/uploads\/2017\/02\/MLC-SummerCampRegistrationForm2017.pdf\" target=\"_blank\" rel=\"noopener\"><span style=\"color: #0066cc;\">[download]<\/span><\/a><\/strong><\/p>\n<p><strong>2017 MLC Summer Camp Flyer\u00a0<a title=\"2017 MLC Summer Camp Flyer \" href=\"https:\/\/martinluther.ca\/wp-content\/uploads\/2017\/02\/MLC-at-CampLutherlyn2017-brochure.pdf\" target=\"_blank\" rel=\"noopener\"><span style=\"color: #0066cc;\">[download]<\/span><\/a><\/strong><\/p>\n","protected":false},"excerpt":{"rendered":"<p>Das Campteam hat f\u00fcr euch schon ein tolles Freizeitprogramm vorbereitet &#8211; mit viel Spa\u00df und Action, gemeinsamen Gottesdiensten, Kleingruppen und Kreativaktionen, Slackline und einem Tag am Strand, \u00dcbernachten auf einer einsamen Insel und noch vielem mehr! Unser Thema in diesem Jahr ist das Reich Gottes. Was haben Senfk\u00f6rner eigentlich damit zu tun und wie war&hellip;<\/p>\n","protected":false},"author":9,"featured_media":26011,"comment_status":"closed","ping_status":"closed","sticky":false,"template":"","format":"standard","meta":{"footnotes":""},"categories":[69],"tags":[],"post_series":[],"class_list":["post-26637","post","type-post","status-publish","format-standard","has-post-thumbnail","hentry","category-news-blog-german","entry","has-media"],"yoast_head":"<!-- This site is optimized with the Yoast SEO plugin v27.5 - https:\/\/yoast.com\/product\/yoast-seo-wordpress\/ -->\n<title>Die Schule ist vorbei und nicht mehr lange, dann ist Zeit f\u00fcr unser Sommercamp! - Martin Luther Evangelische Kirche Toronto<\/title>\n<meta name=\"robots\" content=\"index, follow, max-snippet:-1, max-image-preview:large, max-video-preview:-1\" \/>\n<link rel=\"canonical\" href=\"https:\/\/martinluther.ca\/de\/2017\/06\/schule-vorbei-zeit-fuer-unser-sommercamp\/\" \/>\n<meta property=\"og:locale\" content=\"de_DE\" \/>\n<meta property=\"og:type\" content=\"article\" \/>\n<meta property=\"og:title\" content=\"Die Schule ist vorbei und nicht mehr lange, dann ist Zeit f\u00fcr unser Sommercamp! - Martin Luther Evangelische Kirche Toronto\" \/>\n<meta property=\"og:description\" content=\"Das Campteam hat f\u00fcr euch schon ein tolles Freizeitprogramm vorbereitet &#8211; mit viel Spa\u00df und Action, gemeinsamen Gottesdiensten, Kleingruppen und Kreativaktionen, Slackline und einem Tag am Strand, \u00dcbernachten auf einer einsamen Insel und noch vielem mehr! Unser Thema in diesem Jahr ist das Reich Gottes. Was haben Senfk\u00f6rner eigentlich damit zu tun und wie war&hellip;\" \/>\n<meta property=\"og:url\" content=\"https:\/\/martinluther.ca\/de\/2017\/06\/schule-vorbei-zeit-fuer-unser-sommercamp\/\" \/>\n<meta property=\"og:site_name\" content=\"Martin Luther Evangelische Kirche Toronto\" \/>\n<meta property=\"article:publisher\" content=\"https:\/\/www.facebook.com\/martinlutherchurchtoronto\" \/>\n<meta property=\"article:published_time\" content=\"2017-06-29T19:44:51+00:00\" \/>\n<meta property=\"article:modified_time\" content=\"2017-07-16T18:48:27+00:00\" \/>\n<meta property=\"og:image\" content=\"https:\/\/martinluther.ca\/wp-content\/uploads\/2017\/04\/2016-Summer-Camp-230-3-4-1024.jpg\" \/>\n\t<meta property=\"og:image:width\" content=\"1024\" \/>\n\t<meta property=\"og:image:height\" content=\"769\" \/>\n\t<meta property=\"og:image:type\" content=\"image\/jpeg\" \/>\n<meta name=\"author\" content=\"Mona Kakoschke Frantzke\" \/>\n<meta name=\"twitter:card\" content=\"summary_large_image\" \/>\n<meta name=\"twitter:label1\" content=\"Verfasst von\" \/>\n\t<meta name=\"twitter:data1\" content=\"Mona Kakoschke Frantzke\" \/>\n\t<meta name=\"twitter:label2\" content=\"Gesch\u00e4tzte Lesezeit\" \/>\n\t<meta name=\"twitter:data2\" content=\"1\u00a0Minute\" \/>\n<script type=\"application\/ld+json\" class=\"yoast-schema-graph\">{\"@context\":\"https:\\\/\\\/schema.org\",\"@graph\":[{\"@type\":\"Article\",\"@id\":\"https:\\\/\\\/martinluther.ca\\\/de\\\/2017\\\/06\\\/schule-vorbei-zeit-fuer-unser-sommercamp\\\/#article\",\"isPartOf\":{\"@id\":\"https:\\\/\\\/martinluther.ca\\\/de\\\/2017\\\/06\\\/schule-vorbei-zeit-fuer-unser-sommercamp\\\/\"},\"author\":{\"name\":\"Mona Kakoschke Frantzke\",\"@id\":\"https:\\\/\\\/martinluther.ca\\\/de\\\/#\\\/schema\\\/person\\\/815c51710f70b050f0476f18da6b0c8f\"},\"headline\":\"Die Schule ist vorbei und nicht mehr lange, dann ist Zeit f\u00fcr unser Sommercamp!\",\"datePublished\":\"2017-06-29T19:44:51+00:00\",\"dateModified\":\"2017-07-16T18:48:27+00:00\",\"mainEntityOfPage\":{\"@id\":\"https:\\\/\\\/martinluther.ca\\\/de\\\/2017\\\/06\\\/schule-vorbei-zeit-fuer-unser-sommercamp\\\/\"},\"wordCount\":171,\"publisher\":{\"@id\":\"https:\\\/\\\/martinluther.ca\\\/de\\\/#organization\"},\"image\":{\"@id\":\"https:\\\/\\\/martinluther.ca\\\/de\\\/2017\\\/06\\\/schule-vorbei-zeit-fuer-unser-sommercamp\\\/#primaryimage\"},\"thumbnailUrl\":\"https:\\\/\\\/martinluther.ca\\\/wp-content\\\/uploads\\\/2017\\\/04\\\/2016-Summer-Camp-230-3-4-1024.jpg\",\"articleSection\":[\"News Blog - German\"],\"inLanguage\":\"de\"},{\"@type\":\"WebPage\",\"@id\":\"https:\\\/\\\/martinluther.ca\\\/de\\\/2017\\\/06\\\/schule-vorbei-zeit-fuer-unser-sommercamp\\\/\",\"url\":\"https:\\\/\\\/martinluther.ca\\\/de\\\/2017\\\/06\\\/schule-vorbei-zeit-fuer-unser-sommercamp\\\/\",\"name\":\"Die Schule ist vorbei und nicht mehr lange, dann ist Zeit f\u00fcr unser Sommercamp! - Martin Luther Evangelische Kirche Toronto\",\"isPartOf\":{\"@id\":\"https:\\\/\\\/martinluther.ca\\\/de\\\/#website\"},\"primaryImageOfPage\":{\"@id\":\"https:\\\/\\\/martinluther.ca\\\/de\\\/2017\\\/06\\\/schule-vorbei-zeit-fuer-unser-sommercamp\\\/#primaryimage\"},\"image\":{\"@id\":\"https:\\\/\\\/martinluther.ca\\\/de\\\/2017\\\/06\\\/schule-vorbei-zeit-fuer-unser-sommercamp\\\/#primaryimage\"},\"thumbnailUrl\":\"https:\\\/\\\/martinluther.ca\\\/wp-content\\\/uploads\\\/2017\\\/04\\\/2016-Summer-Camp-230-3-4-1024.jpg\",\"datePublished\":\"2017-06-29T19:44:51+00:00\",\"dateModified\":\"2017-07-16T18:48:27+00:00\",\"breadcrumb\":{\"@id\":\"https:\\\/\\\/martinluther.ca\\\/de\\\/2017\\\/06\\\/schule-vorbei-zeit-fuer-unser-sommercamp\\\/#breadcrumb\"},\"inLanguage\":\"de\",\"potentialAction\":[{\"@type\":\"ReadAction\",\"target\":[\"https:\\\/\\\/martinluther.ca\\\/de\\\/2017\\\/06\\\/schule-vorbei-zeit-fuer-unser-sommercamp\\\/\"]}]},{\"@type\":\"ImageObject\",\"inLanguage\":\"de\",\"@id\":\"https:\\\/\\\/martinluther.ca\\\/de\\\/2017\\\/06\\\/schule-vorbei-zeit-fuer-unser-sommercamp\\\/#primaryimage\",\"url\":\"https:\\\/\\\/martinluther.ca\\\/wp-content\\\/uploads\\\/2017\\\/04\\\/2016-Summer-Camp-230-3-4-1024.jpg\",\"contentUrl\":\"https:\\\/\\\/martinluther.ca\\\/wp-content\\\/uploads\\\/2017\\\/04\\\/2016-Summer-Camp-230-3-4-1024.jpg\",\"width\":1024,\"height\":769,\"caption\":\"2016 Summer Camp\"},{\"@type\":\"BreadcrumbList\",\"@id\":\"https:\\\/\\\/martinluther.ca\\\/de\\\/2017\\\/06\\\/schule-vorbei-zeit-fuer-unser-sommercamp\\\/#breadcrumb\",\"itemListElement\":[{\"@type\":\"ListItem\",\"position\":1,\"name\":\"Home\",\"item\":\"https:\\\/\\\/martinluther.ca\\\/de\\\/\"},{\"@type\":\"ListItem\",\"position\":2,\"name\":\"Die Schule ist vorbei und nicht mehr lange, dann ist Zeit f\u00fcr unser Sommercamp!\"}]},{\"@type\":\"WebSite\",\"@id\":\"https:\\\/\\\/martinluther.ca\\\/de\\\/#website\",\"url\":\"https:\\\/\\\/martinluther.ca\\\/de\\\/\",\"name\":\"Martin Luther Evangelical Church Toronto\",\"description\":\"Deutsch &amp; Englisch\",\"publisher\":{\"@id\":\"https:\\\/\\\/martinluther.ca\\\/de\\\/#organization\"},\"potentialAction\":[{\"@type\":\"SearchAction\",\"target\":{\"@type\":\"EntryPoint\",\"urlTemplate\":\"https:\\\/\\\/martinluther.ca\\\/de\\\/?s={search_term_string}\"},\"query-input\":{\"@type\":\"PropertyValueSpecification\",\"valueRequired\":true,\"valueName\":\"search_term_string\"}}],\"inLanguage\":\"de\"},{\"@type\":\"Organization\",\"@id\":\"https:\\\/\\\/martinluther.ca\\\/de\\\/#organization\",\"name\":\"Martin Luther Evangelical Church Toronto\",\"url\":\"https:\\\/\\\/martinluther.ca\\\/de\\\/\",\"logo\":{\"@type\":\"ImageObject\",\"inLanguage\":\"de\",\"@id\":\"https:\\\/\\\/martinluther.ca\\\/de\\\/#\\\/schema\\\/logo\\\/image\\\/\",\"url\":\"https:\\\/\\\/martinluther.ca\\\/wp-content\\\/uploads\\\/2016\\\/12\\\/ml-logo-300.png\",\"contentUrl\":\"https:\\\/\\\/martinluther.ca\\\/wp-content\\\/uploads\\\/2016\\\/12\\\/ml-logo-300.png\",\"width\":300,\"height\":150,\"caption\":\"Martin Luther Evangelical Church Toronto\"},\"image\":{\"@id\":\"https:\\\/\\\/martinluther.ca\\\/de\\\/#\\\/schema\\\/logo\\\/image\\\/\"},\"sameAs\":[\"https:\\\/\\\/www.facebook.com\\\/martinlutherchurchtoronto\",\"https:\\\/\\\/www.instagram.com\\\/lutheransbythelake\\\/\",\"https:\\\/\\\/www.youtube.com\\\/MartinLutherChurchToronto\"]},{\"@type\":\"Person\",\"@id\":\"https:\\\/\\\/martinluther.ca\\\/de\\\/#\\\/schema\\\/person\\\/815c51710f70b050f0476f18da6b0c8f\",\"name\":\"Mona Kakoschke Frantzke\",\"image\":{\"@type\":\"ImageObject\",\"inLanguage\":\"de\",\"@id\":\"https:\\\/\\\/secure.gravatar.com\\\/avatar\\\/0deb16854ca545cd2e9fc8001ca110d262b80d5c8317b38dc542265fbea0ed19?s=96&d=mm&r=g\",\"url\":\"https:\\\/\\\/secure.gravatar.com\\\/avatar\\\/0deb16854ca545cd2e9fc8001ca110d262b80d5c8317b38dc542265fbea0ed19?s=96&d=mm&r=g\",\"contentUrl\":\"https:\\\/\\\/secure.gravatar.com\\\/avatar\\\/0deb16854ca545cd2e9fc8001ca110d262b80d5c8317b38dc542265fbea0ed19?s=96&d=mm&r=g\",\"caption\":\"Mona Kakoschke Frantzke\"},\"url\":false}]}<\/script>\n<!-- \/ Yoast SEO plugin. -->","yoast_head_json":{"title":"Die Schule ist vorbei und nicht mehr lange, dann ist Zeit f\u00fcr unser Sommercamp! - Martin Luther Evangelische Kirche Toronto","robots":{"index":"index","follow":"follow","max-snippet":"max-snippet:-1","max-image-preview":"max-image-preview:large","max-video-preview":"max-video-preview:-1"},"canonical":"https:\/\/martinluther.ca\/de\/2017\/06\/schule-vorbei-zeit-fuer-unser-sommercamp\/","og_locale":"de_DE","og_type":"article","og_title":"Die Schule ist vorbei und nicht mehr lange, dann ist Zeit f\u00fcr unser Sommercamp! - Martin Luther Evangelische Kirche Toronto","og_description":"Das Campteam hat f\u00fcr euch schon ein tolles Freizeitprogramm vorbereitet &#8211; mit viel Spa\u00df und Action, gemeinsamen Gottesdiensten, Kleingruppen und Kreativaktionen, Slackline und einem Tag am Strand, \u00dcbernachten auf einer einsamen Insel und noch vielem mehr! Unser Thema in diesem Jahr ist das Reich Gottes. Was haben Senfk\u00f6rner eigentlich damit zu tun und wie war&hellip;","og_url":"https:\/\/martinluther.ca\/de\/2017\/06\/schule-vorbei-zeit-fuer-unser-sommercamp\/","og_site_name":"Martin Luther Evangelische Kirche Toronto","article_publisher":"https:\/\/www.facebook.com\/martinlutherchurchtoronto","article_published_time":"2017-06-29T19:44:51+00:00","article_modified_time":"2017-07-16T18:48:27+00:00","og_image":[{"width":1024,"height":769,"url":"https:\/\/martinluther.ca\/wp-content\/uploads\/2017\/04\/2016-Summer-Camp-230-3-4-1024.jpg","type":"image\/jpeg"}],"author":"Mona Kakoschke Frantzke","twitter_card":"summary_large_image","twitter_misc":{"Verfasst von":"Mona Kakoschke Frantzke","Gesch\u00e4tzte Lesezeit":"1\u00a0Minute"},"schema":{"@context":"https:\/\/schema.org","@graph":[{"@type":"Article","@id":"https:\/\/martinluther.ca\/de\/2017\/06\/schule-vorbei-zeit-fuer-unser-sommercamp\/#article","isPartOf":{"@id":"https:\/\/martinluther.ca\/de\/2017\/06\/schule-vorbei-zeit-fuer-unser-sommercamp\/"},"author":{"name":"Mona Kakoschke Frantzke","@id":"https:\/\/martinluther.ca\/de\/#\/schema\/person\/815c51710f70b050f0476f18da6b0c8f"},"headline":"Die Schule ist vorbei und nicht mehr lange, dann ist Zeit f\u00fcr unser Sommercamp!","datePublished":"2017-06-29T19:44:51+00:00","dateModified":"2017-07-16T18:48:27+00:00","mainEntityOfPage":{"@id":"https:\/\/martinluther.ca\/de\/2017\/06\/schule-vorbei-zeit-fuer-unser-sommercamp\/"},"wordCount":171,"publisher":{"@id":"https:\/\/martinluther.ca\/de\/#organization"},"image":{"@id":"https:\/\/martinluther.ca\/de\/2017\/06\/schule-vorbei-zeit-fuer-unser-sommercamp\/#primaryimage"},"thumbnailUrl":"https:\/\/martinluther.ca\/wp-content\/uploads\/2017\/04\/2016-Summer-Camp-230-3-4-1024.jpg","articleSection":["News Blog - German"],"inLanguage":"de"},{"@type":"WebPage","@id":"https:\/\/martinluther.ca\/de\/2017\/06\/schule-vorbei-zeit-fuer-unser-sommercamp\/","url":"https:\/\/martinluther.ca\/de\/2017\/06\/schule-vorbei-zeit-fuer-unser-sommercamp\/","name":"Die Schule ist vorbei und nicht mehr lange, dann ist Zeit f\u00fcr unser Sommercamp! - Martin Luther Evangelische Kirche Toronto","isPartOf":{"@id":"https:\/\/martinluther.ca\/de\/#website"},"primaryImageOfPage":{"@id":"https:\/\/martinluther.ca\/de\/2017\/06\/schule-vorbei-zeit-fuer-unser-sommercamp\/#primaryimage"},"image":{"@id":"https:\/\/martinluther.ca\/de\/2017\/06\/schule-vorbei-zeit-fuer-unser-sommercamp\/#primaryimage"},"thumbnailUrl":"https:\/\/martinluther.ca\/wp-content\/uploads\/2017\/04\/2016-Summer-Camp-230-3-4-1024.jpg","datePublished":"2017-06-29T19:44:51+00:00","dateModified":"2017-07-16T18:48:27+00:00","breadcrumb":{"@id":"https:\/\/martinluther.ca\/de\/2017\/06\/schule-vorbei-zeit-fuer-unser-sommercamp\/#breadcrumb"},"inLanguage":"de","potentialAction":[{"@type":"ReadAction","target":["https:\/\/martinluther.ca\/de\/2017\/06\/schule-vorbei-zeit-fuer-unser-sommercamp\/"]}]},{"@type":"ImageObject","inLanguage":"de","@id":"https:\/\/martinluther.ca\/de\/2017\/06\/schule-vorbei-zeit-fuer-unser-sommercamp\/#primaryimage","url":"https:\/\/martinluther.ca\/wp-content\/uploads\/2017\/04\/2016-Summer-Camp-230-3-4-1024.jpg","contentUrl":"https:\/\/martinluther.ca\/wp-content\/uploads\/2017\/04\/2016-Summer-Camp-230-3-4-1024.jpg","width":1024,"height":769,"caption":"2016 Summer Camp"},{"@type":"BreadcrumbList","@id":"https:\/\/martinluther.ca\/de\/2017\/06\/schule-vorbei-zeit-fuer-unser-sommercamp\/#breadcrumb","itemListElement":[{"@type":"ListItem","position":1,"name":"Home","item":"https:\/\/martinluther.ca\/de\/"},{"@type":"ListItem","position":2,"name":"Die Schule ist vorbei und nicht mehr lange, dann ist Zeit f\u00fcr unser Sommercamp!"}]},{"@type":"WebSite","@id":"https:\/\/martinluther.ca\/de\/#website","url":"https:\/\/martinluther.ca\/de\/","name":"Martin Luther Evangelical Church Toronto","description":"Deutsch &amp; Englisch","publisher":{"@id":"https:\/\/martinluther.ca\/de\/#organization"},"potentialAction":[{"@type":"SearchAction","target":{"@type":"EntryPoint","urlTemplate":"https:\/\/martinluther.ca\/de\/?s={search_term_string}"},"query-input":{"@type":"PropertyValueSpecification","valueRequired":true,"valueName":"search_term_string"}}],"inLanguage":"de"},{"@type":"Organization","@id":"https:\/\/martinluther.ca\/de\/#organization","name":"Martin Luther Evangelical Church Toronto","url":"https:\/\/martinluther.ca\/de\/","logo":{"@type":"ImageObject","inLanguage":"de","@id":"https:\/\/martinluther.ca\/de\/#\/schema\/logo\/image\/","url":"https:\/\/martinluther.ca\/wp-content\/uploads\/2016\/12\/ml-logo-300.png","contentUrl":"https:\/\/martinluther.ca\/wp-content\/uploads\/2016\/12\/ml-logo-300.png","width":300,"height":150,"caption":"Martin Luther Evangelical Church Toronto"},"image":{"@id":"https:\/\/martinluther.ca\/de\/#\/schema\/logo\/image\/"},"sameAs":["https:\/\/www.facebook.com\/martinlutherchurchtoronto","https:\/\/www.instagram.com\/lutheransbythelake\/","https:\/\/www.youtube.com\/MartinLutherChurchToronto"]},{"@type":"Person","@id":"https:\/\/martinluther.ca\/de\/#\/schema\/person\/815c51710f70b050f0476f18da6b0c8f","name":"Mona Kakoschke Frantzke","image":{"@type":"ImageObject","inLanguage":"de","@id":"https:\/\/secure.gravatar.com\/avatar\/0deb16854ca545cd2e9fc8001ca110d262b80d5c8317b38dc542265fbea0ed19?s=96&d=mm&r=g","url":"https:\/\/secure.gravatar.com\/avatar\/0deb16854ca545cd2e9fc8001ca110d262b80d5c8317b38dc542265fbea0ed19?s=96&d=mm&r=g","contentUrl":"https:\/\/secure.gravatar.com\/avatar\/0deb16854ca545cd2e9fc8001ca110d262b80d5c8317b38dc542265fbea0ed19?s=96&d=mm&r=g","caption":"Mona Kakoschke Frantzke"},"url":false}]}},"_links":{"self":[{"href":"https:\/\/martinluther.ca\/de\/wp-json\/wp\/v2\/posts\/26637","targetHints":{"allow":["GET"]}}],"collection":[{"href":"https:\/\/martinluther.ca\/de\/wp-json\/wp\/v2\/posts"}],"about":[{"href":"https:\/\/martinluther.ca\/de\/wp-json\/wp\/v2\/types\/post"}],"author":[{"embeddable":true,"href":"https:\/\/martinluther.ca\/de\/wp-json\/wp\/v2\/users\/9"}],"replies":[{"embeddable":true,"href":"https:\/\/martinluther.ca\/de\/wp-json\/wp\/v2\/comments?post=26637"}],"version-history":[{"count":4,"href":"https:\/\/martinluther.ca\/de\/wp-json\/wp\/v2\/posts\/26637\/revisions"}],"predecessor-version":[{"id":26643,"href":"https:\/\/martinluther.ca\/de\/wp-json\/wp\/v2\/posts\/26637\/revisions\/26643"}],"wp:featuredmedia":[{"embeddable":true,"href":"https:\/\/martinluther.ca\/de\/wp-json\/wp\/v2\/media\/26011"}],"wp:attachment":[{"href":"https:\/\/martinluther.ca\/de\/wp-json\/wp\/v2\/media?parent=26637"}],"wp:term":[{"taxonomy":"category","embeddable":true,"href":"https:\/\/martinluther.ca\/de\/wp-json\/wp\/v2\/categories?post=26637"},{"taxonomy":"post_tag","embeddable":true,"href":"https:\/\/martinluther.ca\/de\/wp-json\/wp\/v2\/tags?post=26637"},{"taxonomy":"post_series","embeddable":true,"href":"https:\/\/martinluther.ca\/de\/wp-json\/wp\/v2\/post_series?post=26637"}],"curies":[{"name":"wp","href":"https:\/\/api.w.org\/{rel}","templated":true}]}}