{"id":26653,"date":"2017-07-04T15:07:28","date_gmt":"2017-07-04T19:07:28","guid":{"rendered":"https:\/\/martinluther.ca\/?p=26653\/"},"modified":"2017-07-04T15:10:23","modified_gmt":"2017-07-04T19:10:23","slug":"gottesdienste-im-sommer-2017","status":"publish","type":"post","link":"https:\/\/martinluther.ca\/de\/2017\/07\/gottesdienste-im-sommer-2017\/","title":{"rendered":"Gottesdienste im Sommer 2017"},"content":{"rendered":"<p><img loading=\"lazy\" decoding=\"async\" class=\"alignright size-medium wp-image-26648\" src=\"https:\/\/martinluther.ca\/wp-content\/uploads\/2017\/06\/2017-Vine-growing-2-1200-3-4-300x225.jpg\" alt=\"2017 Vine growing\" width=\"300\" height=\"225\" srcset=\"https:\/\/martinluther.ca\/wp-content\/uploads\/2017\/06\/2017-Vine-growing-2-1200-3-4-300x225.jpg 300w, https:\/\/martinluther.ca\/wp-content\/uploads\/2017\/06\/2017-Vine-growing-2-1200-3-4-768x576.jpg 768w, https:\/\/martinluther.ca\/wp-content\/uploads\/2017\/06\/2017-Vine-growing-2-1200-3-4-1024x768.jpg 1024w, https:\/\/martinluther.ca\/wp-content\/uploads\/2017\/06\/2017-Vine-growing-2-1200-3-4.jpg 1200w\" sizes=\"auto, (max-width: 300px) 100vw, 300px\" \/>Der Sommer ist eine besondere Zeit in der Martin Luther Kirche. Der Keller ist den ganzen Tag \u00fcber <strong>lebendig mit den Daycare Kindern<\/strong>. Unsere Canada Summer Job Praktikanten <strong>Jenny und Nicholas<\/strong> arbeiten an besonderen Projekten. Ehrenamtliche und ortsans\u00e4ssige Baufirmen helfen dabei, mit Hilfe Ihrer Spenden und des Zuschusses der Evangelischen Kirche in Deutschland (EKD) <strong>unser B\u00fcro umzugestalten<\/strong>. Die Natur dringt auf mysteri\u00f6se Art und Weise in unsere Kirche ein \u2026 Haben Sie schon die Weinrebe gesehen?<\/p>\n<p>Dieses Jahr sind wir dankbar daf\u00fcr, dass <strong>Vikarin Thara Klein die pastoralen Aufgaben vom 11. bis 30. Juli<\/strong>\u00a0\u00fcbernimmt, w\u00e4hrend Pastor Christian Ceconi im Urlaub ist. <strong>Pastorin Katharina M\u00f6ller<\/strong> (St. Georges Kirche) \u00a0\u00fcbernimmt die Vertretung, w\u00e4hrend vom <strong>31. Juli bis 5. August<\/strong> beide abwesend sind.<\/p>\n<p>Gottesdienste unter der Leitung von <strong>Vikarin Thara Klein (am 9., 16. und 30. Juli)<\/strong> und der Leitung unserer <strong>Pr\u00e4dikanten (am 23. Juli und 20. August)<\/strong> werden sicherstellen, dass Sie auch im Sommer regelm\u00e4\u00dfig Gottesdienste besuchen k\u00f6nnen und ihnen vielleicht ja auch der ein oder andere ungew\u00f6hnliche Gesichtspunkt begegnen wird.<\/p>\n<p><img loading=\"lazy\" decoding=\"async\" class=\"alignleft size-medium wp-image-26646\" src=\"https:\/\/martinluther.ca\/wp-content\/uploads\/2017\/06\/2017-Canada-Summer-Job-interns-3-4-300x225.jpg\" alt=\"2017 Canada Summer Job intern\" width=\"300\" height=\"225\" srcset=\"https:\/\/martinluther.ca\/wp-content\/uploads\/2017\/06\/2017-Canada-Summer-Job-interns-3-4-300x225.jpg 300w, https:\/\/martinluther.ca\/wp-content\/uploads\/2017\/06\/2017-Canada-Summer-Job-interns-3-4.jpg 720w\" sizes=\"auto, (max-width: 300px) 100vw, 300px\" \/>Ein H\u00f6hepunkt wird am kommenden Sonntag, <strong>dem 9. Juli 2017<\/strong>, der englische und deutsche Gottesdienst sein. <strong>Vikarin Thara Klein hat sich vom amerikanischen Countrymusiker<\/strong> <strong>Johnny Cash<\/strong> <strong>inspirieren lassen.<\/strong> Die Predigt wird sich mit seinem Leben, seinen Anfechtungen und seinem Glauben besch\u00e4ftigen. Nat\u00fcrlich werden wir uns auch an seiner Musik erfreuen k\u00f6nnen.<\/p>\n<p>Sie k\u00f6nnen auch im Sommer weiterhin unser Kirchenb\u00fcro kontaktieren. Emails und Nachrichten werden wir so schnell wie m\u00f6glich beantworten.<\/p>\n<p><strong>Gottesdienste im Sommer 2017<\/strong><\/p>\n<table style=\"height: 821px;\" width=\"776\">\n<tbody>\n<tr>\n<td width=\"114\">9. Juli 2017<\/td>\n<td width=\"223\">5. So. n. Pfingsten<\/td>\n<td width=\"255\">9.45\u00a0Uhr Englischer Gottesdienst<br \/>\n<span style=\"font-family: inherit; font-size: inherit;\">11.00\u00a0Uhr Deutscher Gottesdienst<br \/>\n<\/span><span style=\"font-family: inherit; font-size: inherit;\">Beide mit Hl. Abendmahl<br \/>\n<\/span>Johnny Cash themed<\/td>\n<td width=\"123\">Vikarin Klein<\/td>\n<\/tr>\n<tr>\n<td width=\"114\">16. Juli 2017<\/td>\n<td width=\"223\">6. So. n. Pfingsten<\/td>\n<td width=\"255\">11.00 Uhr Gemeinsamer Gottesdienst<\/td>\n<td width=\"123\">Vikarin Klein<\/td>\n<\/tr>\n<tr>\n<td width=\"114\">23. Juli 2017<\/td>\n<td width=\"223\">7. So. n. Pfingsten<\/td>\n<td width=\"255\">9.45\u00a0Uhr Englischer Gottesdienst<br \/>\n<span style=\"font-family: inherit; font-size: inherit;\">11.00 Uhr Deutscher Gottesdienst<\/span><\/td>\n<td width=\"123\">Pr\u00e4dikanten:<br \/>\nTanya (E)<br \/>\nFriedrich (D)<\/td>\n<\/tr>\n<tr>\n<td width=\"114\">30. July\u00a02017<\/td>\n<td width=\"223\">8. So. n. Pfingsten<\/td>\n<td width=\"255\">9.45\u00a0Uhr Englischer\u00a0Gottesdienst<br \/>\n<span style=\"font-family: inherit; font-size: inherit;\">11.00 Uhr Deutscher Gottesdienst<\/span><\/td>\n<td width=\"123\">Vikarin Klein<\/td>\n<\/tr>\n<tr>\n<td width=\"114\">6. August 2017<\/td>\n<td width=\"223\">9. So. n. Pfingsten<\/td>\n<td width=\"255\">9.45\u00a0Uhr Englischer Gottesdienst<br \/>\n<span style=\"font-family: inherit; font-size: inherit;\">11.00\u00a0Uhr\u00a0Deutscher Gottesdienst\u00a0<\/span><\/td>\n<td width=\"123\">Pastor Ceconi<\/td>\n<\/tr>\n<tr>\n<td width=\"114\">13. August 2017<\/td>\n<td width=\"223\">10. So. n. Pfingsten<\/td>\n<td width=\"255\">9.45\u00a0Uhr Englischer Gottesdienst<br \/>\n<span style=\"font-family: inherit; font-size: inherit;\">11.00 Uhr Deutscher Gottesdienst<\/span><\/td>\n<td width=\"123\">Pastor Ceconi<\/td>\n<\/tr>\n<tr>\n<td width=\"114\">20. August 2017<\/td>\n<td width=\"223\">11. So. n. Pfingsten<\/td>\n<td width=\"255\">11.00 Uhr Gemeinsamer Gottesdienst<\/td>\n<td width=\"123\">Pr\u00e4dikantin: Katja<\/td>\n<\/tr>\n<tr>\n<td width=\"114\">27. August 2017<\/td>\n<td width=\"223\">12. So. n. Pfingsten<\/td>\n<td width=\"255\">9.45 Uhr Englischer Gottesdienst<br \/>\n<span style=\"font-family: inherit; font-size: inherit;\">11.00\u00a0Uhr Deutscher Gottesdienst<br \/>\n<\/span>Verabschiedung von Praktikantin Alena Mathis<\/td>\n<td width=\"123\">Pastor Ceconi<\/td>\n<\/tr>\n<tr>\n<td width=\"114\">3. September 2017<\/td>\n<td width=\"223\">13. So. n. Pfingsten<\/td>\n<td width=\"255\">9.45\u00a0Uhr Englischer Gottesdienst<br \/>\n<span style=\"font-family: inherit; font-size: inherit;\">11.00 Uhr Deutscher Gottesdienst<\/span><\/td>\n<td width=\"123\">Pastor Ceconi<\/td>\n<\/tr>\n<\/tbody>\n<\/table>\n<p>&nbsp;<\/p>\n<div id=\"gallery-1\" class=\"wpex-gallery wpex-grid wpex-grid-cols-5 wpex-gap-20 wpex-lightbox-group wpex-mb-20\"><figure class=\"gallery-item\"><a href=\"https:\/\/martinluther.ca\/wp-content\/uploads\/2017\/06\/2017-Office-Renovations-3-3-4.jpg\" class=\"wpex-lightbox-group-item\"><img loading=\"lazy\" decoding=\"async\" src=\"https:\/\/martinluther.ca\/wp-content\/uploads\/2017\/06\/2017-Office-Renovations-3-3-4.jpg\" alt=\"\" srcset=\"https:\/\/martinluther.ca\/wp-content\/uploads\/2017\/06\/2017-Office-Renovations-3-3-4.jpg 719w, https:\/\/martinluther.ca\/wp-content\/uploads\/2017\/06\/2017-Office-Renovations-3-3-4-300x225.jpg 300w\" width=\"719\" height=\"540\"><\/a><\/figure><figure class=\"gallery-item\"><a href=\"https:\/\/martinluther.ca\/wp-content\/uploads\/2017\/06\/2017-Office-Renovations-2-3-4.jpg\" class=\"wpex-lightbox-group-item\" data-caption=\"The office pre-renovation\"><img loading=\"lazy\" decoding=\"async\" src=\"https:\/\/martinluther.ca\/wp-content\/uploads\/2017\/06\/2017-Office-Renovations-2-3-4.jpg\" alt=\"\" srcset=\"https:\/\/martinluther.ca\/wp-content\/uploads\/2017\/06\/2017-Office-Renovations-2-3-4.jpg 718w, https:\/\/martinluther.ca\/wp-content\/uploads\/2017\/06\/2017-Office-Renovations-2-3-4-300x225.jpg 300w\" width=\"718\" height=\"539\"><\/a><figcaption class=\"gallery-caption wpex-last-mb-0\">The office pre-renovation<\/figcaption><\/figure><figure class=\"gallery-item\"><a href=\"https:\/\/martinluther.ca\/wp-content\/uploads\/2017\/06\/2017-Office-Renovations-1-3-4.jpg\" class=\"wpex-lightbox-group-item\"><img loading=\"lazy\" decoding=\"async\" src=\"https:\/\/martinluther.ca\/wp-content\/uploads\/2017\/06\/2017-Office-Renovations-1-3-4.jpg\" alt=\"\" srcset=\"https:\/\/martinluther.ca\/wp-content\/uploads\/2017\/06\/2017-Office-Renovations-1-3-4.jpg 718w, https:\/\/martinluther.ca\/wp-content\/uploads\/2017\/06\/2017-Office-Renovations-1-3-4-300x225.jpg 300w\" width=\"718\" height=\"539\"><\/a><\/figure><figure class=\"gallery-item\"><a href=\"https:\/\/martinluther.ca\/wp-content\/uploads\/2017\/06\/2017-Canada-Summer-Job-interns-3-4.jpg\" class=\"wpex-lightbox-group-item\"><img loading=\"lazy\" decoding=\"async\" src=\"https:\/\/martinluther.ca\/wp-content\/uploads\/2017\/06\/2017-Canada-Summer-Job-interns-3-4.jpg\" alt=\"\" srcset=\"https:\/\/martinluther.ca\/wp-content\/uploads\/2017\/06\/2017-Canada-Summer-Job-interns-3-4.jpg 720w, https:\/\/martinluther.ca\/wp-content\/uploads\/2017\/06\/2017-Canada-Summer-Job-interns-3-4-300x225.jpg 300w\" width=\"720\" height=\"540\"><\/a><\/figure><figure class=\"gallery-item\"><a href=\"https:\/\/martinluther.ca\/wp-content\/uploads\/2017\/06\/2017-Vine-growing-5-1200.jpg\" class=\"wpex-lightbox-group-item\"><img loading=\"lazy\" decoding=\"async\" src=\"https:\/\/martinluther.ca\/wp-content\/uploads\/2017\/06\/2017-Vine-growing-5-1200-768x1024.jpg\" alt=\"\" srcset=\"https:\/\/martinluther.ca\/wp-content\/uploads\/2017\/06\/2017-Vine-growing-5-1200-768x1024.jpg 768w, https:\/\/martinluther.ca\/wp-content\/uploads\/2017\/06\/2017-Vine-growing-5-1200-225x300.jpg 225w, https:\/\/martinluther.ca\/wp-content\/uploads\/2017\/06\/2017-Vine-growing-5-1200.jpg 1200w\" width=\"768\" height=\"1024\"><\/a><\/figure><\/div>\n\n","protected":false},"excerpt":{"rendered":"<p>Der Sommer ist eine besondere Zeit in der Martin Luther Kirche. Der Keller ist den ganzen Tag \u00fcber lebendig mit den Daycare Kindern. Unsere Canada Summer Job Praktikanten Jenny und Nicholas arbeiten an besonderen Projekten. Ehrenamtliche und ortsans\u00e4ssige Baufirmen helfen dabei, mit Hilfe Ihrer Spenden und des Zuschusses der Evangelischen Kirche in Deutschland (EKD) unser&hellip;<\/p>\n","protected":false},"author":9,"featured_media":26646,"comment_status":"closed","ping_status":"closed","sticky":false,"template":"","format":"standard","meta":{"footnotes":""},"categories":[69],"tags":[],"post_series":[],"class_list":["post-26653","post","type-post","status-publish","format-standard","has-post-thumbnail","hentry","category-news-blog-german","entry","has-media"],"yoast_head":"<!-- This site is optimized with the Yoast SEO plugin v27.5 - https:\/\/yoast.com\/product\/yoast-seo-wordpress\/ -->\n<title>Gottesdienste im Sommer 2017 - Martin Luther Evangelische Kirche Toronto<\/title>\n<meta name=\"robots\" content=\"index, follow, max-snippet:-1, max-image-preview:large, max-video-preview:-1\" \/>\n<link rel=\"canonical\" href=\"https:\/\/martinluther.ca\/de\/2017\/07\/gottesdienste-im-sommer-2017\/\" \/>\n<meta property=\"og:locale\" content=\"de_DE\" \/>\n<meta property=\"og:type\" content=\"article\" \/>\n<meta property=\"og:title\" content=\"Gottesdienste im Sommer 2017 - Martin Luther Evangelische Kirche Toronto\" \/>\n<meta property=\"og:description\" content=\"Der Sommer ist eine besondere Zeit in der Martin Luther Kirche. Der Keller ist den ganzen Tag \u00fcber lebendig mit den Daycare Kindern. Unsere Canada Summer Job Praktikanten Jenny und Nicholas arbeiten an besonderen Projekten. Ehrenamtliche und ortsans\u00e4ssige Baufirmen helfen dabei, mit Hilfe Ihrer Spenden und des Zuschusses der Evangelischen Kirche in Deutschland (EKD) unser&hellip;\" \/>\n<meta property=\"og:url\" content=\"https:\/\/martinluther.ca\/de\/2017\/07\/gottesdienste-im-sommer-2017\/\" \/>\n<meta property=\"og:site_name\" content=\"Martin Luther Evangelische Kirche Toronto\" \/>\n<meta property=\"article:publisher\" content=\"https:\/\/www.facebook.com\/martinlutherchurchtoronto\" \/>\n<meta property=\"article:published_time\" content=\"2017-07-04T19:07:28+00:00\" \/>\n<meta property=\"article:modified_time\" content=\"2017-07-04T19:10:23+00:00\" \/>\n<meta property=\"og:image\" content=\"https:\/\/martinluther.ca\/wp-content\/uploads\/2017\/06\/2017-Canada-Summer-Job-interns-3-4.jpg\" \/>\n\t<meta property=\"og:image:width\" content=\"720\" \/>\n\t<meta property=\"og:image:height\" content=\"540\" \/>\n\t<meta property=\"og:image:type\" content=\"image\/jpeg\" \/>\n<meta name=\"author\" content=\"Mona Kakoschke Frantzke\" \/>\n<meta name=\"twitter:card\" content=\"summary_large_image\" \/>\n<meta name=\"twitter:label1\" content=\"Verfasst von\" \/>\n\t<meta name=\"twitter:data1\" content=\"Mona Kakoschke Frantzke\" \/>\n\t<meta name=\"twitter:label2\" content=\"Gesch\u00e4tzte Lesezeit\" \/>\n\t<meta name=\"twitter:data2\" content=\"2\u00a0Minuten\" \/>\n<script type=\"application\/ld+json\" class=\"yoast-schema-graph\">{\"@context\":\"https:\\\/\\\/schema.org\",\"@graph\":[{\"@type\":\"Article\",\"@id\":\"https:\\\/\\\/martinluther.ca\\\/de\\\/2017\\\/07\\\/gottesdienste-im-sommer-2017\\\/#article\",\"isPartOf\":{\"@id\":\"https:\\\/\\\/martinluther.ca\\\/de\\\/2017\\\/07\\\/gottesdienste-im-sommer-2017\\\/\"},\"author\":{\"name\":\"Mona Kakoschke Frantzke\",\"@id\":\"https:\\\/\\\/martinluther.ca\\\/de\\\/#\\\/schema\\\/person\\\/815c51710f70b050f0476f18da6b0c8f\"},\"headline\":\"Gottesdienste im Sommer 2017\",\"datePublished\":\"2017-07-04T19:07:28+00:00\",\"dateModified\":\"2017-07-04T19:10:23+00:00\",\"mainEntityOfPage\":{\"@id\":\"https:\\\/\\\/martinluther.ca\\\/de\\\/2017\\\/07\\\/gottesdienste-im-sommer-2017\\\/\"},\"wordCount\":375,\"publisher\":{\"@id\":\"https:\\\/\\\/martinluther.ca\\\/de\\\/#organization\"},\"image\":{\"@id\":\"https:\\\/\\\/martinluther.ca\\\/de\\\/2017\\\/07\\\/gottesdienste-im-sommer-2017\\\/#primaryimage\"},\"thumbnailUrl\":\"https:\\\/\\\/martinluther.ca\\\/wp-content\\\/uploads\\\/2017\\\/06\\\/2017-Canada-Summer-Job-interns-3-4.jpg\",\"articleSection\":[\"News Blog - German\"],\"inLanguage\":\"de\"},{\"@type\":\"WebPage\",\"@id\":\"https:\\\/\\\/martinluther.ca\\\/de\\\/2017\\\/07\\\/gottesdienste-im-sommer-2017\\\/\",\"url\":\"https:\\\/\\\/martinluther.ca\\\/de\\\/2017\\\/07\\\/gottesdienste-im-sommer-2017\\\/\",\"name\":\"Gottesdienste im Sommer 2017 - Martin Luther Evangelische Kirche Toronto\",\"isPartOf\":{\"@id\":\"https:\\\/\\\/martinluther.ca\\\/de\\\/#website\"},\"primaryImageOfPage\":{\"@id\":\"https:\\\/\\\/martinluther.ca\\\/de\\\/2017\\\/07\\\/gottesdienste-im-sommer-2017\\\/#primaryimage\"},\"image\":{\"@id\":\"https:\\\/\\\/martinluther.ca\\\/de\\\/2017\\\/07\\\/gottesdienste-im-sommer-2017\\\/#primaryimage\"},\"thumbnailUrl\":\"https:\\\/\\\/martinluther.ca\\\/wp-content\\\/uploads\\\/2017\\\/06\\\/2017-Canada-Summer-Job-interns-3-4.jpg\",\"datePublished\":\"2017-07-04T19:07:28+00:00\",\"dateModified\":\"2017-07-04T19:10:23+00:00\",\"breadcrumb\":{\"@id\":\"https:\\\/\\\/martinluther.ca\\\/de\\\/2017\\\/07\\\/gottesdienste-im-sommer-2017\\\/#breadcrumb\"},\"inLanguage\":\"de\",\"potentialAction\":[{\"@type\":\"ReadAction\",\"target\":[\"https:\\\/\\\/martinluther.ca\\\/de\\\/2017\\\/07\\\/gottesdienste-im-sommer-2017\\\/\"]}]},{\"@type\":\"ImageObject\",\"inLanguage\":\"de\",\"@id\":\"https:\\\/\\\/martinluther.ca\\\/de\\\/2017\\\/07\\\/gottesdienste-im-sommer-2017\\\/#primaryimage\",\"url\":\"https:\\\/\\\/martinluther.ca\\\/wp-content\\\/uploads\\\/2017\\\/06\\\/2017-Canada-Summer-Job-interns-3-4.jpg\",\"contentUrl\":\"https:\\\/\\\/martinluther.ca\\\/wp-content\\\/uploads\\\/2017\\\/06\\\/2017-Canada-Summer-Job-interns-3-4.jpg\",\"width\":720,\"height\":540,\"caption\":\"2017 Canada Summer Job intern\"},{\"@type\":\"BreadcrumbList\",\"@id\":\"https:\\\/\\\/martinluther.ca\\\/de\\\/2017\\\/07\\\/gottesdienste-im-sommer-2017\\\/#breadcrumb\",\"itemListElement\":[{\"@type\":\"ListItem\",\"position\":1,\"name\":\"Home\",\"item\":\"https:\\\/\\\/martinluther.ca\\\/de\\\/\"},{\"@type\":\"ListItem\",\"position\":2,\"name\":\"Gottesdienste im Sommer 2017\"}]},{\"@type\":\"WebSite\",\"@id\":\"https:\\\/\\\/martinluther.ca\\\/de\\\/#website\",\"url\":\"https:\\\/\\\/martinluther.ca\\\/de\\\/\",\"name\":\"Martin Luther Evangelical Church Toronto\",\"description\":\"Deutsch &amp; Englisch\",\"publisher\":{\"@id\":\"https:\\\/\\\/martinluther.ca\\\/de\\\/#organization\"},\"potentialAction\":[{\"@type\":\"SearchAction\",\"target\":{\"@type\":\"EntryPoint\",\"urlTemplate\":\"https:\\\/\\\/martinluther.ca\\\/de\\\/?s={search_term_string}\"},\"query-input\":{\"@type\":\"PropertyValueSpecification\",\"valueRequired\":true,\"valueName\":\"search_term_string\"}}],\"inLanguage\":\"de\"},{\"@type\":\"Organization\",\"@id\":\"https:\\\/\\\/martinluther.ca\\\/de\\\/#organization\",\"name\":\"Martin Luther Evangelical Church Toronto\",\"url\":\"https:\\\/\\\/martinluther.ca\\\/de\\\/\",\"logo\":{\"@type\":\"ImageObject\",\"inLanguage\":\"de\",\"@id\":\"https:\\\/\\\/martinluther.ca\\\/de\\\/#\\\/schema\\\/logo\\\/image\\\/\",\"url\":\"https:\\\/\\\/martinluther.ca\\\/wp-content\\\/uploads\\\/2016\\\/12\\\/ml-logo-300.png\",\"contentUrl\":\"https:\\\/\\\/martinluther.ca\\\/wp-content\\\/uploads\\\/2016\\\/12\\\/ml-logo-300.png\",\"width\":300,\"height\":150,\"caption\":\"Martin Luther Evangelical Church Toronto\"},\"image\":{\"@id\":\"https:\\\/\\\/martinluther.ca\\\/de\\\/#\\\/schema\\\/logo\\\/image\\\/\"},\"sameAs\":[\"https:\\\/\\\/www.facebook.com\\\/martinlutherchurchtoronto\",\"https:\\\/\\\/www.instagram.com\\\/lutheransbythelake\\\/\",\"https:\\\/\\\/www.youtube.com\\\/MartinLutherChurchToronto\"]},{\"@type\":\"Person\",\"@id\":\"https:\\\/\\\/martinluther.ca\\\/de\\\/#\\\/schema\\\/person\\\/815c51710f70b050f0476f18da6b0c8f\",\"name\":\"Mona Kakoschke Frantzke\",\"image\":{\"@type\":\"ImageObject\",\"inLanguage\":\"de\",\"@id\":\"https:\\\/\\\/secure.gravatar.com\\\/avatar\\\/0deb16854ca545cd2e9fc8001ca110d262b80d5c8317b38dc542265fbea0ed19?s=96&d=mm&r=g\",\"url\":\"https:\\\/\\\/secure.gravatar.com\\\/avatar\\\/0deb16854ca545cd2e9fc8001ca110d262b80d5c8317b38dc542265fbea0ed19?s=96&d=mm&r=g\",\"contentUrl\":\"https:\\\/\\\/secure.gravatar.com\\\/avatar\\\/0deb16854ca545cd2e9fc8001ca110d262b80d5c8317b38dc542265fbea0ed19?s=96&d=mm&r=g\",\"caption\":\"Mona Kakoschke Frantzke\"},\"url\":false}]}<\/script>\n<!-- \/ Yoast SEO plugin. -->","yoast_head_json":{"title":"Gottesdienste im Sommer 2017 - Martin Luther Evangelische Kirche Toronto","robots":{"index":"index","follow":"follow","max-snippet":"max-snippet:-1","max-image-preview":"max-image-preview:large","max-video-preview":"max-video-preview:-1"},"canonical":"https:\/\/martinluther.ca\/de\/2017\/07\/gottesdienste-im-sommer-2017\/","og_locale":"de_DE","og_type":"article","og_title":"Gottesdienste im Sommer 2017 - Martin Luther Evangelische Kirche Toronto","og_description":"Der Sommer ist eine besondere Zeit in der Martin Luther Kirche. Der Keller ist den ganzen Tag \u00fcber lebendig mit den Daycare Kindern. Unsere Canada Summer Job Praktikanten Jenny und Nicholas arbeiten an besonderen Projekten. Ehrenamtliche und ortsans\u00e4ssige Baufirmen helfen dabei, mit Hilfe Ihrer Spenden und des Zuschusses der Evangelischen Kirche in Deutschland (EKD) unser&hellip;","og_url":"https:\/\/martinluther.ca\/de\/2017\/07\/gottesdienste-im-sommer-2017\/","og_site_name":"Martin Luther Evangelische Kirche Toronto","article_publisher":"https:\/\/www.facebook.com\/martinlutherchurchtoronto","article_published_time":"2017-07-04T19:07:28+00:00","article_modified_time":"2017-07-04T19:10:23+00:00","og_image":[{"width":720,"height":540,"url":"https:\/\/martinluther.ca\/wp-content\/uploads\/2017\/06\/2017-Canada-Summer-Job-interns-3-4.jpg","type":"image\/jpeg"}],"author":"Mona Kakoschke Frantzke","twitter_card":"summary_large_image","twitter_misc":{"Verfasst von":"Mona Kakoschke Frantzke","Gesch\u00e4tzte Lesezeit":"2\u00a0Minuten"},"schema":{"@context":"https:\/\/schema.org","@graph":[{"@type":"Article","@id":"https:\/\/martinluther.ca\/de\/2017\/07\/gottesdienste-im-sommer-2017\/#article","isPartOf":{"@id":"https:\/\/martinluther.ca\/de\/2017\/07\/gottesdienste-im-sommer-2017\/"},"author":{"name":"Mona Kakoschke Frantzke","@id":"https:\/\/martinluther.ca\/de\/#\/schema\/person\/815c51710f70b050f0476f18da6b0c8f"},"headline":"Gottesdienste im Sommer 2017","datePublished":"2017-07-04T19:07:28+00:00","dateModified":"2017-07-04T19:10:23+00:00","mainEntityOfPage":{"@id":"https:\/\/martinluther.ca\/de\/2017\/07\/gottesdienste-im-sommer-2017\/"},"wordCount":375,"publisher":{"@id":"https:\/\/martinluther.ca\/de\/#organization"},"image":{"@id":"https:\/\/martinluther.ca\/de\/2017\/07\/gottesdienste-im-sommer-2017\/#primaryimage"},"thumbnailUrl":"https:\/\/martinluther.ca\/wp-content\/uploads\/2017\/06\/2017-Canada-Summer-Job-interns-3-4.jpg","articleSection":["News Blog - German"],"inLanguage":"de"},{"@type":"WebPage","@id":"https:\/\/martinluther.ca\/de\/2017\/07\/gottesdienste-im-sommer-2017\/","url":"https:\/\/martinluther.ca\/de\/2017\/07\/gottesdienste-im-sommer-2017\/","name":"Gottesdienste im Sommer 2017 - Martin Luther Evangelische Kirche Toronto","isPartOf":{"@id":"https:\/\/martinluther.ca\/de\/#website"},"primaryImageOfPage":{"@id":"https:\/\/martinluther.ca\/de\/2017\/07\/gottesdienste-im-sommer-2017\/#primaryimage"},"image":{"@id":"https:\/\/martinluther.ca\/de\/2017\/07\/gottesdienste-im-sommer-2017\/#primaryimage"},"thumbnailUrl":"https:\/\/martinluther.ca\/wp-content\/uploads\/2017\/06\/2017-Canada-Summer-Job-interns-3-4.jpg","datePublished":"2017-07-04T19:07:28+00:00","dateModified":"2017-07-04T19:10:23+00:00","breadcrumb":{"@id":"https:\/\/martinluther.ca\/de\/2017\/07\/gottesdienste-im-sommer-2017\/#breadcrumb"},"inLanguage":"de","potentialAction":[{"@type":"ReadAction","target":["https:\/\/martinluther.ca\/de\/2017\/07\/gottesdienste-im-sommer-2017\/"]}]},{"@type":"ImageObject","inLanguage":"de","@id":"https:\/\/martinluther.ca\/de\/2017\/07\/gottesdienste-im-sommer-2017\/#primaryimage","url":"https:\/\/martinluther.ca\/wp-content\/uploads\/2017\/06\/2017-Canada-Summer-Job-interns-3-4.jpg","contentUrl":"https:\/\/martinluther.ca\/wp-content\/uploads\/2017\/06\/2017-Canada-Summer-Job-interns-3-4.jpg","width":720,"height":540,"caption":"2017 Canada Summer Job intern"},{"@type":"BreadcrumbList","@id":"https:\/\/martinluther.ca\/de\/2017\/07\/gottesdienste-im-sommer-2017\/#breadcrumb","itemListElement":[{"@type":"ListItem","position":1,"name":"Home","item":"https:\/\/martinluther.ca\/de\/"},{"@type":"ListItem","position":2,"name":"Gottesdienste im Sommer 2017"}]},{"@type":"WebSite","@id":"https:\/\/martinluther.ca\/de\/#website","url":"https:\/\/martinluther.ca\/de\/","name":"Martin Luther Evangelical Church Toronto","description":"Deutsch &amp; Englisch","publisher":{"@id":"https:\/\/martinluther.ca\/de\/#organization"},"potentialAction":[{"@type":"SearchAction","target":{"@type":"EntryPoint","urlTemplate":"https:\/\/martinluther.ca\/de\/?s={search_term_string}"},"query-input":{"@type":"PropertyValueSpecification","valueRequired":true,"valueName":"search_term_string"}}],"inLanguage":"de"},{"@type":"Organization","@id":"https:\/\/martinluther.ca\/de\/#organization","name":"Martin Luther Evangelical Church Toronto","url":"https:\/\/martinluther.ca\/de\/","logo":{"@type":"ImageObject","inLanguage":"de","@id":"https:\/\/martinluther.ca\/de\/#\/schema\/logo\/image\/","url":"https:\/\/martinluther.ca\/wp-content\/uploads\/2016\/12\/ml-logo-300.png","contentUrl":"https:\/\/martinluther.ca\/wp-content\/uploads\/2016\/12\/ml-logo-300.png","width":300,"height":150,"caption":"Martin Luther Evangelical Church Toronto"},"image":{"@id":"https:\/\/martinluther.ca\/de\/#\/schema\/logo\/image\/"},"sameAs":["https:\/\/www.facebook.com\/martinlutherchurchtoronto","https:\/\/www.instagram.com\/lutheransbythelake\/","https:\/\/www.youtube.com\/MartinLutherChurchToronto"]},{"@type":"Person","@id":"https:\/\/martinluther.ca\/de\/#\/schema\/person\/815c51710f70b050f0476f18da6b0c8f","name":"Mona Kakoschke Frantzke","image":{"@type":"ImageObject","inLanguage":"de","@id":"https:\/\/secure.gravatar.com\/avatar\/0deb16854ca545cd2e9fc8001ca110d262b80d5c8317b38dc542265fbea0ed19?s=96&d=mm&r=g","url":"https:\/\/secure.gravatar.com\/avatar\/0deb16854ca545cd2e9fc8001ca110d262b80d5c8317b38dc542265fbea0ed19?s=96&d=mm&r=g","contentUrl":"https:\/\/secure.gravatar.com\/avatar\/0deb16854ca545cd2e9fc8001ca110d262b80d5c8317b38dc542265fbea0ed19?s=96&d=mm&r=g","caption":"Mona Kakoschke Frantzke"},"url":false}]}},"_links":{"self":[{"href":"https:\/\/martinluther.ca\/de\/wp-json\/wp\/v2\/posts\/26653","targetHints":{"allow":["GET"]}}],"collection":[{"href":"https:\/\/martinluther.ca\/de\/wp-json\/wp\/v2\/posts"}],"about":[{"href":"https:\/\/martinluther.ca\/de\/wp-json\/wp\/v2\/types\/post"}],"author":[{"embeddable":true,"href":"https:\/\/martinluther.ca\/de\/wp-json\/wp\/v2\/users\/9"}],"replies":[{"embeddable":true,"href":"https:\/\/martinluther.ca\/de\/wp-json\/wp\/v2\/comments?post=26653"}],"version-history":[{"count":13,"href":"https:\/\/martinluther.ca\/de\/wp-json\/wp\/v2\/posts\/26653\/revisions"}],"predecessor-version":[{"id":26699,"href":"https:\/\/martinluther.ca\/de\/wp-json\/wp\/v2\/posts\/26653\/revisions\/26699"}],"wp:featuredmedia":[{"embeddable":true,"href":"https:\/\/martinluther.ca\/de\/wp-json\/wp\/v2\/media\/26646"}],"wp:attachment":[{"href":"https:\/\/martinluther.ca\/de\/wp-json\/wp\/v2\/media?parent=26653"}],"wp:term":[{"taxonomy":"category","embeddable":true,"href":"https:\/\/martinluther.ca\/de\/wp-json\/wp\/v2\/categories?post=26653"},{"taxonomy":"post_tag","embeddable":true,"href":"https:\/\/martinluther.ca\/de\/wp-json\/wp\/v2\/tags?post=26653"},{"taxonomy":"post_series","embeddable":true,"href":"https:\/\/martinluther.ca\/de\/wp-json\/wp\/v2\/post_series?post=26653"}],"curies":[{"name":"wp","href":"https:\/\/api.w.org\/{rel}","templated":true}]}}