{"id":26756,"date":"2017-07-17T14:22:50","date_gmt":"2017-07-17T18:22:50","guid":{"rendered":"https:\/\/martinluther.ca\/?p=26756\/"},"modified":"2017-07-17T14:29:58","modified_gmt":"2017-07-17T18:29:58","slug":"das-renovieren-beginnt","status":"publish","type":"post","link":"https:\/\/martinluther.ca\/de\/2017\/07\/das-renovieren-beginnt\/","title":{"rendered":"Das Renovieren beginnt"},"content":{"rendered":"<p class=\"p1\"><span class=\"s1\">Das Kirchenb\u00fcro ist seit den 80er Jahren nicht mehr renoviert worden; also war es allerh\u00f6chste Zeit, es mit neuer Farbe, neuen B\u00f6den und vor allem neuen Heizungsrohren aufzufrischen. Die Rohrinstallationsarbeiten erfolgten im Juni sehr rasch, und ohne dass B\u00fcro, Kirche oder KiTa (Kindertagesst\u00e4tte) in Mitleidenschaft gezogen wurden. <\/span><\/p>\n<h3 class=\"p1\"><span class=\"s1\">Das B\u00fcro wird ausger\u00e4umt<\/span><\/h3>\n<p class=\"p1\"><span class=\"s1\">In dieser n\u00e4chsten Arbeitsphase wurde das B\u00fcro wirklich verwandelt. Mobiliar und Mitarbeiter wurden nach unten verlagert, damit unsere hart arbeitenden Freiwilligen mit dem \u00f6stlichen B\u00fcroraum beginnen konnten. Als unsere Mitarbeiter am Freitag Feierabend machten, waren die meisten M\u00f6bel noch oben im B\u00fcro, und als sie am Montag wiederkamen, waren bereits s\u00e4mtliche M\u00f6bel sowie der Teppichboden entfernt, und alles war bereits mit Planen abgedeckt.<\/span><\/p>\n<h3 class=\"p1\"><span class=\"s1\">Das Anstreichen beginnt<\/span><\/h3>\n<p class=\"p1\"><span class=\"s1\">Die Vorbereitungen zum Streichen waren wesentlich arbeitsintensiver als urspr\u00fcnglich angenommen.<span class=\"Apple-converted-space\">\u00a0 <\/span>Es stellte sich heraus, dass viele Oberfl\u00e4chen im B\u00fcro mit \u00d6lfarbe gestrichen worden waren, was mehr Reinigen, Abschleifen und Vorstreichen bedeutete als geplant. Zum Gl\u00fcck stellte sich dies alles fr\u00fch genug heraus, so dass die Vorarbeiten am langen Canada-Day-Wochenende abgeschlossen werden konnten und das Streichen beginnen konnte. Das Anstreichen selbst dauerte dann nur zwei Tage, so dass der Renovierungszeitplan unver\u00e4ndert blieb.<\/span><\/p>\n<p class=\"p1\"><span class=\"s1\">In den n\u00e4chsten Wochen wird neuer Teppichboden verlegt, neue M\u00f6bel werden gekauft, und der Gro\u00dfteil der Arbeit abgeschlossen sein. Wir danken besonders Dan<span class=\"Apple-converted-space\">\u00a0 <\/span>f\u00fcr all die Zeit, die er investiert hat, Matthew, der sich zum Streichen einen Tag Urlaub genommen hat, und all unseren freiwilligen Helfern, die daf\u00fcr sorgen, dass dieses Projekt innerhalb des Zeit- bzw. Haushaltsplans bleibt! Teresa, Leiterin der Kindertagesst\u00e4tte, hat es am besten ausgedr\u00fcckt: \u201eIch glaube, wir haben alles abgedeckt. Ich freue mich auf das Endergebnis. Wir \u00fcberstehen das schon, nach <i>Nr. 5, Superior Avenue,<\/i> ist alles andere ein Kinderspiel.\u201c F\u00fcr weitere Spenden-Infos bzgl. dieses Projekts klicken Sie bitte <a href=\"https:\/\/martinluther.ca\/de\/2017\/07\/neues-von-der-spendenaktion\/\" target=\"_blank\" rel=\"noopener\">hier<\/a>. <\/span><\/p>\n<div id=\"gallery-1\" class=\"wpex-gallery wpex-grid wpex-grid-cols-3 wpex-gap-20 wpex-lightbox-group wpex-mb-20\"><figure class=\"gallery-item\"><a href=\"https:\/\/martinluther.ca\/wp-content\/uploads\/2017\/07\/add2.jpg\" class=\"wpex-lightbox-group-item\"><img loading=\"lazy\" decoding=\"async\" src=\"https:\/\/martinluther.ca\/wp-content\/uploads\/2017\/07\/add2-1024x576.jpg\" alt=\"\" srcset=\"https:\/\/martinluther.ca\/wp-content\/uploads\/2017\/07\/add2-1024x576.jpg 1024w, https:\/\/martinluther.ca\/wp-content\/uploads\/2017\/07\/add2-300x169.jpg 300w, https:\/\/martinluther.ca\/wp-content\/uploads\/2017\/07\/add2-768x432.jpg 768w, https:\/\/martinluther.ca\/wp-content\/uploads\/2017\/07\/add2.jpg 2048w\" width=\"1024\" height=\"576\"><\/a><\/figure><figure class=\"gallery-item\"><a href=\"https:\/\/martinluther.ca\/wp-content\/uploads\/2017\/07\/add1.jpg\" class=\"wpex-lightbox-group-item\"><img loading=\"lazy\" decoding=\"async\" src=\"https:\/\/martinluther.ca\/wp-content\/uploads\/2017\/07\/add1-1024x576.jpg\" alt=\"\" srcset=\"https:\/\/martinluther.ca\/wp-content\/uploads\/2017\/07\/add1-1024x576.jpg 1024w, https:\/\/martinluther.ca\/wp-content\/uploads\/2017\/07\/add1-300x169.jpg 300w, https:\/\/martinluther.ca\/wp-content\/uploads\/2017\/07\/add1-768x432.jpg 768w, https:\/\/martinluther.ca\/wp-content\/uploads\/2017\/07\/add1.jpg 2048w\" width=\"1024\" height=\"576\"><\/a><\/figure><figure class=\"gallery-item\"><a href=\"https:\/\/martinluther.ca\/wp-content\/uploads\/2017\/07\/2017-07-10-11.04.18.jpeg\" class=\"wpex-lightbox-group-item\"><img loading=\"lazy\" decoding=\"async\" src=\"https:\/\/martinluther.ca\/wp-content\/uploads\/2017\/07\/2017-07-10-11.04.18-1024x576.jpeg\" alt=\"\" srcset=\"https:\/\/martinluther.ca\/wp-content\/uploads\/2017\/07\/2017-07-10-11.04.18-1024x576.jpeg 1024w, https:\/\/martinluther.ca\/wp-content\/uploads\/2017\/07\/2017-07-10-11.04.18-300x169.jpeg 300w, https:\/\/martinluther.ca\/wp-content\/uploads\/2017\/07\/2017-07-10-11.04.18-768x432.jpeg 768w\" width=\"1024\" height=\"576\"><\/a><\/figure><figure class=\"gallery-item\"><a href=\"https:\/\/martinluther.ca\/wp-content\/uploads\/2017\/07\/2017-07-10-11.03.51.jpeg\" class=\"wpex-lightbox-group-item\"><img loading=\"lazy\" decoding=\"async\" src=\"https:\/\/martinluther.ca\/wp-content\/uploads\/2017\/07\/2017-07-10-11.03.51-1024x576.jpeg\" alt=\"\" srcset=\"https:\/\/martinluther.ca\/wp-content\/uploads\/2017\/07\/2017-07-10-11.03.51-1024x576.jpeg 1024w, https:\/\/martinluther.ca\/wp-content\/uploads\/2017\/07\/2017-07-10-11.03.51-300x169.jpeg 300w, https:\/\/martinluther.ca\/wp-content\/uploads\/2017\/07\/2017-07-10-11.03.51-768x432.jpeg 768w\" width=\"1024\" height=\"576\"><\/a><\/figure><figure class=\"gallery-item\"><a href=\"https:\/\/martinluther.ca\/wp-content\/uploads\/2017\/07\/2017-07-10-11.03.28.jpeg\" class=\"wpex-lightbox-group-item\"><img loading=\"lazy\" decoding=\"async\" src=\"https:\/\/martinluther.ca\/wp-content\/uploads\/2017\/07\/2017-07-10-11.03.28-1024x576.jpeg\" alt=\"\" srcset=\"https:\/\/martinluther.ca\/wp-content\/uploads\/2017\/07\/2017-07-10-11.03.28-1024x576.jpeg 1024w, https:\/\/martinluther.ca\/wp-content\/uploads\/2017\/07\/2017-07-10-11.03.28-300x169.jpeg 300w, https:\/\/martinluther.ca\/wp-content\/uploads\/2017\/07\/2017-07-10-11.03.28-768x432.jpeg 768w\" width=\"1024\" height=\"576\"><\/a><\/figure><figure class=\"gallery-item\"><a href=\"https:\/\/martinluther.ca\/wp-content\/uploads\/2017\/07\/2017-07-10-11.02.59.jpeg\" class=\"wpex-lightbox-group-item\"><img loading=\"lazy\" decoding=\"async\" src=\"https:\/\/martinluther.ca\/wp-content\/uploads\/2017\/07\/2017-07-10-11.02.59-1024x576.jpeg\" alt=\"\" srcset=\"https:\/\/martinluther.ca\/wp-content\/uploads\/2017\/07\/2017-07-10-11.02.59-1024x576.jpeg 1024w, https:\/\/martinluther.ca\/wp-content\/uploads\/2017\/07\/2017-07-10-11.02.59-300x169.jpeg 300w, https:\/\/martinluther.ca\/wp-content\/uploads\/2017\/07\/2017-07-10-11.02.59-768x432.jpeg 768w\" width=\"1024\" height=\"576\"><\/a><\/figure><figure class=\"gallery-item\"><a href=\"https:\/\/martinluther.ca\/wp-content\/uploads\/2017\/07\/2017-07-04-10.21.19.jpeg\" class=\"wpex-lightbox-group-item\"><img loading=\"lazy\" decoding=\"async\" src=\"https:\/\/martinluther.ca\/wp-content\/uploads\/2017\/07\/2017-07-04-10.21.19-576x1024.jpeg\" alt=\"\" srcset=\"https:\/\/martinluther.ca\/wp-content\/uploads\/2017\/07\/2017-07-04-10.21.19-576x1024.jpeg 576w, https:\/\/martinluther.ca\/wp-content\/uploads\/2017\/07\/2017-07-04-10.21.19-169x300.jpeg 169w, https:\/\/martinluther.ca\/wp-content\/uploads\/2017\/07\/2017-07-04-10.21.19-768x1365.jpeg 768w\" width=\"576\" height=\"1024\"><\/a><\/figure><figure class=\"gallery-item\"><a href=\"https:\/\/martinluther.ca\/wp-content\/uploads\/2017\/07\/2017-06-29-16.37.10.jpeg\" class=\"wpex-lightbox-group-item\"><img loading=\"lazy\" decoding=\"async\" src=\"https:\/\/martinluther.ca\/wp-content\/uploads\/2017\/07\/2017-06-29-16.37.10-1024x576.jpeg\" alt=\"\" srcset=\"https:\/\/martinluther.ca\/wp-content\/uploads\/2017\/07\/2017-06-29-16.37.10-1024x576.jpeg 1024w, https:\/\/martinluther.ca\/wp-content\/uploads\/2017\/07\/2017-06-29-16.37.10-300x169.jpeg 300w, https:\/\/martinluther.ca\/wp-content\/uploads\/2017\/07\/2017-06-29-16.37.10-768x432.jpeg 768w\" width=\"1024\" height=\"576\"><\/a><\/figure><figure class=\"gallery-item\"><a href=\"https:\/\/martinluther.ca\/wp-content\/uploads\/2017\/07\/2017-06-29-16.36.41-e1500316427303.jpeg\" class=\"wpex-lightbox-group-item\"><img loading=\"lazy\" decoding=\"async\" src=\"https:\/\/martinluther.ca\/wp-content\/uploads\/2017\/07\/2017-06-29-16.36.41-e1500316427303-1024x769.jpeg\" alt=\"\" srcset=\"https:\/\/martinluther.ca\/wp-content\/uploads\/2017\/07\/2017-06-29-16.36.41-e1500316427303-1024x769.jpeg 1024w, https:\/\/martinluther.ca\/wp-content\/uploads\/2017\/07\/2017-06-29-16.36.41-e1500316427303-300x225.jpeg 300w, https:\/\/martinluther.ca\/wp-content\/uploads\/2017\/07\/2017-06-29-16.36.41-e1500316427303-768x576.jpeg 768w\" width=\"1024\" height=\"769\"><\/a><\/figure><figure class=\"gallery-item\"><a href=\"https:\/\/martinluther.ca\/wp-content\/uploads\/2017\/07\/2017-06-29-16.35.22.jpeg\" class=\"wpex-lightbox-group-item\"><img loading=\"lazy\" decoding=\"async\" src=\"https:\/\/martinluther.ca\/wp-content\/uploads\/2017\/07\/2017-06-29-16.35.22-1024x576.jpeg\" alt=\"\" srcset=\"https:\/\/martinluther.ca\/wp-content\/uploads\/2017\/07\/2017-06-29-16.35.22-1024x576.jpeg 1024w, https:\/\/martinluther.ca\/wp-content\/uploads\/2017\/07\/2017-06-29-16.35.22-300x169.jpeg 300w, https:\/\/martinluther.ca\/wp-content\/uploads\/2017\/07\/2017-06-29-16.35.22-768x432.jpeg 768w\" width=\"1024\" height=\"576\"><\/a><\/figure><figure class=\"gallery-item\"><a href=\"https:\/\/martinluther.ca\/wp-content\/uploads\/2017\/07\/2017-06-23-16.46.03.jpeg\" class=\"wpex-lightbox-group-item\"><img loading=\"lazy\" decoding=\"async\" src=\"https:\/\/martinluther.ca\/wp-content\/uploads\/2017\/07\/2017-06-23-16.46.03-1024x576.jpeg\" alt=\"\" srcset=\"https:\/\/martinluther.ca\/wp-content\/uploads\/2017\/07\/2017-06-23-16.46.03-1024x576.jpeg 1024w, https:\/\/martinluther.ca\/wp-content\/uploads\/2017\/07\/2017-06-23-16.46.03-300x169.jpeg 300w, https:\/\/martinluther.ca\/wp-content\/uploads\/2017\/07\/2017-06-23-16.46.03-768x432.jpeg 768w\" width=\"1024\" height=\"576\"><\/a><\/figure><figure class=\"gallery-item\"><a href=\"https:\/\/martinluther.ca\/wp-content\/uploads\/2017\/07\/2017-06-23-16.38.59-1.jpeg\" class=\"wpex-lightbox-group-item\"><img loading=\"lazy\" decoding=\"async\" src=\"https:\/\/martinluther.ca\/wp-content\/uploads\/2017\/07\/2017-06-23-16.38.59-1-1024x576.jpeg\" alt=\"\" srcset=\"https:\/\/martinluther.ca\/wp-content\/uploads\/2017\/07\/2017-06-23-16.38.59-1-1024x576.jpeg 1024w, https:\/\/martinluther.ca\/wp-content\/uploads\/2017\/07\/2017-06-23-16.38.59-1-300x169.jpeg 300w, https:\/\/martinluther.ca\/wp-content\/uploads\/2017\/07\/2017-06-23-16.38.59-1-768x432.jpeg 768w\" width=\"1024\" height=\"576\"><\/a><\/figure><figure class=\"gallery-item\"><a href=\"https:\/\/martinluther.ca\/wp-content\/uploads\/2017\/07\/2017-07-10-11.04.40.jpeg\" class=\"wpex-lightbox-group-item\"><img loading=\"lazy\" decoding=\"async\" src=\"https:\/\/martinluther.ca\/wp-content\/uploads\/2017\/07\/2017-07-10-11.04.40-1024x576.jpeg\" alt=\"\" srcset=\"https:\/\/martinluther.ca\/wp-content\/uploads\/2017\/07\/2017-07-10-11.04.40-1024x576.jpeg 1024w, https:\/\/martinluther.ca\/wp-content\/uploads\/2017\/07\/2017-07-10-11.04.40-300x169.jpeg 300w, https:\/\/martinluther.ca\/wp-content\/uploads\/2017\/07\/2017-07-10-11.04.40-768x432.jpeg 768w\" width=\"1024\" height=\"576\"><\/a><\/figure><figure class=\"gallery-item\"><a href=\"https:\/\/martinluther.ca\/wp-content\/uploads\/2017\/07\/2017-07-05-11.58.59.jpg\" class=\"wpex-lightbox-group-item\"><img loading=\"lazy\" decoding=\"async\" src=\"https:\/\/martinluther.ca\/wp-content\/uploads\/2017\/07\/2017-07-05-11.58.59-1024x576.jpg\" alt=\"\" srcset=\"https:\/\/martinluther.ca\/wp-content\/uploads\/2017\/07\/2017-07-05-11.58.59-1024x576.jpg 1024w, https:\/\/martinluther.ca\/wp-content\/uploads\/2017\/07\/2017-07-05-11.58.59-300x169.jpg 300w, https:\/\/martinluther.ca\/wp-content\/uploads\/2017\/07\/2017-07-05-11.58.59-768x432.jpg 768w\" width=\"1024\" height=\"576\"><\/a><\/figure><figure class=\"gallery-item\"><a href=\"https:\/\/martinluther.ca\/wp-content\/uploads\/2017\/06\/2017-Office-Renovations-2-3-4.jpg\" class=\"wpex-lightbox-group-item\" data-caption=\"The office pre-renovation\"><img loading=\"lazy\" decoding=\"async\" src=\"https:\/\/martinluther.ca\/wp-content\/uploads\/2017\/06\/2017-Office-Renovations-2-3-4.jpg\" alt=\"\" srcset=\"https:\/\/martinluther.ca\/wp-content\/uploads\/2017\/06\/2017-Office-Renovations-2-3-4.jpg 718w, https:\/\/martinluther.ca\/wp-content\/uploads\/2017\/06\/2017-Office-Renovations-2-3-4-300x225.jpg 300w\" width=\"718\" height=\"539\"><\/a><figcaption class=\"gallery-caption wpex-last-mb-0\">The office pre-renovation<\/figcaption><\/figure><figure class=\"gallery-item\"><a href=\"https:\/\/martinluther.ca\/wp-content\/uploads\/2017\/06\/2017-Office-Renovations-1-3-4.jpg\" class=\"wpex-lightbox-group-item\"><img loading=\"lazy\" decoding=\"async\" src=\"https:\/\/martinluther.ca\/wp-content\/uploads\/2017\/06\/2017-Office-Renovations-1-3-4.jpg\" alt=\"\" srcset=\"https:\/\/martinluther.ca\/wp-content\/uploads\/2017\/06\/2017-Office-Renovations-1-3-4.jpg 718w, https:\/\/martinluther.ca\/wp-content\/uploads\/2017\/06\/2017-Office-Renovations-1-3-4-300x225.jpg 300w\" width=\"718\" height=\"539\"><\/a><\/figure><figure class=\"gallery-item\"><a href=\"https:\/\/martinluther.ca\/wp-content\/uploads\/2017\/07\/2017-06-23-09.17.51.jpeg\" class=\"wpex-lightbox-group-item\"><img loading=\"lazy\" decoding=\"async\" src=\"https:\/\/martinluther.ca\/wp-content\/uploads\/2017\/07\/2017-06-23-09.17.51-1024x576.jpeg\" alt=\"\" srcset=\"https:\/\/martinluther.ca\/wp-content\/uploads\/2017\/07\/2017-06-23-09.17.51-1024x576.jpeg 1024w, https:\/\/martinluther.ca\/wp-content\/uploads\/2017\/07\/2017-06-23-09.17.51-300x169.jpeg 300w, https:\/\/martinluther.ca\/wp-content\/uploads\/2017\/07\/2017-06-23-09.17.51-768x432.jpeg 768w\" width=\"1024\" height=\"576\"><\/a><\/figure><\/div>\n\n","protected":false},"excerpt":{"rendered":"<p>Das Kirchenb\u00fcro ist seit den 80er Jahren nicht mehr renoviert worden; also war es allerh\u00f6chste Zeit, es mit neuer Farbe, neuen B\u00f6den und vor allem neuen Heizungsrohren aufzufrischen. Die Rohrinstallationsarbeiten erfolgten im Juni sehr rasch, und ohne dass B\u00fcro, Kirche oder KiTa (Kindertagesst\u00e4tte) in Mitleidenschaft gezogen wurden. Das B\u00fcro wird ausger\u00e4umt In dieser n\u00e4chsten Arbeitsphase&hellip;<\/p>\n","protected":false},"author":8,"featured_media":26791,"comment_status":"closed","ping_status":"closed","sticky":false,"template":"","format":"standard","meta":{"footnotes":""},"categories":[69],"tags":[],"post_series":[],"class_list":["post-26756","post","type-post","status-publish","format-standard","has-post-thumbnail","hentry","category-news-blog-german","entry","has-media"],"yoast_head":"<!-- This site is optimized with the Yoast SEO plugin v27.5 - https:\/\/yoast.com\/product\/yoast-seo-wordpress\/ -->\n<title>Das Renovieren beginnt - Martin Luther Evangelische Kirche Toronto<\/title>\n<meta name=\"robots\" content=\"index, follow, max-snippet:-1, max-image-preview:large, max-video-preview:-1\" \/>\n<link rel=\"canonical\" href=\"https:\/\/martinluther.ca\/de\/2017\/07\/das-renovieren-beginnt\/\" \/>\n<meta property=\"og:locale\" content=\"de_DE\" \/>\n<meta property=\"og:type\" content=\"article\" \/>\n<meta property=\"og:title\" content=\"Das Renovieren beginnt - Martin Luther Evangelische Kirche Toronto\" \/>\n<meta property=\"og:description\" content=\"Das Kirchenb\u00fcro ist seit den 80er Jahren nicht mehr renoviert worden; also war es allerh\u00f6chste Zeit, es mit neuer Farbe, neuen B\u00f6den und vor allem neuen Heizungsrohren aufzufrischen. Die Rohrinstallationsarbeiten erfolgten im Juni sehr rasch, und ohne dass B\u00fcro, Kirche oder KiTa (Kindertagesst\u00e4tte) in Mitleidenschaft gezogen wurden. Das B\u00fcro wird ausger\u00e4umt In dieser n\u00e4chsten Arbeitsphase&hellip;\" \/>\n<meta property=\"og:url\" content=\"https:\/\/martinluther.ca\/de\/2017\/07\/das-renovieren-beginnt\/\" \/>\n<meta property=\"og:site_name\" content=\"Martin Luther Evangelische Kirche Toronto\" \/>\n<meta property=\"article:publisher\" content=\"https:\/\/www.facebook.com\/martinlutherchurchtoronto\" \/>\n<meta property=\"article:published_time\" content=\"2017-07-17T18:22:50+00:00\" \/>\n<meta property=\"article:modified_time\" content=\"2017-07-17T18:29:58+00:00\" \/>\n<meta property=\"og:image\" content=\"https:\/\/martinluther.ca\/wp-content\/uploads\/2017\/07\/2017-06-29-16.36.41-e1500316427303.jpeg\" \/>\n\t<meta property=\"og:image:width\" content=\"3537\" \/>\n\t<meta property=\"og:image:height\" content=\"2655\" \/>\n\t<meta property=\"og:image:type\" content=\"image\/jpeg\" \/>\n<meta name=\"author\" content=\"Marlena Muller\" \/>\n<meta name=\"twitter:card\" content=\"summary_large_image\" \/>\n<meta name=\"twitter:label1\" content=\"Verfasst von\" \/>\n\t<meta name=\"twitter:data1\" content=\"Marlena Muller\" \/>\n\t<meta name=\"twitter:label2\" content=\"Gesch\u00e4tzte Lesezeit\" \/>\n\t<meta name=\"twitter:data2\" content=\"2\u00a0Minuten\" \/>\n<script type=\"application\/ld+json\" class=\"yoast-schema-graph\">{\"@context\":\"https:\\\/\\\/schema.org\",\"@graph\":[{\"@type\":\"Article\",\"@id\":\"https:\\\/\\\/martinluther.ca\\\/de\\\/2017\\\/07\\\/das-renovieren-beginnt\\\/#article\",\"isPartOf\":{\"@id\":\"https:\\\/\\\/martinluther.ca\\\/de\\\/2017\\\/07\\\/das-renovieren-beginnt\\\/\"},\"author\":{\"name\":\"Marlena Muller\",\"@id\":\"https:\\\/\\\/martinluther.ca\\\/de\\\/#\\\/schema\\\/person\\\/ef4e825f5d9d6fd740bbd7813710e15d\"},\"headline\":\"Das Renovieren beginnt\",\"datePublished\":\"2017-07-17T18:22:50+00:00\",\"dateModified\":\"2017-07-17T18:29:58+00:00\",\"mainEntityOfPage\":{\"@id\":\"https:\\\/\\\/martinluther.ca\\\/de\\\/2017\\\/07\\\/das-renovieren-beginnt\\\/\"},\"wordCount\":323,\"publisher\":{\"@id\":\"https:\\\/\\\/martinluther.ca\\\/de\\\/#organization\"},\"image\":{\"@id\":\"https:\\\/\\\/martinluther.ca\\\/de\\\/2017\\\/07\\\/das-renovieren-beginnt\\\/#primaryimage\"},\"thumbnailUrl\":\"https:\\\/\\\/martinluther.ca\\\/wp-content\\\/uploads\\\/2017\\\/07\\\/2017-06-29-16.36.41-e1500316427303.jpeg\",\"articleSection\":[\"News Blog - German\"],\"inLanguage\":\"de\"},{\"@type\":\"WebPage\",\"@id\":\"https:\\\/\\\/martinluther.ca\\\/de\\\/2017\\\/07\\\/das-renovieren-beginnt\\\/\",\"url\":\"https:\\\/\\\/martinluther.ca\\\/de\\\/2017\\\/07\\\/das-renovieren-beginnt\\\/\",\"name\":\"Das Renovieren beginnt - Martin Luther Evangelische Kirche Toronto\",\"isPartOf\":{\"@id\":\"https:\\\/\\\/martinluther.ca\\\/de\\\/#website\"},\"primaryImageOfPage\":{\"@id\":\"https:\\\/\\\/martinluther.ca\\\/de\\\/2017\\\/07\\\/das-renovieren-beginnt\\\/#primaryimage\"},\"image\":{\"@id\":\"https:\\\/\\\/martinluther.ca\\\/de\\\/2017\\\/07\\\/das-renovieren-beginnt\\\/#primaryimage\"},\"thumbnailUrl\":\"https:\\\/\\\/martinluther.ca\\\/wp-content\\\/uploads\\\/2017\\\/07\\\/2017-06-29-16.36.41-e1500316427303.jpeg\",\"datePublished\":\"2017-07-17T18:22:50+00:00\",\"dateModified\":\"2017-07-17T18:29:58+00:00\",\"breadcrumb\":{\"@id\":\"https:\\\/\\\/martinluther.ca\\\/de\\\/2017\\\/07\\\/das-renovieren-beginnt\\\/#breadcrumb\"},\"inLanguage\":\"de\",\"potentialAction\":[{\"@type\":\"ReadAction\",\"target\":[\"https:\\\/\\\/martinluther.ca\\\/de\\\/2017\\\/07\\\/das-renovieren-beginnt\\\/\"]}]},{\"@type\":\"ImageObject\",\"inLanguage\":\"de\",\"@id\":\"https:\\\/\\\/martinluther.ca\\\/de\\\/2017\\\/07\\\/das-renovieren-beginnt\\\/#primaryimage\",\"url\":\"https:\\\/\\\/martinluther.ca\\\/wp-content\\\/uploads\\\/2017\\\/07\\\/2017-06-29-16.36.41-e1500316427303.jpeg\",\"contentUrl\":\"https:\\\/\\\/martinluther.ca\\\/wp-content\\\/uploads\\\/2017\\\/07\\\/2017-06-29-16.36.41-e1500316427303.jpeg\",\"width\":3537,\"height\":2655},{\"@type\":\"BreadcrumbList\",\"@id\":\"https:\\\/\\\/martinluther.ca\\\/de\\\/2017\\\/07\\\/das-renovieren-beginnt\\\/#breadcrumb\",\"itemListElement\":[{\"@type\":\"ListItem\",\"position\":1,\"name\":\"Home\",\"item\":\"https:\\\/\\\/martinluther.ca\\\/de\\\/\"},{\"@type\":\"ListItem\",\"position\":2,\"name\":\"Das Renovieren beginnt\"}]},{\"@type\":\"WebSite\",\"@id\":\"https:\\\/\\\/martinluther.ca\\\/de\\\/#website\",\"url\":\"https:\\\/\\\/martinluther.ca\\\/de\\\/\",\"name\":\"Martin Luther Evangelical Church Toronto\",\"description\":\"Deutsch &amp; Englisch\",\"publisher\":{\"@id\":\"https:\\\/\\\/martinluther.ca\\\/de\\\/#organization\"},\"potentialAction\":[{\"@type\":\"SearchAction\",\"target\":{\"@type\":\"EntryPoint\",\"urlTemplate\":\"https:\\\/\\\/martinluther.ca\\\/de\\\/?s={search_term_string}\"},\"query-input\":{\"@type\":\"PropertyValueSpecification\",\"valueRequired\":true,\"valueName\":\"search_term_string\"}}],\"inLanguage\":\"de\"},{\"@type\":\"Organization\",\"@id\":\"https:\\\/\\\/martinluther.ca\\\/de\\\/#organization\",\"name\":\"Martin Luther Evangelical Church Toronto\",\"url\":\"https:\\\/\\\/martinluther.ca\\\/de\\\/\",\"logo\":{\"@type\":\"ImageObject\",\"inLanguage\":\"de\",\"@id\":\"https:\\\/\\\/martinluther.ca\\\/de\\\/#\\\/schema\\\/logo\\\/image\\\/\",\"url\":\"https:\\\/\\\/martinluther.ca\\\/wp-content\\\/uploads\\\/2016\\\/12\\\/ml-logo-300.png\",\"contentUrl\":\"https:\\\/\\\/martinluther.ca\\\/wp-content\\\/uploads\\\/2016\\\/12\\\/ml-logo-300.png\",\"width\":300,\"height\":150,\"caption\":\"Martin Luther Evangelical Church Toronto\"},\"image\":{\"@id\":\"https:\\\/\\\/martinluther.ca\\\/de\\\/#\\\/schema\\\/logo\\\/image\\\/\"},\"sameAs\":[\"https:\\\/\\\/www.facebook.com\\\/martinlutherchurchtoronto\",\"https:\\\/\\\/www.instagram.com\\\/lutheransbythelake\\\/\",\"https:\\\/\\\/www.youtube.com\\\/MartinLutherChurchToronto\"]},{\"@type\":\"Person\",\"@id\":\"https:\\\/\\\/martinluther.ca\\\/de\\\/#\\\/schema\\\/person\\\/ef4e825f5d9d6fd740bbd7813710e15d\",\"name\":\"Marlena Muller\",\"image\":{\"@type\":\"ImageObject\",\"inLanguage\":\"de\",\"@id\":\"https:\\\/\\\/secure.gravatar.com\\\/avatar\\\/fe840ff753768b839caa2dd522d4797f19f7e22fa2da83388e0fbfc570b65a37?s=96&d=mm&r=g\",\"url\":\"https:\\\/\\\/secure.gravatar.com\\\/avatar\\\/fe840ff753768b839caa2dd522d4797f19f7e22fa2da83388e0fbfc570b65a37?s=96&d=mm&r=g\",\"contentUrl\":\"https:\\\/\\\/secure.gravatar.com\\\/avatar\\\/fe840ff753768b839caa2dd522d4797f19f7e22fa2da83388e0fbfc570b65a37?s=96&d=mm&r=g\",\"caption\":\"Marlena Muller\"},\"url\":false}]}<\/script>\n<!-- \/ Yoast SEO plugin. -->","yoast_head_json":{"title":"Das Renovieren beginnt - Martin Luther Evangelische Kirche Toronto","robots":{"index":"index","follow":"follow","max-snippet":"max-snippet:-1","max-image-preview":"max-image-preview:large","max-video-preview":"max-video-preview:-1"},"canonical":"https:\/\/martinluther.ca\/de\/2017\/07\/das-renovieren-beginnt\/","og_locale":"de_DE","og_type":"article","og_title":"Das Renovieren beginnt - Martin Luther Evangelische Kirche Toronto","og_description":"Das Kirchenb\u00fcro ist seit den 80er Jahren nicht mehr renoviert worden; also war es allerh\u00f6chste Zeit, es mit neuer Farbe, neuen B\u00f6den und vor allem neuen Heizungsrohren aufzufrischen. Die Rohrinstallationsarbeiten erfolgten im Juni sehr rasch, und ohne dass B\u00fcro, Kirche oder KiTa (Kindertagesst\u00e4tte) in Mitleidenschaft gezogen wurden. Das B\u00fcro wird ausger\u00e4umt In dieser n\u00e4chsten Arbeitsphase&hellip;","og_url":"https:\/\/martinluther.ca\/de\/2017\/07\/das-renovieren-beginnt\/","og_site_name":"Martin Luther Evangelische Kirche Toronto","article_publisher":"https:\/\/www.facebook.com\/martinlutherchurchtoronto","article_published_time":"2017-07-17T18:22:50+00:00","article_modified_time":"2017-07-17T18:29:58+00:00","og_image":[{"width":3537,"height":2655,"url":"https:\/\/martinluther.ca\/wp-content\/uploads\/2017\/07\/2017-06-29-16.36.41-e1500316427303.jpeg","type":"image\/jpeg"}],"author":"Marlena Muller","twitter_card":"summary_large_image","twitter_misc":{"Verfasst von":"Marlena Muller","Gesch\u00e4tzte Lesezeit":"2\u00a0Minuten"},"schema":{"@context":"https:\/\/schema.org","@graph":[{"@type":"Article","@id":"https:\/\/martinluther.ca\/de\/2017\/07\/das-renovieren-beginnt\/#article","isPartOf":{"@id":"https:\/\/martinluther.ca\/de\/2017\/07\/das-renovieren-beginnt\/"},"author":{"name":"Marlena Muller","@id":"https:\/\/martinluther.ca\/de\/#\/schema\/person\/ef4e825f5d9d6fd740bbd7813710e15d"},"headline":"Das Renovieren beginnt","datePublished":"2017-07-17T18:22:50+00:00","dateModified":"2017-07-17T18:29:58+00:00","mainEntityOfPage":{"@id":"https:\/\/martinluther.ca\/de\/2017\/07\/das-renovieren-beginnt\/"},"wordCount":323,"publisher":{"@id":"https:\/\/martinluther.ca\/de\/#organization"},"image":{"@id":"https:\/\/martinluther.ca\/de\/2017\/07\/das-renovieren-beginnt\/#primaryimage"},"thumbnailUrl":"https:\/\/martinluther.ca\/wp-content\/uploads\/2017\/07\/2017-06-29-16.36.41-e1500316427303.jpeg","articleSection":["News Blog - German"],"inLanguage":"de"},{"@type":"WebPage","@id":"https:\/\/martinluther.ca\/de\/2017\/07\/das-renovieren-beginnt\/","url":"https:\/\/martinluther.ca\/de\/2017\/07\/das-renovieren-beginnt\/","name":"Das Renovieren beginnt - Martin Luther Evangelische Kirche Toronto","isPartOf":{"@id":"https:\/\/martinluther.ca\/de\/#website"},"primaryImageOfPage":{"@id":"https:\/\/martinluther.ca\/de\/2017\/07\/das-renovieren-beginnt\/#primaryimage"},"image":{"@id":"https:\/\/martinluther.ca\/de\/2017\/07\/das-renovieren-beginnt\/#primaryimage"},"thumbnailUrl":"https:\/\/martinluther.ca\/wp-content\/uploads\/2017\/07\/2017-06-29-16.36.41-e1500316427303.jpeg","datePublished":"2017-07-17T18:22:50+00:00","dateModified":"2017-07-17T18:29:58+00:00","breadcrumb":{"@id":"https:\/\/martinluther.ca\/de\/2017\/07\/das-renovieren-beginnt\/#breadcrumb"},"inLanguage":"de","potentialAction":[{"@type":"ReadAction","target":["https:\/\/martinluther.ca\/de\/2017\/07\/das-renovieren-beginnt\/"]}]},{"@type":"ImageObject","inLanguage":"de","@id":"https:\/\/martinluther.ca\/de\/2017\/07\/das-renovieren-beginnt\/#primaryimage","url":"https:\/\/martinluther.ca\/wp-content\/uploads\/2017\/07\/2017-06-29-16.36.41-e1500316427303.jpeg","contentUrl":"https:\/\/martinluther.ca\/wp-content\/uploads\/2017\/07\/2017-06-29-16.36.41-e1500316427303.jpeg","width":3537,"height":2655},{"@type":"BreadcrumbList","@id":"https:\/\/martinluther.ca\/de\/2017\/07\/das-renovieren-beginnt\/#breadcrumb","itemListElement":[{"@type":"ListItem","position":1,"name":"Home","item":"https:\/\/martinluther.ca\/de\/"},{"@type":"ListItem","position":2,"name":"Das Renovieren beginnt"}]},{"@type":"WebSite","@id":"https:\/\/martinluther.ca\/de\/#website","url":"https:\/\/martinluther.ca\/de\/","name":"Martin Luther Evangelical Church Toronto","description":"Deutsch &amp; Englisch","publisher":{"@id":"https:\/\/martinluther.ca\/de\/#organization"},"potentialAction":[{"@type":"SearchAction","target":{"@type":"EntryPoint","urlTemplate":"https:\/\/martinluther.ca\/de\/?s={search_term_string}"},"query-input":{"@type":"PropertyValueSpecification","valueRequired":true,"valueName":"search_term_string"}}],"inLanguage":"de"},{"@type":"Organization","@id":"https:\/\/martinluther.ca\/de\/#organization","name":"Martin Luther Evangelical Church Toronto","url":"https:\/\/martinluther.ca\/de\/","logo":{"@type":"ImageObject","inLanguage":"de","@id":"https:\/\/martinluther.ca\/de\/#\/schema\/logo\/image\/","url":"https:\/\/martinluther.ca\/wp-content\/uploads\/2016\/12\/ml-logo-300.png","contentUrl":"https:\/\/martinluther.ca\/wp-content\/uploads\/2016\/12\/ml-logo-300.png","width":300,"height":150,"caption":"Martin Luther Evangelical Church Toronto"},"image":{"@id":"https:\/\/martinluther.ca\/de\/#\/schema\/logo\/image\/"},"sameAs":["https:\/\/www.facebook.com\/martinlutherchurchtoronto","https:\/\/www.instagram.com\/lutheransbythelake\/","https:\/\/www.youtube.com\/MartinLutherChurchToronto"]},{"@type":"Person","@id":"https:\/\/martinluther.ca\/de\/#\/schema\/person\/ef4e825f5d9d6fd740bbd7813710e15d","name":"Marlena Muller","image":{"@type":"ImageObject","inLanguage":"de","@id":"https:\/\/secure.gravatar.com\/avatar\/fe840ff753768b839caa2dd522d4797f19f7e22fa2da83388e0fbfc570b65a37?s=96&d=mm&r=g","url":"https:\/\/secure.gravatar.com\/avatar\/fe840ff753768b839caa2dd522d4797f19f7e22fa2da83388e0fbfc570b65a37?s=96&d=mm&r=g","contentUrl":"https:\/\/secure.gravatar.com\/avatar\/fe840ff753768b839caa2dd522d4797f19f7e22fa2da83388e0fbfc570b65a37?s=96&d=mm&r=g","caption":"Marlena Muller"},"url":false}]}},"_links":{"self":[{"href":"https:\/\/martinluther.ca\/de\/wp-json\/wp\/v2\/posts\/26756","targetHints":{"allow":["GET"]}}],"collection":[{"href":"https:\/\/martinluther.ca\/de\/wp-json\/wp\/v2\/posts"}],"about":[{"href":"https:\/\/martinluther.ca\/de\/wp-json\/wp\/v2\/types\/post"}],"author":[{"embeddable":true,"href":"https:\/\/martinluther.ca\/de\/wp-json\/wp\/v2\/users\/8"}],"replies":[{"embeddable":true,"href":"https:\/\/martinluther.ca\/de\/wp-json\/wp\/v2\/comments?post=26756"}],"version-history":[{"count":3,"href":"https:\/\/martinluther.ca\/de\/wp-json\/wp\/v2\/posts\/26756\/revisions"}],"predecessor-version":[{"id":26802,"href":"https:\/\/martinluther.ca\/de\/wp-json\/wp\/v2\/posts\/26756\/revisions\/26802"}],"wp:featuredmedia":[{"embeddable":true,"href":"https:\/\/martinluther.ca\/de\/wp-json\/wp\/v2\/media\/26791"}],"wp:attachment":[{"href":"https:\/\/martinluther.ca\/de\/wp-json\/wp\/v2\/media?parent=26756"}],"wp:term":[{"taxonomy":"category","embeddable":true,"href":"https:\/\/martinluther.ca\/de\/wp-json\/wp\/v2\/categories?post=26756"},{"taxonomy":"post_tag","embeddable":true,"href":"https:\/\/martinluther.ca\/de\/wp-json\/wp\/v2\/tags?post=26756"},{"taxonomy":"post_series","embeddable":true,"href":"https:\/\/martinluther.ca\/de\/wp-json\/wp\/v2\/post_series?post=26756"}],"curies":[{"name":"wp","href":"https:\/\/api.w.org\/{rel}","templated":true}]}}