{"id":26774,"date":"2017-07-14T05:45:50","date_gmt":"2017-07-14T09:45:50","guid":{"rendered":"https:\/\/martinluther.ca\/2017\/07\/mlc-martin-luther-church-interview-lay-preacher-iris-schweiger\/"},"modified":"2017-08-29T13:50:10","modified_gmt":"2017-08-29T17:50:10","slug":"interview-praedikantin-iris-schweiger","status":"publish","type":"post","link":"https:\/\/martinluther.ca\/de\/2017\/07\/interview-praedikantin-iris-schweiger\/","title":{"rendered":"Unsere Interviewreihe (1) : Pr\u00e4dikantin  Iris  Schweiger"},"content":{"rendered":"<figure id=\"attachment_26903\" aria-describedby=\"caption-attachment-26903\" style=\"width: 291px\" class=\"wp-caption alignright\"><a href=\"https:\/\/martinluther.ca\/wp-content\/uploads\/2017\/07\/IrisSchweiger-4-3.jpg\"><img loading=\"lazy\" decoding=\"async\" class=\"size-full wp-image-26903\" src=\"https:\/\/martinluther.ca\/wp-content\/uploads\/2017\/07\/IrisSchweiger-4-3.jpg\" alt=\"Iris Schweiger\" width=\"291\" height=\"218\" \/><\/a><figcaption id=\"caption-attachment-26903\" class=\"wp-caption-text\">Iris Schweiger<\/figcaption><\/figure>\n<p><em>Seit Januar <strong>2017<\/strong>, werden vier Mitglieder der Martin Luther Kirchengemeinde zu<\/em><em>\u00a0Pr\u00e4dikanten (Laienpredigern)\u00a0<\/em><em>ausgebildet:<\/em><\/p>\n<p>&nbsp;<\/p>\n<p><em><strong>Katja Brittain, Friedrich Brunzema, Tanya Zielke,<\/strong> sowie <strong>Iris Schweiger, <\/strong><\/em><\/p>\n<p><em>die uns freundlicherweise\u00a0<\/em><em>f<\/em><em>\u00fc<\/em><em>r diesen allerersten Interviewbeitrag Rede u. Antwort gestanden hat.<\/em><\/p>\n<p>* \u00a0* * * * * * * * * * * * * * * * * * * * * * * * * *<\/p>\n<p><strong><em>1) Wie lange kommen Sie schon in die MLK?<\/em><\/strong><\/p>\n<p><strong>I.S.<\/strong><strong>:<\/strong> <em>Seit <\/em><em>2001.<\/em><\/p>\n<p><strong>2) <\/strong><strong><em>Was gef<\/em><\/strong><strong>\u00e4<\/strong><strong><em>llt Ihnen an der MLK am besten?<\/em><\/strong><\/p>\n<p><strong>I.S.:<\/strong> <em>Die Menschen, die Gemeinschaft, das Lernen<\/em><\/p>\n<p><em>\u00a0<\/em><strong>3) <\/strong><strong><em>Was hat Sie veranlasst Pr\u00e4dikantin zu werden bzw. wie lange hat es gedauert sich daf<\/em><\/strong>\u00fc<strong><em>r zu entscheiden?<\/em><\/strong><\/p>\n<p><strong>I.S.: <\/strong>Als Vorstandsmitglied musste ich in der Vergangenheit ein paarmal Vertretungsgottesdienste halten. Dabei habe ich mich immer sehr unwohl gef\u00fchlt. Es ist etwas ganz anderes aus dem Blickpunkt des Pastors den Gottesdienst zu leiten oder als Gemeindemitglied daran teilzunehmen.<\/p>\n<p>Sobald die Einladung zur Ausbildung von der EKD kam, meldete ich mich an.<\/p>\n<p><strong><em>4) Was war die gr<\/em><\/strong><strong>\u00f6<\/strong><strong><em>sste Herrausforderung (was hat Ihnen am meisten zu schaffen gemacht)\u00a0 w<\/em><\/strong><strong>\u00e4<\/strong><strong><em>hrend des AusbildungsSeminars?\u00a0<\/em><\/strong><\/p>\n<p><strong>I.S.:<\/strong> Zeit. Es gibt viel Material zu lesen und zu verinnerlichen. Zus\u00e4tzlich sieht alles immer so einfach aus, wenn der Pastor den Gottesdienst h\u00e4lt \u2013 wie viel Zeit jedoch in der Vorbereitung steckt \u2013 bleibt verborgen.<\/p>\n<p><strong><em>5) H<\/em>\u00e4<em>tten Sie sich vor 10 Jahren denken k<\/em><\/strong><strong>\u00f6<\/strong><strong><em>nnen heute als Pr\u00e4dikantin<\/em><\/strong><strong><em>\u00a0gelege<\/em><\/strong><strong><em>n<\/em><\/strong><strong><em>tlich vor einer Gemeinde zu stehen?<\/em><\/strong><\/p>\n<p><strong>I.S.: <\/strong>Nein, in gar keinem Fall.<em>\u00a0<\/em><\/p>\n<p><strong><em>6) Was fiel Ihnen an Ihrer 1. Predigt am schwersten?<\/em><\/strong><\/p>\n<p><strong>I.S.:<\/strong> Mich auf ein einziges Thema zu beschr\u00e4nken. In jedem Bibeltext steckt so viel drin. Ich h\u00e4tte alleine \u00fcber die Geschichte rund um den Petrusbrief eine zweist\u00fcndige Vorlesung halten k\u00f6nnen.<\/p>\n<p><strong>7) <\/strong><strong><em>Welche F<\/em><\/strong>\u00e4<strong><em>higkeit(en) sch<\/em><\/strong>\u00e4<strong><em>tzen Sie am meisten an Ihren drei Ko<\/em><\/strong><strong><em>l<\/em><\/strong><strong><em>legen\/Kolleginnen.<\/em><\/strong><\/p>\n<p><strong>I.S.:<\/strong> Jeder bringt unterschiedliche Lebenserfahrungen mit an den Tisch, das bereichert mich sehr. Wir lernen, lachen, unterst\u00fctzen und st\u00e4rken uns gegenseitig.<\/p>\n<p><strong>8) <\/strong><strong><em>Was ist Ihr Lieblingsbibelvers u. warum? <\/em><\/strong><\/p>\n<p><strong>I.S.:<\/strong> Zur Zeit geniesse ich den gesamten 139. Psalm. Egal wo ich bin, Gott ist da. Und am Ende dann die Bitte: \u201e23 Erforsche mich, Gott, und erkenne mein Herz; pr\u00fcfe mich und erkenne, wie ich&#8217;s meine. Und sieh, ob ich auf b\u00f6sem Wege bin, und leite mich auf ewigem Wege.\u201c<\/p>\n<p><strong>9) <\/strong><strong><em>Was ist Ihr gr<\/em><\/strong><strong>\u00f6<\/strong><strong><em>sster Wunsch f. die MLK Gemeinde in diesem 500. Jubil<\/em><\/strong><strong>\u00e4<\/strong><strong><em>umsjahr der Reformation?<\/em><\/strong><\/p>\n<p><strong>I.S.:<\/strong> Herzen und T\u00fcren zu \u00f6ffnen, damit die Ver\u00e4nderungen, die <em><strong>Toronto 2017<\/strong> <\/em>mit sich bringt, nicht zu einer un\u00fcberbr\u00fcckbaren H\u00fcrde werden sondern uns herausfordern zu erkennen: Warum hat Gott uns an diesen Platz gestellt? Gott, was sollen wir tun?<\/p>\n<p><strong>10) <\/strong><strong><em>Inwieweit unterst\u00fctzt die MLK Gemeinde ihre Bem\u00fchungen?<\/em><\/strong><\/p>\n<p><strong>I.S.:<\/strong> Erstens, Pastor Ceconi ist unser Mentor. Wir arbeiten ein bis zweimal monatlich f\u00fcr jeweils drei Stunden zusammen. Das ist extrem hilfreich.<\/p>\n<p>Zweitens, die Gemeinde gibt uns Raum zum Lernen. Wir beteiligen uns mit Gebeten, Lesungen und jetzt auch mit Predigten am Gottesdienst. Konkretes Feedback ist uns sehr wichtig. Unser Ziel ist ja die Gemeinde zu bereichern.<\/p>\n<p>___________________________________<\/p>\n<p><strong><em>Martin Luther Zitat aus 1523<\/em><\/strong><\/p>\n<p><em>Dass eine christliche Versammlung oder Gemeinde Recht und Macht habe, alle Lehre zu urteilen und Lehrer zu berufen, ein- und abzusetzen, Grund und Ursache aus der Schrift\u2026<\/em><\/p>\n<figure id=\"attachment_26770\" aria-describedby=\"caption-attachment-26770\" style=\"width: 300px\" class=\"wp-caption alignright\"><a href=\"https:\/\/martinluther.ca\/wp-content\/uploads\/2017\/07\/mlc_lay_preachers.jpg\"><img loading=\"lazy\" decoding=\"async\" class=\"size-medium wp-image-26770\" src=\"https:\/\/martinluther.ca\/wp-content\/uploads\/2017\/07\/mlc_lay_preachers-300x225.jpg\" alt=\"2017bMLC Lay Preachers\" width=\"300\" height=\"225\" srcset=\"https:\/\/martinluther.ca\/wp-content\/uploads\/2017\/07\/mlc_lay_preachers-300x225.jpg 300w, https:\/\/martinluther.ca\/wp-content\/uploads\/2017\/07\/mlc_lay_preachers-768x576.jpg 768w, https:\/\/martinluther.ca\/wp-content\/uploads\/2017\/07\/mlc_lay_preachers.jpg 1024w\" sizes=\"auto, (max-width: 300px) 100vw, 300px\" \/><\/a><figcaption id=\"caption-attachment-26770\" class=\"wp-caption-text\">Our four new lay preachers at MLC<br \/>(L to R): Friedrich Brunzema, Katja Brittain, Tanya Zielke<br \/>(photo inset: Iris Schweiger)<\/figcaption><\/figure>\n<p>&nbsp;<\/p>\n<p><strong>T<\/strong><strong>o read about Friedrich Brunzema, in part two of the series (MLC interview: (2) Lay Preacher Friedrich Brunzema) <a href=\"https:\/\/martinluther.ca\/de\/2017\/07\/unsere-interviewreihe-2-praedikant-friedrich-brunzema-2\/\">click here<\/a>. <\/strong><\/p>\n<p><strong>To read about Katja Brittain, in part three of the series (MLC interview: (3) Lay Preacher Katja Brittain) click here.<\/strong><\/p>\n","protected":false},"excerpt":{"rendered":"<p>Seit Januar 2017, werden vier Mitglieder der Martin Luther Kirchengemeinde zu\u00a0Pr\u00e4dikanten (Laienpredigern)\u00a0ausgebildet: &nbsp; Katja Brittain, Friedrich Brunzema, Tanya Zielke, sowie Iris Schweiger, die uns freundlicherweise\u00a0f\u00fcr diesen allerersten Interviewbeitrag Rede u. Antwort gestanden hat. * \u00a0* * * * * * * * * * * * * * * * * * * * *&hellip;<\/p>\n","protected":false},"author":19,"featured_media":26770,"comment_status":"closed","ping_status":"closed","sticky":false,"template":"","format":"standard","meta":{"footnotes":""},"categories":[69],"tags":[],"post_series":[],"class_list":["post-26774","post","type-post","status-publish","format-standard","has-post-thumbnail","hentry","category-news-blog-german","entry","has-media"],"yoast_head":"<!-- This site is optimized with the Yoast SEO plugin v27.5 - https:\/\/yoast.com\/product\/yoast-seo-wordpress\/ -->\n<title>Unsere Interviewreihe (1) : Pr\u00e4dikantin Iris Schweiger - Martin Luther Evangelische Kirche Toronto<\/title>\n<meta name=\"robots\" content=\"index, follow, max-snippet:-1, max-image-preview:large, max-video-preview:-1\" \/>\n<link rel=\"canonical\" href=\"https:\/\/martinluther.ca\/de\/2017\/07\/interview-praedikantin-iris-schweiger\/\" \/>\n<meta property=\"og:locale\" content=\"de_DE\" \/>\n<meta property=\"og:type\" content=\"article\" \/>\n<meta property=\"og:title\" content=\"Unsere Interviewreihe (1) : Pr\u00e4dikantin Iris Schweiger - Martin Luther Evangelische Kirche Toronto\" \/>\n<meta property=\"og:description\" content=\"Seit Januar 2017, werden vier Mitglieder der Martin Luther Kirchengemeinde zu\u00a0Pr\u00e4dikanten (Laienpredigern)\u00a0ausgebildet: &nbsp; Katja Brittain, Friedrich Brunzema, Tanya Zielke, sowie Iris Schweiger, die uns freundlicherweise\u00a0f\u00fcr diesen allerersten Interviewbeitrag Rede u. Antwort gestanden hat. * \u00a0* * * * * * * * * * * * * * * * * * * * *&hellip;\" \/>\n<meta property=\"og:url\" content=\"https:\/\/martinluther.ca\/de\/2017\/07\/interview-praedikantin-iris-schweiger\/\" \/>\n<meta property=\"og:site_name\" content=\"Martin Luther Evangelische Kirche Toronto\" \/>\n<meta property=\"article:publisher\" content=\"https:\/\/www.facebook.com\/martinlutherchurchtoronto\" \/>\n<meta property=\"article:published_time\" content=\"2017-07-14T09:45:50+00:00\" \/>\n<meta property=\"article:modified_time\" content=\"2017-08-29T17:50:10+00:00\" \/>\n<meta property=\"og:image\" content=\"https:\/\/martinluther.ca\/wp-content\/uploads\/2017\/07\/mlc_lay_preachers.jpg\" \/>\n\t<meta property=\"og:image:width\" content=\"1024\" \/>\n\t<meta property=\"og:image:height\" content=\"768\" \/>\n\t<meta property=\"og:image:type\" content=\"image\/jpeg\" \/>\n<meta name=\"author\" content=\"Andreas Boettcher\" \/>\n<meta name=\"twitter:card\" content=\"summary_large_image\" \/>\n<meta name=\"twitter:label1\" content=\"Verfasst von\" \/>\n\t<meta name=\"twitter:data1\" content=\"Andreas Boettcher\" \/>\n\t<meta name=\"twitter:label2\" content=\"Gesch\u00e4tzte Lesezeit\" \/>\n\t<meta name=\"twitter:data2\" content=\"3\u00a0Minuten\" \/>\n<script type=\"application\/ld+json\" class=\"yoast-schema-graph\">{\"@context\":\"https:\\\/\\\/schema.org\",\"@graph\":[{\"@type\":\"Article\",\"@id\":\"https:\\\/\\\/martinluther.ca\\\/de\\\/2017\\\/07\\\/interview-praedikantin-iris-schweiger\\\/#article\",\"isPartOf\":{\"@id\":\"https:\\\/\\\/martinluther.ca\\\/de\\\/2017\\\/07\\\/interview-praedikantin-iris-schweiger\\\/\"},\"author\":{\"name\":\"Andreas Boettcher\",\"@id\":\"https:\\\/\\\/martinluther.ca\\\/de\\\/#\\\/schema\\\/person\\\/343c47b858124d1e38a66c92db23763d\"},\"headline\":\"Unsere Interviewreihe (1) : Pr\u00e4dikantin Iris Schweiger\",\"datePublished\":\"2017-07-14T09:45:50+00:00\",\"dateModified\":\"2017-08-29T17:50:10+00:00\",\"mainEntityOfPage\":{\"@id\":\"https:\\\/\\\/martinluther.ca\\\/de\\\/2017\\\/07\\\/interview-praedikantin-iris-schweiger\\\/\"},\"wordCount\":604,\"publisher\":{\"@id\":\"https:\\\/\\\/martinluther.ca\\\/de\\\/#organization\"},\"image\":{\"@id\":\"https:\\\/\\\/martinluther.ca\\\/de\\\/2017\\\/07\\\/interview-praedikantin-iris-schweiger\\\/#primaryimage\"},\"thumbnailUrl\":\"https:\\\/\\\/martinluther.ca\\\/wp-content\\\/uploads\\\/2017\\\/07\\\/mlc_lay_preachers.jpg\",\"articleSection\":[\"News Blog - German\"],\"inLanguage\":\"de\"},{\"@type\":\"WebPage\",\"@id\":\"https:\\\/\\\/martinluther.ca\\\/de\\\/2017\\\/07\\\/interview-praedikantin-iris-schweiger\\\/\",\"url\":\"https:\\\/\\\/martinluther.ca\\\/de\\\/2017\\\/07\\\/interview-praedikantin-iris-schweiger\\\/\",\"name\":\"Unsere Interviewreihe (1) : Pr\u00e4dikantin Iris Schweiger - Martin Luther Evangelische Kirche Toronto\",\"isPartOf\":{\"@id\":\"https:\\\/\\\/martinluther.ca\\\/de\\\/#website\"},\"primaryImageOfPage\":{\"@id\":\"https:\\\/\\\/martinluther.ca\\\/de\\\/2017\\\/07\\\/interview-praedikantin-iris-schweiger\\\/#primaryimage\"},\"image\":{\"@id\":\"https:\\\/\\\/martinluther.ca\\\/de\\\/2017\\\/07\\\/interview-praedikantin-iris-schweiger\\\/#primaryimage\"},\"thumbnailUrl\":\"https:\\\/\\\/martinluther.ca\\\/wp-content\\\/uploads\\\/2017\\\/07\\\/mlc_lay_preachers.jpg\",\"datePublished\":\"2017-07-14T09:45:50+00:00\",\"dateModified\":\"2017-08-29T17:50:10+00:00\",\"breadcrumb\":{\"@id\":\"https:\\\/\\\/martinluther.ca\\\/de\\\/2017\\\/07\\\/interview-praedikantin-iris-schweiger\\\/#breadcrumb\"},\"inLanguage\":\"de\",\"potentialAction\":[{\"@type\":\"ReadAction\",\"target\":[\"https:\\\/\\\/martinluther.ca\\\/de\\\/2017\\\/07\\\/interview-praedikantin-iris-schweiger\\\/\"]}]},{\"@type\":\"ImageObject\",\"inLanguage\":\"de\",\"@id\":\"https:\\\/\\\/martinluther.ca\\\/de\\\/2017\\\/07\\\/interview-praedikantin-iris-schweiger\\\/#primaryimage\",\"url\":\"https:\\\/\\\/martinluther.ca\\\/wp-content\\\/uploads\\\/2017\\\/07\\\/mlc_lay_preachers.jpg\",\"contentUrl\":\"https:\\\/\\\/martinluther.ca\\\/wp-content\\\/uploads\\\/2017\\\/07\\\/mlc_lay_preachers.jpg\",\"width\":1024,\"height\":768,\"caption\":\"Our four new lay preachers at MLC (L to R): Friedrich Brunzema, Katja Brittain, Tanya Zielke (photo inset: Iris Schweiger)\"},{\"@type\":\"BreadcrumbList\",\"@id\":\"https:\\\/\\\/martinluther.ca\\\/de\\\/2017\\\/07\\\/interview-praedikantin-iris-schweiger\\\/#breadcrumb\",\"itemListElement\":[{\"@type\":\"ListItem\",\"position\":1,\"name\":\"Home\",\"item\":\"https:\\\/\\\/martinluther.ca\\\/de\\\/\"},{\"@type\":\"ListItem\",\"position\":2,\"name\":\"Unsere Interviewreihe (1) : Pr\u00e4dikantin Iris Schweiger\"}]},{\"@type\":\"WebSite\",\"@id\":\"https:\\\/\\\/martinluther.ca\\\/de\\\/#website\",\"url\":\"https:\\\/\\\/martinluther.ca\\\/de\\\/\",\"name\":\"Martin Luther Evangelical Church Toronto\",\"description\":\"Deutsch &amp; Englisch\",\"publisher\":{\"@id\":\"https:\\\/\\\/martinluther.ca\\\/de\\\/#organization\"},\"potentialAction\":[{\"@type\":\"SearchAction\",\"target\":{\"@type\":\"EntryPoint\",\"urlTemplate\":\"https:\\\/\\\/martinluther.ca\\\/de\\\/?s={search_term_string}\"},\"query-input\":{\"@type\":\"PropertyValueSpecification\",\"valueRequired\":true,\"valueName\":\"search_term_string\"}}],\"inLanguage\":\"de\"},{\"@type\":\"Organization\",\"@id\":\"https:\\\/\\\/martinluther.ca\\\/de\\\/#organization\",\"name\":\"Martin Luther Evangelical Church Toronto\",\"url\":\"https:\\\/\\\/martinluther.ca\\\/de\\\/\",\"logo\":{\"@type\":\"ImageObject\",\"inLanguage\":\"de\",\"@id\":\"https:\\\/\\\/martinluther.ca\\\/de\\\/#\\\/schema\\\/logo\\\/image\\\/\",\"url\":\"https:\\\/\\\/martinluther.ca\\\/wp-content\\\/uploads\\\/2016\\\/12\\\/ml-logo-300.png\",\"contentUrl\":\"https:\\\/\\\/martinluther.ca\\\/wp-content\\\/uploads\\\/2016\\\/12\\\/ml-logo-300.png\",\"width\":300,\"height\":150,\"caption\":\"Martin Luther Evangelical Church Toronto\"},\"image\":{\"@id\":\"https:\\\/\\\/martinluther.ca\\\/de\\\/#\\\/schema\\\/logo\\\/image\\\/\"},\"sameAs\":[\"https:\\\/\\\/www.facebook.com\\\/martinlutherchurchtoronto\",\"https:\\\/\\\/www.instagram.com\\\/lutheransbythelake\\\/\",\"https:\\\/\\\/www.youtube.com\\\/MartinLutherChurchToronto\"]},{\"@type\":\"Person\",\"@id\":\"https:\\\/\\\/martinluther.ca\\\/de\\\/#\\\/schema\\\/person\\\/343c47b858124d1e38a66c92db23763d\",\"name\":\"Andreas Boettcher\",\"image\":{\"@type\":\"ImageObject\",\"inLanguage\":\"de\",\"@id\":\"https:\\\/\\\/secure.gravatar.com\\\/avatar\\\/f716800c47e4f581f117563995f021e92a4619b559c26f3785eed0090af4a4d8?s=96&d=mm&r=g\",\"url\":\"https:\\\/\\\/secure.gravatar.com\\\/avatar\\\/f716800c47e4f581f117563995f021e92a4619b559c26f3785eed0090af4a4d8?s=96&d=mm&r=g\",\"contentUrl\":\"https:\\\/\\\/secure.gravatar.com\\\/avatar\\\/f716800c47e4f581f117563995f021e92a4619b559c26f3785eed0090af4a4d8?s=96&d=mm&r=g\",\"caption\":\"Andreas Boettcher\"},\"url\":false}]}<\/script>\n<!-- \/ Yoast SEO plugin. -->","yoast_head_json":{"title":"Unsere Interviewreihe (1) : Pr\u00e4dikantin Iris Schweiger - Martin Luther Evangelische Kirche Toronto","robots":{"index":"index","follow":"follow","max-snippet":"max-snippet:-1","max-image-preview":"max-image-preview:large","max-video-preview":"max-video-preview:-1"},"canonical":"https:\/\/martinluther.ca\/de\/2017\/07\/interview-praedikantin-iris-schweiger\/","og_locale":"de_DE","og_type":"article","og_title":"Unsere Interviewreihe (1) : Pr\u00e4dikantin Iris Schweiger - Martin Luther Evangelische Kirche Toronto","og_description":"Seit Januar 2017, werden vier Mitglieder der Martin Luther Kirchengemeinde zu\u00a0Pr\u00e4dikanten (Laienpredigern)\u00a0ausgebildet: &nbsp; Katja Brittain, Friedrich Brunzema, Tanya Zielke, sowie Iris Schweiger, die uns freundlicherweise\u00a0f\u00fcr diesen allerersten Interviewbeitrag Rede u. Antwort gestanden hat. * \u00a0* * * * * * * * * * * * * * * * * * * * *&hellip;","og_url":"https:\/\/martinluther.ca\/de\/2017\/07\/interview-praedikantin-iris-schweiger\/","og_site_name":"Martin Luther Evangelische Kirche Toronto","article_publisher":"https:\/\/www.facebook.com\/martinlutherchurchtoronto","article_published_time":"2017-07-14T09:45:50+00:00","article_modified_time":"2017-08-29T17:50:10+00:00","og_image":[{"width":1024,"height":768,"url":"https:\/\/martinluther.ca\/wp-content\/uploads\/2017\/07\/mlc_lay_preachers.jpg","type":"image\/jpeg"}],"author":"Andreas Boettcher","twitter_card":"summary_large_image","twitter_misc":{"Verfasst von":"Andreas Boettcher","Gesch\u00e4tzte Lesezeit":"3\u00a0Minuten"},"schema":{"@context":"https:\/\/schema.org","@graph":[{"@type":"Article","@id":"https:\/\/martinluther.ca\/de\/2017\/07\/interview-praedikantin-iris-schweiger\/#article","isPartOf":{"@id":"https:\/\/martinluther.ca\/de\/2017\/07\/interview-praedikantin-iris-schweiger\/"},"author":{"name":"Andreas Boettcher","@id":"https:\/\/martinluther.ca\/de\/#\/schema\/person\/343c47b858124d1e38a66c92db23763d"},"headline":"Unsere Interviewreihe (1) : Pr\u00e4dikantin Iris Schweiger","datePublished":"2017-07-14T09:45:50+00:00","dateModified":"2017-08-29T17:50:10+00:00","mainEntityOfPage":{"@id":"https:\/\/martinluther.ca\/de\/2017\/07\/interview-praedikantin-iris-schweiger\/"},"wordCount":604,"publisher":{"@id":"https:\/\/martinluther.ca\/de\/#organization"},"image":{"@id":"https:\/\/martinluther.ca\/de\/2017\/07\/interview-praedikantin-iris-schweiger\/#primaryimage"},"thumbnailUrl":"https:\/\/martinluther.ca\/wp-content\/uploads\/2017\/07\/mlc_lay_preachers.jpg","articleSection":["News Blog - German"],"inLanguage":"de"},{"@type":"WebPage","@id":"https:\/\/martinluther.ca\/de\/2017\/07\/interview-praedikantin-iris-schweiger\/","url":"https:\/\/martinluther.ca\/de\/2017\/07\/interview-praedikantin-iris-schweiger\/","name":"Unsere Interviewreihe (1) : Pr\u00e4dikantin Iris Schweiger - Martin Luther Evangelische Kirche Toronto","isPartOf":{"@id":"https:\/\/martinluther.ca\/de\/#website"},"primaryImageOfPage":{"@id":"https:\/\/martinluther.ca\/de\/2017\/07\/interview-praedikantin-iris-schweiger\/#primaryimage"},"image":{"@id":"https:\/\/martinluther.ca\/de\/2017\/07\/interview-praedikantin-iris-schweiger\/#primaryimage"},"thumbnailUrl":"https:\/\/martinluther.ca\/wp-content\/uploads\/2017\/07\/mlc_lay_preachers.jpg","datePublished":"2017-07-14T09:45:50+00:00","dateModified":"2017-08-29T17:50:10+00:00","breadcrumb":{"@id":"https:\/\/martinluther.ca\/de\/2017\/07\/interview-praedikantin-iris-schweiger\/#breadcrumb"},"inLanguage":"de","potentialAction":[{"@type":"ReadAction","target":["https:\/\/martinluther.ca\/de\/2017\/07\/interview-praedikantin-iris-schweiger\/"]}]},{"@type":"ImageObject","inLanguage":"de","@id":"https:\/\/martinluther.ca\/de\/2017\/07\/interview-praedikantin-iris-schweiger\/#primaryimage","url":"https:\/\/martinluther.ca\/wp-content\/uploads\/2017\/07\/mlc_lay_preachers.jpg","contentUrl":"https:\/\/martinluther.ca\/wp-content\/uploads\/2017\/07\/mlc_lay_preachers.jpg","width":1024,"height":768,"caption":"Our four new lay preachers at MLC (L to R): Friedrich Brunzema, Katja Brittain, Tanya Zielke (photo inset: Iris Schweiger)"},{"@type":"BreadcrumbList","@id":"https:\/\/martinluther.ca\/de\/2017\/07\/interview-praedikantin-iris-schweiger\/#breadcrumb","itemListElement":[{"@type":"ListItem","position":1,"name":"Home","item":"https:\/\/martinluther.ca\/de\/"},{"@type":"ListItem","position":2,"name":"Unsere Interviewreihe (1) : Pr\u00e4dikantin Iris Schweiger"}]},{"@type":"WebSite","@id":"https:\/\/martinluther.ca\/de\/#website","url":"https:\/\/martinluther.ca\/de\/","name":"Martin Luther Evangelical Church Toronto","description":"Deutsch &amp; Englisch","publisher":{"@id":"https:\/\/martinluther.ca\/de\/#organization"},"potentialAction":[{"@type":"SearchAction","target":{"@type":"EntryPoint","urlTemplate":"https:\/\/martinluther.ca\/de\/?s={search_term_string}"},"query-input":{"@type":"PropertyValueSpecification","valueRequired":true,"valueName":"search_term_string"}}],"inLanguage":"de"},{"@type":"Organization","@id":"https:\/\/martinluther.ca\/de\/#organization","name":"Martin Luther Evangelical Church Toronto","url":"https:\/\/martinluther.ca\/de\/","logo":{"@type":"ImageObject","inLanguage":"de","@id":"https:\/\/martinluther.ca\/de\/#\/schema\/logo\/image\/","url":"https:\/\/martinluther.ca\/wp-content\/uploads\/2016\/12\/ml-logo-300.png","contentUrl":"https:\/\/martinluther.ca\/wp-content\/uploads\/2016\/12\/ml-logo-300.png","width":300,"height":150,"caption":"Martin Luther Evangelical Church Toronto"},"image":{"@id":"https:\/\/martinluther.ca\/de\/#\/schema\/logo\/image\/"},"sameAs":["https:\/\/www.facebook.com\/martinlutherchurchtoronto","https:\/\/www.instagram.com\/lutheransbythelake\/","https:\/\/www.youtube.com\/MartinLutherChurchToronto"]},{"@type":"Person","@id":"https:\/\/martinluther.ca\/de\/#\/schema\/person\/343c47b858124d1e38a66c92db23763d","name":"Andreas Boettcher","image":{"@type":"ImageObject","inLanguage":"de","@id":"https:\/\/secure.gravatar.com\/avatar\/f716800c47e4f581f117563995f021e92a4619b559c26f3785eed0090af4a4d8?s=96&d=mm&r=g","url":"https:\/\/secure.gravatar.com\/avatar\/f716800c47e4f581f117563995f021e92a4619b559c26f3785eed0090af4a4d8?s=96&d=mm&r=g","contentUrl":"https:\/\/secure.gravatar.com\/avatar\/f716800c47e4f581f117563995f021e92a4619b559c26f3785eed0090af4a4d8?s=96&d=mm&r=g","caption":"Andreas Boettcher"},"url":false}]}},"_links":{"self":[{"href":"https:\/\/martinluther.ca\/de\/wp-json\/wp\/v2\/posts\/26774","targetHints":{"allow":["GET"]}}],"collection":[{"href":"https:\/\/martinluther.ca\/de\/wp-json\/wp\/v2\/posts"}],"about":[{"href":"https:\/\/martinluther.ca\/de\/wp-json\/wp\/v2\/types\/post"}],"author":[{"embeddable":true,"href":"https:\/\/martinluther.ca\/de\/wp-json\/wp\/v2\/users\/19"}],"replies":[{"embeddable":true,"href":"https:\/\/martinluther.ca\/de\/wp-json\/wp\/v2\/comments?post=26774"}],"version-history":[{"count":20,"href":"https:\/\/martinluther.ca\/de\/wp-json\/wp\/v2\/posts\/26774\/revisions"}],"predecessor-version":[{"id":27192,"href":"https:\/\/martinluther.ca\/de\/wp-json\/wp\/v2\/posts\/26774\/revisions\/27192"}],"wp:featuredmedia":[{"embeddable":true,"href":"https:\/\/martinluther.ca\/de\/wp-json\/wp\/v2\/media\/26770"}],"wp:attachment":[{"href":"https:\/\/martinluther.ca\/de\/wp-json\/wp\/v2\/media?parent=26774"}],"wp:term":[{"taxonomy":"category","embeddable":true,"href":"https:\/\/martinluther.ca\/de\/wp-json\/wp\/v2\/categories?post=26774"},{"taxonomy":"post_tag","embeddable":true,"href":"https:\/\/martinluther.ca\/de\/wp-json\/wp\/v2\/tags?post=26774"},{"taxonomy":"post_series","embeddable":true,"href":"https:\/\/martinluther.ca\/de\/wp-json\/wp\/v2\/post_series?post=26774"}],"curies":[{"name":"wp","href":"https:\/\/api.w.org\/{rel}","templated":true}]}}