{"id":26862,"date":"2017-07-19T13:54:36","date_gmt":"2017-07-19T17:54:36","guid":{"rendered":"https:\/\/martinluther.ca\/?p=26862\/"},"modified":"2017-07-19T14:03:55","modified_gmt":"2017-07-19T18:03:55","slug":"gasthaus-oekumene-2017-eine-zusammenfassung","status":"publish","type":"post","link":"https:\/\/martinluther.ca\/de\/2017\/07\/gasthaus-oekumene-2017-eine-zusammenfassung\/","title":{"rendered":"Gasthaus \u00d6kumene 2017 \u2013 eine Zusammenfassung"},"content":{"rendered":"<p>Am 5. Juni 2017, einem Dienstag, kamen wir in der historischen Stadt Wittenberg an. Wir \u00fcberquerten den wundersch\u00f6nen Marktplatz auf dem Weg zu unserem Ausstellungszelt, wo wir uns den anderen Teilnehmergemeinden aus S\u00fcdafrika und Costa Rica vorstellten. Dann packten wir unsere Koffer aus und begannen, unseren Stand aufzubauen \u2013 komplett mit\u00a0einem Banner,\u00a0das die Skyline Torontos zeigte, sowie zweisprachigen Sprechblasen und einem aufblasbaren Elchkopf!<a href=\"https:\/\/martinluther.ca\/wp-content\/uploads\/2017\/07\/berlin.jpg\"><img loading=\"lazy\" decoding=\"async\" class=\" wp-image-26860 alignright\" src=\"https:\/\/martinluther.ca\/wp-content\/uploads\/2017\/07\/berlin-200x300.jpg\" alt=\"\" width=\"245\" height=\"368\" srcset=\"https:\/\/martinluther.ca\/wp-content\/uploads\/2017\/07\/berlin-200x300.jpg 200w, https:\/\/martinluther.ca\/wp-content\/uploads\/2017\/07\/berlin.jpg 480w\" sizes=\"auto, (max-width: 245px) 100vw, 245px\" \/><\/a><\/p>\n<p>Danach war unser Tagesablauf relativ konstant. Am Beginn jedes Tages hielt eine unserer drei Gemeinden die Morgenandacht, auf die manchmal eine Gruppen-Aktivit\u00e4t folgte. Der Nachmittag wurde gr\u00f6\u00dftenteils damit verbracht, mit den Besuchern zu sprechen, die in unser Zelt kamen, und ihnen Pfannkuchen mit Ahornsirup &#8212;die Tanya jeden Morgen frisch zubereitete&#8212; anzubieten. Ein- oder zweimal t\u00e4glich leiteten einige EKD-Mitarbeiter Gespr\u00e4che auf dem \u201e\u00d6kumenischen Sofa\u201c, unter denen die mit Nikolaus Schneider und Margot K\u00e4\u00dfmann besonders hervorzuheben sind. Am Tagesende hielt jeweils eine andere Gemeinde die Abendandacht, und nach dem allabendlichen Aufr\u00e4umen gingen wir oft gemeinsam zum Abendessen.<\/p>\n<p>In unserer Freizeit konnten wir einige der Ausstellungen in Wittenberg erkunden, so z.B. das Lutherhaus, das 360 Grad-Panorama &#8222;Luther 1517&#8220; von Y. Asisi (es zeigt, wie Wittenberg vor 500 Jahren ausgesehen haben k\u00f6nnte), sowie \u201cLuther und die Avantgarde\u201d (eine Ausstellung moderner Kunst). Wir hatten auch Gelegenheit, die beiden pr\u00e4chtigen Kirchen Wittenbergs zu sehen \u2013 die Stadtkirche, in der Martin Luther predigte, und die Schlosskirche mit der weltbekannten T\u00fcr, an die Luther angeblich seine 95 Thesen geschlagen haben soll. Wir konnten sogar an einem Gottesdienst in der Schlosskirche teilnehmen. Au\u00dferdem ist die Lutherhochzeit zu erw\u00e4hnen, ein mittelalterliches Fest, das die Heirat von Martin Luther und Katharina von Bora feiert &#8212;was zu unserem Gl\u00fcck gerade an dem Wochenende unseres Aufenthalts stattfand. Die Stra\u00dfen Wittenbergs waren voller Menschen in altert\u00fcmlicher Kleidung, die an ihren St\u00e4nden zu entsprechender Musik Mittelalterliches feilboten. Wirklich eine Reise in die Vergangenheit!<\/p>\n<p>Es war ein absolut einmaliges Erlebnis. Der EKD ein gro\u00dfes Dankesch\u00f6n f\u00fcr diese Chance, Kanada in Wittenberg zu repr\u00e4sentieren!\u00a0#DankeDirk<\/p>\n<p>Jocelyn Sommerfeld<\/p>\n<p><iframe loading=\"lazy\" src=\"https:\/\/www.facebook.com\/plugins\/video.php?href=https%3A%2F%2Fwww.facebook.com%2Fmartinlutherchurchtoronto%2Fvideos%2F1456060314431100%2F&#038;show_text=0&#038;width=560\" width=\"560\" height=\"315\" style=\"border:none;overflow:hidden\" scrolling=\"no\" frameborder=\"0\" allowTransparency=\"true\" allowFullScreen=\"true\"><\/iframe><\/p>\n","protected":false},"excerpt":{"rendered":"<p>Am 5. Juni 2017, einem Dienstag, kamen wir in der historischen Stadt Wittenberg an. Wir \u00fcberquerten den wundersch\u00f6nen Marktplatz auf dem Weg zu unserem Ausstellungszelt, wo wir uns den anderen Teilnehmergemeinden aus S\u00fcdafrika und Costa Rica vorstellten. Dann packten wir unsere Koffer aus und begannen, unseren Stand aufzubauen \u2013 komplett mit\u00a0einem Banner,\u00a0das die Skyline Torontos&hellip;<\/p>\n","protected":false},"author":8,"featured_media":26876,"comment_status":"closed","ping_status":"closed","sticky":false,"template":"","format":"standard","meta":{"footnotes":""},"categories":[69],"tags":[],"post_series":[],"class_list":["post-26862","post","type-post","status-publish","format-standard","has-post-thumbnail","hentry","category-news-blog-german","entry","has-media"],"yoast_head":"<!-- This site is optimized with the Yoast SEO plugin v27.5 - https:\/\/yoast.com\/product\/yoast-seo-wordpress\/ -->\n<title>Gasthaus \u00d6kumene 2017 \u2013 eine Zusammenfassung - Martin Luther Evangelische Kirche Toronto<\/title>\n<meta name=\"robots\" content=\"index, follow, max-snippet:-1, max-image-preview:large, max-video-preview:-1\" \/>\n<link rel=\"canonical\" href=\"https:\/\/martinluther.ca\/2017\/07\/ecumenical-guesthouse-2017-recap\/\" \/>\n<meta property=\"og:locale\" content=\"de_DE\" \/>\n<meta property=\"og:type\" content=\"article\" \/>\n<meta property=\"og:title\" content=\"Gasthaus \u00d6kumene 2017 \u2013 eine Zusammenfassung - Martin Luther Evangelische Kirche Toronto\" \/>\n<meta property=\"og:description\" content=\"Am 5. Juni 2017, einem Dienstag, kamen wir in der historischen Stadt Wittenberg an. Wir \u00fcberquerten den wundersch\u00f6nen Marktplatz auf dem Weg zu unserem Ausstellungszelt, wo wir uns den anderen Teilnehmergemeinden aus S\u00fcdafrika und Costa Rica vorstellten. Dann packten wir unsere Koffer aus und begannen, unseren Stand aufzubauen \u2013 komplett mit\u00a0einem Banner,\u00a0das die Skyline Torontos&hellip;\" \/>\n<meta property=\"og:url\" content=\"https:\/\/martinluther.ca\/2017\/07\/ecumenical-guesthouse-2017-recap\/\" \/>\n<meta property=\"og:site_name\" content=\"Martin Luther Evangelische Kirche Toronto\" \/>\n<meta property=\"article:publisher\" content=\"https:\/\/www.facebook.com\/martinlutherchurchtoronto\" \/>\n<meta property=\"article:published_time\" content=\"2017-07-19T17:54:36+00:00\" \/>\n<meta property=\"article:modified_time\" content=\"2017-07-19T18:03:55+00:00\" \/>\n<meta property=\"og:image\" content=\"https:\/\/martinluther.ca\/wp-content\/uploads\/2017\/07\/IMG_0418-e1500487255989.jpg\" \/>\n\t<meta property=\"og:image:width\" content=\"4263\" \/>\n\t<meta property=\"og:image:height\" content=\"3201\" \/>\n\t<meta property=\"og:image:type\" content=\"image\/jpeg\" \/>\n<meta name=\"author\" content=\"Marlena Muller\" \/>\n<meta name=\"twitter:card\" content=\"summary_large_image\" \/>\n<meta name=\"twitter:label1\" content=\"Verfasst von\" \/>\n\t<meta name=\"twitter:data1\" content=\"Marlena Muller\" \/>\n\t<meta name=\"twitter:label2\" content=\"Gesch\u00e4tzte Lesezeit\" \/>\n\t<meta name=\"twitter:data2\" content=\"2\u00a0Minuten\" \/>\n<script type=\"application\/ld+json\" class=\"yoast-schema-graph\">{\"@context\":\"https:\\\/\\\/schema.org\",\"@graph\":[{\"@type\":\"Article\",\"@id\":\"https:\\\/\\\/martinluther.ca\\\/2017\\\/07\\\/ecumenical-guesthouse-2017-recap\\\/#article\",\"isPartOf\":{\"@id\":\"https:\\\/\\\/martinluther.ca\\\/2017\\\/07\\\/ecumenical-guesthouse-2017-recap\\\/\"},\"author\":{\"name\":\"Marlena Muller\",\"@id\":\"https:\\\/\\\/martinluther.ca\\\/de\\\/#\\\/schema\\\/person\\\/ef4e825f5d9d6fd740bbd7813710e15d\"},\"headline\":\"Gasthaus \u00d6kumene 2017 \u2013 eine Zusammenfassung\",\"datePublished\":\"2017-07-19T17:54:36+00:00\",\"dateModified\":\"2017-07-19T18:03:55+00:00\",\"mainEntityOfPage\":{\"@id\":\"https:\\\/\\\/martinluther.ca\\\/2017\\\/07\\\/ecumenical-guesthouse-2017-recap\\\/\"},\"wordCount\":343,\"publisher\":{\"@id\":\"https:\\\/\\\/martinluther.ca\\\/de\\\/#organization\"},\"image\":{\"@id\":\"https:\\\/\\\/martinluther.ca\\\/2017\\\/07\\\/ecumenical-guesthouse-2017-recap\\\/#primaryimage\"},\"thumbnailUrl\":\"https:\\\/\\\/martinluther.ca\\\/wp-content\\\/uploads\\\/2017\\\/07\\\/IMG_0418-e1500487255989.jpg\",\"articleSection\":[\"News Blog - German\"],\"inLanguage\":\"de\"},{\"@type\":\"WebPage\",\"@id\":\"https:\\\/\\\/martinluther.ca\\\/2017\\\/07\\\/ecumenical-guesthouse-2017-recap\\\/\",\"url\":\"https:\\\/\\\/martinluther.ca\\\/2017\\\/07\\\/ecumenical-guesthouse-2017-recap\\\/\",\"name\":\"Gasthaus \u00d6kumene 2017 \u2013 eine Zusammenfassung - Martin Luther Evangelische Kirche Toronto\",\"isPartOf\":{\"@id\":\"https:\\\/\\\/martinluther.ca\\\/de\\\/#website\"},\"primaryImageOfPage\":{\"@id\":\"https:\\\/\\\/martinluther.ca\\\/2017\\\/07\\\/ecumenical-guesthouse-2017-recap\\\/#primaryimage\"},\"image\":{\"@id\":\"https:\\\/\\\/martinluther.ca\\\/2017\\\/07\\\/ecumenical-guesthouse-2017-recap\\\/#primaryimage\"},\"thumbnailUrl\":\"https:\\\/\\\/martinluther.ca\\\/wp-content\\\/uploads\\\/2017\\\/07\\\/IMG_0418-e1500487255989.jpg\",\"datePublished\":\"2017-07-19T17:54:36+00:00\",\"dateModified\":\"2017-07-19T18:03:55+00:00\",\"breadcrumb\":{\"@id\":\"https:\\\/\\\/martinluther.ca\\\/2017\\\/07\\\/ecumenical-guesthouse-2017-recap\\\/#breadcrumb\"},\"inLanguage\":\"de\",\"potentialAction\":[{\"@type\":\"ReadAction\",\"target\":[\"https:\\\/\\\/martinluther.ca\\\/2017\\\/07\\\/ecumenical-guesthouse-2017-recap\\\/\"]}]},{\"@type\":\"ImageObject\",\"inLanguage\":\"de\",\"@id\":\"https:\\\/\\\/martinluther.ca\\\/2017\\\/07\\\/ecumenical-guesthouse-2017-recap\\\/#primaryimage\",\"url\":\"https:\\\/\\\/martinluther.ca\\\/wp-content\\\/uploads\\\/2017\\\/07\\\/IMG_0418-e1500487255989.jpg\",\"contentUrl\":\"https:\\\/\\\/martinluther.ca\\\/wp-content\\\/uploads\\\/2017\\\/07\\\/IMG_0418-e1500487255989.jpg\",\"width\":4263,\"height\":3201},{\"@type\":\"BreadcrumbList\",\"@id\":\"https:\\\/\\\/martinluther.ca\\\/2017\\\/07\\\/ecumenical-guesthouse-2017-recap\\\/#breadcrumb\",\"itemListElement\":[{\"@type\":\"ListItem\",\"position\":1,\"name\":\"Home\",\"item\":\"https:\\\/\\\/martinluther.ca\\\/de\\\/\"},{\"@type\":\"ListItem\",\"position\":2,\"name\":\"Gasthaus \u00d6kumene 2017 \u2013 eine Zusammenfassung\"}]},{\"@type\":\"WebSite\",\"@id\":\"https:\\\/\\\/martinluther.ca\\\/de\\\/#website\",\"url\":\"https:\\\/\\\/martinluther.ca\\\/de\\\/\",\"name\":\"Martin Luther Evangelical Church Toronto\",\"description\":\"Deutsch &amp; Englisch\",\"publisher\":{\"@id\":\"https:\\\/\\\/martinluther.ca\\\/de\\\/#organization\"},\"potentialAction\":[{\"@type\":\"SearchAction\",\"target\":{\"@type\":\"EntryPoint\",\"urlTemplate\":\"https:\\\/\\\/martinluther.ca\\\/de\\\/?s={search_term_string}\"},\"query-input\":{\"@type\":\"PropertyValueSpecification\",\"valueRequired\":true,\"valueName\":\"search_term_string\"}}],\"inLanguage\":\"de\"},{\"@type\":\"Organization\",\"@id\":\"https:\\\/\\\/martinluther.ca\\\/de\\\/#organization\",\"name\":\"Martin Luther Evangelical Church Toronto\",\"url\":\"https:\\\/\\\/martinluther.ca\\\/de\\\/\",\"logo\":{\"@type\":\"ImageObject\",\"inLanguage\":\"de\",\"@id\":\"https:\\\/\\\/martinluther.ca\\\/de\\\/#\\\/schema\\\/logo\\\/image\\\/\",\"url\":\"https:\\\/\\\/martinluther.ca\\\/wp-content\\\/uploads\\\/2016\\\/12\\\/ml-logo-300.png\",\"contentUrl\":\"https:\\\/\\\/martinluther.ca\\\/wp-content\\\/uploads\\\/2016\\\/12\\\/ml-logo-300.png\",\"width\":300,\"height\":150,\"caption\":\"Martin Luther Evangelical Church Toronto\"},\"image\":{\"@id\":\"https:\\\/\\\/martinluther.ca\\\/de\\\/#\\\/schema\\\/logo\\\/image\\\/\"},\"sameAs\":[\"https:\\\/\\\/www.facebook.com\\\/martinlutherchurchtoronto\",\"https:\\\/\\\/www.instagram.com\\\/lutheransbythelake\\\/\",\"https:\\\/\\\/www.youtube.com\\\/MartinLutherChurchToronto\"]},{\"@type\":\"Person\",\"@id\":\"https:\\\/\\\/martinluther.ca\\\/de\\\/#\\\/schema\\\/person\\\/ef4e825f5d9d6fd740bbd7813710e15d\",\"name\":\"Marlena Muller\",\"image\":{\"@type\":\"ImageObject\",\"inLanguage\":\"de\",\"@id\":\"https:\\\/\\\/secure.gravatar.com\\\/avatar\\\/fe840ff753768b839caa2dd522d4797f19f7e22fa2da83388e0fbfc570b65a37?s=96&d=mm&r=g\",\"url\":\"https:\\\/\\\/secure.gravatar.com\\\/avatar\\\/fe840ff753768b839caa2dd522d4797f19f7e22fa2da83388e0fbfc570b65a37?s=96&d=mm&r=g\",\"contentUrl\":\"https:\\\/\\\/secure.gravatar.com\\\/avatar\\\/fe840ff753768b839caa2dd522d4797f19f7e22fa2da83388e0fbfc570b65a37?s=96&d=mm&r=g\",\"caption\":\"Marlena Muller\"},\"url\":false}]}<\/script>\n<!-- \/ Yoast SEO plugin. -->","yoast_head_json":{"title":"Gasthaus \u00d6kumene 2017 \u2013 eine Zusammenfassung - Martin Luther Evangelische Kirche Toronto","robots":{"index":"index","follow":"follow","max-snippet":"max-snippet:-1","max-image-preview":"max-image-preview:large","max-video-preview":"max-video-preview:-1"},"canonical":"https:\/\/martinluther.ca\/2017\/07\/ecumenical-guesthouse-2017-recap\/","og_locale":"de_DE","og_type":"article","og_title":"Gasthaus \u00d6kumene 2017 \u2013 eine Zusammenfassung - Martin Luther Evangelische Kirche Toronto","og_description":"Am 5. Juni 2017, einem Dienstag, kamen wir in der historischen Stadt Wittenberg an. Wir \u00fcberquerten den wundersch\u00f6nen Marktplatz auf dem Weg zu unserem Ausstellungszelt, wo wir uns den anderen Teilnehmergemeinden aus S\u00fcdafrika und Costa Rica vorstellten. Dann packten wir unsere Koffer aus und begannen, unseren Stand aufzubauen \u2013 komplett mit\u00a0einem Banner,\u00a0das die Skyline Torontos&hellip;","og_url":"https:\/\/martinluther.ca\/2017\/07\/ecumenical-guesthouse-2017-recap\/","og_site_name":"Martin Luther Evangelische Kirche Toronto","article_publisher":"https:\/\/www.facebook.com\/martinlutherchurchtoronto","article_published_time":"2017-07-19T17:54:36+00:00","article_modified_time":"2017-07-19T18:03:55+00:00","og_image":[{"width":4263,"height":3201,"url":"https:\/\/martinluther.ca\/wp-content\/uploads\/2017\/07\/IMG_0418-e1500487255989.jpg","type":"image\/jpeg"}],"author":"Marlena Muller","twitter_card":"summary_large_image","twitter_misc":{"Verfasst von":"Marlena Muller","Gesch\u00e4tzte Lesezeit":"2\u00a0Minuten"},"schema":{"@context":"https:\/\/schema.org","@graph":[{"@type":"Article","@id":"https:\/\/martinluther.ca\/2017\/07\/ecumenical-guesthouse-2017-recap\/#article","isPartOf":{"@id":"https:\/\/martinluther.ca\/2017\/07\/ecumenical-guesthouse-2017-recap\/"},"author":{"name":"Marlena Muller","@id":"https:\/\/martinluther.ca\/de\/#\/schema\/person\/ef4e825f5d9d6fd740bbd7813710e15d"},"headline":"Gasthaus \u00d6kumene 2017 \u2013 eine Zusammenfassung","datePublished":"2017-07-19T17:54:36+00:00","dateModified":"2017-07-19T18:03:55+00:00","mainEntityOfPage":{"@id":"https:\/\/martinluther.ca\/2017\/07\/ecumenical-guesthouse-2017-recap\/"},"wordCount":343,"publisher":{"@id":"https:\/\/martinluther.ca\/de\/#organization"},"image":{"@id":"https:\/\/martinluther.ca\/2017\/07\/ecumenical-guesthouse-2017-recap\/#primaryimage"},"thumbnailUrl":"https:\/\/martinluther.ca\/wp-content\/uploads\/2017\/07\/IMG_0418-e1500487255989.jpg","articleSection":["News Blog - German"],"inLanguage":"de"},{"@type":"WebPage","@id":"https:\/\/martinluther.ca\/2017\/07\/ecumenical-guesthouse-2017-recap\/","url":"https:\/\/martinluther.ca\/2017\/07\/ecumenical-guesthouse-2017-recap\/","name":"Gasthaus \u00d6kumene 2017 \u2013 eine Zusammenfassung - Martin Luther Evangelische Kirche Toronto","isPartOf":{"@id":"https:\/\/martinluther.ca\/de\/#website"},"primaryImageOfPage":{"@id":"https:\/\/martinluther.ca\/2017\/07\/ecumenical-guesthouse-2017-recap\/#primaryimage"},"image":{"@id":"https:\/\/martinluther.ca\/2017\/07\/ecumenical-guesthouse-2017-recap\/#primaryimage"},"thumbnailUrl":"https:\/\/martinluther.ca\/wp-content\/uploads\/2017\/07\/IMG_0418-e1500487255989.jpg","datePublished":"2017-07-19T17:54:36+00:00","dateModified":"2017-07-19T18:03:55+00:00","breadcrumb":{"@id":"https:\/\/martinluther.ca\/2017\/07\/ecumenical-guesthouse-2017-recap\/#breadcrumb"},"inLanguage":"de","potentialAction":[{"@type":"ReadAction","target":["https:\/\/martinluther.ca\/2017\/07\/ecumenical-guesthouse-2017-recap\/"]}]},{"@type":"ImageObject","inLanguage":"de","@id":"https:\/\/martinluther.ca\/2017\/07\/ecumenical-guesthouse-2017-recap\/#primaryimage","url":"https:\/\/martinluther.ca\/wp-content\/uploads\/2017\/07\/IMG_0418-e1500487255989.jpg","contentUrl":"https:\/\/martinluther.ca\/wp-content\/uploads\/2017\/07\/IMG_0418-e1500487255989.jpg","width":4263,"height":3201},{"@type":"BreadcrumbList","@id":"https:\/\/martinluther.ca\/2017\/07\/ecumenical-guesthouse-2017-recap\/#breadcrumb","itemListElement":[{"@type":"ListItem","position":1,"name":"Home","item":"https:\/\/martinluther.ca\/de\/"},{"@type":"ListItem","position":2,"name":"Gasthaus \u00d6kumene 2017 \u2013 eine Zusammenfassung"}]},{"@type":"WebSite","@id":"https:\/\/martinluther.ca\/de\/#website","url":"https:\/\/martinluther.ca\/de\/","name":"Martin Luther Evangelical Church Toronto","description":"Deutsch &amp; Englisch","publisher":{"@id":"https:\/\/martinluther.ca\/de\/#organization"},"potentialAction":[{"@type":"SearchAction","target":{"@type":"EntryPoint","urlTemplate":"https:\/\/martinluther.ca\/de\/?s={search_term_string}"},"query-input":{"@type":"PropertyValueSpecification","valueRequired":true,"valueName":"search_term_string"}}],"inLanguage":"de"},{"@type":"Organization","@id":"https:\/\/martinluther.ca\/de\/#organization","name":"Martin Luther Evangelical Church Toronto","url":"https:\/\/martinluther.ca\/de\/","logo":{"@type":"ImageObject","inLanguage":"de","@id":"https:\/\/martinluther.ca\/de\/#\/schema\/logo\/image\/","url":"https:\/\/martinluther.ca\/wp-content\/uploads\/2016\/12\/ml-logo-300.png","contentUrl":"https:\/\/martinluther.ca\/wp-content\/uploads\/2016\/12\/ml-logo-300.png","width":300,"height":150,"caption":"Martin Luther Evangelical Church Toronto"},"image":{"@id":"https:\/\/martinluther.ca\/de\/#\/schema\/logo\/image\/"},"sameAs":["https:\/\/www.facebook.com\/martinlutherchurchtoronto","https:\/\/www.instagram.com\/lutheransbythelake\/","https:\/\/www.youtube.com\/MartinLutherChurchToronto"]},{"@type":"Person","@id":"https:\/\/martinluther.ca\/de\/#\/schema\/person\/ef4e825f5d9d6fd740bbd7813710e15d","name":"Marlena Muller","image":{"@type":"ImageObject","inLanguage":"de","@id":"https:\/\/secure.gravatar.com\/avatar\/fe840ff753768b839caa2dd522d4797f19f7e22fa2da83388e0fbfc570b65a37?s=96&d=mm&r=g","url":"https:\/\/secure.gravatar.com\/avatar\/fe840ff753768b839caa2dd522d4797f19f7e22fa2da83388e0fbfc570b65a37?s=96&d=mm&r=g","contentUrl":"https:\/\/secure.gravatar.com\/avatar\/fe840ff753768b839caa2dd522d4797f19f7e22fa2da83388e0fbfc570b65a37?s=96&d=mm&r=g","caption":"Marlena Muller"},"url":false}]}},"_links":{"self":[{"href":"https:\/\/martinluther.ca\/de\/wp-json\/wp\/v2\/posts\/26862","targetHints":{"allow":["GET"]}}],"collection":[{"href":"https:\/\/martinluther.ca\/de\/wp-json\/wp\/v2\/posts"}],"about":[{"href":"https:\/\/martinluther.ca\/de\/wp-json\/wp\/v2\/types\/post"}],"author":[{"embeddable":true,"href":"https:\/\/martinluther.ca\/de\/wp-json\/wp\/v2\/users\/8"}],"replies":[{"embeddable":true,"href":"https:\/\/martinluther.ca\/de\/wp-json\/wp\/v2\/comments?post=26862"}],"version-history":[{"count":2,"href":"https:\/\/martinluther.ca\/de\/wp-json\/wp\/v2\/posts\/26862\/revisions"}],"predecessor-version":[{"id":26875,"href":"https:\/\/martinluther.ca\/de\/wp-json\/wp\/v2\/posts\/26862\/revisions\/26875"}],"wp:featuredmedia":[{"embeddable":true,"href":"https:\/\/martinluther.ca\/de\/wp-json\/wp\/v2\/media\/26876"}],"wp:attachment":[{"href":"https:\/\/martinluther.ca\/de\/wp-json\/wp\/v2\/media?parent=26862"}],"wp:term":[{"taxonomy":"category","embeddable":true,"href":"https:\/\/martinluther.ca\/de\/wp-json\/wp\/v2\/categories?post=26862"},{"taxonomy":"post_tag","embeddable":true,"href":"https:\/\/martinluther.ca\/de\/wp-json\/wp\/v2\/tags?post=26862"},{"taxonomy":"post_series","embeddable":true,"href":"https:\/\/martinluther.ca\/de\/wp-json\/wp\/v2\/post_series?post=26862"}],"curies":[{"name":"wp","href":"https:\/\/api.w.org\/{rel}","templated":true}]}}