{"id":26893,"date":"2017-07-19T17:40:56","date_gmt":"2017-07-19T21:40:56","guid":{"rendered":"https:\/\/martinluther.ca\/?p=26893\/"},"modified":"2017-08-17T20:08:27","modified_gmt":"2017-08-18T00:08:27","slug":"unsere-interviewreihe-2-praedikant-friedrich-brunzema-2","status":"publish","type":"post","link":"https:\/\/martinluther.ca\/de\/2017\/07\/unsere-interviewreihe-2-praedikant-friedrich-brunzema-2\/","title":{"rendered":"Unsere Interviewreihe (2): Pr\u00e4dikant Friedrich Brunzema"},"content":{"rendered":"<figure id=\"attachment_26902\" aria-describedby=\"caption-attachment-26902\" style=\"width: 300px\" class=\"wp-caption alignright\"><img loading=\"lazy\" decoding=\"async\" class=\"size-medium wp-image-26902\" src=\"https:\/\/martinluther.ca\/wp-content\/uploads\/2017\/07\/friedrich2-4-3-300x225.jpg\" alt=\"Friedrich Brunzema\" width=\"300\" height=\"225\" srcset=\"https:\/\/martinluther.ca\/wp-content\/uploads\/2017\/07\/friedrich2-4-3-300x225.jpg 300w, https:\/\/martinluther.ca\/wp-content\/uploads\/2017\/07\/friedrich2-4-3.jpg 410w\" sizes=\"auto, (max-width: 300px) 100vw, 300px\" \/><figcaption id=\"caption-attachment-26902\" class=\"wp-caption-text\">Friedrich Brunzema<\/figcaption><\/figure>\n<p>Seit Januar 2017, werden vier Mitglieder der Martin Luther Kirchengemeinde zu\u00a0Pr\u00e4dikanten (Laienpredigern)\u00a0ausgebildet: Katja Brittain, Tanya Zielke, Iris Schweiger, sowie <strong>Friedrich Brunzema<\/strong>, der uns freundlicherweise\u00a0f\u00fcr diesen Interviewbeitrag Rede u. Antwort gestanden hat.<\/p>\n<p><em><strong>1) Wie lange kommen Sie schon in die MLK?<\/strong><\/em><\/p>\n<p><strong>Freidrich:<\/strong> Seit ca . einem Jahr \u2013 mein Sohn wurde in der Martin Luther Kirche konfirmiert \u2013 ich aber bin bei der Ersten Evangelisch-Lutherischen Kirche (First Evangelical Lutheran Church) Mitglied.<\/p>\n<p><em><strong>2) Was gef\u00e4llt Ihnen an der MLK am besten?<\/strong><\/em><\/p>\n<p><strong>Friedrich:<\/strong> Bestimmte Gemeindemitglieder u.a.<\/p>\n<p><em><strong>3) Was hat Sie veranlasst Pr\u00e4dikant zu werden bzw. wie lange hat es gedauert sich daf\u00fcr zu entscheiden?<\/strong><\/em><\/p>\n<p><strong>Friedrich:<\/strong> Das war eine sehr kurzfristige Entscheidung, ich f\u00fchle mich dazu berufen.<\/p>\n<p><em><strong>4) Was war die gr\u00f6sste Herrausforderung (was hat Ihnen am meisten zu schaffen gemacht) w\u00e4hrend des AusbildungsSeminars?<\/strong><\/em><\/p>\n<p><strong>Friedrich:<\/strong> Das Seminar war OK. Die gr\u00f6sste Herausforderung ist die zeitliche Planung \u2013 man braucht Zeit fuer Vorbereitung von Gottesdiensten.<\/p>\n<p><em><strong>5) H\u00e4tten Sie sich vor 10 Jahren denken k\u00f6nnen heute als Pr\u00e4dikant gelegentlich vor einer Gemeinde zu stehen?<\/strong><\/em><\/p>\n<p><strong>Friedrich:<\/strong> Klar doch.<\/p>\n<figure id=\"attachment_26770\" aria-describedby=\"caption-attachment-26770\" style=\"width: 300px\" class=\"wp-caption alignright\"><img loading=\"lazy\" decoding=\"async\" class=\"size-medium wp-image-26770\" src=\"https:\/\/martinluther.ca\/wp-content\/uploads\/2017\/07\/mlc_lay_preachers-300x225.jpg\" alt=\"2017bMLC Lay Preachers\" width=\"300\" height=\"225\" srcset=\"https:\/\/martinluther.ca\/wp-content\/uploads\/2017\/07\/mlc_lay_preachers-300x225.jpg 300w, https:\/\/martinluther.ca\/wp-content\/uploads\/2017\/07\/mlc_lay_preachers-768x576.jpg 768w, https:\/\/martinluther.ca\/wp-content\/uploads\/2017\/07\/mlc_lay_preachers.jpg 1024w\" sizes=\"auto, (max-width: 300px) 100vw, 300px\" \/><figcaption id=\"caption-attachment-26770\" class=\"wp-caption-text\">Our four new lay preachers at MLC<br \/>(L to R): Friedrich Brunzema, Katja Brittain, Tanya Zielke<br \/>(photo inset: Iris Schweiger)<\/figcaption><\/figure>\n<p><em><strong>6) Was fiel Ihnen an Ihrer 1. Predigt am schwersten?<\/strong><\/em><\/p>\n<p><strong>Friedrich:<\/strong> Etwas zu Papier zu bringen, was eindeutig besser ist als eine Predigt im Internet.<\/p>\n<p><em><strong>7) Welche F\u00e4higkeiten sch\u00e4tzen Sie am meisten an Ihren drei Kollegen\/Kolleginnen.<\/strong><\/em><\/p>\n<p><strong>Friedrich:<\/strong> Ihre Energie, Hingabe zur Sache Kirche, und Offenheit.<\/p>\n<p><em><strong>8) Was ist Ihr Lieblingsbibelvers u. warum?<\/strong><\/em><\/p>\n<p><strong>Friedrich:<\/strong> Jesaja 41, 13 \u2013 mein Konfirmationsspruch, der mich durchs Leben begleitet: \u201eDenn ich bin der HERR, dein Gott, der deine rechte Hand st\u00e4rkt und zu dir spricht: F\u00fcrchte dich nicht, ich helfe dir!\u201c<\/p>\n<p><em><strong>9) Was ist Ihr gr\u00f6sster Wunsch f\u00fcr die MLK Gemeinde in diesem 500. Jubil\u00e4umsjahr der Reformation?<\/strong><\/em><\/p>\n<p><strong>Friedrich:<\/strong> Dass sich die Gemeinde verst\u00e4rkt darum k\u00fcmmert, Menschen in ihrer Nachbarschaft in die Gemeinde einzubinden.<\/p>\n<figure id=\"attachment_26903\" aria-describedby=\"caption-attachment-26903\" style=\"width: 291px\" class=\"wp-caption alignright\"><img loading=\"lazy\" decoding=\"async\" class=\"size-full wp-image-26903\" src=\"https:\/\/martinluther.ca\/wp-content\/uploads\/2017\/07\/IrisSchweiger-4-3.jpg\" alt=\"Iris Schweiger\" width=\"291\" height=\"218\" \/><figcaption id=\"caption-attachment-26903\" class=\"wp-caption-text\">Iris Schweiger<\/figcaption><\/figure>\n<p>&nbsp;<\/p>\n<p><strong>To read about Iris Schweiger, part one of the series ( MLC interviews: (1) Lay Preacher Iris Schweiger)\u00a0<\/strong><strong> click <a href=\"https:\/\/martinluther.ca\/de\/2017\/07\/interview-praedikantin-iris-schweiger\/\">here<\/a><\/strong><\/p>\n","protected":false},"excerpt":{"rendered":"<p>Seit Januar 2017, werden vier Mitglieder der Martin Luther Kirchengemeinde zu\u00a0Pr\u00e4dikanten (Laienpredigern)\u00a0ausgebildet: Katja Brittain, Tanya Zielke, Iris Schweiger, sowie Friedrich Brunzema, der uns freundlicherweise\u00a0f\u00fcr diesen Interviewbeitrag Rede u. Antwort gestanden hat. 1) Wie lange kommen Sie schon in die MLK? Freidrich: Seit ca . einem Jahr \u2013 mein Sohn wurde in der Martin Luther Kirche&hellip;<\/p>\n","protected":false},"author":19,"featured_media":26902,"comment_status":"closed","ping_status":"closed","sticky":false,"template":"","format":"standard","meta":{"footnotes":""},"categories":[69],"tags":[],"post_series":[],"class_list":["post-26893","post","type-post","status-publish","format-standard","has-post-thumbnail","hentry","category-news-blog-german","entry","has-media"],"yoast_head":"<!-- This site is optimized with the Yoast SEO plugin v27.5 - https:\/\/yoast.com\/product\/yoast-seo-wordpress\/ -->\n<title>Unsere Interviewreihe (2): Pr\u00e4dikant Friedrich Brunzema - Martin Luther Evangelische Kirche Toronto<\/title>\n<meta name=\"robots\" content=\"index, follow, max-snippet:-1, max-image-preview:large, max-video-preview:-1\" \/>\n<link rel=\"canonical\" href=\"https:\/\/martinluther.ca\/de\/2017\/07\/unsere-interviewreihe-2-praedikant-friedrich-brunzema-2\/\" \/>\n<meta property=\"og:locale\" content=\"de_DE\" \/>\n<meta property=\"og:type\" content=\"article\" \/>\n<meta property=\"og:title\" content=\"Unsere Interviewreihe (2): Pr\u00e4dikant Friedrich Brunzema - Martin Luther Evangelische Kirche Toronto\" \/>\n<meta property=\"og:description\" content=\"Seit Januar 2017, werden vier Mitglieder der Martin Luther Kirchengemeinde zu\u00a0Pr\u00e4dikanten (Laienpredigern)\u00a0ausgebildet: Katja Brittain, Tanya Zielke, Iris Schweiger, sowie Friedrich Brunzema, der uns freundlicherweise\u00a0f\u00fcr diesen Interviewbeitrag Rede u. Antwort gestanden hat. 1) Wie lange kommen Sie schon in die MLK? Freidrich: Seit ca . einem Jahr \u2013 mein Sohn wurde in der Martin Luther Kirche&hellip;\" \/>\n<meta property=\"og:url\" content=\"https:\/\/martinluther.ca\/de\/2017\/07\/unsere-interviewreihe-2-praedikant-friedrich-brunzema-2\/\" \/>\n<meta property=\"og:site_name\" content=\"Martin Luther Evangelische Kirche Toronto\" \/>\n<meta property=\"article:publisher\" content=\"https:\/\/www.facebook.com\/martinlutherchurchtoronto\" \/>\n<meta property=\"article:published_time\" content=\"2017-07-19T21:40:56+00:00\" \/>\n<meta property=\"article:modified_time\" content=\"2017-08-18T00:08:27+00:00\" \/>\n<meta property=\"og:image\" content=\"https:\/\/martinluther.ca\/wp-content\/uploads\/2017\/07\/friedrich2-4-3.jpg\" \/>\n\t<meta property=\"og:image:width\" content=\"410\" \/>\n\t<meta property=\"og:image:height\" content=\"307\" \/>\n\t<meta property=\"og:image:type\" content=\"image\/jpeg\" \/>\n<meta name=\"author\" content=\"Andreas Boettcher\" \/>\n<meta name=\"twitter:card\" content=\"summary_large_image\" \/>\n<meta name=\"twitter:label1\" content=\"Verfasst von\" \/>\n\t<meta name=\"twitter:data1\" content=\"Andreas Boettcher\" \/>\n\t<meta name=\"twitter:label2\" content=\"Gesch\u00e4tzte Lesezeit\" \/>\n\t<meta name=\"twitter:data2\" content=\"2\u00a0Minuten\" \/>\n<script type=\"application\/ld+json\" class=\"yoast-schema-graph\">{\"@context\":\"https:\\\/\\\/schema.org\",\"@graph\":[{\"@type\":\"Article\",\"@id\":\"https:\\\/\\\/martinluther.ca\\\/de\\\/2017\\\/07\\\/unsere-interviewreihe-2-praedikant-friedrich-brunzema-2\\\/#article\",\"isPartOf\":{\"@id\":\"https:\\\/\\\/martinluther.ca\\\/de\\\/2017\\\/07\\\/unsere-interviewreihe-2-praedikant-friedrich-brunzema-2\\\/\"},\"author\":{\"name\":\"Andreas Boettcher\",\"@id\":\"https:\\\/\\\/martinluther.ca\\\/de\\\/#\\\/schema\\\/person\\\/343c47b858124d1e38a66c92db23763d\"},\"headline\":\"Unsere Interviewreihe (2): Pr\u00e4dikant Friedrich Brunzema\",\"datePublished\":\"2017-07-19T21:40:56+00:00\",\"dateModified\":\"2017-08-18T00:08:27+00:00\",\"mainEntityOfPage\":{\"@id\":\"https:\\\/\\\/martinluther.ca\\\/de\\\/2017\\\/07\\\/unsere-interviewreihe-2-praedikant-friedrich-brunzema-2\\\/\"},\"wordCount\":365,\"publisher\":{\"@id\":\"https:\\\/\\\/martinluther.ca\\\/de\\\/#organization\"},\"image\":{\"@id\":\"https:\\\/\\\/martinluther.ca\\\/de\\\/2017\\\/07\\\/unsere-interviewreihe-2-praedikant-friedrich-brunzema-2\\\/#primaryimage\"},\"thumbnailUrl\":\"https:\\\/\\\/martinluther.ca\\\/wp-content\\\/uploads\\\/2017\\\/07\\\/friedrich2-4-3.jpg\",\"articleSection\":[\"News Blog - German\"],\"inLanguage\":\"de\"},{\"@type\":\"WebPage\",\"@id\":\"https:\\\/\\\/martinluther.ca\\\/de\\\/2017\\\/07\\\/unsere-interviewreihe-2-praedikant-friedrich-brunzema-2\\\/\",\"url\":\"https:\\\/\\\/martinluther.ca\\\/de\\\/2017\\\/07\\\/unsere-interviewreihe-2-praedikant-friedrich-brunzema-2\\\/\",\"name\":\"Unsere Interviewreihe (2): Pr\u00e4dikant Friedrich Brunzema - Martin Luther Evangelische Kirche Toronto\",\"isPartOf\":{\"@id\":\"https:\\\/\\\/martinluther.ca\\\/de\\\/#website\"},\"primaryImageOfPage\":{\"@id\":\"https:\\\/\\\/martinluther.ca\\\/de\\\/2017\\\/07\\\/unsere-interviewreihe-2-praedikant-friedrich-brunzema-2\\\/#primaryimage\"},\"image\":{\"@id\":\"https:\\\/\\\/martinluther.ca\\\/de\\\/2017\\\/07\\\/unsere-interviewreihe-2-praedikant-friedrich-brunzema-2\\\/#primaryimage\"},\"thumbnailUrl\":\"https:\\\/\\\/martinluther.ca\\\/wp-content\\\/uploads\\\/2017\\\/07\\\/friedrich2-4-3.jpg\",\"datePublished\":\"2017-07-19T21:40:56+00:00\",\"dateModified\":\"2017-08-18T00:08:27+00:00\",\"breadcrumb\":{\"@id\":\"https:\\\/\\\/martinluther.ca\\\/de\\\/2017\\\/07\\\/unsere-interviewreihe-2-praedikant-friedrich-brunzema-2\\\/#breadcrumb\"},\"inLanguage\":\"de\",\"potentialAction\":[{\"@type\":\"ReadAction\",\"target\":[\"https:\\\/\\\/martinluther.ca\\\/de\\\/2017\\\/07\\\/unsere-interviewreihe-2-praedikant-friedrich-brunzema-2\\\/\"]}]},{\"@type\":\"ImageObject\",\"inLanguage\":\"de\",\"@id\":\"https:\\\/\\\/martinluther.ca\\\/de\\\/2017\\\/07\\\/unsere-interviewreihe-2-praedikant-friedrich-brunzema-2\\\/#primaryimage\",\"url\":\"https:\\\/\\\/martinluther.ca\\\/wp-content\\\/uploads\\\/2017\\\/07\\\/friedrich2-4-3.jpg\",\"contentUrl\":\"https:\\\/\\\/martinluther.ca\\\/wp-content\\\/uploads\\\/2017\\\/07\\\/friedrich2-4-3.jpg\",\"width\":410,\"height\":307,\"caption\":\"Friedrich Brunzema\"},{\"@type\":\"BreadcrumbList\",\"@id\":\"https:\\\/\\\/martinluther.ca\\\/de\\\/2017\\\/07\\\/unsere-interviewreihe-2-praedikant-friedrich-brunzema-2\\\/#breadcrumb\",\"itemListElement\":[{\"@type\":\"ListItem\",\"position\":1,\"name\":\"Home\",\"item\":\"https:\\\/\\\/martinluther.ca\\\/de\\\/\"},{\"@type\":\"ListItem\",\"position\":2,\"name\":\"Unsere Interviewreihe (2): Pr\u00e4dikant Friedrich Brunzema\"}]},{\"@type\":\"WebSite\",\"@id\":\"https:\\\/\\\/martinluther.ca\\\/de\\\/#website\",\"url\":\"https:\\\/\\\/martinluther.ca\\\/de\\\/\",\"name\":\"Martin Luther Evangelical Church Toronto\",\"description\":\"Deutsch &amp; Englisch\",\"publisher\":{\"@id\":\"https:\\\/\\\/martinluther.ca\\\/de\\\/#organization\"},\"potentialAction\":[{\"@type\":\"SearchAction\",\"target\":{\"@type\":\"EntryPoint\",\"urlTemplate\":\"https:\\\/\\\/martinluther.ca\\\/de\\\/?s={search_term_string}\"},\"query-input\":{\"@type\":\"PropertyValueSpecification\",\"valueRequired\":true,\"valueName\":\"search_term_string\"}}],\"inLanguage\":\"de\"},{\"@type\":\"Organization\",\"@id\":\"https:\\\/\\\/martinluther.ca\\\/de\\\/#organization\",\"name\":\"Martin Luther Evangelical Church Toronto\",\"url\":\"https:\\\/\\\/martinluther.ca\\\/de\\\/\",\"logo\":{\"@type\":\"ImageObject\",\"inLanguage\":\"de\",\"@id\":\"https:\\\/\\\/martinluther.ca\\\/de\\\/#\\\/schema\\\/logo\\\/image\\\/\",\"url\":\"https:\\\/\\\/martinluther.ca\\\/wp-content\\\/uploads\\\/2016\\\/12\\\/ml-logo-300.png\",\"contentUrl\":\"https:\\\/\\\/martinluther.ca\\\/wp-content\\\/uploads\\\/2016\\\/12\\\/ml-logo-300.png\",\"width\":300,\"height\":150,\"caption\":\"Martin Luther Evangelical Church Toronto\"},\"image\":{\"@id\":\"https:\\\/\\\/martinluther.ca\\\/de\\\/#\\\/schema\\\/logo\\\/image\\\/\"},\"sameAs\":[\"https:\\\/\\\/www.facebook.com\\\/martinlutherchurchtoronto\",\"https:\\\/\\\/www.instagram.com\\\/lutheransbythelake\\\/\",\"https:\\\/\\\/www.youtube.com\\\/MartinLutherChurchToronto\"]},{\"@type\":\"Person\",\"@id\":\"https:\\\/\\\/martinluther.ca\\\/de\\\/#\\\/schema\\\/person\\\/343c47b858124d1e38a66c92db23763d\",\"name\":\"Andreas Boettcher\",\"image\":{\"@type\":\"ImageObject\",\"inLanguage\":\"de\",\"@id\":\"https:\\\/\\\/secure.gravatar.com\\\/avatar\\\/f716800c47e4f581f117563995f021e92a4619b559c26f3785eed0090af4a4d8?s=96&d=mm&r=g\",\"url\":\"https:\\\/\\\/secure.gravatar.com\\\/avatar\\\/f716800c47e4f581f117563995f021e92a4619b559c26f3785eed0090af4a4d8?s=96&d=mm&r=g\",\"contentUrl\":\"https:\\\/\\\/secure.gravatar.com\\\/avatar\\\/f716800c47e4f581f117563995f021e92a4619b559c26f3785eed0090af4a4d8?s=96&d=mm&r=g\",\"caption\":\"Andreas Boettcher\"},\"url\":false}]}<\/script>\n<!-- \/ Yoast SEO plugin. -->","yoast_head_json":{"title":"Unsere Interviewreihe (2): Pr\u00e4dikant Friedrich Brunzema - Martin Luther Evangelische Kirche Toronto","robots":{"index":"index","follow":"follow","max-snippet":"max-snippet:-1","max-image-preview":"max-image-preview:large","max-video-preview":"max-video-preview:-1"},"canonical":"https:\/\/martinluther.ca\/de\/2017\/07\/unsere-interviewreihe-2-praedikant-friedrich-brunzema-2\/","og_locale":"de_DE","og_type":"article","og_title":"Unsere Interviewreihe (2): Pr\u00e4dikant Friedrich Brunzema - Martin Luther Evangelische Kirche Toronto","og_description":"Seit Januar 2017, werden vier Mitglieder der Martin Luther Kirchengemeinde zu\u00a0Pr\u00e4dikanten (Laienpredigern)\u00a0ausgebildet: Katja Brittain, Tanya Zielke, Iris Schweiger, sowie Friedrich Brunzema, der uns freundlicherweise\u00a0f\u00fcr diesen Interviewbeitrag Rede u. Antwort gestanden hat. 1) Wie lange kommen Sie schon in die MLK? Freidrich: Seit ca . einem Jahr \u2013 mein Sohn wurde in der Martin Luther Kirche&hellip;","og_url":"https:\/\/martinluther.ca\/de\/2017\/07\/unsere-interviewreihe-2-praedikant-friedrich-brunzema-2\/","og_site_name":"Martin Luther Evangelische Kirche Toronto","article_publisher":"https:\/\/www.facebook.com\/martinlutherchurchtoronto","article_published_time":"2017-07-19T21:40:56+00:00","article_modified_time":"2017-08-18T00:08:27+00:00","og_image":[{"width":410,"height":307,"url":"https:\/\/martinluther.ca\/wp-content\/uploads\/2017\/07\/friedrich2-4-3.jpg","type":"image\/jpeg"}],"author":"Andreas Boettcher","twitter_card":"summary_large_image","twitter_misc":{"Verfasst von":"Andreas Boettcher","Gesch\u00e4tzte Lesezeit":"2\u00a0Minuten"},"schema":{"@context":"https:\/\/schema.org","@graph":[{"@type":"Article","@id":"https:\/\/martinluther.ca\/de\/2017\/07\/unsere-interviewreihe-2-praedikant-friedrich-brunzema-2\/#article","isPartOf":{"@id":"https:\/\/martinluther.ca\/de\/2017\/07\/unsere-interviewreihe-2-praedikant-friedrich-brunzema-2\/"},"author":{"name":"Andreas Boettcher","@id":"https:\/\/martinluther.ca\/de\/#\/schema\/person\/343c47b858124d1e38a66c92db23763d"},"headline":"Unsere Interviewreihe (2): Pr\u00e4dikant Friedrich Brunzema","datePublished":"2017-07-19T21:40:56+00:00","dateModified":"2017-08-18T00:08:27+00:00","mainEntityOfPage":{"@id":"https:\/\/martinluther.ca\/de\/2017\/07\/unsere-interviewreihe-2-praedikant-friedrich-brunzema-2\/"},"wordCount":365,"publisher":{"@id":"https:\/\/martinluther.ca\/de\/#organization"},"image":{"@id":"https:\/\/martinluther.ca\/de\/2017\/07\/unsere-interviewreihe-2-praedikant-friedrich-brunzema-2\/#primaryimage"},"thumbnailUrl":"https:\/\/martinluther.ca\/wp-content\/uploads\/2017\/07\/friedrich2-4-3.jpg","articleSection":["News Blog - German"],"inLanguage":"de"},{"@type":"WebPage","@id":"https:\/\/martinluther.ca\/de\/2017\/07\/unsere-interviewreihe-2-praedikant-friedrich-brunzema-2\/","url":"https:\/\/martinluther.ca\/de\/2017\/07\/unsere-interviewreihe-2-praedikant-friedrich-brunzema-2\/","name":"Unsere Interviewreihe (2): Pr\u00e4dikant Friedrich Brunzema - Martin Luther Evangelische Kirche Toronto","isPartOf":{"@id":"https:\/\/martinluther.ca\/de\/#website"},"primaryImageOfPage":{"@id":"https:\/\/martinluther.ca\/de\/2017\/07\/unsere-interviewreihe-2-praedikant-friedrich-brunzema-2\/#primaryimage"},"image":{"@id":"https:\/\/martinluther.ca\/de\/2017\/07\/unsere-interviewreihe-2-praedikant-friedrich-brunzema-2\/#primaryimage"},"thumbnailUrl":"https:\/\/martinluther.ca\/wp-content\/uploads\/2017\/07\/friedrich2-4-3.jpg","datePublished":"2017-07-19T21:40:56+00:00","dateModified":"2017-08-18T00:08:27+00:00","breadcrumb":{"@id":"https:\/\/martinluther.ca\/de\/2017\/07\/unsere-interviewreihe-2-praedikant-friedrich-brunzema-2\/#breadcrumb"},"inLanguage":"de","potentialAction":[{"@type":"ReadAction","target":["https:\/\/martinluther.ca\/de\/2017\/07\/unsere-interviewreihe-2-praedikant-friedrich-brunzema-2\/"]}]},{"@type":"ImageObject","inLanguage":"de","@id":"https:\/\/martinluther.ca\/de\/2017\/07\/unsere-interviewreihe-2-praedikant-friedrich-brunzema-2\/#primaryimage","url":"https:\/\/martinluther.ca\/wp-content\/uploads\/2017\/07\/friedrich2-4-3.jpg","contentUrl":"https:\/\/martinluther.ca\/wp-content\/uploads\/2017\/07\/friedrich2-4-3.jpg","width":410,"height":307,"caption":"Friedrich Brunzema"},{"@type":"BreadcrumbList","@id":"https:\/\/martinluther.ca\/de\/2017\/07\/unsere-interviewreihe-2-praedikant-friedrich-brunzema-2\/#breadcrumb","itemListElement":[{"@type":"ListItem","position":1,"name":"Home","item":"https:\/\/martinluther.ca\/de\/"},{"@type":"ListItem","position":2,"name":"Unsere Interviewreihe (2): Pr\u00e4dikant Friedrich Brunzema"}]},{"@type":"WebSite","@id":"https:\/\/martinluther.ca\/de\/#website","url":"https:\/\/martinluther.ca\/de\/","name":"Martin Luther Evangelical Church Toronto","description":"Deutsch &amp; Englisch","publisher":{"@id":"https:\/\/martinluther.ca\/de\/#organization"},"potentialAction":[{"@type":"SearchAction","target":{"@type":"EntryPoint","urlTemplate":"https:\/\/martinluther.ca\/de\/?s={search_term_string}"},"query-input":{"@type":"PropertyValueSpecification","valueRequired":true,"valueName":"search_term_string"}}],"inLanguage":"de"},{"@type":"Organization","@id":"https:\/\/martinluther.ca\/de\/#organization","name":"Martin Luther Evangelical Church Toronto","url":"https:\/\/martinluther.ca\/de\/","logo":{"@type":"ImageObject","inLanguage":"de","@id":"https:\/\/martinluther.ca\/de\/#\/schema\/logo\/image\/","url":"https:\/\/martinluther.ca\/wp-content\/uploads\/2016\/12\/ml-logo-300.png","contentUrl":"https:\/\/martinluther.ca\/wp-content\/uploads\/2016\/12\/ml-logo-300.png","width":300,"height":150,"caption":"Martin Luther Evangelical Church Toronto"},"image":{"@id":"https:\/\/martinluther.ca\/de\/#\/schema\/logo\/image\/"},"sameAs":["https:\/\/www.facebook.com\/martinlutherchurchtoronto","https:\/\/www.instagram.com\/lutheransbythelake\/","https:\/\/www.youtube.com\/MartinLutherChurchToronto"]},{"@type":"Person","@id":"https:\/\/martinluther.ca\/de\/#\/schema\/person\/343c47b858124d1e38a66c92db23763d","name":"Andreas Boettcher","image":{"@type":"ImageObject","inLanguage":"de","@id":"https:\/\/secure.gravatar.com\/avatar\/f716800c47e4f581f117563995f021e92a4619b559c26f3785eed0090af4a4d8?s=96&d=mm&r=g","url":"https:\/\/secure.gravatar.com\/avatar\/f716800c47e4f581f117563995f021e92a4619b559c26f3785eed0090af4a4d8?s=96&d=mm&r=g","contentUrl":"https:\/\/secure.gravatar.com\/avatar\/f716800c47e4f581f117563995f021e92a4619b559c26f3785eed0090af4a4d8?s=96&d=mm&r=g","caption":"Andreas Boettcher"},"url":false}]}},"_links":{"self":[{"href":"https:\/\/martinluther.ca\/de\/wp-json\/wp\/v2\/posts\/26893","targetHints":{"allow":["GET"]}}],"collection":[{"href":"https:\/\/martinluther.ca\/de\/wp-json\/wp\/v2\/posts"}],"about":[{"href":"https:\/\/martinluther.ca\/de\/wp-json\/wp\/v2\/types\/post"}],"author":[{"embeddable":true,"href":"https:\/\/martinluther.ca\/de\/wp-json\/wp\/v2\/users\/19"}],"replies":[{"embeddable":true,"href":"https:\/\/martinluther.ca\/de\/wp-json\/wp\/v2\/comments?post=26893"}],"version-history":[{"count":6,"href":"https:\/\/martinluther.ca\/de\/wp-json\/wp\/v2\/posts\/26893\/revisions"}],"predecessor-version":[{"id":27188,"href":"https:\/\/martinluther.ca\/de\/wp-json\/wp\/v2\/posts\/26893\/revisions\/27188"}],"wp:featuredmedia":[{"embeddable":true,"href":"https:\/\/martinluther.ca\/de\/wp-json\/wp\/v2\/media\/26902"}],"wp:attachment":[{"href":"https:\/\/martinluther.ca\/de\/wp-json\/wp\/v2\/media?parent=26893"}],"wp:term":[{"taxonomy":"category","embeddable":true,"href":"https:\/\/martinluther.ca\/de\/wp-json\/wp\/v2\/categories?post=26893"},{"taxonomy":"post_tag","embeddable":true,"href":"https:\/\/martinluther.ca\/de\/wp-json\/wp\/v2\/tags?post=26893"},{"taxonomy":"post_series","embeddable":true,"href":"https:\/\/martinluther.ca\/de\/wp-json\/wp\/v2\/post_series?post=26893"}],"curies":[{"name":"wp","href":"https:\/\/api.w.org\/{rel}","templated":true}]}}