{"id":26980,"date":"2017-08-01T13:02:52","date_gmt":"2017-08-01T17:02:52","guid":{"rendered":"https:\/\/martinluther.ca\/?p=26980\/"},"modified":"2018-02-16T23:55:21","modified_gmt":"2018-02-17T04:55:21","slug":"die-renovierung-geht-weiter","status":"publish","type":"post","link":"https:\/\/martinluther.ca\/de\/2017\/08\/die-renovierung-geht-weiter\/","title":{"rendered":"Die Renovierung geht weiter"},"content":{"rendered":"<p><img loading=\"lazy\" decoding=\"async\" class=\" wp-image-26992 alignright\" src=\"https:\/\/martinluther.ca\/wp-content\/uploads\/2017\/08\/2017-08-02-14.07.39-e1501698269371-169x300.jpg\" alt=\"\" width=\"293\" height=\"520\" srcset=\"https:\/\/martinluther.ca\/wp-content\/uploads\/2017\/08\/2017-08-02-14.07.39-e1501698269371-169x300.jpg 169w, https:\/\/martinluther.ca\/wp-content\/uploads\/2017\/08\/2017-08-02-14.07.39-e1501698269371-768x1365.jpg 768w, https:\/\/martinluther.ca\/wp-content\/uploads\/2017\/08\/2017-08-02-14.07.39-e1501698269371-576x1024.jpg 576w\" sizes=\"auto, (max-width: 293px) 100vw, 293px\" \/><\/p>\n<h2>Was haben 19 freiwillige Mitarbeiter bisher geschafft:<\/h2>\n<ul>\n<li>Knapp 200 gez\u00e4hlte Arbeitsstunden<\/li>\n<li>Die Heizrohre sind installiert<\/li>\n<li>Die W\u00e4nde sind gestrichen<\/li>\n<li>Die B\u00f6den verlegt<\/li>\n<li>Die Lampen im Ostb\u00fcro installiert<\/li>\n<li>Die Mitarbeiter und M\u00f6bel sind wieder in die B\u00fcror\u00e4ume eingezogen<\/li>\n<\/ul>\n<h3>Was m\u00f6chten wir noch schaffen:<\/h3>\n<ul>\n<li>Fertigstellung des Kellerraumes unterhalb der B\u00fcros\n<ul>\n<li>S\u00fcd\/Ost Ecke wasserdicht machen<\/li>\n<li>Bodenbelag verlegen<\/li>\n<li>Fu\u00dfleisten installieren<\/li>\n<\/ul>\n<\/li>\n<li>Fertigstellung der Sakristei\n<ul>\n<li>Einbauschrank anfertigen<\/li>\n<\/ul>\n<\/li>\n<\/ul>\n<h3>Was brauchen wir von Ihnen:<\/h3>\n<ul>\n<li>Weiterhin freiwillige Mitarbeiter<\/li>\n<li>Ihre volle Unterst\u00fctzung und Gebete um weiterhin genug Kraft zu haben die<br \/>\nRenovierungsarbeiten zu beenden<\/li>\n<\/ul>\n<h3>\u00dcber einen Besichtigungsbesuch von Ihnen w\u00fcrden wir uns sehr freuen.<\/h3>\n<p>Das Renoteam<\/p>\n<div id=\"gallery-1\" class=\"wpex-gallery wpex-grid wpex-grid-cols-3 wpex-gap-20 wpex-lightbox-group wpex-mb-20\"><figure class=\"gallery-item\"><a href=\"https:\/\/martinluther.ca\/wp-content\/uploads\/2017\/08\/2017-08-01-11.54.20.jpg\" class=\"wpex-lightbox-group-item\" data-caption=\"Already hard at Work\"><img loading=\"lazy\" decoding=\"async\" src=\"https:\/\/martinluther.ca\/wp-content\/uploads\/2017\/08\/2017-08-01-11.54.20-1024x576.jpg\" alt=\"\" srcset=\"https:\/\/martinluther.ca\/wp-content\/uploads\/2017\/08\/2017-08-01-11.54.20-1024x576.jpg 1024w, https:\/\/martinluther.ca\/wp-content\/uploads\/2017\/08\/2017-08-01-11.54.20-300x169.jpg 300w, https:\/\/martinluther.ca\/wp-content\/uploads\/2017\/08\/2017-08-01-11.54.20-768x432.jpg 768w\" width=\"1024\" height=\"576\"><\/a><figcaption class=\"gallery-caption wpex-last-mb-0\">Already hard at Work<\/figcaption><\/figure><figure class=\"gallery-item\"><a href=\"https:\/\/martinluther.ca\/wp-content\/uploads\/2017\/08\/2017-07-25-13.55.50.jpg\" class=\"wpex-lightbox-group-item\" data-caption=\"Furniture Purchased! \"><img loading=\"lazy\" decoding=\"async\" src=\"https:\/\/martinluther.ca\/wp-content\/uploads\/2017\/08\/2017-07-25-13.55.50-1024x576.jpg\" alt=\"\" srcset=\"https:\/\/martinluther.ca\/wp-content\/uploads\/2017\/08\/2017-07-25-13.55.50-1024x576.jpg 1024w, https:\/\/martinluther.ca\/wp-content\/uploads\/2017\/08\/2017-07-25-13.55.50-300x169.jpg 300w, https:\/\/martinluther.ca\/wp-content\/uploads\/2017\/08\/2017-07-25-13.55.50-768x432.jpg 768w\" width=\"1024\" height=\"576\"><\/a><figcaption class=\"gallery-caption wpex-last-mb-0\">Furniture Purchased! <\/figcaption><\/figure><figure class=\"gallery-item\"><a href=\"https:\/\/martinluther.ca\/wp-content\/uploads\/2017\/08\/2017-08-01-11.54.49.jpg\" class=\"wpex-lightbox-group-item\"><img loading=\"lazy\" decoding=\"async\" src=\"https:\/\/martinluther.ca\/wp-content\/uploads\/2017\/08\/2017-08-01-11.54.49-1024x576.jpg\" alt=\"\" srcset=\"https:\/\/martinluther.ca\/wp-content\/uploads\/2017\/08\/2017-08-01-11.54.49-1024x576.jpg 1024w, https:\/\/martinluther.ca\/wp-content\/uploads\/2017\/08\/2017-08-01-11.54.49-300x169.jpg 300w, https:\/\/martinluther.ca\/wp-content\/uploads\/2017\/08\/2017-08-01-11.54.49-768x432.jpg 768w\" width=\"1024\" height=\"576\"><\/a><\/figure><figure class=\"gallery-item\"><a href=\"https:\/\/martinluther.ca\/wp-content\/uploads\/2017\/08\/2017-08-01-11.55.14.jpg\" class=\"wpex-lightbox-group-item\" data-caption=\"New Carpeting in the Pastor office\"><img loading=\"lazy\" decoding=\"async\" src=\"https:\/\/martinluther.ca\/wp-content\/uploads\/2017\/08\/2017-08-01-11.55.14-1024x576.jpg\" alt=\"\" srcset=\"https:\/\/martinluther.ca\/wp-content\/uploads\/2017\/08\/2017-08-01-11.55.14-1024x576.jpg 1024w, https:\/\/martinluther.ca\/wp-content\/uploads\/2017\/08\/2017-08-01-11.55.14-300x169.jpg 300w, https:\/\/martinluther.ca\/wp-content\/uploads\/2017\/08\/2017-08-01-11.55.14-768x432.jpg 768w\" width=\"1024\" height=\"576\"><\/a><figcaption class=\"gallery-caption wpex-last-mb-0\">New Carpeting in the Pastor office<\/figcaption><\/figure><figure class=\"gallery-item\"><a href=\"https:\/\/martinluther.ca\/wp-content\/uploads\/2017\/08\/2017-08-02-14.08.03.jpg\" class=\"wpex-lightbox-group-item\"><img loading=\"lazy\" decoding=\"async\" src=\"https:\/\/martinluther.ca\/wp-content\/uploads\/2017\/08\/2017-08-02-14.08.03-1024x576.jpg\" alt=\"\" srcset=\"https:\/\/martinluther.ca\/wp-content\/uploads\/2017\/08\/2017-08-02-14.08.03-1024x576.jpg 1024w, https:\/\/martinluther.ca\/wp-content\/uploads\/2017\/08\/2017-08-02-14.08.03-300x169.jpg 300w, https:\/\/martinluther.ca\/wp-content\/uploads\/2017\/08\/2017-08-02-14.08.03-768x432.jpg 768w\" width=\"1024\" height=\"576\"><\/a><\/figure><figure class=\"gallery-item\"><a href=\"https:\/\/martinluther.ca\/wp-content\/uploads\/2017\/08\/2017-08-02-14.07.39-e1501698269371.jpg\" class=\"wpex-lightbox-group-item\"><img loading=\"lazy\" decoding=\"async\" src=\"https:\/\/martinluther.ca\/wp-content\/uploads\/2017\/08\/2017-08-02-14.07.39-e1501698269371-576x1024.jpg\" alt=\"\" srcset=\"https:\/\/martinluther.ca\/wp-content\/uploads\/2017\/08\/2017-08-02-14.07.39-e1501698269371-576x1024.jpg 576w, https:\/\/martinluther.ca\/wp-content\/uploads\/2017\/08\/2017-08-02-14.07.39-e1501698269371-169x300.jpg 169w, https:\/\/martinluther.ca\/wp-content\/uploads\/2017\/08\/2017-08-02-14.07.39-e1501698269371-768x1365.jpg 768w\" width=\"576\" height=\"1024\"><\/a><\/figure><figure class=\"gallery-item\"><a href=\"https:\/\/martinluther.ca\/wp-content\/uploads\/2017\/08\/2017-08-02-14.07.33.jpg\" class=\"wpex-lightbox-group-item\"><img loading=\"lazy\" decoding=\"async\" src=\"https:\/\/martinluther.ca\/wp-content\/uploads\/2017\/08\/2017-08-02-14.07.33-1024x576.jpg\" alt=\"\" srcset=\"https:\/\/martinluther.ca\/wp-content\/uploads\/2017\/08\/2017-08-02-14.07.33-1024x576.jpg 1024w, https:\/\/martinluther.ca\/wp-content\/uploads\/2017\/08\/2017-08-02-14.07.33-300x169.jpg 300w, https:\/\/martinluther.ca\/wp-content\/uploads\/2017\/08\/2017-08-02-14.07.33-768x432.jpg 768w\" width=\"1024\" height=\"576\"><\/a><\/figure><\/div>\n\n","protected":false},"excerpt":{"rendered":"<p>Was haben 19 freiwillige Mitarbeiter bisher geschafft: Knapp 200 gez\u00e4hlte Arbeitsstunden Die Heizrohre sind installiert Die W\u00e4nde sind gestrichen Die B\u00f6den verlegt Die Lampen im Ostb\u00fcro installiert Die Mitarbeiter und M\u00f6bel sind wieder in die B\u00fcror\u00e4ume eingezogen Was m\u00f6chten wir noch schaffen: Fertigstellung des Kellerraumes unterhalb der B\u00fcros S\u00fcd\/Ost Ecke wasserdicht machen Bodenbelag verlegen Fu\u00dfleisten&hellip;<\/p>\n","protected":false},"author":8,"featured_media":26978,"comment_status":"closed","ping_status":"closed","sticky":false,"template":"","format":"standard","meta":{"footnotes":""},"categories":[69],"tags":[],"post_series":[],"class_list":["post-26980","post","type-post","status-publish","format-standard","has-post-thumbnail","hentry","category-news-blog-german","entry","has-media"],"yoast_head":"<!-- This site is optimized with the Yoast SEO plugin v27.5 - https:\/\/yoast.com\/product\/yoast-seo-wordpress\/ -->\n<title>Die Renovierung geht weiter - Martin Luther Evangelische Kirche Toronto<\/title>\n<meta name=\"robots\" content=\"index, follow, max-snippet:-1, max-image-preview:large, max-video-preview:-1\" \/>\n<link rel=\"canonical\" href=\"https:\/\/martinluther.ca\/de\/2017\/08\/die-renovierung-geht-weiter\/\" \/>\n<meta property=\"og:locale\" content=\"de_DE\" \/>\n<meta property=\"og:type\" content=\"article\" \/>\n<meta property=\"og:title\" content=\"Die Renovierung geht weiter - Martin Luther Evangelische Kirche Toronto\" \/>\n<meta property=\"og:description\" content=\"Was haben 19 freiwillige Mitarbeiter bisher geschafft: Knapp 200 gez\u00e4hlte Arbeitsstunden Die Heizrohre sind installiert Die W\u00e4nde sind gestrichen Die B\u00f6den verlegt Die Lampen im Ostb\u00fcro installiert Die Mitarbeiter und M\u00f6bel sind wieder in die B\u00fcror\u00e4ume eingezogen Was m\u00f6chten wir noch schaffen: Fertigstellung des Kellerraumes unterhalb der B\u00fcros S\u00fcd\/Ost Ecke wasserdicht machen Bodenbelag verlegen Fu\u00dfleisten&hellip;\" \/>\n<meta property=\"og:url\" content=\"https:\/\/martinluther.ca\/de\/2017\/08\/die-renovierung-geht-weiter\/\" \/>\n<meta property=\"og:site_name\" content=\"Martin Luther Evangelische Kirche Toronto\" \/>\n<meta property=\"article:publisher\" content=\"https:\/\/www.facebook.com\/martinlutherchurchtoronto\" \/>\n<meta property=\"article:published_time\" content=\"2017-08-01T17:02:52+00:00\" \/>\n<meta property=\"article:modified_time\" content=\"2018-02-17T04:55:21+00:00\" \/>\n<meta property=\"og:image\" content=\"https:\/\/martinluther.ca\/wp-content\/uploads\/2017\/08\/2017-08-01-11.54.20-1-e1503015148887.jpg\" \/>\n\t<meta property=\"og:image:width\" content=\"3301\" \/>\n\t<meta property=\"og:image:height\" content=\"2483\" \/>\n\t<meta property=\"og:image:type\" content=\"image\/jpeg\" \/>\n<meta name=\"author\" content=\"Marlena Muller\" \/>\n<meta name=\"twitter:card\" content=\"summary_large_image\" \/>\n<meta name=\"twitter:label1\" content=\"Verfasst von\" \/>\n\t<meta name=\"twitter:data1\" content=\"Marlena Muller\" \/>\n\t<meta name=\"twitter:label2\" content=\"Gesch\u00e4tzte Lesezeit\" \/>\n\t<meta name=\"twitter:data2\" content=\"1\u00a0Minute\" \/>\n<script type=\"application\/ld+json\" class=\"yoast-schema-graph\">{\"@context\":\"https:\\\/\\\/schema.org\",\"@graph\":[{\"@type\":\"Article\",\"@id\":\"https:\\\/\\\/martinluther.ca\\\/de\\\/2017\\\/08\\\/die-renovierung-geht-weiter\\\/#article\",\"isPartOf\":{\"@id\":\"https:\\\/\\\/martinluther.ca\\\/de\\\/2017\\\/08\\\/die-renovierung-geht-weiter\\\/\"},\"author\":{\"name\":\"Marlena Muller\",\"@id\":\"https:\\\/\\\/martinluther.ca\\\/de\\\/#\\\/schema\\\/person\\\/ef4e825f5d9d6fd740bbd7813710e15d\"},\"headline\":\"Die Renovierung geht weiter\",\"datePublished\":\"2017-08-01T17:02:52+00:00\",\"dateModified\":\"2018-02-17T04:55:21+00:00\",\"mainEntityOfPage\":{\"@id\":\"https:\\\/\\\/martinluther.ca\\\/de\\\/2017\\\/08\\\/die-renovierung-geht-weiter\\\/\"},\"wordCount\":114,\"publisher\":{\"@id\":\"https:\\\/\\\/martinluther.ca\\\/de\\\/#organization\"},\"image\":{\"@id\":\"https:\\\/\\\/martinluther.ca\\\/de\\\/2017\\\/08\\\/die-renovierung-geht-weiter\\\/#primaryimage\"},\"thumbnailUrl\":\"https:\\\/\\\/martinluther.ca\\\/wp-content\\\/uploads\\\/2017\\\/08\\\/2017-08-01-11.54.20-1-e1503015148887.jpg\",\"articleSection\":[\"News Blog - German\"],\"inLanguage\":\"de\"},{\"@type\":\"WebPage\",\"@id\":\"https:\\\/\\\/martinluther.ca\\\/de\\\/2017\\\/08\\\/die-renovierung-geht-weiter\\\/\",\"url\":\"https:\\\/\\\/martinluther.ca\\\/de\\\/2017\\\/08\\\/die-renovierung-geht-weiter\\\/\",\"name\":\"Die Renovierung geht weiter - Martin Luther Evangelische Kirche Toronto\",\"isPartOf\":{\"@id\":\"https:\\\/\\\/martinluther.ca\\\/de\\\/#website\"},\"primaryImageOfPage\":{\"@id\":\"https:\\\/\\\/martinluther.ca\\\/de\\\/2017\\\/08\\\/die-renovierung-geht-weiter\\\/#primaryimage\"},\"image\":{\"@id\":\"https:\\\/\\\/martinluther.ca\\\/de\\\/2017\\\/08\\\/die-renovierung-geht-weiter\\\/#primaryimage\"},\"thumbnailUrl\":\"https:\\\/\\\/martinluther.ca\\\/wp-content\\\/uploads\\\/2017\\\/08\\\/2017-08-01-11.54.20-1-e1503015148887.jpg\",\"datePublished\":\"2017-08-01T17:02:52+00:00\",\"dateModified\":\"2018-02-17T04:55:21+00:00\",\"breadcrumb\":{\"@id\":\"https:\\\/\\\/martinluther.ca\\\/de\\\/2017\\\/08\\\/die-renovierung-geht-weiter\\\/#breadcrumb\"},\"inLanguage\":\"de\",\"potentialAction\":[{\"@type\":\"ReadAction\",\"target\":[\"https:\\\/\\\/martinluther.ca\\\/de\\\/2017\\\/08\\\/die-renovierung-geht-weiter\\\/\"]}]},{\"@type\":\"ImageObject\",\"inLanguage\":\"de\",\"@id\":\"https:\\\/\\\/martinluther.ca\\\/de\\\/2017\\\/08\\\/die-renovierung-geht-weiter\\\/#primaryimage\",\"url\":\"https:\\\/\\\/martinluther.ca\\\/wp-content\\\/uploads\\\/2017\\\/08\\\/2017-08-01-11.54.20-1-e1503015148887.jpg\",\"contentUrl\":\"https:\\\/\\\/martinluther.ca\\\/wp-content\\\/uploads\\\/2017\\\/08\\\/2017-08-01-11.54.20-1-e1503015148887.jpg\",\"width\":3301,\"height\":2483},{\"@type\":\"BreadcrumbList\",\"@id\":\"https:\\\/\\\/martinluther.ca\\\/de\\\/2017\\\/08\\\/die-renovierung-geht-weiter\\\/#breadcrumb\",\"itemListElement\":[{\"@type\":\"ListItem\",\"position\":1,\"name\":\"Home\",\"item\":\"https:\\\/\\\/martinluther.ca\\\/de\\\/\"},{\"@type\":\"ListItem\",\"position\":2,\"name\":\"Die Renovierung geht weiter\"}]},{\"@type\":\"WebSite\",\"@id\":\"https:\\\/\\\/martinluther.ca\\\/de\\\/#website\",\"url\":\"https:\\\/\\\/martinluther.ca\\\/de\\\/\",\"name\":\"Martin Luther Evangelical Church Toronto\",\"description\":\"Deutsch &amp; Englisch\",\"publisher\":{\"@id\":\"https:\\\/\\\/martinluther.ca\\\/de\\\/#organization\"},\"potentialAction\":[{\"@type\":\"SearchAction\",\"target\":{\"@type\":\"EntryPoint\",\"urlTemplate\":\"https:\\\/\\\/martinluther.ca\\\/de\\\/?s={search_term_string}\"},\"query-input\":{\"@type\":\"PropertyValueSpecification\",\"valueRequired\":true,\"valueName\":\"search_term_string\"}}],\"inLanguage\":\"de\"},{\"@type\":\"Organization\",\"@id\":\"https:\\\/\\\/martinluther.ca\\\/de\\\/#organization\",\"name\":\"Martin Luther Evangelical Church Toronto\",\"url\":\"https:\\\/\\\/martinluther.ca\\\/de\\\/\",\"logo\":{\"@type\":\"ImageObject\",\"inLanguage\":\"de\",\"@id\":\"https:\\\/\\\/martinluther.ca\\\/de\\\/#\\\/schema\\\/logo\\\/image\\\/\",\"url\":\"https:\\\/\\\/martinluther.ca\\\/wp-content\\\/uploads\\\/2016\\\/12\\\/ml-logo-300.png\",\"contentUrl\":\"https:\\\/\\\/martinluther.ca\\\/wp-content\\\/uploads\\\/2016\\\/12\\\/ml-logo-300.png\",\"width\":300,\"height\":150,\"caption\":\"Martin Luther Evangelical Church Toronto\"},\"image\":{\"@id\":\"https:\\\/\\\/martinluther.ca\\\/de\\\/#\\\/schema\\\/logo\\\/image\\\/\"},\"sameAs\":[\"https:\\\/\\\/www.facebook.com\\\/martinlutherchurchtoronto\",\"https:\\\/\\\/www.instagram.com\\\/lutheransbythelake\\\/\",\"https:\\\/\\\/www.youtube.com\\\/MartinLutherChurchToronto\"]},{\"@type\":\"Person\",\"@id\":\"https:\\\/\\\/martinluther.ca\\\/de\\\/#\\\/schema\\\/person\\\/ef4e825f5d9d6fd740bbd7813710e15d\",\"name\":\"Marlena Muller\",\"image\":{\"@type\":\"ImageObject\",\"inLanguage\":\"de\",\"@id\":\"https:\\\/\\\/secure.gravatar.com\\\/avatar\\\/fe840ff753768b839caa2dd522d4797f19f7e22fa2da83388e0fbfc570b65a37?s=96&d=mm&r=g\",\"url\":\"https:\\\/\\\/secure.gravatar.com\\\/avatar\\\/fe840ff753768b839caa2dd522d4797f19f7e22fa2da83388e0fbfc570b65a37?s=96&d=mm&r=g\",\"contentUrl\":\"https:\\\/\\\/secure.gravatar.com\\\/avatar\\\/fe840ff753768b839caa2dd522d4797f19f7e22fa2da83388e0fbfc570b65a37?s=96&d=mm&r=g\",\"caption\":\"Marlena Muller\"},\"url\":false}]}<\/script>\n<!-- \/ Yoast SEO plugin. -->","yoast_head_json":{"title":"Die Renovierung geht weiter - Martin Luther Evangelische Kirche Toronto","robots":{"index":"index","follow":"follow","max-snippet":"max-snippet:-1","max-image-preview":"max-image-preview:large","max-video-preview":"max-video-preview:-1"},"canonical":"https:\/\/martinluther.ca\/de\/2017\/08\/die-renovierung-geht-weiter\/","og_locale":"de_DE","og_type":"article","og_title":"Die Renovierung geht weiter - Martin Luther Evangelische Kirche Toronto","og_description":"Was haben 19 freiwillige Mitarbeiter bisher geschafft: Knapp 200 gez\u00e4hlte Arbeitsstunden Die Heizrohre sind installiert Die W\u00e4nde sind gestrichen Die B\u00f6den verlegt Die Lampen im Ostb\u00fcro installiert Die Mitarbeiter und M\u00f6bel sind wieder in die B\u00fcror\u00e4ume eingezogen Was m\u00f6chten wir noch schaffen: Fertigstellung des Kellerraumes unterhalb der B\u00fcros S\u00fcd\/Ost Ecke wasserdicht machen Bodenbelag verlegen Fu\u00dfleisten&hellip;","og_url":"https:\/\/martinluther.ca\/de\/2017\/08\/die-renovierung-geht-weiter\/","og_site_name":"Martin Luther Evangelische Kirche Toronto","article_publisher":"https:\/\/www.facebook.com\/martinlutherchurchtoronto","article_published_time":"2017-08-01T17:02:52+00:00","article_modified_time":"2018-02-17T04:55:21+00:00","og_image":[{"width":3301,"height":2483,"url":"https:\/\/martinluther.ca\/wp-content\/uploads\/2017\/08\/2017-08-01-11.54.20-1-e1503015148887.jpg","type":"image\/jpeg"}],"author":"Marlena Muller","twitter_card":"summary_large_image","twitter_misc":{"Verfasst von":"Marlena Muller","Gesch\u00e4tzte Lesezeit":"1\u00a0Minute"},"schema":{"@context":"https:\/\/schema.org","@graph":[{"@type":"Article","@id":"https:\/\/martinluther.ca\/de\/2017\/08\/die-renovierung-geht-weiter\/#article","isPartOf":{"@id":"https:\/\/martinluther.ca\/de\/2017\/08\/die-renovierung-geht-weiter\/"},"author":{"name":"Marlena Muller","@id":"https:\/\/martinluther.ca\/de\/#\/schema\/person\/ef4e825f5d9d6fd740bbd7813710e15d"},"headline":"Die Renovierung geht weiter","datePublished":"2017-08-01T17:02:52+00:00","dateModified":"2018-02-17T04:55:21+00:00","mainEntityOfPage":{"@id":"https:\/\/martinluther.ca\/de\/2017\/08\/die-renovierung-geht-weiter\/"},"wordCount":114,"publisher":{"@id":"https:\/\/martinluther.ca\/de\/#organization"},"image":{"@id":"https:\/\/martinluther.ca\/de\/2017\/08\/die-renovierung-geht-weiter\/#primaryimage"},"thumbnailUrl":"https:\/\/martinluther.ca\/wp-content\/uploads\/2017\/08\/2017-08-01-11.54.20-1-e1503015148887.jpg","articleSection":["News Blog - German"],"inLanguage":"de"},{"@type":"WebPage","@id":"https:\/\/martinluther.ca\/de\/2017\/08\/die-renovierung-geht-weiter\/","url":"https:\/\/martinluther.ca\/de\/2017\/08\/die-renovierung-geht-weiter\/","name":"Die Renovierung geht weiter - Martin Luther Evangelische Kirche Toronto","isPartOf":{"@id":"https:\/\/martinluther.ca\/de\/#website"},"primaryImageOfPage":{"@id":"https:\/\/martinluther.ca\/de\/2017\/08\/die-renovierung-geht-weiter\/#primaryimage"},"image":{"@id":"https:\/\/martinluther.ca\/de\/2017\/08\/die-renovierung-geht-weiter\/#primaryimage"},"thumbnailUrl":"https:\/\/martinluther.ca\/wp-content\/uploads\/2017\/08\/2017-08-01-11.54.20-1-e1503015148887.jpg","datePublished":"2017-08-01T17:02:52+00:00","dateModified":"2018-02-17T04:55:21+00:00","breadcrumb":{"@id":"https:\/\/martinluther.ca\/de\/2017\/08\/die-renovierung-geht-weiter\/#breadcrumb"},"inLanguage":"de","potentialAction":[{"@type":"ReadAction","target":["https:\/\/martinluther.ca\/de\/2017\/08\/die-renovierung-geht-weiter\/"]}]},{"@type":"ImageObject","inLanguage":"de","@id":"https:\/\/martinluther.ca\/de\/2017\/08\/die-renovierung-geht-weiter\/#primaryimage","url":"https:\/\/martinluther.ca\/wp-content\/uploads\/2017\/08\/2017-08-01-11.54.20-1-e1503015148887.jpg","contentUrl":"https:\/\/martinluther.ca\/wp-content\/uploads\/2017\/08\/2017-08-01-11.54.20-1-e1503015148887.jpg","width":3301,"height":2483},{"@type":"BreadcrumbList","@id":"https:\/\/martinluther.ca\/de\/2017\/08\/die-renovierung-geht-weiter\/#breadcrumb","itemListElement":[{"@type":"ListItem","position":1,"name":"Home","item":"https:\/\/martinluther.ca\/de\/"},{"@type":"ListItem","position":2,"name":"Die Renovierung geht weiter"}]},{"@type":"WebSite","@id":"https:\/\/martinluther.ca\/de\/#website","url":"https:\/\/martinluther.ca\/de\/","name":"Martin Luther Evangelical Church Toronto","description":"Deutsch &amp; Englisch","publisher":{"@id":"https:\/\/martinluther.ca\/de\/#organization"},"potentialAction":[{"@type":"SearchAction","target":{"@type":"EntryPoint","urlTemplate":"https:\/\/martinluther.ca\/de\/?s={search_term_string}"},"query-input":{"@type":"PropertyValueSpecification","valueRequired":true,"valueName":"search_term_string"}}],"inLanguage":"de"},{"@type":"Organization","@id":"https:\/\/martinluther.ca\/de\/#organization","name":"Martin Luther Evangelical Church Toronto","url":"https:\/\/martinluther.ca\/de\/","logo":{"@type":"ImageObject","inLanguage":"de","@id":"https:\/\/martinluther.ca\/de\/#\/schema\/logo\/image\/","url":"https:\/\/martinluther.ca\/wp-content\/uploads\/2016\/12\/ml-logo-300.png","contentUrl":"https:\/\/martinluther.ca\/wp-content\/uploads\/2016\/12\/ml-logo-300.png","width":300,"height":150,"caption":"Martin Luther Evangelical Church Toronto"},"image":{"@id":"https:\/\/martinluther.ca\/de\/#\/schema\/logo\/image\/"},"sameAs":["https:\/\/www.facebook.com\/martinlutherchurchtoronto","https:\/\/www.instagram.com\/lutheransbythelake\/","https:\/\/www.youtube.com\/MartinLutherChurchToronto"]},{"@type":"Person","@id":"https:\/\/martinluther.ca\/de\/#\/schema\/person\/ef4e825f5d9d6fd740bbd7813710e15d","name":"Marlena Muller","image":{"@type":"ImageObject","inLanguage":"de","@id":"https:\/\/secure.gravatar.com\/avatar\/fe840ff753768b839caa2dd522d4797f19f7e22fa2da83388e0fbfc570b65a37?s=96&d=mm&r=g","url":"https:\/\/secure.gravatar.com\/avatar\/fe840ff753768b839caa2dd522d4797f19f7e22fa2da83388e0fbfc570b65a37?s=96&d=mm&r=g","contentUrl":"https:\/\/secure.gravatar.com\/avatar\/fe840ff753768b839caa2dd522d4797f19f7e22fa2da83388e0fbfc570b65a37?s=96&d=mm&r=g","caption":"Marlena Muller"},"url":false}]}},"_links":{"self":[{"href":"https:\/\/martinluther.ca\/de\/wp-json\/wp\/v2\/posts\/26980","targetHints":{"allow":["GET"]}}],"collection":[{"href":"https:\/\/martinluther.ca\/de\/wp-json\/wp\/v2\/posts"}],"about":[{"href":"https:\/\/martinluther.ca\/de\/wp-json\/wp\/v2\/types\/post"}],"author":[{"embeddable":true,"href":"https:\/\/martinluther.ca\/de\/wp-json\/wp\/v2\/users\/8"}],"replies":[{"embeddable":true,"href":"https:\/\/martinluther.ca\/de\/wp-json\/wp\/v2\/comments?post=26980"}],"version-history":[{"count":7,"href":"https:\/\/martinluther.ca\/de\/wp-json\/wp\/v2\/posts\/26980\/revisions"}],"predecessor-version":[{"id":27384,"href":"https:\/\/martinluther.ca\/de\/wp-json\/wp\/v2\/posts\/26980\/revisions\/27384"}],"wp:featuredmedia":[{"embeddable":true,"href":"https:\/\/martinluther.ca\/de\/wp-json\/wp\/v2\/media\/26978"}],"wp:attachment":[{"href":"https:\/\/martinluther.ca\/de\/wp-json\/wp\/v2\/media?parent=26980"}],"wp:term":[{"taxonomy":"category","embeddable":true,"href":"https:\/\/martinluther.ca\/de\/wp-json\/wp\/v2\/categories?post=26980"},{"taxonomy":"post_tag","embeddable":true,"href":"https:\/\/martinluther.ca\/de\/wp-json\/wp\/v2\/tags?post=26980"},{"taxonomy":"post_series","embeddable":true,"href":"https:\/\/martinluther.ca\/de\/wp-json\/wp\/v2\/post_series?post=26980"}],"curies":[{"name":"wp","href":"https:\/\/api.w.org\/{rel}","templated":true}]}}