{"id":27151,"date":"2017-08-18T14:10:43","date_gmt":"2017-08-18T18:10:43","guid":{"rendered":"https:\/\/martinluther.ca\/?p=27151\/"},"modified":"2021-03-31T15:53:16","modified_gmt":"2021-03-31T19:53:16","slug":"psalmen","status":"publish","type":"post","link":"https:\/\/martinluther.ca\/de\/2017\/08\/psalmen\/","title":{"rendered":"Psalmengesang"},"content":{"rendered":"<p><a href=\"https:\/\/martinluther.ca\/wp-content\/uploads\/2017\/08\/Music-notes-Image-courtesy-of-Graphics-Mouse-at-FreeDigitalPhotos.net_.jpg\"><img loading=\"lazy\" decoding=\"async\" class=\"alignright wp-image-27149 size-full\" src=\"https:\/\/martinluther.ca\/wp-content\/uploads\/2017\/08\/Music-notes-Image-courtesy-of-Graphics-Mouse-at-FreeDigitalPhotos.net_.jpg\" alt=\"Music notes, Image courtesy of Graphics Mouse at FreeDigitalPhotos.net\" width=\"264\" height=\"198\" \/><\/a>Psalmen. Ihre Urspr\u00fcnge gehen Jahrtausende zur\u00fcck in der Geschichte der j\u00fcdischen, \u00e4gyptischen, christlichen Gemeinschaften. Liturgisch haben die alten Lieder \u00fcber all diese Zeit jedoch nichts an ihrer Kraft eingeb\u00fc\u00dft \u2013 so haben auch wir, liebe Gemeinde, in den Gottesdiensten der vergangenen vier Monate dieser Tradition gehuldigt und Psalmodien in unsere Kirche einziehen lassen.<\/p>\n<p>Im europ\u00e4ischen Raum gibt es im einstimmigen Psalmengesang eine Kontinuit\u00e4t \u00fcber 2000 Jahre. Meist handelt es sich hier um ein Modell von acht bzw. neun Psalmt\u00f6nen; im 15. Jahrhundert entwickeln sich auf Grundlage der traditionellen Psalmt\u00f6ne mehrstimmige S\u00e4tze f\u00fcr die Rezitation der Psalmen, h\u00e4ufig von zwei Ch\u00f6ren im Wechsel gesungen (Faburden-, Fauxbourdon- Falsibordoni-Stil).<br \/>\nUm 1500 entsteht die Gattung der Psalmmotette, eine Form der kunstvollen polyphonen Vertonung von Psalmtexten, als deren gro\u00dfe Meister Josquin Desprez (ca. 1440-1521) und Orlando di Lasso (1532-1594) gelten. Im Zuge der Reformation wird besonderer Wert auf die Beteiligung der gesamten Gemeinde am Psalmengesang gelegt \u2013 Luther verfasst eine Reihe von Psalmliedern (z.B. \u201eAus tiefer Not schrei ich zu dir\u201c, Psalm 130); Calvin f\u00fchrt das einstimmige oder vierstimmig homophone Singen aller 150 Psalmen in Liedform ein (Genfer Psalter). Als erster anglikanischer Erzbischof bef\u00fcrwortet Cranmer in seiner Liturgie das einstimmige Singen der Psalmen durch die Gemeinde oder \u2013 im schlichten Stil des sog. anglican chant \u2013 eines Chores.<br \/>\nAusgehend von Italien und der nun aufkommenden konzertanten Musik werden seit Ende des 16. Jahrhunderts auch obligate Instrumente wie ein basso continuo in die Musik der Psalmen mit einbezogen (z.B. Monteverdi, Sch\u00fctz). Eine neue Stufe der Psalmvertonung wird in den n\u00e4chsten Dekaden mit der sog. Grand motet f\u00fcr grand und petit choeur und Orchester am Hof des Sonnenk\u00f6nigs in Frankreich erreicht (z.B. Lully, Charpentier) \u2013 in dieser Form erobern Psalmen den Konzertsaal! Vergleichbar damit ist die in Italien geborene Form der Psalmkantate, bei dem Verse auf Arien-, Chor- und Ensembles\u00e4tze verteilt werden (z.B. H\u00e4ndel, Mozart).<br \/>\nGleicherma\u00dfen Komponist gro\u00dfer Werke f\u00fcr den Konzertsaal (z.B. \u201eDie f\u00fcnf Psalmen f\u00fcr Soli, Chor und Orchester\u201c) als auch von Psalmmotetten f\u00fcr a capella Ch\u00f6re und schlichten vierstimmigen S\u00e4tzen f\u00fcr den Gemeindegesang ist Felix Mendelssohn Bartholdy (1809-1847), der damit auch Teil der Liturgie- und Kirchenmusikreform unter dem preu\u00dfischen K\u00f6nig Friedrich Wilhelm IV. war.<br \/>\nIn der zweiten H\u00e4lfte des 19. Jahrhunderts schlie\u00dflich wird der Unterschied zwischen liturgischer und konzertanter Musik immer gr\u00f6\u00dfer \u2013 die Motetten etwa von Johannes Brahms (1833-1897) w\u00fcrden inzwischen den gottesdienstlichen Rahmen sprengen. Nach einer Entwicklung hin zu Instrumentalwerken \u00fcber Psalmen (z.B. Reubke, Sch\u00f6nberg) vertont Arvo P\u00e4rt (*1935) kurz vor der Jahrtausendwende und 160 Jahre nach F. Mendelssohn Bartholdy die Psalmen 42 und 43 neu: \u201eComo cierva sedienta\u201c &#8211; \u201eWie der Hirsch schreit nach frischem Wasser\u201c.<\/p>\n<p>Das Singen der Psalmen erfolgt auf der Grundlage verschiedener melodischer Modelle (Psalmt\u00f6ne). Ihren Ursprung nimmt die sog. Psalmodie in der antiken j\u00fcdischen Musik; sp\u00e4ter entwickelte sich darauf aufbauend der Gregorianische Choral.<br \/>\nEin besonderer Schwerpunkt der Psalmodie liegt auf der Rezitation der Verse sowie der Sprachmelodie; Psalmodien werden \u00fcberlicherweise syllabisch notiert. Der Rezitationston wird dabei Tenor genannt, den Wechsel des Tons (h\u00e4ufig gekennzeichnet durch \/ \u00fcber der Note) bezeichnet man als Flexa, Beugung; vor der Zensur (gekennzeichnet durch *) endet der Vers zumeist auf einem sog. Mediatio, einer Mittelkadenz, auch Pausa genannt. Abgeschlossen wird die Versrezitation mit dem Terminatio, der Schlusswendung, einem erneuten Tonwechsel.<\/p>\n<p>F\u00fcr das Psalmensingen im Chor entwickelte sich ab dem 8. Jahrhundert eine besondere, wechselch\u00f6rige Form, bei der zu Beginn und zum Ende des Psalms gemeinsam ein Antiphon gesungen wird, die Verse jedoch abwechselnd von der Vors\u00e4ngergruppe und den Betenden rezitiert werden.<\/p>\n<p>Ich m\u00f6chte mich an dieser Stelle jedoch noch ganz herzlich bei Ihnen bedanken, dass Sie dem Singen der Psalmen in den Sonntagsgottesdiensten der letzten Monate mit einer so gro\u00dfen Offenheit begegnet sind!<\/p>\n<p style=\"text-align: left;\">Ihre Alena Mathis<\/p>\n","protected":false},"excerpt":{"rendered":"<p>Psalmen. Ihre Urspr\u00fcnge gehen Jahrtausende zur\u00fcck in der Geschichte der j\u00fcdischen, \u00e4gyptischen, christlichen Gemeinschaften. Liturgisch haben die alten Lieder \u00fcber all diese Zeit jedoch nichts an ihrer Kraft eingeb\u00fc\u00dft \u2013 so haben auch wir, liebe Gemeinde, in den Gottesdiensten der vergangenen vier Monate dieser Tradition gehuldigt und Psalmodien in unsere Kirche einziehen lassen. Im europ\u00e4ischen&hellip;<\/p>\n","protected":false},"author":8,"featured_media":30774,"comment_status":"closed","ping_status":"closed","sticky":false,"template":"","format":"standard","meta":{"footnotes":""},"categories":[69],"tags":[],"post_series":[],"class_list":["post-27151","post","type-post","status-publish","format-standard","has-post-thumbnail","hentry","category-news-blog-german","entry","has-media"],"yoast_head":"<!-- This site is optimized with the Yoast SEO plugin v27.5 - https:\/\/yoast.com\/product\/yoast-seo-wordpress\/ -->\n<title>Psalmengesang - Martin Luther Evangelische Kirche Toronto<\/title>\n<meta name=\"robots\" content=\"index, follow, max-snippet:-1, max-image-preview:large, max-video-preview:-1\" \/>\n<link rel=\"canonical\" href=\"https:\/\/martinluther.ca\/de\/2017\/08\/psalmen\/\" \/>\n<meta property=\"og:locale\" content=\"de_DE\" \/>\n<meta property=\"og:type\" content=\"article\" \/>\n<meta property=\"og:title\" content=\"Psalmengesang - Martin Luther Evangelische Kirche Toronto\" \/>\n<meta property=\"og:description\" content=\"Psalmen. Ihre Urspr\u00fcnge gehen Jahrtausende zur\u00fcck in der Geschichte der j\u00fcdischen, \u00e4gyptischen, christlichen Gemeinschaften. Liturgisch haben die alten Lieder \u00fcber all diese Zeit jedoch nichts an ihrer Kraft eingeb\u00fc\u00dft \u2013 so haben auch wir, liebe Gemeinde, in den Gottesdiensten der vergangenen vier Monate dieser Tradition gehuldigt und Psalmodien in unsere Kirche einziehen lassen. Im europ\u00e4ischen&hellip;\" \/>\n<meta property=\"og:url\" content=\"https:\/\/martinluther.ca\/de\/2017\/08\/psalmen\/\" \/>\n<meta property=\"og:site_name\" content=\"Martin Luther Evangelische Kirche Toronto\" \/>\n<meta property=\"article:publisher\" content=\"https:\/\/www.facebook.com\/martinlutherchurchtoronto\" \/>\n<meta property=\"article:published_time\" content=\"2017-08-18T18:10:43+00:00\" \/>\n<meta property=\"article:modified_time\" content=\"2021-03-31T19:53:16+00:00\" \/>\n<meta property=\"og:image\" content=\"https:\/\/martinluther.ca\/wp-content\/uploads\/2017\/08\/Music-notes-Image-courtesy-of-Graphics-Mouse-at-FreeDigitalPhotos.net_.jpg\" \/>\n\t<meta property=\"og:image:width\" content=\"264\" \/>\n\t<meta property=\"og:image:height\" content=\"198\" \/>\n\t<meta property=\"og:image:type\" content=\"image\/jpeg\" \/>\n<meta name=\"author\" content=\"Marlena Muller\" \/>\n<meta name=\"twitter:card\" content=\"summary_large_image\" \/>\n<meta name=\"twitter:label1\" content=\"Verfasst von\" \/>\n\t<meta name=\"twitter:data1\" content=\"Marlena Muller\" \/>\n\t<meta name=\"twitter:label2\" content=\"Gesch\u00e4tzte Lesezeit\" \/>\n\t<meta name=\"twitter:data2\" content=\"3\u00a0Minuten\" \/>\n<script type=\"application\/ld+json\" class=\"yoast-schema-graph\">{\"@context\":\"https:\\\/\\\/schema.org\",\"@graph\":[{\"@type\":\"Article\",\"@id\":\"https:\\\/\\\/martinluther.ca\\\/de\\\/2017\\\/08\\\/psalmen\\\/#article\",\"isPartOf\":{\"@id\":\"https:\\\/\\\/martinluther.ca\\\/de\\\/2017\\\/08\\\/psalmen\\\/\"},\"author\":{\"name\":\"Marlena Muller\",\"@id\":\"https:\\\/\\\/martinluther.ca\\\/de\\\/#\\\/schema\\\/person\\\/ef4e825f5d9d6fd740bbd7813710e15d\"},\"headline\":\"Psalmengesang\",\"datePublished\":\"2017-08-18T18:10:43+00:00\",\"dateModified\":\"2021-03-31T19:53:16+00:00\",\"mainEntityOfPage\":{\"@id\":\"https:\\\/\\\/martinluther.ca\\\/de\\\/2017\\\/08\\\/psalmen\\\/\"},\"wordCount\":648,\"publisher\":{\"@id\":\"https:\\\/\\\/martinluther.ca\\\/de\\\/#organization\"},\"image\":{\"@id\":\"https:\\\/\\\/martinluther.ca\\\/de\\\/2017\\\/08\\\/psalmen\\\/#primaryimage\"},\"thumbnailUrl\":\"https:\\\/\\\/martinluther.ca\\\/wp-content\\\/uploads\\\/2017\\\/08\\\/Music-notes-Image-courtesy-of-Graphics-Mouse-at-FreeDigitalPhotos.net_.jpg\",\"articleSection\":[\"News Blog - German\"],\"inLanguage\":\"de\"},{\"@type\":\"WebPage\",\"@id\":\"https:\\\/\\\/martinluther.ca\\\/de\\\/2017\\\/08\\\/psalmen\\\/\",\"url\":\"https:\\\/\\\/martinluther.ca\\\/de\\\/2017\\\/08\\\/psalmen\\\/\",\"name\":\"Psalmengesang - Martin Luther Evangelische Kirche Toronto\",\"isPartOf\":{\"@id\":\"https:\\\/\\\/martinluther.ca\\\/de\\\/#website\"},\"primaryImageOfPage\":{\"@id\":\"https:\\\/\\\/martinluther.ca\\\/de\\\/2017\\\/08\\\/psalmen\\\/#primaryimage\"},\"image\":{\"@id\":\"https:\\\/\\\/martinluther.ca\\\/de\\\/2017\\\/08\\\/psalmen\\\/#primaryimage\"},\"thumbnailUrl\":\"https:\\\/\\\/martinluther.ca\\\/wp-content\\\/uploads\\\/2017\\\/08\\\/Music-notes-Image-courtesy-of-Graphics-Mouse-at-FreeDigitalPhotos.net_.jpg\",\"datePublished\":\"2017-08-18T18:10:43+00:00\",\"dateModified\":\"2021-03-31T19:53:16+00:00\",\"breadcrumb\":{\"@id\":\"https:\\\/\\\/martinluther.ca\\\/de\\\/2017\\\/08\\\/psalmen\\\/#breadcrumb\"},\"inLanguage\":\"de\",\"potentialAction\":[{\"@type\":\"ReadAction\",\"target\":[\"https:\\\/\\\/martinluther.ca\\\/de\\\/2017\\\/08\\\/psalmen\\\/\"]}]},{\"@type\":\"ImageObject\",\"inLanguage\":\"de\",\"@id\":\"https:\\\/\\\/martinluther.ca\\\/de\\\/2017\\\/08\\\/psalmen\\\/#primaryimage\",\"url\":\"https:\\\/\\\/martinluther.ca\\\/wp-content\\\/uploads\\\/2017\\\/08\\\/Music-notes-Image-courtesy-of-Graphics-Mouse-at-FreeDigitalPhotos.net_.jpg\",\"contentUrl\":\"https:\\\/\\\/martinluther.ca\\\/wp-content\\\/uploads\\\/2017\\\/08\\\/Music-notes-Image-courtesy-of-Graphics-Mouse-at-FreeDigitalPhotos.net_.jpg\",\"width\":264,\"height\":198},{\"@type\":\"BreadcrumbList\",\"@id\":\"https:\\\/\\\/martinluther.ca\\\/de\\\/2017\\\/08\\\/psalmen\\\/#breadcrumb\",\"itemListElement\":[{\"@type\":\"ListItem\",\"position\":1,\"name\":\"Home\",\"item\":\"https:\\\/\\\/martinluther.ca\\\/de\\\/\"},{\"@type\":\"ListItem\",\"position\":2,\"name\":\"Psalmengesang\"}]},{\"@type\":\"WebSite\",\"@id\":\"https:\\\/\\\/martinluther.ca\\\/de\\\/#website\",\"url\":\"https:\\\/\\\/martinluther.ca\\\/de\\\/\",\"name\":\"Martin Luther Evangelical Church Toronto\",\"description\":\"Deutsch &amp; Englisch\",\"publisher\":{\"@id\":\"https:\\\/\\\/martinluther.ca\\\/de\\\/#organization\"},\"potentialAction\":[{\"@type\":\"SearchAction\",\"target\":{\"@type\":\"EntryPoint\",\"urlTemplate\":\"https:\\\/\\\/martinluther.ca\\\/de\\\/?s={search_term_string}\"},\"query-input\":{\"@type\":\"PropertyValueSpecification\",\"valueRequired\":true,\"valueName\":\"search_term_string\"}}],\"inLanguage\":\"de\"},{\"@type\":\"Organization\",\"@id\":\"https:\\\/\\\/martinluther.ca\\\/de\\\/#organization\",\"name\":\"Martin Luther Evangelical Church Toronto\",\"url\":\"https:\\\/\\\/martinluther.ca\\\/de\\\/\",\"logo\":{\"@type\":\"ImageObject\",\"inLanguage\":\"de\",\"@id\":\"https:\\\/\\\/martinluther.ca\\\/de\\\/#\\\/schema\\\/logo\\\/image\\\/\",\"url\":\"https:\\\/\\\/martinluther.ca\\\/wp-content\\\/uploads\\\/2016\\\/12\\\/ml-logo-300.png\",\"contentUrl\":\"https:\\\/\\\/martinluther.ca\\\/wp-content\\\/uploads\\\/2016\\\/12\\\/ml-logo-300.png\",\"width\":300,\"height\":150,\"caption\":\"Martin Luther Evangelical Church Toronto\"},\"image\":{\"@id\":\"https:\\\/\\\/martinluther.ca\\\/de\\\/#\\\/schema\\\/logo\\\/image\\\/\"},\"sameAs\":[\"https:\\\/\\\/www.facebook.com\\\/martinlutherchurchtoronto\",\"https:\\\/\\\/www.instagram.com\\\/lutheransbythelake\\\/\",\"https:\\\/\\\/www.youtube.com\\\/MartinLutherChurchToronto\"]},{\"@type\":\"Person\",\"@id\":\"https:\\\/\\\/martinluther.ca\\\/de\\\/#\\\/schema\\\/person\\\/ef4e825f5d9d6fd740bbd7813710e15d\",\"name\":\"Marlena Muller\",\"image\":{\"@type\":\"ImageObject\",\"inLanguage\":\"de\",\"@id\":\"https:\\\/\\\/secure.gravatar.com\\\/avatar\\\/fe840ff753768b839caa2dd522d4797f19f7e22fa2da83388e0fbfc570b65a37?s=96&d=mm&r=g\",\"url\":\"https:\\\/\\\/secure.gravatar.com\\\/avatar\\\/fe840ff753768b839caa2dd522d4797f19f7e22fa2da83388e0fbfc570b65a37?s=96&d=mm&r=g\",\"contentUrl\":\"https:\\\/\\\/secure.gravatar.com\\\/avatar\\\/fe840ff753768b839caa2dd522d4797f19f7e22fa2da83388e0fbfc570b65a37?s=96&d=mm&r=g\",\"caption\":\"Marlena Muller\"},\"url\":false}]}<\/script>\n<!-- \/ Yoast SEO plugin. -->","yoast_head_json":{"title":"Psalmengesang - Martin Luther Evangelische Kirche Toronto","robots":{"index":"index","follow":"follow","max-snippet":"max-snippet:-1","max-image-preview":"max-image-preview:large","max-video-preview":"max-video-preview:-1"},"canonical":"https:\/\/martinluther.ca\/de\/2017\/08\/psalmen\/","og_locale":"de_DE","og_type":"article","og_title":"Psalmengesang - Martin Luther Evangelische Kirche Toronto","og_description":"Psalmen. Ihre Urspr\u00fcnge gehen Jahrtausende zur\u00fcck in der Geschichte der j\u00fcdischen, \u00e4gyptischen, christlichen Gemeinschaften. Liturgisch haben die alten Lieder \u00fcber all diese Zeit jedoch nichts an ihrer Kraft eingeb\u00fc\u00dft \u2013 so haben auch wir, liebe Gemeinde, in den Gottesdiensten der vergangenen vier Monate dieser Tradition gehuldigt und Psalmodien in unsere Kirche einziehen lassen. Im europ\u00e4ischen&hellip;","og_url":"https:\/\/martinluther.ca\/de\/2017\/08\/psalmen\/","og_site_name":"Martin Luther Evangelische Kirche Toronto","article_publisher":"https:\/\/www.facebook.com\/martinlutherchurchtoronto","article_published_time":"2017-08-18T18:10:43+00:00","article_modified_time":"2021-03-31T19:53:16+00:00","og_image":[{"width":264,"height":198,"url":"https:\/\/martinluther.ca\/wp-content\/uploads\/2017\/08\/Music-notes-Image-courtesy-of-Graphics-Mouse-at-FreeDigitalPhotos.net_.jpg","type":"image\/jpeg"}],"author":"Marlena Muller","twitter_card":"summary_large_image","twitter_misc":{"Verfasst von":"Marlena Muller","Gesch\u00e4tzte Lesezeit":"3\u00a0Minuten"},"schema":{"@context":"https:\/\/schema.org","@graph":[{"@type":"Article","@id":"https:\/\/martinluther.ca\/de\/2017\/08\/psalmen\/#article","isPartOf":{"@id":"https:\/\/martinluther.ca\/de\/2017\/08\/psalmen\/"},"author":{"name":"Marlena Muller","@id":"https:\/\/martinluther.ca\/de\/#\/schema\/person\/ef4e825f5d9d6fd740bbd7813710e15d"},"headline":"Psalmengesang","datePublished":"2017-08-18T18:10:43+00:00","dateModified":"2021-03-31T19:53:16+00:00","mainEntityOfPage":{"@id":"https:\/\/martinluther.ca\/de\/2017\/08\/psalmen\/"},"wordCount":648,"publisher":{"@id":"https:\/\/martinluther.ca\/de\/#organization"},"image":{"@id":"https:\/\/martinluther.ca\/de\/2017\/08\/psalmen\/#primaryimage"},"thumbnailUrl":"https:\/\/martinluther.ca\/wp-content\/uploads\/2017\/08\/Music-notes-Image-courtesy-of-Graphics-Mouse-at-FreeDigitalPhotos.net_.jpg","articleSection":["News Blog - German"],"inLanguage":"de"},{"@type":"WebPage","@id":"https:\/\/martinluther.ca\/de\/2017\/08\/psalmen\/","url":"https:\/\/martinluther.ca\/de\/2017\/08\/psalmen\/","name":"Psalmengesang - Martin Luther Evangelische Kirche Toronto","isPartOf":{"@id":"https:\/\/martinluther.ca\/de\/#website"},"primaryImageOfPage":{"@id":"https:\/\/martinluther.ca\/de\/2017\/08\/psalmen\/#primaryimage"},"image":{"@id":"https:\/\/martinluther.ca\/de\/2017\/08\/psalmen\/#primaryimage"},"thumbnailUrl":"https:\/\/martinluther.ca\/wp-content\/uploads\/2017\/08\/Music-notes-Image-courtesy-of-Graphics-Mouse-at-FreeDigitalPhotos.net_.jpg","datePublished":"2017-08-18T18:10:43+00:00","dateModified":"2021-03-31T19:53:16+00:00","breadcrumb":{"@id":"https:\/\/martinluther.ca\/de\/2017\/08\/psalmen\/#breadcrumb"},"inLanguage":"de","potentialAction":[{"@type":"ReadAction","target":["https:\/\/martinluther.ca\/de\/2017\/08\/psalmen\/"]}]},{"@type":"ImageObject","inLanguage":"de","@id":"https:\/\/martinluther.ca\/de\/2017\/08\/psalmen\/#primaryimage","url":"https:\/\/martinluther.ca\/wp-content\/uploads\/2017\/08\/Music-notes-Image-courtesy-of-Graphics-Mouse-at-FreeDigitalPhotos.net_.jpg","contentUrl":"https:\/\/martinluther.ca\/wp-content\/uploads\/2017\/08\/Music-notes-Image-courtesy-of-Graphics-Mouse-at-FreeDigitalPhotos.net_.jpg","width":264,"height":198},{"@type":"BreadcrumbList","@id":"https:\/\/martinluther.ca\/de\/2017\/08\/psalmen\/#breadcrumb","itemListElement":[{"@type":"ListItem","position":1,"name":"Home","item":"https:\/\/martinluther.ca\/de\/"},{"@type":"ListItem","position":2,"name":"Psalmengesang"}]},{"@type":"WebSite","@id":"https:\/\/martinluther.ca\/de\/#website","url":"https:\/\/martinluther.ca\/de\/","name":"Martin Luther Evangelical Church Toronto","description":"Deutsch &amp; Englisch","publisher":{"@id":"https:\/\/martinluther.ca\/de\/#organization"},"potentialAction":[{"@type":"SearchAction","target":{"@type":"EntryPoint","urlTemplate":"https:\/\/martinluther.ca\/de\/?s={search_term_string}"},"query-input":{"@type":"PropertyValueSpecification","valueRequired":true,"valueName":"search_term_string"}}],"inLanguage":"de"},{"@type":"Organization","@id":"https:\/\/martinluther.ca\/de\/#organization","name":"Martin Luther Evangelical Church Toronto","url":"https:\/\/martinluther.ca\/de\/","logo":{"@type":"ImageObject","inLanguage":"de","@id":"https:\/\/martinluther.ca\/de\/#\/schema\/logo\/image\/","url":"https:\/\/martinluther.ca\/wp-content\/uploads\/2016\/12\/ml-logo-300.png","contentUrl":"https:\/\/martinluther.ca\/wp-content\/uploads\/2016\/12\/ml-logo-300.png","width":300,"height":150,"caption":"Martin Luther Evangelical Church Toronto"},"image":{"@id":"https:\/\/martinluther.ca\/de\/#\/schema\/logo\/image\/"},"sameAs":["https:\/\/www.facebook.com\/martinlutherchurchtoronto","https:\/\/www.instagram.com\/lutheransbythelake\/","https:\/\/www.youtube.com\/MartinLutherChurchToronto"]},{"@type":"Person","@id":"https:\/\/martinluther.ca\/de\/#\/schema\/person\/ef4e825f5d9d6fd740bbd7813710e15d","name":"Marlena Muller","image":{"@type":"ImageObject","inLanguage":"de","@id":"https:\/\/secure.gravatar.com\/avatar\/fe840ff753768b839caa2dd522d4797f19f7e22fa2da83388e0fbfc570b65a37?s=96&d=mm&r=g","url":"https:\/\/secure.gravatar.com\/avatar\/fe840ff753768b839caa2dd522d4797f19f7e22fa2da83388e0fbfc570b65a37?s=96&d=mm&r=g","contentUrl":"https:\/\/secure.gravatar.com\/avatar\/fe840ff753768b839caa2dd522d4797f19f7e22fa2da83388e0fbfc570b65a37?s=96&d=mm&r=g","caption":"Marlena Muller"},"url":false}]}},"_links":{"self":[{"href":"https:\/\/martinluther.ca\/de\/wp-json\/wp\/v2\/posts\/27151","targetHints":{"allow":["GET"]}}],"collection":[{"href":"https:\/\/martinluther.ca\/de\/wp-json\/wp\/v2\/posts"}],"about":[{"href":"https:\/\/martinluther.ca\/de\/wp-json\/wp\/v2\/types\/post"}],"author":[{"embeddable":true,"href":"https:\/\/martinluther.ca\/de\/wp-json\/wp\/v2\/users\/8"}],"replies":[{"embeddable":true,"href":"https:\/\/martinluther.ca\/de\/wp-json\/wp\/v2\/comments?post=27151"}],"version-history":[{"count":5,"href":"https:\/\/martinluther.ca\/de\/wp-json\/wp\/v2\/posts\/27151\/revisions"}],"predecessor-version":[{"id":37804,"href":"https:\/\/martinluther.ca\/de\/wp-json\/wp\/v2\/posts\/27151\/revisions\/37804"}],"wp:featuredmedia":[{"embeddable":true,"href":"https:\/\/martinluther.ca\/de\/wp-json\/wp\/v2\/media\/30774"}],"wp:attachment":[{"href":"https:\/\/martinluther.ca\/de\/wp-json\/wp\/v2\/media?parent=27151"}],"wp:term":[{"taxonomy":"category","embeddable":true,"href":"https:\/\/martinluther.ca\/de\/wp-json\/wp\/v2\/categories?post=27151"},{"taxonomy":"post_tag","embeddable":true,"href":"https:\/\/martinluther.ca\/de\/wp-json\/wp\/v2\/tags?post=27151"},{"taxonomy":"post_series","embeddable":true,"href":"https:\/\/martinluther.ca\/de\/wp-json\/wp\/v2\/post_series?post=27151"}],"curies":[{"name":"wp","href":"https:\/\/api.w.org\/{rel}","templated":true}]}}