{"id":27206,"date":"2017-08-30T16:00:52","date_gmt":"2017-08-30T20:00:52","guid":{"rendered":"https:\/\/martinluther.ca\/?p=27206\/"},"modified":"2018-02-16T23:55:06","modified_gmt":"2018-02-17T04:55:06","slug":"veranstaltungen-zum-reformationsjubilaeum-in-toronto","status":"publish","type":"post","link":"https:\/\/martinluther.ca\/de\/2017\/08\/veranstaltungen-zum-reformationsjubilaeum-in-toronto\/","title":{"rendered":"Veranstaltungen zum Reformationsjubil\u00e4um in Toronto"},"content":{"rendered":"<p><img loading=\"lazy\" decoding=\"async\" class=\"alignright size-medium wp-image-27209\" src=\"https:\/\/martinluther.ca\/wp-content\/uploads\/2017\/08\/CommomPrayerServicePoster-300x232.jpg\" alt=\"Common Prayer Service Poster\" width=\"300\" height=\"232\" srcset=\"https:\/\/martinluther.ca\/wp-content\/uploads\/2017\/08\/CommomPrayerServicePoster-300x232.jpg 300w, https:\/\/martinluther.ca\/wp-content\/uploads\/2017\/08\/CommomPrayerServicePoster-768x593.jpg 768w, https:\/\/martinluther.ca\/wp-content\/uploads\/2017\/08\/CommomPrayerServicePoster-1024x791.jpg 1024w\" sizes=\"auto, (max-width: 300px) 100vw, 300px\" \/><\/p>\n<p>Kommen Sie und nehmen Sie an den Veranstaltungen zum Reformationsjubil\u00e4um in Toronto teil! Bis in den Oktober gibt es die Gelegenheit, Events und inspirierende Reformations-Gottesdienste in Toronto zu erleben. Auf keinen Fall verpassen!<\/p>\n<p><strong>COMMON PRAYER SERVICE<br \/>\nAm Samstag, dem 30. September, um 14 Uhr<\/strong>, feiern wir einen gemeinsamen Gebetsgottesdienst bei der <strong>St. Ansgar Lutheran Church<\/strong> (1498 Avenue Road, Toronto, at Lawrence Avenue West). Unser<strong> Bischof Dr. Michael Pryse <\/strong>und<strong> Kardinal Thomas Collins<\/strong> werden diesen \u00f6kumenischen Gottesdienst leiten, der Christen aus der lutherischen und der r\u00f6misch-katholischen Tradition zusammenbringt. Dies ist ein Meilenstein im \u00f6kumenischen Dialog. Feiern Sie mit uns, dass wir in Christus eins geworden sind und mehr gemeinsam haben als Dinge, die uns trennen. Nach dem Gottesdienst findet ein Empfang statt.<\/p>\n<p>Photos of the events from LutheransToronto.ca website<\/p>\n<div id=\"gallery-1\" class=\"wpex-gallery wpex-grid wpex-grid-cols-4 wpex-gap-20 wpex-lightbox-group wpex-mb-20\"><figure class=\"gallery-item\"><a href=\"https:\/\/martinluther.ca\/wp-content\/uploads\/2017\/10\/2017-Common-Prayer-Serv-St.-Ansgar-06.jpg\" class=\"wpex-lightbox-group-item\"><img loading=\"lazy\" decoding=\"async\" src=\"https:\/\/martinluther.ca\/wp-content\/uploads\/2017\/10\/2017-Common-Prayer-Serv-St.-Ansgar-06.jpg\" alt=\"\" srcset=\"https:\/\/martinluther.ca\/wp-content\/uploads\/2017\/10\/2017-Common-Prayer-Serv-St.-Ansgar-06.jpg 600w, https:\/\/martinluther.ca\/wp-content\/uploads\/2017\/10\/2017-Common-Prayer-Serv-St.-Ansgar-06-150x150.jpg 150w, https:\/\/martinluther.ca\/wp-content\/uploads\/2017\/10\/2017-Common-Prayer-Serv-St.-Ansgar-06-300x300.jpg 300w\" width=\"600\" height=\"600\"><\/a><\/figure><figure class=\"gallery-item\"><a href=\"https:\/\/martinluther.ca\/wp-content\/uploads\/2017\/10\/2017-Common-Prayer-Serv-St.-Ansgar-12.jpg\" class=\"wpex-lightbox-group-item\"><img loading=\"lazy\" decoding=\"async\" src=\"https:\/\/martinluther.ca\/wp-content\/uploads\/2017\/10\/2017-Common-Prayer-Serv-St.-Ansgar-12-1024x1024.jpg\" alt=\"\" srcset=\"https:\/\/martinluther.ca\/wp-content\/uploads\/2017\/10\/2017-Common-Prayer-Serv-St.-Ansgar-12-1024x1024.jpg 1024w, https:\/\/martinluther.ca\/wp-content\/uploads\/2017\/10\/2017-Common-Prayer-Serv-St.-Ansgar-12-150x150.jpg 150w, https:\/\/martinluther.ca\/wp-content\/uploads\/2017\/10\/2017-Common-Prayer-Serv-St.-Ansgar-12-300x300.jpg 300w, https:\/\/martinluther.ca\/wp-content\/uploads\/2017\/10\/2017-Common-Prayer-Serv-St.-Ansgar-12-768x768.jpg 768w, https:\/\/martinluther.ca\/wp-content\/uploads\/2017\/10\/2017-Common-Prayer-Serv-St.-Ansgar-12.jpg 1200w\" width=\"1024\" height=\"1024\"><\/a><\/figure><figure class=\"gallery-item\"><a href=\"https:\/\/martinluther.ca\/wp-content\/uploads\/2017\/10\/2017-Common-Prayer-Serv-St.-Ansgar-11.jpg\" class=\"wpex-lightbox-group-item\"><img loading=\"lazy\" decoding=\"async\" src=\"https:\/\/martinluther.ca\/wp-content\/uploads\/2017\/10\/2017-Common-Prayer-Serv-St.-Ansgar-11.jpg\" alt=\"\" srcset=\"https:\/\/martinluther.ca\/wp-content\/uploads\/2017\/10\/2017-Common-Prayer-Serv-St.-Ansgar-11.jpg 600w, https:\/\/martinluther.ca\/wp-content\/uploads\/2017\/10\/2017-Common-Prayer-Serv-St.-Ansgar-11-150x150.jpg 150w, https:\/\/martinluther.ca\/wp-content\/uploads\/2017\/10\/2017-Common-Prayer-Serv-St.-Ansgar-11-300x300.jpg 300w\" width=\"600\" height=\"600\"><\/a><\/figure><figure class=\"gallery-item\"><a href=\"https:\/\/martinluther.ca\/wp-content\/uploads\/2017\/10\/2017-Common-Prayer-Serv-St.-Ansgar-10.jpg\" class=\"wpex-lightbox-group-item\"><img loading=\"lazy\" decoding=\"async\" src=\"https:\/\/martinluther.ca\/wp-content\/uploads\/2017\/10\/2017-Common-Prayer-Serv-St.-Ansgar-10.jpg\" alt=\"\" srcset=\"https:\/\/martinluther.ca\/wp-content\/uploads\/2017\/10\/2017-Common-Prayer-Serv-St.-Ansgar-10.jpg 600w, https:\/\/martinluther.ca\/wp-content\/uploads\/2017\/10\/2017-Common-Prayer-Serv-St.-Ansgar-10-150x150.jpg 150w, https:\/\/martinluther.ca\/wp-content\/uploads\/2017\/10\/2017-Common-Prayer-Serv-St.-Ansgar-10-300x300.jpg 300w\" width=\"600\" height=\"600\"><\/a><\/figure><\/div>\n\n<p><strong><img loading=\"lazy\" decoding=\"async\" class=\"alignright size-medium wp-image-27266\" src=\"https:\/\/martinluther.ca\/wp-content\/uploads\/2017\/09\/ReformationIntlSymposiumFirstLutheranChurch-Oct14-2017-233x300.jpg\" alt=\"Reformation Intl Symposium(FirstLutheranChurch-Oct14-2017)\" width=\"233\" height=\"300\" srcset=\"https:\/\/martinluther.ca\/wp-content\/uploads\/2017\/09\/ReformationIntlSymposiumFirstLutheranChurch-Oct14-2017-233x300.jpg 233w, https:\/\/martinluther.ca\/wp-content\/uploads\/2017\/09\/ReformationIntlSymposiumFirstLutheranChurch-Oct14-2017-768x987.jpg 768w, https:\/\/martinluther.ca\/wp-content\/uploads\/2017\/09\/ReformationIntlSymposiumFirstLutheranChurch-Oct14-2017-797x1024.jpg 797w, https:\/\/martinluther.ca\/wp-content\/uploads\/2017\/09\/ReformationIntlSymposiumFirstLutheranChurch-Oct14-2017.jpg 1076w\" sizes=\"auto, (max-width: 233px) 100vw, 233px\" \/>REFORMATION INTERNATIONAL SYMPOSIUM<br \/>\nAm Samstag dem 14. Oktober<\/strong>, findet unter dem Motto \u201cLuther und die Freiheit heute!\u201d ein internationales Symposium zu 500 Jahren Reformation <strong>von 8.45 bis 16.15 Uhr in der Ersten Lutherischen Kirche<\/strong> (116 Bond St, Toronto, von Dundas St East zwischen Yonge und Church Sts) statt. Dies wird ein Tag mit einer gro\u00dfen Themenpalette und dynamischen Pr\u00e4sentationen und Diskussionen, einschlie\u00dflich Gespr\u00e4chsrunde und vielen Gelegenheiten zu zwanglosen Gespr\u00e4chen. Unkostenbeitrag: $75 inklusive Lunch und Empfang nach der Veranstaltung. F\u00fcr weitere Informationen und zur Anmeldung melden Sie sich bitte im Kirchenb\u00fcro unter 416-251-8293, oder <a href=\"mailto:churchoffice@martinluther.ca\">churchoffice@martinluther.ca<\/a> . See flyer <a href=\"https:\/\/martinluther.ca\/wp-content\/uploads\/2017\/09\/ReformationIntlSymposium-PosterFirstLutheranChurch-Oct14-2017.pdf\" target=\"_blank\" rel=\"noopener\">[Herunterladen]<\/a>.<\/p>\n<p><strong><img loading=\"lazy\" decoding=\"async\" class=\"alignleft wp-image-27265 \" src=\"https:\/\/martinluther.ca\/wp-content\/uploads\/2017\/09\/BachReformationCantatasConcertStGeorgesChurch-Oct14-2017-232x300.jpg\" alt=\"BachReformationCantatasConcert(StGeorgesChurch-Oct14-2017)\" width=\"213\" height=\"275\" srcset=\"https:\/\/martinluther.ca\/wp-content\/uploads\/2017\/09\/BachReformationCantatasConcertStGeorgesChurch-Oct14-2017-232x300.jpg 232w, https:\/\/martinluther.ca\/wp-content\/uploads\/2017\/09\/BachReformationCantatasConcertStGeorgesChurch-Oct14-2017-768x994.jpg 768w, https:\/\/martinluther.ca\/wp-content\/uploads\/2017\/09\/BachReformationCantatasConcertStGeorgesChurch-Oct14-2017-791x1024.jpg 791w, https:\/\/martinluther.ca\/wp-content\/uploads\/2017\/09\/BachReformationCantatasConcertStGeorgesChurch-Oct14-2017.jpg 1028w\" sizes=\"auto, (max-width: 213px) 100vw, 213px\" \/><\/strong><\/p>\n<p>&nbsp;<\/p>\n<p><strong>BACH REFORMATION CANATAS CONCERT<br \/>\nAm Samstag dem 14. Oktober abends um 19.00 Uhr,<\/strong> wird ein in Toronto und international bekanntes Ensemble mit Starbesetzung ein Konzert mit zwei der beiden ber\u00fchmtesten Bach-Kantaten in der St. Georgs-Kirche (410 College St, Toronto, zwischen Bathurst und Spadina) auff\u00fchren. Tickets \u00fcber das RCM (Royal Conservatory of Music). Siehe den beigef\u00fcgten Handzettel.\u00a0<a href=\"https:\/\/martinluther.ca\/wp-content\/uploads\/2017\/09\/BachReformationCantatasConcert-PosterStGeorgesLutheranChurch-Oct14-2017.pdf\" target=\"_blank\" rel=\"noopener\">[Herunterladen]<\/a>.<\/p>\n<p>&nbsp;<\/p>\n<p>&nbsp;<\/p>\n<p>&nbsp;<\/p>\n<p><strong><img loading=\"lazy\" decoding=\"async\" class=\"alignright wp-image-27397\" src=\"https:\/\/martinluther.ca\/wp-content\/uploads\/2017\/10\/Luther-Rose-3-4-1200-300x225.jpg\" alt=\"Luther Rose DELKINA\" width=\"191\" height=\"143\" srcset=\"https:\/\/martinluther.ca\/wp-content\/uploads\/2017\/10\/Luther-Rose-3-4-1200-300x225.jpg 300w, https:\/\/martinluther.ca\/wp-content\/uploads\/2017\/10\/Luther-Rose-3-4-1200-768x576.jpg 768w, https:\/\/martinluther.ca\/wp-content\/uploads\/2017\/10\/Luther-Rose-3-4-1200-1024x768.jpg 1024w, https:\/\/martinluther.ca\/wp-content\/uploads\/2017\/10\/Luther-Rose-3-4-1200.jpg 1200w\" sizes=\"auto, (max-width: 191px) 100vw, 191px\" \/>ABSCHLUSSGOTTESDIENST DER DELKINA KONFERENZ<br \/>\nAm Sonntag, dem 15. Oktober, um 11 Uhr<\/strong> feiern wir den Abschlussgottesdienst der DELKINA-Konferenz in der <strong>Martin-Luther-Kirche<\/strong> (2379 Lake Shore Blvd West, Toronto , near Royal York Rd).\u00a0<strong>Bischof Dr. Michael Pryse<\/strong> wird (auf Englisch) predigen. Alle deutschen lutherischen Gemeinden aus dem Gro\u00dfraum Toronto sind eingeladen, gemeinsam diesen Gottesdienst zu feiern. Im Anschluss wird es einen Empfang geben. Au\u00dfer zu unserem Gottesdienst laden wir alle, die gerne singen, herzlichst ein, an unserem Martin-Luther-Kirchenchor (unter der Leitung von unserer Organistin und Chorleiterin Linda Marcinkus).) teilzunehmen.\u00a0Im Rahmen der DELKINA (<a href=\"http:\/\/www.delkina.org\/\" target=\"_blank\" rel=\"noopener\">http:\/\/www.delkina.org\/<\/a>) Tagung bietet Iris Schweiger einen German Walk in Downtown Toronto (unterst\u00fctzt vom Deutschen Generalkonsulat) an. Der deutschsprachige Spaziergang beginnt gleich im Anschluss an das Mittagessen am Sonntag den 15. Oktober.<\/p>\n<p><strong><img loading=\"lazy\" decoding=\"async\" class=\"alignright size-medium wp-image-27411\" src=\"https:\/\/martinluther.ca\/wp-content\/uploads\/2017\/10\/ReformationExhibitStJames-231x300.jpg\" alt=\"ReformationExhibitStJames\" width=\"231\" height=\"300\" srcset=\"https:\/\/martinluther.ca\/wp-content\/uploads\/2017\/10\/ReformationExhibitStJames-231x300.jpg 231w, https:\/\/martinluther.ca\/wp-content\/uploads\/2017\/10\/ReformationExhibitStJames-768x996.jpg 768w, https:\/\/martinluther.ca\/wp-content\/uploads\/2017\/10\/ReformationExhibitStJames-790x1024.jpg 790w, https:\/\/martinluther.ca\/wp-content\/uploads\/2017\/10\/ReformationExhibitStJames.jpg 1088w\" sizes=\"auto, (max-width: 231px) 100vw, 231px\" \/><img loading=\"lazy\" decoding=\"async\" class=\"alignright size-medium wp-image-27465\" src=\"https:\/\/martinluther.ca\/wp-content\/uploads\/2017\/10\/2017-500-Reformation-Sunday-March-map-Oct-25-229x300.jpg\" alt=\"2017 500 Reformation Sunday March map Oct 25\" width=\"229\" height=\"300\" srcset=\"https:\/\/martinluther.ca\/wp-content\/uploads\/2017\/10\/2017-500-Reformation-Sunday-March-map-Oct-25-229x300.jpg 229w, https:\/\/martinluther.ca\/wp-content\/uploads\/2017\/10\/2017-500-Reformation-Sunday-March-map-Oct-25.jpg 734w\" sizes=\"auto, (max-width: 229px) 100vw, 229px\" \/><br \/>\nREFORMATIONSGOTTESDIENST<br \/>\nAm Sonntag, dem 29. Oktober, um 14 Uhr<\/strong> versammeln sich alle lutherischen Gemeinden in der <strong>St. James Anglican Cathedral\u00a0<\/strong>(65 Church St at King St, Toronto <a href=\"http:\/\/stjamescathedral.ca\/\" target=\"_blank\" rel=\"noopener\">http:\/\/stjamescathedral.ca\/<\/a>), um gemeinsam den <strong>Reformationsgottesdienst<\/strong> zu feiern , unter der Leitung von Pastor Dr. Christian Ceconi, Dekan der Central Toronto Ministry Area. Zwei silberne Kelche, die die Geschichte der lutherischen Kirche in Kanada repr\u00e4sentieren, werden im Gottesdienst als Zeichen der Vers\u00f6hnung, der Erneuerung und der Auferstehung verwendet. Dar\u00fcber hinaus verk\u00fcnden sie unsere Freude an der Waterloo Deklaration von 2001 und der vollen Kirchengemeinschaft zwischen Anglikanern und Lutheranern in Kanada. Unser Schwerpunkt ist soziale Gerechtigkeit, eines der Anliegen der Reformation.<\/p>\n<p>Auf den Gottesdienst folgt<strong> eine Prozession zur Ersten Lutherischen Kirche<\/strong> (116 Bond St, Toronto), wo die Feier gegen 16.30 Uhr enden wird. Anbei ein Poster <strong>Reformation 500 Toronto March<\/strong>\u00a0<a href=\"https:\/\/martinluther.ca\/wp-content\/uploads\/2017\/10\/2017-500-Reformation-March-map-flyer-Oct-29.pdf\" target=\"_blank\" rel=\"noopener\">[Herunterladen]<\/a><\/p>\n<p>In unserer Kirche wird es <strong>an diesem Morgen keinen Gottesdienst geben<\/strong>, damit wir den gemeinsamen Gottesdienst in unserem Amtsgebiet unterst\u00fctzen k\u00f6nnen.<\/p>\n<p>Nehmen Sie sich vor dem Gottesdienst etwas Zeit die Ausstellung \u201eR<strong>eformation: Martin Luther and his Legacy<\/strong>\u201c zu genie\u00dfen. Diese Erinnert an das Anschlagen der 95 Thesen an die T\u00fcr der Kirche in Wittenberg vor 500 Jahren. Anbei ein Poster zur Ausstellung.\u00a0<a href=\"https:\/\/martinluther.ca\/wp-content\/uploads\/2017\/10\/20171025-reformationexhibit-mini-v2-inhouseprint.pdf\" target=\"_blank\" rel=\"noopener\">[Herunterladen]<\/a><\/p>\n","protected":false},"excerpt":{"rendered":"<p>Kommen Sie und nehmen Sie an den Veranstaltungen zum Reformationsjubil\u00e4um in Toronto teil! Bis in den Oktober gibt es die Gelegenheit, Events und inspirierende Reformations-Gottesdienste in Toronto zu erleben. Auf keinen Fall verpassen! COMMON PRAYER SERVICE Am Samstag, dem 30. September, um 14 Uhr, feiern wir einen gemeinsamen Gebetsgottesdienst bei der St. Ansgar Lutheran Church&hellip;<\/p>\n","protected":false},"author":9,"featured_media":27468,"comment_status":"closed","ping_status":"closed","sticky":false,"template":"","format":"standard","meta":{"footnotes":""},"categories":[69],"tags":[],"post_series":[],"class_list":["post-27206","post","type-post","status-publish","format-standard","has-post-thumbnail","hentry","category-news-blog-german","entry","has-media"],"yoast_head":"<!-- This site is optimized with the Yoast SEO plugin v27.5 - https:\/\/yoast.com\/product\/yoast-seo-wordpress\/ -->\n<title>Veranstaltungen zum Reformationsjubil\u00e4um in Toronto - Martin Luther Evangelische Kirche Toronto<\/title>\n<meta name=\"robots\" content=\"index, follow, max-snippet:-1, max-image-preview:large, max-video-preview:-1\" \/>\n<link rel=\"canonical\" href=\"https:\/\/martinluther.ca\/de\/2017\/08\/veranstaltungen-zum-reformationsjubilaeum-in-toronto\/\" \/>\n<meta property=\"og:locale\" content=\"de_DE\" \/>\n<meta property=\"og:type\" content=\"article\" \/>\n<meta property=\"og:title\" content=\"Veranstaltungen zum Reformationsjubil\u00e4um in Toronto - Martin Luther Evangelische Kirche Toronto\" \/>\n<meta property=\"og:description\" content=\"Kommen Sie und nehmen Sie an den Veranstaltungen zum Reformationsjubil\u00e4um in Toronto teil! Bis in den Oktober gibt es die Gelegenheit, Events und inspirierende Reformations-Gottesdienste in Toronto zu erleben. Auf keinen Fall verpassen! COMMON PRAYER SERVICE Am Samstag, dem 30. September, um 14 Uhr, feiern wir einen gemeinsamen Gebetsgottesdienst bei der St. Ansgar Lutheran Church&hellip;\" \/>\n<meta property=\"og:url\" content=\"https:\/\/martinluther.ca\/de\/2017\/08\/veranstaltungen-zum-reformationsjubilaeum-in-toronto\/\" \/>\n<meta property=\"og:site_name\" content=\"Martin Luther Evangelische Kirche Toronto\" \/>\n<meta property=\"article:publisher\" content=\"https:\/\/www.facebook.com\/martinlutherchurchtoronto\" \/>\n<meta property=\"article:published_time\" content=\"2017-08-30T20:00:52+00:00\" \/>\n<meta property=\"article:modified_time\" content=\"2018-02-17T04:55:06+00:00\" \/>\n<meta property=\"og:image\" content=\"https:\/\/martinluther.ca\/wp-content\/uploads\/2017\/10\/2017-500-Reformation-Sunday-March-map-Oct-29-3x4.jpg\" \/>\n\t<meta property=\"og:image:width\" content=\"734\" \/>\n\t<meta property=\"og:image:height\" content=\"550\" \/>\n\t<meta property=\"og:image:type\" content=\"image\/jpeg\" \/>\n<meta name=\"author\" content=\"Mona Kakoschke Frantzke\" \/>\n<meta name=\"twitter:card\" content=\"summary_large_image\" \/>\n<meta name=\"twitter:label1\" content=\"Verfasst von\" \/>\n\t<meta name=\"twitter:data1\" content=\"Mona Kakoschke Frantzke\" \/>\n\t<meta name=\"twitter:label2\" content=\"Gesch\u00e4tzte Lesezeit\" \/>\n\t<meta name=\"twitter:data2\" content=\"3\u00a0Minuten\" \/>\n<script type=\"application\/ld+json\" class=\"yoast-schema-graph\">{\"@context\":\"https:\\\/\\\/schema.org\",\"@graph\":[{\"@type\":\"Article\",\"@id\":\"https:\\\/\\\/martinluther.ca\\\/de\\\/2017\\\/08\\\/veranstaltungen-zum-reformationsjubilaeum-in-toronto\\\/#article\",\"isPartOf\":{\"@id\":\"https:\\\/\\\/martinluther.ca\\\/de\\\/2017\\\/08\\\/veranstaltungen-zum-reformationsjubilaeum-in-toronto\\\/\"},\"author\":{\"name\":\"Mona Kakoschke Frantzke\",\"@id\":\"https:\\\/\\\/martinluther.ca\\\/de\\\/#\\\/schema\\\/person\\\/815c51710f70b050f0476f18da6b0c8f\"},\"headline\":\"Veranstaltungen zum Reformationsjubil\u00e4um in Toronto\",\"datePublished\":\"2017-08-30T20:00:52+00:00\",\"dateModified\":\"2018-02-17T04:55:06+00:00\",\"mainEntityOfPage\":{\"@id\":\"https:\\\/\\\/martinluther.ca\\\/de\\\/2017\\\/08\\\/veranstaltungen-zum-reformationsjubilaeum-in-toronto\\\/\"},\"wordCount\":622,\"publisher\":{\"@id\":\"https:\\\/\\\/martinluther.ca\\\/de\\\/#organization\"},\"image\":{\"@id\":\"https:\\\/\\\/martinluther.ca\\\/de\\\/2017\\\/08\\\/veranstaltungen-zum-reformationsjubilaeum-in-toronto\\\/#primaryimage\"},\"thumbnailUrl\":\"https:\\\/\\\/martinluther.ca\\\/wp-content\\\/uploads\\\/2017\\\/10\\\/2017-500-Reformation-Sunday-March-map-Oct-29-3x4.jpg\",\"articleSection\":[\"News Blog - German\"],\"inLanguage\":\"de\"},{\"@type\":\"WebPage\",\"@id\":\"https:\\\/\\\/martinluther.ca\\\/de\\\/2017\\\/08\\\/veranstaltungen-zum-reformationsjubilaeum-in-toronto\\\/\",\"url\":\"https:\\\/\\\/martinluther.ca\\\/de\\\/2017\\\/08\\\/veranstaltungen-zum-reformationsjubilaeum-in-toronto\\\/\",\"name\":\"Veranstaltungen zum Reformationsjubil\u00e4um in Toronto - Martin Luther Evangelische Kirche Toronto\",\"isPartOf\":{\"@id\":\"https:\\\/\\\/martinluther.ca\\\/de\\\/#website\"},\"primaryImageOfPage\":{\"@id\":\"https:\\\/\\\/martinluther.ca\\\/de\\\/2017\\\/08\\\/veranstaltungen-zum-reformationsjubilaeum-in-toronto\\\/#primaryimage\"},\"image\":{\"@id\":\"https:\\\/\\\/martinluther.ca\\\/de\\\/2017\\\/08\\\/veranstaltungen-zum-reformationsjubilaeum-in-toronto\\\/#primaryimage\"},\"thumbnailUrl\":\"https:\\\/\\\/martinluther.ca\\\/wp-content\\\/uploads\\\/2017\\\/10\\\/2017-500-Reformation-Sunday-March-map-Oct-29-3x4.jpg\",\"datePublished\":\"2017-08-30T20:00:52+00:00\",\"dateModified\":\"2018-02-17T04:55:06+00:00\",\"breadcrumb\":{\"@id\":\"https:\\\/\\\/martinluther.ca\\\/de\\\/2017\\\/08\\\/veranstaltungen-zum-reformationsjubilaeum-in-toronto\\\/#breadcrumb\"},\"inLanguage\":\"de\",\"potentialAction\":[{\"@type\":\"ReadAction\",\"target\":[\"https:\\\/\\\/martinluther.ca\\\/de\\\/2017\\\/08\\\/veranstaltungen-zum-reformationsjubilaeum-in-toronto\\\/\"]}]},{\"@type\":\"ImageObject\",\"inLanguage\":\"de\",\"@id\":\"https:\\\/\\\/martinluther.ca\\\/de\\\/2017\\\/08\\\/veranstaltungen-zum-reformationsjubilaeum-in-toronto\\\/#primaryimage\",\"url\":\"https:\\\/\\\/martinluther.ca\\\/wp-content\\\/uploads\\\/2017\\\/10\\\/2017-500-Reformation-Sunday-March-map-Oct-29-3x4.jpg\",\"contentUrl\":\"https:\\\/\\\/martinluther.ca\\\/wp-content\\\/uploads\\\/2017\\\/10\\\/2017-500-Reformation-Sunday-March-map-Oct-29-3x4.jpg\",\"width\":734,\"height\":550,\"caption\":\"2017 500 Reformation Sunday March map Oct 29\"},{\"@type\":\"BreadcrumbList\",\"@id\":\"https:\\\/\\\/martinluther.ca\\\/de\\\/2017\\\/08\\\/veranstaltungen-zum-reformationsjubilaeum-in-toronto\\\/#breadcrumb\",\"itemListElement\":[{\"@type\":\"ListItem\",\"position\":1,\"name\":\"Home\",\"item\":\"https:\\\/\\\/martinluther.ca\\\/de\\\/\"},{\"@type\":\"ListItem\",\"position\":2,\"name\":\"Veranstaltungen zum Reformationsjubil\u00e4um in Toronto\"}]},{\"@type\":\"WebSite\",\"@id\":\"https:\\\/\\\/martinluther.ca\\\/de\\\/#website\",\"url\":\"https:\\\/\\\/martinluther.ca\\\/de\\\/\",\"name\":\"Martin Luther Evangelical Church Toronto\",\"description\":\"Deutsch &amp; Englisch\",\"publisher\":{\"@id\":\"https:\\\/\\\/martinluther.ca\\\/de\\\/#organization\"},\"potentialAction\":[{\"@type\":\"SearchAction\",\"target\":{\"@type\":\"EntryPoint\",\"urlTemplate\":\"https:\\\/\\\/martinluther.ca\\\/de\\\/?s={search_term_string}\"},\"query-input\":{\"@type\":\"PropertyValueSpecification\",\"valueRequired\":true,\"valueName\":\"search_term_string\"}}],\"inLanguage\":\"de\"},{\"@type\":\"Organization\",\"@id\":\"https:\\\/\\\/martinluther.ca\\\/de\\\/#organization\",\"name\":\"Martin Luther Evangelical Church Toronto\",\"url\":\"https:\\\/\\\/martinluther.ca\\\/de\\\/\",\"logo\":{\"@type\":\"ImageObject\",\"inLanguage\":\"de\",\"@id\":\"https:\\\/\\\/martinluther.ca\\\/de\\\/#\\\/schema\\\/logo\\\/image\\\/\",\"url\":\"https:\\\/\\\/martinluther.ca\\\/wp-content\\\/uploads\\\/2016\\\/12\\\/ml-logo-300.png\",\"contentUrl\":\"https:\\\/\\\/martinluther.ca\\\/wp-content\\\/uploads\\\/2016\\\/12\\\/ml-logo-300.png\",\"width\":300,\"height\":150,\"caption\":\"Martin Luther Evangelical Church Toronto\"},\"image\":{\"@id\":\"https:\\\/\\\/martinluther.ca\\\/de\\\/#\\\/schema\\\/logo\\\/image\\\/\"},\"sameAs\":[\"https:\\\/\\\/www.facebook.com\\\/martinlutherchurchtoronto\",\"https:\\\/\\\/www.instagram.com\\\/lutheransbythelake\\\/\",\"https:\\\/\\\/www.youtube.com\\\/MartinLutherChurchToronto\"]},{\"@type\":\"Person\",\"@id\":\"https:\\\/\\\/martinluther.ca\\\/de\\\/#\\\/schema\\\/person\\\/815c51710f70b050f0476f18da6b0c8f\",\"name\":\"Mona Kakoschke Frantzke\",\"image\":{\"@type\":\"ImageObject\",\"inLanguage\":\"de\",\"@id\":\"https:\\\/\\\/secure.gravatar.com\\\/avatar\\\/0deb16854ca545cd2e9fc8001ca110d262b80d5c8317b38dc542265fbea0ed19?s=96&d=mm&r=g\",\"url\":\"https:\\\/\\\/secure.gravatar.com\\\/avatar\\\/0deb16854ca545cd2e9fc8001ca110d262b80d5c8317b38dc542265fbea0ed19?s=96&d=mm&r=g\",\"contentUrl\":\"https:\\\/\\\/secure.gravatar.com\\\/avatar\\\/0deb16854ca545cd2e9fc8001ca110d262b80d5c8317b38dc542265fbea0ed19?s=96&d=mm&r=g\",\"caption\":\"Mona Kakoschke Frantzke\"},\"url\":false}]}<\/script>\n<!-- \/ Yoast SEO plugin. -->","yoast_head_json":{"title":"Veranstaltungen zum Reformationsjubil\u00e4um in Toronto - Martin Luther Evangelische Kirche Toronto","robots":{"index":"index","follow":"follow","max-snippet":"max-snippet:-1","max-image-preview":"max-image-preview:large","max-video-preview":"max-video-preview:-1"},"canonical":"https:\/\/martinluther.ca\/de\/2017\/08\/veranstaltungen-zum-reformationsjubilaeum-in-toronto\/","og_locale":"de_DE","og_type":"article","og_title":"Veranstaltungen zum Reformationsjubil\u00e4um in Toronto - Martin Luther Evangelische Kirche Toronto","og_description":"Kommen Sie und nehmen Sie an den Veranstaltungen zum Reformationsjubil\u00e4um in Toronto teil! Bis in den Oktober gibt es die Gelegenheit, Events und inspirierende Reformations-Gottesdienste in Toronto zu erleben. Auf keinen Fall verpassen! COMMON PRAYER SERVICE Am Samstag, dem 30. September, um 14 Uhr, feiern wir einen gemeinsamen Gebetsgottesdienst bei der St. Ansgar Lutheran Church&hellip;","og_url":"https:\/\/martinluther.ca\/de\/2017\/08\/veranstaltungen-zum-reformationsjubilaeum-in-toronto\/","og_site_name":"Martin Luther Evangelische Kirche Toronto","article_publisher":"https:\/\/www.facebook.com\/martinlutherchurchtoronto","article_published_time":"2017-08-30T20:00:52+00:00","article_modified_time":"2018-02-17T04:55:06+00:00","og_image":[{"width":734,"height":550,"url":"https:\/\/martinluther.ca\/wp-content\/uploads\/2017\/10\/2017-500-Reformation-Sunday-March-map-Oct-29-3x4.jpg","type":"image\/jpeg"}],"author":"Mona Kakoschke Frantzke","twitter_card":"summary_large_image","twitter_misc":{"Verfasst von":"Mona Kakoschke Frantzke","Gesch\u00e4tzte Lesezeit":"3\u00a0Minuten"},"schema":{"@context":"https:\/\/schema.org","@graph":[{"@type":"Article","@id":"https:\/\/martinluther.ca\/de\/2017\/08\/veranstaltungen-zum-reformationsjubilaeum-in-toronto\/#article","isPartOf":{"@id":"https:\/\/martinluther.ca\/de\/2017\/08\/veranstaltungen-zum-reformationsjubilaeum-in-toronto\/"},"author":{"name":"Mona Kakoschke Frantzke","@id":"https:\/\/martinluther.ca\/de\/#\/schema\/person\/815c51710f70b050f0476f18da6b0c8f"},"headline":"Veranstaltungen zum Reformationsjubil\u00e4um in Toronto","datePublished":"2017-08-30T20:00:52+00:00","dateModified":"2018-02-17T04:55:06+00:00","mainEntityOfPage":{"@id":"https:\/\/martinluther.ca\/de\/2017\/08\/veranstaltungen-zum-reformationsjubilaeum-in-toronto\/"},"wordCount":622,"publisher":{"@id":"https:\/\/martinluther.ca\/de\/#organization"},"image":{"@id":"https:\/\/martinluther.ca\/de\/2017\/08\/veranstaltungen-zum-reformationsjubilaeum-in-toronto\/#primaryimage"},"thumbnailUrl":"https:\/\/martinluther.ca\/wp-content\/uploads\/2017\/10\/2017-500-Reformation-Sunday-March-map-Oct-29-3x4.jpg","articleSection":["News Blog - German"],"inLanguage":"de"},{"@type":"WebPage","@id":"https:\/\/martinluther.ca\/de\/2017\/08\/veranstaltungen-zum-reformationsjubilaeum-in-toronto\/","url":"https:\/\/martinluther.ca\/de\/2017\/08\/veranstaltungen-zum-reformationsjubilaeum-in-toronto\/","name":"Veranstaltungen zum Reformationsjubil\u00e4um in Toronto - Martin Luther Evangelische Kirche Toronto","isPartOf":{"@id":"https:\/\/martinluther.ca\/de\/#website"},"primaryImageOfPage":{"@id":"https:\/\/martinluther.ca\/de\/2017\/08\/veranstaltungen-zum-reformationsjubilaeum-in-toronto\/#primaryimage"},"image":{"@id":"https:\/\/martinluther.ca\/de\/2017\/08\/veranstaltungen-zum-reformationsjubilaeum-in-toronto\/#primaryimage"},"thumbnailUrl":"https:\/\/martinluther.ca\/wp-content\/uploads\/2017\/10\/2017-500-Reformation-Sunday-March-map-Oct-29-3x4.jpg","datePublished":"2017-08-30T20:00:52+00:00","dateModified":"2018-02-17T04:55:06+00:00","breadcrumb":{"@id":"https:\/\/martinluther.ca\/de\/2017\/08\/veranstaltungen-zum-reformationsjubilaeum-in-toronto\/#breadcrumb"},"inLanguage":"de","potentialAction":[{"@type":"ReadAction","target":["https:\/\/martinluther.ca\/de\/2017\/08\/veranstaltungen-zum-reformationsjubilaeum-in-toronto\/"]}]},{"@type":"ImageObject","inLanguage":"de","@id":"https:\/\/martinluther.ca\/de\/2017\/08\/veranstaltungen-zum-reformationsjubilaeum-in-toronto\/#primaryimage","url":"https:\/\/martinluther.ca\/wp-content\/uploads\/2017\/10\/2017-500-Reformation-Sunday-March-map-Oct-29-3x4.jpg","contentUrl":"https:\/\/martinluther.ca\/wp-content\/uploads\/2017\/10\/2017-500-Reformation-Sunday-March-map-Oct-29-3x4.jpg","width":734,"height":550,"caption":"2017 500 Reformation Sunday March map Oct 29"},{"@type":"BreadcrumbList","@id":"https:\/\/martinluther.ca\/de\/2017\/08\/veranstaltungen-zum-reformationsjubilaeum-in-toronto\/#breadcrumb","itemListElement":[{"@type":"ListItem","position":1,"name":"Home","item":"https:\/\/martinluther.ca\/de\/"},{"@type":"ListItem","position":2,"name":"Veranstaltungen zum Reformationsjubil\u00e4um in Toronto"}]},{"@type":"WebSite","@id":"https:\/\/martinluther.ca\/de\/#website","url":"https:\/\/martinluther.ca\/de\/","name":"Martin Luther Evangelical Church Toronto","description":"Deutsch &amp; Englisch","publisher":{"@id":"https:\/\/martinluther.ca\/de\/#organization"},"potentialAction":[{"@type":"SearchAction","target":{"@type":"EntryPoint","urlTemplate":"https:\/\/martinluther.ca\/de\/?s={search_term_string}"},"query-input":{"@type":"PropertyValueSpecification","valueRequired":true,"valueName":"search_term_string"}}],"inLanguage":"de"},{"@type":"Organization","@id":"https:\/\/martinluther.ca\/de\/#organization","name":"Martin Luther Evangelical Church Toronto","url":"https:\/\/martinluther.ca\/de\/","logo":{"@type":"ImageObject","inLanguage":"de","@id":"https:\/\/martinluther.ca\/de\/#\/schema\/logo\/image\/","url":"https:\/\/martinluther.ca\/wp-content\/uploads\/2016\/12\/ml-logo-300.png","contentUrl":"https:\/\/martinluther.ca\/wp-content\/uploads\/2016\/12\/ml-logo-300.png","width":300,"height":150,"caption":"Martin Luther Evangelical Church Toronto"},"image":{"@id":"https:\/\/martinluther.ca\/de\/#\/schema\/logo\/image\/"},"sameAs":["https:\/\/www.facebook.com\/martinlutherchurchtoronto","https:\/\/www.instagram.com\/lutheransbythelake\/","https:\/\/www.youtube.com\/MartinLutherChurchToronto"]},{"@type":"Person","@id":"https:\/\/martinluther.ca\/de\/#\/schema\/person\/815c51710f70b050f0476f18da6b0c8f","name":"Mona Kakoschke Frantzke","image":{"@type":"ImageObject","inLanguage":"de","@id":"https:\/\/secure.gravatar.com\/avatar\/0deb16854ca545cd2e9fc8001ca110d262b80d5c8317b38dc542265fbea0ed19?s=96&d=mm&r=g","url":"https:\/\/secure.gravatar.com\/avatar\/0deb16854ca545cd2e9fc8001ca110d262b80d5c8317b38dc542265fbea0ed19?s=96&d=mm&r=g","contentUrl":"https:\/\/secure.gravatar.com\/avatar\/0deb16854ca545cd2e9fc8001ca110d262b80d5c8317b38dc542265fbea0ed19?s=96&d=mm&r=g","caption":"Mona Kakoschke Frantzke"},"url":false}]}},"_links":{"self":[{"href":"https:\/\/martinluther.ca\/de\/wp-json\/wp\/v2\/posts\/27206","targetHints":{"allow":["GET"]}}],"collection":[{"href":"https:\/\/martinluther.ca\/de\/wp-json\/wp\/v2\/posts"}],"about":[{"href":"https:\/\/martinluther.ca\/de\/wp-json\/wp\/v2\/types\/post"}],"author":[{"embeddable":true,"href":"https:\/\/martinluther.ca\/de\/wp-json\/wp\/v2\/users\/9"}],"replies":[{"embeddable":true,"href":"https:\/\/martinluther.ca\/de\/wp-json\/wp\/v2\/comments?post=27206"}],"version-history":[{"count":26,"href":"https:\/\/martinluther.ca\/de\/wp-json\/wp\/v2\/posts\/27206\/revisions"}],"predecessor-version":[{"id":27479,"href":"https:\/\/martinluther.ca\/de\/wp-json\/wp\/v2\/posts\/27206\/revisions\/27479"}],"wp:featuredmedia":[{"embeddable":true,"href":"https:\/\/martinluther.ca\/de\/wp-json\/wp\/v2\/media\/27468"}],"wp:attachment":[{"href":"https:\/\/martinluther.ca\/de\/wp-json\/wp\/v2\/media?parent=27206"}],"wp:term":[{"taxonomy":"category","embeddable":true,"href":"https:\/\/martinluther.ca\/de\/wp-json\/wp\/v2\/categories?post=27206"},{"taxonomy":"post_tag","embeddable":true,"href":"https:\/\/martinluther.ca\/de\/wp-json\/wp\/v2\/tags?post=27206"},{"taxonomy":"post_series","embeddable":true,"href":"https:\/\/martinluther.ca\/de\/wp-json\/wp\/v2\/post_series?post=27206"}],"curies":[{"name":"wp","href":"https:\/\/api.w.org\/{rel}","templated":true}]}}