{"id":27233,"date":"2017-08-20T04:50:13","date_gmt":"2017-08-20T08:50:13","guid":{"rendered":"https:\/\/martinluther.ca\/?p=27233\/"},"modified":"2017-09-23T12:50:53","modified_gmt":"2017-09-23T16:50:53","slug":"unsere-interviewreihe-3-praedikantin-katja-brittain","status":"publish","type":"post","link":"https:\/\/martinluther.ca\/de\/2017\/08\/unsere-interviewreihe-3-praedikantin-katja-brittain\/","title":{"rendered":"Unsere Interviewreihe (3): Pr\u00e4dikantin Katja Brittain"},"content":{"rendered":"<figure id=\"attachment_27184\" aria-describedby=\"caption-attachment-27184\" style=\"width: 300px\" class=\"wp-caption alignright\"><img loading=\"lazy\" decoding=\"async\" class=\"size-medium wp-image-27184\" src=\"https:\/\/martinluther.ca\/wp-content\/uploads\/2017\/08\/Brittain_Katja-300x225.jpg\" alt=\"Katja Brittain\" width=\"300\" height=\"225\" srcset=\"https:\/\/martinluther.ca\/wp-content\/uploads\/2017\/08\/Brittain_Katja-300x225.jpg 300w, https:\/\/martinluther.ca\/wp-content\/uploads\/2017\/08\/Brittain_Katja-768x576.jpg 768w, https:\/\/martinluther.ca\/wp-content\/uploads\/2017\/08\/Brittain_Katja-1024x768.jpg 1024w\" sizes=\"auto, (max-width: 300px) 100vw, 300px\" \/><figcaption id=\"caption-attachment-27184\" class=\"wp-caption-text\">Katja Brittain<\/figcaption><\/figure>\n<p>Seit Januar 2017, werden vier Mitglieder der Martin Luther Kirchengemeinde zu\u00a0Pr\u00e4dikanten (Laienpredigern)\u00a0ausgebildet: Friedrich Brunzema, Iris Schweiger, Tanya Zielke, sowie Katja Brittain die uns freundlicherweise\u00a0f\u00fcr diesen Interviewbeitrag Rede u. Antwort gestanden hat.<\/p>\n<p><strong><em>1) Wie lange kommen Sie schon in die MLK?<\/em><\/strong><\/p>\n<p><strong>Katja: <\/strong>Seit Sept. 2015; also, seitdem ich in Toronto fest lebe.<\/p>\n<p><strong><em>2) Was gef\u00e4llt Ihnen an der MLK am besten?<\/em><\/strong><\/p>\n<p><strong>Katja:<\/strong>Die Gemeinschaft, mit anderen Deutschen Gottesdienst feiern zu k\u00f6nnen; die Predigt im Gottestdienst<\/p>\n<p><strong><em>3) Was hat Sie veranlasst Pr\u00e4dikant zu werden bzw. wie lange hat es gedauert sich daf\u00fcr zu entscheiden?<\/em><\/strong><\/p>\n<p><strong> Katja: <\/strong>Einige Beweggr\u00fcnde: Pastor Ceconi hat mich gefragt; dann die M\u00f6glichkeit, meine F\u00e4higkeiten einzubringen; ferner denke ich, dass das \u2018Priestertum aller Gl\u00e4ubigen\u2019 auf diese Art gelebt werden kann. Ich sehe es als meine Art, mich in die Gemeinde einzubringen.<\/p>\n<p><strong>\u00a0<\/strong><strong><em>4) <\/em><\/strong><strong><em>Was war die gr\u00f6sste Herrausforderung (was hat Ihnen am meisten zu schaffen gemacht) w\u00e4hrend des AusbildungsSeminars?<\/em><\/strong><\/p>\n<p><strong>Katja: <\/strong>Vor allem Predigtschreiben ist nicht eine T\u00e4tigkeit, die ich einfach in einem Rutsch erledigen kann. Ich brauche einiges an Zeit, um mich mit dem Bibeltext vertraut zu machen und dann St\u00fcck f\u00fcr St\u00fcck, in mehreren Versionen den Predigtext zu schreiben. Einige Stunden unter anderem in der Bibliothek an der <strong><em>University of Toronto<\/em><\/strong> braucht es, weil ich f\u00fcr mich Fragen beantworten m\u00f6chte.<\/p>\n<p><strong><em>5) H\u00e4tten Sie sich vor 10 Jahren denken k\u00f6nnen heute als Pr\u00e4dikant gelegentlich vor einer Gemeinde zu stehen?<\/em><\/strong><\/p>\n<p><strong>Katja: <\/strong>Ja. Durchaus<\/p>\n<p><strong>\u00a0<\/strong><strong><em>6) Was fiel Ihnen an Ihrer 1. Predigt am schwersten?<\/em><\/strong><\/p>\n<p><strong>Katja: <\/strong>Sich die Zeit daf\u00fcr zu nehmen.<\/p>\n<p><strong><em>7) Welche F\u00e4higkeiten sch\u00e4tzen Sie am meisten an Ihren drei Kollegen\/Kolleginnen.<\/em><\/strong><\/p>\n<p><strong>Katja: <\/strong>Wir sind alle vier ganz unterschiedlich und kommen aus ganz anderen Lebenserfahrungen zusammen. Das Lernen der theologischen Inhalte aber auch das Erleben, wie wir diesen Prozess so unterschiedlich aufnehmen, das macht Spass. Allein deswegen lohnt sich der Aufwand.<\/p>\n<p><strong>\u00a0<\/strong><strong><em>8) Was ist Ihr Lieblingsbibelvers u. warum?<\/em><\/strong><\/p>\n<p><strong>Katja: <\/strong>Darf ich zwei nennen?<\/p>\n<p><em> Das ist meine Freude, dass ich mich zu Gott halte und meine Zuversicht auf Gott den Herrn, dass ich verk\u00fcndige all sein Tun,<\/em> Psalm 73 28. (wir hatten eine Pfarrerin in unserer Kirchgemeinde, die hat diesen Spruch st\u00e4ndig gebraucht uns schliesslich ist der bei uns in der Familie als \u2018Redewendung\u2019 eingegangen.<\/p>\n<p><em>Ein anderen Grund kann niemand legen, als der, der schon gelegt ist, welcher ist <\/em>JChr; 1.Kor 3\/11 (der Trauspruch meiner Eltern, ich brauchte mal \u2018was\u2019, schnell und kurz f\u00fcr eine adhoc organisierten SegnungsTeil bei einer Taufe, wo ich Patin war. Meine Mutter schlug den Vers vor, seitdem begleitet er mich.<\/p>\n<p><strong><em>9) Was ist Ihr gr\u00f6sster Wunsch f\u00fcr die MLK Gemeinde in diesem 500. Jubil\u00e4umsjahr der Reformation?<\/em><\/strong><\/p>\n<p><strong>Katja: <\/strong>Es tut mir leid, aber ich kann mit diesem Jubil\u00e4um nur wenig anfangen. Es ist erstaunlich, wie sehr es in Deutschland ausgeschlachtet wird. Ich finde das erschreckend \u2013 ich habe z.B. von einem Angebot von Socken geh\u00f6rt, die beschriftet waren mit: \u2018Ich stehe hier und kann nicht anders\u2019. Dabei wurde dieses (vermutlich in China produziert) Produkt total \u00fcberteuert verkauft.<\/p>\n<figure id=\"attachment_26770\" aria-describedby=\"caption-attachment-26770\" style=\"width: 300px\" class=\"wp-caption alignright\"><a href=\"https:\/\/martinluther.ca\/wp-content\/uploads\/2017\/07\/mlc_lay_preachers.jpg\"><img loading=\"lazy\" decoding=\"async\" class=\"size-medium wp-image-26770\" src=\"https:\/\/martinluther.ca\/wp-content\/uploads\/2017\/07\/mlc_lay_preachers-300x225.jpg\" alt=\"2017bMLC Lay Preachers\" width=\"300\" height=\"225\" srcset=\"https:\/\/martinluther.ca\/wp-content\/uploads\/2017\/07\/mlc_lay_preachers-300x225.jpg 300w, https:\/\/martinluther.ca\/wp-content\/uploads\/2017\/07\/mlc_lay_preachers-768x576.jpg 768w, https:\/\/martinluther.ca\/wp-content\/uploads\/2017\/07\/mlc_lay_preachers.jpg 1024w\" sizes=\"auto, (max-width: 300px) 100vw, 300px\" \/><\/a><figcaption id=\"caption-attachment-26770\" class=\"wp-caption-text\">Our four new lay preachers at MLC<br \/>(L to R): Friedrich Brunzema, Katja Brittain, Tanya Zielke<br \/>(photo inset: Iris Schweiger)<\/figcaption><\/figure>\n<p><strong>To read about Iris Schweiger, in part one of the series ( MLC interviews: (1) Lay Preacher Iris Schweiger)\u00a0 <a href=\"https:\/\/martinluther.ca\/de\/2017\/07\/interview-praedikantin-iris-schweiger\/\">click here<\/a>.<\/strong><\/p>\n<p><strong>To read about Friedrich Brunzema, in part two of the series (MLC interview: (2) Lay Preacher Friedrich Brunzema) <a href=\"https:\/\/martinluther.ca\/de\/2017\/07\/unsere-interviewreihe-2-praedikant-friedrich-brunzema-2\/\">click here<\/a>.<\/strong><\/p>\n","protected":false},"excerpt":{"rendered":"<p>Seit Januar 2017, werden vier Mitglieder der Martin Luther Kirchengemeinde zu\u00a0Pr\u00e4dikanten (Laienpredigern)\u00a0ausgebildet: Friedrich Brunzema, Iris Schweiger, Tanya Zielke, sowie Katja Brittain die uns freundlicherweise\u00a0f\u00fcr diesen Interviewbeitrag Rede u. Antwort gestanden hat. 1) Wie lange kommen Sie schon in die MLK? Katja: Seit Sept. 2015; also, seitdem ich in Toronto fest lebe. 2) Was gef\u00e4llt Ihnen&hellip;<\/p>\n","protected":false},"author":19,"featured_media":27184,"comment_status":"closed","ping_status":"closed","sticky":false,"template":"","format":"standard","meta":{"footnotes":""},"categories":[69],"tags":[],"post_series":[],"class_list":["post-27233","post","type-post","status-publish","format-standard","has-post-thumbnail","hentry","category-news-blog-german","entry","has-media"],"yoast_head":"<!-- This site is optimized with the Yoast SEO plugin v27.5 - https:\/\/yoast.com\/product\/yoast-seo-wordpress\/ -->\n<title>Unsere Interviewreihe (3): Pr\u00e4dikantin Katja Brittain - Martin Luther Evangelische Kirche Toronto<\/title>\n<meta name=\"robots\" content=\"index, follow, max-snippet:-1, max-image-preview:large, max-video-preview:-1\" \/>\n<link rel=\"canonical\" href=\"https:\/\/martinluther.ca\/de\/2017\/08\/unsere-interviewreihe-3-praedikantin-katja-brittain\/\" \/>\n<meta property=\"og:locale\" content=\"de_DE\" \/>\n<meta property=\"og:type\" content=\"article\" \/>\n<meta property=\"og:title\" content=\"Unsere Interviewreihe (3): Pr\u00e4dikantin Katja Brittain - Martin Luther Evangelische Kirche Toronto\" \/>\n<meta property=\"og:description\" content=\"Seit Januar 2017, werden vier Mitglieder der Martin Luther Kirchengemeinde zu\u00a0Pr\u00e4dikanten (Laienpredigern)\u00a0ausgebildet: Friedrich Brunzema, Iris Schweiger, Tanya Zielke, sowie Katja Brittain die uns freundlicherweise\u00a0f\u00fcr diesen Interviewbeitrag Rede u. Antwort gestanden hat. 1) Wie lange kommen Sie schon in die MLK? Katja: Seit Sept. 2015; also, seitdem ich in Toronto fest lebe. 2) Was gef\u00e4llt Ihnen&hellip;\" \/>\n<meta property=\"og:url\" content=\"https:\/\/martinluther.ca\/de\/2017\/08\/unsere-interviewreihe-3-praedikantin-katja-brittain\/\" \/>\n<meta property=\"og:site_name\" content=\"Martin Luther Evangelische Kirche Toronto\" \/>\n<meta property=\"article:publisher\" content=\"https:\/\/www.facebook.com\/martinlutherchurchtoronto\" \/>\n<meta property=\"article:published_time\" content=\"2017-08-20T08:50:13+00:00\" \/>\n<meta property=\"article:modified_time\" content=\"2017-09-23T16:50:53+00:00\" \/>\n<meta property=\"og:image\" content=\"https:\/\/martinluther.ca\/wp-content\/uploads\/2017\/08\/Brittain_Katja.jpg\" \/>\n\t<meta property=\"og:image:width\" content=\"2098\" \/>\n\t<meta property=\"og:image:height\" content=\"1574\" \/>\n\t<meta property=\"og:image:type\" content=\"image\/jpeg\" \/>\n<meta name=\"author\" content=\"Andreas Boettcher\" \/>\n<meta name=\"twitter:card\" content=\"summary_large_image\" \/>\n<meta name=\"twitter:label1\" content=\"Verfasst von\" \/>\n\t<meta name=\"twitter:data1\" content=\"Andreas Boettcher\" \/>\n\t<meta name=\"twitter:label2\" content=\"Gesch\u00e4tzte Lesezeit\" \/>\n\t<meta name=\"twitter:data2\" content=\"3\u00a0Minuten\" \/>\n<script type=\"application\/ld+json\" class=\"yoast-schema-graph\">{\"@context\":\"https:\\\/\\\/schema.org\",\"@graph\":[{\"@type\":\"Article\",\"@id\":\"https:\\\/\\\/martinluther.ca\\\/de\\\/2017\\\/08\\\/unsere-interviewreihe-3-praedikantin-katja-brittain\\\/#article\",\"isPartOf\":{\"@id\":\"https:\\\/\\\/martinluther.ca\\\/de\\\/2017\\\/08\\\/unsere-interviewreihe-3-praedikantin-katja-brittain\\\/\"},\"author\":{\"name\":\"Andreas Boettcher\",\"@id\":\"https:\\\/\\\/martinluther.ca\\\/de\\\/#\\\/schema\\\/person\\\/343c47b858124d1e38a66c92db23763d\"},\"headline\":\"Unsere Interviewreihe (3): Pr\u00e4dikantin Katja Brittain\",\"datePublished\":\"2017-08-20T08:50:13+00:00\",\"dateModified\":\"2017-09-23T16:50:53+00:00\",\"mainEntityOfPage\":{\"@id\":\"https:\\\/\\\/martinluther.ca\\\/de\\\/2017\\\/08\\\/unsere-interviewreihe-3-praedikantin-katja-brittain\\\/\"},\"wordCount\":586,\"publisher\":{\"@id\":\"https:\\\/\\\/martinluther.ca\\\/de\\\/#organization\"},\"image\":{\"@id\":\"https:\\\/\\\/martinluther.ca\\\/de\\\/2017\\\/08\\\/unsere-interviewreihe-3-praedikantin-katja-brittain\\\/#primaryimage\"},\"thumbnailUrl\":\"https:\\\/\\\/martinluther.ca\\\/wp-content\\\/uploads\\\/2017\\\/08\\\/Brittain_Katja.jpg\",\"articleSection\":[\"News Blog - German\"],\"inLanguage\":\"de\"},{\"@type\":\"WebPage\",\"@id\":\"https:\\\/\\\/martinluther.ca\\\/de\\\/2017\\\/08\\\/unsere-interviewreihe-3-praedikantin-katja-brittain\\\/\",\"url\":\"https:\\\/\\\/martinluther.ca\\\/de\\\/2017\\\/08\\\/unsere-interviewreihe-3-praedikantin-katja-brittain\\\/\",\"name\":\"Unsere Interviewreihe (3): Pr\u00e4dikantin Katja Brittain - Martin Luther Evangelische Kirche Toronto\",\"isPartOf\":{\"@id\":\"https:\\\/\\\/martinluther.ca\\\/de\\\/#website\"},\"primaryImageOfPage\":{\"@id\":\"https:\\\/\\\/martinluther.ca\\\/de\\\/2017\\\/08\\\/unsere-interviewreihe-3-praedikantin-katja-brittain\\\/#primaryimage\"},\"image\":{\"@id\":\"https:\\\/\\\/martinluther.ca\\\/de\\\/2017\\\/08\\\/unsere-interviewreihe-3-praedikantin-katja-brittain\\\/#primaryimage\"},\"thumbnailUrl\":\"https:\\\/\\\/martinluther.ca\\\/wp-content\\\/uploads\\\/2017\\\/08\\\/Brittain_Katja.jpg\",\"datePublished\":\"2017-08-20T08:50:13+00:00\",\"dateModified\":\"2017-09-23T16:50:53+00:00\",\"breadcrumb\":{\"@id\":\"https:\\\/\\\/martinluther.ca\\\/de\\\/2017\\\/08\\\/unsere-interviewreihe-3-praedikantin-katja-brittain\\\/#breadcrumb\"},\"inLanguage\":\"de\",\"potentialAction\":[{\"@type\":\"ReadAction\",\"target\":[\"https:\\\/\\\/martinluther.ca\\\/de\\\/2017\\\/08\\\/unsere-interviewreihe-3-praedikantin-katja-brittain\\\/\"]}]},{\"@type\":\"ImageObject\",\"inLanguage\":\"de\",\"@id\":\"https:\\\/\\\/martinluther.ca\\\/de\\\/2017\\\/08\\\/unsere-interviewreihe-3-praedikantin-katja-brittain\\\/#primaryimage\",\"url\":\"https:\\\/\\\/martinluther.ca\\\/wp-content\\\/uploads\\\/2017\\\/08\\\/Brittain_Katja.jpg\",\"contentUrl\":\"https:\\\/\\\/martinluther.ca\\\/wp-content\\\/uploads\\\/2017\\\/08\\\/Brittain_Katja.jpg\",\"width\":2098,\"height\":1574,\"caption\":\"Katja Brittain\"},{\"@type\":\"BreadcrumbList\",\"@id\":\"https:\\\/\\\/martinluther.ca\\\/de\\\/2017\\\/08\\\/unsere-interviewreihe-3-praedikantin-katja-brittain\\\/#breadcrumb\",\"itemListElement\":[{\"@type\":\"ListItem\",\"position\":1,\"name\":\"Home\",\"item\":\"https:\\\/\\\/martinluther.ca\\\/de\\\/\"},{\"@type\":\"ListItem\",\"position\":2,\"name\":\"Unsere Interviewreihe (3): Pr\u00e4dikantin Katja Brittain\"}]},{\"@type\":\"WebSite\",\"@id\":\"https:\\\/\\\/martinluther.ca\\\/de\\\/#website\",\"url\":\"https:\\\/\\\/martinluther.ca\\\/de\\\/\",\"name\":\"Martin Luther Evangelical Church Toronto\",\"description\":\"Deutsch &amp; Englisch\",\"publisher\":{\"@id\":\"https:\\\/\\\/martinluther.ca\\\/de\\\/#organization\"},\"potentialAction\":[{\"@type\":\"SearchAction\",\"target\":{\"@type\":\"EntryPoint\",\"urlTemplate\":\"https:\\\/\\\/martinluther.ca\\\/de\\\/?s={search_term_string}\"},\"query-input\":{\"@type\":\"PropertyValueSpecification\",\"valueRequired\":true,\"valueName\":\"search_term_string\"}}],\"inLanguage\":\"de\"},{\"@type\":\"Organization\",\"@id\":\"https:\\\/\\\/martinluther.ca\\\/de\\\/#organization\",\"name\":\"Martin Luther Evangelical Church Toronto\",\"url\":\"https:\\\/\\\/martinluther.ca\\\/de\\\/\",\"logo\":{\"@type\":\"ImageObject\",\"inLanguage\":\"de\",\"@id\":\"https:\\\/\\\/martinluther.ca\\\/de\\\/#\\\/schema\\\/logo\\\/image\\\/\",\"url\":\"https:\\\/\\\/martinluther.ca\\\/wp-content\\\/uploads\\\/2016\\\/12\\\/ml-logo-300.png\",\"contentUrl\":\"https:\\\/\\\/martinluther.ca\\\/wp-content\\\/uploads\\\/2016\\\/12\\\/ml-logo-300.png\",\"width\":300,\"height\":150,\"caption\":\"Martin Luther Evangelical Church Toronto\"},\"image\":{\"@id\":\"https:\\\/\\\/martinluther.ca\\\/de\\\/#\\\/schema\\\/logo\\\/image\\\/\"},\"sameAs\":[\"https:\\\/\\\/www.facebook.com\\\/martinlutherchurchtoronto\",\"https:\\\/\\\/www.instagram.com\\\/lutheransbythelake\\\/\",\"https:\\\/\\\/www.youtube.com\\\/MartinLutherChurchToronto\"]},{\"@type\":\"Person\",\"@id\":\"https:\\\/\\\/martinluther.ca\\\/de\\\/#\\\/schema\\\/person\\\/343c47b858124d1e38a66c92db23763d\",\"name\":\"Andreas Boettcher\",\"image\":{\"@type\":\"ImageObject\",\"inLanguage\":\"de\",\"@id\":\"https:\\\/\\\/secure.gravatar.com\\\/avatar\\\/f716800c47e4f581f117563995f021e92a4619b559c26f3785eed0090af4a4d8?s=96&d=mm&r=g\",\"url\":\"https:\\\/\\\/secure.gravatar.com\\\/avatar\\\/f716800c47e4f581f117563995f021e92a4619b559c26f3785eed0090af4a4d8?s=96&d=mm&r=g\",\"contentUrl\":\"https:\\\/\\\/secure.gravatar.com\\\/avatar\\\/f716800c47e4f581f117563995f021e92a4619b559c26f3785eed0090af4a4d8?s=96&d=mm&r=g\",\"caption\":\"Andreas Boettcher\"},\"url\":false}]}<\/script>\n<!-- \/ Yoast SEO plugin. -->","yoast_head_json":{"title":"Unsere Interviewreihe (3): Pr\u00e4dikantin Katja Brittain - Martin Luther Evangelische Kirche Toronto","robots":{"index":"index","follow":"follow","max-snippet":"max-snippet:-1","max-image-preview":"max-image-preview:large","max-video-preview":"max-video-preview:-1"},"canonical":"https:\/\/martinluther.ca\/de\/2017\/08\/unsere-interviewreihe-3-praedikantin-katja-brittain\/","og_locale":"de_DE","og_type":"article","og_title":"Unsere Interviewreihe (3): Pr\u00e4dikantin Katja Brittain - Martin Luther Evangelische Kirche Toronto","og_description":"Seit Januar 2017, werden vier Mitglieder der Martin Luther Kirchengemeinde zu\u00a0Pr\u00e4dikanten (Laienpredigern)\u00a0ausgebildet: Friedrich Brunzema, Iris Schweiger, Tanya Zielke, sowie Katja Brittain die uns freundlicherweise\u00a0f\u00fcr diesen Interviewbeitrag Rede u. Antwort gestanden hat. 1) Wie lange kommen Sie schon in die MLK? Katja: Seit Sept. 2015; also, seitdem ich in Toronto fest lebe. 2) Was gef\u00e4llt Ihnen&hellip;","og_url":"https:\/\/martinluther.ca\/de\/2017\/08\/unsere-interviewreihe-3-praedikantin-katja-brittain\/","og_site_name":"Martin Luther Evangelische Kirche Toronto","article_publisher":"https:\/\/www.facebook.com\/martinlutherchurchtoronto","article_published_time":"2017-08-20T08:50:13+00:00","article_modified_time":"2017-09-23T16:50:53+00:00","og_image":[{"width":2098,"height":1574,"url":"https:\/\/martinluther.ca\/wp-content\/uploads\/2017\/08\/Brittain_Katja.jpg","type":"image\/jpeg"}],"author":"Andreas Boettcher","twitter_card":"summary_large_image","twitter_misc":{"Verfasst von":"Andreas Boettcher","Gesch\u00e4tzte Lesezeit":"3\u00a0Minuten"},"schema":{"@context":"https:\/\/schema.org","@graph":[{"@type":"Article","@id":"https:\/\/martinluther.ca\/de\/2017\/08\/unsere-interviewreihe-3-praedikantin-katja-brittain\/#article","isPartOf":{"@id":"https:\/\/martinluther.ca\/de\/2017\/08\/unsere-interviewreihe-3-praedikantin-katja-brittain\/"},"author":{"name":"Andreas Boettcher","@id":"https:\/\/martinluther.ca\/de\/#\/schema\/person\/343c47b858124d1e38a66c92db23763d"},"headline":"Unsere Interviewreihe (3): Pr\u00e4dikantin Katja Brittain","datePublished":"2017-08-20T08:50:13+00:00","dateModified":"2017-09-23T16:50:53+00:00","mainEntityOfPage":{"@id":"https:\/\/martinluther.ca\/de\/2017\/08\/unsere-interviewreihe-3-praedikantin-katja-brittain\/"},"wordCount":586,"publisher":{"@id":"https:\/\/martinluther.ca\/de\/#organization"},"image":{"@id":"https:\/\/martinluther.ca\/de\/2017\/08\/unsere-interviewreihe-3-praedikantin-katja-brittain\/#primaryimage"},"thumbnailUrl":"https:\/\/martinluther.ca\/wp-content\/uploads\/2017\/08\/Brittain_Katja.jpg","articleSection":["News Blog - German"],"inLanguage":"de"},{"@type":"WebPage","@id":"https:\/\/martinluther.ca\/de\/2017\/08\/unsere-interviewreihe-3-praedikantin-katja-brittain\/","url":"https:\/\/martinluther.ca\/de\/2017\/08\/unsere-interviewreihe-3-praedikantin-katja-brittain\/","name":"Unsere Interviewreihe (3): Pr\u00e4dikantin Katja Brittain - Martin Luther Evangelische Kirche Toronto","isPartOf":{"@id":"https:\/\/martinluther.ca\/de\/#website"},"primaryImageOfPage":{"@id":"https:\/\/martinluther.ca\/de\/2017\/08\/unsere-interviewreihe-3-praedikantin-katja-brittain\/#primaryimage"},"image":{"@id":"https:\/\/martinluther.ca\/de\/2017\/08\/unsere-interviewreihe-3-praedikantin-katja-brittain\/#primaryimage"},"thumbnailUrl":"https:\/\/martinluther.ca\/wp-content\/uploads\/2017\/08\/Brittain_Katja.jpg","datePublished":"2017-08-20T08:50:13+00:00","dateModified":"2017-09-23T16:50:53+00:00","breadcrumb":{"@id":"https:\/\/martinluther.ca\/de\/2017\/08\/unsere-interviewreihe-3-praedikantin-katja-brittain\/#breadcrumb"},"inLanguage":"de","potentialAction":[{"@type":"ReadAction","target":["https:\/\/martinluther.ca\/de\/2017\/08\/unsere-interviewreihe-3-praedikantin-katja-brittain\/"]}]},{"@type":"ImageObject","inLanguage":"de","@id":"https:\/\/martinluther.ca\/de\/2017\/08\/unsere-interviewreihe-3-praedikantin-katja-brittain\/#primaryimage","url":"https:\/\/martinluther.ca\/wp-content\/uploads\/2017\/08\/Brittain_Katja.jpg","contentUrl":"https:\/\/martinluther.ca\/wp-content\/uploads\/2017\/08\/Brittain_Katja.jpg","width":2098,"height":1574,"caption":"Katja Brittain"},{"@type":"BreadcrumbList","@id":"https:\/\/martinluther.ca\/de\/2017\/08\/unsere-interviewreihe-3-praedikantin-katja-brittain\/#breadcrumb","itemListElement":[{"@type":"ListItem","position":1,"name":"Home","item":"https:\/\/martinluther.ca\/de\/"},{"@type":"ListItem","position":2,"name":"Unsere Interviewreihe (3): Pr\u00e4dikantin Katja Brittain"}]},{"@type":"WebSite","@id":"https:\/\/martinluther.ca\/de\/#website","url":"https:\/\/martinluther.ca\/de\/","name":"Martin Luther Evangelical Church Toronto","description":"Deutsch &amp; Englisch","publisher":{"@id":"https:\/\/martinluther.ca\/de\/#organization"},"potentialAction":[{"@type":"SearchAction","target":{"@type":"EntryPoint","urlTemplate":"https:\/\/martinluther.ca\/de\/?s={search_term_string}"},"query-input":{"@type":"PropertyValueSpecification","valueRequired":true,"valueName":"search_term_string"}}],"inLanguage":"de"},{"@type":"Organization","@id":"https:\/\/martinluther.ca\/de\/#organization","name":"Martin Luther Evangelical Church Toronto","url":"https:\/\/martinluther.ca\/de\/","logo":{"@type":"ImageObject","inLanguage":"de","@id":"https:\/\/martinluther.ca\/de\/#\/schema\/logo\/image\/","url":"https:\/\/martinluther.ca\/wp-content\/uploads\/2016\/12\/ml-logo-300.png","contentUrl":"https:\/\/martinluther.ca\/wp-content\/uploads\/2016\/12\/ml-logo-300.png","width":300,"height":150,"caption":"Martin Luther Evangelical Church Toronto"},"image":{"@id":"https:\/\/martinluther.ca\/de\/#\/schema\/logo\/image\/"},"sameAs":["https:\/\/www.facebook.com\/martinlutherchurchtoronto","https:\/\/www.instagram.com\/lutheransbythelake\/","https:\/\/www.youtube.com\/MartinLutherChurchToronto"]},{"@type":"Person","@id":"https:\/\/martinluther.ca\/de\/#\/schema\/person\/343c47b858124d1e38a66c92db23763d","name":"Andreas Boettcher","image":{"@type":"ImageObject","inLanguage":"de","@id":"https:\/\/secure.gravatar.com\/avatar\/f716800c47e4f581f117563995f021e92a4619b559c26f3785eed0090af4a4d8?s=96&d=mm&r=g","url":"https:\/\/secure.gravatar.com\/avatar\/f716800c47e4f581f117563995f021e92a4619b559c26f3785eed0090af4a4d8?s=96&d=mm&r=g","contentUrl":"https:\/\/secure.gravatar.com\/avatar\/f716800c47e4f581f117563995f021e92a4619b559c26f3785eed0090af4a4d8?s=96&d=mm&r=g","caption":"Andreas Boettcher"},"url":false}]}},"_links":{"self":[{"href":"https:\/\/martinluther.ca\/de\/wp-json\/wp\/v2\/posts\/27233","targetHints":{"allow":["GET"]}}],"collection":[{"href":"https:\/\/martinluther.ca\/de\/wp-json\/wp\/v2\/posts"}],"about":[{"href":"https:\/\/martinluther.ca\/de\/wp-json\/wp\/v2\/types\/post"}],"author":[{"embeddable":true,"href":"https:\/\/martinluther.ca\/de\/wp-json\/wp\/v2\/users\/19"}],"replies":[{"embeddable":true,"href":"https:\/\/martinluther.ca\/de\/wp-json\/wp\/v2\/comments?post=27233"}],"version-history":[{"count":7,"href":"https:\/\/martinluther.ca\/de\/wp-json\/wp\/v2\/posts\/27233\/revisions"}],"predecessor-version":[{"id":27241,"href":"https:\/\/martinluther.ca\/de\/wp-json\/wp\/v2\/posts\/27233\/revisions\/27241"}],"wp:featuredmedia":[{"embeddable":true,"href":"https:\/\/martinluther.ca\/de\/wp-json\/wp\/v2\/media\/27184"}],"wp:attachment":[{"href":"https:\/\/martinluther.ca\/de\/wp-json\/wp\/v2\/media?parent=27233"}],"wp:term":[{"taxonomy":"category","embeddable":true,"href":"https:\/\/martinluther.ca\/de\/wp-json\/wp\/v2\/categories?post=27233"},{"taxonomy":"post_tag","embeddable":true,"href":"https:\/\/martinluther.ca\/de\/wp-json\/wp\/v2\/tags?post=27233"},{"taxonomy":"post_series","embeddable":true,"href":"https:\/\/martinluther.ca\/de\/wp-json\/wp\/v2\/post_series?post=27233"}],"curies":[{"name":"wp","href":"https:\/\/api.w.org\/{rel}","templated":true}]}}