{"id":27354,"date":"2017-09-24T12:58:23","date_gmt":"2017-09-24T16:58:23","guid":{"rendered":"https:\/\/martinluther.ca\/?p=27354\/"},"modified":"2017-09-24T13:26:14","modified_gmt":"2017-09-24T17:26:14","slug":"lebensmittelsammlung-zum-erntedankfest","status":"publish","type":"post","link":"https:\/\/martinluther.ca\/de\/2017\/09\/lebensmittelsammlung-zum-erntedankfest\/","title":{"rendered":"Lebensmittelsammlung zum Erntedankfest 2017"},"content":{"rendered":"<p><img loading=\"lazy\" decoding=\"async\" class=\"alignright size-medium wp-image-27280\" src=\"https:\/\/martinluther.ca\/wp-content\/uploads\/2017\/09\/food-drive-300x225.jpeg\" alt=\"Food Bank at MLC\" width=\"300\" height=\"225\" srcset=\"https:\/\/martinluther.ca\/wp-content\/uploads\/2017\/09\/food-drive-300x225.jpeg 300w, https:\/\/martinluther.ca\/wp-content\/uploads\/2017\/09\/food-drive-768x575.jpeg 768w, https:\/\/martinluther.ca\/wp-content\/uploads\/2017\/09\/food-drive-1024x767.jpeg 1024w, https:\/\/martinluther.ca\/wp-content\/uploads\/2017\/09\/food-drive.jpeg 1439w\" sizes=\"auto, (max-width: 300px) 100vw, 300px\" \/>Am Samstag, dem 16. September 2017, begann nach dem Sommer wieder das Tafel- und Nachbarschafts-Lunch-Programm (\u201eFood Bank and Community Lunch\u201c) der <strong>Wesley Mimico United Church (WMUC)<\/strong> <strong>im Untergeschoss der Martin-Luther-Kirche<\/strong> und hie\u00df Menschen unterschiedlichster Altersgruppen, Herkunft und wirtschaftlicher Umst\u00e4nde willkommen.<\/p>\n<p>Die Sozialwohnungen und Apartmentgeb\u00e4ude entlang des Mimico\u2013Seeufers sind das Zuhause f\u00fcr fast 3500 Personen, die mit Armut k\u00e4mpfen \u2013 die Mehrheit sind Senioren, Berufsunf\u00e4hige, Immigranten und alleinerziehende Geringverdiener. WMUC hat seit 1996 eine lange Tradition in der Unterst\u00fctzung der \u00f6rtlichen Nachbarschaft durch das Bereitstellen von warmen Mahlzeiten und dringend ben\u00f6tigten Lebensmitteln f\u00fcr unsere Mitbewohner in Mimico.<\/p>\n<p><strong>WMUC Food Bank:\u00a0<span data-term=\"goog_1750021253\">11:00 to 12:00<\/span>, every\u00a0<span data-term=\"goog_1750021254\">Saturday<\/span>\u00a0except the last Saturday of the month.<\/strong><\/p>\n<p><strong>WMUC Community Lunch:\u00a0<span data-term=\"goog_1750021255\">12:00 to 13:00<\/span>, every\u00a0<span data-term=\"goog_1750021256\">Saturday<\/span>.<\/strong><\/p>\n<p><strong>Both events take place at the MLC basement from September to June.\u00a0<\/strong><\/p>\n<p>Dieser Lebensmitteldienst am N\u00e4chsten kann auf verschiedene Art unterst\u00fctzt werden \u2013 sei es durch Lebensmittelspenden, geldliche Mittel oder pers\u00f6nlichen Einsatz. Die MLK stellt zum Beispiel seit drei Jahren R\u00e4umlichkeiten f\u00fcr die Lebensmittelausgabe und das Mittagessen zur Verf\u00fcgung.\u00a0<strong>Dieses Jahr halten wir auch eine Lebensmittelsammlung zum Erntedankfest ab, bei der alle aufgefordert werden unverderbliche Lebensmittel und\/oder Toilettenartikel zu spenden einschlie\u00dflich:<\/strong><\/p>\n<ul>\n<li>Fr\u00fchst\u00fcckscerealien<\/li>\n<li>Fleisch- oder Fischdosen<\/li>\n<li>Nudeln und Pastasauce<\/li>\n<li>Kraft Dinner<\/li>\n<li>Suppen- und Gem\u00fcsedosen<\/li>\n<li>Erdnussbutter<\/li>\n<li>Trinkp\u00e4ckchen<\/li>\n<li>Cracker<\/li>\n<li>Kaffee und Tee<\/li>\n<li>Reis<\/li>\n<li>Zucker<\/li>\n<li>Toilettenpapier<\/li>\n<li>Waschpulver<\/li>\n<li>Seifenst\u00fccke<\/li>\n<li>Shampoo im Reiseformat<\/li>\n<li>Zahnb\u00fcrste und Zahnpasta<\/li>\n<\/ul>\n<p>Diese Gegenst\u00e4nde k\u00f6nnen an unserer Kirche abgegeben werden. Wenn Sie sich zur Verf\u00fcgung stellen oder eine Geldspende machen wollen, wenden Sie sich bitte zwecks weiterer Information an das Kirchenb\u00fcro.<\/p>\n<p>&nbsp;<\/p>\n","protected":false},"excerpt":{"rendered":"<p>Am Samstag, dem 16. September 2017, begann nach dem Sommer wieder das Tafel- und Nachbarschafts-Lunch-Programm (\u201eFood Bank and Community Lunch\u201c) der Wesley Mimico United Church (WMUC) im Untergeschoss der Martin-Luther-Kirche und hie\u00df Menschen unterschiedlichster Altersgruppen, Herkunft und wirtschaftlicher Umst\u00e4nde willkommen. Die Sozialwohnungen und Apartmentgeb\u00e4ude entlang des Mimico\u2013Seeufers sind das Zuhause f\u00fcr fast 3500 Personen, die&hellip;<\/p>\n","protected":false},"author":9,"featured_media":27278,"comment_status":"closed","ping_status":"closed","sticky":false,"template":"","format":"standard","meta":{"footnotes":""},"categories":[69],"tags":[],"post_series":[],"class_list":["post-27354","post","type-post","status-publish","format-standard","has-post-thumbnail","hentry","category-news-blog-german","entry","has-media"],"yoast_head":"<!-- This site is optimized with the Yoast SEO plugin v27.5 - https:\/\/yoast.com\/product\/yoast-seo-wordpress\/ -->\n<title>Lebensmittelsammlung zum Erntedankfest 2017 - Martin Luther Evangelische Kirche Toronto<\/title>\n<meta name=\"robots\" content=\"index, follow, max-snippet:-1, max-image-preview:large, max-video-preview:-1\" \/>\n<link rel=\"canonical\" href=\"https:\/\/martinluther.ca\/de\/2017\/09\/lebensmittelsammlung-zum-erntedankfest\/\" \/>\n<meta property=\"og:locale\" content=\"de_DE\" \/>\n<meta property=\"og:type\" content=\"article\" \/>\n<meta property=\"og:title\" content=\"Lebensmittelsammlung zum Erntedankfest 2017 - Martin Luther Evangelische Kirche Toronto\" \/>\n<meta property=\"og:description\" content=\"Am Samstag, dem 16. September 2017, begann nach dem Sommer wieder das Tafel- und Nachbarschafts-Lunch-Programm (\u201eFood Bank and Community Lunch\u201c) der Wesley Mimico United Church (WMUC) im Untergeschoss der Martin-Luther-Kirche und hie\u00df Menschen unterschiedlichster Altersgruppen, Herkunft und wirtschaftlicher Umst\u00e4nde willkommen. Die Sozialwohnungen und Apartmentgeb\u00e4ude entlang des Mimico\u2013Seeufers sind das Zuhause f\u00fcr fast 3500 Personen, die&hellip;\" \/>\n<meta property=\"og:url\" content=\"https:\/\/martinluther.ca\/de\/2017\/09\/lebensmittelsammlung-zum-erntedankfest\/\" \/>\n<meta property=\"og:site_name\" content=\"Martin Luther Evangelische Kirche Toronto\" \/>\n<meta property=\"article:publisher\" content=\"https:\/\/www.facebook.com\/martinlutherchurchtoronto\" \/>\n<meta property=\"article:published_time\" content=\"2017-09-24T16:58:23+00:00\" \/>\n<meta property=\"article:modified_time\" content=\"2017-09-24T17:26:14+00:00\" \/>\n<meta property=\"og:image\" content=\"https:\/\/martinluther.ca\/wp-content\/uploads\/2017\/09\/Screen-Shot-2017-09-19-at-10.39.34-PM.png\" \/>\n\t<meta property=\"og:image:width\" content=\"1276\" \/>\n\t<meta property=\"og:image:height\" content=\"940\" \/>\n\t<meta property=\"og:image:type\" content=\"image\/png\" \/>\n<meta name=\"author\" content=\"Mona Kakoschke Frantzke\" \/>\n<meta name=\"twitter:card\" content=\"summary_large_image\" \/>\n<meta name=\"twitter:label1\" content=\"Verfasst von\" \/>\n\t<meta name=\"twitter:data1\" content=\"Mona Kakoschke Frantzke\" \/>\n\t<meta name=\"twitter:label2\" content=\"Gesch\u00e4tzte Lesezeit\" \/>\n\t<meta name=\"twitter:data2\" content=\"1\u00a0Minute\" \/>\n<script type=\"application\/ld+json\" class=\"yoast-schema-graph\">{\"@context\":\"https:\\\/\\\/schema.org\",\"@graph\":[{\"@type\":\"Article\",\"@id\":\"https:\\\/\\\/martinluther.ca\\\/de\\\/2017\\\/09\\\/lebensmittelsammlung-zum-erntedankfest\\\/#article\",\"isPartOf\":{\"@id\":\"https:\\\/\\\/martinluther.ca\\\/de\\\/2017\\\/09\\\/lebensmittelsammlung-zum-erntedankfest\\\/\"},\"author\":{\"name\":\"Mona Kakoschke Frantzke\",\"@id\":\"https:\\\/\\\/martinluther.ca\\\/de\\\/#\\\/schema\\\/person\\\/815c51710f70b050f0476f18da6b0c8f\"},\"headline\":\"Lebensmittelsammlung zum Erntedankfest 2017\",\"datePublished\":\"2017-09-24T16:58:23+00:00\",\"dateModified\":\"2017-09-24T17:26:14+00:00\",\"mainEntityOfPage\":{\"@id\":\"https:\\\/\\\/martinluther.ca\\\/de\\\/2017\\\/09\\\/lebensmittelsammlung-zum-erntedankfest\\\/\"},\"wordCount\":269,\"publisher\":{\"@id\":\"https:\\\/\\\/martinluther.ca\\\/de\\\/#organization\"},\"image\":{\"@id\":\"https:\\\/\\\/martinluther.ca\\\/de\\\/2017\\\/09\\\/lebensmittelsammlung-zum-erntedankfest\\\/#primaryimage\"},\"thumbnailUrl\":\"https:\\\/\\\/martinluther.ca\\\/wp-content\\\/uploads\\\/2017\\\/09\\\/Screen-Shot-2017-09-19-at-10.39.34-PM.png\",\"articleSection\":[\"News Blog - German\"],\"inLanguage\":\"de\"},{\"@type\":\"WebPage\",\"@id\":\"https:\\\/\\\/martinluther.ca\\\/de\\\/2017\\\/09\\\/lebensmittelsammlung-zum-erntedankfest\\\/\",\"url\":\"https:\\\/\\\/martinluther.ca\\\/de\\\/2017\\\/09\\\/lebensmittelsammlung-zum-erntedankfest\\\/\",\"name\":\"Lebensmittelsammlung zum Erntedankfest 2017 - Martin Luther Evangelische Kirche Toronto\",\"isPartOf\":{\"@id\":\"https:\\\/\\\/martinluther.ca\\\/de\\\/#website\"},\"primaryImageOfPage\":{\"@id\":\"https:\\\/\\\/martinluther.ca\\\/de\\\/2017\\\/09\\\/lebensmittelsammlung-zum-erntedankfest\\\/#primaryimage\"},\"image\":{\"@id\":\"https:\\\/\\\/martinluther.ca\\\/de\\\/2017\\\/09\\\/lebensmittelsammlung-zum-erntedankfest\\\/#primaryimage\"},\"thumbnailUrl\":\"https:\\\/\\\/martinluther.ca\\\/wp-content\\\/uploads\\\/2017\\\/09\\\/Screen-Shot-2017-09-19-at-10.39.34-PM.png\",\"datePublished\":\"2017-09-24T16:58:23+00:00\",\"dateModified\":\"2017-09-24T17:26:14+00:00\",\"breadcrumb\":{\"@id\":\"https:\\\/\\\/martinluther.ca\\\/de\\\/2017\\\/09\\\/lebensmittelsammlung-zum-erntedankfest\\\/#breadcrumb\"},\"inLanguage\":\"de\",\"potentialAction\":[{\"@type\":\"ReadAction\",\"target\":[\"https:\\\/\\\/martinluther.ca\\\/de\\\/2017\\\/09\\\/lebensmittelsammlung-zum-erntedankfest\\\/\"]}]},{\"@type\":\"ImageObject\",\"inLanguage\":\"de\",\"@id\":\"https:\\\/\\\/martinluther.ca\\\/de\\\/2017\\\/09\\\/lebensmittelsammlung-zum-erntedankfest\\\/#primaryimage\",\"url\":\"https:\\\/\\\/martinluther.ca\\\/wp-content\\\/uploads\\\/2017\\\/09\\\/Screen-Shot-2017-09-19-at-10.39.34-PM.png\",\"contentUrl\":\"https:\\\/\\\/martinluther.ca\\\/wp-content\\\/uploads\\\/2017\\\/09\\\/Screen-Shot-2017-09-19-at-10.39.34-PM.png\",\"width\":1276,\"height\":940,\"caption\":\"Thanksgiving Food Drive photo 2017\"},{\"@type\":\"BreadcrumbList\",\"@id\":\"https:\\\/\\\/martinluther.ca\\\/de\\\/2017\\\/09\\\/lebensmittelsammlung-zum-erntedankfest\\\/#breadcrumb\",\"itemListElement\":[{\"@type\":\"ListItem\",\"position\":1,\"name\":\"Home\",\"item\":\"https:\\\/\\\/martinluther.ca\\\/de\\\/\"},{\"@type\":\"ListItem\",\"position\":2,\"name\":\"Lebensmittelsammlung zum Erntedankfest 2017\"}]},{\"@type\":\"WebSite\",\"@id\":\"https:\\\/\\\/martinluther.ca\\\/de\\\/#website\",\"url\":\"https:\\\/\\\/martinluther.ca\\\/de\\\/\",\"name\":\"Martin Luther Evangelical Church Toronto\",\"description\":\"Deutsch &amp; Englisch\",\"publisher\":{\"@id\":\"https:\\\/\\\/martinluther.ca\\\/de\\\/#organization\"},\"potentialAction\":[{\"@type\":\"SearchAction\",\"target\":{\"@type\":\"EntryPoint\",\"urlTemplate\":\"https:\\\/\\\/martinluther.ca\\\/de\\\/?s={search_term_string}\"},\"query-input\":{\"@type\":\"PropertyValueSpecification\",\"valueRequired\":true,\"valueName\":\"search_term_string\"}}],\"inLanguage\":\"de\"},{\"@type\":\"Organization\",\"@id\":\"https:\\\/\\\/martinluther.ca\\\/de\\\/#organization\",\"name\":\"Martin Luther Evangelical Church Toronto\",\"url\":\"https:\\\/\\\/martinluther.ca\\\/de\\\/\",\"logo\":{\"@type\":\"ImageObject\",\"inLanguage\":\"de\",\"@id\":\"https:\\\/\\\/martinluther.ca\\\/de\\\/#\\\/schema\\\/logo\\\/image\\\/\",\"url\":\"https:\\\/\\\/martinluther.ca\\\/wp-content\\\/uploads\\\/2016\\\/12\\\/ml-logo-300.png\",\"contentUrl\":\"https:\\\/\\\/martinluther.ca\\\/wp-content\\\/uploads\\\/2016\\\/12\\\/ml-logo-300.png\",\"width\":300,\"height\":150,\"caption\":\"Martin Luther Evangelical Church Toronto\"},\"image\":{\"@id\":\"https:\\\/\\\/martinluther.ca\\\/de\\\/#\\\/schema\\\/logo\\\/image\\\/\"},\"sameAs\":[\"https:\\\/\\\/www.facebook.com\\\/martinlutherchurchtoronto\",\"https:\\\/\\\/www.instagram.com\\\/lutheransbythelake\\\/\",\"https:\\\/\\\/www.youtube.com\\\/MartinLutherChurchToronto\"]},{\"@type\":\"Person\",\"@id\":\"https:\\\/\\\/martinluther.ca\\\/de\\\/#\\\/schema\\\/person\\\/815c51710f70b050f0476f18da6b0c8f\",\"name\":\"Mona Kakoschke Frantzke\",\"image\":{\"@type\":\"ImageObject\",\"inLanguage\":\"de\",\"@id\":\"https:\\\/\\\/secure.gravatar.com\\\/avatar\\\/0deb16854ca545cd2e9fc8001ca110d262b80d5c8317b38dc542265fbea0ed19?s=96&d=mm&r=g\",\"url\":\"https:\\\/\\\/secure.gravatar.com\\\/avatar\\\/0deb16854ca545cd2e9fc8001ca110d262b80d5c8317b38dc542265fbea0ed19?s=96&d=mm&r=g\",\"contentUrl\":\"https:\\\/\\\/secure.gravatar.com\\\/avatar\\\/0deb16854ca545cd2e9fc8001ca110d262b80d5c8317b38dc542265fbea0ed19?s=96&d=mm&r=g\",\"caption\":\"Mona Kakoschke Frantzke\"},\"url\":false}]}<\/script>\n<!-- \/ Yoast SEO plugin. -->","yoast_head_json":{"title":"Lebensmittelsammlung zum Erntedankfest 2017 - Martin Luther Evangelische Kirche Toronto","robots":{"index":"index","follow":"follow","max-snippet":"max-snippet:-1","max-image-preview":"max-image-preview:large","max-video-preview":"max-video-preview:-1"},"canonical":"https:\/\/martinluther.ca\/de\/2017\/09\/lebensmittelsammlung-zum-erntedankfest\/","og_locale":"de_DE","og_type":"article","og_title":"Lebensmittelsammlung zum Erntedankfest 2017 - Martin Luther Evangelische Kirche Toronto","og_description":"Am Samstag, dem 16. September 2017, begann nach dem Sommer wieder das Tafel- und Nachbarschafts-Lunch-Programm (\u201eFood Bank and Community Lunch\u201c) der Wesley Mimico United Church (WMUC) im Untergeschoss der Martin-Luther-Kirche und hie\u00df Menschen unterschiedlichster Altersgruppen, Herkunft und wirtschaftlicher Umst\u00e4nde willkommen. Die Sozialwohnungen und Apartmentgeb\u00e4ude entlang des Mimico\u2013Seeufers sind das Zuhause f\u00fcr fast 3500 Personen, die&hellip;","og_url":"https:\/\/martinluther.ca\/de\/2017\/09\/lebensmittelsammlung-zum-erntedankfest\/","og_site_name":"Martin Luther Evangelische Kirche Toronto","article_publisher":"https:\/\/www.facebook.com\/martinlutherchurchtoronto","article_published_time":"2017-09-24T16:58:23+00:00","article_modified_time":"2017-09-24T17:26:14+00:00","og_image":[{"width":1276,"height":940,"url":"https:\/\/martinluther.ca\/wp-content\/uploads\/2017\/09\/Screen-Shot-2017-09-19-at-10.39.34-PM.png","type":"image\/png"}],"author":"Mona Kakoschke Frantzke","twitter_card":"summary_large_image","twitter_misc":{"Verfasst von":"Mona Kakoschke Frantzke","Gesch\u00e4tzte Lesezeit":"1\u00a0Minute"},"schema":{"@context":"https:\/\/schema.org","@graph":[{"@type":"Article","@id":"https:\/\/martinluther.ca\/de\/2017\/09\/lebensmittelsammlung-zum-erntedankfest\/#article","isPartOf":{"@id":"https:\/\/martinluther.ca\/de\/2017\/09\/lebensmittelsammlung-zum-erntedankfest\/"},"author":{"name":"Mona Kakoschke Frantzke","@id":"https:\/\/martinluther.ca\/de\/#\/schema\/person\/815c51710f70b050f0476f18da6b0c8f"},"headline":"Lebensmittelsammlung zum Erntedankfest 2017","datePublished":"2017-09-24T16:58:23+00:00","dateModified":"2017-09-24T17:26:14+00:00","mainEntityOfPage":{"@id":"https:\/\/martinluther.ca\/de\/2017\/09\/lebensmittelsammlung-zum-erntedankfest\/"},"wordCount":269,"publisher":{"@id":"https:\/\/martinluther.ca\/de\/#organization"},"image":{"@id":"https:\/\/martinluther.ca\/de\/2017\/09\/lebensmittelsammlung-zum-erntedankfest\/#primaryimage"},"thumbnailUrl":"https:\/\/martinluther.ca\/wp-content\/uploads\/2017\/09\/Screen-Shot-2017-09-19-at-10.39.34-PM.png","articleSection":["News Blog - German"],"inLanguage":"de"},{"@type":"WebPage","@id":"https:\/\/martinluther.ca\/de\/2017\/09\/lebensmittelsammlung-zum-erntedankfest\/","url":"https:\/\/martinluther.ca\/de\/2017\/09\/lebensmittelsammlung-zum-erntedankfest\/","name":"Lebensmittelsammlung zum Erntedankfest 2017 - Martin Luther Evangelische Kirche Toronto","isPartOf":{"@id":"https:\/\/martinluther.ca\/de\/#website"},"primaryImageOfPage":{"@id":"https:\/\/martinluther.ca\/de\/2017\/09\/lebensmittelsammlung-zum-erntedankfest\/#primaryimage"},"image":{"@id":"https:\/\/martinluther.ca\/de\/2017\/09\/lebensmittelsammlung-zum-erntedankfest\/#primaryimage"},"thumbnailUrl":"https:\/\/martinluther.ca\/wp-content\/uploads\/2017\/09\/Screen-Shot-2017-09-19-at-10.39.34-PM.png","datePublished":"2017-09-24T16:58:23+00:00","dateModified":"2017-09-24T17:26:14+00:00","breadcrumb":{"@id":"https:\/\/martinluther.ca\/de\/2017\/09\/lebensmittelsammlung-zum-erntedankfest\/#breadcrumb"},"inLanguage":"de","potentialAction":[{"@type":"ReadAction","target":["https:\/\/martinluther.ca\/de\/2017\/09\/lebensmittelsammlung-zum-erntedankfest\/"]}]},{"@type":"ImageObject","inLanguage":"de","@id":"https:\/\/martinluther.ca\/de\/2017\/09\/lebensmittelsammlung-zum-erntedankfest\/#primaryimage","url":"https:\/\/martinluther.ca\/wp-content\/uploads\/2017\/09\/Screen-Shot-2017-09-19-at-10.39.34-PM.png","contentUrl":"https:\/\/martinluther.ca\/wp-content\/uploads\/2017\/09\/Screen-Shot-2017-09-19-at-10.39.34-PM.png","width":1276,"height":940,"caption":"Thanksgiving Food Drive photo 2017"},{"@type":"BreadcrumbList","@id":"https:\/\/martinluther.ca\/de\/2017\/09\/lebensmittelsammlung-zum-erntedankfest\/#breadcrumb","itemListElement":[{"@type":"ListItem","position":1,"name":"Home","item":"https:\/\/martinluther.ca\/de\/"},{"@type":"ListItem","position":2,"name":"Lebensmittelsammlung zum Erntedankfest 2017"}]},{"@type":"WebSite","@id":"https:\/\/martinluther.ca\/de\/#website","url":"https:\/\/martinluther.ca\/de\/","name":"Martin Luther Evangelical Church Toronto","description":"Deutsch &amp; Englisch","publisher":{"@id":"https:\/\/martinluther.ca\/de\/#organization"},"potentialAction":[{"@type":"SearchAction","target":{"@type":"EntryPoint","urlTemplate":"https:\/\/martinluther.ca\/de\/?s={search_term_string}"},"query-input":{"@type":"PropertyValueSpecification","valueRequired":true,"valueName":"search_term_string"}}],"inLanguage":"de"},{"@type":"Organization","@id":"https:\/\/martinluther.ca\/de\/#organization","name":"Martin Luther Evangelical Church Toronto","url":"https:\/\/martinluther.ca\/de\/","logo":{"@type":"ImageObject","inLanguage":"de","@id":"https:\/\/martinluther.ca\/de\/#\/schema\/logo\/image\/","url":"https:\/\/martinluther.ca\/wp-content\/uploads\/2016\/12\/ml-logo-300.png","contentUrl":"https:\/\/martinluther.ca\/wp-content\/uploads\/2016\/12\/ml-logo-300.png","width":300,"height":150,"caption":"Martin Luther Evangelical Church Toronto"},"image":{"@id":"https:\/\/martinluther.ca\/de\/#\/schema\/logo\/image\/"},"sameAs":["https:\/\/www.facebook.com\/martinlutherchurchtoronto","https:\/\/www.instagram.com\/lutheransbythelake\/","https:\/\/www.youtube.com\/MartinLutherChurchToronto"]},{"@type":"Person","@id":"https:\/\/martinluther.ca\/de\/#\/schema\/person\/815c51710f70b050f0476f18da6b0c8f","name":"Mona Kakoschke Frantzke","image":{"@type":"ImageObject","inLanguage":"de","@id":"https:\/\/secure.gravatar.com\/avatar\/0deb16854ca545cd2e9fc8001ca110d262b80d5c8317b38dc542265fbea0ed19?s=96&d=mm&r=g","url":"https:\/\/secure.gravatar.com\/avatar\/0deb16854ca545cd2e9fc8001ca110d262b80d5c8317b38dc542265fbea0ed19?s=96&d=mm&r=g","contentUrl":"https:\/\/secure.gravatar.com\/avatar\/0deb16854ca545cd2e9fc8001ca110d262b80d5c8317b38dc542265fbea0ed19?s=96&d=mm&r=g","caption":"Mona Kakoschke Frantzke"},"url":false}]}},"_links":{"self":[{"href":"https:\/\/martinluther.ca\/de\/wp-json\/wp\/v2\/posts\/27354","targetHints":{"allow":["GET"]}}],"collection":[{"href":"https:\/\/martinluther.ca\/de\/wp-json\/wp\/v2\/posts"}],"about":[{"href":"https:\/\/martinluther.ca\/de\/wp-json\/wp\/v2\/types\/post"}],"author":[{"embeddable":true,"href":"https:\/\/martinluther.ca\/de\/wp-json\/wp\/v2\/users\/9"}],"replies":[{"embeddable":true,"href":"https:\/\/martinluther.ca\/de\/wp-json\/wp\/v2\/comments?post=27354"}],"version-history":[{"count":4,"href":"https:\/\/martinluther.ca\/de\/wp-json\/wp\/v2\/posts\/27354\/revisions"}],"predecessor-version":[{"id":27361,"href":"https:\/\/martinluther.ca\/de\/wp-json\/wp\/v2\/posts\/27354\/revisions\/27361"}],"wp:featuredmedia":[{"embeddable":true,"href":"https:\/\/martinluther.ca\/de\/wp-json\/wp\/v2\/media\/27278"}],"wp:attachment":[{"href":"https:\/\/martinluther.ca\/de\/wp-json\/wp\/v2\/media?parent=27354"}],"wp:term":[{"taxonomy":"category","embeddable":true,"href":"https:\/\/martinluther.ca\/de\/wp-json\/wp\/v2\/categories?post=27354"},{"taxonomy":"post_tag","embeddable":true,"href":"https:\/\/martinluther.ca\/de\/wp-json\/wp\/v2\/tags?post=27354"},{"taxonomy":"post_series","embeddable":true,"href":"https:\/\/martinluther.ca\/de\/wp-json\/wp\/v2\/post_series?post=27354"}],"curies":[{"name":"wp","href":"https:\/\/api.w.org\/{rel}","templated":true}]}}