{"id":27430,"date":"2017-10-22T00:27:24","date_gmt":"2017-10-22T04:27:24","guid":{"rendered":"https:\/\/martinluther.ca\/?p=27430\/"},"modified":"2017-11-13T17:38:57","modified_gmt":"2017-11-13T22:38:57","slug":"unsere-interviewreihe-4-praedikantin-tanya-zielke","status":"publish","type":"post","link":"https:\/\/martinluther.ca\/de\/2017\/10\/unsere-interviewreihe-4-praedikantin-tanya-zielke\/","title":{"rendered":"Unsere Interviewreihe (4): Pr\u00e4dikantin Tanya Zielke"},"content":{"rendered":"<p>Seit Januar 2017, werden vier Mitglieder der Martin Luther Kirchengemeinde zu\u00a0Pr\u00e4dikanten (Laienpredigern)\u00a0ausgebildet: Katja Brittain, Friedrich Brunzema, Iris Schweiger, sowie Tanya Zielke, die uns freundlicherweise\u00a0f\u00fcr diesen Interviewbeitrag Rede u. Antwort gestanden hat.<\/p>\n<p><a href=\"https:\/\/martinluther.ca\/wp-content\/uploads\/2017\/10\/Zielke_Tanya-DSC_0543.jpg\"><img loading=\"lazy\" decoding=\"async\" class=\"alignnone size-medium wp-image-27424\" src=\"https:\/\/martinluther.ca\/wp-content\/uploads\/2017\/10\/Zielke_Tanya-DSC_0543-200x300.jpg\" alt=\"\" width=\"200\" height=\"300\" srcset=\"https:\/\/martinluther.ca\/wp-content\/uploads\/2017\/10\/Zielke_Tanya-DSC_0543-200x300.jpg 200w, https:\/\/martinluther.ca\/wp-content\/uploads\/2017\/10\/Zielke_Tanya-DSC_0543-768x1152.jpg 768w, https:\/\/martinluther.ca\/wp-content\/uploads\/2017\/10\/Zielke_Tanya-DSC_0543-683x1024.jpg 683w\" sizes=\"auto, (max-width: 200px) 100vw, 200px\" \/><\/a><\/p>\n<p><strong><em>1) Wie lange kommen Sie schon in die MLK?<\/em><\/strong><\/p>\n<p><strong>Tanya<em>:<\/em><\/strong> Ich wurde schon in der Martin-Luther-Kirche getauft &#8212; meine Eltern waren bereits seit vor meiner Geburt MLK-Mitglieder.<\/p>\n<p><strong><em>2) Was gef<\/em><\/strong><strong>\u00e4<\/strong><strong><em>llt Ihnen an der MLK am besten?<\/em><\/strong><\/p>\n<p><strong>Tanya: <\/strong>Was mir an der MLK am besten gef\u00e4llt ist das Gef\u00fchl eine grosse Familie zu sein &#8212; je l\u00e4nger und desto aktiver man in der Gemeinde ist. Viele der Gemeindemitglieder kennen mich bereits seid meiner Kindheit. Sie sind sehr offenherzig und sobald man eine Gelegenheit hat seine Talente zu entfalten lernt man umsomehr von ihnen kennen.<\/p>\n<p><strong><em>3) Was hat Sie veranlasst Laienprediger zu werden bzw. wie lange hat es gedauert sich dazu zu entscheiden?<\/em><\/strong><\/p>\n<p><strong><em>Tanya: <\/em><\/strong>Soweit ich mich erinnere erz\u00e4hlte Pastor Ceconi in einer Sitzung \u00fcber den Pr\u00e4dikantenkurs. Pl\u00f6tzlich guckte mich Iris an und sagte \u201class uns das machen\u201d. Ich sagte einfach: &#8222;OK!&#8220; und es war entschieden! Ich sehe den Pr\u00e4dikantenkurs als eine M\u00f6glichkeit f\u00fcr mich mehr \u00fcber die Art und Weise, wie wir Gottesdienst feiern, zu erfahren. Es gibt mir auch eine Gelegenheit, mein Deutsch zu \u00fcben.<\/p>\n<p><strong>\u00a04)\u00a0<\/strong><strong><em>Was war die gr<\/em><\/strong><strong><em>\u00f6<\/em><\/strong><strong><em>sste Herrausforderung (was hat Ihnen am meisten zu schaffen gemacht) w<\/em><\/strong><strong><em>\u00e4<\/em><\/strong><strong><em>hrend des AusbildungsSeminars<\/em><\/strong><strong><em>?<\/em><\/strong><\/p>\n<p><strong>Tanya:<\/strong> Eines der Dinge, die ich wirklich schwierig fand war die Suche nach einem kreativen, aber informativen Weg, um die Botschaft der Gemeinde mitzuteilen.<\/p>\n<p><strong>\u00a05)\u00a0<\/strong><strong><em>H<\/em><\/strong><strong><em>\u00e4<\/em><\/strong><strong><em>tten Sie sich vor 10 Jahren denken k<\/em><\/strong><strong><em>\u00f6<\/em><\/strong><strong><em>nnen heute als LP gelegentlich vor einer Gemeinde zu stehen?<\/em><\/strong><\/p>\n<p><strong>Tanya:<\/strong> Nein. Aber es ist wirklich ein Segen, diese Gelegenheit gehabt zu haben.<\/p>\n<p><strong>\u00a06)\u00a0<\/strong><strong><em>Was fiel Ihnen an Ihrer 1.Predigt am schwersten?<\/em><\/strong><\/p>\n<p><strong>Tanya: <\/strong>Ich war wirklich nerv\u00f6s und wollte niemanden ent\u00e4uschen. Ich hatte Angst dass, die Gemeinde meine Predigt nicht m\u00f6gen w\u00fcrde. Es war stressig, aber die Reaktion von der Gemeinde war sehr positiv.<\/p>\n<p><strong>\u00a07)\u00a0<\/strong><strong><em>Welche F<\/em><\/strong><strong>\u00e4<\/strong><strong><em>higkeit(en) sch<\/em><\/strong><strong>\u00e4<\/strong><strong><em>tzen Sie am meisten an Ihren drei Kollegen\/Kolleginnen?<\/em><\/strong><\/p>\n<p><strong>Tanya: <\/strong>Meine drei Pr\u00e4dikantenkollegen unterst\u00fctzen mich sehr. Sie geben guten fundierten Feedback, durch den ich eine bessere Predigerin werden kann. Ihre Ehrlichkeit weiss ich zu sch\u00e4tzen. Ich habe Gl\u00fcck sie bei mir zu haben.<\/p>\n<p><strong><em>8) Was ist Ihr Lieblingsbibelvers u. warum?<\/em><\/strong><\/p>\n<p><strong>Tanya:<\/strong> Philipper 4,13: Ich kann das alles durch ihn machen, der mir St\u00e4rke verleiht.<\/p>\n<p>Wie das Sprichwort sagt: Wenn das Leben dir Zitronen schenkt, mache Limonade draus. Aber nur Limonade zu machen ist langweilig\u2026 Gott ist da, um zu helfen. Er ist immer da, um einen zu unterst\u00fctzen und zu tragen, wenn man es braucht. Man ist nie alleine.<\/p>\n<p><strong>\u00a09)\u00a0<\/strong><strong><em>Was ist Ihr g<\/em><\/strong><strong><em>r<\/em><\/strong><strong><em>\u00f6<\/em><\/strong><strong><em>sster Wunsch\u00a0f\u00fcr\u00a0die MLK Gemeinde in diesem 500. <\/em><\/strong><strong><em>Jubil\u00e4umsjahr der Reformation?<\/em><\/strong><\/p>\n<p><strong>Tanya:<\/strong> Dass die Botschaft, was es bedeutet, Lutheraner bzw. Christ zu sein, mit vielen geteilt werden kann. Um andere zu inspirieren, in einer Weise zu leben, die R\u00fccksicht und Mitgef\u00fchl f\u00fcr andere zeigt. Dass wir einander unterst\u00fctzen und unsere Talente nicht nur mit unserer Gemeinde, sondern mit der ganzen Gemeinschaft Gottes teilen d\u00fcrfen.<\/p>\n","protected":false},"excerpt":{"rendered":"<p>Seit Januar 2017, werden vier Mitglieder der Martin Luther Kirchengemeinde zu\u00a0Pr\u00e4dikanten (Laienpredigern)\u00a0ausgebildet: Katja Brittain, Friedrich Brunzema, Iris Schweiger, sowie Tanya Zielke, die uns freundlicherweise\u00a0f\u00fcr diesen Interviewbeitrag Rede u. Antwort gestanden hat. 1) Wie lange kommen Sie schon in die MLK? Tanya: Ich wurde schon in der Martin-Luther-Kirche getauft &#8212; meine Eltern waren bereits seit vor&hellip;<\/p>\n","protected":false},"author":19,"featured_media":27450,"comment_status":"closed","ping_status":"closed","sticky":false,"template":"","format":"standard","meta":{"footnotes":""},"categories":[69],"tags":[],"post_series":[],"class_list":["post-27430","post","type-post","status-publish","format-standard","has-post-thumbnail","hentry","category-news-blog-german","entry","has-media"],"yoast_head":"<!-- This site is optimized with the Yoast SEO plugin v27.5 - https:\/\/yoast.com\/product\/yoast-seo-wordpress\/ -->\n<title>Unsere Interviewreihe (4): Pr\u00e4dikantin Tanya Zielke - Martin Luther Evangelische Kirche Toronto<\/title>\n<meta name=\"robots\" content=\"index, follow, max-snippet:-1, max-image-preview:large, max-video-preview:-1\" \/>\n<link rel=\"canonical\" href=\"https:\/\/martinluther.ca\/de\/2017\/10\/unsere-interviewreihe-4-praedikantin-tanya-zielke\/\" \/>\n<meta property=\"og:locale\" content=\"de_DE\" \/>\n<meta property=\"og:type\" content=\"article\" \/>\n<meta property=\"og:title\" content=\"Unsere Interviewreihe (4): Pr\u00e4dikantin Tanya Zielke - Martin Luther Evangelische Kirche Toronto\" \/>\n<meta property=\"og:description\" content=\"Seit Januar 2017, werden vier Mitglieder der Martin Luther Kirchengemeinde zu\u00a0Pr\u00e4dikanten (Laienpredigern)\u00a0ausgebildet: Katja Brittain, Friedrich Brunzema, Iris Schweiger, sowie Tanya Zielke, die uns freundlicherweise\u00a0f\u00fcr diesen Interviewbeitrag Rede u. Antwort gestanden hat. 1) Wie lange kommen Sie schon in die MLK? Tanya: Ich wurde schon in der Martin-Luther-Kirche getauft &#8212; meine Eltern waren bereits seit vor&hellip;\" \/>\n<meta property=\"og:url\" content=\"https:\/\/martinluther.ca\/de\/2017\/10\/unsere-interviewreihe-4-praedikantin-tanya-zielke\/\" \/>\n<meta property=\"og:site_name\" content=\"Martin Luther Evangelische Kirche Toronto\" \/>\n<meta property=\"article:publisher\" content=\"https:\/\/www.facebook.com\/martinlutherchurchtoronto\" \/>\n<meta property=\"article:published_time\" content=\"2017-10-22T04:27:24+00:00\" \/>\n<meta property=\"article:modified_time\" content=\"2017-11-13T22:38:57+00:00\" \/>\n<meta property=\"og:image\" content=\"https:\/\/martinluther.ca\/wp-content\/uploads\/2017\/10\/Zielke_Tanya-3x4.jpg\" \/>\n\t<meta property=\"og:image:width\" content=\"1024\" \/>\n\t<meta property=\"og:image:height\" content=\"768\" \/>\n\t<meta property=\"og:image:type\" content=\"image\/jpeg\" \/>\n<meta name=\"author\" content=\"Andreas Boettcher\" \/>\n<meta name=\"twitter:card\" content=\"summary_large_image\" \/>\n<meta name=\"twitter:label1\" content=\"Verfasst von\" \/>\n\t<meta name=\"twitter:data1\" content=\"Andreas Boettcher\" \/>\n\t<meta name=\"twitter:label2\" content=\"Gesch\u00e4tzte Lesezeit\" \/>\n\t<meta name=\"twitter:data2\" content=\"3\u00a0Minuten\" \/>\n<script type=\"application\/ld+json\" class=\"yoast-schema-graph\">{\"@context\":\"https:\\\/\\\/schema.org\",\"@graph\":[{\"@type\":\"Article\",\"@id\":\"https:\\\/\\\/martinluther.ca\\\/de\\\/2017\\\/10\\\/unsere-interviewreihe-4-praedikantin-tanya-zielke\\\/#article\",\"isPartOf\":{\"@id\":\"https:\\\/\\\/martinluther.ca\\\/de\\\/2017\\\/10\\\/unsere-interviewreihe-4-praedikantin-tanya-zielke\\\/\"},\"author\":{\"name\":\"Andreas Boettcher\",\"@id\":\"https:\\\/\\\/martinluther.ca\\\/de\\\/#\\\/schema\\\/person\\\/343c47b858124d1e38a66c92db23763d\"},\"headline\":\"Unsere Interviewreihe (4): Pr\u00e4dikantin Tanya Zielke\",\"datePublished\":\"2017-10-22T04:27:24+00:00\",\"dateModified\":\"2017-11-13T22:38:57+00:00\",\"mainEntityOfPage\":{\"@id\":\"https:\\\/\\\/martinluther.ca\\\/de\\\/2017\\\/10\\\/unsere-interviewreihe-4-praedikantin-tanya-zielke\\\/\"},\"wordCount\":534,\"publisher\":{\"@id\":\"https:\\\/\\\/martinluther.ca\\\/de\\\/#organization\"},\"image\":{\"@id\":\"https:\\\/\\\/martinluther.ca\\\/de\\\/2017\\\/10\\\/unsere-interviewreihe-4-praedikantin-tanya-zielke\\\/#primaryimage\"},\"thumbnailUrl\":\"https:\\\/\\\/martinluther.ca\\\/wp-content\\\/uploads\\\/2017\\\/10\\\/Zielke_Tanya-3x4.jpg\",\"articleSection\":[\"News Blog - German\"],\"inLanguage\":\"de\"},{\"@type\":\"WebPage\",\"@id\":\"https:\\\/\\\/martinluther.ca\\\/de\\\/2017\\\/10\\\/unsere-interviewreihe-4-praedikantin-tanya-zielke\\\/\",\"url\":\"https:\\\/\\\/martinluther.ca\\\/de\\\/2017\\\/10\\\/unsere-interviewreihe-4-praedikantin-tanya-zielke\\\/\",\"name\":\"Unsere Interviewreihe (4): Pr\u00e4dikantin Tanya Zielke - Martin Luther Evangelische Kirche Toronto\",\"isPartOf\":{\"@id\":\"https:\\\/\\\/martinluther.ca\\\/de\\\/#website\"},\"primaryImageOfPage\":{\"@id\":\"https:\\\/\\\/martinluther.ca\\\/de\\\/2017\\\/10\\\/unsere-interviewreihe-4-praedikantin-tanya-zielke\\\/#primaryimage\"},\"image\":{\"@id\":\"https:\\\/\\\/martinluther.ca\\\/de\\\/2017\\\/10\\\/unsere-interviewreihe-4-praedikantin-tanya-zielke\\\/#primaryimage\"},\"thumbnailUrl\":\"https:\\\/\\\/martinluther.ca\\\/wp-content\\\/uploads\\\/2017\\\/10\\\/Zielke_Tanya-3x4.jpg\",\"datePublished\":\"2017-10-22T04:27:24+00:00\",\"dateModified\":\"2017-11-13T22:38:57+00:00\",\"breadcrumb\":{\"@id\":\"https:\\\/\\\/martinluther.ca\\\/de\\\/2017\\\/10\\\/unsere-interviewreihe-4-praedikantin-tanya-zielke\\\/#breadcrumb\"},\"inLanguage\":\"de\",\"potentialAction\":[{\"@type\":\"ReadAction\",\"target\":[\"https:\\\/\\\/martinluther.ca\\\/de\\\/2017\\\/10\\\/unsere-interviewreihe-4-praedikantin-tanya-zielke\\\/\"]}]},{\"@type\":\"ImageObject\",\"inLanguage\":\"de\",\"@id\":\"https:\\\/\\\/martinluther.ca\\\/de\\\/2017\\\/10\\\/unsere-interviewreihe-4-praedikantin-tanya-zielke\\\/#primaryimage\",\"url\":\"https:\\\/\\\/martinluther.ca\\\/wp-content\\\/uploads\\\/2017\\\/10\\\/Zielke_Tanya-3x4.jpg\",\"contentUrl\":\"https:\\\/\\\/martinluther.ca\\\/wp-content\\\/uploads\\\/2017\\\/10\\\/Zielke_Tanya-3x4.jpg\",\"width\":1024,\"height\":768},{\"@type\":\"BreadcrumbList\",\"@id\":\"https:\\\/\\\/martinluther.ca\\\/de\\\/2017\\\/10\\\/unsere-interviewreihe-4-praedikantin-tanya-zielke\\\/#breadcrumb\",\"itemListElement\":[{\"@type\":\"ListItem\",\"position\":1,\"name\":\"Home\",\"item\":\"https:\\\/\\\/martinluther.ca\\\/de\\\/\"},{\"@type\":\"ListItem\",\"position\":2,\"name\":\"Unsere Interviewreihe (4): Pr\u00e4dikantin Tanya Zielke\"}]},{\"@type\":\"WebSite\",\"@id\":\"https:\\\/\\\/martinluther.ca\\\/de\\\/#website\",\"url\":\"https:\\\/\\\/martinluther.ca\\\/de\\\/\",\"name\":\"Martin Luther Evangelical Church Toronto\",\"description\":\"Deutsch &amp; Englisch\",\"publisher\":{\"@id\":\"https:\\\/\\\/martinluther.ca\\\/de\\\/#organization\"},\"potentialAction\":[{\"@type\":\"SearchAction\",\"target\":{\"@type\":\"EntryPoint\",\"urlTemplate\":\"https:\\\/\\\/martinluther.ca\\\/de\\\/?s={search_term_string}\"},\"query-input\":{\"@type\":\"PropertyValueSpecification\",\"valueRequired\":true,\"valueName\":\"search_term_string\"}}],\"inLanguage\":\"de\"},{\"@type\":\"Organization\",\"@id\":\"https:\\\/\\\/martinluther.ca\\\/de\\\/#organization\",\"name\":\"Martin Luther Evangelical Church Toronto\",\"url\":\"https:\\\/\\\/martinluther.ca\\\/de\\\/\",\"logo\":{\"@type\":\"ImageObject\",\"inLanguage\":\"de\",\"@id\":\"https:\\\/\\\/martinluther.ca\\\/de\\\/#\\\/schema\\\/logo\\\/image\\\/\",\"url\":\"https:\\\/\\\/martinluther.ca\\\/wp-content\\\/uploads\\\/2016\\\/12\\\/ml-logo-300.png\",\"contentUrl\":\"https:\\\/\\\/martinluther.ca\\\/wp-content\\\/uploads\\\/2016\\\/12\\\/ml-logo-300.png\",\"width\":300,\"height\":150,\"caption\":\"Martin Luther Evangelical Church Toronto\"},\"image\":{\"@id\":\"https:\\\/\\\/martinluther.ca\\\/de\\\/#\\\/schema\\\/logo\\\/image\\\/\"},\"sameAs\":[\"https:\\\/\\\/www.facebook.com\\\/martinlutherchurchtoronto\",\"https:\\\/\\\/www.instagram.com\\\/lutheransbythelake\\\/\",\"https:\\\/\\\/www.youtube.com\\\/MartinLutherChurchToronto\"]},{\"@type\":\"Person\",\"@id\":\"https:\\\/\\\/martinluther.ca\\\/de\\\/#\\\/schema\\\/person\\\/343c47b858124d1e38a66c92db23763d\",\"name\":\"Andreas Boettcher\",\"image\":{\"@type\":\"ImageObject\",\"inLanguage\":\"de\",\"@id\":\"https:\\\/\\\/secure.gravatar.com\\\/avatar\\\/f716800c47e4f581f117563995f021e92a4619b559c26f3785eed0090af4a4d8?s=96&d=mm&r=g\",\"url\":\"https:\\\/\\\/secure.gravatar.com\\\/avatar\\\/f716800c47e4f581f117563995f021e92a4619b559c26f3785eed0090af4a4d8?s=96&d=mm&r=g\",\"contentUrl\":\"https:\\\/\\\/secure.gravatar.com\\\/avatar\\\/f716800c47e4f581f117563995f021e92a4619b559c26f3785eed0090af4a4d8?s=96&d=mm&r=g\",\"caption\":\"Andreas Boettcher\"},\"url\":false}]}<\/script>\n<!-- \/ Yoast SEO plugin. -->","yoast_head_json":{"title":"Unsere Interviewreihe (4): Pr\u00e4dikantin Tanya Zielke - Martin Luther Evangelische Kirche Toronto","robots":{"index":"index","follow":"follow","max-snippet":"max-snippet:-1","max-image-preview":"max-image-preview:large","max-video-preview":"max-video-preview:-1"},"canonical":"https:\/\/martinluther.ca\/de\/2017\/10\/unsere-interviewreihe-4-praedikantin-tanya-zielke\/","og_locale":"de_DE","og_type":"article","og_title":"Unsere Interviewreihe (4): Pr\u00e4dikantin Tanya Zielke - Martin Luther Evangelische Kirche Toronto","og_description":"Seit Januar 2017, werden vier Mitglieder der Martin Luther Kirchengemeinde zu\u00a0Pr\u00e4dikanten (Laienpredigern)\u00a0ausgebildet: Katja Brittain, Friedrich Brunzema, Iris Schweiger, sowie Tanya Zielke, die uns freundlicherweise\u00a0f\u00fcr diesen Interviewbeitrag Rede u. Antwort gestanden hat. 1) Wie lange kommen Sie schon in die MLK? Tanya: Ich wurde schon in der Martin-Luther-Kirche getauft &#8212; meine Eltern waren bereits seit vor&hellip;","og_url":"https:\/\/martinluther.ca\/de\/2017\/10\/unsere-interviewreihe-4-praedikantin-tanya-zielke\/","og_site_name":"Martin Luther Evangelische Kirche Toronto","article_publisher":"https:\/\/www.facebook.com\/martinlutherchurchtoronto","article_published_time":"2017-10-22T04:27:24+00:00","article_modified_time":"2017-11-13T22:38:57+00:00","og_image":[{"width":1024,"height":768,"url":"https:\/\/martinluther.ca\/wp-content\/uploads\/2017\/10\/Zielke_Tanya-3x4.jpg","type":"image\/jpeg"}],"author":"Andreas Boettcher","twitter_card":"summary_large_image","twitter_misc":{"Verfasst von":"Andreas Boettcher","Gesch\u00e4tzte Lesezeit":"3\u00a0Minuten"},"schema":{"@context":"https:\/\/schema.org","@graph":[{"@type":"Article","@id":"https:\/\/martinluther.ca\/de\/2017\/10\/unsere-interviewreihe-4-praedikantin-tanya-zielke\/#article","isPartOf":{"@id":"https:\/\/martinluther.ca\/de\/2017\/10\/unsere-interviewreihe-4-praedikantin-tanya-zielke\/"},"author":{"name":"Andreas Boettcher","@id":"https:\/\/martinluther.ca\/de\/#\/schema\/person\/343c47b858124d1e38a66c92db23763d"},"headline":"Unsere Interviewreihe (4): Pr\u00e4dikantin Tanya Zielke","datePublished":"2017-10-22T04:27:24+00:00","dateModified":"2017-11-13T22:38:57+00:00","mainEntityOfPage":{"@id":"https:\/\/martinluther.ca\/de\/2017\/10\/unsere-interviewreihe-4-praedikantin-tanya-zielke\/"},"wordCount":534,"publisher":{"@id":"https:\/\/martinluther.ca\/de\/#organization"},"image":{"@id":"https:\/\/martinluther.ca\/de\/2017\/10\/unsere-interviewreihe-4-praedikantin-tanya-zielke\/#primaryimage"},"thumbnailUrl":"https:\/\/martinluther.ca\/wp-content\/uploads\/2017\/10\/Zielke_Tanya-3x4.jpg","articleSection":["News Blog - German"],"inLanguage":"de"},{"@type":"WebPage","@id":"https:\/\/martinluther.ca\/de\/2017\/10\/unsere-interviewreihe-4-praedikantin-tanya-zielke\/","url":"https:\/\/martinluther.ca\/de\/2017\/10\/unsere-interviewreihe-4-praedikantin-tanya-zielke\/","name":"Unsere Interviewreihe (4): Pr\u00e4dikantin Tanya Zielke - Martin Luther Evangelische Kirche Toronto","isPartOf":{"@id":"https:\/\/martinluther.ca\/de\/#website"},"primaryImageOfPage":{"@id":"https:\/\/martinluther.ca\/de\/2017\/10\/unsere-interviewreihe-4-praedikantin-tanya-zielke\/#primaryimage"},"image":{"@id":"https:\/\/martinluther.ca\/de\/2017\/10\/unsere-interviewreihe-4-praedikantin-tanya-zielke\/#primaryimage"},"thumbnailUrl":"https:\/\/martinluther.ca\/wp-content\/uploads\/2017\/10\/Zielke_Tanya-3x4.jpg","datePublished":"2017-10-22T04:27:24+00:00","dateModified":"2017-11-13T22:38:57+00:00","breadcrumb":{"@id":"https:\/\/martinluther.ca\/de\/2017\/10\/unsere-interviewreihe-4-praedikantin-tanya-zielke\/#breadcrumb"},"inLanguage":"de","potentialAction":[{"@type":"ReadAction","target":["https:\/\/martinluther.ca\/de\/2017\/10\/unsere-interviewreihe-4-praedikantin-tanya-zielke\/"]}]},{"@type":"ImageObject","inLanguage":"de","@id":"https:\/\/martinluther.ca\/de\/2017\/10\/unsere-interviewreihe-4-praedikantin-tanya-zielke\/#primaryimage","url":"https:\/\/martinluther.ca\/wp-content\/uploads\/2017\/10\/Zielke_Tanya-3x4.jpg","contentUrl":"https:\/\/martinluther.ca\/wp-content\/uploads\/2017\/10\/Zielke_Tanya-3x4.jpg","width":1024,"height":768},{"@type":"BreadcrumbList","@id":"https:\/\/martinluther.ca\/de\/2017\/10\/unsere-interviewreihe-4-praedikantin-tanya-zielke\/#breadcrumb","itemListElement":[{"@type":"ListItem","position":1,"name":"Home","item":"https:\/\/martinluther.ca\/de\/"},{"@type":"ListItem","position":2,"name":"Unsere Interviewreihe (4): Pr\u00e4dikantin Tanya Zielke"}]},{"@type":"WebSite","@id":"https:\/\/martinluther.ca\/de\/#website","url":"https:\/\/martinluther.ca\/de\/","name":"Martin Luther Evangelical Church Toronto","description":"Deutsch &amp; Englisch","publisher":{"@id":"https:\/\/martinluther.ca\/de\/#organization"},"potentialAction":[{"@type":"SearchAction","target":{"@type":"EntryPoint","urlTemplate":"https:\/\/martinluther.ca\/de\/?s={search_term_string}"},"query-input":{"@type":"PropertyValueSpecification","valueRequired":true,"valueName":"search_term_string"}}],"inLanguage":"de"},{"@type":"Organization","@id":"https:\/\/martinluther.ca\/de\/#organization","name":"Martin Luther Evangelical Church Toronto","url":"https:\/\/martinluther.ca\/de\/","logo":{"@type":"ImageObject","inLanguage":"de","@id":"https:\/\/martinluther.ca\/de\/#\/schema\/logo\/image\/","url":"https:\/\/martinluther.ca\/wp-content\/uploads\/2016\/12\/ml-logo-300.png","contentUrl":"https:\/\/martinluther.ca\/wp-content\/uploads\/2016\/12\/ml-logo-300.png","width":300,"height":150,"caption":"Martin Luther Evangelical Church Toronto"},"image":{"@id":"https:\/\/martinluther.ca\/de\/#\/schema\/logo\/image\/"},"sameAs":["https:\/\/www.facebook.com\/martinlutherchurchtoronto","https:\/\/www.instagram.com\/lutheransbythelake\/","https:\/\/www.youtube.com\/MartinLutherChurchToronto"]},{"@type":"Person","@id":"https:\/\/martinluther.ca\/de\/#\/schema\/person\/343c47b858124d1e38a66c92db23763d","name":"Andreas Boettcher","image":{"@type":"ImageObject","inLanguage":"de","@id":"https:\/\/secure.gravatar.com\/avatar\/f716800c47e4f581f117563995f021e92a4619b559c26f3785eed0090af4a4d8?s=96&d=mm&r=g","url":"https:\/\/secure.gravatar.com\/avatar\/f716800c47e4f581f117563995f021e92a4619b559c26f3785eed0090af4a4d8?s=96&d=mm&r=g","contentUrl":"https:\/\/secure.gravatar.com\/avatar\/f716800c47e4f581f117563995f021e92a4619b559c26f3785eed0090af4a4d8?s=96&d=mm&r=g","caption":"Andreas Boettcher"},"url":false}]}},"_links":{"self":[{"href":"https:\/\/martinluther.ca\/de\/wp-json\/wp\/v2\/posts\/27430","targetHints":{"allow":["GET"]}}],"collection":[{"href":"https:\/\/martinluther.ca\/de\/wp-json\/wp\/v2\/posts"}],"about":[{"href":"https:\/\/martinluther.ca\/de\/wp-json\/wp\/v2\/types\/post"}],"author":[{"embeddable":true,"href":"https:\/\/martinluther.ca\/de\/wp-json\/wp\/v2\/users\/19"}],"replies":[{"embeddable":true,"href":"https:\/\/martinluther.ca\/de\/wp-json\/wp\/v2\/comments?post=27430"}],"version-history":[{"count":3,"href":"https:\/\/martinluther.ca\/de\/wp-json\/wp\/v2\/posts\/27430\/revisions"}],"predecessor-version":[{"id":27433,"href":"https:\/\/martinluther.ca\/de\/wp-json\/wp\/v2\/posts\/27430\/revisions\/27433"}],"wp:featuredmedia":[{"embeddable":true,"href":"https:\/\/martinluther.ca\/de\/wp-json\/wp\/v2\/media\/27450"}],"wp:attachment":[{"href":"https:\/\/martinluther.ca\/de\/wp-json\/wp\/v2\/media?parent=27430"}],"wp:term":[{"taxonomy":"category","embeddable":true,"href":"https:\/\/martinluther.ca\/de\/wp-json\/wp\/v2\/categories?post=27430"},{"taxonomy":"post_tag","embeddable":true,"href":"https:\/\/martinluther.ca\/de\/wp-json\/wp\/v2\/tags?post=27430"},{"taxonomy":"post_series","embeddable":true,"href":"https:\/\/martinluther.ca\/de\/wp-json\/wp\/v2\/post_series?post=27430"}],"curies":[{"name":"wp","href":"https:\/\/api.w.org\/{rel}","templated":true}]}}